{"id":203143,"date":"2023-02-20T14:54:00","date_gmt":"2023-02-20T14:54:00","guid":{"rendered":"https:\/\/www.webdo.tn\/fr\/blog\/ghazi-chaouachi-de-nouveau-poursuivi-par-la-ministre-de-la-justice\/203143\/"},"modified":"2025-05-20T22:02:18","modified_gmt":"2025-05-20T22:02:18","slug":"ghazi-chaouachi-de-nouveau-poursuivi-par-la-ministre-de-la-justice","status":"publish","type":"post","link":"https:\/\/www.webdo.tn\/fr\/actualite\/national\/ghazi-chaouachi-de-nouveau-poursuivi-par-la-ministre-de-la-justice\/203143\/","title":{"rendered":"Ghazi Chaouachi de nouveau poursuivi par la ministre de la Justice"},"content":{"rendered":"<p>L&rsquo;avocat, membre du comit\u00e9 de d\u00e9fense de l&rsquo;activiste politique Khayam Turki, Ghazi Chaouachi, a fait savoir, ce lundi 20 f\u00e9vrier 2023, qu\u2019il a \u00e9t\u00e9, convoqu\u00e9 aujourd\u2019hui, \u00e0 compara\u00eetre devant le juge d\u2019instruction du tribunal de premi\u00e8re instance de Tunis suite \u00e0 une nouvelle plainte d\u00e9pos\u00e9e contre lui par la ministre de la Justice Leila Jaffel.<\/p>\n<p>\t\t\t\t\t\t\t\t\t\u00a0\u00a0\u00a0\u00a0\u00a0\u00a0<br \/>\nL\u2019ancien secr\u00e9taire g\u00e9n\u00e9ral du Courant d\u00e9mocrate souligne qu\u2019il fait l\u2019objet de nouvelles poursuites en vertu du d\u00e9cret 54 et ayant trait \u00e0 une d\u00e9claration faite aux m\u00e9dias en novembre dernier.<\/p>\n<p>\u00ab\u00a0J\u2019ai \u00e9t\u00e9 convoqu\u00e9 devant le juge d\u2019instruction du Tribunal de premi\u00e8re instance de Tunis suite \u00e0 une nouvelle plainte d\u00e9pos\u00e9e par Leila Jaffel (\u2026)\u00a0\u00bb, pr\u00e9cise-t-il sur sa page Facebook, soulignant qu\u2019il a \u00e9t\u00e9 poursuivi sur la base du d\u00e9cret 54 du 13 septembre 2022&Prime;.<\/p>\n<p>L\u2019affaire a \u00e9t\u00e9 report\u00e9e au 16 mars 2023 pour examen du dossier.<\/p>\n<p>Rappelons qu&rsquo;en mai dernier, la ministre de la Justice, Leila Jaffel avait ordonn\u00e9 le Procureur g\u00e9n\u00e9ral aupr\u00e8s de la Cour d\u2019appel de Tunis, d\u2019engager les poursuites judiciaires \u00e0 l\u2019encontre de Ghazi Chaouachi.<\/p>\n<p>Il \u00e9tait accus\u00e9 \u00ab\u00a0d\u2019avoir imput\u00e9 \u00e0 un fonctionnaire public ou assimil\u00e9 des faits ill\u00e9gaux en rapport avec ses fonctions, sans en \u00e9tablir la v\u00e9racit\u00e9, de calomnie de nature \u00e0 nuire \u00e0 l\u2019ordre public\u00a0\u00bb.<\/p>\n<p>Il est \u00e0 rappeler que Ghazi Chaouachi, avait affirm\u00e9 que la cheffe du gouvernement aurait jet\u00e9 l\u2019\u00e9ponge, mais que sa d\u00e9mission n\u2019avait pas \u00e9t\u00e9 activ\u00e9e par le pr\u00e9sident de la R\u00e9publique.<\/p>\n<p>L&rsquo;ancien ministre des Domaines de l\u2019Etat, avait comparu le 11 octobre 2022, devant le Tribunal de premi\u00e8re instance de Ben Arous suite \u00e0 son interview sur les ondes de Shems FM, o\u00f9 il avait affirm\u00e9 que la cheffe du gouvernement, Najla Bouden, avait d\u00e9missionn\u00e9 de son poste et qu\u2019elle sera remplac\u00e9e par Taoufik Charfeddine (ministre de l\u2019Int\u00e9rieur) ou Malek Zahi (ministre des Affaires sociales).<\/p>\n","protected":false},"excerpt":{"rendered":"<p>L&rsquo;avocat, membre du comit\u00e9 de d\u00e9fense de l&rsquo;activiste politique Khayam Turki, Ghazi Chaouachi, a fait savoir, ce lundi 20 f\u00e9vrier 2023, qu\u2019il a \u00e9t\u00e9, convoqu\u00e9 auj&#8230;<\/p>\n","protected":false},"author":3162,"featured_media":251936,"comment_status":"open","ping_status":"closed","sticky":false,"template":"","format":"standard","meta":{"footnotes":""},"categories":[44],"tags":[6133,2619,5018,4755],"class_list":["post-203143","post","type-post","status-publish","format-standard","has-post-thumbnail","hentry","category-national","tag-ghazi-chaouachi","tag-justice","tag-leila-jaffel","tag-plainte"],"yoast_head":"<!-- This site is optimized with the Yoast SEO Premium plugin v27.4 (Yoast SEO v27.5) - https:\/\/yoast.com\/product\/yoast-seo-premium-wordpress\/ -->\n<title>Ghazi Chaouachi de nouveau poursuivi par la ministre de la Justice<\/title>\n<meta name=\"description\" content=\"L&#039;avocat, membre du comit\u00e9 de d\u00e9fense de l&#039;activiste politique Khayam Turki, Ghazi Chaouachi, a fait savoir, ce lundi 20 f\u00e9vrier 2023, qu\u2019il a \u00e9t\u00e9, convoqu\u00e9 auj...\" \/>\n<link rel=\"canonical\" href=\"https:\/\/www.webdo.tn\/fr\/actualite\/national\/ghazi-chaouachi-de-nouveau-poursuivi-par-la-ministre-de-la-justice\/203143\/\" \/>\n<meta property=\"og:locale\" content=\"fr_FR\" \/>\n<meta property=\"og:type\" content=\"article\" \/>\n<meta property=\"og:title\" content=\"Ghazi Chaouachi de nouveau poursuivi par la ministre de la Justice\" \/>\n<meta property=\"og:description\" content=\"L&#039;avocat, membre du comit\u00e9 de d\u00e9fense de l&#039;activiste politique Khayam Turki, Ghazi Chaouachi, a fait savoir, ce lundi 20 f\u00e9vrier 2023, qu\u2019il a \u00e9t\u00e9, convoqu\u00e9 auj...\" \/>\n<meta property=\"og:url\" content=\"https:\/\/www.webdo.tn\/fr\/actualite\/national\/ghazi-chaouachi-de-nouveau-poursuivi-par-la-ministre-de-la-justice\/203143\/\" \/>\n<meta property=\"og:site_name\" content=\"webdo\" \/>\n<meta property=\"article:publisher\" content=\"https:\/\/www.facebook.com\/webdotn\" \/>\n<meta property=\"article:published_time\" content=\"2023-02-20T14:54:00+00:00\" \/>\n<meta property=\"article:modified_time\" content=\"2025-05-20T22:02:18+00:00\" \/>\n<meta property=\"og:image\" content=\"https:\/\/www.webdo.tn\/fr\/wp-content\/uploads\/2023\/02\/5c9e30619c220cd768191b0201f88070.jpg\" \/>\n\t<meta property=\"og:image:width\" content=\"750\" \/>\n\t<meta property=\"og:image:height\" content=\"400\" \/>\n\t<meta property=\"og:image:type\" content=\"image\/jpeg\" \/>\n<meta name=\"author\" content=\"MC\" \/>\n<meta name=\"twitter:card\" content=\"summary_large_image\" \/>\n<meta name=\"twitter:creator\" content=\"@webdo_tn\" \/>\n<meta name=\"twitter:site\" content=\"@webdo_tn\" \/>\n<meta name=\"twitter:label1\" content=\"\u00c9crit par\" \/>\n\t<meta name=\"twitter:data1\" content=\"MC\" \/>\n\t<meta name=\"twitter:label2\" content=\"Dur\u00e9e de lecture estim\u00e9e\" \/>\n\t<meta name=\"twitter:data2\" content=\"2 minutes\" \/>\n<script type=\"application\/ld+json\" class=\"yoast-schema-graph\">{\"@context\":\"https:\\\/\\\/schema.org\",\"@graph\":[{\"@type\":\"NewsArticle\",\"@id\":\"https:\\\/\\\/www.webdo.tn\\\/fr\\\/actualite\\\/national\\\/ghazi-chaouachi-de-nouveau-poursuivi-par-la-ministre-de-la-justice\\\/203143\\\/#article\",\"isPartOf\":{\"@id\":\"https:\\\/\\\/www.webdo.tn\\\/fr\\\/actualite\\\/national\\\/ghazi-chaouachi-de-nouveau-poursuivi-par-la-ministre-de-la-justice\\\/203143\\\/\"},\"author\":{\"name\":\"MC\",\"@id\":\"https:\\\/\\\/www.webdo.tn\\\/fr\\\/#\\\/schema\\\/person\\\/2c4929cbf5a809e3bd38617c6ce150f6\"},\"headline\":\"Ghazi Chaouachi de nouveau poursuivi par la ministre de la Justice\",\"datePublished\":\"2023-02-20T14:54:00+00:00\",\"dateModified\":\"2025-05-20T22:02:18+00:00\",\"mainEntityOfPage\":{\"@id\":\"https:\\\/\\\/www.webdo.tn\\\/fr\\\/actualite\\\/national\\\/ghazi-chaouachi-de-nouveau-poursuivi-par-la-ministre-de-la-justice\\\/203143\\\/\"},\"wordCount\":347,\"commentCount\":0,\"publisher\":{\"@id\":\"https:\\\/\\\/www.webdo.tn\\\/fr\\\/#organization\"},\"image\":{\"@id\":\"https:\\\/\\\/www.webdo.tn\\\/fr\\\/actualite\\\/national\\\/ghazi-chaouachi-de-nouveau-poursuivi-par-la-ministre-de-la-justice\\\/203143\\\/#primaryimage\"},\"thumbnailUrl\":\"https:\\\/\\\/www.webdo.tn\\\/fr\\\/wp-content\\\/uploads\\\/2023\\\/02\\\/5c9e30619c220cd768191b0201f88070.jpg\",\"keywords\":[\"Ghazi Chaouachi\",\"justice\",\"Leila Jaffel\",\"plainte\"],\"articleSection\":[\"National\"],\"inLanguage\":\"fr-FR\"},{\"@type\":\"WebPage\",\"@id\":\"https:\\\/\\\/www.webdo.tn\\\/fr\\\/actualite\\\/national\\\/ghazi-chaouachi-de-nouveau-poursuivi-par-la-ministre-de-la-justice\\\/203143\\\/\",\"url\":\"https:\\\/\\\/www.webdo.tn\\\/fr\\\/actualite\\\/national\\\/ghazi-chaouachi-de-nouveau-poursuivi-par-la-ministre-de-la-justice\\\/203143\\\/\",\"name\":\"Ghazi Chaouachi de nouveau poursuivi par la ministre de la Justice\",\"isPartOf\":{\"@id\":\"https:\\\/\\\/www.webdo.tn\\\/fr\\\/#website\"},\"primaryImageOfPage\":{\"@id\":\"https:\\\/\\\/www.webdo.tn\\\/fr\\\/actualite\\\/national\\\/ghazi-chaouachi-de-nouveau-poursuivi-par-la-ministre-de-la-justice\\\/203143\\\/#primaryimage\"},\"image\":{\"@id\":\"https:\\\/\\\/www.webdo.tn\\\/fr\\\/actualite\\\/national\\\/ghazi-chaouachi-de-nouveau-poursuivi-par-la-ministre-de-la-justice\\\/203143\\\/#primaryimage\"},\"thumbnailUrl\":\"https:\\\/\\\/www.webdo.tn\\\/fr\\\/wp-content\\\/uploads\\\/2023\\\/02\\\/5c9e30619c220cd768191b0201f88070.jpg\",\"datePublished\":\"2023-02-20T14:54:00+00:00\",\"dateModified\":\"2025-05-20T22:02:18+00:00\",\"description\":\"L'avocat, membre du comit\u00e9 de d\u00e9fense de l'activiste politique Khayam Turki, Ghazi Chaouachi, a fait savoir, ce lundi 20 f\u00e9vrier 2023, qu\u2019il a \u00e9t\u00e9, convoqu\u00e9 auj...\",\"breadcrumb\":{\"@id\":\"https:\\\/\\\/www.webdo.tn\\\/fr\\\/actualite\\\/national\\\/ghazi-chaouachi-de-nouveau-poursuivi-par-la-ministre-de-la-justice\\\/203143\\\/#breadcrumb\"},\"inLanguage\":\"fr-FR\",\"potentialAction\":[{\"@type\":\"ReadAction\",\"target\":[\"https:\\\/\\\/www.webdo.tn\\\/fr\\\/actualite\\\/national\\\/ghazi-chaouachi-de-nouveau-poursuivi-par-la-ministre-de-la-justice\\\/203143\\\/\"]}]},{\"@type\":\"ImageObject\",\"inLanguage\":\"fr-FR\",\"@id\":\"https:\\\/\\\/www.webdo.tn\\\/fr\\\/actualite\\\/national\\\/ghazi-chaouachi-de-nouveau-poursuivi-par-la-ministre-de-la-justice\\\/203143\\\/#primaryimage\",\"url\":\"https:\\\/\\\/www.webdo.tn\\\/fr\\\/wp-content\\\/uploads\\\/2023\\\/02\\\/5c9e30619c220cd768191b0201f88070.jpg\",\"contentUrl\":\"https:\\\/\\\/www.webdo.tn\\\/fr\\\/wp-content\\\/uploads\\\/2023\\\/02\\\/5c9e30619c220cd768191b0201f88070.jpg\",\"width\":750,\"height\":400,\"caption\":\"Ghazi Chaouachi de nouveau poursuivi par la ministre de la Justice\"},{\"@type\":\"BreadcrumbList\",\"@id\":\"https:\\\/\\\/www.webdo.tn\\\/fr\\\/actualite\\\/national\\\/ghazi-chaouachi-de-nouveau-poursuivi-par-la-ministre-de-la-justice\\\/203143\\\/#breadcrumb\",\"itemListElement\":[{\"@type\":\"ListItem\",\"position\":1,\"name\":\"Accueil\",\"item\":\"https:\\\/\\\/www.webdo.tn\\\/fr\\\/\"},{\"@type\":\"ListItem\",\"position\":2,\"name\":\"Ghazi Chaouachi de nouveau poursuivi par la ministre de la Justice\"}]},{\"@type\":\"WebSite\",\"@id\":\"https:\\\/\\\/www.webdo.tn\\\/fr\\\/#website\",\"url\":\"https:\\\/\\\/www.webdo.tn\\\/fr\\\/\",\"name\":\"webdo\",\"description\":\"Tunisie - News en Tunisie et \u00e0 l&#039;international sur Webdo.tn\",\"publisher\":{\"@id\":\"https:\\\/\\\/www.webdo.tn\\\/fr\\\/#organization\"},\"potentialAction\":[{\"@type\":\"SearchAction\",\"target\":{\"@type\":\"EntryPoint\",\"urlTemplate\":\"https:\\\/\\\/www.webdo.tn\\\/fr\\\/?s={search_term_string}\"},\"query-input\":{\"@type\":\"PropertyValueSpecification\",\"valueRequired\":true,\"valueName\":\"search_term_string\"}}],\"inLanguage\":\"fr-FR\"},{\"@type\":\"Organization\",\"@id\":\"https:\\\/\\\/www.webdo.tn\\\/fr\\\/#organization\",\"name\":\"Webdo\",\"alternateName\":\"Webdo.tn\",\"url\":\"https:\\\/\\\/www.webdo.tn\\\/fr\\\/\",\"logo\":{\"@type\":\"ImageObject\",\"inLanguage\":\"fr-FR\",\"@id\":\"https:\\\/\\\/www.webdo.tn\\\/fr\\\/#\\\/schema\\\/logo\\\/image\\\/\",\"url\":\"https:\\\/\\\/www.webdo.tn\\\/fr\\\/wp-content\\\/uploads\\\/2025\\\/06\\\/Webdo-Tunisie_168377.jpg\",\"contentUrl\":\"https:\\\/\\\/www.webdo.tn\\\/fr\\\/wp-content\\\/uploads\\\/2025\\\/06\\\/Webdo-Tunisie_168377.jpg\",\"width\":301,\"height\":301,\"caption\":\"Webdo\"},\"image\":{\"@id\":\"https:\\\/\\\/www.webdo.tn\\\/fr\\\/#\\\/schema\\\/logo\\\/image\\\/\"},\"sameAs\":[\"https:\\\/\\\/www.facebook.com\\\/webdotn\",\"https:\\\/\\\/x.com\\\/webdo_tn\"],\"description\":\"Webdo est un m\u00e9dia num\u00e9rique tunisien fond\u00e9 en 2010, sp\u00e9cialis\u00e9 dans l\u2019actualit\u00e9 nationale et internationale, l\u2019\u00e9conomie, la soci\u00e9t\u00e9 et les analyses politiques. Le site s\u2019adresse \u00e0 un large public francophone et couvre l\u2019information tunisienne en temps r\u00e9el.\",\"email\":\"redac@webdo.tn\",\"legalName\":\"YNJ SARL\",\"foundingDate\":\"2010-09-06\",\"numberOfEmployees\":{\"@type\":\"QuantitativeValue\",\"minValue\":\"11\",\"maxValue\":\"50\"}},{\"@type\":\"Person\",\"@id\":\"https:\\\/\\\/www.webdo.tn\\\/fr\\\/#\\\/schema\\\/person\\\/2c4929cbf5a809e3bd38617c6ce150f6\",\"name\":\"MC\",\"image\":{\"@type\":\"ImageObject\",\"inLanguage\":\"fr-FR\",\"@id\":\"https:\\\/\\\/secure.gravatar.com\\\/avatar\\\/a545bbb6f84efdd5553dbbc2895e3ca8f1d12c5215e00a041c9670b54aa9b18a?s=96&d=mm&r=g\",\"url\":\"https:\\\/\\\/secure.gravatar.com\\\/avatar\\\/a545bbb6f84efdd5553dbbc2895e3ca8f1d12c5215e00a041c9670b54aa9b18a?s=96&d=mm&r=g\",\"contentUrl\":\"https:\\\/\\\/secure.gravatar.com\\\/avatar\\\/a545bbb6f84efdd5553dbbc2895e3ca8f1d12c5215e00a041c9670b54aa9b18a?s=96&d=mm&r=g\",\"caption\":\"MC\"},\"url\":\"https:\\\/\\\/www.webdo.tn\\\/fr\\\/actualite\\\/author\\\/mc\\\/\"}]}<\/script>\n<!-- \/ Yoast SEO Premium plugin. -->","yoast_head_json":{"title":"Ghazi Chaouachi de nouveau poursuivi par la ministre de la Justice","description":"L'avocat, membre du comit\u00e9 de d\u00e9fense de l'activiste politique Khayam Turki, Ghazi Chaouachi, a fait savoir, ce lundi 20 f\u00e9vrier 2023, qu\u2019il a \u00e9t\u00e9, convoqu\u00e9 auj...","canonical":"https:\/\/www.webdo.tn\/fr\/actualite\/national\/ghazi-chaouachi-de-nouveau-poursuivi-par-la-ministre-de-la-justice\/203143\/","og_locale":"fr_FR","og_type":"article","og_title":"Ghazi Chaouachi de nouveau poursuivi par la ministre de la Justice","og_description":"L'avocat, membre du comit\u00e9 de d\u00e9fense de l'activiste politique Khayam Turki, Ghazi Chaouachi, a fait savoir, ce lundi 20 f\u00e9vrier 2023, qu\u2019il a \u00e9t\u00e9, convoqu\u00e9 auj...","og_url":"https:\/\/www.webdo.tn\/fr\/actualite\/national\/ghazi-chaouachi-de-nouveau-poursuivi-par-la-ministre-de-la-justice\/203143\/","og_site_name":"webdo","article_publisher":"https:\/\/www.facebook.com\/webdotn","article_published_time":"2023-02-20T14:54:00+00:00","article_modified_time":"2025-05-20T22:02:18+00:00","og_image":[{"width":750,"height":400,"url":"https:\/\/www.webdo.tn\/fr\/wp-content\/uploads\/2023\/02\/5c9e30619c220cd768191b0201f88070.jpg","type":"image\/jpeg"}],"author":"MC","twitter_card":"summary_large_image","twitter_creator":"@webdo_tn","twitter_site":"@webdo_tn","twitter_misc":{"\u00c9crit par":"MC","Dur\u00e9e de lecture estim\u00e9e":"2 minutes"},"schema":{"@context":"https:\/\/schema.org","@graph":[{"@type":"NewsArticle","@id":"https:\/\/www.webdo.tn\/fr\/actualite\/national\/ghazi-chaouachi-de-nouveau-poursuivi-par-la-ministre-de-la-justice\/203143\/#article","isPartOf":{"@id":"https:\/\/www.webdo.tn\/fr\/actualite\/national\/ghazi-chaouachi-de-nouveau-poursuivi-par-la-ministre-de-la-justice\/203143\/"},"author":{"name":"MC","@id":"https:\/\/www.webdo.tn\/fr\/#\/schema\/person\/2c4929cbf5a809e3bd38617c6ce150f6"},"headline":"Ghazi Chaouachi de nouveau poursuivi par la ministre de la Justice","datePublished":"2023-02-20T14:54:00+00:00","dateModified":"2025-05-20T22:02:18+00:00","mainEntityOfPage":{"@id":"https:\/\/www.webdo.tn\/fr\/actualite\/national\/ghazi-chaouachi-de-nouveau-poursuivi-par-la-ministre-de-la-justice\/203143\/"},"wordCount":347,"commentCount":0,"publisher":{"@id":"https:\/\/www.webdo.tn\/fr\/#organization"},"image":{"@id":"https:\/\/www.webdo.tn\/fr\/actualite\/national\/ghazi-chaouachi-de-nouveau-poursuivi-par-la-ministre-de-la-justice\/203143\/#primaryimage"},"thumbnailUrl":"https:\/\/www.webdo.tn\/fr\/wp-content\/uploads\/2023\/02\/5c9e30619c220cd768191b0201f88070.jpg","keywords":["Ghazi Chaouachi","justice","Leila Jaffel","plainte"],"articleSection":["National"],"inLanguage":"fr-FR"},{"@type":"WebPage","@id":"https:\/\/www.webdo.tn\/fr\/actualite\/national\/ghazi-chaouachi-de-nouveau-poursuivi-par-la-ministre-de-la-justice\/203143\/","url":"https:\/\/www.webdo.tn\/fr\/actualite\/national\/ghazi-chaouachi-de-nouveau-poursuivi-par-la-ministre-de-la-justice\/203143\/","name":"Ghazi Chaouachi de nouveau poursuivi par la ministre de la Justice","isPartOf":{"@id":"https:\/\/www.webdo.tn\/fr\/#website"},"primaryImageOfPage":{"@id":"https:\/\/www.webdo.tn\/fr\/actualite\/national\/ghazi-chaouachi-de-nouveau-poursuivi-par-la-ministre-de-la-justice\/203143\/#primaryimage"},"image":{"@id":"https:\/\/www.webdo.tn\/fr\/actualite\/national\/ghazi-chaouachi-de-nouveau-poursuivi-par-la-ministre-de-la-justice\/203143\/#primaryimage"},"thumbnailUrl":"https:\/\/www.webdo.tn\/fr\/wp-content\/uploads\/2023\/02\/5c9e30619c220cd768191b0201f88070.jpg","datePublished":"2023-02-20T14:54:00+00:00","dateModified":"2025-05-20T22:02:18+00:00","description":"L'avocat, membre du comit\u00e9 de d\u00e9fense de l'activiste politique Khayam Turki, Ghazi Chaouachi, a fait savoir, ce lundi 20 f\u00e9vrier 2023, qu\u2019il a \u00e9t\u00e9, convoqu\u00e9 auj...","breadcrumb":{"@id":"https:\/\/www.webdo.tn\/fr\/actualite\/national\/ghazi-chaouachi-de-nouveau-poursuivi-par-la-ministre-de-la-justice\/203143\/#breadcrumb"},"inLanguage":"fr-FR","potentialAction":[{"@type":"ReadAction","target":["https:\/\/www.webdo.tn\/fr\/actualite\/national\/ghazi-chaouachi-de-nouveau-poursuivi-par-la-ministre-de-la-justice\/203143\/"]}]},{"@type":"ImageObject","inLanguage":"fr-FR","@id":"https:\/\/www.webdo.tn\/fr\/actualite\/national\/ghazi-chaouachi-de-nouveau-poursuivi-par-la-ministre-de-la-justice\/203143\/#primaryimage","url":"https:\/\/www.webdo.tn\/fr\/wp-content\/uploads\/2023\/02\/5c9e30619c220cd768191b0201f88070.jpg","contentUrl":"https:\/\/www.webdo.tn\/fr\/wp-content\/uploads\/2023\/02\/5c9e30619c220cd768191b0201f88070.jpg","width":750,"height":400,"caption":"Ghazi Chaouachi de nouveau poursuivi par la ministre de la Justice"},{"@type":"BreadcrumbList","@id":"https:\/\/www.webdo.tn\/fr\/actualite\/national\/ghazi-chaouachi-de-nouveau-poursuivi-par-la-ministre-de-la-justice\/203143\/#breadcrumb","itemListElement":[{"@type":"ListItem","position":1,"name":"Accueil","item":"https:\/\/www.webdo.tn\/fr\/"},{"@type":"ListItem","position":2,"name":"Ghazi Chaouachi de nouveau poursuivi par la ministre de la Justice"}]},{"@type":"WebSite","@id":"https:\/\/www.webdo.tn\/fr\/#website","url":"https:\/\/www.webdo.tn\/fr\/","name":"webdo","description":"Tunisie - News en Tunisie et \u00e0 l&#039;international sur Webdo.tn","publisher":{"@id":"https:\/\/www.webdo.tn\/fr\/#organization"},"potentialAction":[{"@type":"SearchAction","target":{"@type":"EntryPoint","urlTemplate":"https:\/\/www.webdo.tn\/fr\/?s={search_term_string}"},"query-input":{"@type":"PropertyValueSpecification","valueRequired":true,"valueName":"search_term_string"}}],"inLanguage":"fr-FR"},{"@type":"Organization","@id":"https:\/\/www.webdo.tn\/fr\/#organization","name":"Webdo","alternateName":"Webdo.tn","url":"https:\/\/www.webdo.tn\/fr\/","logo":{"@type":"ImageObject","inLanguage":"fr-FR","@id":"https:\/\/www.webdo.tn\/fr\/#\/schema\/logo\/image\/","url":"https:\/\/www.webdo.tn\/fr\/wp-content\/uploads\/2025\/06\/Webdo-Tunisie_168377.jpg","contentUrl":"https:\/\/www.webdo.tn\/fr\/wp-content\/uploads\/2025\/06\/Webdo-Tunisie_168377.jpg","width":301,"height":301,"caption":"Webdo"},"image":{"@id":"https:\/\/www.webdo.tn\/fr\/#\/schema\/logo\/image\/"},"sameAs":["https:\/\/www.facebook.com\/webdotn","https:\/\/x.com\/webdo_tn"],"description":"Webdo est un m\u00e9dia num\u00e9rique tunisien fond\u00e9 en 2010, sp\u00e9cialis\u00e9 dans l\u2019actualit\u00e9 nationale et internationale, l\u2019\u00e9conomie, la soci\u00e9t\u00e9 et les analyses politiques. Le site s\u2019adresse \u00e0 un large public francophone et couvre l\u2019information tunisienne en temps r\u00e9el.","email":"redac@webdo.tn","legalName":"YNJ SARL","foundingDate":"2010-09-06","numberOfEmployees":{"@type":"QuantitativeValue","minValue":"11","maxValue":"50"}},{"@type":"Person","@id":"https:\/\/www.webdo.tn\/fr\/#\/schema\/person\/2c4929cbf5a809e3bd38617c6ce150f6","name":"MC","image":{"@type":"ImageObject","inLanguage":"fr-FR","@id":"https:\/\/secure.gravatar.com\/avatar\/a545bbb6f84efdd5553dbbc2895e3ca8f1d12c5215e00a041c9670b54aa9b18a?s=96&d=mm&r=g","url":"https:\/\/secure.gravatar.com\/avatar\/a545bbb6f84efdd5553dbbc2895e3ca8f1d12c5215e00a041c9670b54aa9b18a?s=96&d=mm&r=g","contentUrl":"https:\/\/secure.gravatar.com\/avatar\/a545bbb6f84efdd5553dbbc2895e3ca8f1d12c5215e00a041c9670b54aa9b18a?s=96&d=mm&r=g","caption":"MC"},"url":"https:\/\/www.webdo.tn\/fr\/actualite\/author\/mc\/"}]}},"_links":{"self":[{"href":"https:\/\/www.webdo.tn\/fr\/wp-json\/wp\/v2\/posts\/203143","targetHints":{"allow":["GET"]}}],"collection":[{"href":"https:\/\/www.webdo.tn\/fr\/wp-json\/wp\/v2\/posts"}],"about":[{"href":"https:\/\/www.webdo.tn\/fr\/wp-json\/wp\/v2\/types\/post"}],"author":[{"embeddable":true,"href":"https:\/\/www.webdo.tn\/fr\/wp-json\/wp\/v2\/users\/3162"}],"replies":[{"embeddable":true,"href":"https:\/\/www.webdo.tn\/fr\/wp-json\/wp\/v2\/comments?post=203143"}],"version-history":[{"count":0,"href":"https:\/\/www.webdo.tn\/fr\/wp-json\/wp\/v2\/posts\/203143\/revisions"}],"wp:featuredmedia":[{"embeddable":true,"href":"https:\/\/www.webdo.tn\/fr\/wp-json\/wp\/v2\/media\/251936"}],"wp:attachment":[{"href":"https:\/\/www.webdo.tn\/fr\/wp-json\/wp\/v2\/media?parent=203143"}],"wp:term":[{"taxonomy":"category","embeddable":true,"href":"https:\/\/www.webdo.tn\/fr\/wp-json\/wp\/v2\/categories?post=203143"},{"taxonomy":"post_tag","embeddable":true,"href":"https:\/\/www.webdo.tn\/fr\/wp-json\/wp\/v2\/tags?post=203143"}],"curies":[{"name":"wp","href":"https:\/\/api.w.org\/{rel}","templated":true}]}}