{"id":203133,"date":"2023-02-20T12:40:00","date_gmt":"2023-02-20T12:40:00","guid":{"rendered":"https:\/\/www.webdo.tn\/fr\/blog\/rached-ghannouchi-convoque-par-la-brigade-de-l-aouina\/203133\/"},"modified":"2025-05-20T22:02:17","modified_gmt":"2025-05-20T22:02:17","slug":"rached-ghannouchi-convoque-par-la-brigade-de-l-aouina","status":"publish","type":"post","link":"https:\/\/www.webdo.tn\/fr\/actualite\/national\/rached-ghannouchi-convoque-par-la-brigade-de-l-aouina\/203133\/","title":{"rendered":"Rached Ghannouchi convoqu\u00e9 par la Brigade de l\u2019Aouina"},"content":{"rendered":"<p>Il s\u2019agit d\u2019une \u00ab\u00a0affaire mont\u00e9e de toutes pi\u00e8ces\u00a0\u00bb, affirme le porte-parole du mouvement Ennahdha, Imed Khemiri.<\/p>\n<p>\t\t\t\t\t\t\t\t\tIl a, en effet annonc\u00e9 que le pr\u00e9sident d\u2019Ennahdha, Rached Ghannouchi, doit compara\u00eetre, demain, mardi 21 f\u00e9vrier 2023, devant la Brigade des recherches et des investigations de l\u2019Aouina sans savoir de quoi il s\u2019agit exactement.<\/p>\n<p>Imed Khemiri souligne que cette convocation intervient sur la base d\u2019informations livr\u00e9es \u00e0 ladite brigade par une personne, pr\u00e9cisant qu\u2019Ennahdha ne d\u00e9tient aucune donn\u00e9e sur la nature de cette affaire.<br \/>\n\u00a0<br \/>\nEt de commenter que \u00ab\u00a0le pouvoir a d\u00e9cid\u00e9 d\u2019opter pour une approche s\u00e9curitaire contre les opposants au coup d\u2019Etat afin de faire r\u00e9gner la peur\u00a0\u00bb.<\/p>\n","protected":false},"excerpt":{"rendered":"<p>Il s\u2019agit d\u2019une  affaire mont\u00e9e de toutes pi\u00e8ces , affirme le porte-parole du mouvement Ennahdha, Imed Khemiri.<\/p>\n","protected":false},"author":3162,"featured_media":251931,"comment_status":"open","ping_status":"closed","sticky":false,"template":"","format":"standard","meta":{"footnotes":""},"categories":[44],"tags":[5119,7308,5644],"class_list":["post-203133","post","type-post","status-publish","format-standard","has-post-thumbnail","hentry","category-national","tag-convocation","tag-laouina","tag-rached-ghannouchi"],"yoast_head":"<!-- This site is optimized with the Yoast SEO Premium plugin v27.5 (Yoast SEO v27.5) - https:\/\/yoast.com\/product\/yoast-seo-premium-wordpress\/ -->\n<title>Rached Ghannouchi convoqu\u00e9 par la Brigade de l\u2019Aouina<\/title>\n<meta name=\"description\" content=\"Il s\u2019agit d\u2019une affaire mont\u00e9e de toutes pi\u00e8ces , affirme le porte-parole du mouvement Ennahdha, Imed Khemiri.\" \/>\n<link rel=\"canonical\" href=\"https:\/\/www.webdo.tn\/fr\/actualite\/national\/rached-ghannouchi-convoque-par-la-brigade-de-l-aouina\/203133\/\" \/>\n<meta property=\"og:locale\" content=\"fr_FR\" \/>\n<meta property=\"og:type\" content=\"article\" \/>\n<meta property=\"og:title\" content=\"Rached Ghannouchi convoqu\u00e9 par la Brigade de l\u2019Aouina\" \/>\n<meta property=\"og:description\" content=\"Il s\u2019agit d\u2019une affaire mont\u00e9e de toutes pi\u00e8ces , affirme le porte-parole du mouvement Ennahdha, Imed Khemiri.\" \/>\n<meta property=\"og:url\" content=\"https:\/\/www.webdo.tn\/fr\/actualite\/national\/rached-ghannouchi-convoque-par-la-brigade-de-l-aouina\/203133\/\" \/>\n<meta property=\"og:site_name\" content=\"webdo\" \/>\n<meta property=\"article:publisher\" content=\"https:\/\/www.facebook.com\/webdotn\" \/>\n<meta property=\"article:published_time\" content=\"2023-02-20T12:40:00+00:00\" \/>\n<meta property=\"article:modified_time\" content=\"2025-05-20T22:02:17+00:00\" \/>\n<meta property=\"og:image\" content=\"https:\/\/www.webdo.tn\/fr\/wp-content\/uploads\/2023\/02\/e8407c052286178b33f6d8ce28fb9191.jpg\" \/>\n\t<meta property=\"og:image:width\" content=\"700\" \/>\n\t<meta property=\"og:image:height\" content=\"373\" \/>\n\t<meta property=\"og:image:type\" content=\"image\/jpeg\" \/>\n<meta name=\"author\" content=\"MC\" \/>\n<meta name=\"twitter:card\" content=\"summary_large_image\" \/>\n<meta name=\"twitter:creator\" content=\"@webdo_tn\" \/>\n<meta name=\"twitter:site\" content=\"@webdo_tn\" \/>\n<meta name=\"twitter:label1\" content=\"\u00c9crit par\" \/>\n\t<meta name=\"twitter:data1\" content=\"MC\" \/>\n\t<meta name=\"twitter:label2\" content=\"Dur\u00e9e de lecture estim\u00e9e\" \/>\n\t<meta name=\"twitter:data2\" content=\"1 minute\" \/>\n<script type=\"application\/ld+json\" class=\"yoast-schema-graph\">{\"@context\":\"https:\\\/\\\/schema.org\",\"@graph\":[{\"@type\":\"NewsArticle\",\"@id\":\"https:\\\/\\\/www.webdo.tn\\\/fr\\\/actualite\\\/national\\\/rached-ghannouchi-convoque-par-la-brigade-de-l-aouina\\\/203133\\\/#article\",\"isPartOf\":{\"@id\":\"https:\\\/\\\/www.webdo.tn\\\/fr\\\/actualite\\\/national\\\/rached-ghannouchi-convoque-par-la-brigade-de-l-aouina\\\/203133\\\/\"},\"author\":{\"name\":\"MC\",\"@id\":\"https:\\\/\\\/www.webdo.tn\\\/fr\\\/#\\\/schema\\\/person\\\/2c4929cbf5a809e3bd38617c6ce150f6\"},\"headline\":\"Rached Ghannouchi convoqu\u00e9 par la Brigade de l\u2019Aouina\",\"datePublished\":\"2023-02-20T12:40:00+00:00\",\"dateModified\":\"2025-05-20T22:02:17+00:00\",\"mainEntityOfPage\":{\"@id\":\"https:\\\/\\\/www.webdo.tn\\\/fr\\\/actualite\\\/national\\\/rached-ghannouchi-convoque-par-la-brigade-de-l-aouina\\\/203133\\\/\"},\"wordCount\":133,\"commentCount\":0,\"publisher\":{\"@id\":\"https:\\\/\\\/www.webdo.tn\\\/fr\\\/#organization\"},\"image\":{\"@id\":\"https:\\\/\\\/www.webdo.tn\\\/fr\\\/actualite\\\/national\\\/rached-ghannouchi-convoque-par-la-brigade-de-l-aouina\\\/203133\\\/#primaryimage\"},\"thumbnailUrl\":\"https:\\\/\\\/www.webdo.tn\\\/fr\\\/wp-content\\\/uploads\\\/2023\\\/02\\\/e8407c052286178b33f6d8ce28fb9191.jpg\",\"keywords\":[\"convocation\",\"l'Aouina\",\"Rached Ghannouchi\"],\"articleSection\":[\"National\"],\"inLanguage\":\"fr-FR\"},{\"@type\":\"WebPage\",\"@id\":\"https:\\\/\\\/www.webdo.tn\\\/fr\\\/actualite\\\/national\\\/rached-ghannouchi-convoque-par-la-brigade-de-l-aouina\\\/203133\\\/\",\"url\":\"https:\\\/\\\/www.webdo.tn\\\/fr\\\/actualite\\\/national\\\/rached-ghannouchi-convoque-par-la-brigade-de-l-aouina\\\/203133\\\/\",\"name\":\"Rached Ghannouchi convoqu\u00e9 par la Brigade de l\u2019Aouina\",\"isPartOf\":{\"@id\":\"https:\\\/\\\/www.webdo.tn\\\/fr\\\/#website\"},\"primaryImageOfPage\":{\"@id\":\"https:\\\/\\\/www.webdo.tn\\\/fr\\\/actualite\\\/national\\\/rached-ghannouchi-convoque-par-la-brigade-de-l-aouina\\\/203133\\\/#primaryimage\"},\"image\":{\"@id\":\"https:\\\/\\\/www.webdo.tn\\\/fr\\\/actualite\\\/national\\\/rached-ghannouchi-convoque-par-la-brigade-de-l-aouina\\\/203133\\\/#primaryimage\"},\"thumbnailUrl\":\"https:\\\/\\\/www.webdo.tn\\\/fr\\\/wp-content\\\/uploads\\\/2023\\\/02\\\/e8407c052286178b33f6d8ce28fb9191.jpg\",\"datePublished\":\"2023-02-20T12:40:00+00:00\",\"dateModified\":\"2025-05-20T22:02:17+00:00\",\"description\":\"Il s\u2019agit d\u2019une affaire mont\u00e9e de toutes pi\u00e8ces , affirme le porte-parole du mouvement Ennahdha, Imed Khemiri.\",\"breadcrumb\":{\"@id\":\"https:\\\/\\\/www.webdo.tn\\\/fr\\\/actualite\\\/national\\\/rached-ghannouchi-convoque-par-la-brigade-de-l-aouina\\\/203133\\\/#breadcrumb\"},\"inLanguage\":\"fr-FR\",\"potentialAction\":[{\"@type\":\"ReadAction\",\"target\":[\"https:\\\/\\\/www.webdo.tn\\\/fr\\\/actualite\\\/national\\\/rached-ghannouchi-convoque-par-la-brigade-de-l-aouina\\\/203133\\\/\"]}]},{\"@type\":\"ImageObject\",\"inLanguage\":\"fr-FR\",\"@id\":\"https:\\\/\\\/www.webdo.tn\\\/fr\\\/actualite\\\/national\\\/rached-ghannouchi-convoque-par-la-brigade-de-l-aouina\\\/203133\\\/#primaryimage\",\"url\":\"https:\\\/\\\/www.webdo.tn\\\/fr\\\/wp-content\\\/uploads\\\/2023\\\/02\\\/e8407c052286178b33f6d8ce28fb9191.jpg\",\"contentUrl\":\"https:\\\/\\\/www.webdo.tn\\\/fr\\\/wp-content\\\/uploads\\\/2023\\\/02\\\/e8407c052286178b33f6d8ce28fb9191.jpg\",\"width\":700,\"height\":373,\"caption\":\"Rached Ghannouchi convoqu\u00e9 par la Brigade de l\u2019Aouina\"},{\"@type\":\"BreadcrumbList\",\"@id\":\"https:\\\/\\\/www.webdo.tn\\\/fr\\\/actualite\\\/national\\\/rached-ghannouchi-convoque-par-la-brigade-de-l-aouina\\\/203133\\\/#breadcrumb\",\"itemListElement\":[{\"@type\":\"ListItem\",\"position\":1,\"name\":\"Accueil\",\"item\":\"https:\\\/\\\/www.webdo.tn\\\/fr\\\/\"},{\"@type\":\"ListItem\",\"position\":2,\"name\":\"Rached Ghannouchi convoqu\u00e9 par la Brigade de l\u2019Aouina\"}]},{\"@type\":\"WebSite\",\"@id\":\"https:\\\/\\\/www.webdo.tn\\\/fr\\\/#website\",\"url\":\"https:\\\/\\\/www.webdo.tn\\\/fr\\\/\",\"name\":\"webdo\",\"description\":\"Tunisie - News en Tunisie et \u00e0 l&#039;international sur Webdo.tn\",\"publisher\":{\"@id\":\"https:\\\/\\\/www.webdo.tn\\\/fr\\\/#organization\"},\"potentialAction\":[{\"@type\":\"SearchAction\",\"target\":{\"@type\":\"EntryPoint\",\"urlTemplate\":\"https:\\\/\\\/www.webdo.tn\\\/fr\\\/?s={search_term_string}\"},\"query-input\":{\"@type\":\"PropertyValueSpecification\",\"valueRequired\":true,\"valueName\":\"search_term_string\"}}],\"inLanguage\":\"fr-FR\"},{\"@type\":\"Organization\",\"@id\":\"https:\\\/\\\/www.webdo.tn\\\/fr\\\/#organization\",\"name\":\"Webdo\",\"alternateName\":\"Webdo.tn\",\"url\":\"https:\\\/\\\/www.webdo.tn\\\/fr\\\/\",\"logo\":{\"@type\":\"ImageObject\",\"inLanguage\":\"fr-FR\",\"@id\":\"https:\\\/\\\/www.webdo.tn\\\/fr\\\/#\\\/schema\\\/logo\\\/image\\\/\",\"url\":\"https:\\\/\\\/www.webdo.tn\\\/fr\\\/wp-content\\\/uploads\\\/2025\\\/06\\\/Webdo-Tunisie_168377.jpg\",\"contentUrl\":\"https:\\\/\\\/www.webdo.tn\\\/fr\\\/wp-content\\\/uploads\\\/2025\\\/06\\\/Webdo-Tunisie_168377.jpg\",\"width\":301,\"height\":301,\"caption\":\"Webdo\"},\"image\":{\"@id\":\"https:\\\/\\\/www.webdo.tn\\\/fr\\\/#\\\/schema\\\/logo\\\/image\\\/\"},\"sameAs\":[\"https:\\\/\\\/www.facebook.com\\\/webdotn\",\"https:\\\/\\\/x.com\\\/webdo_tn\"],\"description\":\"Webdo est un m\u00e9dia num\u00e9rique tunisien fond\u00e9 en 2010, sp\u00e9cialis\u00e9 dans l\u2019actualit\u00e9 nationale et internationale, l\u2019\u00e9conomie, la soci\u00e9t\u00e9 et les analyses politiques. Le site s\u2019adresse \u00e0 un large public francophone et couvre l\u2019information tunisienne en temps r\u00e9el.\",\"email\":\"redac@webdo.tn\",\"legalName\":\"YNJ SARL\",\"foundingDate\":\"2010-09-06\",\"numberOfEmployees\":{\"@type\":\"QuantitativeValue\",\"minValue\":\"11\",\"maxValue\":\"50\"}},{\"@type\":\"Person\",\"@id\":\"https:\\\/\\\/www.webdo.tn\\\/fr\\\/#\\\/schema\\\/person\\\/2c4929cbf5a809e3bd38617c6ce150f6\",\"name\":\"MC\",\"image\":{\"@type\":\"ImageObject\",\"inLanguage\":\"fr-FR\",\"@id\":\"https:\\\/\\\/secure.gravatar.com\\\/avatar\\\/a545bbb6f84efdd5553dbbc2895e3ca8f1d12c5215e00a041c9670b54aa9b18a?s=96&d=mm&r=g\",\"url\":\"https:\\\/\\\/secure.gravatar.com\\\/avatar\\\/a545bbb6f84efdd5553dbbc2895e3ca8f1d12c5215e00a041c9670b54aa9b18a?s=96&d=mm&r=g\",\"contentUrl\":\"https:\\\/\\\/secure.gravatar.com\\\/avatar\\\/a545bbb6f84efdd5553dbbc2895e3ca8f1d12c5215e00a041c9670b54aa9b18a?s=96&d=mm&r=g\",\"caption\":\"MC\"},\"url\":\"https:\\\/\\\/www.webdo.tn\\\/fr\\\/actualite\\\/author\\\/mc\\\/\"}]}<\/script>\n<!-- \/ Yoast SEO Premium plugin. -->","yoast_head_json":{"title":"Rached Ghannouchi convoqu\u00e9 par la Brigade de l\u2019Aouina","description":"Il s\u2019agit d\u2019une affaire mont\u00e9e de toutes pi\u00e8ces , affirme le porte-parole du mouvement Ennahdha, Imed Khemiri.","canonical":"https:\/\/www.webdo.tn\/fr\/actualite\/national\/rached-ghannouchi-convoque-par-la-brigade-de-l-aouina\/203133\/","og_locale":"fr_FR","og_type":"article","og_title":"Rached Ghannouchi convoqu\u00e9 par la Brigade de l\u2019Aouina","og_description":"Il s\u2019agit d\u2019une affaire mont\u00e9e de toutes pi\u00e8ces , affirme le porte-parole du mouvement Ennahdha, Imed Khemiri.","og_url":"https:\/\/www.webdo.tn\/fr\/actualite\/national\/rached-ghannouchi-convoque-par-la-brigade-de-l-aouina\/203133\/","og_site_name":"webdo","article_publisher":"https:\/\/www.facebook.com\/webdotn","article_published_time":"2023-02-20T12:40:00+00:00","article_modified_time":"2025-05-20T22:02:17+00:00","og_image":[{"width":700,"height":373,"url":"https:\/\/www.webdo.tn\/fr\/wp-content\/uploads\/2023\/02\/e8407c052286178b33f6d8ce28fb9191.jpg","type":"image\/jpeg"}],"author":"MC","twitter_card":"summary_large_image","twitter_creator":"@webdo_tn","twitter_site":"@webdo_tn","twitter_misc":{"\u00c9crit par":"MC","Dur\u00e9e de lecture estim\u00e9e":"1 minute"},"schema":{"@context":"https:\/\/schema.org","@graph":[{"@type":"NewsArticle","@id":"https:\/\/www.webdo.tn\/fr\/actualite\/national\/rached-ghannouchi-convoque-par-la-brigade-de-l-aouina\/203133\/#article","isPartOf":{"@id":"https:\/\/www.webdo.tn\/fr\/actualite\/national\/rached-ghannouchi-convoque-par-la-brigade-de-l-aouina\/203133\/"},"author":{"name":"MC","@id":"https:\/\/www.webdo.tn\/fr\/#\/schema\/person\/2c4929cbf5a809e3bd38617c6ce150f6"},"headline":"Rached Ghannouchi convoqu\u00e9 par la Brigade de l\u2019Aouina","datePublished":"2023-02-20T12:40:00+00:00","dateModified":"2025-05-20T22:02:17+00:00","mainEntityOfPage":{"@id":"https:\/\/www.webdo.tn\/fr\/actualite\/national\/rached-ghannouchi-convoque-par-la-brigade-de-l-aouina\/203133\/"},"wordCount":133,"commentCount":0,"publisher":{"@id":"https:\/\/www.webdo.tn\/fr\/#organization"},"image":{"@id":"https:\/\/www.webdo.tn\/fr\/actualite\/national\/rached-ghannouchi-convoque-par-la-brigade-de-l-aouina\/203133\/#primaryimage"},"thumbnailUrl":"https:\/\/www.webdo.tn\/fr\/wp-content\/uploads\/2023\/02\/e8407c052286178b33f6d8ce28fb9191.jpg","keywords":["convocation","l'Aouina","Rached Ghannouchi"],"articleSection":["National"],"inLanguage":"fr-FR"},{"@type":"WebPage","@id":"https:\/\/www.webdo.tn\/fr\/actualite\/national\/rached-ghannouchi-convoque-par-la-brigade-de-l-aouina\/203133\/","url":"https:\/\/www.webdo.tn\/fr\/actualite\/national\/rached-ghannouchi-convoque-par-la-brigade-de-l-aouina\/203133\/","name":"Rached Ghannouchi convoqu\u00e9 par la Brigade de l\u2019Aouina","isPartOf":{"@id":"https:\/\/www.webdo.tn\/fr\/#website"},"primaryImageOfPage":{"@id":"https:\/\/www.webdo.tn\/fr\/actualite\/national\/rached-ghannouchi-convoque-par-la-brigade-de-l-aouina\/203133\/#primaryimage"},"image":{"@id":"https:\/\/www.webdo.tn\/fr\/actualite\/national\/rached-ghannouchi-convoque-par-la-brigade-de-l-aouina\/203133\/#primaryimage"},"thumbnailUrl":"https:\/\/www.webdo.tn\/fr\/wp-content\/uploads\/2023\/02\/e8407c052286178b33f6d8ce28fb9191.jpg","datePublished":"2023-02-20T12:40:00+00:00","dateModified":"2025-05-20T22:02:17+00:00","description":"Il s\u2019agit d\u2019une affaire mont\u00e9e de toutes pi\u00e8ces , affirme le porte-parole du mouvement Ennahdha, Imed Khemiri.","breadcrumb":{"@id":"https:\/\/www.webdo.tn\/fr\/actualite\/national\/rached-ghannouchi-convoque-par-la-brigade-de-l-aouina\/203133\/#breadcrumb"},"inLanguage":"fr-FR","potentialAction":[{"@type":"ReadAction","target":["https:\/\/www.webdo.tn\/fr\/actualite\/national\/rached-ghannouchi-convoque-par-la-brigade-de-l-aouina\/203133\/"]}]},{"@type":"ImageObject","inLanguage":"fr-FR","@id":"https:\/\/www.webdo.tn\/fr\/actualite\/national\/rached-ghannouchi-convoque-par-la-brigade-de-l-aouina\/203133\/#primaryimage","url":"https:\/\/www.webdo.tn\/fr\/wp-content\/uploads\/2023\/02\/e8407c052286178b33f6d8ce28fb9191.jpg","contentUrl":"https:\/\/www.webdo.tn\/fr\/wp-content\/uploads\/2023\/02\/e8407c052286178b33f6d8ce28fb9191.jpg","width":700,"height":373,"caption":"Rached Ghannouchi convoqu\u00e9 par la Brigade de l\u2019Aouina"},{"@type":"BreadcrumbList","@id":"https:\/\/www.webdo.tn\/fr\/actualite\/national\/rached-ghannouchi-convoque-par-la-brigade-de-l-aouina\/203133\/#breadcrumb","itemListElement":[{"@type":"ListItem","position":1,"name":"Accueil","item":"https:\/\/www.webdo.tn\/fr\/"},{"@type":"ListItem","position":2,"name":"Rached Ghannouchi convoqu\u00e9 par la Brigade de l\u2019Aouina"}]},{"@type":"WebSite","@id":"https:\/\/www.webdo.tn\/fr\/#website","url":"https:\/\/www.webdo.tn\/fr\/","name":"webdo","description":"Tunisie - News en Tunisie et \u00e0 l&#039;international sur Webdo.tn","publisher":{"@id":"https:\/\/www.webdo.tn\/fr\/#organization"},"potentialAction":[{"@type":"SearchAction","target":{"@type":"EntryPoint","urlTemplate":"https:\/\/www.webdo.tn\/fr\/?s={search_term_string}"},"query-input":{"@type":"PropertyValueSpecification","valueRequired":true,"valueName":"search_term_string"}}],"inLanguage":"fr-FR"},{"@type":"Organization","@id":"https:\/\/www.webdo.tn\/fr\/#organization","name":"Webdo","alternateName":"Webdo.tn","url":"https:\/\/www.webdo.tn\/fr\/","logo":{"@type":"ImageObject","inLanguage":"fr-FR","@id":"https:\/\/www.webdo.tn\/fr\/#\/schema\/logo\/image\/","url":"https:\/\/www.webdo.tn\/fr\/wp-content\/uploads\/2025\/06\/Webdo-Tunisie_168377.jpg","contentUrl":"https:\/\/www.webdo.tn\/fr\/wp-content\/uploads\/2025\/06\/Webdo-Tunisie_168377.jpg","width":301,"height":301,"caption":"Webdo"},"image":{"@id":"https:\/\/www.webdo.tn\/fr\/#\/schema\/logo\/image\/"},"sameAs":["https:\/\/www.facebook.com\/webdotn","https:\/\/x.com\/webdo_tn"],"description":"Webdo est un m\u00e9dia num\u00e9rique tunisien fond\u00e9 en 2010, sp\u00e9cialis\u00e9 dans l\u2019actualit\u00e9 nationale et internationale, l\u2019\u00e9conomie, la soci\u00e9t\u00e9 et les analyses politiques. Le site s\u2019adresse \u00e0 un large public francophone et couvre l\u2019information tunisienne en temps r\u00e9el.","email":"redac@webdo.tn","legalName":"YNJ SARL","foundingDate":"2010-09-06","numberOfEmployees":{"@type":"QuantitativeValue","minValue":"11","maxValue":"50"}},{"@type":"Person","@id":"https:\/\/www.webdo.tn\/fr\/#\/schema\/person\/2c4929cbf5a809e3bd38617c6ce150f6","name":"MC","image":{"@type":"ImageObject","inLanguage":"fr-FR","@id":"https:\/\/secure.gravatar.com\/avatar\/a545bbb6f84efdd5553dbbc2895e3ca8f1d12c5215e00a041c9670b54aa9b18a?s=96&d=mm&r=g","url":"https:\/\/secure.gravatar.com\/avatar\/a545bbb6f84efdd5553dbbc2895e3ca8f1d12c5215e00a041c9670b54aa9b18a?s=96&d=mm&r=g","contentUrl":"https:\/\/secure.gravatar.com\/avatar\/a545bbb6f84efdd5553dbbc2895e3ca8f1d12c5215e00a041c9670b54aa9b18a?s=96&d=mm&r=g","caption":"MC"},"url":"https:\/\/www.webdo.tn\/fr\/actualite\/author\/mc\/"}]}},"_links":{"self":[{"href":"https:\/\/www.webdo.tn\/fr\/wp-json\/wp\/v2\/posts\/203133","targetHints":{"allow":["GET"]}}],"collection":[{"href":"https:\/\/www.webdo.tn\/fr\/wp-json\/wp\/v2\/posts"}],"about":[{"href":"https:\/\/www.webdo.tn\/fr\/wp-json\/wp\/v2\/types\/post"}],"author":[{"embeddable":true,"href":"https:\/\/www.webdo.tn\/fr\/wp-json\/wp\/v2\/users\/3162"}],"replies":[{"embeddable":true,"href":"https:\/\/www.webdo.tn\/fr\/wp-json\/wp\/v2\/comments?post=203133"}],"version-history":[{"count":0,"href":"https:\/\/www.webdo.tn\/fr\/wp-json\/wp\/v2\/posts\/203133\/revisions"}],"wp:featuredmedia":[{"embeddable":true,"href":"https:\/\/www.webdo.tn\/fr\/wp-json\/wp\/v2\/media\/251931"}],"wp:attachment":[{"href":"https:\/\/www.webdo.tn\/fr\/wp-json\/wp\/v2\/media?parent=203133"}],"wp:term":[{"taxonomy":"category","embeddable":true,"href":"https:\/\/www.webdo.tn\/fr\/wp-json\/wp\/v2\/categories?post=203133"},{"taxonomy":"post_tag","embeddable":true,"href":"https:\/\/www.webdo.tn\/fr\/wp-json\/wp\/v2\/tags?post=203133"}],"curies":[{"name":"wp","href":"https:\/\/api.w.org\/{rel}","templated":true}]}}