{"id":203123,"date":"2023-02-20T09:35:00","date_gmt":"2023-02-20T09:35:00","guid":{"rendered":"https:\/\/www.webdo.tn\/fr\/blog\/l-ugtt-accuse-kais-saied-de-double-discours\/203123\/"},"modified":"2025-05-20T22:49:14","modified_gmt":"2025-05-20T22:49:14","slug":"l-ugtt-accuse-kais-saied-de-double-discours","status":"publish","type":"post","link":"https:\/\/www.webdo.tn\/fr\/actualite\/national\/l-ugtt-accuse-kais-saied-de-double-discours\/203123\/","title":{"rendered":"L\u2019UGTT accuse Kais Saied de double discours"},"content":{"rendered":"<p>Entre le pr\u00e9sident de la R\u00e9publique et la centrale syndicale rien ne va plus. L\u2019expulsion de la haute responsable syndicale europ\u00e9enne a enfonc\u00e9 le clou.<\/p>\n<p>\t\t\t\t\t\t\t\t\tCe lundi 20 f\u00e9vrier 2023, le porte-parole de l\u2019Union g\u00e9n\u00e9rale tunisienne du travail (UGTT) Sami Tahri a accus\u00e9 le pr\u00e9sident de la R\u00e9publique de double discours en ce qui concerne ses positions quant \u00e0 un accord avec le fonds mon\u00e9taire international (FMI).\u00a0<\/p>\n<p>Tahri a estim\u00e9 que le pr\u00e9sident de la R\u00e9publique ne s\u2019oppose pas aux \u00ab diktats \u00bb de cette institution financi\u00e8re contrairement \u00e0 ses propos. \u00ab Je le dis haut et fort, c\u2019est un double discours qu\u2019il est en train de faire passer aux Tunisiens \u00bb, a-t-il accus\u00e9.\u00a0<\/p>\n<p>Et de rappeler que l\u2019UGTT est aujourd\u2019hui cibl\u00e9e car elle s\u2019oppose au projet du FMI en Tunisie.\u00a0<\/p>\n<p>Revenant sur l\u2019expulsion de la secr\u00e9taire g\u00e9n\u00e9rale de l\u2019Union des syndicats europ\u00e9ens Esther Lynch, Tahri a rappel\u00e9 que cette responsable syndicale a montr\u00e9 son soutien \u00e0 l\u2019UGTT et ne s\u2019est pas ing\u00e9r\u00e9e dans les affaires internes du pays. \u00ab Cette d\u00e9cision montre que le pouvoir est en situation de confusion \u00bb, a-t-il regrett\u00e9.\u00a0<\/p>\n<p>Tunis a ordonn\u00e9 le d\u00e9part d&rsquo;Esther Lynch, la secr\u00e9taire g\u00e9n\u00e9rale de la Conf\u00e9d\u00e9ration europ\u00e9enne des syndicats. Cette derni\u00e8re est la plus haute responsable syndicale des 27. Les autorit\u00e9s lui ont donn\u00e9, samedi dernier, 24 heures pour quitter le territoire.<\/p>\n","protected":false},"excerpt":{"rendered":"<p>Entre le pr\u00e9sident de la R\u00e9publique et la centrale syndicale rien ne va plus. L\u2019expulsion de la haute responsable syndicale europ\u00e9enne a enfonc\u00e9 le clou.<\/p>\n","protected":false},"author":3175,"featured_media":277803,"comment_status":"open","ping_status":"closed","sticky":false,"template":"","format":"standard","meta":{"footnotes":""},"categories":[44],"tags":[3418,2608,2649],"class_list":["post-203123","post","type-post","status-publish","format-standard","has-post-thumbnail","hentry","category-national","tag-saied","tag-tunisie","tag-ugtt"],"yoast_head":"<!-- This site is optimized with the Yoast SEO Premium plugin v27.5 (Yoast SEO v27.5) - https:\/\/yoast.com\/product\/yoast-seo-premium-wordpress\/ -->\n<title>L\u2019UGTT accuse Kais Saied de double discours<\/title>\n<meta name=\"description\" content=\"Entre le pr\u00e9sident de la R\u00e9publique et la centrale syndicale rien ne va plus. L\u2019expulsion de la haute responsable syndicale europ\u00e9enne a enfonc\u00e9 le clou.\" \/>\n<link rel=\"canonical\" href=\"https:\/\/www.webdo.tn\/fr\/actualite\/national\/l-ugtt-accuse-kais-saied-de-double-discours\/203123\/\" \/>\n<meta property=\"og:locale\" content=\"fr_FR\" \/>\n<meta property=\"og:type\" content=\"article\" \/>\n<meta property=\"og:title\" content=\"L\u2019UGTT accuse Kais Saied de double discours\" \/>\n<meta property=\"og:description\" content=\"Entre le pr\u00e9sident de la R\u00e9publique et la centrale syndicale rien ne va plus. L\u2019expulsion de la haute responsable syndicale europ\u00e9enne a enfonc\u00e9 le clou.\" \/>\n<meta property=\"og:url\" content=\"https:\/\/www.webdo.tn\/fr\/actualite\/national\/l-ugtt-accuse-kais-saied-de-double-discours\/203123\/\" \/>\n<meta property=\"og:site_name\" content=\"webdo\" \/>\n<meta property=\"article:publisher\" content=\"https:\/\/www.facebook.com\/webdotn\" \/>\n<meta property=\"article:published_time\" content=\"2023-02-20T09:35:00+00:00\" \/>\n<meta property=\"article:modified_time\" content=\"2025-05-20T22:49:14+00:00\" \/>\n<meta property=\"og:image\" content=\"https:\/\/www.webdo.tn\/fr\/wp-content\/uploads\/2023\/02\/c8ab52a7915527e5ad816ea5d6c0fd4e.png\" \/>\n\t<meta property=\"og:image:width\" content=\"750\" \/>\n\t<meta property=\"og:image:height\" content=\"400\" \/>\n\t<meta property=\"og:image:type\" content=\"image\/png\" \/>\n<meta name=\"author\" content=\"CL\" \/>\n<meta name=\"twitter:card\" content=\"summary_large_image\" \/>\n<meta name=\"twitter:creator\" content=\"@webdo_tn\" \/>\n<meta name=\"twitter:site\" content=\"@webdo_tn\" \/>\n<meta name=\"twitter:label1\" content=\"\u00c9crit par\" \/>\n\t<meta name=\"twitter:data1\" content=\"CL\" \/>\n\t<meta name=\"twitter:label2\" content=\"Dur\u00e9e de lecture estim\u00e9e\" \/>\n\t<meta name=\"twitter:data2\" content=\"1 minute\" \/>\n<script type=\"application\/ld+json\" class=\"yoast-schema-graph\">{\"@context\":\"https:\\\/\\\/schema.org\",\"@graph\":[{\"@type\":\"NewsArticle\",\"@id\":\"https:\\\/\\\/www.webdo.tn\\\/fr\\\/actualite\\\/national\\\/l-ugtt-accuse-kais-saied-de-double-discours\\\/203123\\\/#article\",\"isPartOf\":{\"@id\":\"https:\\\/\\\/www.webdo.tn\\\/fr\\\/actualite\\\/national\\\/l-ugtt-accuse-kais-saied-de-double-discours\\\/203123\\\/\"},\"author\":{\"name\":\"CL\",\"@id\":\"https:\\\/\\\/www.webdo.tn\\\/fr\\\/#\\\/schema\\\/person\\\/f35b42a42c5e2511bbd282959d6385cc\"},\"headline\":\"L\u2019UGTT accuse Kais Saied de double discours\",\"datePublished\":\"2023-02-20T09:35:00+00:00\",\"dateModified\":\"2025-05-20T22:49:14+00:00\",\"mainEntityOfPage\":{\"@id\":\"https:\\\/\\\/www.webdo.tn\\\/fr\\\/actualite\\\/national\\\/l-ugtt-accuse-kais-saied-de-double-discours\\\/203123\\\/\"},\"wordCount\":260,\"commentCount\":0,\"publisher\":{\"@id\":\"https:\\\/\\\/www.webdo.tn\\\/fr\\\/#organization\"},\"image\":{\"@id\":\"https:\\\/\\\/www.webdo.tn\\\/fr\\\/actualite\\\/national\\\/l-ugtt-accuse-kais-saied-de-double-discours\\\/203123\\\/#primaryimage\"},\"thumbnailUrl\":\"https:\\\/\\\/www.webdo.tn\\\/fr\\\/wp-content\\\/uploads\\\/2023\\\/02\\\/c8ab52a7915527e5ad816ea5d6c0fd4e.png\",\"keywords\":[\"Saied\",\"Tunisie\",\"UGTT\"],\"articleSection\":[\"National\"],\"inLanguage\":\"fr-FR\"},{\"@type\":\"WebPage\",\"@id\":\"https:\\\/\\\/www.webdo.tn\\\/fr\\\/actualite\\\/national\\\/l-ugtt-accuse-kais-saied-de-double-discours\\\/203123\\\/\",\"url\":\"https:\\\/\\\/www.webdo.tn\\\/fr\\\/actualite\\\/national\\\/l-ugtt-accuse-kais-saied-de-double-discours\\\/203123\\\/\",\"name\":\"L\u2019UGTT accuse Kais Saied de double discours\",\"isPartOf\":{\"@id\":\"https:\\\/\\\/www.webdo.tn\\\/fr\\\/#website\"},\"primaryImageOfPage\":{\"@id\":\"https:\\\/\\\/www.webdo.tn\\\/fr\\\/actualite\\\/national\\\/l-ugtt-accuse-kais-saied-de-double-discours\\\/203123\\\/#primaryimage\"},\"image\":{\"@id\":\"https:\\\/\\\/www.webdo.tn\\\/fr\\\/actualite\\\/national\\\/l-ugtt-accuse-kais-saied-de-double-discours\\\/203123\\\/#primaryimage\"},\"thumbnailUrl\":\"https:\\\/\\\/www.webdo.tn\\\/fr\\\/wp-content\\\/uploads\\\/2023\\\/02\\\/c8ab52a7915527e5ad816ea5d6c0fd4e.png\",\"datePublished\":\"2023-02-20T09:35:00+00:00\",\"dateModified\":\"2025-05-20T22:49:14+00:00\",\"description\":\"Entre le pr\u00e9sident de la R\u00e9publique et la centrale syndicale rien ne va plus. L\u2019expulsion de la haute responsable syndicale europ\u00e9enne a enfonc\u00e9 le clou.\",\"breadcrumb\":{\"@id\":\"https:\\\/\\\/www.webdo.tn\\\/fr\\\/actualite\\\/national\\\/l-ugtt-accuse-kais-saied-de-double-discours\\\/203123\\\/#breadcrumb\"},\"inLanguage\":\"fr-FR\",\"potentialAction\":[{\"@type\":\"ReadAction\",\"target\":[\"https:\\\/\\\/www.webdo.tn\\\/fr\\\/actualite\\\/national\\\/l-ugtt-accuse-kais-saied-de-double-discours\\\/203123\\\/\"]}]},{\"@type\":\"ImageObject\",\"inLanguage\":\"fr-FR\",\"@id\":\"https:\\\/\\\/www.webdo.tn\\\/fr\\\/actualite\\\/national\\\/l-ugtt-accuse-kais-saied-de-double-discours\\\/203123\\\/#primaryimage\",\"url\":\"https:\\\/\\\/www.webdo.tn\\\/fr\\\/wp-content\\\/uploads\\\/2023\\\/02\\\/c8ab52a7915527e5ad816ea5d6c0fd4e.png\",\"contentUrl\":\"https:\\\/\\\/www.webdo.tn\\\/fr\\\/wp-content\\\/uploads\\\/2023\\\/02\\\/c8ab52a7915527e5ad816ea5d6c0fd4e.png\",\"width\":750,\"height\":400,\"caption\":\"Kais Saied UGTT\"},{\"@type\":\"BreadcrumbList\",\"@id\":\"https:\\\/\\\/www.webdo.tn\\\/fr\\\/actualite\\\/national\\\/l-ugtt-accuse-kais-saied-de-double-discours\\\/203123\\\/#breadcrumb\",\"itemListElement\":[{\"@type\":\"ListItem\",\"position\":1,\"name\":\"Accueil\",\"item\":\"https:\\\/\\\/www.webdo.tn\\\/fr\\\/\"},{\"@type\":\"ListItem\",\"position\":2,\"name\":\"L\u2019UGTT accuse Kais Saied de double discours\"}]},{\"@type\":\"WebSite\",\"@id\":\"https:\\\/\\\/www.webdo.tn\\\/fr\\\/#website\",\"url\":\"https:\\\/\\\/www.webdo.tn\\\/fr\\\/\",\"name\":\"webdo\",\"description\":\"Tunisie - News en Tunisie et \u00e0 l&#039;international sur Webdo.tn\",\"publisher\":{\"@id\":\"https:\\\/\\\/www.webdo.tn\\\/fr\\\/#organization\"},\"potentialAction\":[{\"@type\":\"SearchAction\",\"target\":{\"@type\":\"EntryPoint\",\"urlTemplate\":\"https:\\\/\\\/www.webdo.tn\\\/fr\\\/?s={search_term_string}\"},\"query-input\":{\"@type\":\"PropertyValueSpecification\",\"valueRequired\":true,\"valueName\":\"search_term_string\"}}],\"inLanguage\":\"fr-FR\"},{\"@type\":\"Organization\",\"@id\":\"https:\\\/\\\/www.webdo.tn\\\/fr\\\/#organization\",\"name\":\"Webdo\",\"alternateName\":\"Webdo.tn\",\"url\":\"https:\\\/\\\/www.webdo.tn\\\/fr\\\/\",\"logo\":{\"@type\":\"ImageObject\",\"inLanguage\":\"fr-FR\",\"@id\":\"https:\\\/\\\/www.webdo.tn\\\/fr\\\/#\\\/schema\\\/logo\\\/image\\\/\",\"url\":\"https:\\\/\\\/www.webdo.tn\\\/fr\\\/wp-content\\\/uploads\\\/2025\\\/06\\\/Webdo-Tunisie_168377.jpg\",\"contentUrl\":\"https:\\\/\\\/www.webdo.tn\\\/fr\\\/wp-content\\\/uploads\\\/2025\\\/06\\\/Webdo-Tunisie_168377.jpg\",\"width\":301,\"height\":301,\"caption\":\"Webdo\"},\"image\":{\"@id\":\"https:\\\/\\\/www.webdo.tn\\\/fr\\\/#\\\/schema\\\/logo\\\/image\\\/\"},\"sameAs\":[\"https:\\\/\\\/www.facebook.com\\\/webdotn\",\"https:\\\/\\\/x.com\\\/webdo_tn\"],\"description\":\"Webdo est un m\u00e9dia num\u00e9rique tunisien fond\u00e9 en 2010, sp\u00e9cialis\u00e9 dans l\u2019actualit\u00e9 nationale et internationale, l\u2019\u00e9conomie, la soci\u00e9t\u00e9 et les analyses politiques. Le site s\u2019adresse \u00e0 un large public francophone et couvre l\u2019information tunisienne en temps r\u00e9el.\",\"email\":\"redac@webdo.tn\",\"legalName\":\"YNJ SARL\",\"foundingDate\":\"2010-09-06\",\"numberOfEmployees\":{\"@type\":\"QuantitativeValue\",\"minValue\":\"11\",\"maxValue\":\"50\"}},{\"@type\":\"Person\",\"@id\":\"https:\\\/\\\/www.webdo.tn\\\/fr\\\/#\\\/schema\\\/person\\\/f35b42a42c5e2511bbd282959d6385cc\",\"name\":\"CL\",\"image\":{\"@type\":\"ImageObject\",\"inLanguage\":\"fr-FR\",\"@id\":\"https:\\\/\\\/secure.gravatar.com\\\/avatar\\\/1447a49909b67aa657c488aec6512e1dd6143a480c1ecfee9b5b5cd74eb3b59e?s=96&d=mm&r=g\",\"url\":\"https:\\\/\\\/secure.gravatar.com\\\/avatar\\\/1447a49909b67aa657c488aec6512e1dd6143a480c1ecfee9b5b5cd74eb3b59e?s=96&d=mm&r=g\",\"contentUrl\":\"https:\\\/\\\/secure.gravatar.com\\\/avatar\\\/1447a49909b67aa657c488aec6512e1dd6143a480c1ecfee9b5b5cd74eb3b59e?s=96&d=mm&r=g\",\"caption\":\"CL\"},\"url\":\"https:\\\/\\\/www.webdo.tn\\\/fr\\\/actualite\\\/author\\\/cl\\\/\"}]}<\/script>\n<!-- \/ Yoast SEO Premium plugin. -->","yoast_head_json":{"title":"L\u2019UGTT accuse Kais Saied de double discours","description":"Entre le pr\u00e9sident de la R\u00e9publique et la centrale syndicale rien ne va plus. L\u2019expulsion de la haute responsable syndicale europ\u00e9enne a enfonc\u00e9 le clou.","canonical":"https:\/\/www.webdo.tn\/fr\/actualite\/national\/l-ugtt-accuse-kais-saied-de-double-discours\/203123\/","og_locale":"fr_FR","og_type":"article","og_title":"L\u2019UGTT accuse Kais Saied de double discours","og_description":"Entre le pr\u00e9sident de la R\u00e9publique et la centrale syndicale rien ne va plus. L\u2019expulsion de la haute responsable syndicale europ\u00e9enne a enfonc\u00e9 le clou.","og_url":"https:\/\/www.webdo.tn\/fr\/actualite\/national\/l-ugtt-accuse-kais-saied-de-double-discours\/203123\/","og_site_name":"webdo","article_publisher":"https:\/\/www.facebook.com\/webdotn","article_published_time":"2023-02-20T09:35:00+00:00","article_modified_time":"2025-05-20T22:49:14+00:00","og_image":[{"width":750,"height":400,"url":"https:\/\/www.webdo.tn\/fr\/wp-content\/uploads\/2023\/02\/c8ab52a7915527e5ad816ea5d6c0fd4e.png","type":"image\/png"}],"author":"CL","twitter_card":"summary_large_image","twitter_creator":"@webdo_tn","twitter_site":"@webdo_tn","twitter_misc":{"\u00c9crit par":"CL","Dur\u00e9e de lecture estim\u00e9e":"1 minute"},"schema":{"@context":"https:\/\/schema.org","@graph":[{"@type":"NewsArticle","@id":"https:\/\/www.webdo.tn\/fr\/actualite\/national\/l-ugtt-accuse-kais-saied-de-double-discours\/203123\/#article","isPartOf":{"@id":"https:\/\/www.webdo.tn\/fr\/actualite\/national\/l-ugtt-accuse-kais-saied-de-double-discours\/203123\/"},"author":{"name":"CL","@id":"https:\/\/www.webdo.tn\/fr\/#\/schema\/person\/f35b42a42c5e2511bbd282959d6385cc"},"headline":"L\u2019UGTT accuse Kais Saied de double discours","datePublished":"2023-02-20T09:35:00+00:00","dateModified":"2025-05-20T22:49:14+00:00","mainEntityOfPage":{"@id":"https:\/\/www.webdo.tn\/fr\/actualite\/national\/l-ugtt-accuse-kais-saied-de-double-discours\/203123\/"},"wordCount":260,"commentCount":0,"publisher":{"@id":"https:\/\/www.webdo.tn\/fr\/#organization"},"image":{"@id":"https:\/\/www.webdo.tn\/fr\/actualite\/national\/l-ugtt-accuse-kais-saied-de-double-discours\/203123\/#primaryimage"},"thumbnailUrl":"https:\/\/www.webdo.tn\/fr\/wp-content\/uploads\/2023\/02\/c8ab52a7915527e5ad816ea5d6c0fd4e.png","keywords":["Saied","Tunisie","UGTT"],"articleSection":["National"],"inLanguage":"fr-FR"},{"@type":"WebPage","@id":"https:\/\/www.webdo.tn\/fr\/actualite\/national\/l-ugtt-accuse-kais-saied-de-double-discours\/203123\/","url":"https:\/\/www.webdo.tn\/fr\/actualite\/national\/l-ugtt-accuse-kais-saied-de-double-discours\/203123\/","name":"L\u2019UGTT accuse Kais Saied de double discours","isPartOf":{"@id":"https:\/\/www.webdo.tn\/fr\/#website"},"primaryImageOfPage":{"@id":"https:\/\/www.webdo.tn\/fr\/actualite\/national\/l-ugtt-accuse-kais-saied-de-double-discours\/203123\/#primaryimage"},"image":{"@id":"https:\/\/www.webdo.tn\/fr\/actualite\/national\/l-ugtt-accuse-kais-saied-de-double-discours\/203123\/#primaryimage"},"thumbnailUrl":"https:\/\/www.webdo.tn\/fr\/wp-content\/uploads\/2023\/02\/c8ab52a7915527e5ad816ea5d6c0fd4e.png","datePublished":"2023-02-20T09:35:00+00:00","dateModified":"2025-05-20T22:49:14+00:00","description":"Entre le pr\u00e9sident de la R\u00e9publique et la centrale syndicale rien ne va plus. L\u2019expulsion de la haute responsable syndicale europ\u00e9enne a enfonc\u00e9 le clou.","breadcrumb":{"@id":"https:\/\/www.webdo.tn\/fr\/actualite\/national\/l-ugtt-accuse-kais-saied-de-double-discours\/203123\/#breadcrumb"},"inLanguage":"fr-FR","potentialAction":[{"@type":"ReadAction","target":["https:\/\/www.webdo.tn\/fr\/actualite\/national\/l-ugtt-accuse-kais-saied-de-double-discours\/203123\/"]}]},{"@type":"ImageObject","inLanguage":"fr-FR","@id":"https:\/\/www.webdo.tn\/fr\/actualite\/national\/l-ugtt-accuse-kais-saied-de-double-discours\/203123\/#primaryimage","url":"https:\/\/www.webdo.tn\/fr\/wp-content\/uploads\/2023\/02\/c8ab52a7915527e5ad816ea5d6c0fd4e.png","contentUrl":"https:\/\/www.webdo.tn\/fr\/wp-content\/uploads\/2023\/02\/c8ab52a7915527e5ad816ea5d6c0fd4e.png","width":750,"height":400,"caption":"Kais Saied UGTT"},{"@type":"BreadcrumbList","@id":"https:\/\/www.webdo.tn\/fr\/actualite\/national\/l-ugtt-accuse-kais-saied-de-double-discours\/203123\/#breadcrumb","itemListElement":[{"@type":"ListItem","position":1,"name":"Accueil","item":"https:\/\/www.webdo.tn\/fr\/"},{"@type":"ListItem","position":2,"name":"L\u2019UGTT accuse Kais Saied de double discours"}]},{"@type":"WebSite","@id":"https:\/\/www.webdo.tn\/fr\/#website","url":"https:\/\/www.webdo.tn\/fr\/","name":"webdo","description":"Tunisie - News en Tunisie et \u00e0 l&#039;international sur Webdo.tn","publisher":{"@id":"https:\/\/www.webdo.tn\/fr\/#organization"},"potentialAction":[{"@type":"SearchAction","target":{"@type":"EntryPoint","urlTemplate":"https:\/\/www.webdo.tn\/fr\/?s={search_term_string}"},"query-input":{"@type":"PropertyValueSpecification","valueRequired":true,"valueName":"search_term_string"}}],"inLanguage":"fr-FR"},{"@type":"Organization","@id":"https:\/\/www.webdo.tn\/fr\/#organization","name":"Webdo","alternateName":"Webdo.tn","url":"https:\/\/www.webdo.tn\/fr\/","logo":{"@type":"ImageObject","inLanguage":"fr-FR","@id":"https:\/\/www.webdo.tn\/fr\/#\/schema\/logo\/image\/","url":"https:\/\/www.webdo.tn\/fr\/wp-content\/uploads\/2025\/06\/Webdo-Tunisie_168377.jpg","contentUrl":"https:\/\/www.webdo.tn\/fr\/wp-content\/uploads\/2025\/06\/Webdo-Tunisie_168377.jpg","width":301,"height":301,"caption":"Webdo"},"image":{"@id":"https:\/\/www.webdo.tn\/fr\/#\/schema\/logo\/image\/"},"sameAs":["https:\/\/www.facebook.com\/webdotn","https:\/\/x.com\/webdo_tn"],"description":"Webdo est un m\u00e9dia num\u00e9rique tunisien fond\u00e9 en 2010, sp\u00e9cialis\u00e9 dans l\u2019actualit\u00e9 nationale et internationale, l\u2019\u00e9conomie, la soci\u00e9t\u00e9 et les analyses politiques. Le site s\u2019adresse \u00e0 un large public francophone et couvre l\u2019information tunisienne en temps r\u00e9el.","email":"redac@webdo.tn","legalName":"YNJ SARL","foundingDate":"2010-09-06","numberOfEmployees":{"@type":"QuantitativeValue","minValue":"11","maxValue":"50"}},{"@type":"Person","@id":"https:\/\/www.webdo.tn\/fr\/#\/schema\/person\/f35b42a42c5e2511bbd282959d6385cc","name":"CL","image":{"@type":"ImageObject","inLanguage":"fr-FR","@id":"https:\/\/secure.gravatar.com\/avatar\/1447a49909b67aa657c488aec6512e1dd6143a480c1ecfee9b5b5cd74eb3b59e?s=96&d=mm&r=g","url":"https:\/\/secure.gravatar.com\/avatar\/1447a49909b67aa657c488aec6512e1dd6143a480c1ecfee9b5b5cd74eb3b59e?s=96&d=mm&r=g","contentUrl":"https:\/\/secure.gravatar.com\/avatar\/1447a49909b67aa657c488aec6512e1dd6143a480c1ecfee9b5b5cd74eb3b59e?s=96&d=mm&r=g","caption":"CL"},"url":"https:\/\/www.webdo.tn\/fr\/actualite\/author\/cl\/"}]}},"_links":{"self":[{"href":"https:\/\/www.webdo.tn\/fr\/wp-json\/wp\/v2\/posts\/203123","targetHints":{"allow":["GET"]}}],"collection":[{"href":"https:\/\/www.webdo.tn\/fr\/wp-json\/wp\/v2\/posts"}],"about":[{"href":"https:\/\/www.webdo.tn\/fr\/wp-json\/wp\/v2\/types\/post"}],"author":[{"embeddable":true,"href":"https:\/\/www.webdo.tn\/fr\/wp-json\/wp\/v2\/users\/3175"}],"replies":[{"embeddable":true,"href":"https:\/\/www.webdo.tn\/fr\/wp-json\/wp\/v2\/comments?post=203123"}],"version-history":[{"count":0,"href":"https:\/\/www.webdo.tn\/fr\/wp-json\/wp\/v2\/posts\/203123\/revisions"}],"wp:featuredmedia":[{"embeddable":true,"href":"https:\/\/www.webdo.tn\/fr\/wp-json\/wp\/v2\/media\/277803"}],"wp:attachment":[{"href":"https:\/\/www.webdo.tn\/fr\/wp-json\/wp\/v2\/media?parent=203123"}],"wp:term":[{"taxonomy":"category","embeddable":true,"href":"https:\/\/www.webdo.tn\/fr\/wp-json\/wp\/v2\/categories?post=203123"},{"taxonomy":"post_tag","embeddable":true,"href":"https:\/\/www.webdo.tn\/fr\/wp-json\/wp\/v2\/tags?post=203123"}],"curies":[{"name":"wp","href":"https:\/\/api.w.org\/{rel}","templated":true}]}}