{"id":203122,"date":"2023-02-20T09:34:00","date_gmt":"2023-02-20T09:34:00","guid":{"rendered":"https:\/\/www.webdo.tn\/fr\/blog\/meta-lance-un-abonnement-payant-a-instagram-et-facebook\/203122\/"},"modified":"2025-05-20T22:07:37","modified_gmt":"2025-05-20T22:07:37","slug":"meta-lance-un-abonnement-payant-a-instagram-et-facebook","status":"publish","type":"post","link":"https:\/\/www.webdo.tn\/fr\/actualite\/international\/meta-lance-un-abonnement-payant-a-instagram-et-facebook\/203122\/","title":{"rendered":"Meta lance un abonnement payant \u00e0 Instagram et Facebook"},"content":{"rendered":"<p>A l\u2019instar de Twitter, Meta va proposer un abonnement payant pour Facebook et Instagram, qui permettra aux utilisateurs y souscrivant d\u2019obtenir, entre autres, la fameuse pastille bleue \u00e0 c\u00f4t\u00e9 de leur identifiant.<\/p>\n<p>\t\t\t\t\t\t\t\t\tMark Zuckerberg, le patron de Meta, a annonc\u00e9 hier, le lancement de \u00ab\u00a0Meta Verified\u00a0\u00bb, un abonnement \u00e0 partir de 11,99 dollars par mois pour authentifier son compte sur la plateforme.<\/p>\n<p>\u00ab\u00a0L\u2019id\u00e9e est d\u2019am\u00e9liorer l\u2019authenticit\u00e9 des profils et donc des \u00e9changes et la s\u00e9curit\u00e9 sur nos services\u00a0\u00bb, a pr\u00e9cis\u00e9 Mark Zuckerberg dans un message diffus\u00e9 sur sa cha\u00eene Instagram et sur son compte Facebook.<\/p>\n<p>Mais c\u2019est aussi un moyen d\u2019engranger de nouvelles sources de revenus, dans un contexte \u00e9conomique. En effet, cette annonce intervient \u00e0 une p\u00e9riode compliqu\u00e9e pour Meta, qui a vu son chiffre d\u2019affaires annuel baisser pour la premi\u00e8re fois de son histoire.<\/p>\n<p>Meta Verified sera d\u2019abord test\u00e9 en Australie et en Nouvelle-Z\u00e9lande \u00e0 partir de cette semaine, avant d\u2019\u00eatre \u00e9tendu aux \u00c9tats-Unis et \u00e0 d\u2019autres pays.<\/p>\n","protected":false},"excerpt":{"rendered":"<p>A l\u2019instar de Twitter, Meta va proposer un abonnement payant pour Facebook et Instagram, qui permettra aux utilisateurs y souscrivant d\u2019obtenir, entre autres, l&#8230;<\/p>\n","protected":false},"author":3162,"featured_media":277801,"comment_status":"open","ping_status":"closed","sticky":false,"template":"","format":"standard","meta":{"footnotes":""},"categories":[2598],"tags":[9349,4744,4205,4746,9348],"class_list":["post-203122","post","type-post","status-publish","format-standard","has-post-thumbnail","hentry","category-international","tag-abonnement","tag-facebook","tag-instagram","tag-meta","tag-service-payant"],"yoast_head":"<!-- This site is optimized with the Yoast SEO Premium plugin v27.5 (Yoast SEO v27.5) - https:\/\/yoast.com\/product\/yoast-seo-premium-wordpress\/ -->\n<title>Meta lance un abonnement payant \u00e0 Instagram et Facebook<\/title>\n<meta name=\"description\" content=\"A l\u2019instar de Twitter, Meta va proposer un abonnement payant pour Facebook et Instagram, qui permettra aux utilisateurs y souscrivant d\u2019obtenir, entre autres, l...\" \/>\n<link rel=\"canonical\" href=\"https:\/\/www.webdo.tn\/fr\/actualite\/international\/meta-lance-un-abonnement-payant-a-instagram-et-facebook\/203122\/\" \/>\n<meta property=\"og:locale\" content=\"fr_FR\" \/>\n<meta property=\"og:type\" content=\"article\" \/>\n<meta property=\"og:title\" content=\"Meta lance un abonnement payant \u00e0 Instagram et Facebook\" \/>\n<meta property=\"og:description\" content=\"A l\u2019instar de Twitter, Meta va proposer un abonnement payant pour Facebook et Instagram, qui permettra aux utilisateurs y souscrivant d\u2019obtenir, entre autres, l...\" \/>\n<meta property=\"og:url\" content=\"https:\/\/www.webdo.tn\/fr\/actualite\/international\/meta-lance-un-abonnement-payant-a-instagram-et-facebook\/203122\/\" \/>\n<meta property=\"og:site_name\" content=\"webdo\" \/>\n<meta property=\"article:publisher\" content=\"https:\/\/www.facebook.com\/webdotn\" \/>\n<meta property=\"article:published_time\" content=\"2023-02-20T09:34:00+00:00\" \/>\n<meta property=\"article:modified_time\" content=\"2025-05-20T22:07:37+00:00\" \/>\n<meta property=\"og:image\" content=\"https:\/\/www.webdo.tn\/fr\/wp-content\/uploads\/2023\/02\/dbc6b9ef5368483ea1b868a5aab6879f.jpg\" \/>\n\t<meta property=\"og:image:width\" content=\"750\" \/>\n\t<meta property=\"og:image:height\" content=\"400\" \/>\n\t<meta property=\"og:image:type\" content=\"image\/jpeg\" \/>\n<meta name=\"author\" content=\"MC\" \/>\n<meta name=\"twitter:card\" content=\"summary_large_image\" \/>\n<meta name=\"twitter:creator\" content=\"@webdo_tn\" \/>\n<meta name=\"twitter:site\" content=\"@webdo_tn\" \/>\n<meta name=\"twitter:label1\" content=\"\u00c9crit par\" \/>\n\t<meta name=\"twitter:data1\" content=\"MC\" \/>\n\t<meta name=\"twitter:label2\" content=\"Dur\u00e9e de lecture estim\u00e9e\" \/>\n\t<meta name=\"twitter:data2\" content=\"1 minute\" \/>\n<script type=\"application\/ld+json\" class=\"yoast-schema-graph\">{\"@context\":\"https:\\\/\\\/schema.org\",\"@graph\":[{\"@type\":\"NewsArticle\",\"@id\":\"https:\\\/\\\/www.webdo.tn\\\/fr\\\/actualite\\\/international\\\/meta-lance-un-abonnement-payant-a-instagram-et-facebook\\\/203122\\\/#article\",\"isPartOf\":{\"@id\":\"https:\\\/\\\/www.webdo.tn\\\/fr\\\/actualite\\\/international\\\/meta-lance-un-abonnement-payant-a-instagram-et-facebook\\\/203122\\\/\"},\"author\":{\"name\":\"MC\",\"@id\":\"https:\\\/\\\/www.webdo.tn\\\/fr\\\/#\\\/schema\\\/person\\\/2c4929cbf5a809e3bd38617c6ce150f6\"},\"headline\":\"Meta lance un abonnement payant \u00e0 Instagram et Facebook\",\"datePublished\":\"2023-02-20T09:34:00+00:00\",\"dateModified\":\"2025-05-20T22:07:37+00:00\",\"mainEntityOfPage\":{\"@id\":\"https:\\\/\\\/www.webdo.tn\\\/fr\\\/actualite\\\/international\\\/meta-lance-un-abonnement-payant-a-instagram-et-facebook\\\/203122\\\/\"},\"wordCount\":183,\"commentCount\":0,\"publisher\":{\"@id\":\"https:\\\/\\\/www.webdo.tn\\\/fr\\\/#organization\"},\"image\":{\"@id\":\"https:\\\/\\\/www.webdo.tn\\\/fr\\\/actualite\\\/international\\\/meta-lance-un-abonnement-payant-a-instagram-et-facebook\\\/203122\\\/#primaryimage\"},\"thumbnailUrl\":\"https:\\\/\\\/www.webdo.tn\\\/fr\\\/wp-content\\\/uploads\\\/2023\\\/02\\\/dbc6b9ef5368483ea1b868a5aab6879f.jpg\",\"keywords\":[\"abonnement\",\"Facebook\",\"Instagram\",\"meta\",\"service payant\"],\"articleSection\":[\"International\"],\"inLanguage\":\"fr-FR\"},{\"@type\":\"WebPage\",\"@id\":\"https:\\\/\\\/www.webdo.tn\\\/fr\\\/actualite\\\/international\\\/meta-lance-un-abonnement-payant-a-instagram-et-facebook\\\/203122\\\/\",\"url\":\"https:\\\/\\\/www.webdo.tn\\\/fr\\\/actualite\\\/international\\\/meta-lance-un-abonnement-payant-a-instagram-et-facebook\\\/203122\\\/\",\"name\":\"Meta lance un abonnement payant \u00e0 Instagram et Facebook\",\"isPartOf\":{\"@id\":\"https:\\\/\\\/www.webdo.tn\\\/fr\\\/#website\"},\"primaryImageOfPage\":{\"@id\":\"https:\\\/\\\/www.webdo.tn\\\/fr\\\/actualite\\\/international\\\/meta-lance-un-abonnement-payant-a-instagram-et-facebook\\\/203122\\\/#primaryimage\"},\"image\":{\"@id\":\"https:\\\/\\\/www.webdo.tn\\\/fr\\\/actualite\\\/international\\\/meta-lance-un-abonnement-payant-a-instagram-et-facebook\\\/203122\\\/#primaryimage\"},\"thumbnailUrl\":\"https:\\\/\\\/www.webdo.tn\\\/fr\\\/wp-content\\\/uploads\\\/2023\\\/02\\\/dbc6b9ef5368483ea1b868a5aab6879f.jpg\",\"datePublished\":\"2023-02-20T09:34:00+00:00\",\"dateModified\":\"2025-05-20T22:07:37+00:00\",\"description\":\"A l\u2019instar de Twitter, Meta va proposer un abonnement payant pour Facebook et Instagram, qui permettra aux utilisateurs y souscrivant d\u2019obtenir, entre autres, l...\",\"breadcrumb\":{\"@id\":\"https:\\\/\\\/www.webdo.tn\\\/fr\\\/actualite\\\/international\\\/meta-lance-un-abonnement-payant-a-instagram-et-facebook\\\/203122\\\/#breadcrumb\"},\"inLanguage\":\"fr-FR\",\"potentialAction\":[{\"@type\":\"ReadAction\",\"target\":[\"https:\\\/\\\/www.webdo.tn\\\/fr\\\/actualite\\\/international\\\/meta-lance-un-abonnement-payant-a-instagram-et-facebook\\\/203122\\\/\"]}]},{\"@type\":\"ImageObject\",\"inLanguage\":\"fr-FR\",\"@id\":\"https:\\\/\\\/www.webdo.tn\\\/fr\\\/actualite\\\/international\\\/meta-lance-un-abonnement-payant-a-instagram-et-facebook\\\/203122\\\/#primaryimage\",\"url\":\"https:\\\/\\\/www.webdo.tn\\\/fr\\\/wp-content\\\/uploads\\\/2023\\\/02\\\/dbc6b9ef5368483ea1b868a5aab6879f.jpg\",\"contentUrl\":\"https:\\\/\\\/www.webdo.tn\\\/fr\\\/wp-content\\\/uploads\\\/2023\\\/02\\\/dbc6b9ef5368483ea1b868a5aab6879f.jpg\",\"width\":750,\"height\":400,\"caption\":\"Meta lance un abonnement payant \u00e0 Instagram et Facebook\"},{\"@type\":\"BreadcrumbList\",\"@id\":\"https:\\\/\\\/www.webdo.tn\\\/fr\\\/actualite\\\/international\\\/meta-lance-un-abonnement-payant-a-instagram-et-facebook\\\/203122\\\/#breadcrumb\",\"itemListElement\":[{\"@type\":\"ListItem\",\"position\":1,\"name\":\"Accueil\",\"item\":\"https:\\\/\\\/www.webdo.tn\\\/fr\\\/\"},{\"@type\":\"ListItem\",\"position\":2,\"name\":\"Meta lance un abonnement payant \u00e0 Instagram et Facebook\"}]},{\"@type\":\"WebSite\",\"@id\":\"https:\\\/\\\/www.webdo.tn\\\/fr\\\/#website\",\"url\":\"https:\\\/\\\/www.webdo.tn\\\/fr\\\/\",\"name\":\"webdo\",\"description\":\"Tunisie - News en Tunisie et \u00e0 l&#039;international sur Webdo.tn\",\"publisher\":{\"@id\":\"https:\\\/\\\/www.webdo.tn\\\/fr\\\/#organization\"},\"potentialAction\":[{\"@type\":\"SearchAction\",\"target\":{\"@type\":\"EntryPoint\",\"urlTemplate\":\"https:\\\/\\\/www.webdo.tn\\\/fr\\\/?s={search_term_string}\"},\"query-input\":{\"@type\":\"PropertyValueSpecification\",\"valueRequired\":true,\"valueName\":\"search_term_string\"}}],\"inLanguage\":\"fr-FR\"},{\"@type\":\"Organization\",\"@id\":\"https:\\\/\\\/www.webdo.tn\\\/fr\\\/#organization\",\"name\":\"Webdo\",\"alternateName\":\"Webdo.tn\",\"url\":\"https:\\\/\\\/www.webdo.tn\\\/fr\\\/\",\"logo\":{\"@type\":\"ImageObject\",\"inLanguage\":\"fr-FR\",\"@id\":\"https:\\\/\\\/www.webdo.tn\\\/fr\\\/#\\\/schema\\\/logo\\\/image\\\/\",\"url\":\"https:\\\/\\\/www.webdo.tn\\\/fr\\\/wp-content\\\/uploads\\\/2025\\\/06\\\/Webdo-Tunisie_168377.jpg\",\"contentUrl\":\"https:\\\/\\\/www.webdo.tn\\\/fr\\\/wp-content\\\/uploads\\\/2025\\\/06\\\/Webdo-Tunisie_168377.jpg\",\"width\":301,\"height\":301,\"caption\":\"Webdo\"},\"image\":{\"@id\":\"https:\\\/\\\/www.webdo.tn\\\/fr\\\/#\\\/schema\\\/logo\\\/image\\\/\"},\"sameAs\":[\"https:\\\/\\\/www.facebook.com\\\/webdotn\",\"https:\\\/\\\/x.com\\\/webdo_tn\"],\"description\":\"Webdo est un m\u00e9dia num\u00e9rique tunisien fond\u00e9 en 2010, sp\u00e9cialis\u00e9 dans l\u2019actualit\u00e9 nationale et internationale, l\u2019\u00e9conomie, la soci\u00e9t\u00e9 et les analyses politiques. Le site s\u2019adresse \u00e0 un large public francophone et couvre l\u2019information tunisienne en temps r\u00e9el.\",\"email\":\"redac@webdo.tn\",\"legalName\":\"YNJ SARL\",\"foundingDate\":\"2010-09-06\",\"numberOfEmployees\":{\"@type\":\"QuantitativeValue\",\"minValue\":\"11\",\"maxValue\":\"50\"}},{\"@type\":\"Person\",\"@id\":\"https:\\\/\\\/www.webdo.tn\\\/fr\\\/#\\\/schema\\\/person\\\/2c4929cbf5a809e3bd38617c6ce150f6\",\"name\":\"MC\",\"image\":{\"@type\":\"ImageObject\",\"inLanguage\":\"fr-FR\",\"@id\":\"https:\\\/\\\/secure.gravatar.com\\\/avatar\\\/a545bbb6f84efdd5553dbbc2895e3ca8f1d12c5215e00a041c9670b54aa9b18a?s=96&d=mm&r=g\",\"url\":\"https:\\\/\\\/secure.gravatar.com\\\/avatar\\\/a545bbb6f84efdd5553dbbc2895e3ca8f1d12c5215e00a041c9670b54aa9b18a?s=96&d=mm&r=g\",\"contentUrl\":\"https:\\\/\\\/secure.gravatar.com\\\/avatar\\\/a545bbb6f84efdd5553dbbc2895e3ca8f1d12c5215e00a041c9670b54aa9b18a?s=96&d=mm&r=g\",\"caption\":\"MC\"},\"url\":\"https:\\\/\\\/www.webdo.tn\\\/fr\\\/actualite\\\/author\\\/mc\\\/\"}]}<\/script>\n<!-- \/ Yoast SEO Premium plugin. -->","yoast_head_json":{"title":"Meta lance un abonnement payant \u00e0 Instagram et Facebook","description":"A l\u2019instar de Twitter, Meta va proposer un abonnement payant pour Facebook et Instagram, qui permettra aux utilisateurs y souscrivant d\u2019obtenir, entre autres, l...","canonical":"https:\/\/www.webdo.tn\/fr\/actualite\/international\/meta-lance-un-abonnement-payant-a-instagram-et-facebook\/203122\/","og_locale":"fr_FR","og_type":"article","og_title":"Meta lance un abonnement payant \u00e0 Instagram et Facebook","og_description":"A l\u2019instar de Twitter, Meta va proposer un abonnement payant pour Facebook et Instagram, qui permettra aux utilisateurs y souscrivant d\u2019obtenir, entre autres, l...","og_url":"https:\/\/www.webdo.tn\/fr\/actualite\/international\/meta-lance-un-abonnement-payant-a-instagram-et-facebook\/203122\/","og_site_name":"webdo","article_publisher":"https:\/\/www.facebook.com\/webdotn","article_published_time":"2023-02-20T09:34:00+00:00","article_modified_time":"2025-05-20T22:07:37+00:00","og_image":[{"width":750,"height":400,"url":"https:\/\/www.webdo.tn\/fr\/wp-content\/uploads\/2023\/02\/dbc6b9ef5368483ea1b868a5aab6879f.jpg","type":"image\/jpeg"}],"author":"MC","twitter_card":"summary_large_image","twitter_creator":"@webdo_tn","twitter_site":"@webdo_tn","twitter_misc":{"\u00c9crit par":"MC","Dur\u00e9e de lecture estim\u00e9e":"1 minute"},"schema":{"@context":"https:\/\/schema.org","@graph":[{"@type":"NewsArticle","@id":"https:\/\/www.webdo.tn\/fr\/actualite\/international\/meta-lance-un-abonnement-payant-a-instagram-et-facebook\/203122\/#article","isPartOf":{"@id":"https:\/\/www.webdo.tn\/fr\/actualite\/international\/meta-lance-un-abonnement-payant-a-instagram-et-facebook\/203122\/"},"author":{"name":"MC","@id":"https:\/\/www.webdo.tn\/fr\/#\/schema\/person\/2c4929cbf5a809e3bd38617c6ce150f6"},"headline":"Meta lance un abonnement payant \u00e0 Instagram et Facebook","datePublished":"2023-02-20T09:34:00+00:00","dateModified":"2025-05-20T22:07:37+00:00","mainEntityOfPage":{"@id":"https:\/\/www.webdo.tn\/fr\/actualite\/international\/meta-lance-un-abonnement-payant-a-instagram-et-facebook\/203122\/"},"wordCount":183,"commentCount":0,"publisher":{"@id":"https:\/\/www.webdo.tn\/fr\/#organization"},"image":{"@id":"https:\/\/www.webdo.tn\/fr\/actualite\/international\/meta-lance-un-abonnement-payant-a-instagram-et-facebook\/203122\/#primaryimage"},"thumbnailUrl":"https:\/\/www.webdo.tn\/fr\/wp-content\/uploads\/2023\/02\/dbc6b9ef5368483ea1b868a5aab6879f.jpg","keywords":["abonnement","Facebook","Instagram","meta","service payant"],"articleSection":["International"],"inLanguage":"fr-FR"},{"@type":"WebPage","@id":"https:\/\/www.webdo.tn\/fr\/actualite\/international\/meta-lance-un-abonnement-payant-a-instagram-et-facebook\/203122\/","url":"https:\/\/www.webdo.tn\/fr\/actualite\/international\/meta-lance-un-abonnement-payant-a-instagram-et-facebook\/203122\/","name":"Meta lance un abonnement payant \u00e0 Instagram et Facebook","isPartOf":{"@id":"https:\/\/www.webdo.tn\/fr\/#website"},"primaryImageOfPage":{"@id":"https:\/\/www.webdo.tn\/fr\/actualite\/international\/meta-lance-un-abonnement-payant-a-instagram-et-facebook\/203122\/#primaryimage"},"image":{"@id":"https:\/\/www.webdo.tn\/fr\/actualite\/international\/meta-lance-un-abonnement-payant-a-instagram-et-facebook\/203122\/#primaryimage"},"thumbnailUrl":"https:\/\/www.webdo.tn\/fr\/wp-content\/uploads\/2023\/02\/dbc6b9ef5368483ea1b868a5aab6879f.jpg","datePublished":"2023-02-20T09:34:00+00:00","dateModified":"2025-05-20T22:07:37+00:00","description":"A l\u2019instar de Twitter, Meta va proposer un abonnement payant pour Facebook et Instagram, qui permettra aux utilisateurs y souscrivant d\u2019obtenir, entre autres, l...","breadcrumb":{"@id":"https:\/\/www.webdo.tn\/fr\/actualite\/international\/meta-lance-un-abonnement-payant-a-instagram-et-facebook\/203122\/#breadcrumb"},"inLanguage":"fr-FR","potentialAction":[{"@type":"ReadAction","target":["https:\/\/www.webdo.tn\/fr\/actualite\/international\/meta-lance-un-abonnement-payant-a-instagram-et-facebook\/203122\/"]}]},{"@type":"ImageObject","inLanguage":"fr-FR","@id":"https:\/\/www.webdo.tn\/fr\/actualite\/international\/meta-lance-un-abonnement-payant-a-instagram-et-facebook\/203122\/#primaryimage","url":"https:\/\/www.webdo.tn\/fr\/wp-content\/uploads\/2023\/02\/dbc6b9ef5368483ea1b868a5aab6879f.jpg","contentUrl":"https:\/\/www.webdo.tn\/fr\/wp-content\/uploads\/2023\/02\/dbc6b9ef5368483ea1b868a5aab6879f.jpg","width":750,"height":400,"caption":"Meta lance un abonnement payant \u00e0 Instagram et Facebook"},{"@type":"BreadcrumbList","@id":"https:\/\/www.webdo.tn\/fr\/actualite\/international\/meta-lance-un-abonnement-payant-a-instagram-et-facebook\/203122\/#breadcrumb","itemListElement":[{"@type":"ListItem","position":1,"name":"Accueil","item":"https:\/\/www.webdo.tn\/fr\/"},{"@type":"ListItem","position":2,"name":"Meta lance un abonnement payant \u00e0 Instagram et Facebook"}]},{"@type":"WebSite","@id":"https:\/\/www.webdo.tn\/fr\/#website","url":"https:\/\/www.webdo.tn\/fr\/","name":"webdo","description":"Tunisie - News en Tunisie et \u00e0 l&#039;international sur Webdo.tn","publisher":{"@id":"https:\/\/www.webdo.tn\/fr\/#organization"},"potentialAction":[{"@type":"SearchAction","target":{"@type":"EntryPoint","urlTemplate":"https:\/\/www.webdo.tn\/fr\/?s={search_term_string}"},"query-input":{"@type":"PropertyValueSpecification","valueRequired":true,"valueName":"search_term_string"}}],"inLanguage":"fr-FR"},{"@type":"Organization","@id":"https:\/\/www.webdo.tn\/fr\/#organization","name":"Webdo","alternateName":"Webdo.tn","url":"https:\/\/www.webdo.tn\/fr\/","logo":{"@type":"ImageObject","inLanguage":"fr-FR","@id":"https:\/\/www.webdo.tn\/fr\/#\/schema\/logo\/image\/","url":"https:\/\/www.webdo.tn\/fr\/wp-content\/uploads\/2025\/06\/Webdo-Tunisie_168377.jpg","contentUrl":"https:\/\/www.webdo.tn\/fr\/wp-content\/uploads\/2025\/06\/Webdo-Tunisie_168377.jpg","width":301,"height":301,"caption":"Webdo"},"image":{"@id":"https:\/\/www.webdo.tn\/fr\/#\/schema\/logo\/image\/"},"sameAs":["https:\/\/www.facebook.com\/webdotn","https:\/\/x.com\/webdo_tn"],"description":"Webdo est un m\u00e9dia num\u00e9rique tunisien fond\u00e9 en 2010, sp\u00e9cialis\u00e9 dans l\u2019actualit\u00e9 nationale et internationale, l\u2019\u00e9conomie, la soci\u00e9t\u00e9 et les analyses politiques. Le site s\u2019adresse \u00e0 un large public francophone et couvre l\u2019information tunisienne en temps r\u00e9el.","email":"redac@webdo.tn","legalName":"YNJ SARL","foundingDate":"2010-09-06","numberOfEmployees":{"@type":"QuantitativeValue","minValue":"11","maxValue":"50"}},{"@type":"Person","@id":"https:\/\/www.webdo.tn\/fr\/#\/schema\/person\/2c4929cbf5a809e3bd38617c6ce150f6","name":"MC","image":{"@type":"ImageObject","inLanguage":"fr-FR","@id":"https:\/\/secure.gravatar.com\/avatar\/a545bbb6f84efdd5553dbbc2895e3ca8f1d12c5215e00a041c9670b54aa9b18a?s=96&d=mm&r=g","url":"https:\/\/secure.gravatar.com\/avatar\/a545bbb6f84efdd5553dbbc2895e3ca8f1d12c5215e00a041c9670b54aa9b18a?s=96&d=mm&r=g","contentUrl":"https:\/\/secure.gravatar.com\/avatar\/a545bbb6f84efdd5553dbbc2895e3ca8f1d12c5215e00a041c9670b54aa9b18a?s=96&d=mm&r=g","caption":"MC"},"url":"https:\/\/www.webdo.tn\/fr\/actualite\/author\/mc\/"}]}},"_links":{"self":[{"href":"https:\/\/www.webdo.tn\/fr\/wp-json\/wp\/v2\/posts\/203122","targetHints":{"allow":["GET"]}}],"collection":[{"href":"https:\/\/www.webdo.tn\/fr\/wp-json\/wp\/v2\/posts"}],"about":[{"href":"https:\/\/www.webdo.tn\/fr\/wp-json\/wp\/v2\/types\/post"}],"author":[{"embeddable":true,"href":"https:\/\/www.webdo.tn\/fr\/wp-json\/wp\/v2\/users\/3162"}],"replies":[{"embeddable":true,"href":"https:\/\/www.webdo.tn\/fr\/wp-json\/wp\/v2\/comments?post=203122"}],"version-history":[{"count":0,"href":"https:\/\/www.webdo.tn\/fr\/wp-json\/wp\/v2\/posts\/203122\/revisions"}],"wp:featuredmedia":[{"embeddable":true,"href":"https:\/\/www.webdo.tn\/fr\/wp-json\/wp\/v2\/media\/277801"}],"wp:attachment":[{"href":"https:\/\/www.webdo.tn\/fr\/wp-json\/wp\/v2\/media?parent=203122"}],"wp:term":[{"taxonomy":"category","embeddable":true,"href":"https:\/\/www.webdo.tn\/fr\/wp-json\/wp\/v2\/categories?post=203122"},{"taxonomy":"post_tag","embeddable":true,"href":"https:\/\/www.webdo.tn\/fr\/wp-json\/wp\/v2\/tags?post=203122"}],"curies":[{"name":"wp","href":"https:\/\/api.w.org\/{rel}","templated":true}]}}