{"id":203116,"date":"2023-02-20T08:41:00","date_gmt":"2023-02-20T08:41:00","guid":{"rendered":"https:\/\/www.webdo.tn\/fr\/blog\/coupure-d-eau-dans-la-banlieue-sud-a-partir-de-demain\/203116\/"},"modified":"2025-05-20T22:07:36","modified_gmt":"2025-05-20T22:07:36","slug":"coupure-d-eau-dans-la-banlieue-sud-a-partir-de-demain","status":"publish","type":"post","link":"https:\/\/www.webdo.tn\/fr\/actualite\/regions\/coupure-d-eau-dans-la-banlieue-sud-a-partir-de-demain\/203116\/","title":{"rendered":"Coupure d\u2019eau dans la banlieue sud \u00e0 partir de demain"},"content":{"rendered":"<p>Une coupure et une perturbation dans la distribution de l\u2019eau potable seront enregistr\u00e9es, demain, mardi 21 f\u00e9vrier 2023, \u00e0 partir de 8h00 du matin dans la banlieue sud de la capitale, a annonc\u00e9, hier dans un communiqu\u00e9 la Soci\u00e9t\u00e9 Nationale de Distribution et d\u2019Exploitation des Eaux (SONDE).<\/p>\n<p>\t\t\t\t\t\t\t\t\tCette coupure concerne notamment la Cit\u00e9 Ennour, la Cit\u00e9 Ibn Sina, Djebel Jelloud, Sidi Fathallah, El Mourouj, Na\u00e2ssane, Chbedda, Mghira, Fouchana El Mhamdia, M\u00e9grine, Rad\u00e8s et Ezzahra.<\/p>\n<p>D\u2019autres localit\u00e9s, seront touch\u00e9es par cette perturbation, \u00e0 l\u2019instar de Boumhel, Hammam Lif, Hammam Chott, Borj C\u00e9dria, Mornag, B\u00efir Mchergua, Djebel Oust, la Cit\u00e9 Soltane, la ville de Soliman et Foundok Djedid.<\/p>\n<p>Cette coupure est caus\u00e9e par des travaux au niveau des principales structures hydrauliques, la SONEDE faisant savoir que les travaux se poursuivront sans continuit\u00e9 jours et nuits et il est pr\u00e9vu que l\u2019approvisionnement en eau potable reprendra progressivement, \u00e0 partir de jeudi 23 f\u00e9vrier 2023 \u00e0 23h00.<\/p>\n","protected":false},"excerpt":{"rendered":"<p>Une coupure et une perturbation dans la distribution de l\u2019eau potable seront enregistr\u00e9es, demain, mardi 21 f\u00e9vrier 2023, \u00e0 partir de 8h00 du matin dans la banl&#8230;<\/p>\n","protected":false},"author":3162,"featured_media":277791,"comment_status":"open","ping_status":"closed","sticky":false,"template":"","format":"standard","meta":{"footnotes":""},"categories":[2595],"tags":[3744,2753,2752,2640],"class_list":["post-203116","post","type-post","status-publish","format-standard","has-post-thumbnail","hentry","category-regions","tag-banlieue-sud","tag-coupure-deau","tag-sonede","tag-tunis"],"yoast_head":"<!-- This site is optimized with the Yoast SEO Premium plugin v27.4 (Yoast SEO v27.5) - https:\/\/yoast.com\/product\/yoast-seo-premium-wordpress\/ -->\n<title>Coupure d\u2019eau dans la banlieue sud \u00e0 partir de demain<\/title>\n<meta name=\"description\" content=\"Une coupure et une perturbation dans la distribution de l\u2019eau potable seront enregistr\u00e9es, demain, mardi 21 f\u00e9vrier 2023, \u00e0 partir de 8h00 du matin dans la banl...\" \/>\n<link rel=\"canonical\" href=\"https:\/\/www.webdo.tn\/fr\/actualite\/regions\/coupure-d-eau-dans-la-banlieue-sud-a-partir-de-demain\/203116\/\" \/>\n<meta property=\"og:locale\" content=\"fr_FR\" \/>\n<meta property=\"og:type\" content=\"article\" \/>\n<meta property=\"og:title\" content=\"Coupure d\u2019eau dans la banlieue sud \u00e0 partir de demain\" \/>\n<meta property=\"og:description\" content=\"Une coupure et une perturbation dans la distribution de l\u2019eau potable seront enregistr\u00e9es, demain, mardi 21 f\u00e9vrier 2023, \u00e0 partir de 8h00 du matin dans la banl...\" \/>\n<meta property=\"og:url\" content=\"https:\/\/www.webdo.tn\/fr\/actualite\/regions\/coupure-d-eau-dans-la-banlieue-sud-a-partir-de-demain\/203116\/\" \/>\n<meta property=\"og:site_name\" content=\"webdo\" \/>\n<meta property=\"article:publisher\" content=\"https:\/\/www.facebook.com\/webdotn\" \/>\n<meta property=\"article:published_time\" content=\"2023-02-20T08:41:00+00:00\" \/>\n<meta property=\"article:modified_time\" content=\"2025-05-20T22:07:36+00:00\" \/>\n<meta property=\"og:image\" content=\"https:\/\/www.webdo.tn\/fr\/wp-content\/uploads\/2023\/02\/092c783934b00f9d3b2371afac607061.jpg\" \/>\n\t<meta property=\"og:image:width\" content=\"566\" \/>\n\t<meta property=\"og:image:height\" content=\"302\" \/>\n\t<meta property=\"og:image:type\" content=\"image\/jpeg\" \/>\n<meta name=\"author\" content=\"MC\" \/>\n<meta name=\"twitter:card\" content=\"summary_large_image\" \/>\n<meta name=\"twitter:creator\" content=\"@webdo_tn\" \/>\n<meta name=\"twitter:site\" content=\"@webdo_tn\" \/>\n<meta name=\"twitter:label1\" content=\"\u00c9crit par\" \/>\n\t<meta name=\"twitter:data1\" content=\"MC\" \/>\n\t<meta name=\"twitter:label2\" content=\"Dur\u00e9e de lecture estim\u00e9e\" \/>\n\t<meta name=\"twitter:data2\" content=\"1 minute\" \/>\n<script type=\"application\/ld+json\" class=\"yoast-schema-graph\">{\"@context\":\"https:\\\/\\\/schema.org\",\"@graph\":[{\"@type\":\"NewsArticle\",\"@id\":\"https:\\\/\\\/www.webdo.tn\\\/fr\\\/actualite\\\/regions\\\/coupure-d-eau-dans-la-banlieue-sud-a-partir-de-demain\\\/203116\\\/#article\",\"isPartOf\":{\"@id\":\"https:\\\/\\\/www.webdo.tn\\\/fr\\\/actualite\\\/regions\\\/coupure-d-eau-dans-la-banlieue-sud-a-partir-de-demain\\\/203116\\\/\"},\"author\":{\"name\":\"MC\",\"@id\":\"https:\\\/\\\/www.webdo.tn\\\/fr\\\/#\\\/schema\\\/person\\\/2c4929cbf5a809e3bd38617c6ce150f6\"},\"headline\":\"Coupure d\u2019eau dans la banlieue sud \u00e0 partir de demain\",\"datePublished\":\"2023-02-20T08:41:00+00:00\",\"dateModified\":\"2025-05-20T22:07:36+00:00\",\"mainEntityOfPage\":{\"@id\":\"https:\\\/\\\/www.webdo.tn\\\/fr\\\/actualite\\\/regions\\\/coupure-d-eau-dans-la-banlieue-sud-a-partir-de-demain\\\/203116\\\/\"},\"wordCount\":173,\"commentCount\":0,\"publisher\":{\"@id\":\"https:\\\/\\\/www.webdo.tn\\\/fr\\\/#organization\"},\"image\":{\"@id\":\"https:\\\/\\\/www.webdo.tn\\\/fr\\\/actualite\\\/regions\\\/coupure-d-eau-dans-la-banlieue-sud-a-partir-de-demain\\\/203116\\\/#primaryimage\"},\"thumbnailUrl\":\"https:\\\/\\\/www.webdo.tn\\\/fr\\\/wp-content\\\/uploads\\\/2023\\\/02\\\/092c783934b00f9d3b2371afac607061.jpg\",\"keywords\":[\"banlieue sud\",\"Coupure d'eau\",\"Sonede\",\"Tunis\"],\"articleSection\":[\"regions\"],\"inLanguage\":\"fr-FR\"},{\"@type\":\"WebPage\",\"@id\":\"https:\\\/\\\/www.webdo.tn\\\/fr\\\/actualite\\\/regions\\\/coupure-d-eau-dans-la-banlieue-sud-a-partir-de-demain\\\/203116\\\/\",\"url\":\"https:\\\/\\\/www.webdo.tn\\\/fr\\\/actualite\\\/regions\\\/coupure-d-eau-dans-la-banlieue-sud-a-partir-de-demain\\\/203116\\\/\",\"name\":\"Coupure d\u2019eau dans la banlieue sud \u00e0 partir de demain\",\"isPartOf\":{\"@id\":\"https:\\\/\\\/www.webdo.tn\\\/fr\\\/#website\"},\"primaryImageOfPage\":{\"@id\":\"https:\\\/\\\/www.webdo.tn\\\/fr\\\/actualite\\\/regions\\\/coupure-d-eau-dans-la-banlieue-sud-a-partir-de-demain\\\/203116\\\/#primaryimage\"},\"image\":{\"@id\":\"https:\\\/\\\/www.webdo.tn\\\/fr\\\/actualite\\\/regions\\\/coupure-d-eau-dans-la-banlieue-sud-a-partir-de-demain\\\/203116\\\/#primaryimage\"},\"thumbnailUrl\":\"https:\\\/\\\/www.webdo.tn\\\/fr\\\/wp-content\\\/uploads\\\/2023\\\/02\\\/092c783934b00f9d3b2371afac607061.jpg\",\"datePublished\":\"2023-02-20T08:41:00+00:00\",\"dateModified\":\"2025-05-20T22:07:36+00:00\",\"description\":\"Une coupure et une perturbation dans la distribution de l\u2019eau potable seront enregistr\u00e9es, demain, mardi 21 f\u00e9vrier 2023, \u00e0 partir de 8h00 du matin dans la banl...\",\"breadcrumb\":{\"@id\":\"https:\\\/\\\/www.webdo.tn\\\/fr\\\/actualite\\\/regions\\\/coupure-d-eau-dans-la-banlieue-sud-a-partir-de-demain\\\/203116\\\/#breadcrumb\"},\"inLanguage\":\"fr-FR\",\"potentialAction\":[{\"@type\":\"ReadAction\",\"target\":[\"https:\\\/\\\/www.webdo.tn\\\/fr\\\/actualite\\\/regions\\\/coupure-d-eau-dans-la-banlieue-sud-a-partir-de-demain\\\/203116\\\/\"]}]},{\"@type\":\"ImageObject\",\"inLanguage\":\"fr-FR\",\"@id\":\"https:\\\/\\\/www.webdo.tn\\\/fr\\\/actualite\\\/regions\\\/coupure-d-eau-dans-la-banlieue-sud-a-partir-de-demain\\\/203116\\\/#primaryimage\",\"url\":\"https:\\\/\\\/www.webdo.tn\\\/fr\\\/wp-content\\\/uploads\\\/2023\\\/02\\\/092c783934b00f9d3b2371afac607061.jpg\",\"contentUrl\":\"https:\\\/\\\/www.webdo.tn\\\/fr\\\/wp-content\\\/uploads\\\/2023\\\/02\\\/092c783934b00f9d3b2371afac607061.jpg\",\"width\":566,\"height\":302,\"caption\":\"Coupure d\u2019eau dans la banlieue sud \u00e0 partir de demain\"},{\"@type\":\"BreadcrumbList\",\"@id\":\"https:\\\/\\\/www.webdo.tn\\\/fr\\\/actualite\\\/regions\\\/coupure-d-eau-dans-la-banlieue-sud-a-partir-de-demain\\\/203116\\\/#breadcrumb\",\"itemListElement\":[{\"@type\":\"ListItem\",\"position\":1,\"name\":\"Accueil\",\"item\":\"https:\\\/\\\/www.webdo.tn\\\/fr\\\/\"},{\"@type\":\"ListItem\",\"position\":2,\"name\":\"Coupure d\u2019eau dans la banlieue sud \u00e0 partir de demain\"}]},{\"@type\":\"WebSite\",\"@id\":\"https:\\\/\\\/www.webdo.tn\\\/fr\\\/#website\",\"url\":\"https:\\\/\\\/www.webdo.tn\\\/fr\\\/\",\"name\":\"webdo\",\"description\":\"Tunisie - News en Tunisie et \u00e0 l&#039;international sur Webdo.tn\",\"publisher\":{\"@id\":\"https:\\\/\\\/www.webdo.tn\\\/fr\\\/#organization\"},\"potentialAction\":[{\"@type\":\"SearchAction\",\"target\":{\"@type\":\"EntryPoint\",\"urlTemplate\":\"https:\\\/\\\/www.webdo.tn\\\/fr\\\/?s={search_term_string}\"},\"query-input\":{\"@type\":\"PropertyValueSpecification\",\"valueRequired\":true,\"valueName\":\"search_term_string\"}}],\"inLanguage\":\"fr-FR\"},{\"@type\":\"Organization\",\"@id\":\"https:\\\/\\\/www.webdo.tn\\\/fr\\\/#organization\",\"name\":\"Webdo\",\"alternateName\":\"Webdo.tn\",\"url\":\"https:\\\/\\\/www.webdo.tn\\\/fr\\\/\",\"logo\":{\"@type\":\"ImageObject\",\"inLanguage\":\"fr-FR\",\"@id\":\"https:\\\/\\\/www.webdo.tn\\\/fr\\\/#\\\/schema\\\/logo\\\/image\\\/\",\"url\":\"https:\\\/\\\/www.webdo.tn\\\/fr\\\/wp-content\\\/uploads\\\/2025\\\/06\\\/Webdo-Tunisie_168377.jpg\",\"contentUrl\":\"https:\\\/\\\/www.webdo.tn\\\/fr\\\/wp-content\\\/uploads\\\/2025\\\/06\\\/Webdo-Tunisie_168377.jpg\",\"width\":301,\"height\":301,\"caption\":\"Webdo\"},\"image\":{\"@id\":\"https:\\\/\\\/www.webdo.tn\\\/fr\\\/#\\\/schema\\\/logo\\\/image\\\/\"},\"sameAs\":[\"https:\\\/\\\/www.facebook.com\\\/webdotn\",\"https:\\\/\\\/x.com\\\/webdo_tn\"],\"description\":\"Webdo est un m\u00e9dia num\u00e9rique tunisien fond\u00e9 en 2010, sp\u00e9cialis\u00e9 dans l\u2019actualit\u00e9 nationale et internationale, l\u2019\u00e9conomie, la soci\u00e9t\u00e9 et les analyses politiques. Le site s\u2019adresse \u00e0 un large public francophone et couvre l\u2019information tunisienne en temps r\u00e9el.\",\"email\":\"redac@webdo.tn\",\"legalName\":\"YNJ SARL\",\"foundingDate\":\"2010-09-06\",\"numberOfEmployees\":{\"@type\":\"QuantitativeValue\",\"minValue\":\"11\",\"maxValue\":\"50\"}},{\"@type\":\"Person\",\"@id\":\"https:\\\/\\\/www.webdo.tn\\\/fr\\\/#\\\/schema\\\/person\\\/2c4929cbf5a809e3bd38617c6ce150f6\",\"name\":\"MC\",\"image\":{\"@type\":\"ImageObject\",\"inLanguage\":\"fr-FR\",\"@id\":\"https:\\\/\\\/secure.gravatar.com\\\/avatar\\\/a545bbb6f84efdd5553dbbc2895e3ca8f1d12c5215e00a041c9670b54aa9b18a?s=96&d=mm&r=g\",\"url\":\"https:\\\/\\\/secure.gravatar.com\\\/avatar\\\/a545bbb6f84efdd5553dbbc2895e3ca8f1d12c5215e00a041c9670b54aa9b18a?s=96&d=mm&r=g\",\"contentUrl\":\"https:\\\/\\\/secure.gravatar.com\\\/avatar\\\/a545bbb6f84efdd5553dbbc2895e3ca8f1d12c5215e00a041c9670b54aa9b18a?s=96&d=mm&r=g\",\"caption\":\"MC\"},\"url\":\"https:\\\/\\\/www.webdo.tn\\\/fr\\\/actualite\\\/author\\\/mc\\\/\"}]}<\/script>\n<!-- \/ Yoast SEO Premium plugin. -->","yoast_head_json":{"title":"Coupure d\u2019eau dans la banlieue sud \u00e0 partir de demain","description":"Une coupure et une perturbation dans la distribution de l\u2019eau potable seront enregistr\u00e9es, demain, mardi 21 f\u00e9vrier 2023, \u00e0 partir de 8h00 du matin dans la banl...","canonical":"https:\/\/www.webdo.tn\/fr\/actualite\/regions\/coupure-d-eau-dans-la-banlieue-sud-a-partir-de-demain\/203116\/","og_locale":"fr_FR","og_type":"article","og_title":"Coupure d\u2019eau dans la banlieue sud \u00e0 partir de demain","og_description":"Une coupure et une perturbation dans la distribution de l\u2019eau potable seront enregistr\u00e9es, demain, mardi 21 f\u00e9vrier 2023, \u00e0 partir de 8h00 du matin dans la banl...","og_url":"https:\/\/www.webdo.tn\/fr\/actualite\/regions\/coupure-d-eau-dans-la-banlieue-sud-a-partir-de-demain\/203116\/","og_site_name":"webdo","article_publisher":"https:\/\/www.facebook.com\/webdotn","article_published_time":"2023-02-20T08:41:00+00:00","article_modified_time":"2025-05-20T22:07:36+00:00","og_image":[{"width":566,"height":302,"url":"https:\/\/www.webdo.tn\/fr\/wp-content\/uploads\/2023\/02\/092c783934b00f9d3b2371afac607061.jpg","type":"image\/jpeg"}],"author":"MC","twitter_card":"summary_large_image","twitter_creator":"@webdo_tn","twitter_site":"@webdo_tn","twitter_misc":{"\u00c9crit par":"MC","Dur\u00e9e de lecture estim\u00e9e":"1 minute"},"schema":{"@context":"https:\/\/schema.org","@graph":[{"@type":"NewsArticle","@id":"https:\/\/www.webdo.tn\/fr\/actualite\/regions\/coupure-d-eau-dans-la-banlieue-sud-a-partir-de-demain\/203116\/#article","isPartOf":{"@id":"https:\/\/www.webdo.tn\/fr\/actualite\/regions\/coupure-d-eau-dans-la-banlieue-sud-a-partir-de-demain\/203116\/"},"author":{"name":"MC","@id":"https:\/\/www.webdo.tn\/fr\/#\/schema\/person\/2c4929cbf5a809e3bd38617c6ce150f6"},"headline":"Coupure d\u2019eau dans la banlieue sud \u00e0 partir de demain","datePublished":"2023-02-20T08:41:00+00:00","dateModified":"2025-05-20T22:07:36+00:00","mainEntityOfPage":{"@id":"https:\/\/www.webdo.tn\/fr\/actualite\/regions\/coupure-d-eau-dans-la-banlieue-sud-a-partir-de-demain\/203116\/"},"wordCount":173,"commentCount":0,"publisher":{"@id":"https:\/\/www.webdo.tn\/fr\/#organization"},"image":{"@id":"https:\/\/www.webdo.tn\/fr\/actualite\/regions\/coupure-d-eau-dans-la-banlieue-sud-a-partir-de-demain\/203116\/#primaryimage"},"thumbnailUrl":"https:\/\/www.webdo.tn\/fr\/wp-content\/uploads\/2023\/02\/092c783934b00f9d3b2371afac607061.jpg","keywords":["banlieue sud","Coupure d'eau","Sonede","Tunis"],"articleSection":["regions"],"inLanguage":"fr-FR"},{"@type":"WebPage","@id":"https:\/\/www.webdo.tn\/fr\/actualite\/regions\/coupure-d-eau-dans-la-banlieue-sud-a-partir-de-demain\/203116\/","url":"https:\/\/www.webdo.tn\/fr\/actualite\/regions\/coupure-d-eau-dans-la-banlieue-sud-a-partir-de-demain\/203116\/","name":"Coupure d\u2019eau dans la banlieue sud \u00e0 partir de demain","isPartOf":{"@id":"https:\/\/www.webdo.tn\/fr\/#website"},"primaryImageOfPage":{"@id":"https:\/\/www.webdo.tn\/fr\/actualite\/regions\/coupure-d-eau-dans-la-banlieue-sud-a-partir-de-demain\/203116\/#primaryimage"},"image":{"@id":"https:\/\/www.webdo.tn\/fr\/actualite\/regions\/coupure-d-eau-dans-la-banlieue-sud-a-partir-de-demain\/203116\/#primaryimage"},"thumbnailUrl":"https:\/\/www.webdo.tn\/fr\/wp-content\/uploads\/2023\/02\/092c783934b00f9d3b2371afac607061.jpg","datePublished":"2023-02-20T08:41:00+00:00","dateModified":"2025-05-20T22:07:36+00:00","description":"Une coupure et une perturbation dans la distribution de l\u2019eau potable seront enregistr\u00e9es, demain, mardi 21 f\u00e9vrier 2023, \u00e0 partir de 8h00 du matin dans la banl...","breadcrumb":{"@id":"https:\/\/www.webdo.tn\/fr\/actualite\/regions\/coupure-d-eau-dans-la-banlieue-sud-a-partir-de-demain\/203116\/#breadcrumb"},"inLanguage":"fr-FR","potentialAction":[{"@type":"ReadAction","target":["https:\/\/www.webdo.tn\/fr\/actualite\/regions\/coupure-d-eau-dans-la-banlieue-sud-a-partir-de-demain\/203116\/"]}]},{"@type":"ImageObject","inLanguage":"fr-FR","@id":"https:\/\/www.webdo.tn\/fr\/actualite\/regions\/coupure-d-eau-dans-la-banlieue-sud-a-partir-de-demain\/203116\/#primaryimage","url":"https:\/\/www.webdo.tn\/fr\/wp-content\/uploads\/2023\/02\/092c783934b00f9d3b2371afac607061.jpg","contentUrl":"https:\/\/www.webdo.tn\/fr\/wp-content\/uploads\/2023\/02\/092c783934b00f9d3b2371afac607061.jpg","width":566,"height":302,"caption":"Coupure d\u2019eau dans la banlieue sud \u00e0 partir de demain"},{"@type":"BreadcrumbList","@id":"https:\/\/www.webdo.tn\/fr\/actualite\/regions\/coupure-d-eau-dans-la-banlieue-sud-a-partir-de-demain\/203116\/#breadcrumb","itemListElement":[{"@type":"ListItem","position":1,"name":"Accueil","item":"https:\/\/www.webdo.tn\/fr\/"},{"@type":"ListItem","position":2,"name":"Coupure d\u2019eau dans la banlieue sud \u00e0 partir de demain"}]},{"@type":"WebSite","@id":"https:\/\/www.webdo.tn\/fr\/#website","url":"https:\/\/www.webdo.tn\/fr\/","name":"webdo","description":"Tunisie - News en Tunisie et \u00e0 l&#039;international sur Webdo.tn","publisher":{"@id":"https:\/\/www.webdo.tn\/fr\/#organization"},"potentialAction":[{"@type":"SearchAction","target":{"@type":"EntryPoint","urlTemplate":"https:\/\/www.webdo.tn\/fr\/?s={search_term_string}"},"query-input":{"@type":"PropertyValueSpecification","valueRequired":true,"valueName":"search_term_string"}}],"inLanguage":"fr-FR"},{"@type":"Organization","@id":"https:\/\/www.webdo.tn\/fr\/#organization","name":"Webdo","alternateName":"Webdo.tn","url":"https:\/\/www.webdo.tn\/fr\/","logo":{"@type":"ImageObject","inLanguage":"fr-FR","@id":"https:\/\/www.webdo.tn\/fr\/#\/schema\/logo\/image\/","url":"https:\/\/www.webdo.tn\/fr\/wp-content\/uploads\/2025\/06\/Webdo-Tunisie_168377.jpg","contentUrl":"https:\/\/www.webdo.tn\/fr\/wp-content\/uploads\/2025\/06\/Webdo-Tunisie_168377.jpg","width":301,"height":301,"caption":"Webdo"},"image":{"@id":"https:\/\/www.webdo.tn\/fr\/#\/schema\/logo\/image\/"},"sameAs":["https:\/\/www.facebook.com\/webdotn","https:\/\/x.com\/webdo_tn"],"description":"Webdo est un m\u00e9dia num\u00e9rique tunisien fond\u00e9 en 2010, sp\u00e9cialis\u00e9 dans l\u2019actualit\u00e9 nationale et internationale, l\u2019\u00e9conomie, la soci\u00e9t\u00e9 et les analyses politiques. Le site s\u2019adresse \u00e0 un large public francophone et couvre l\u2019information tunisienne en temps r\u00e9el.","email":"redac@webdo.tn","legalName":"YNJ SARL","foundingDate":"2010-09-06","numberOfEmployees":{"@type":"QuantitativeValue","minValue":"11","maxValue":"50"}},{"@type":"Person","@id":"https:\/\/www.webdo.tn\/fr\/#\/schema\/person\/2c4929cbf5a809e3bd38617c6ce150f6","name":"MC","image":{"@type":"ImageObject","inLanguage":"fr-FR","@id":"https:\/\/secure.gravatar.com\/avatar\/a545bbb6f84efdd5553dbbc2895e3ca8f1d12c5215e00a041c9670b54aa9b18a?s=96&d=mm&r=g","url":"https:\/\/secure.gravatar.com\/avatar\/a545bbb6f84efdd5553dbbc2895e3ca8f1d12c5215e00a041c9670b54aa9b18a?s=96&d=mm&r=g","contentUrl":"https:\/\/secure.gravatar.com\/avatar\/a545bbb6f84efdd5553dbbc2895e3ca8f1d12c5215e00a041c9670b54aa9b18a?s=96&d=mm&r=g","caption":"MC"},"url":"https:\/\/www.webdo.tn\/fr\/actualite\/author\/mc\/"}]}},"_links":{"self":[{"href":"https:\/\/www.webdo.tn\/fr\/wp-json\/wp\/v2\/posts\/203116","targetHints":{"allow":["GET"]}}],"collection":[{"href":"https:\/\/www.webdo.tn\/fr\/wp-json\/wp\/v2\/posts"}],"about":[{"href":"https:\/\/www.webdo.tn\/fr\/wp-json\/wp\/v2\/types\/post"}],"author":[{"embeddable":true,"href":"https:\/\/www.webdo.tn\/fr\/wp-json\/wp\/v2\/users\/3162"}],"replies":[{"embeddable":true,"href":"https:\/\/www.webdo.tn\/fr\/wp-json\/wp\/v2\/comments?post=203116"}],"version-history":[{"count":0,"href":"https:\/\/www.webdo.tn\/fr\/wp-json\/wp\/v2\/posts\/203116\/revisions"}],"wp:featuredmedia":[{"embeddable":true,"href":"https:\/\/www.webdo.tn\/fr\/wp-json\/wp\/v2\/media\/277791"}],"wp:attachment":[{"href":"https:\/\/www.webdo.tn\/fr\/wp-json\/wp\/v2\/media?parent=203116"}],"wp:term":[{"taxonomy":"category","embeddable":true,"href":"https:\/\/www.webdo.tn\/fr\/wp-json\/wp\/v2\/categories?post=203116"},{"taxonomy":"post_tag","embeddable":true,"href":"https:\/\/www.webdo.tn\/fr\/wp-json\/wp\/v2\/tags?post=203116"}],"curies":[{"name":"wp","href":"https:\/\/api.w.org\/{rel}","templated":true}]}}