{"id":203115,"date":"2023-02-20T08:14:00","date_gmt":"2023-02-20T08:14:00","guid":{"rendered":"https:\/\/www.webdo.tn\/fr\/blog\/tunisie-esther-lynch-menace-de-saisir-l-ue\/203115\/"},"modified":"2025-05-20T22:49:14","modified_gmt":"2025-05-20T22:49:14","slug":"tunisie-esther-lynch-menace-de-saisir-l-ue","status":"publish","type":"post","link":"https:\/\/www.webdo.tn\/fr\/actualite\/national\/tunisie-esther-lynch-menace-de-saisir-l-ue\/203115\/","title":{"rendered":"Tunisie : Esther Lynch menace de saisir l\u2019UE"},"content":{"rendered":"<p>Renvoy\u00e9e du pays, samedi par le pr\u00e9sident de la R\u00e9publique, la secr\u00e9taire g\u00e9n\u00e9rale de l\u2019Union des syndicats europ\u00e9ens Esther Lynch a r\u00e9agi, dimanche \u00e0 cette d\u00e9cision.<\/p>\n<p>Lynch a appel\u00e9, dans des d\u00e9clarations m\u00e9diatiques, Sa\u00efed \u00e0 respecter les droits de l\u2019Homme et \u00e0 \u00ab cesser ses attaques contre les syndicats \u00bb.<\/p>\n<p>Elle qui a \u00e9t\u00e9 qualifi\u00e9e Persona non grata en Tunisie a menac\u00e9 qu\u2019elle allait se plaindre de ses agissements envers sa personne, aupr\u00e8s des plus hauts niveaux de l\u2019Union Europ\u00e9enne<\/p>\n<p>Tunis a ordonn\u00e9 le d\u00e9part d&rsquo;Esther Lynch, la secr\u00e9taire g\u00e9n\u00e9rale de la Conf\u00e9d\u00e9ration europ\u00e9enne des syndicats. Cette derni\u00e8re est la plus haute responsable syndicale des 27. Les autorit\u00e9s lui ont donn\u00e9, samedi dernier, 24 heures pour quitter le territoire.<\/p>\n","protected":false},"excerpt":{"rendered":"<p>Renvoy\u00e9e du pays, samedi par le pr\u00e9sident de la R\u00e9publique, la secr\u00e9taire g\u00e9n\u00e9rale de l\u2019Union des syndicats europ\u00e9ens Esther Lynch a r\u00e9agi, dimanche \u00e0 cette d\u00e9c&#8230;<\/p>\n","protected":false},"author":3175,"featured_media":277793,"comment_status":"open","ping_status":"closed","sticky":false,"template":"","format":"standard","meta":{"footnotes":""},"categories":[44],"tags":[3093,2608,2897,2649],"class_list":["post-203115","post","type-post","status-publish","format-standard","has-post-thumbnail","hentry","category-national","tag-syndicat","tag-tunisie","tag-ue","tag-ugtt"],"yoast_head":"<!-- This site is optimized with the Yoast SEO Premium plugin v27.4 (Yoast SEO v27.4) - https:\/\/yoast.com\/product\/yoast-seo-premium-wordpress\/ -->\n<title>Tunisie : Esther Lynch menace de saisir l\u2019UE<\/title>\n<meta name=\"description\" content=\"Renvoy\u00e9e du pays, samedi par le pr\u00e9sident de la R\u00e9publique, la secr\u00e9taire g\u00e9n\u00e9rale de l\u2019Union des syndicats europ\u00e9ens Esther Lynch a r\u00e9agi, dimanche \u00e0 cette d\u00e9c...\" \/>\n<link rel=\"canonical\" href=\"https:\/\/www.webdo.tn\/fr\/actualite\/national\/tunisie-esther-lynch-menace-de-saisir-l-ue\/203115\/\" \/>\n<meta property=\"og:locale\" content=\"fr_FR\" \/>\n<meta property=\"og:type\" content=\"article\" \/>\n<meta property=\"og:title\" content=\"Tunisie : Esther Lynch menace de saisir l\u2019UE\" \/>\n<meta property=\"og:description\" content=\"Renvoy\u00e9e du pays, samedi par le pr\u00e9sident de la R\u00e9publique, la secr\u00e9taire g\u00e9n\u00e9rale de l\u2019Union des syndicats europ\u00e9ens Esther Lynch a r\u00e9agi, dimanche \u00e0 cette d\u00e9c...\" \/>\n<meta property=\"og:url\" content=\"https:\/\/www.webdo.tn\/fr\/actualite\/national\/tunisie-esther-lynch-menace-de-saisir-l-ue\/203115\/\" \/>\n<meta property=\"og:site_name\" content=\"webdo\" \/>\n<meta property=\"article:publisher\" content=\"https:\/\/www.facebook.com\/webdotn\" \/>\n<meta property=\"article:published_time\" content=\"2023-02-20T08:14:00+00:00\" \/>\n<meta property=\"article:modified_time\" content=\"2025-05-20T22:49:14+00:00\" \/>\n<meta property=\"og:image\" content=\"https:\/\/www.webdo.tn\/fr\/wp-content\/uploads\/2023\/02\/8ab7f47885a7601308bbdca747caf03b.png\" \/>\n\t<meta property=\"og:image:width\" content=\"750\" \/>\n\t<meta property=\"og:image:height\" content=\"400\" \/>\n\t<meta property=\"og:image:type\" content=\"image\/png\" \/>\n<meta name=\"author\" content=\"CL\" \/>\n<meta name=\"twitter:card\" content=\"summary_large_image\" \/>\n<meta name=\"twitter:creator\" content=\"@webdo_tn\" \/>\n<meta name=\"twitter:site\" content=\"@webdo_tn\" \/>\n<meta name=\"twitter:label1\" content=\"\u00c9crit par\" \/>\n\t<meta name=\"twitter:data1\" content=\"CL\" \/>\n\t<meta name=\"twitter:label2\" content=\"Dur\u00e9e de lecture estim\u00e9e\" \/>\n\t<meta name=\"twitter:data2\" content=\"1 minute\" \/>\n<script type=\"application\/ld+json\" class=\"yoast-schema-graph\">{\"@context\":\"https:\\\/\\\/schema.org\",\"@graph\":[{\"@type\":\"NewsArticle\",\"@id\":\"https:\\\/\\\/www.webdo.tn\\\/fr\\\/actualite\\\/national\\\/tunisie-esther-lynch-menace-de-saisir-l-ue\\\/203115\\\/#article\",\"isPartOf\":{\"@id\":\"https:\\\/\\\/www.webdo.tn\\\/fr\\\/actualite\\\/national\\\/tunisie-esther-lynch-menace-de-saisir-l-ue\\\/203115\\\/\"},\"author\":{\"name\":\"CL\",\"@id\":\"https:\\\/\\\/www.webdo.tn\\\/fr\\\/#\\\/schema\\\/person\\\/f35b42a42c5e2511bbd282959d6385cc\"},\"headline\":\"Tunisie : Esther Lynch menace de saisir l\u2019UE\",\"datePublished\":\"2023-02-20T08:14:00+00:00\",\"dateModified\":\"2025-05-20T22:49:14+00:00\",\"mainEntityOfPage\":{\"@id\":\"https:\\\/\\\/www.webdo.tn\\\/fr\\\/actualite\\\/national\\\/tunisie-esther-lynch-menace-de-saisir-l-ue\\\/203115\\\/\"},\"wordCount\":149,\"commentCount\":0,\"publisher\":{\"@id\":\"https:\\\/\\\/www.webdo.tn\\\/fr\\\/#organization\"},\"image\":{\"@id\":\"https:\\\/\\\/www.webdo.tn\\\/fr\\\/actualite\\\/national\\\/tunisie-esther-lynch-menace-de-saisir-l-ue\\\/203115\\\/#primaryimage\"},\"thumbnailUrl\":\"https:\\\/\\\/www.webdo.tn\\\/fr\\\/wp-content\\\/uploads\\\/2023\\\/02\\\/8ab7f47885a7601308bbdca747caf03b.png\",\"keywords\":[\"syndicat\",\"Tunisie\",\"UE\",\"UGTT\"],\"articleSection\":[\"National\"],\"inLanguage\":\"fr-FR\"},{\"@type\":\"WebPage\",\"@id\":\"https:\\\/\\\/www.webdo.tn\\\/fr\\\/actualite\\\/national\\\/tunisie-esther-lynch-menace-de-saisir-l-ue\\\/203115\\\/\",\"url\":\"https:\\\/\\\/www.webdo.tn\\\/fr\\\/actualite\\\/national\\\/tunisie-esther-lynch-menace-de-saisir-l-ue\\\/203115\\\/\",\"name\":\"Tunisie : Esther Lynch menace de saisir l\u2019UE\",\"isPartOf\":{\"@id\":\"https:\\\/\\\/www.webdo.tn\\\/fr\\\/#website\"},\"primaryImageOfPage\":{\"@id\":\"https:\\\/\\\/www.webdo.tn\\\/fr\\\/actualite\\\/national\\\/tunisie-esther-lynch-menace-de-saisir-l-ue\\\/203115\\\/#primaryimage\"},\"image\":{\"@id\":\"https:\\\/\\\/www.webdo.tn\\\/fr\\\/actualite\\\/national\\\/tunisie-esther-lynch-menace-de-saisir-l-ue\\\/203115\\\/#primaryimage\"},\"thumbnailUrl\":\"https:\\\/\\\/www.webdo.tn\\\/fr\\\/wp-content\\\/uploads\\\/2023\\\/02\\\/8ab7f47885a7601308bbdca747caf03b.png\",\"datePublished\":\"2023-02-20T08:14:00+00:00\",\"dateModified\":\"2025-05-20T22:49:14+00:00\",\"description\":\"Renvoy\u00e9e du pays, samedi par le pr\u00e9sident de la R\u00e9publique, la secr\u00e9taire g\u00e9n\u00e9rale de l\u2019Union des syndicats europ\u00e9ens Esther Lynch a r\u00e9agi, dimanche \u00e0 cette d\u00e9c...\",\"breadcrumb\":{\"@id\":\"https:\\\/\\\/www.webdo.tn\\\/fr\\\/actualite\\\/national\\\/tunisie-esther-lynch-menace-de-saisir-l-ue\\\/203115\\\/#breadcrumb\"},\"inLanguage\":\"fr-FR\",\"potentialAction\":[{\"@type\":\"ReadAction\",\"target\":[\"https:\\\/\\\/www.webdo.tn\\\/fr\\\/actualite\\\/national\\\/tunisie-esther-lynch-menace-de-saisir-l-ue\\\/203115\\\/\"]}]},{\"@type\":\"ImageObject\",\"inLanguage\":\"fr-FR\",\"@id\":\"https:\\\/\\\/www.webdo.tn\\\/fr\\\/actualite\\\/national\\\/tunisie-esther-lynch-menace-de-saisir-l-ue\\\/203115\\\/#primaryimage\",\"url\":\"https:\\\/\\\/www.webdo.tn\\\/fr\\\/wp-content\\\/uploads\\\/2023\\\/02\\\/8ab7f47885a7601308bbdca747caf03b.png\",\"contentUrl\":\"https:\\\/\\\/www.webdo.tn\\\/fr\\\/wp-content\\\/uploads\\\/2023\\\/02\\\/8ab7f47885a7601308bbdca747caf03b.png\",\"width\":750,\"height\":400,\"caption\":\"UGTT\"},{\"@type\":\"BreadcrumbList\",\"@id\":\"https:\\\/\\\/www.webdo.tn\\\/fr\\\/actualite\\\/national\\\/tunisie-esther-lynch-menace-de-saisir-l-ue\\\/203115\\\/#breadcrumb\",\"itemListElement\":[{\"@type\":\"ListItem\",\"position\":1,\"name\":\"Accueil\",\"item\":\"https:\\\/\\\/www.webdo.tn\\\/fr\\\/\"},{\"@type\":\"ListItem\",\"position\":2,\"name\":\"Tunisie : Esther Lynch menace de saisir l\u2019UE\"}]},{\"@type\":\"WebSite\",\"@id\":\"https:\\\/\\\/www.webdo.tn\\\/fr\\\/#website\",\"url\":\"https:\\\/\\\/www.webdo.tn\\\/fr\\\/\",\"name\":\"webdo\",\"description\":\"Tunisie - News en Tunisie et \u00e0 l&#039;international sur Webdo.tn\",\"publisher\":{\"@id\":\"https:\\\/\\\/www.webdo.tn\\\/fr\\\/#organization\"},\"potentialAction\":[{\"@type\":\"SearchAction\",\"target\":{\"@type\":\"EntryPoint\",\"urlTemplate\":\"https:\\\/\\\/www.webdo.tn\\\/fr\\\/?s={search_term_string}\"},\"query-input\":{\"@type\":\"PropertyValueSpecification\",\"valueRequired\":true,\"valueName\":\"search_term_string\"}}],\"inLanguage\":\"fr-FR\"},{\"@type\":\"Organization\",\"@id\":\"https:\\\/\\\/www.webdo.tn\\\/fr\\\/#organization\",\"name\":\"Webdo\",\"alternateName\":\"Webdo.tn\",\"url\":\"https:\\\/\\\/www.webdo.tn\\\/fr\\\/\",\"logo\":{\"@type\":\"ImageObject\",\"inLanguage\":\"fr-FR\",\"@id\":\"https:\\\/\\\/www.webdo.tn\\\/fr\\\/#\\\/schema\\\/logo\\\/image\\\/\",\"url\":\"https:\\\/\\\/www.webdo.tn\\\/fr\\\/wp-content\\\/uploads\\\/2025\\\/06\\\/Webdo-Tunisie_168377.jpg\",\"contentUrl\":\"https:\\\/\\\/www.webdo.tn\\\/fr\\\/wp-content\\\/uploads\\\/2025\\\/06\\\/Webdo-Tunisie_168377.jpg\",\"width\":301,\"height\":301,\"caption\":\"Webdo\"},\"image\":{\"@id\":\"https:\\\/\\\/www.webdo.tn\\\/fr\\\/#\\\/schema\\\/logo\\\/image\\\/\"},\"sameAs\":[\"https:\\\/\\\/www.facebook.com\\\/webdotn\",\"https:\\\/\\\/x.com\\\/webdo_tn\"],\"description\":\"Webdo est un m\u00e9dia num\u00e9rique tunisien fond\u00e9 en 2010, sp\u00e9cialis\u00e9 dans l\u2019actualit\u00e9 nationale et internationale, l\u2019\u00e9conomie, la soci\u00e9t\u00e9 et les analyses politiques. Le site s\u2019adresse \u00e0 un large public francophone et couvre l\u2019information tunisienne en temps r\u00e9el.\",\"email\":\"redac@webdo.tn\",\"legalName\":\"YNJ SARL\",\"foundingDate\":\"2010-09-06\",\"numberOfEmployees\":{\"@type\":\"QuantitativeValue\",\"minValue\":\"11\",\"maxValue\":\"50\"}},{\"@type\":\"Person\",\"@id\":\"https:\\\/\\\/www.webdo.tn\\\/fr\\\/#\\\/schema\\\/person\\\/f35b42a42c5e2511bbd282959d6385cc\",\"name\":\"CL\",\"image\":{\"@type\":\"ImageObject\",\"inLanguage\":\"fr-FR\",\"@id\":\"https:\\\/\\\/secure.gravatar.com\\\/avatar\\\/1447a49909b67aa657c488aec6512e1dd6143a480c1ecfee9b5b5cd74eb3b59e?s=96&d=mm&r=g\",\"url\":\"https:\\\/\\\/secure.gravatar.com\\\/avatar\\\/1447a49909b67aa657c488aec6512e1dd6143a480c1ecfee9b5b5cd74eb3b59e?s=96&d=mm&r=g\",\"contentUrl\":\"https:\\\/\\\/secure.gravatar.com\\\/avatar\\\/1447a49909b67aa657c488aec6512e1dd6143a480c1ecfee9b5b5cd74eb3b59e?s=96&d=mm&r=g\",\"caption\":\"CL\"},\"url\":\"https:\\\/\\\/www.webdo.tn\\\/fr\\\/actualite\\\/author\\\/cl\\\/\"}]}<\/script>\n<!-- \/ Yoast SEO Premium plugin. -->","yoast_head_json":{"title":"Tunisie : Esther Lynch menace de saisir l\u2019UE","description":"Renvoy\u00e9e du pays, samedi par le pr\u00e9sident de la R\u00e9publique, la secr\u00e9taire g\u00e9n\u00e9rale de l\u2019Union des syndicats europ\u00e9ens Esther Lynch a r\u00e9agi, dimanche \u00e0 cette d\u00e9c...","canonical":"https:\/\/www.webdo.tn\/fr\/actualite\/national\/tunisie-esther-lynch-menace-de-saisir-l-ue\/203115\/","og_locale":"fr_FR","og_type":"article","og_title":"Tunisie : Esther Lynch menace de saisir l\u2019UE","og_description":"Renvoy\u00e9e du pays, samedi par le pr\u00e9sident de la R\u00e9publique, la secr\u00e9taire g\u00e9n\u00e9rale de l\u2019Union des syndicats europ\u00e9ens Esther Lynch a r\u00e9agi, dimanche \u00e0 cette d\u00e9c...","og_url":"https:\/\/www.webdo.tn\/fr\/actualite\/national\/tunisie-esther-lynch-menace-de-saisir-l-ue\/203115\/","og_site_name":"webdo","article_publisher":"https:\/\/www.facebook.com\/webdotn","article_published_time":"2023-02-20T08:14:00+00:00","article_modified_time":"2025-05-20T22:49:14+00:00","og_image":[{"width":750,"height":400,"url":"https:\/\/www.webdo.tn\/fr\/wp-content\/uploads\/2023\/02\/8ab7f47885a7601308bbdca747caf03b.png","type":"image\/png"}],"author":"CL","twitter_card":"summary_large_image","twitter_creator":"@webdo_tn","twitter_site":"@webdo_tn","twitter_misc":{"\u00c9crit par":"CL","Dur\u00e9e de lecture estim\u00e9e":"1 minute"},"schema":{"@context":"https:\/\/schema.org","@graph":[{"@type":"NewsArticle","@id":"https:\/\/www.webdo.tn\/fr\/actualite\/national\/tunisie-esther-lynch-menace-de-saisir-l-ue\/203115\/#article","isPartOf":{"@id":"https:\/\/www.webdo.tn\/fr\/actualite\/national\/tunisie-esther-lynch-menace-de-saisir-l-ue\/203115\/"},"author":{"name":"CL","@id":"https:\/\/www.webdo.tn\/fr\/#\/schema\/person\/f35b42a42c5e2511bbd282959d6385cc"},"headline":"Tunisie : Esther Lynch menace de saisir l\u2019UE","datePublished":"2023-02-20T08:14:00+00:00","dateModified":"2025-05-20T22:49:14+00:00","mainEntityOfPage":{"@id":"https:\/\/www.webdo.tn\/fr\/actualite\/national\/tunisie-esther-lynch-menace-de-saisir-l-ue\/203115\/"},"wordCount":149,"commentCount":0,"publisher":{"@id":"https:\/\/www.webdo.tn\/fr\/#organization"},"image":{"@id":"https:\/\/www.webdo.tn\/fr\/actualite\/national\/tunisie-esther-lynch-menace-de-saisir-l-ue\/203115\/#primaryimage"},"thumbnailUrl":"https:\/\/www.webdo.tn\/fr\/wp-content\/uploads\/2023\/02\/8ab7f47885a7601308bbdca747caf03b.png","keywords":["syndicat","Tunisie","UE","UGTT"],"articleSection":["National"],"inLanguage":"fr-FR"},{"@type":"WebPage","@id":"https:\/\/www.webdo.tn\/fr\/actualite\/national\/tunisie-esther-lynch-menace-de-saisir-l-ue\/203115\/","url":"https:\/\/www.webdo.tn\/fr\/actualite\/national\/tunisie-esther-lynch-menace-de-saisir-l-ue\/203115\/","name":"Tunisie : Esther Lynch menace de saisir l\u2019UE","isPartOf":{"@id":"https:\/\/www.webdo.tn\/fr\/#website"},"primaryImageOfPage":{"@id":"https:\/\/www.webdo.tn\/fr\/actualite\/national\/tunisie-esther-lynch-menace-de-saisir-l-ue\/203115\/#primaryimage"},"image":{"@id":"https:\/\/www.webdo.tn\/fr\/actualite\/national\/tunisie-esther-lynch-menace-de-saisir-l-ue\/203115\/#primaryimage"},"thumbnailUrl":"https:\/\/www.webdo.tn\/fr\/wp-content\/uploads\/2023\/02\/8ab7f47885a7601308bbdca747caf03b.png","datePublished":"2023-02-20T08:14:00+00:00","dateModified":"2025-05-20T22:49:14+00:00","description":"Renvoy\u00e9e du pays, samedi par le pr\u00e9sident de la R\u00e9publique, la secr\u00e9taire g\u00e9n\u00e9rale de l\u2019Union des syndicats europ\u00e9ens Esther Lynch a r\u00e9agi, dimanche \u00e0 cette d\u00e9c...","breadcrumb":{"@id":"https:\/\/www.webdo.tn\/fr\/actualite\/national\/tunisie-esther-lynch-menace-de-saisir-l-ue\/203115\/#breadcrumb"},"inLanguage":"fr-FR","potentialAction":[{"@type":"ReadAction","target":["https:\/\/www.webdo.tn\/fr\/actualite\/national\/tunisie-esther-lynch-menace-de-saisir-l-ue\/203115\/"]}]},{"@type":"ImageObject","inLanguage":"fr-FR","@id":"https:\/\/www.webdo.tn\/fr\/actualite\/national\/tunisie-esther-lynch-menace-de-saisir-l-ue\/203115\/#primaryimage","url":"https:\/\/www.webdo.tn\/fr\/wp-content\/uploads\/2023\/02\/8ab7f47885a7601308bbdca747caf03b.png","contentUrl":"https:\/\/www.webdo.tn\/fr\/wp-content\/uploads\/2023\/02\/8ab7f47885a7601308bbdca747caf03b.png","width":750,"height":400,"caption":"UGTT"},{"@type":"BreadcrumbList","@id":"https:\/\/www.webdo.tn\/fr\/actualite\/national\/tunisie-esther-lynch-menace-de-saisir-l-ue\/203115\/#breadcrumb","itemListElement":[{"@type":"ListItem","position":1,"name":"Accueil","item":"https:\/\/www.webdo.tn\/fr\/"},{"@type":"ListItem","position":2,"name":"Tunisie : Esther Lynch menace de saisir l\u2019UE"}]},{"@type":"WebSite","@id":"https:\/\/www.webdo.tn\/fr\/#website","url":"https:\/\/www.webdo.tn\/fr\/","name":"webdo","description":"Tunisie - News en Tunisie et \u00e0 l&#039;international sur Webdo.tn","publisher":{"@id":"https:\/\/www.webdo.tn\/fr\/#organization"},"potentialAction":[{"@type":"SearchAction","target":{"@type":"EntryPoint","urlTemplate":"https:\/\/www.webdo.tn\/fr\/?s={search_term_string}"},"query-input":{"@type":"PropertyValueSpecification","valueRequired":true,"valueName":"search_term_string"}}],"inLanguage":"fr-FR"},{"@type":"Organization","@id":"https:\/\/www.webdo.tn\/fr\/#organization","name":"Webdo","alternateName":"Webdo.tn","url":"https:\/\/www.webdo.tn\/fr\/","logo":{"@type":"ImageObject","inLanguage":"fr-FR","@id":"https:\/\/www.webdo.tn\/fr\/#\/schema\/logo\/image\/","url":"https:\/\/www.webdo.tn\/fr\/wp-content\/uploads\/2025\/06\/Webdo-Tunisie_168377.jpg","contentUrl":"https:\/\/www.webdo.tn\/fr\/wp-content\/uploads\/2025\/06\/Webdo-Tunisie_168377.jpg","width":301,"height":301,"caption":"Webdo"},"image":{"@id":"https:\/\/www.webdo.tn\/fr\/#\/schema\/logo\/image\/"},"sameAs":["https:\/\/www.facebook.com\/webdotn","https:\/\/x.com\/webdo_tn"],"description":"Webdo est un m\u00e9dia num\u00e9rique tunisien fond\u00e9 en 2010, sp\u00e9cialis\u00e9 dans l\u2019actualit\u00e9 nationale et internationale, l\u2019\u00e9conomie, la soci\u00e9t\u00e9 et les analyses politiques. Le site s\u2019adresse \u00e0 un large public francophone et couvre l\u2019information tunisienne en temps r\u00e9el.","email":"redac@webdo.tn","legalName":"YNJ SARL","foundingDate":"2010-09-06","numberOfEmployees":{"@type":"QuantitativeValue","minValue":"11","maxValue":"50"}},{"@type":"Person","@id":"https:\/\/www.webdo.tn\/fr\/#\/schema\/person\/f35b42a42c5e2511bbd282959d6385cc","name":"CL","image":{"@type":"ImageObject","inLanguage":"fr-FR","@id":"https:\/\/secure.gravatar.com\/avatar\/1447a49909b67aa657c488aec6512e1dd6143a480c1ecfee9b5b5cd74eb3b59e?s=96&d=mm&r=g","url":"https:\/\/secure.gravatar.com\/avatar\/1447a49909b67aa657c488aec6512e1dd6143a480c1ecfee9b5b5cd74eb3b59e?s=96&d=mm&r=g","contentUrl":"https:\/\/secure.gravatar.com\/avatar\/1447a49909b67aa657c488aec6512e1dd6143a480c1ecfee9b5b5cd74eb3b59e?s=96&d=mm&r=g","caption":"CL"},"url":"https:\/\/www.webdo.tn\/fr\/actualite\/author\/cl\/"}]}},"_links":{"self":[{"href":"https:\/\/www.webdo.tn\/fr\/wp-json\/wp\/v2\/posts\/203115","targetHints":{"allow":["GET"]}}],"collection":[{"href":"https:\/\/www.webdo.tn\/fr\/wp-json\/wp\/v2\/posts"}],"about":[{"href":"https:\/\/www.webdo.tn\/fr\/wp-json\/wp\/v2\/types\/post"}],"author":[{"embeddable":true,"href":"https:\/\/www.webdo.tn\/fr\/wp-json\/wp\/v2\/users\/3175"}],"replies":[{"embeddable":true,"href":"https:\/\/www.webdo.tn\/fr\/wp-json\/wp\/v2\/comments?post=203115"}],"version-history":[{"count":0,"href":"https:\/\/www.webdo.tn\/fr\/wp-json\/wp\/v2\/posts\/203115\/revisions"}],"wp:featuredmedia":[{"embeddable":true,"href":"https:\/\/www.webdo.tn\/fr\/wp-json\/wp\/v2\/media\/277793"}],"wp:attachment":[{"href":"https:\/\/www.webdo.tn\/fr\/wp-json\/wp\/v2\/media?parent=203115"}],"wp:term":[{"taxonomy":"category","embeddable":true,"href":"https:\/\/www.webdo.tn\/fr\/wp-json\/wp\/v2\/categories?post=203115"},{"taxonomy":"post_tag","embeddable":true,"href":"https:\/\/www.webdo.tn\/fr\/wp-json\/wp\/v2\/tags?post=203115"}],"curies":[{"name":"wp","href":"https:\/\/api.w.org\/{rel}","templated":true}]}}