{"id":203113,"date":"2023-02-20T07:55:00","date_gmt":"2023-02-20T07:55:00","guid":{"rendered":"https:\/\/www.webdo.tn\/fr\/blog\/hospitalisation-de-akermi-le-comite-de-defense-s-explique\/203113\/"},"modified":"2025-05-20T22:49:13","modified_gmt":"2025-05-20T22:49:13","slug":"hospitalisation-de-akermi-le-comite-de-defense-s-explique","status":"publish","type":"post","link":"https:\/\/www.webdo.tn\/fr\/actualite\/national\/hospitalisation-de-akermi-le-comite-de-defense-s-explique\/203113\/","title":{"rendered":"Hospitalisation de Bechir Akremi : Le comit\u00e9 de d\u00e9fense s\u2019explique"},"content":{"rendered":"<p>\u00ab\u00a0Ce lundi, nous aurons des r\u00e9ponses sur les motifs ayant conduit \u00e0 l\u2019admission de l\u2019ancien procureur de la R\u00e9publique pr\u00e8s le tribunal de premi\u00e8re instance de Tunis et magistrat r\u00e9voqu\u00e9, Bechir Akremi, \u00e0 l&rsquo;h\u00f4pital psychiatrique Errazi\u00a0\u00bb, a rapport\u00e9, Hamadi Zaafrani, membre du comit\u00e9 de d\u00e9fense.<\/p>\n<p>\t\t\t\t\t\t\t\t\tLundi, nous reviendrons vers le parquet pour prendre connaissance de la teneur du dossier m\u00e9dical de notre client, a-t-il encore ajout\u00e9 dans une d\u00e9claration \u00e0 l\u2019Agence TAP, dimanche soir.\u00a0<\/p>\n<p>Me Zaafrani a affirm\u00e9 que le comit\u00e9 demandera aussi au parquet s\u2019il est possible de rencontrer son client pour s\u2019enqu\u00e9rir de son \u00e9tat de sant\u00e9.<\/p>\n<p>\u00ab\u00a0Nous n\u2019avons pas rencontr\u00e9 le magistrat Akremi depuis lundi dernier. Nous ne sommes pas au courant des derniers d\u00e9veloppements \u00e0 l&rsquo;origine de la d\u00e9t\u00e9rioration de son \u00e9tat de sant\u00e9\u00a0\u00bb, a r\u00e9v\u00e9l\u00e9 le membre du comit\u00e9 de d\u00e9fense.<\/p>\n<p>La d\u00e9cision d\u2019admettre Bechir Akremi \u00e0 l&rsquo;h\u00f4pital Errazi s\u2019est appuy\u00e9e sur un diagnostic par trois m\u00e9decins \u00e9tablissant que notre client pr\u00e9sente des troubles psychiques, d\u2019apr\u00e8s les informations recueillies aupr\u00e8s du parquet, a encore rapport\u00e9 Me Zaafrani.<\/p>\n<p>Toujours selon la m\u00eame source, le parquet a ordonn\u00e9 le maintien en libert\u00e9 de Bechir Akremi, \u00e0 la disposition de l\u2019affaire, qui a-t-il dit \u00ab\u00a0n&rsquo;a rien \u00e0 voir avec l&rsquo;affaire de l&rsquo;assassinat des deux martyrs, Chokri Bela\u00efd et Mohamed Brahmi, ni avec le coup de filet s\u00e9curitaire lanc\u00e9 r\u00e9cemment, ni aussi avec l&rsquo;affaire de Taieb Rached (ancien 1e pr\u00e9sident de la Cour de cassation)\u00a0\u00bb.<\/p>\n","protected":false},"excerpt":{"rendered":"<p>Ce lundi, nous aurons des r\u00e9ponses sur les motifs ayant conduit \u00e0 l\u2019admission de l\u2019ancien procureur de la R\u00e9publique pr\u00e8s le tribunal de premi\u00e8re instance de T&#8230;<\/p>\n","protected":false},"author":3175,"featured_media":277784,"comment_status":"open","ping_status":"closed","sticky":false,"template":"","format":"standard","meta":{"footnotes":""},"categories":[44],"tags":[6639,2619,2608],"class_list":["post-203113","post","type-post","status-publish","format-standard","has-post-thumbnail","hentry","category-national","tag-akermi","tag-justice","tag-tunisie"],"yoast_head":"<!-- This site is optimized with the Yoast SEO Premium plugin v27.4 (Yoast SEO v27.5) - https:\/\/yoast.com\/product\/yoast-seo-premium-wordpress\/ -->\n<title>Hospitalisation de Bechir Akremi : Le comit\u00e9 de d\u00e9fense s\u2019explique<\/title>\n<meta name=\"description\" content=\"Ce lundi, nous aurons des r\u00e9ponses sur les motifs ayant conduit \u00e0 l\u2019admission de l\u2019ancien procureur de la R\u00e9publique pr\u00e8s le tribunal de premi\u00e8re instance de T...\" \/>\n<link rel=\"canonical\" href=\"https:\/\/www.webdo.tn\/fr\/actualite\/national\/hospitalisation-de-akermi-le-comite-de-defense-s-explique\/203113\/\" \/>\n<meta property=\"og:locale\" content=\"fr_FR\" \/>\n<meta property=\"og:type\" content=\"article\" \/>\n<meta property=\"og:title\" content=\"Hospitalisation de Bechir Akremi : Le comit\u00e9 de d\u00e9fense s\u2019explique\" \/>\n<meta property=\"og:description\" content=\"Ce lundi, nous aurons des r\u00e9ponses sur les motifs ayant conduit \u00e0 l\u2019admission de l\u2019ancien procureur de la R\u00e9publique pr\u00e8s le tribunal de premi\u00e8re instance de T...\" \/>\n<meta property=\"og:url\" content=\"https:\/\/www.webdo.tn\/fr\/actualite\/national\/hospitalisation-de-akermi-le-comite-de-defense-s-explique\/203113\/\" \/>\n<meta property=\"og:site_name\" content=\"webdo\" \/>\n<meta property=\"article:publisher\" content=\"https:\/\/www.facebook.com\/webdotn\" \/>\n<meta property=\"article:published_time\" content=\"2023-02-20T07:55:00+00:00\" \/>\n<meta property=\"article:modified_time\" content=\"2025-05-20T22:49:13+00:00\" \/>\n<meta property=\"og:image\" content=\"https:\/\/www.webdo.tn\/fr\/wp-content\/uploads\/2023\/02\/68529a05da7cba1887198b48e220ae9f.png\" \/>\n\t<meta property=\"og:image:width\" content=\"750\" \/>\n\t<meta property=\"og:image:height\" content=\"400\" \/>\n\t<meta property=\"og:image:type\" content=\"image\/png\" \/>\n<meta name=\"author\" content=\"CL\" \/>\n<meta name=\"twitter:card\" content=\"summary_large_image\" \/>\n<meta name=\"twitter:creator\" content=\"@webdo_tn\" \/>\n<meta name=\"twitter:site\" content=\"@webdo_tn\" \/>\n<meta name=\"twitter:label1\" content=\"\u00c9crit par\" \/>\n\t<meta name=\"twitter:data1\" content=\"CL\" \/>\n\t<meta name=\"twitter:label2\" content=\"Dur\u00e9e de lecture estim\u00e9e\" \/>\n\t<meta name=\"twitter:data2\" content=\"1 minute\" \/>\n<script type=\"application\/ld+json\" class=\"yoast-schema-graph\">{\"@context\":\"https:\\\/\\\/schema.org\",\"@graph\":[{\"@type\":\"NewsArticle\",\"@id\":\"https:\\\/\\\/www.webdo.tn\\\/fr\\\/actualite\\\/national\\\/hospitalisation-de-akermi-le-comite-de-defense-s-explique\\\/203113\\\/#article\",\"isPartOf\":{\"@id\":\"https:\\\/\\\/www.webdo.tn\\\/fr\\\/actualite\\\/national\\\/hospitalisation-de-akermi-le-comite-de-defense-s-explique\\\/203113\\\/\"},\"author\":{\"name\":\"CL\",\"@id\":\"https:\\\/\\\/www.webdo.tn\\\/fr\\\/#\\\/schema\\\/person\\\/f35b42a42c5e2511bbd282959d6385cc\"},\"headline\":\"Hospitalisation de Bechir Akremi : Le comit\u00e9 de d\u00e9fense s\u2019explique\",\"datePublished\":\"2023-02-20T07:55:00+00:00\",\"dateModified\":\"2025-05-20T22:49:13+00:00\",\"mainEntityOfPage\":{\"@id\":\"https:\\\/\\\/www.webdo.tn\\\/fr\\\/actualite\\\/national\\\/hospitalisation-de-akermi-le-comite-de-defense-s-explique\\\/203113\\\/\"},\"wordCount\":285,\"commentCount\":0,\"publisher\":{\"@id\":\"https:\\\/\\\/www.webdo.tn\\\/fr\\\/#organization\"},\"image\":{\"@id\":\"https:\\\/\\\/www.webdo.tn\\\/fr\\\/actualite\\\/national\\\/hospitalisation-de-akermi-le-comite-de-defense-s-explique\\\/203113\\\/#primaryimage\"},\"thumbnailUrl\":\"https:\\\/\\\/www.webdo.tn\\\/fr\\\/wp-content\\\/uploads\\\/2023\\\/02\\\/68529a05da7cba1887198b48e220ae9f.png\",\"keywords\":[\"Akermi\",\"justice\",\"Tunisie\"],\"articleSection\":[\"National\"],\"inLanguage\":\"fr-FR\"},{\"@type\":\"WebPage\",\"@id\":\"https:\\\/\\\/www.webdo.tn\\\/fr\\\/actualite\\\/national\\\/hospitalisation-de-akermi-le-comite-de-defense-s-explique\\\/203113\\\/\",\"url\":\"https:\\\/\\\/www.webdo.tn\\\/fr\\\/actualite\\\/national\\\/hospitalisation-de-akermi-le-comite-de-defense-s-explique\\\/203113\\\/\",\"name\":\"Hospitalisation de Bechir Akremi : Le comit\u00e9 de d\u00e9fense s\u2019explique\",\"isPartOf\":{\"@id\":\"https:\\\/\\\/www.webdo.tn\\\/fr\\\/#website\"},\"primaryImageOfPage\":{\"@id\":\"https:\\\/\\\/www.webdo.tn\\\/fr\\\/actualite\\\/national\\\/hospitalisation-de-akermi-le-comite-de-defense-s-explique\\\/203113\\\/#primaryimage\"},\"image\":{\"@id\":\"https:\\\/\\\/www.webdo.tn\\\/fr\\\/actualite\\\/national\\\/hospitalisation-de-akermi-le-comite-de-defense-s-explique\\\/203113\\\/#primaryimage\"},\"thumbnailUrl\":\"https:\\\/\\\/www.webdo.tn\\\/fr\\\/wp-content\\\/uploads\\\/2023\\\/02\\\/68529a05da7cba1887198b48e220ae9f.png\",\"datePublished\":\"2023-02-20T07:55:00+00:00\",\"dateModified\":\"2025-05-20T22:49:13+00:00\",\"description\":\"Ce lundi, nous aurons des r\u00e9ponses sur les motifs ayant conduit \u00e0 l\u2019admission de l\u2019ancien procureur de la R\u00e9publique pr\u00e8s le tribunal de premi\u00e8re instance de T...\",\"breadcrumb\":{\"@id\":\"https:\\\/\\\/www.webdo.tn\\\/fr\\\/actualite\\\/national\\\/hospitalisation-de-akermi-le-comite-de-defense-s-explique\\\/203113\\\/#breadcrumb\"},\"inLanguage\":\"fr-FR\",\"potentialAction\":[{\"@type\":\"ReadAction\",\"target\":[\"https:\\\/\\\/www.webdo.tn\\\/fr\\\/actualite\\\/national\\\/hospitalisation-de-akermi-le-comite-de-defense-s-explique\\\/203113\\\/\"]}]},{\"@type\":\"ImageObject\",\"inLanguage\":\"fr-FR\",\"@id\":\"https:\\\/\\\/www.webdo.tn\\\/fr\\\/actualite\\\/national\\\/hospitalisation-de-akermi-le-comite-de-defense-s-explique\\\/203113\\\/#primaryimage\",\"url\":\"https:\\\/\\\/www.webdo.tn\\\/fr\\\/wp-content\\\/uploads\\\/2023\\\/02\\\/68529a05da7cba1887198b48e220ae9f.png\",\"contentUrl\":\"https:\\\/\\\/www.webdo.tn\\\/fr\\\/wp-content\\\/uploads\\\/2023\\\/02\\\/68529a05da7cba1887198b48e220ae9f.png\",\"width\":750,\"height\":400,\"caption\":\"Bechir Akremi\"},{\"@type\":\"BreadcrumbList\",\"@id\":\"https:\\\/\\\/www.webdo.tn\\\/fr\\\/actualite\\\/national\\\/hospitalisation-de-akermi-le-comite-de-defense-s-explique\\\/203113\\\/#breadcrumb\",\"itemListElement\":[{\"@type\":\"ListItem\",\"position\":1,\"name\":\"Accueil\",\"item\":\"https:\\\/\\\/www.webdo.tn\\\/fr\\\/\"},{\"@type\":\"ListItem\",\"position\":2,\"name\":\"Hospitalisation de Bechir Akremi : Le comit\u00e9 de d\u00e9fense s\u2019explique\"}]},{\"@type\":\"WebSite\",\"@id\":\"https:\\\/\\\/www.webdo.tn\\\/fr\\\/#website\",\"url\":\"https:\\\/\\\/www.webdo.tn\\\/fr\\\/\",\"name\":\"webdo\",\"description\":\"Tunisie - News en Tunisie et \u00e0 l&#039;international sur Webdo.tn\",\"publisher\":{\"@id\":\"https:\\\/\\\/www.webdo.tn\\\/fr\\\/#organization\"},\"potentialAction\":[{\"@type\":\"SearchAction\",\"target\":{\"@type\":\"EntryPoint\",\"urlTemplate\":\"https:\\\/\\\/www.webdo.tn\\\/fr\\\/?s={search_term_string}\"},\"query-input\":{\"@type\":\"PropertyValueSpecification\",\"valueRequired\":true,\"valueName\":\"search_term_string\"}}],\"inLanguage\":\"fr-FR\"},{\"@type\":\"Organization\",\"@id\":\"https:\\\/\\\/www.webdo.tn\\\/fr\\\/#organization\",\"name\":\"Webdo\",\"alternateName\":\"Webdo.tn\",\"url\":\"https:\\\/\\\/www.webdo.tn\\\/fr\\\/\",\"logo\":{\"@type\":\"ImageObject\",\"inLanguage\":\"fr-FR\",\"@id\":\"https:\\\/\\\/www.webdo.tn\\\/fr\\\/#\\\/schema\\\/logo\\\/image\\\/\",\"url\":\"https:\\\/\\\/www.webdo.tn\\\/fr\\\/wp-content\\\/uploads\\\/2025\\\/06\\\/Webdo-Tunisie_168377.jpg\",\"contentUrl\":\"https:\\\/\\\/www.webdo.tn\\\/fr\\\/wp-content\\\/uploads\\\/2025\\\/06\\\/Webdo-Tunisie_168377.jpg\",\"width\":301,\"height\":301,\"caption\":\"Webdo\"},\"image\":{\"@id\":\"https:\\\/\\\/www.webdo.tn\\\/fr\\\/#\\\/schema\\\/logo\\\/image\\\/\"},\"sameAs\":[\"https:\\\/\\\/www.facebook.com\\\/webdotn\",\"https:\\\/\\\/x.com\\\/webdo_tn\"],\"description\":\"Webdo est un m\u00e9dia num\u00e9rique tunisien fond\u00e9 en 2010, sp\u00e9cialis\u00e9 dans l\u2019actualit\u00e9 nationale et internationale, l\u2019\u00e9conomie, la soci\u00e9t\u00e9 et les analyses politiques. Le site s\u2019adresse \u00e0 un large public francophone et couvre l\u2019information tunisienne en temps r\u00e9el.\",\"email\":\"redac@webdo.tn\",\"legalName\":\"YNJ SARL\",\"foundingDate\":\"2010-09-06\",\"numberOfEmployees\":{\"@type\":\"QuantitativeValue\",\"minValue\":\"11\",\"maxValue\":\"50\"}},{\"@type\":\"Person\",\"@id\":\"https:\\\/\\\/www.webdo.tn\\\/fr\\\/#\\\/schema\\\/person\\\/f35b42a42c5e2511bbd282959d6385cc\",\"name\":\"CL\",\"image\":{\"@type\":\"ImageObject\",\"inLanguage\":\"fr-FR\",\"@id\":\"https:\\\/\\\/secure.gravatar.com\\\/avatar\\\/1447a49909b67aa657c488aec6512e1dd6143a480c1ecfee9b5b5cd74eb3b59e?s=96&d=mm&r=g\",\"url\":\"https:\\\/\\\/secure.gravatar.com\\\/avatar\\\/1447a49909b67aa657c488aec6512e1dd6143a480c1ecfee9b5b5cd74eb3b59e?s=96&d=mm&r=g\",\"contentUrl\":\"https:\\\/\\\/secure.gravatar.com\\\/avatar\\\/1447a49909b67aa657c488aec6512e1dd6143a480c1ecfee9b5b5cd74eb3b59e?s=96&d=mm&r=g\",\"caption\":\"CL\"},\"url\":\"https:\\\/\\\/www.webdo.tn\\\/fr\\\/actualite\\\/author\\\/cl\\\/\"}]}<\/script>\n<!-- \/ Yoast SEO Premium plugin. -->","yoast_head_json":{"title":"Hospitalisation de Bechir Akremi : Le comit\u00e9 de d\u00e9fense s\u2019explique","description":"Ce lundi, nous aurons des r\u00e9ponses sur les motifs ayant conduit \u00e0 l\u2019admission de l\u2019ancien procureur de la R\u00e9publique pr\u00e8s le tribunal de premi\u00e8re instance de T...","canonical":"https:\/\/www.webdo.tn\/fr\/actualite\/national\/hospitalisation-de-akermi-le-comite-de-defense-s-explique\/203113\/","og_locale":"fr_FR","og_type":"article","og_title":"Hospitalisation de Bechir Akremi : Le comit\u00e9 de d\u00e9fense s\u2019explique","og_description":"Ce lundi, nous aurons des r\u00e9ponses sur les motifs ayant conduit \u00e0 l\u2019admission de l\u2019ancien procureur de la R\u00e9publique pr\u00e8s le tribunal de premi\u00e8re instance de T...","og_url":"https:\/\/www.webdo.tn\/fr\/actualite\/national\/hospitalisation-de-akermi-le-comite-de-defense-s-explique\/203113\/","og_site_name":"webdo","article_publisher":"https:\/\/www.facebook.com\/webdotn","article_published_time":"2023-02-20T07:55:00+00:00","article_modified_time":"2025-05-20T22:49:13+00:00","og_image":[{"width":750,"height":400,"url":"https:\/\/www.webdo.tn\/fr\/wp-content\/uploads\/2023\/02\/68529a05da7cba1887198b48e220ae9f.png","type":"image\/png"}],"author":"CL","twitter_card":"summary_large_image","twitter_creator":"@webdo_tn","twitter_site":"@webdo_tn","twitter_misc":{"\u00c9crit par":"CL","Dur\u00e9e de lecture estim\u00e9e":"1 minute"},"schema":{"@context":"https:\/\/schema.org","@graph":[{"@type":"NewsArticle","@id":"https:\/\/www.webdo.tn\/fr\/actualite\/national\/hospitalisation-de-akermi-le-comite-de-defense-s-explique\/203113\/#article","isPartOf":{"@id":"https:\/\/www.webdo.tn\/fr\/actualite\/national\/hospitalisation-de-akermi-le-comite-de-defense-s-explique\/203113\/"},"author":{"name":"CL","@id":"https:\/\/www.webdo.tn\/fr\/#\/schema\/person\/f35b42a42c5e2511bbd282959d6385cc"},"headline":"Hospitalisation de Bechir Akremi : Le comit\u00e9 de d\u00e9fense s\u2019explique","datePublished":"2023-02-20T07:55:00+00:00","dateModified":"2025-05-20T22:49:13+00:00","mainEntityOfPage":{"@id":"https:\/\/www.webdo.tn\/fr\/actualite\/national\/hospitalisation-de-akermi-le-comite-de-defense-s-explique\/203113\/"},"wordCount":285,"commentCount":0,"publisher":{"@id":"https:\/\/www.webdo.tn\/fr\/#organization"},"image":{"@id":"https:\/\/www.webdo.tn\/fr\/actualite\/national\/hospitalisation-de-akermi-le-comite-de-defense-s-explique\/203113\/#primaryimage"},"thumbnailUrl":"https:\/\/www.webdo.tn\/fr\/wp-content\/uploads\/2023\/02\/68529a05da7cba1887198b48e220ae9f.png","keywords":["Akermi","justice","Tunisie"],"articleSection":["National"],"inLanguage":"fr-FR"},{"@type":"WebPage","@id":"https:\/\/www.webdo.tn\/fr\/actualite\/national\/hospitalisation-de-akermi-le-comite-de-defense-s-explique\/203113\/","url":"https:\/\/www.webdo.tn\/fr\/actualite\/national\/hospitalisation-de-akermi-le-comite-de-defense-s-explique\/203113\/","name":"Hospitalisation de Bechir Akremi : Le comit\u00e9 de d\u00e9fense s\u2019explique","isPartOf":{"@id":"https:\/\/www.webdo.tn\/fr\/#website"},"primaryImageOfPage":{"@id":"https:\/\/www.webdo.tn\/fr\/actualite\/national\/hospitalisation-de-akermi-le-comite-de-defense-s-explique\/203113\/#primaryimage"},"image":{"@id":"https:\/\/www.webdo.tn\/fr\/actualite\/national\/hospitalisation-de-akermi-le-comite-de-defense-s-explique\/203113\/#primaryimage"},"thumbnailUrl":"https:\/\/www.webdo.tn\/fr\/wp-content\/uploads\/2023\/02\/68529a05da7cba1887198b48e220ae9f.png","datePublished":"2023-02-20T07:55:00+00:00","dateModified":"2025-05-20T22:49:13+00:00","description":"Ce lundi, nous aurons des r\u00e9ponses sur les motifs ayant conduit \u00e0 l\u2019admission de l\u2019ancien procureur de la R\u00e9publique pr\u00e8s le tribunal de premi\u00e8re instance de T...","breadcrumb":{"@id":"https:\/\/www.webdo.tn\/fr\/actualite\/national\/hospitalisation-de-akermi-le-comite-de-defense-s-explique\/203113\/#breadcrumb"},"inLanguage":"fr-FR","potentialAction":[{"@type":"ReadAction","target":["https:\/\/www.webdo.tn\/fr\/actualite\/national\/hospitalisation-de-akermi-le-comite-de-defense-s-explique\/203113\/"]}]},{"@type":"ImageObject","inLanguage":"fr-FR","@id":"https:\/\/www.webdo.tn\/fr\/actualite\/national\/hospitalisation-de-akermi-le-comite-de-defense-s-explique\/203113\/#primaryimage","url":"https:\/\/www.webdo.tn\/fr\/wp-content\/uploads\/2023\/02\/68529a05da7cba1887198b48e220ae9f.png","contentUrl":"https:\/\/www.webdo.tn\/fr\/wp-content\/uploads\/2023\/02\/68529a05da7cba1887198b48e220ae9f.png","width":750,"height":400,"caption":"Bechir Akremi"},{"@type":"BreadcrumbList","@id":"https:\/\/www.webdo.tn\/fr\/actualite\/national\/hospitalisation-de-akermi-le-comite-de-defense-s-explique\/203113\/#breadcrumb","itemListElement":[{"@type":"ListItem","position":1,"name":"Accueil","item":"https:\/\/www.webdo.tn\/fr\/"},{"@type":"ListItem","position":2,"name":"Hospitalisation de Bechir Akremi : Le comit\u00e9 de d\u00e9fense s\u2019explique"}]},{"@type":"WebSite","@id":"https:\/\/www.webdo.tn\/fr\/#website","url":"https:\/\/www.webdo.tn\/fr\/","name":"webdo","description":"Tunisie - News en Tunisie et \u00e0 l&#039;international sur Webdo.tn","publisher":{"@id":"https:\/\/www.webdo.tn\/fr\/#organization"},"potentialAction":[{"@type":"SearchAction","target":{"@type":"EntryPoint","urlTemplate":"https:\/\/www.webdo.tn\/fr\/?s={search_term_string}"},"query-input":{"@type":"PropertyValueSpecification","valueRequired":true,"valueName":"search_term_string"}}],"inLanguage":"fr-FR"},{"@type":"Organization","@id":"https:\/\/www.webdo.tn\/fr\/#organization","name":"Webdo","alternateName":"Webdo.tn","url":"https:\/\/www.webdo.tn\/fr\/","logo":{"@type":"ImageObject","inLanguage":"fr-FR","@id":"https:\/\/www.webdo.tn\/fr\/#\/schema\/logo\/image\/","url":"https:\/\/www.webdo.tn\/fr\/wp-content\/uploads\/2025\/06\/Webdo-Tunisie_168377.jpg","contentUrl":"https:\/\/www.webdo.tn\/fr\/wp-content\/uploads\/2025\/06\/Webdo-Tunisie_168377.jpg","width":301,"height":301,"caption":"Webdo"},"image":{"@id":"https:\/\/www.webdo.tn\/fr\/#\/schema\/logo\/image\/"},"sameAs":["https:\/\/www.facebook.com\/webdotn","https:\/\/x.com\/webdo_tn"],"description":"Webdo est un m\u00e9dia num\u00e9rique tunisien fond\u00e9 en 2010, sp\u00e9cialis\u00e9 dans l\u2019actualit\u00e9 nationale et internationale, l\u2019\u00e9conomie, la soci\u00e9t\u00e9 et les analyses politiques. Le site s\u2019adresse \u00e0 un large public francophone et couvre l\u2019information tunisienne en temps r\u00e9el.","email":"redac@webdo.tn","legalName":"YNJ SARL","foundingDate":"2010-09-06","numberOfEmployees":{"@type":"QuantitativeValue","minValue":"11","maxValue":"50"}},{"@type":"Person","@id":"https:\/\/www.webdo.tn\/fr\/#\/schema\/person\/f35b42a42c5e2511bbd282959d6385cc","name":"CL","image":{"@type":"ImageObject","inLanguage":"fr-FR","@id":"https:\/\/secure.gravatar.com\/avatar\/1447a49909b67aa657c488aec6512e1dd6143a480c1ecfee9b5b5cd74eb3b59e?s=96&d=mm&r=g","url":"https:\/\/secure.gravatar.com\/avatar\/1447a49909b67aa657c488aec6512e1dd6143a480c1ecfee9b5b5cd74eb3b59e?s=96&d=mm&r=g","contentUrl":"https:\/\/secure.gravatar.com\/avatar\/1447a49909b67aa657c488aec6512e1dd6143a480c1ecfee9b5b5cd74eb3b59e?s=96&d=mm&r=g","caption":"CL"},"url":"https:\/\/www.webdo.tn\/fr\/actualite\/author\/cl\/"}]}},"_links":{"self":[{"href":"https:\/\/www.webdo.tn\/fr\/wp-json\/wp\/v2\/posts\/203113","targetHints":{"allow":["GET"]}}],"collection":[{"href":"https:\/\/www.webdo.tn\/fr\/wp-json\/wp\/v2\/posts"}],"about":[{"href":"https:\/\/www.webdo.tn\/fr\/wp-json\/wp\/v2\/types\/post"}],"author":[{"embeddable":true,"href":"https:\/\/www.webdo.tn\/fr\/wp-json\/wp\/v2\/users\/3175"}],"replies":[{"embeddable":true,"href":"https:\/\/www.webdo.tn\/fr\/wp-json\/wp\/v2\/comments?post=203113"}],"version-history":[{"count":0,"href":"https:\/\/www.webdo.tn\/fr\/wp-json\/wp\/v2\/posts\/203113\/revisions"}],"wp:featuredmedia":[{"embeddable":true,"href":"https:\/\/www.webdo.tn\/fr\/wp-json\/wp\/v2\/media\/277784"}],"wp:attachment":[{"href":"https:\/\/www.webdo.tn\/fr\/wp-json\/wp\/v2\/media?parent=203113"}],"wp:term":[{"taxonomy":"category","embeddable":true,"href":"https:\/\/www.webdo.tn\/fr\/wp-json\/wp\/v2\/categories?post=203113"},{"taxonomy":"post_tag","embeddable":true,"href":"https:\/\/www.webdo.tn\/fr\/wp-json\/wp\/v2\/tags?post=203113"}],"curies":[{"name":"wp","href":"https:\/\/api.w.org\/{rel}","templated":true}]}}