{"id":203111,"date":"2023-02-19T20:52:00","date_gmt":"2023-02-19T20:52:00","guid":{"rendered":"https:\/\/www.webdo.tn\/fr\/blog\/coupe-de-la-confederation-l-usmo-prend-les-commandes-du-groupe-d\/203111\/"},"modified":"2025-05-20T23:00:53","modified_gmt":"2025-05-20T23:00:53","slug":"coupe-de-la-confederation-l-usmo-prend-les-commandes-du-groupe-d","status":"publish","type":"post","link":"https:\/\/www.webdo.tn\/fr\/actualite\/sport\/coupe-de-la-confederation-l-usmo-prend-les-commandes-du-groupe-d\/203111\/","title":{"rendered":"Coupe de la Conf\u00e9d\u00e9ration : L&rsquo;USMo prend les commandes du groupe D"},"content":{"rendered":"<p>L&rsquo;USMo a ramen\u00e9 un point pr\u00e9cieux de Bamako apr\u00e8s son nul, un but partout, face \u00e0 la formation malienne de l&rsquo;AS R\u00e9al Bamako, ce dimanche 19 f\u00e9vrier 2023, en match comptant pour la deuxi\u00e8me journ\u00e9e du groupe D de la coupe de la Conf\u00e9d\u00e9ration de football.<\/p>\n<p>\t\t\t\t\t\t\t\t\tLes Maliens ont ouvert la marque \u00e0 la 48e par Makan Samabaly, avant que les Us\u00e9mistes n&rsquo;\u00e9galisent par Zied Aloui \u00e0 la 77e.<\/p>\n<p>Avec cette victoire, les co\u00e9quipiers de Aloui prennent les commandes du groupe D, en profitant de la d\u00e9faite du TP Mazembe, face \u00e0\u00a0Young Africans trois buts \u00e0 un.<\/p>\n<p>Lors de la prochaine journ\u00e9e, pr\u00e9vue le 26 f\u00e9vrier, les prot\u00e9g\u00e9s de Darko Novic seront en d\u00e9placement \u00e0 Lubumbashi pour affronter le TP Mazembe, tandis que R\u00e9al Bamako accueillera Young Africans.<\/p>\n","protected":false},"excerpt":{"rendered":"<p>L&rsquo;USMo a ramen\u00e9 un point pr\u00e9cieux de Bamako apr\u00e8s son nul, un but partout, face \u00e0 la formation malienne de l&rsquo;AS R\u00e9al Bamako, ce dimanche 19 f\u00e9vrier 2023, en mat&#8230;<\/p>\n","protected":false},"author":3195,"featured_media":277782,"comment_status":"open","ping_status":"closed","sticky":false,"template":"","format":"standard","meta":{"footnotes":""},"categories":[2593],"tags":[3046,4742,2692,2608,8270],"class_list":["post-203111","post","type-post","status-publish","format-standard","has-post-thumbnail","hentry","category-sport","tag-afrique","tag-coupe-de-la-confederation","tag-monastir","tag-tunisie","tag-usmo"],"yoast_head":"<!-- This site is optimized with the Yoast SEO Premium plugin v27.4 (Yoast SEO v27.5) - https:\/\/yoast.com\/product\/yoast-seo-premium-wordpress\/ -->\n<title>Coupe de la Conf\u00e9d\u00e9ration : L&#039;USMo prend les commandes du groupe D<\/title>\n<meta name=\"description\" content=\"L&#039;USMo a ramen\u00e9 un point pr\u00e9cieux de Bamako apr\u00e8s son nul, un but partout, face \u00e0 la formation malienne de l&#039;AS R\u00e9al Bamako, ce dimanche 19 f\u00e9vrier 2023, en mat...\" \/>\n<link rel=\"canonical\" href=\"https:\/\/www.webdo.tn\/fr\/actualite\/sport\/coupe-de-la-confederation-l-usmo-prend-les-commandes-du-groupe-d\/203111\/\" \/>\n<meta property=\"og:locale\" content=\"fr_FR\" \/>\n<meta property=\"og:type\" content=\"article\" \/>\n<meta property=\"og:title\" content=\"Coupe de la Conf\u00e9d\u00e9ration : L&#039;USMo prend les commandes du groupe D\" \/>\n<meta property=\"og:description\" content=\"L&#039;USMo a ramen\u00e9 un point pr\u00e9cieux de Bamako apr\u00e8s son nul, un but partout, face \u00e0 la formation malienne de l&#039;AS R\u00e9al Bamako, ce dimanche 19 f\u00e9vrier 2023, en mat...\" \/>\n<meta property=\"og:url\" content=\"https:\/\/www.webdo.tn\/fr\/actualite\/sport\/coupe-de-la-confederation-l-usmo-prend-les-commandes-du-groupe-d\/203111\/\" \/>\n<meta property=\"og:site_name\" content=\"webdo\" \/>\n<meta property=\"article:publisher\" content=\"https:\/\/www.facebook.com\/webdotn\" \/>\n<meta property=\"article:published_time\" content=\"2023-02-19T20:52:00+00:00\" \/>\n<meta property=\"article:modified_time\" content=\"2025-05-20T23:00:53+00:00\" \/>\n<meta property=\"og:image\" content=\"https:\/\/www.webdo.tn\/fr\/wp-content\/uploads\/2023\/02\/50796a81db3036aa7620278bf2cef10e.jpg\" \/>\n\t<meta property=\"og:image:width\" content=\"650\" \/>\n\t<meta property=\"og:image:height\" content=\"347\" \/>\n\t<meta property=\"og:image:type\" content=\"image\/jpeg\" \/>\n<meta name=\"author\" content=\"NJ\" \/>\n<meta name=\"twitter:card\" content=\"summary_large_image\" \/>\n<meta name=\"twitter:creator\" content=\"@webdo_tn\" \/>\n<meta name=\"twitter:site\" content=\"@webdo_tn\" \/>\n<meta name=\"twitter:label1\" content=\"\u00c9crit par\" \/>\n\t<meta name=\"twitter:data1\" content=\"NJ\" \/>\n\t<meta name=\"twitter:label2\" content=\"Dur\u00e9e de lecture estim\u00e9e\" \/>\n\t<meta name=\"twitter:data2\" content=\"1 minute\" \/>\n<script type=\"application\/ld+json\" class=\"yoast-schema-graph\">{\"@context\":\"https:\\\/\\\/schema.org\",\"@graph\":[{\"@type\":\"NewsArticle\",\"@id\":\"https:\\\/\\\/www.webdo.tn\\\/fr\\\/actualite\\\/sport\\\/coupe-de-la-confederation-l-usmo-prend-les-commandes-du-groupe-d\\\/203111\\\/#article\",\"isPartOf\":{\"@id\":\"https:\\\/\\\/www.webdo.tn\\\/fr\\\/actualite\\\/sport\\\/coupe-de-la-confederation-l-usmo-prend-les-commandes-du-groupe-d\\\/203111\\\/\"},\"author\":{\"name\":\"NJ\",\"@id\":\"https:\\\/\\\/www.webdo.tn\\\/fr\\\/#\\\/schema\\\/person\\\/646f7c4406ab78299805d9d39b2636d8\"},\"headline\":\"Coupe de la Conf\u00e9d\u00e9ration : L&rsquo;USMo prend les commandes du groupe D\",\"datePublished\":\"2023-02-19T20:52:00+00:00\",\"dateModified\":\"2025-05-20T23:00:53+00:00\",\"mainEntityOfPage\":{\"@id\":\"https:\\\/\\\/www.webdo.tn\\\/fr\\\/actualite\\\/sport\\\/coupe-de-la-confederation-l-usmo-prend-les-commandes-du-groupe-d\\\/203111\\\/\"},\"wordCount\":155,\"commentCount\":0,\"publisher\":{\"@id\":\"https:\\\/\\\/www.webdo.tn\\\/fr\\\/#organization\"},\"image\":{\"@id\":\"https:\\\/\\\/www.webdo.tn\\\/fr\\\/actualite\\\/sport\\\/coupe-de-la-confederation-l-usmo-prend-les-commandes-du-groupe-d\\\/203111\\\/#primaryimage\"},\"thumbnailUrl\":\"https:\\\/\\\/www.webdo.tn\\\/fr\\\/wp-content\\\/uploads\\\/2023\\\/02\\\/50796a81db3036aa7620278bf2cef10e.jpg\",\"keywords\":[\"Afrique\",\"coupe de la conf\u00e9d\u00e9ration\",\"Monastir\",\"Tunisie\",\"usmo\"],\"articleSection\":[\"Sport\"],\"inLanguage\":\"fr-FR\"},{\"@type\":\"WebPage\",\"@id\":\"https:\\\/\\\/www.webdo.tn\\\/fr\\\/actualite\\\/sport\\\/coupe-de-la-confederation-l-usmo-prend-les-commandes-du-groupe-d\\\/203111\\\/\",\"url\":\"https:\\\/\\\/www.webdo.tn\\\/fr\\\/actualite\\\/sport\\\/coupe-de-la-confederation-l-usmo-prend-les-commandes-du-groupe-d\\\/203111\\\/\",\"name\":\"Coupe de la Conf\u00e9d\u00e9ration : L'USMo prend les commandes du groupe D\",\"isPartOf\":{\"@id\":\"https:\\\/\\\/www.webdo.tn\\\/fr\\\/#website\"},\"primaryImageOfPage\":{\"@id\":\"https:\\\/\\\/www.webdo.tn\\\/fr\\\/actualite\\\/sport\\\/coupe-de-la-confederation-l-usmo-prend-les-commandes-du-groupe-d\\\/203111\\\/#primaryimage\"},\"image\":{\"@id\":\"https:\\\/\\\/www.webdo.tn\\\/fr\\\/actualite\\\/sport\\\/coupe-de-la-confederation-l-usmo-prend-les-commandes-du-groupe-d\\\/203111\\\/#primaryimage\"},\"thumbnailUrl\":\"https:\\\/\\\/www.webdo.tn\\\/fr\\\/wp-content\\\/uploads\\\/2023\\\/02\\\/50796a81db3036aa7620278bf2cef10e.jpg\",\"datePublished\":\"2023-02-19T20:52:00+00:00\",\"dateModified\":\"2025-05-20T23:00:53+00:00\",\"description\":\"L'USMo a ramen\u00e9 un point pr\u00e9cieux de Bamako apr\u00e8s son nul, un but partout, face \u00e0 la formation malienne de l'AS R\u00e9al Bamako, ce dimanche 19 f\u00e9vrier 2023, en mat...\",\"breadcrumb\":{\"@id\":\"https:\\\/\\\/www.webdo.tn\\\/fr\\\/actualite\\\/sport\\\/coupe-de-la-confederation-l-usmo-prend-les-commandes-du-groupe-d\\\/203111\\\/#breadcrumb\"},\"inLanguage\":\"fr-FR\",\"potentialAction\":[{\"@type\":\"ReadAction\",\"target\":[\"https:\\\/\\\/www.webdo.tn\\\/fr\\\/actualite\\\/sport\\\/coupe-de-la-confederation-l-usmo-prend-les-commandes-du-groupe-d\\\/203111\\\/\"]}]},{\"@type\":\"ImageObject\",\"inLanguage\":\"fr-FR\",\"@id\":\"https:\\\/\\\/www.webdo.tn\\\/fr\\\/actualite\\\/sport\\\/coupe-de-la-confederation-l-usmo-prend-les-commandes-du-groupe-d\\\/203111\\\/#primaryimage\",\"url\":\"https:\\\/\\\/www.webdo.tn\\\/fr\\\/wp-content\\\/uploads\\\/2023\\\/02\\\/50796a81db3036aa7620278bf2cef10e.jpg\",\"contentUrl\":\"https:\\\/\\\/www.webdo.tn\\\/fr\\\/wp-content\\\/uploads\\\/2023\\\/02\\\/50796a81db3036aa7620278bf2cef10e.jpg\",\"width\":650,\"height\":347,\"caption\":\"Coupe de la Conf\u00e9d\u00e9ration : L'USMo prend les commandes du groupe D\"},{\"@type\":\"BreadcrumbList\",\"@id\":\"https:\\\/\\\/www.webdo.tn\\\/fr\\\/actualite\\\/sport\\\/coupe-de-la-confederation-l-usmo-prend-les-commandes-du-groupe-d\\\/203111\\\/#breadcrumb\",\"itemListElement\":[{\"@type\":\"ListItem\",\"position\":1,\"name\":\"Accueil\",\"item\":\"https:\\\/\\\/www.webdo.tn\\\/fr\\\/\"},{\"@type\":\"ListItem\",\"position\":2,\"name\":\"Coupe de la Conf\u00e9d\u00e9ration : L&rsquo;USMo prend les commandes du groupe D\"}]},{\"@type\":\"WebSite\",\"@id\":\"https:\\\/\\\/www.webdo.tn\\\/fr\\\/#website\",\"url\":\"https:\\\/\\\/www.webdo.tn\\\/fr\\\/\",\"name\":\"webdo\",\"description\":\"Tunisie - News en Tunisie et \u00e0 l&#039;international sur Webdo.tn\",\"publisher\":{\"@id\":\"https:\\\/\\\/www.webdo.tn\\\/fr\\\/#organization\"},\"potentialAction\":[{\"@type\":\"SearchAction\",\"target\":{\"@type\":\"EntryPoint\",\"urlTemplate\":\"https:\\\/\\\/www.webdo.tn\\\/fr\\\/?s={search_term_string}\"},\"query-input\":{\"@type\":\"PropertyValueSpecification\",\"valueRequired\":true,\"valueName\":\"search_term_string\"}}],\"inLanguage\":\"fr-FR\"},{\"@type\":\"Organization\",\"@id\":\"https:\\\/\\\/www.webdo.tn\\\/fr\\\/#organization\",\"name\":\"Webdo\",\"alternateName\":\"Webdo.tn\",\"url\":\"https:\\\/\\\/www.webdo.tn\\\/fr\\\/\",\"logo\":{\"@type\":\"ImageObject\",\"inLanguage\":\"fr-FR\",\"@id\":\"https:\\\/\\\/www.webdo.tn\\\/fr\\\/#\\\/schema\\\/logo\\\/image\\\/\",\"url\":\"https:\\\/\\\/www.webdo.tn\\\/fr\\\/wp-content\\\/uploads\\\/2025\\\/06\\\/Webdo-Tunisie_168377.jpg\",\"contentUrl\":\"https:\\\/\\\/www.webdo.tn\\\/fr\\\/wp-content\\\/uploads\\\/2025\\\/06\\\/Webdo-Tunisie_168377.jpg\",\"width\":301,\"height\":301,\"caption\":\"Webdo\"},\"image\":{\"@id\":\"https:\\\/\\\/www.webdo.tn\\\/fr\\\/#\\\/schema\\\/logo\\\/image\\\/\"},\"sameAs\":[\"https:\\\/\\\/www.facebook.com\\\/webdotn\",\"https:\\\/\\\/x.com\\\/webdo_tn\"],\"description\":\"Webdo est un m\u00e9dia num\u00e9rique tunisien fond\u00e9 en 2010, sp\u00e9cialis\u00e9 dans l\u2019actualit\u00e9 nationale et internationale, l\u2019\u00e9conomie, la soci\u00e9t\u00e9 et les analyses politiques. Le site s\u2019adresse \u00e0 un large public francophone et couvre l\u2019information tunisienne en temps r\u00e9el.\",\"email\":\"redac@webdo.tn\",\"legalName\":\"YNJ SARL\",\"foundingDate\":\"2010-09-06\",\"numberOfEmployees\":{\"@type\":\"QuantitativeValue\",\"minValue\":\"11\",\"maxValue\":\"50\"}},{\"@type\":\"Person\",\"@id\":\"https:\\\/\\\/www.webdo.tn\\\/fr\\\/#\\\/schema\\\/person\\\/646f7c4406ab78299805d9d39b2636d8\",\"name\":\"NJ\",\"image\":{\"@type\":\"ImageObject\",\"inLanguage\":\"fr-FR\",\"@id\":\"https:\\\/\\\/secure.gravatar.com\\\/avatar\\\/57ee8a7cee8271948beede1dd4413f641d3b749a42dfabf45a3352af812389e1?s=96&d=mm&r=g\",\"url\":\"https:\\\/\\\/secure.gravatar.com\\\/avatar\\\/57ee8a7cee8271948beede1dd4413f641d3b749a42dfabf45a3352af812389e1?s=96&d=mm&r=g\",\"contentUrl\":\"https:\\\/\\\/secure.gravatar.com\\\/avatar\\\/57ee8a7cee8271948beede1dd4413f641d3b749a42dfabf45a3352af812389e1?s=96&d=mm&r=g\",\"caption\":\"NJ\"},\"url\":\"https:\\\/\\\/www.webdo.tn\\\/fr\\\/actualite\\\/author\\\/nj\\\/\"}]}<\/script>\n<!-- \/ Yoast SEO Premium plugin. -->","yoast_head_json":{"title":"Coupe de la Conf\u00e9d\u00e9ration : L'USMo prend les commandes du groupe D","description":"L'USMo a ramen\u00e9 un point pr\u00e9cieux de Bamako apr\u00e8s son nul, un but partout, face \u00e0 la formation malienne de l'AS R\u00e9al Bamako, ce dimanche 19 f\u00e9vrier 2023, en mat...","canonical":"https:\/\/www.webdo.tn\/fr\/actualite\/sport\/coupe-de-la-confederation-l-usmo-prend-les-commandes-du-groupe-d\/203111\/","og_locale":"fr_FR","og_type":"article","og_title":"Coupe de la Conf\u00e9d\u00e9ration : L'USMo prend les commandes du groupe D","og_description":"L'USMo a ramen\u00e9 un point pr\u00e9cieux de Bamako apr\u00e8s son nul, un but partout, face \u00e0 la formation malienne de l'AS R\u00e9al Bamako, ce dimanche 19 f\u00e9vrier 2023, en mat...","og_url":"https:\/\/www.webdo.tn\/fr\/actualite\/sport\/coupe-de-la-confederation-l-usmo-prend-les-commandes-du-groupe-d\/203111\/","og_site_name":"webdo","article_publisher":"https:\/\/www.facebook.com\/webdotn","article_published_time":"2023-02-19T20:52:00+00:00","article_modified_time":"2025-05-20T23:00:53+00:00","og_image":[{"width":650,"height":347,"url":"https:\/\/www.webdo.tn\/fr\/wp-content\/uploads\/2023\/02\/50796a81db3036aa7620278bf2cef10e.jpg","type":"image\/jpeg"}],"author":"NJ","twitter_card":"summary_large_image","twitter_creator":"@webdo_tn","twitter_site":"@webdo_tn","twitter_misc":{"\u00c9crit par":"NJ","Dur\u00e9e de lecture estim\u00e9e":"1 minute"},"schema":{"@context":"https:\/\/schema.org","@graph":[{"@type":"NewsArticle","@id":"https:\/\/www.webdo.tn\/fr\/actualite\/sport\/coupe-de-la-confederation-l-usmo-prend-les-commandes-du-groupe-d\/203111\/#article","isPartOf":{"@id":"https:\/\/www.webdo.tn\/fr\/actualite\/sport\/coupe-de-la-confederation-l-usmo-prend-les-commandes-du-groupe-d\/203111\/"},"author":{"name":"NJ","@id":"https:\/\/www.webdo.tn\/fr\/#\/schema\/person\/646f7c4406ab78299805d9d39b2636d8"},"headline":"Coupe de la Conf\u00e9d\u00e9ration : L&rsquo;USMo prend les commandes du groupe D","datePublished":"2023-02-19T20:52:00+00:00","dateModified":"2025-05-20T23:00:53+00:00","mainEntityOfPage":{"@id":"https:\/\/www.webdo.tn\/fr\/actualite\/sport\/coupe-de-la-confederation-l-usmo-prend-les-commandes-du-groupe-d\/203111\/"},"wordCount":155,"commentCount":0,"publisher":{"@id":"https:\/\/www.webdo.tn\/fr\/#organization"},"image":{"@id":"https:\/\/www.webdo.tn\/fr\/actualite\/sport\/coupe-de-la-confederation-l-usmo-prend-les-commandes-du-groupe-d\/203111\/#primaryimage"},"thumbnailUrl":"https:\/\/www.webdo.tn\/fr\/wp-content\/uploads\/2023\/02\/50796a81db3036aa7620278bf2cef10e.jpg","keywords":["Afrique","coupe de la conf\u00e9d\u00e9ration","Monastir","Tunisie","usmo"],"articleSection":["Sport"],"inLanguage":"fr-FR"},{"@type":"WebPage","@id":"https:\/\/www.webdo.tn\/fr\/actualite\/sport\/coupe-de-la-confederation-l-usmo-prend-les-commandes-du-groupe-d\/203111\/","url":"https:\/\/www.webdo.tn\/fr\/actualite\/sport\/coupe-de-la-confederation-l-usmo-prend-les-commandes-du-groupe-d\/203111\/","name":"Coupe de la Conf\u00e9d\u00e9ration : L'USMo prend les commandes du groupe D","isPartOf":{"@id":"https:\/\/www.webdo.tn\/fr\/#website"},"primaryImageOfPage":{"@id":"https:\/\/www.webdo.tn\/fr\/actualite\/sport\/coupe-de-la-confederation-l-usmo-prend-les-commandes-du-groupe-d\/203111\/#primaryimage"},"image":{"@id":"https:\/\/www.webdo.tn\/fr\/actualite\/sport\/coupe-de-la-confederation-l-usmo-prend-les-commandes-du-groupe-d\/203111\/#primaryimage"},"thumbnailUrl":"https:\/\/www.webdo.tn\/fr\/wp-content\/uploads\/2023\/02\/50796a81db3036aa7620278bf2cef10e.jpg","datePublished":"2023-02-19T20:52:00+00:00","dateModified":"2025-05-20T23:00:53+00:00","description":"L'USMo a ramen\u00e9 un point pr\u00e9cieux de Bamako apr\u00e8s son nul, un but partout, face \u00e0 la formation malienne de l'AS R\u00e9al Bamako, ce dimanche 19 f\u00e9vrier 2023, en mat...","breadcrumb":{"@id":"https:\/\/www.webdo.tn\/fr\/actualite\/sport\/coupe-de-la-confederation-l-usmo-prend-les-commandes-du-groupe-d\/203111\/#breadcrumb"},"inLanguage":"fr-FR","potentialAction":[{"@type":"ReadAction","target":["https:\/\/www.webdo.tn\/fr\/actualite\/sport\/coupe-de-la-confederation-l-usmo-prend-les-commandes-du-groupe-d\/203111\/"]}]},{"@type":"ImageObject","inLanguage":"fr-FR","@id":"https:\/\/www.webdo.tn\/fr\/actualite\/sport\/coupe-de-la-confederation-l-usmo-prend-les-commandes-du-groupe-d\/203111\/#primaryimage","url":"https:\/\/www.webdo.tn\/fr\/wp-content\/uploads\/2023\/02\/50796a81db3036aa7620278bf2cef10e.jpg","contentUrl":"https:\/\/www.webdo.tn\/fr\/wp-content\/uploads\/2023\/02\/50796a81db3036aa7620278bf2cef10e.jpg","width":650,"height":347,"caption":"Coupe de la Conf\u00e9d\u00e9ration : L'USMo prend les commandes du groupe D"},{"@type":"BreadcrumbList","@id":"https:\/\/www.webdo.tn\/fr\/actualite\/sport\/coupe-de-la-confederation-l-usmo-prend-les-commandes-du-groupe-d\/203111\/#breadcrumb","itemListElement":[{"@type":"ListItem","position":1,"name":"Accueil","item":"https:\/\/www.webdo.tn\/fr\/"},{"@type":"ListItem","position":2,"name":"Coupe de la Conf\u00e9d\u00e9ration : L&rsquo;USMo prend les commandes du groupe D"}]},{"@type":"WebSite","@id":"https:\/\/www.webdo.tn\/fr\/#website","url":"https:\/\/www.webdo.tn\/fr\/","name":"webdo","description":"Tunisie - News en Tunisie et \u00e0 l&#039;international sur Webdo.tn","publisher":{"@id":"https:\/\/www.webdo.tn\/fr\/#organization"},"potentialAction":[{"@type":"SearchAction","target":{"@type":"EntryPoint","urlTemplate":"https:\/\/www.webdo.tn\/fr\/?s={search_term_string}"},"query-input":{"@type":"PropertyValueSpecification","valueRequired":true,"valueName":"search_term_string"}}],"inLanguage":"fr-FR"},{"@type":"Organization","@id":"https:\/\/www.webdo.tn\/fr\/#organization","name":"Webdo","alternateName":"Webdo.tn","url":"https:\/\/www.webdo.tn\/fr\/","logo":{"@type":"ImageObject","inLanguage":"fr-FR","@id":"https:\/\/www.webdo.tn\/fr\/#\/schema\/logo\/image\/","url":"https:\/\/www.webdo.tn\/fr\/wp-content\/uploads\/2025\/06\/Webdo-Tunisie_168377.jpg","contentUrl":"https:\/\/www.webdo.tn\/fr\/wp-content\/uploads\/2025\/06\/Webdo-Tunisie_168377.jpg","width":301,"height":301,"caption":"Webdo"},"image":{"@id":"https:\/\/www.webdo.tn\/fr\/#\/schema\/logo\/image\/"},"sameAs":["https:\/\/www.facebook.com\/webdotn","https:\/\/x.com\/webdo_tn"],"description":"Webdo est un m\u00e9dia num\u00e9rique tunisien fond\u00e9 en 2010, sp\u00e9cialis\u00e9 dans l\u2019actualit\u00e9 nationale et internationale, l\u2019\u00e9conomie, la soci\u00e9t\u00e9 et les analyses politiques. Le site s\u2019adresse \u00e0 un large public francophone et couvre l\u2019information tunisienne en temps r\u00e9el.","email":"redac@webdo.tn","legalName":"YNJ SARL","foundingDate":"2010-09-06","numberOfEmployees":{"@type":"QuantitativeValue","minValue":"11","maxValue":"50"}},{"@type":"Person","@id":"https:\/\/www.webdo.tn\/fr\/#\/schema\/person\/646f7c4406ab78299805d9d39b2636d8","name":"NJ","image":{"@type":"ImageObject","inLanguage":"fr-FR","@id":"https:\/\/secure.gravatar.com\/avatar\/57ee8a7cee8271948beede1dd4413f641d3b749a42dfabf45a3352af812389e1?s=96&d=mm&r=g","url":"https:\/\/secure.gravatar.com\/avatar\/57ee8a7cee8271948beede1dd4413f641d3b749a42dfabf45a3352af812389e1?s=96&d=mm&r=g","contentUrl":"https:\/\/secure.gravatar.com\/avatar\/57ee8a7cee8271948beede1dd4413f641d3b749a42dfabf45a3352af812389e1?s=96&d=mm&r=g","caption":"NJ"},"url":"https:\/\/www.webdo.tn\/fr\/actualite\/author\/nj\/"}]}},"_links":{"self":[{"href":"https:\/\/www.webdo.tn\/fr\/wp-json\/wp\/v2\/posts\/203111","targetHints":{"allow":["GET"]}}],"collection":[{"href":"https:\/\/www.webdo.tn\/fr\/wp-json\/wp\/v2\/posts"}],"about":[{"href":"https:\/\/www.webdo.tn\/fr\/wp-json\/wp\/v2\/types\/post"}],"author":[{"embeddable":true,"href":"https:\/\/www.webdo.tn\/fr\/wp-json\/wp\/v2\/users\/3195"}],"replies":[{"embeddable":true,"href":"https:\/\/www.webdo.tn\/fr\/wp-json\/wp\/v2\/comments?post=203111"}],"version-history":[{"count":0,"href":"https:\/\/www.webdo.tn\/fr\/wp-json\/wp\/v2\/posts\/203111\/revisions"}],"wp:featuredmedia":[{"embeddable":true,"href":"https:\/\/www.webdo.tn\/fr\/wp-json\/wp\/v2\/media\/277782"}],"wp:attachment":[{"href":"https:\/\/www.webdo.tn\/fr\/wp-json\/wp\/v2\/media?parent=203111"}],"wp:term":[{"taxonomy":"category","embeddable":true,"href":"https:\/\/www.webdo.tn\/fr\/wp-json\/wp\/v2\/categories?post=203111"},{"taxonomy":"post_tag","embeddable":true,"href":"https:\/\/www.webdo.tn\/fr\/wp-json\/wp\/v2\/tags?post=203111"}],"curies":[{"name":"wp","href":"https:\/\/api.w.org\/{rel}","templated":true}]}}