{"id":203083,"date":"2023-02-18T11:56:00","date_gmt":"2023-02-18T11:56:00","guid":{"rendered":"https:\/\/www.webdo.tn\/fr\/blog\/les-services-cumules-de-la-dette-exterieure-en-hausse-de-25-8-a-1-2-milliard-de-dt\/203083\/"},"modified":"2025-05-20T22:02:20","modified_gmt":"2025-05-20T22:02:20","slug":"les-services-cumules-de-la-dette-exterieure-en-hausse-de-25-8-a-1-2-milliard-de-dt","status":"publish","type":"post","link":"https:\/\/www.webdo.tn\/fr\/actualite\/national\/les-services-cumules-de-la-dette-exterieure-en-hausse-de-25-8-a-1-2-milliard-de-dt\/203083\/","title":{"rendered":"Les services cumul\u00e9s de la dette ext\u00e9rieure en hausse de 25,8% \u00e0 1,2 milliard de DT"},"content":{"rendered":"<p>Les services de la dette ext\u00e9rieure cumul\u00e9s ont \u00e9volu\u00e9 de 25,8% \u00e0 la date du 10 f\u00e9vrier 2023, par rapport \u00e0 la m\u00eame p\u00e9riode de 2022.<\/p>\n<p>\t\t\t\t\t\t\t\t\tD\u2019apr\u00e8s les donn\u00e9es mon\u00e9taires et financi\u00e8res publi\u00e9es par la Banque Centrale de Tunisie (BCT) les services de la dette ext\u00e9rieure cumul\u00e9s d\u00e9passent les 1,2 milliard de dinars.<\/p>\n<p>Ces charges sont \u00e0 peine compens\u00e9es par les recettes touristiques et les revenus du travail cumul\u00e9s qui sont accrues respectivement de 74%, \u00e0 441 millions de dinars (pour les recettes touristiques), et de 10%, \u00e0 819 MD (les revenus du travail).<\/p>\n<p>Pour rappel, les services de la dette publique ont d\u00e9pass\u00e9 les 12 milliards de dinars, durant les 11 premiers mois de 2022.<\/p>\n<p>Le volume global de la dette ext\u00e9rieure s\u2019est \u00e9lev\u00e9 \u00e0 pr\u00e8s de 5 milliards de dinars, selon des donn\u00e9es de minist\u00e8re des Finances.<\/p>\n<p>Pour ce qui est des avoirs nets en devises, ils ont r\u00e9gress\u00e9 \u00e0 22 milliards de dinars, ce qui repr\u00e9sente 95 jours d\u2019importation, \u00e0 la date du 17 f\u00e9vrier courant, contre 23,4 milliards de dinars (ou 131 jours d\u2019importation), \u00e0 la m\u00eame date de l\u2019ann\u00e9e \u00e9coul\u00e9e.<\/p>\n","protected":false},"excerpt":{"rendered":"<p>Les services de la dette ext\u00e9rieure cumul\u00e9s ont \u00e9volu\u00e9 de 25,8% \u00e0 la date du 10 f\u00e9vrier 2023, par rapport \u00e0 la m\u00eame p\u00e9riode de 2022.<\/p>\n","protected":false},"author":3162,"featured_media":251947,"comment_status":"open","ping_status":"closed","sticky":false,"template":"","format":"standard","meta":{"footnotes":""},"categories":[44],"tags":[2807,3672,6237],"class_list":["post-203083","post","type-post","status-publish","format-standard","has-post-thumbnail","hentry","category-national","tag-bct","tag-dette-exterieure","tag-dette-publique"],"yoast_head":"<!-- This site is optimized with the Yoast SEO Premium plugin v27.5 (Yoast SEO v27.5) - https:\/\/yoast.com\/product\/yoast-seo-premium-wordpress\/ -->\n<title>Les services cumul\u00e9s de la dette ext\u00e9rieure en hausse de 25,8% \u00e0 1,2 milliard de DT<\/title>\n<meta name=\"description\" content=\"Les services de la dette ext\u00e9rieure cumul\u00e9s ont \u00e9volu\u00e9 de 25,8% \u00e0 la date du 10 f\u00e9vrier 2023, par rapport \u00e0 la m\u00eame p\u00e9riode de 2022.\" \/>\n<link rel=\"canonical\" href=\"https:\/\/www.webdo.tn\/fr\/actualite\/national\/les-services-cumules-de-la-dette-exterieure-en-hausse-de-25-8-a-1-2-milliard-de-dt\/203083\/\" \/>\n<meta property=\"og:locale\" content=\"fr_FR\" \/>\n<meta property=\"og:type\" content=\"article\" \/>\n<meta property=\"og:title\" content=\"Les services cumul\u00e9s de la dette ext\u00e9rieure en hausse de 25,8% \u00e0 1,2 milliard de DT\" \/>\n<meta property=\"og:description\" content=\"Les services de la dette ext\u00e9rieure cumul\u00e9s ont \u00e9volu\u00e9 de 25,8% \u00e0 la date du 10 f\u00e9vrier 2023, par rapport \u00e0 la m\u00eame p\u00e9riode de 2022.\" \/>\n<meta property=\"og:url\" content=\"https:\/\/www.webdo.tn\/fr\/actualite\/national\/les-services-cumules-de-la-dette-exterieure-en-hausse-de-25-8-a-1-2-milliard-de-dt\/203083\/\" \/>\n<meta property=\"og:site_name\" content=\"webdo\" \/>\n<meta property=\"article:publisher\" content=\"https:\/\/www.facebook.com\/webdotn\" \/>\n<meta property=\"article:published_time\" content=\"2023-02-18T11:56:00+00:00\" \/>\n<meta property=\"article:modified_time\" content=\"2025-05-20T22:02:20+00:00\" \/>\n<meta property=\"og:image\" content=\"https:\/\/www.webdo.tn\/fr\/wp-content\/uploads\/2023\/02\/87f0fa039c857230ac6007e8af447422.jpg\" \/>\n\t<meta property=\"og:image:width\" content=\"600\" \/>\n\t<meta property=\"og:image:height\" content=\"320\" \/>\n\t<meta property=\"og:image:type\" content=\"image\/jpeg\" \/>\n<meta name=\"author\" content=\"MC\" \/>\n<meta name=\"twitter:card\" content=\"summary_large_image\" \/>\n<meta name=\"twitter:creator\" content=\"@webdo_tn\" \/>\n<meta name=\"twitter:site\" content=\"@webdo_tn\" \/>\n<meta name=\"twitter:label1\" content=\"\u00c9crit par\" \/>\n\t<meta name=\"twitter:data1\" content=\"MC\" \/>\n\t<meta name=\"twitter:label2\" content=\"Dur\u00e9e de lecture estim\u00e9e\" \/>\n\t<meta name=\"twitter:data2\" content=\"1 minute\" \/>\n<script type=\"application\/ld+json\" class=\"yoast-schema-graph\">{\"@context\":\"https:\\\/\\\/schema.org\",\"@graph\":[{\"@type\":\"NewsArticle\",\"@id\":\"https:\\\/\\\/www.webdo.tn\\\/fr\\\/actualite\\\/national\\\/les-services-cumules-de-la-dette-exterieure-en-hausse-de-25-8-a-1-2-milliard-de-dt\\\/203083\\\/#article\",\"isPartOf\":{\"@id\":\"https:\\\/\\\/www.webdo.tn\\\/fr\\\/actualite\\\/national\\\/les-services-cumules-de-la-dette-exterieure-en-hausse-de-25-8-a-1-2-milliard-de-dt\\\/203083\\\/\"},\"author\":{\"name\":\"MC\",\"@id\":\"https:\\\/\\\/www.webdo.tn\\\/fr\\\/#\\\/schema\\\/person\\\/2c4929cbf5a809e3bd38617c6ce150f6\"},\"headline\":\"Les services cumul\u00e9s de la dette ext\u00e9rieure en hausse de 25,8% \u00e0 1,2 milliard de DT\",\"datePublished\":\"2023-02-18T11:56:00+00:00\",\"dateModified\":\"2025-05-20T22:02:20+00:00\",\"mainEntityOfPage\":{\"@id\":\"https:\\\/\\\/www.webdo.tn\\\/fr\\\/actualite\\\/national\\\/les-services-cumules-de-la-dette-exterieure-en-hausse-de-25-8-a-1-2-milliard-de-dt\\\/203083\\\/\"},\"wordCount\":204,\"commentCount\":0,\"publisher\":{\"@id\":\"https:\\\/\\\/www.webdo.tn\\\/fr\\\/#organization\"},\"image\":{\"@id\":\"https:\\\/\\\/www.webdo.tn\\\/fr\\\/actualite\\\/national\\\/les-services-cumules-de-la-dette-exterieure-en-hausse-de-25-8-a-1-2-milliard-de-dt\\\/203083\\\/#primaryimage\"},\"thumbnailUrl\":\"https:\\\/\\\/www.webdo.tn\\\/fr\\\/wp-content\\\/uploads\\\/2023\\\/02\\\/87f0fa039c857230ac6007e8af447422.jpg\",\"keywords\":[\"BCT\",\"Dette ext\u00e9rieure\",\"Dette publique\"],\"articleSection\":[\"National\"],\"inLanguage\":\"fr-FR\"},{\"@type\":\"WebPage\",\"@id\":\"https:\\\/\\\/www.webdo.tn\\\/fr\\\/actualite\\\/national\\\/les-services-cumules-de-la-dette-exterieure-en-hausse-de-25-8-a-1-2-milliard-de-dt\\\/203083\\\/\",\"url\":\"https:\\\/\\\/www.webdo.tn\\\/fr\\\/actualite\\\/national\\\/les-services-cumules-de-la-dette-exterieure-en-hausse-de-25-8-a-1-2-milliard-de-dt\\\/203083\\\/\",\"name\":\"Les services cumul\u00e9s de la dette ext\u00e9rieure en hausse de 25,8% \u00e0 1,2 milliard de DT\",\"isPartOf\":{\"@id\":\"https:\\\/\\\/www.webdo.tn\\\/fr\\\/#website\"},\"primaryImageOfPage\":{\"@id\":\"https:\\\/\\\/www.webdo.tn\\\/fr\\\/actualite\\\/national\\\/les-services-cumules-de-la-dette-exterieure-en-hausse-de-25-8-a-1-2-milliard-de-dt\\\/203083\\\/#primaryimage\"},\"image\":{\"@id\":\"https:\\\/\\\/www.webdo.tn\\\/fr\\\/actualite\\\/national\\\/les-services-cumules-de-la-dette-exterieure-en-hausse-de-25-8-a-1-2-milliard-de-dt\\\/203083\\\/#primaryimage\"},\"thumbnailUrl\":\"https:\\\/\\\/www.webdo.tn\\\/fr\\\/wp-content\\\/uploads\\\/2023\\\/02\\\/87f0fa039c857230ac6007e8af447422.jpg\",\"datePublished\":\"2023-02-18T11:56:00+00:00\",\"dateModified\":\"2025-05-20T22:02:20+00:00\",\"description\":\"Les services de la dette ext\u00e9rieure cumul\u00e9s ont \u00e9volu\u00e9 de 25,8% \u00e0 la date du 10 f\u00e9vrier 2023, par rapport \u00e0 la m\u00eame p\u00e9riode de 2022.\",\"breadcrumb\":{\"@id\":\"https:\\\/\\\/www.webdo.tn\\\/fr\\\/actualite\\\/national\\\/les-services-cumules-de-la-dette-exterieure-en-hausse-de-25-8-a-1-2-milliard-de-dt\\\/203083\\\/#breadcrumb\"},\"inLanguage\":\"fr-FR\",\"potentialAction\":[{\"@type\":\"ReadAction\",\"target\":[\"https:\\\/\\\/www.webdo.tn\\\/fr\\\/actualite\\\/national\\\/les-services-cumules-de-la-dette-exterieure-en-hausse-de-25-8-a-1-2-milliard-de-dt\\\/203083\\\/\"]}]},{\"@type\":\"ImageObject\",\"inLanguage\":\"fr-FR\",\"@id\":\"https:\\\/\\\/www.webdo.tn\\\/fr\\\/actualite\\\/national\\\/les-services-cumules-de-la-dette-exterieure-en-hausse-de-25-8-a-1-2-milliard-de-dt\\\/203083\\\/#primaryimage\",\"url\":\"https:\\\/\\\/www.webdo.tn\\\/fr\\\/wp-content\\\/uploads\\\/2023\\\/02\\\/87f0fa039c857230ac6007e8af447422.jpg\",\"contentUrl\":\"https:\\\/\\\/www.webdo.tn\\\/fr\\\/wp-content\\\/uploads\\\/2023\\\/02\\\/87f0fa039c857230ac6007e8af447422.jpg\",\"width\":600,\"height\":320,\"caption\":\"Les services cumul\u00e9s de la dette ext\u00e9rieure en hausse de 25,8% \u00e0 1,2 milliard de DT\"},{\"@type\":\"BreadcrumbList\",\"@id\":\"https:\\\/\\\/www.webdo.tn\\\/fr\\\/actualite\\\/national\\\/les-services-cumules-de-la-dette-exterieure-en-hausse-de-25-8-a-1-2-milliard-de-dt\\\/203083\\\/#breadcrumb\",\"itemListElement\":[{\"@type\":\"ListItem\",\"position\":1,\"name\":\"Accueil\",\"item\":\"https:\\\/\\\/www.webdo.tn\\\/fr\\\/\"},{\"@type\":\"ListItem\",\"position\":2,\"name\":\"Les services cumul\u00e9s de la dette ext\u00e9rieure en hausse de 25,8% \u00e0 1,2 milliard de DT\"}]},{\"@type\":\"WebSite\",\"@id\":\"https:\\\/\\\/www.webdo.tn\\\/fr\\\/#website\",\"url\":\"https:\\\/\\\/www.webdo.tn\\\/fr\\\/\",\"name\":\"webdo\",\"description\":\"Tunisie - News en Tunisie et \u00e0 l&#039;international sur Webdo.tn\",\"publisher\":{\"@id\":\"https:\\\/\\\/www.webdo.tn\\\/fr\\\/#organization\"},\"potentialAction\":[{\"@type\":\"SearchAction\",\"target\":{\"@type\":\"EntryPoint\",\"urlTemplate\":\"https:\\\/\\\/www.webdo.tn\\\/fr\\\/?s={search_term_string}\"},\"query-input\":{\"@type\":\"PropertyValueSpecification\",\"valueRequired\":true,\"valueName\":\"search_term_string\"}}],\"inLanguage\":\"fr-FR\"},{\"@type\":\"Organization\",\"@id\":\"https:\\\/\\\/www.webdo.tn\\\/fr\\\/#organization\",\"name\":\"Webdo\",\"alternateName\":\"Webdo.tn\",\"url\":\"https:\\\/\\\/www.webdo.tn\\\/fr\\\/\",\"logo\":{\"@type\":\"ImageObject\",\"inLanguage\":\"fr-FR\",\"@id\":\"https:\\\/\\\/www.webdo.tn\\\/fr\\\/#\\\/schema\\\/logo\\\/image\\\/\",\"url\":\"https:\\\/\\\/www.webdo.tn\\\/fr\\\/wp-content\\\/uploads\\\/2025\\\/06\\\/Webdo-Tunisie_168377.jpg\",\"contentUrl\":\"https:\\\/\\\/www.webdo.tn\\\/fr\\\/wp-content\\\/uploads\\\/2025\\\/06\\\/Webdo-Tunisie_168377.jpg\",\"width\":301,\"height\":301,\"caption\":\"Webdo\"},\"image\":{\"@id\":\"https:\\\/\\\/www.webdo.tn\\\/fr\\\/#\\\/schema\\\/logo\\\/image\\\/\"},\"sameAs\":[\"https:\\\/\\\/www.facebook.com\\\/webdotn\",\"https:\\\/\\\/x.com\\\/webdo_tn\"],\"description\":\"Webdo est un m\u00e9dia num\u00e9rique tunisien fond\u00e9 en 2010, sp\u00e9cialis\u00e9 dans l\u2019actualit\u00e9 nationale et internationale, l\u2019\u00e9conomie, la soci\u00e9t\u00e9 et les analyses politiques. Le site s\u2019adresse \u00e0 un large public francophone et couvre l\u2019information tunisienne en temps r\u00e9el.\",\"email\":\"redac@webdo.tn\",\"legalName\":\"YNJ SARL\",\"foundingDate\":\"2010-09-06\",\"numberOfEmployees\":{\"@type\":\"QuantitativeValue\",\"minValue\":\"11\",\"maxValue\":\"50\"}},{\"@type\":\"Person\",\"@id\":\"https:\\\/\\\/www.webdo.tn\\\/fr\\\/#\\\/schema\\\/person\\\/2c4929cbf5a809e3bd38617c6ce150f6\",\"name\":\"MC\",\"image\":{\"@type\":\"ImageObject\",\"inLanguage\":\"fr-FR\",\"@id\":\"https:\\\/\\\/secure.gravatar.com\\\/avatar\\\/a545bbb6f84efdd5553dbbc2895e3ca8f1d12c5215e00a041c9670b54aa9b18a?s=96&d=mm&r=g\",\"url\":\"https:\\\/\\\/secure.gravatar.com\\\/avatar\\\/a545bbb6f84efdd5553dbbc2895e3ca8f1d12c5215e00a041c9670b54aa9b18a?s=96&d=mm&r=g\",\"contentUrl\":\"https:\\\/\\\/secure.gravatar.com\\\/avatar\\\/a545bbb6f84efdd5553dbbc2895e3ca8f1d12c5215e00a041c9670b54aa9b18a?s=96&d=mm&r=g\",\"caption\":\"MC\"},\"url\":\"https:\\\/\\\/www.webdo.tn\\\/fr\\\/actualite\\\/author\\\/mc\\\/\"}]}<\/script>\n<!-- \/ Yoast SEO Premium plugin. -->","yoast_head_json":{"title":"Les services cumul\u00e9s de la dette ext\u00e9rieure en hausse de 25,8% \u00e0 1,2 milliard de DT","description":"Les services de la dette ext\u00e9rieure cumul\u00e9s ont \u00e9volu\u00e9 de 25,8% \u00e0 la date du 10 f\u00e9vrier 2023, par rapport \u00e0 la m\u00eame p\u00e9riode de 2022.","canonical":"https:\/\/www.webdo.tn\/fr\/actualite\/national\/les-services-cumules-de-la-dette-exterieure-en-hausse-de-25-8-a-1-2-milliard-de-dt\/203083\/","og_locale":"fr_FR","og_type":"article","og_title":"Les services cumul\u00e9s de la dette ext\u00e9rieure en hausse de 25,8% \u00e0 1,2 milliard de DT","og_description":"Les services de la dette ext\u00e9rieure cumul\u00e9s ont \u00e9volu\u00e9 de 25,8% \u00e0 la date du 10 f\u00e9vrier 2023, par rapport \u00e0 la m\u00eame p\u00e9riode de 2022.","og_url":"https:\/\/www.webdo.tn\/fr\/actualite\/national\/les-services-cumules-de-la-dette-exterieure-en-hausse-de-25-8-a-1-2-milliard-de-dt\/203083\/","og_site_name":"webdo","article_publisher":"https:\/\/www.facebook.com\/webdotn","article_published_time":"2023-02-18T11:56:00+00:00","article_modified_time":"2025-05-20T22:02:20+00:00","og_image":[{"width":600,"height":320,"url":"https:\/\/www.webdo.tn\/fr\/wp-content\/uploads\/2023\/02\/87f0fa039c857230ac6007e8af447422.jpg","type":"image\/jpeg"}],"author":"MC","twitter_card":"summary_large_image","twitter_creator":"@webdo_tn","twitter_site":"@webdo_tn","twitter_misc":{"\u00c9crit par":"MC","Dur\u00e9e de lecture estim\u00e9e":"1 minute"},"schema":{"@context":"https:\/\/schema.org","@graph":[{"@type":"NewsArticle","@id":"https:\/\/www.webdo.tn\/fr\/actualite\/national\/les-services-cumules-de-la-dette-exterieure-en-hausse-de-25-8-a-1-2-milliard-de-dt\/203083\/#article","isPartOf":{"@id":"https:\/\/www.webdo.tn\/fr\/actualite\/national\/les-services-cumules-de-la-dette-exterieure-en-hausse-de-25-8-a-1-2-milliard-de-dt\/203083\/"},"author":{"name":"MC","@id":"https:\/\/www.webdo.tn\/fr\/#\/schema\/person\/2c4929cbf5a809e3bd38617c6ce150f6"},"headline":"Les services cumul\u00e9s de la dette ext\u00e9rieure en hausse de 25,8% \u00e0 1,2 milliard de DT","datePublished":"2023-02-18T11:56:00+00:00","dateModified":"2025-05-20T22:02:20+00:00","mainEntityOfPage":{"@id":"https:\/\/www.webdo.tn\/fr\/actualite\/national\/les-services-cumules-de-la-dette-exterieure-en-hausse-de-25-8-a-1-2-milliard-de-dt\/203083\/"},"wordCount":204,"commentCount":0,"publisher":{"@id":"https:\/\/www.webdo.tn\/fr\/#organization"},"image":{"@id":"https:\/\/www.webdo.tn\/fr\/actualite\/national\/les-services-cumules-de-la-dette-exterieure-en-hausse-de-25-8-a-1-2-milliard-de-dt\/203083\/#primaryimage"},"thumbnailUrl":"https:\/\/www.webdo.tn\/fr\/wp-content\/uploads\/2023\/02\/87f0fa039c857230ac6007e8af447422.jpg","keywords":["BCT","Dette ext\u00e9rieure","Dette publique"],"articleSection":["National"],"inLanguage":"fr-FR"},{"@type":"WebPage","@id":"https:\/\/www.webdo.tn\/fr\/actualite\/national\/les-services-cumules-de-la-dette-exterieure-en-hausse-de-25-8-a-1-2-milliard-de-dt\/203083\/","url":"https:\/\/www.webdo.tn\/fr\/actualite\/national\/les-services-cumules-de-la-dette-exterieure-en-hausse-de-25-8-a-1-2-milliard-de-dt\/203083\/","name":"Les services cumul\u00e9s de la dette ext\u00e9rieure en hausse de 25,8% \u00e0 1,2 milliard de DT","isPartOf":{"@id":"https:\/\/www.webdo.tn\/fr\/#website"},"primaryImageOfPage":{"@id":"https:\/\/www.webdo.tn\/fr\/actualite\/national\/les-services-cumules-de-la-dette-exterieure-en-hausse-de-25-8-a-1-2-milliard-de-dt\/203083\/#primaryimage"},"image":{"@id":"https:\/\/www.webdo.tn\/fr\/actualite\/national\/les-services-cumules-de-la-dette-exterieure-en-hausse-de-25-8-a-1-2-milliard-de-dt\/203083\/#primaryimage"},"thumbnailUrl":"https:\/\/www.webdo.tn\/fr\/wp-content\/uploads\/2023\/02\/87f0fa039c857230ac6007e8af447422.jpg","datePublished":"2023-02-18T11:56:00+00:00","dateModified":"2025-05-20T22:02:20+00:00","description":"Les services de la dette ext\u00e9rieure cumul\u00e9s ont \u00e9volu\u00e9 de 25,8% \u00e0 la date du 10 f\u00e9vrier 2023, par rapport \u00e0 la m\u00eame p\u00e9riode de 2022.","breadcrumb":{"@id":"https:\/\/www.webdo.tn\/fr\/actualite\/national\/les-services-cumules-de-la-dette-exterieure-en-hausse-de-25-8-a-1-2-milliard-de-dt\/203083\/#breadcrumb"},"inLanguage":"fr-FR","potentialAction":[{"@type":"ReadAction","target":["https:\/\/www.webdo.tn\/fr\/actualite\/national\/les-services-cumules-de-la-dette-exterieure-en-hausse-de-25-8-a-1-2-milliard-de-dt\/203083\/"]}]},{"@type":"ImageObject","inLanguage":"fr-FR","@id":"https:\/\/www.webdo.tn\/fr\/actualite\/national\/les-services-cumules-de-la-dette-exterieure-en-hausse-de-25-8-a-1-2-milliard-de-dt\/203083\/#primaryimage","url":"https:\/\/www.webdo.tn\/fr\/wp-content\/uploads\/2023\/02\/87f0fa039c857230ac6007e8af447422.jpg","contentUrl":"https:\/\/www.webdo.tn\/fr\/wp-content\/uploads\/2023\/02\/87f0fa039c857230ac6007e8af447422.jpg","width":600,"height":320,"caption":"Les services cumul\u00e9s de la dette ext\u00e9rieure en hausse de 25,8% \u00e0 1,2 milliard de DT"},{"@type":"BreadcrumbList","@id":"https:\/\/www.webdo.tn\/fr\/actualite\/national\/les-services-cumules-de-la-dette-exterieure-en-hausse-de-25-8-a-1-2-milliard-de-dt\/203083\/#breadcrumb","itemListElement":[{"@type":"ListItem","position":1,"name":"Accueil","item":"https:\/\/www.webdo.tn\/fr\/"},{"@type":"ListItem","position":2,"name":"Les services cumul\u00e9s de la dette ext\u00e9rieure en hausse de 25,8% \u00e0 1,2 milliard de DT"}]},{"@type":"WebSite","@id":"https:\/\/www.webdo.tn\/fr\/#website","url":"https:\/\/www.webdo.tn\/fr\/","name":"webdo","description":"Tunisie - News en Tunisie et \u00e0 l&#039;international sur Webdo.tn","publisher":{"@id":"https:\/\/www.webdo.tn\/fr\/#organization"},"potentialAction":[{"@type":"SearchAction","target":{"@type":"EntryPoint","urlTemplate":"https:\/\/www.webdo.tn\/fr\/?s={search_term_string}"},"query-input":{"@type":"PropertyValueSpecification","valueRequired":true,"valueName":"search_term_string"}}],"inLanguage":"fr-FR"},{"@type":"Organization","@id":"https:\/\/www.webdo.tn\/fr\/#organization","name":"Webdo","alternateName":"Webdo.tn","url":"https:\/\/www.webdo.tn\/fr\/","logo":{"@type":"ImageObject","inLanguage":"fr-FR","@id":"https:\/\/www.webdo.tn\/fr\/#\/schema\/logo\/image\/","url":"https:\/\/www.webdo.tn\/fr\/wp-content\/uploads\/2025\/06\/Webdo-Tunisie_168377.jpg","contentUrl":"https:\/\/www.webdo.tn\/fr\/wp-content\/uploads\/2025\/06\/Webdo-Tunisie_168377.jpg","width":301,"height":301,"caption":"Webdo"},"image":{"@id":"https:\/\/www.webdo.tn\/fr\/#\/schema\/logo\/image\/"},"sameAs":["https:\/\/www.facebook.com\/webdotn","https:\/\/x.com\/webdo_tn"],"description":"Webdo est un m\u00e9dia num\u00e9rique tunisien fond\u00e9 en 2010, sp\u00e9cialis\u00e9 dans l\u2019actualit\u00e9 nationale et internationale, l\u2019\u00e9conomie, la soci\u00e9t\u00e9 et les analyses politiques. Le site s\u2019adresse \u00e0 un large public francophone et couvre l\u2019information tunisienne en temps r\u00e9el.","email":"redac@webdo.tn","legalName":"YNJ SARL","foundingDate":"2010-09-06","numberOfEmployees":{"@type":"QuantitativeValue","minValue":"11","maxValue":"50"}},{"@type":"Person","@id":"https:\/\/www.webdo.tn\/fr\/#\/schema\/person\/2c4929cbf5a809e3bd38617c6ce150f6","name":"MC","image":{"@type":"ImageObject","inLanguage":"fr-FR","@id":"https:\/\/secure.gravatar.com\/avatar\/a545bbb6f84efdd5553dbbc2895e3ca8f1d12c5215e00a041c9670b54aa9b18a?s=96&d=mm&r=g","url":"https:\/\/secure.gravatar.com\/avatar\/a545bbb6f84efdd5553dbbc2895e3ca8f1d12c5215e00a041c9670b54aa9b18a?s=96&d=mm&r=g","contentUrl":"https:\/\/secure.gravatar.com\/avatar\/a545bbb6f84efdd5553dbbc2895e3ca8f1d12c5215e00a041c9670b54aa9b18a?s=96&d=mm&r=g","caption":"MC"},"url":"https:\/\/www.webdo.tn\/fr\/actualite\/author\/mc\/"}]}},"_links":{"self":[{"href":"https:\/\/www.webdo.tn\/fr\/wp-json\/wp\/v2\/posts\/203083","targetHints":{"allow":["GET"]}}],"collection":[{"href":"https:\/\/www.webdo.tn\/fr\/wp-json\/wp\/v2\/posts"}],"about":[{"href":"https:\/\/www.webdo.tn\/fr\/wp-json\/wp\/v2\/types\/post"}],"author":[{"embeddable":true,"href":"https:\/\/www.webdo.tn\/fr\/wp-json\/wp\/v2\/users\/3162"}],"replies":[{"embeddable":true,"href":"https:\/\/www.webdo.tn\/fr\/wp-json\/wp\/v2\/comments?post=203083"}],"version-history":[{"count":0,"href":"https:\/\/www.webdo.tn\/fr\/wp-json\/wp\/v2\/posts\/203083\/revisions"}],"wp:featuredmedia":[{"embeddable":true,"href":"https:\/\/www.webdo.tn\/fr\/wp-json\/wp\/v2\/media\/251947"}],"wp:attachment":[{"href":"https:\/\/www.webdo.tn\/fr\/wp-json\/wp\/v2\/media?parent=203083"}],"wp:term":[{"taxonomy":"category","embeddable":true,"href":"https:\/\/www.webdo.tn\/fr\/wp-json\/wp\/v2\/categories?post=203083"},{"taxonomy":"post_tag","embeddable":true,"href":"https:\/\/www.webdo.tn\/fr\/wp-json\/wp\/v2\/tags?post=203083"}],"curies":[{"name":"wp","href":"https:\/\/api.w.org\/{rel}","templated":true}]}}