{"id":203078,"date":"2023-02-18T10:30:00","date_gmt":"2023-02-18T10:30:00","guid":{"rendered":"https:\/\/www.webdo.tn\/fr\/blog\/l-atb-partenaire-du-semi-marathon-ulysse-djerba\/203078\/"},"modified":"2025-05-20T22:32:55","modified_gmt":"2025-05-20T22:32:55","slug":"l-atb-partenaire-du-semi-marathon-ulysse-djerba","status":"publish","type":"post","link":"https:\/\/www.webdo.tn\/fr\/actualite\/national\/l-atb-partenaire-du-semi-marathon-ulysse-djerba\/203078\/","title":{"rendered":"L\u2019ATB partenaire du semi-marathon Ulysse Djerba"},"content":{"rendered":"<p>L\u2019Arab Tunisian Bank participe pour la deuxi\u00e8me ann\u00e9e en tant que partenaire du semi-marathon Ulysse Djerba qui se d\u00e9roulera le 19 f\u00e9vrier 2023 \u00e0 Djerba. Durant trois jours de festivit\u00e9s, des coureurs de 15 nationalit\u00e9s vont participer \u00e0 cet \u00e9v\u00e9nement sportif international.<\/p>\n<p>\t\t\t\t\t\t\t\t\tLe nombre de coureurs inscrits pour cette \u00e9dition d\u00e9passe les 1200 de l&rsquo;\u00e9dition pr\u00e9c\u00e9dente. Deux types de courses sont organis\u00e9s : la course pour tous (5 km) et le semi-marathon (21 km).<\/p>\n<p>En appuyant l\u2019\u00e9v\u00e9nement d\u2019athl\u00e9tisme le plus important de l\u2019\u00eele, l\u2019ATB fait montre de toute l\u2019importance qu\u2019elle accorde aux valeurs du sport, en l&rsquo;occurrence l\u2019excellence et le d\u00e9passement de soi.<\/p>\n<p>Dans ce sens, Madame Imen Messadi, Directrice Centrale de la Transformation, du Marketing et de la Communication a affirm\u00e9 que :<\/p>\n<p>\u00ab L\u2019ATB est d\u2019ores et d\u00e9j\u00e0 engag\u00e9e dans diff\u00e9rentes disciplines sportives mais aussi dans d\u2019autres domaines comme la culture ou les arts. Effectivement, la banque est d\u00e9termin\u00e9e \u00e0 soutenir les manifestations sportives d\u00e9j\u00e0 initi\u00e9es auparavant en partenariat avec les diff\u00e9rents organisateurs parce que nous partageons les m\u00eames valeurs et portons l\u2019ambition de l\u2019excellence \u00bb.<\/p>\n<p>A travers la d\u00e9couverte du marathon, l&rsquo;\u00e9v\u00e9nement est l\u2019occasion de mettre en valeur le patrimoine culturel et de faire d\u00e9couvrir le charme de l&rsquo;\u00eele au sable d\u2019or.<\/p>\n<p>En effet, les athl\u00e8tes seront emmen\u00e9s au c\u0153ur de l&rsquo;\u00eele, empruntant des chemins bord\u00e9s de \u00ab tabia \u00bb et de palmiers sur une terre plate pour ensuite longer le rivage de la mer turquoise de \u00ab Lella Hadhria \u00bb. Au-del\u00e0 de l\u2019\u00e9vasion, le semi-marathon Ulysse Djerba est une v\u00e9ritable promotion du site et de sa culture.<\/p>\n<p>L\u2019ATB appelle tous les passionn\u00e9s de course et de marathon \u00e0 s\u2019inscrire pour profiter de cette escapade sportive et de bien-\u00eatre et pour donner \u00e0 cet \u00e9v\u00e9nement sportif, culturel et citoyen toute l\u2019aura qu\u2019il m\u00e9rite.<\/p>\n<p>Longtemps per\u00e7ue et agissant en tant que banque responsable qui soutient l\u2019art, la culture, le sport, l\u2019\u00e9ducation et les jeunes, l\u2019ATB a \u00e9t\u00e9 pr\u00e9sente dans plusieurs manifestations organis\u00e9es sur l\u2019\u00eele de Djerba comme Djerba Music Land, le sommet de la francophonie et le forum \u00e9conomique 2022, Rencontre des hommes d\u2019affaires Tuniso-Libyenne ainsi que plusieurs \u00e9v\u00e9nements sportifs.<\/p>\n<p>Sur le plan commercial, l\u2019ATB dispose, \u00e0 Djerba, d\u2019un large r\u00e9seau de DABs et d\u2019agences implant\u00e9s dans les endroits les plus strat\u00e9giques de l\u2019\u00eele.<\/p>\n<p>Aujourd\u2019hui, l\u2019ATB dispose d&rsquo;un r\u00e9seau de 129 agences r\u00e9parti sur tout le territoire tunisien\u00a0 et emploie plus de 1300 personnes.<\/p>\n","protected":false},"excerpt":{"rendered":"<p>L\u2019Arab Tunisian Bank participe pour la deuxi\u00e8me ann\u00e9e en tant que partenaire du semi-marathon Ulysse Djerba qui se d\u00e9roulera le 19 f\u00e9vrier 2023 \u00e0 Djerba. Durant&#8230;<\/p>\n","protected":false},"author":3169,"featured_media":251944,"comment_status":"open","ping_status":"closed","sticky":false,"template":"","format":"standard","meta":{"footnotes":""},"categories":[44],"tags":[8338,3696,3772],"class_list":["post-203078","post","type-post","status-publish","format-standard","has-post-thumbnail","hentry","category-national","tag-atb","tag-djerba","tag-marathon"],"yoast_head":"<!-- This site is optimized with the Yoast SEO Premium plugin v27.5 (Yoast SEO v27.5) - https:\/\/yoast.com\/product\/yoast-seo-premium-wordpress\/ -->\n<title>L\u2019ATB partenaire du semi-marathon Ulysse Djerba<\/title>\n<meta name=\"description\" content=\"L\u2019Arab Tunisian Bank participe pour la deuxi\u00e8me ann\u00e9e en tant que partenaire du semi-marathon Ulysse Djerba qui se d\u00e9roulera le 19 f\u00e9vrier 2023 \u00e0 Djerba. Durant...\" \/>\n<link rel=\"canonical\" href=\"https:\/\/www.webdo.tn\/fr\/actualite\/national\/l-atb-partenaire-du-semi-marathon-ulysse-djerba\/203078\/\" \/>\n<meta property=\"og:locale\" content=\"fr_FR\" \/>\n<meta property=\"og:type\" content=\"article\" \/>\n<meta property=\"og:title\" content=\"L\u2019ATB partenaire du semi-marathon Ulysse Djerba\" \/>\n<meta property=\"og:description\" content=\"L\u2019Arab Tunisian Bank participe pour la deuxi\u00e8me ann\u00e9e en tant que partenaire du semi-marathon Ulysse Djerba qui se d\u00e9roulera le 19 f\u00e9vrier 2023 \u00e0 Djerba. Durant...\" \/>\n<meta property=\"og:url\" content=\"https:\/\/www.webdo.tn\/fr\/actualite\/national\/l-atb-partenaire-du-semi-marathon-ulysse-djerba\/203078\/\" \/>\n<meta property=\"og:site_name\" content=\"webdo\" \/>\n<meta property=\"article:publisher\" content=\"https:\/\/www.facebook.com\/webdotn\" \/>\n<meta property=\"article:published_time\" content=\"2023-02-18T10:30:00+00:00\" \/>\n<meta property=\"article:modified_time\" content=\"2025-05-20T22:32:55+00:00\" \/>\n<meta property=\"og:image\" content=\"https:\/\/www.webdo.tn\/fr\/wp-content\/uploads\/2023\/02\/c6d7d8d18493a53e34ac5bf6e49319a5.jpg\" \/>\n\t<meta property=\"og:image:width\" content=\"750\" \/>\n\t<meta property=\"og:image:height\" content=\"400\" \/>\n\t<meta property=\"og:image:type\" content=\"image\/jpeg\" \/>\n<meta name=\"author\" content=\"Webdo\" \/>\n<meta name=\"twitter:card\" content=\"summary_large_image\" \/>\n<meta name=\"twitter:creator\" content=\"@webdo_tn\" \/>\n<meta name=\"twitter:site\" content=\"@webdo_tn\" \/>\n<meta name=\"twitter:label1\" content=\"\u00c9crit par\" \/>\n\t<meta name=\"twitter:data1\" content=\"Webdo\" \/>\n\t<meta name=\"twitter:label2\" content=\"Dur\u00e9e de lecture estim\u00e9e\" \/>\n\t<meta name=\"twitter:data2\" content=\"2 minutes\" \/>\n<script type=\"application\/ld+json\" class=\"yoast-schema-graph\">{\"@context\":\"https:\\\/\\\/schema.org\",\"@graph\":[{\"@type\":\"NewsArticle\",\"@id\":\"https:\\\/\\\/www.webdo.tn\\\/fr\\\/actualite\\\/national\\\/l-atb-partenaire-du-semi-marathon-ulysse-djerba\\\/203078\\\/#article\",\"isPartOf\":{\"@id\":\"https:\\\/\\\/www.webdo.tn\\\/fr\\\/actualite\\\/national\\\/l-atb-partenaire-du-semi-marathon-ulysse-djerba\\\/203078\\\/\"},\"author\":{\"name\":\"Webdo\",\"@id\":\"https:\\\/\\\/www.webdo.tn\\\/fr\\\/#\\\/schema\\\/person\\\/1f4e491e0907b413d61089e8eb573acc\"},\"headline\":\"L\u2019ATB partenaire du semi-marathon Ulysse Djerba\",\"datePublished\":\"2023-02-18T10:30:00+00:00\",\"dateModified\":\"2025-05-20T22:32:55+00:00\",\"mainEntityOfPage\":{\"@id\":\"https:\\\/\\\/www.webdo.tn\\\/fr\\\/actualite\\\/national\\\/l-atb-partenaire-du-semi-marathon-ulysse-djerba\\\/203078\\\/\"},\"wordCount\":461,\"commentCount\":0,\"publisher\":{\"@id\":\"https:\\\/\\\/www.webdo.tn\\\/fr\\\/#organization\"},\"image\":{\"@id\":\"https:\\\/\\\/www.webdo.tn\\\/fr\\\/actualite\\\/national\\\/l-atb-partenaire-du-semi-marathon-ulysse-djerba\\\/203078\\\/#primaryimage\"},\"thumbnailUrl\":\"https:\\\/\\\/www.webdo.tn\\\/fr\\\/wp-content\\\/uploads\\\/2023\\\/02\\\/c6d7d8d18493a53e34ac5bf6e49319a5.jpg\",\"keywords\":[\"ATB\",\"djerba\",\"marathon\"],\"articleSection\":[\"National\"],\"inLanguage\":\"fr-FR\"},{\"@type\":\"WebPage\",\"@id\":\"https:\\\/\\\/www.webdo.tn\\\/fr\\\/actualite\\\/national\\\/l-atb-partenaire-du-semi-marathon-ulysse-djerba\\\/203078\\\/\",\"url\":\"https:\\\/\\\/www.webdo.tn\\\/fr\\\/actualite\\\/national\\\/l-atb-partenaire-du-semi-marathon-ulysse-djerba\\\/203078\\\/\",\"name\":\"L\u2019ATB partenaire du semi-marathon Ulysse Djerba\",\"isPartOf\":{\"@id\":\"https:\\\/\\\/www.webdo.tn\\\/fr\\\/#website\"},\"primaryImageOfPage\":{\"@id\":\"https:\\\/\\\/www.webdo.tn\\\/fr\\\/actualite\\\/national\\\/l-atb-partenaire-du-semi-marathon-ulysse-djerba\\\/203078\\\/#primaryimage\"},\"image\":{\"@id\":\"https:\\\/\\\/www.webdo.tn\\\/fr\\\/actualite\\\/national\\\/l-atb-partenaire-du-semi-marathon-ulysse-djerba\\\/203078\\\/#primaryimage\"},\"thumbnailUrl\":\"https:\\\/\\\/www.webdo.tn\\\/fr\\\/wp-content\\\/uploads\\\/2023\\\/02\\\/c6d7d8d18493a53e34ac5bf6e49319a5.jpg\",\"datePublished\":\"2023-02-18T10:30:00+00:00\",\"dateModified\":\"2025-05-20T22:32:55+00:00\",\"description\":\"L\u2019Arab Tunisian Bank participe pour la deuxi\u00e8me ann\u00e9e en tant que partenaire du semi-marathon Ulysse Djerba qui se d\u00e9roulera le 19 f\u00e9vrier 2023 \u00e0 Djerba. Durant...\",\"breadcrumb\":{\"@id\":\"https:\\\/\\\/www.webdo.tn\\\/fr\\\/actualite\\\/national\\\/l-atb-partenaire-du-semi-marathon-ulysse-djerba\\\/203078\\\/#breadcrumb\"},\"inLanguage\":\"fr-FR\",\"potentialAction\":[{\"@type\":\"ReadAction\",\"target\":[\"https:\\\/\\\/www.webdo.tn\\\/fr\\\/actualite\\\/national\\\/l-atb-partenaire-du-semi-marathon-ulysse-djerba\\\/203078\\\/\"]}]},{\"@type\":\"ImageObject\",\"inLanguage\":\"fr-FR\",\"@id\":\"https:\\\/\\\/www.webdo.tn\\\/fr\\\/actualite\\\/national\\\/l-atb-partenaire-du-semi-marathon-ulysse-djerba\\\/203078\\\/#primaryimage\",\"url\":\"https:\\\/\\\/www.webdo.tn\\\/fr\\\/wp-content\\\/uploads\\\/2023\\\/02\\\/c6d7d8d18493a53e34ac5bf6e49319a5.jpg\",\"contentUrl\":\"https:\\\/\\\/www.webdo.tn\\\/fr\\\/wp-content\\\/uploads\\\/2023\\\/02\\\/c6d7d8d18493a53e34ac5bf6e49319a5.jpg\",\"width\":750,\"height\":400,\"caption\":\"L\u2019ATB partenaire du semi-marathon Ulysse Djerba\"},{\"@type\":\"BreadcrumbList\",\"@id\":\"https:\\\/\\\/www.webdo.tn\\\/fr\\\/actualite\\\/national\\\/l-atb-partenaire-du-semi-marathon-ulysse-djerba\\\/203078\\\/#breadcrumb\",\"itemListElement\":[{\"@type\":\"ListItem\",\"position\":1,\"name\":\"Accueil\",\"item\":\"https:\\\/\\\/www.webdo.tn\\\/fr\\\/\"},{\"@type\":\"ListItem\",\"position\":2,\"name\":\"L\u2019ATB partenaire du semi-marathon Ulysse Djerba\"}]},{\"@type\":\"WebSite\",\"@id\":\"https:\\\/\\\/www.webdo.tn\\\/fr\\\/#website\",\"url\":\"https:\\\/\\\/www.webdo.tn\\\/fr\\\/\",\"name\":\"webdo\",\"description\":\"Tunisie - News en Tunisie et \u00e0 l&#039;international sur Webdo.tn\",\"publisher\":{\"@id\":\"https:\\\/\\\/www.webdo.tn\\\/fr\\\/#organization\"},\"potentialAction\":[{\"@type\":\"SearchAction\",\"target\":{\"@type\":\"EntryPoint\",\"urlTemplate\":\"https:\\\/\\\/www.webdo.tn\\\/fr\\\/?s={search_term_string}\"},\"query-input\":{\"@type\":\"PropertyValueSpecification\",\"valueRequired\":true,\"valueName\":\"search_term_string\"}}],\"inLanguage\":\"fr-FR\"},{\"@type\":\"Organization\",\"@id\":\"https:\\\/\\\/www.webdo.tn\\\/fr\\\/#organization\",\"name\":\"Webdo\",\"alternateName\":\"Webdo.tn\",\"url\":\"https:\\\/\\\/www.webdo.tn\\\/fr\\\/\",\"logo\":{\"@type\":\"ImageObject\",\"inLanguage\":\"fr-FR\",\"@id\":\"https:\\\/\\\/www.webdo.tn\\\/fr\\\/#\\\/schema\\\/logo\\\/image\\\/\",\"url\":\"https:\\\/\\\/www.webdo.tn\\\/fr\\\/wp-content\\\/uploads\\\/2025\\\/06\\\/Webdo-Tunisie_168377.jpg\",\"contentUrl\":\"https:\\\/\\\/www.webdo.tn\\\/fr\\\/wp-content\\\/uploads\\\/2025\\\/06\\\/Webdo-Tunisie_168377.jpg\",\"width\":301,\"height\":301,\"caption\":\"Webdo\"},\"image\":{\"@id\":\"https:\\\/\\\/www.webdo.tn\\\/fr\\\/#\\\/schema\\\/logo\\\/image\\\/\"},\"sameAs\":[\"https:\\\/\\\/www.facebook.com\\\/webdotn\",\"https:\\\/\\\/x.com\\\/webdo_tn\"],\"description\":\"Webdo est un m\u00e9dia num\u00e9rique tunisien fond\u00e9 en 2010, sp\u00e9cialis\u00e9 dans l\u2019actualit\u00e9 nationale et internationale, l\u2019\u00e9conomie, la soci\u00e9t\u00e9 et les analyses politiques. Le site s\u2019adresse \u00e0 un large public francophone et couvre l\u2019information tunisienne en temps r\u00e9el.\",\"email\":\"redac@webdo.tn\",\"legalName\":\"YNJ SARL\",\"foundingDate\":\"2010-09-06\",\"numberOfEmployees\":{\"@type\":\"QuantitativeValue\",\"minValue\":\"11\",\"maxValue\":\"50\"}},{\"@type\":\"Person\",\"@id\":\"https:\\\/\\\/www.webdo.tn\\\/fr\\\/#\\\/schema\\\/person\\\/1f4e491e0907b413d61089e8eb573acc\",\"name\":\"Webdo\",\"image\":{\"@type\":\"ImageObject\",\"inLanguage\":\"fr-FR\",\"@id\":\"https:\\\/\\\/secure.gravatar.com\\\/avatar\\\/de97aeec1bb80978a9dbb127e47dfc88aaacb2f3c29aac907d8d3222e3495d49?s=96&d=mm&r=g\",\"url\":\"https:\\\/\\\/secure.gravatar.com\\\/avatar\\\/de97aeec1bb80978a9dbb127e47dfc88aaacb2f3c29aac907d8d3222e3495d49?s=96&d=mm&r=g\",\"contentUrl\":\"https:\\\/\\\/secure.gravatar.com\\\/avatar\\\/de97aeec1bb80978a9dbb127e47dfc88aaacb2f3c29aac907d8d3222e3495d49?s=96&d=mm&r=g\",\"caption\":\"Webdo\"},\"url\":\"https:\\\/\\\/www.webdo.tn\\\/fr\\\/actualite\\\/author\\\/webdo\\\/\"}]}<\/script>\n<!-- \/ Yoast SEO Premium plugin. -->","yoast_head_json":{"title":"L\u2019ATB partenaire du semi-marathon Ulysse Djerba","description":"L\u2019Arab Tunisian Bank participe pour la deuxi\u00e8me ann\u00e9e en tant que partenaire du semi-marathon Ulysse Djerba qui se d\u00e9roulera le 19 f\u00e9vrier 2023 \u00e0 Djerba. Durant...","canonical":"https:\/\/www.webdo.tn\/fr\/actualite\/national\/l-atb-partenaire-du-semi-marathon-ulysse-djerba\/203078\/","og_locale":"fr_FR","og_type":"article","og_title":"L\u2019ATB partenaire du semi-marathon Ulysse Djerba","og_description":"L\u2019Arab Tunisian Bank participe pour la deuxi\u00e8me ann\u00e9e en tant que partenaire du semi-marathon Ulysse Djerba qui se d\u00e9roulera le 19 f\u00e9vrier 2023 \u00e0 Djerba. Durant...","og_url":"https:\/\/www.webdo.tn\/fr\/actualite\/national\/l-atb-partenaire-du-semi-marathon-ulysse-djerba\/203078\/","og_site_name":"webdo","article_publisher":"https:\/\/www.facebook.com\/webdotn","article_published_time":"2023-02-18T10:30:00+00:00","article_modified_time":"2025-05-20T22:32:55+00:00","og_image":[{"width":750,"height":400,"url":"https:\/\/www.webdo.tn\/fr\/wp-content\/uploads\/2023\/02\/c6d7d8d18493a53e34ac5bf6e49319a5.jpg","type":"image\/jpeg"}],"author":"Webdo","twitter_card":"summary_large_image","twitter_creator":"@webdo_tn","twitter_site":"@webdo_tn","twitter_misc":{"\u00c9crit par":"Webdo","Dur\u00e9e de lecture estim\u00e9e":"2 minutes"},"schema":{"@context":"https:\/\/schema.org","@graph":[{"@type":"NewsArticle","@id":"https:\/\/www.webdo.tn\/fr\/actualite\/national\/l-atb-partenaire-du-semi-marathon-ulysse-djerba\/203078\/#article","isPartOf":{"@id":"https:\/\/www.webdo.tn\/fr\/actualite\/national\/l-atb-partenaire-du-semi-marathon-ulysse-djerba\/203078\/"},"author":{"name":"Webdo","@id":"https:\/\/www.webdo.tn\/fr\/#\/schema\/person\/1f4e491e0907b413d61089e8eb573acc"},"headline":"L\u2019ATB partenaire du semi-marathon Ulysse Djerba","datePublished":"2023-02-18T10:30:00+00:00","dateModified":"2025-05-20T22:32:55+00:00","mainEntityOfPage":{"@id":"https:\/\/www.webdo.tn\/fr\/actualite\/national\/l-atb-partenaire-du-semi-marathon-ulysse-djerba\/203078\/"},"wordCount":461,"commentCount":0,"publisher":{"@id":"https:\/\/www.webdo.tn\/fr\/#organization"},"image":{"@id":"https:\/\/www.webdo.tn\/fr\/actualite\/national\/l-atb-partenaire-du-semi-marathon-ulysse-djerba\/203078\/#primaryimage"},"thumbnailUrl":"https:\/\/www.webdo.tn\/fr\/wp-content\/uploads\/2023\/02\/c6d7d8d18493a53e34ac5bf6e49319a5.jpg","keywords":["ATB","djerba","marathon"],"articleSection":["National"],"inLanguage":"fr-FR"},{"@type":"WebPage","@id":"https:\/\/www.webdo.tn\/fr\/actualite\/national\/l-atb-partenaire-du-semi-marathon-ulysse-djerba\/203078\/","url":"https:\/\/www.webdo.tn\/fr\/actualite\/national\/l-atb-partenaire-du-semi-marathon-ulysse-djerba\/203078\/","name":"L\u2019ATB partenaire du semi-marathon Ulysse Djerba","isPartOf":{"@id":"https:\/\/www.webdo.tn\/fr\/#website"},"primaryImageOfPage":{"@id":"https:\/\/www.webdo.tn\/fr\/actualite\/national\/l-atb-partenaire-du-semi-marathon-ulysse-djerba\/203078\/#primaryimage"},"image":{"@id":"https:\/\/www.webdo.tn\/fr\/actualite\/national\/l-atb-partenaire-du-semi-marathon-ulysse-djerba\/203078\/#primaryimage"},"thumbnailUrl":"https:\/\/www.webdo.tn\/fr\/wp-content\/uploads\/2023\/02\/c6d7d8d18493a53e34ac5bf6e49319a5.jpg","datePublished":"2023-02-18T10:30:00+00:00","dateModified":"2025-05-20T22:32:55+00:00","description":"L\u2019Arab Tunisian Bank participe pour la deuxi\u00e8me ann\u00e9e en tant que partenaire du semi-marathon Ulysse Djerba qui se d\u00e9roulera le 19 f\u00e9vrier 2023 \u00e0 Djerba. Durant...","breadcrumb":{"@id":"https:\/\/www.webdo.tn\/fr\/actualite\/national\/l-atb-partenaire-du-semi-marathon-ulysse-djerba\/203078\/#breadcrumb"},"inLanguage":"fr-FR","potentialAction":[{"@type":"ReadAction","target":["https:\/\/www.webdo.tn\/fr\/actualite\/national\/l-atb-partenaire-du-semi-marathon-ulysse-djerba\/203078\/"]}]},{"@type":"ImageObject","inLanguage":"fr-FR","@id":"https:\/\/www.webdo.tn\/fr\/actualite\/national\/l-atb-partenaire-du-semi-marathon-ulysse-djerba\/203078\/#primaryimage","url":"https:\/\/www.webdo.tn\/fr\/wp-content\/uploads\/2023\/02\/c6d7d8d18493a53e34ac5bf6e49319a5.jpg","contentUrl":"https:\/\/www.webdo.tn\/fr\/wp-content\/uploads\/2023\/02\/c6d7d8d18493a53e34ac5bf6e49319a5.jpg","width":750,"height":400,"caption":"L\u2019ATB partenaire du semi-marathon Ulysse Djerba"},{"@type":"BreadcrumbList","@id":"https:\/\/www.webdo.tn\/fr\/actualite\/national\/l-atb-partenaire-du-semi-marathon-ulysse-djerba\/203078\/#breadcrumb","itemListElement":[{"@type":"ListItem","position":1,"name":"Accueil","item":"https:\/\/www.webdo.tn\/fr\/"},{"@type":"ListItem","position":2,"name":"L\u2019ATB partenaire du semi-marathon Ulysse Djerba"}]},{"@type":"WebSite","@id":"https:\/\/www.webdo.tn\/fr\/#website","url":"https:\/\/www.webdo.tn\/fr\/","name":"webdo","description":"Tunisie - News en Tunisie et \u00e0 l&#039;international sur Webdo.tn","publisher":{"@id":"https:\/\/www.webdo.tn\/fr\/#organization"},"potentialAction":[{"@type":"SearchAction","target":{"@type":"EntryPoint","urlTemplate":"https:\/\/www.webdo.tn\/fr\/?s={search_term_string}"},"query-input":{"@type":"PropertyValueSpecification","valueRequired":true,"valueName":"search_term_string"}}],"inLanguage":"fr-FR"},{"@type":"Organization","@id":"https:\/\/www.webdo.tn\/fr\/#organization","name":"Webdo","alternateName":"Webdo.tn","url":"https:\/\/www.webdo.tn\/fr\/","logo":{"@type":"ImageObject","inLanguage":"fr-FR","@id":"https:\/\/www.webdo.tn\/fr\/#\/schema\/logo\/image\/","url":"https:\/\/www.webdo.tn\/fr\/wp-content\/uploads\/2025\/06\/Webdo-Tunisie_168377.jpg","contentUrl":"https:\/\/www.webdo.tn\/fr\/wp-content\/uploads\/2025\/06\/Webdo-Tunisie_168377.jpg","width":301,"height":301,"caption":"Webdo"},"image":{"@id":"https:\/\/www.webdo.tn\/fr\/#\/schema\/logo\/image\/"},"sameAs":["https:\/\/www.facebook.com\/webdotn","https:\/\/x.com\/webdo_tn"],"description":"Webdo est un m\u00e9dia num\u00e9rique tunisien fond\u00e9 en 2010, sp\u00e9cialis\u00e9 dans l\u2019actualit\u00e9 nationale et internationale, l\u2019\u00e9conomie, la soci\u00e9t\u00e9 et les analyses politiques. Le site s\u2019adresse \u00e0 un large public francophone et couvre l\u2019information tunisienne en temps r\u00e9el.","email":"redac@webdo.tn","legalName":"YNJ SARL","foundingDate":"2010-09-06","numberOfEmployees":{"@type":"QuantitativeValue","minValue":"11","maxValue":"50"}},{"@type":"Person","@id":"https:\/\/www.webdo.tn\/fr\/#\/schema\/person\/1f4e491e0907b413d61089e8eb573acc","name":"Webdo","image":{"@type":"ImageObject","inLanguage":"fr-FR","@id":"https:\/\/secure.gravatar.com\/avatar\/de97aeec1bb80978a9dbb127e47dfc88aaacb2f3c29aac907d8d3222e3495d49?s=96&d=mm&r=g","url":"https:\/\/secure.gravatar.com\/avatar\/de97aeec1bb80978a9dbb127e47dfc88aaacb2f3c29aac907d8d3222e3495d49?s=96&d=mm&r=g","contentUrl":"https:\/\/secure.gravatar.com\/avatar\/de97aeec1bb80978a9dbb127e47dfc88aaacb2f3c29aac907d8d3222e3495d49?s=96&d=mm&r=g","caption":"Webdo"},"url":"https:\/\/www.webdo.tn\/fr\/actualite\/author\/webdo\/"}]}},"_links":{"self":[{"href":"https:\/\/www.webdo.tn\/fr\/wp-json\/wp\/v2\/posts\/203078","targetHints":{"allow":["GET"]}}],"collection":[{"href":"https:\/\/www.webdo.tn\/fr\/wp-json\/wp\/v2\/posts"}],"about":[{"href":"https:\/\/www.webdo.tn\/fr\/wp-json\/wp\/v2\/types\/post"}],"author":[{"embeddable":true,"href":"https:\/\/www.webdo.tn\/fr\/wp-json\/wp\/v2\/users\/3169"}],"replies":[{"embeddable":true,"href":"https:\/\/www.webdo.tn\/fr\/wp-json\/wp\/v2\/comments?post=203078"}],"version-history":[{"count":0,"href":"https:\/\/www.webdo.tn\/fr\/wp-json\/wp\/v2\/posts\/203078\/revisions"}],"wp:featuredmedia":[{"embeddable":true,"href":"https:\/\/www.webdo.tn\/fr\/wp-json\/wp\/v2\/media\/251944"}],"wp:attachment":[{"href":"https:\/\/www.webdo.tn\/fr\/wp-json\/wp\/v2\/media?parent=203078"}],"wp:term":[{"taxonomy":"category","embeddable":true,"href":"https:\/\/www.webdo.tn\/fr\/wp-json\/wp\/v2\/categories?post=203078"},{"taxonomy":"post_tag","embeddable":true,"href":"https:\/\/www.webdo.tn\/fr\/wp-json\/wp\/v2\/tags?post=203078"}],"curies":[{"name":"wp","href":"https:\/\/api.w.org\/{rel}","templated":true}]}}