{"id":203076,"date":"2023-02-18T10:14:00","date_gmt":"2023-02-18T10:14:00","guid":{"rendered":"https:\/\/www.webdo.tn\/fr\/blog\/seisme-en-turquie-le-corps-du-ghaneen-christian-atsu-retrouve-sous-les-decombres\/203076\/"},"modified":"2025-05-20T22:02:19","modified_gmt":"2025-05-20T22:02:19","slug":"seisme-en-turquie-le-corps-du-ghaneen-christian-atsu-retrouve-sous-les-decombres","status":"publish","type":"post","link":"https:\/\/www.webdo.tn\/fr\/actualite\/sport\/seisme-en-turquie-le-corps-du-ghaneen-christian-atsu-retrouve-sous-les-decombres\/203076\/","title":{"rendered":"S\u00e9isme en Turquie : Le corps du Ghan\u00e9en Christian Atsu retrouv\u00e9 sous les d\u00e9combres"},"content":{"rendered":"<p>Le corps de l\u2019ancien ailier de Chelsea et Newcastle, le Ghan\u00e9en Christian Atsu (31 ans), d\u00e9sormais \u00e0 Hatayspor en Turquie, a \u00e9t\u00e9 retrouv\u00e9, aujourd\u2019hui sous les d\u00e9combres.<\/p>\n<p>\t\t\t\t\t\t\t\t\tChristian Atsu faisait partie des personnes port\u00e9es disparues apr\u00e8s le violent s\u00e9isme qui a touch\u00e9 la Turquie et la Syrie. Il a \u00e9t\u00e9 retrouv\u00e9 mort sous les d\u00e9combres ce 18 f\u00e9vrier sous les d\u00e9combres de son immeuble \u00e0 Hatay au sud de la Turquie.<\/p>\n<p>Selon les m\u00e9dias turcs, il \u00e9tait sous les d\u00e9combres de la r\u00e9sidence R\u00f6nesans, une tour de 12 \u00e9tages qui s&rsquo;est effondr\u00e9e dans le s\u00e9isme. L&rsquo;ambassade ghan\u00e9enne en Turquie et la F\u00e9d\u00e9ration ghan\u00e9enne de football avaient initialement assur\u00e9 que l&rsquo;attaquant avait \u00e9t\u00e9 retrouv\u00e9 vivant, mais ces informations s&rsquo;\u00e9taient par la suite r\u00e9v\u00e9l\u00e9es fausses.<\/p>\n<p>Le promoteur de la r\u00e9sidence de luxe transform\u00e9e en ruine, o\u00f9 800 personnes seraient ensevelies, a \u00e9t\u00e9 arr\u00eat\u00e9 la semaine derni\u00e8re alors qu&rsquo;il tentait de quitter la Turquie.<\/p>\n","protected":false},"excerpt":{"rendered":"<p>Le corps de l\u2019ancien ailier de Chelsea et Newcastle, le Ghan\u00e9en Christian Atsu (31 ans), d\u00e9sormais \u00e0 Hatayspor en Turquie, a \u00e9t\u00e9 retrouv\u00e9, aujourd\u2019hui sous les&#8230;<\/p>\n","protected":false},"author":3162,"featured_media":251943,"comment_status":"open","ping_status":"closed","sticky":false,"template":"","format":"standard","meta":{"footnotes":""},"categories":[2593],"tags":[8772,7271],"class_list":["post-203076","post","type-post","status-publish","format-standard","has-post-thumbnail","hentry","category-sport","tag-christian-atsu","tag-seisme"],"yoast_head":"<!-- This site is optimized with the Yoast SEO Premium plugin v27.4 (Yoast SEO v27.5) - https:\/\/yoast.com\/product\/yoast-seo-premium-wordpress\/ -->\n<title>S\u00e9isme en Turquie : Le corps du Ghan\u00e9en Christian Atsu retrouv\u00e9 sous les d\u00e9combres<\/title>\n<meta name=\"description\" content=\"Le corps de l\u2019ancien ailier de Chelsea et Newcastle, le Ghan\u00e9en Christian Atsu (31 ans), d\u00e9sormais \u00e0 Hatayspor en Turquie, a \u00e9t\u00e9 retrouv\u00e9, aujourd\u2019hui sous les...\" \/>\n<link rel=\"canonical\" href=\"https:\/\/www.webdo.tn\/fr\/actualite\/sport\/seisme-en-turquie-le-corps-du-ghaneen-christian-atsu-retrouve-sous-les-decombres\/203076\/\" \/>\n<meta property=\"og:locale\" content=\"fr_FR\" \/>\n<meta property=\"og:type\" content=\"article\" \/>\n<meta property=\"og:title\" content=\"S\u00e9isme en Turquie : Le corps du Ghan\u00e9en Christian Atsu retrouv\u00e9 sous les d\u00e9combres\" \/>\n<meta property=\"og:description\" content=\"Le corps de l\u2019ancien ailier de Chelsea et Newcastle, le Ghan\u00e9en Christian Atsu (31 ans), d\u00e9sormais \u00e0 Hatayspor en Turquie, a \u00e9t\u00e9 retrouv\u00e9, aujourd\u2019hui sous les...\" \/>\n<meta property=\"og:url\" content=\"https:\/\/www.webdo.tn\/fr\/actualite\/sport\/seisme-en-turquie-le-corps-du-ghaneen-christian-atsu-retrouve-sous-les-decombres\/203076\/\" \/>\n<meta property=\"og:site_name\" content=\"webdo\" \/>\n<meta property=\"article:publisher\" content=\"https:\/\/www.facebook.com\/webdotn\" \/>\n<meta property=\"article:published_time\" content=\"2023-02-18T10:14:00+00:00\" \/>\n<meta property=\"article:modified_time\" content=\"2025-05-20T22:02:19+00:00\" \/>\n<meta property=\"og:image\" content=\"https:\/\/www.webdo.tn\/fr\/wp-content\/uploads\/2023\/02\/c3770368cc37e5118cdfacedc309dd79.jpg\" \/>\n\t<meta property=\"og:image:width\" content=\"750\" \/>\n\t<meta property=\"og:image:height\" content=\"400\" \/>\n\t<meta property=\"og:image:type\" content=\"image\/jpeg\" \/>\n<meta name=\"author\" content=\"MC\" \/>\n<meta name=\"twitter:card\" content=\"summary_large_image\" \/>\n<meta name=\"twitter:creator\" content=\"@webdo_tn\" \/>\n<meta name=\"twitter:site\" content=\"@webdo_tn\" \/>\n<meta name=\"twitter:label1\" content=\"\u00c9crit par\" \/>\n\t<meta name=\"twitter:data1\" content=\"MC\" \/>\n\t<meta name=\"twitter:label2\" content=\"Dur\u00e9e de lecture estim\u00e9e\" \/>\n\t<meta name=\"twitter:data2\" content=\"1 minute\" \/>\n<script type=\"application\/ld+json\" class=\"yoast-schema-graph\">{\"@context\":\"https:\\\/\\\/schema.org\",\"@graph\":[{\"@type\":\"NewsArticle\",\"@id\":\"https:\\\/\\\/www.webdo.tn\\\/fr\\\/actualite\\\/sport\\\/seisme-en-turquie-le-corps-du-ghaneen-christian-atsu-retrouve-sous-les-decombres\\\/203076\\\/#article\",\"isPartOf\":{\"@id\":\"https:\\\/\\\/www.webdo.tn\\\/fr\\\/actualite\\\/sport\\\/seisme-en-turquie-le-corps-du-ghaneen-christian-atsu-retrouve-sous-les-decombres\\\/203076\\\/\"},\"author\":{\"name\":\"MC\",\"@id\":\"https:\\\/\\\/www.webdo.tn\\\/fr\\\/#\\\/schema\\\/person\\\/2c4929cbf5a809e3bd38617c6ce150f6\"},\"headline\":\"S\u00e9isme en Turquie : Le corps du Ghan\u00e9en Christian Atsu retrouv\u00e9 sous les d\u00e9combres\",\"datePublished\":\"2023-02-18T10:14:00+00:00\",\"dateModified\":\"2025-05-20T22:02:19+00:00\",\"mainEntityOfPage\":{\"@id\":\"https:\\\/\\\/www.webdo.tn\\\/fr\\\/actualite\\\/sport\\\/seisme-en-turquie-le-corps-du-ghaneen-christian-atsu-retrouve-sous-les-decombres\\\/203076\\\/\"},\"wordCount\":194,\"commentCount\":0,\"publisher\":{\"@id\":\"https:\\\/\\\/www.webdo.tn\\\/fr\\\/#organization\"},\"image\":{\"@id\":\"https:\\\/\\\/www.webdo.tn\\\/fr\\\/actualite\\\/sport\\\/seisme-en-turquie-le-corps-du-ghaneen-christian-atsu-retrouve-sous-les-decombres\\\/203076\\\/#primaryimage\"},\"thumbnailUrl\":\"https:\\\/\\\/www.webdo.tn\\\/fr\\\/wp-content\\\/uploads\\\/2023\\\/02\\\/c3770368cc37e5118cdfacedc309dd79.jpg\",\"keywords\":[\"Christian Atsu\",\"s\u00e9isme\"],\"articleSection\":[\"Sport\"],\"inLanguage\":\"fr-FR\"},{\"@type\":\"WebPage\",\"@id\":\"https:\\\/\\\/www.webdo.tn\\\/fr\\\/actualite\\\/sport\\\/seisme-en-turquie-le-corps-du-ghaneen-christian-atsu-retrouve-sous-les-decombres\\\/203076\\\/\",\"url\":\"https:\\\/\\\/www.webdo.tn\\\/fr\\\/actualite\\\/sport\\\/seisme-en-turquie-le-corps-du-ghaneen-christian-atsu-retrouve-sous-les-decombres\\\/203076\\\/\",\"name\":\"S\u00e9isme en Turquie : Le corps du Ghan\u00e9en Christian Atsu retrouv\u00e9 sous les d\u00e9combres\",\"isPartOf\":{\"@id\":\"https:\\\/\\\/www.webdo.tn\\\/fr\\\/#website\"},\"primaryImageOfPage\":{\"@id\":\"https:\\\/\\\/www.webdo.tn\\\/fr\\\/actualite\\\/sport\\\/seisme-en-turquie-le-corps-du-ghaneen-christian-atsu-retrouve-sous-les-decombres\\\/203076\\\/#primaryimage\"},\"image\":{\"@id\":\"https:\\\/\\\/www.webdo.tn\\\/fr\\\/actualite\\\/sport\\\/seisme-en-turquie-le-corps-du-ghaneen-christian-atsu-retrouve-sous-les-decombres\\\/203076\\\/#primaryimage\"},\"thumbnailUrl\":\"https:\\\/\\\/www.webdo.tn\\\/fr\\\/wp-content\\\/uploads\\\/2023\\\/02\\\/c3770368cc37e5118cdfacedc309dd79.jpg\",\"datePublished\":\"2023-02-18T10:14:00+00:00\",\"dateModified\":\"2025-05-20T22:02:19+00:00\",\"description\":\"Le corps de l\u2019ancien ailier de Chelsea et Newcastle, le Ghan\u00e9en Christian Atsu (31 ans), d\u00e9sormais \u00e0 Hatayspor en Turquie, a \u00e9t\u00e9 retrouv\u00e9, aujourd\u2019hui sous les...\",\"breadcrumb\":{\"@id\":\"https:\\\/\\\/www.webdo.tn\\\/fr\\\/actualite\\\/sport\\\/seisme-en-turquie-le-corps-du-ghaneen-christian-atsu-retrouve-sous-les-decombres\\\/203076\\\/#breadcrumb\"},\"inLanguage\":\"fr-FR\",\"potentialAction\":[{\"@type\":\"ReadAction\",\"target\":[\"https:\\\/\\\/www.webdo.tn\\\/fr\\\/actualite\\\/sport\\\/seisme-en-turquie-le-corps-du-ghaneen-christian-atsu-retrouve-sous-les-decombres\\\/203076\\\/\"]}]},{\"@type\":\"ImageObject\",\"inLanguage\":\"fr-FR\",\"@id\":\"https:\\\/\\\/www.webdo.tn\\\/fr\\\/actualite\\\/sport\\\/seisme-en-turquie-le-corps-du-ghaneen-christian-atsu-retrouve-sous-les-decombres\\\/203076\\\/#primaryimage\",\"url\":\"https:\\\/\\\/www.webdo.tn\\\/fr\\\/wp-content\\\/uploads\\\/2023\\\/02\\\/c3770368cc37e5118cdfacedc309dd79.jpg\",\"contentUrl\":\"https:\\\/\\\/www.webdo.tn\\\/fr\\\/wp-content\\\/uploads\\\/2023\\\/02\\\/c3770368cc37e5118cdfacedc309dd79.jpg\",\"width\":750,\"height\":400,\"caption\":\"S\u00e9isme en Turquie : Le corps du Ghan\u00e9en Christian Atsu retrouv\u00e9 sous les d\u00e9combres\"},{\"@type\":\"BreadcrumbList\",\"@id\":\"https:\\\/\\\/www.webdo.tn\\\/fr\\\/actualite\\\/sport\\\/seisme-en-turquie-le-corps-du-ghaneen-christian-atsu-retrouve-sous-les-decombres\\\/203076\\\/#breadcrumb\",\"itemListElement\":[{\"@type\":\"ListItem\",\"position\":1,\"name\":\"Accueil\",\"item\":\"https:\\\/\\\/www.webdo.tn\\\/fr\\\/\"},{\"@type\":\"ListItem\",\"position\":2,\"name\":\"S\u00e9isme en Turquie : Le corps du Ghan\u00e9en Christian Atsu retrouv\u00e9 sous les d\u00e9combres\"}]},{\"@type\":\"WebSite\",\"@id\":\"https:\\\/\\\/www.webdo.tn\\\/fr\\\/#website\",\"url\":\"https:\\\/\\\/www.webdo.tn\\\/fr\\\/\",\"name\":\"webdo\",\"description\":\"Tunisie - News en Tunisie et \u00e0 l&#039;international sur Webdo.tn\",\"publisher\":{\"@id\":\"https:\\\/\\\/www.webdo.tn\\\/fr\\\/#organization\"},\"potentialAction\":[{\"@type\":\"SearchAction\",\"target\":{\"@type\":\"EntryPoint\",\"urlTemplate\":\"https:\\\/\\\/www.webdo.tn\\\/fr\\\/?s={search_term_string}\"},\"query-input\":{\"@type\":\"PropertyValueSpecification\",\"valueRequired\":true,\"valueName\":\"search_term_string\"}}],\"inLanguage\":\"fr-FR\"},{\"@type\":\"Organization\",\"@id\":\"https:\\\/\\\/www.webdo.tn\\\/fr\\\/#organization\",\"name\":\"Webdo\",\"alternateName\":\"Webdo.tn\",\"url\":\"https:\\\/\\\/www.webdo.tn\\\/fr\\\/\",\"logo\":{\"@type\":\"ImageObject\",\"inLanguage\":\"fr-FR\",\"@id\":\"https:\\\/\\\/www.webdo.tn\\\/fr\\\/#\\\/schema\\\/logo\\\/image\\\/\",\"url\":\"https:\\\/\\\/www.webdo.tn\\\/fr\\\/wp-content\\\/uploads\\\/2025\\\/06\\\/Webdo-Tunisie_168377.jpg\",\"contentUrl\":\"https:\\\/\\\/www.webdo.tn\\\/fr\\\/wp-content\\\/uploads\\\/2025\\\/06\\\/Webdo-Tunisie_168377.jpg\",\"width\":301,\"height\":301,\"caption\":\"Webdo\"},\"image\":{\"@id\":\"https:\\\/\\\/www.webdo.tn\\\/fr\\\/#\\\/schema\\\/logo\\\/image\\\/\"},\"sameAs\":[\"https:\\\/\\\/www.facebook.com\\\/webdotn\",\"https:\\\/\\\/x.com\\\/webdo_tn\"],\"description\":\"Webdo est un m\u00e9dia num\u00e9rique tunisien fond\u00e9 en 2010, sp\u00e9cialis\u00e9 dans l\u2019actualit\u00e9 nationale et internationale, l\u2019\u00e9conomie, la soci\u00e9t\u00e9 et les analyses politiques. Le site s\u2019adresse \u00e0 un large public francophone et couvre l\u2019information tunisienne en temps r\u00e9el.\",\"email\":\"redac@webdo.tn\",\"legalName\":\"YNJ SARL\",\"foundingDate\":\"2010-09-06\",\"numberOfEmployees\":{\"@type\":\"QuantitativeValue\",\"minValue\":\"11\",\"maxValue\":\"50\"}},{\"@type\":\"Person\",\"@id\":\"https:\\\/\\\/www.webdo.tn\\\/fr\\\/#\\\/schema\\\/person\\\/2c4929cbf5a809e3bd38617c6ce150f6\",\"name\":\"MC\",\"image\":{\"@type\":\"ImageObject\",\"inLanguage\":\"fr-FR\",\"@id\":\"https:\\\/\\\/secure.gravatar.com\\\/avatar\\\/a545bbb6f84efdd5553dbbc2895e3ca8f1d12c5215e00a041c9670b54aa9b18a?s=96&d=mm&r=g\",\"url\":\"https:\\\/\\\/secure.gravatar.com\\\/avatar\\\/a545bbb6f84efdd5553dbbc2895e3ca8f1d12c5215e00a041c9670b54aa9b18a?s=96&d=mm&r=g\",\"contentUrl\":\"https:\\\/\\\/secure.gravatar.com\\\/avatar\\\/a545bbb6f84efdd5553dbbc2895e3ca8f1d12c5215e00a041c9670b54aa9b18a?s=96&d=mm&r=g\",\"caption\":\"MC\"},\"url\":\"https:\\\/\\\/www.webdo.tn\\\/fr\\\/actualite\\\/author\\\/mc\\\/\"}]}<\/script>\n<!-- \/ Yoast SEO Premium plugin. -->","yoast_head_json":{"title":"S\u00e9isme en Turquie : Le corps du Ghan\u00e9en Christian Atsu retrouv\u00e9 sous les d\u00e9combres","description":"Le corps de l\u2019ancien ailier de Chelsea et Newcastle, le Ghan\u00e9en Christian Atsu (31 ans), d\u00e9sormais \u00e0 Hatayspor en Turquie, a \u00e9t\u00e9 retrouv\u00e9, aujourd\u2019hui sous les...","canonical":"https:\/\/www.webdo.tn\/fr\/actualite\/sport\/seisme-en-turquie-le-corps-du-ghaneen-christian-atsu-retrouve-sous-les-decombres\/203076\/","og_locale":"fr_FR","og_type":"article","og_title":"S\u00e9isme en Turquie : Le corps du Ghan\u00e9en Christian Atsu retrouv\u00e9 sous les d\u00e9combres","og_description":"Le corps de l\u2019ancien ailier de Chelsea et Newcastle, le Ghan\u00e9en Christian Atsu (31 ans), d\u00e9sormais \u00e0 Hatayspor en Turquie, a \u00e9t\u00e9 retrouv\u00e9, aujourd\u2019hui sous les...","og_url":"https:\/\/www.webdo.tn\/fr\/actualite\/sport\/seisme-en-turquie-le-corps-du-ghaneen-christian-atsu-retrouve-sous-les-decombres\/203076\/","og_site_name":"webdo","article_publisher":"https:\/\/www.facebook.com\/webdotn","article_published_time":"2023-02-18T10:14:00+00:00","article_modified_time":"2025-05-20T22:02:19+00:00","og_image":[{"width":750,"height":400,"url":"https:\/\/www.webdo.tn\/fr\/wp-content\/uploads\/2023\/02\/c3770368cc37e5118cdfacedc309dd79.jpg","type":"image\/jpeg"}],"author":"MC","twitter_card":"summary_large_image","twitter_creator":"@webdo_tn","twitter_site":"@webdo_tn","twitter_misc":{"\u00c9crit par":"MC","Dur\u00e9e de lecture estim\u00e9e":"1 minute"},"schema":{"@context":"https:\/\/schema.org","@graph":[{"@type":"NewsArticle","@id":"https:\/\/www.webdo.tn\/fr\/actualite\/sport\/seisme-en-turquie-le-corps-du-ghaneen-christian-atsu-retrouve-sous-les-decombres\/203076\/#article","isPartOf":{"@id":"https:\/\/www.webdo.tn\/fr\/actualite\/sport\/seisme-en-turquie-le-corps-du-ghaneen-christian-atsu-retrouve-sous-les-decombres\/203076\/"},"author":{"name":"MC","@id":"https:\/\/www.webdo.tn\/fr\/#\/schema\/person\/2c4929cbf5a809e3bd38617c6ce150f6"},"headline":"S\u00e9isme en Turquie : Le corps du Ghan\u00e9en Christian Atsu retrouv\u00e9 sous les d\u00e9combres","datePublished":"2023-02-18T10:14:00+00:00","dateModified":"2025-05-20T22:02:19+00:00","mainEntityOfPage":{"@id":"https:\/\/www.webdo.tn\/fr\/actualite\/sport\/seisme-en-turquie-le-corps-du-ghaneen-christian-atsu-retrouve-sous-les-decombres\/203076\/"},"wordCount":194,"commentCount":0,"publisher":{"@id":"https:\/\/www.webdo.tn\/fr\/#organization"},"image":{"@id":"https:\/\/www.webdo.tn\/fr\/actualite\/sport\/seisme-en-turquie-le-corps-du-ghaneen-christian-atsu-retrouve-sous-les-decombres\/203076\/#primaryimage"},"thumbnailUrl":"https:\/\/www.webdo.tn\/fr\/wp-content\/uploads\/2023\/02\/c3770368cc37e5118cdfacedc309dd79.jpg","keywords":["Christian Atsu","s\u00e9isme"],"articleSection":["Sport"],"inLanguage":"fr-FR"},{"@type":"WebPage","@id":"https:\/\/www.webdo.tn\/fr\/actualite\/sport\/seisme-en-turquie-le-corps-du-ghaneen-christian-atsu-retrouve-sous-les-decombres\/203076\/","url":"https:\/\/www.webdo.tn\/fr\/actualite\/sport\/seisme-en-turquie-le-corps-du-ghaneen-christian-atsu-retrouve-sous-les-decombres\/203076\/","name":"S\u00e9isme en Turquie : Le corps du Ghan\u00e9en Christian Atsu retrouv\u00e9 sous les d\u00e9combres","isPartOf":{"@id":"https:\/\/www.webdo.tn\/fr\/#website"},"primaryImageOfPage":{"@id":"https:\/\/www.webdo.tn\/fr\/actualite\/sport\/seisme-en-turquie-le-corps-du-ghaneen-christian-atsu-retrouve-sous-les-decombres\/203076\/#primaryimage"},"image":{"@id":"https:\/\/www.webdo.tn\/fr\/actualite\/sport\/seisme-en-turquie-le-corps-du-ghaneen-christian-atsu-retrouve-sous-les-decombres\/203076\/#primaryimage"},"thumbnailUrl":"https:\/\/www.webdo.tn\/fr\/wp-content\/uploads\/2023\/02\/c3770368cc37e5118cdfacedc309dd79.jpg","datePublished":"2023-02-18T10:14:00+00:00","dateModified":"2025-05-20T22:02:19+00:00","description":"Le corps de l\u2019ancien ailier de Chelsea et Newcastle, le Ghan\u00e9en Christian Atsu (31 ans), d\u00e9sormais \u00e0 Hatayspor en Turquie, a \u00e9t\u00e9 retrouv\u00e9, aujourd\u2019hui sous les...","breadcrumb":{"@id":"https:\/\/www.webdo.tn\/fr\/actualite\/sport\/seisme-en-turquie-le-corps-du-ghaneen-christian-atsu-retrouve-sous-les-decombres\/203076\/#breadcrumb"},"inLanguage":"fr-FR","potentialAction":[{"@type":"ReadAction","target":["https:\/\/www.webdo.tn\/fr\/actualite\/sport\/seisme-en-turquie-le-corps-du-ghaneen-christian-atsu-retrouve-sous-les-decombres\/203076\/"]}]},{"@type":"ImageObject","inLanguage":"fr-FR","@id":"https:\/\/www.webdo.tn\/fr\/actualite\/sport\/seisme-en-turquie-le-corps-du-ghaneen-christian-atsu-retrouve-sous-les-decombres\/203076\/#primaryimage","url":"https:\/\/www.webdo.tn\/fr\/wp-content\/uploads\/2023\/02\/c3770368cc37e5118cdfacedc309dd79.jpg","contentUrl":"https:\/\/www.webdo.tn\/fr\/wp-content\/uploads\/2023\/02\/c3770368cc37e5118cdfacedc309dd79.jpg","width":750,"height":400,"caption":"S\u00e9isme en Turquie : Le corps du Ghan\u00e9en Christian Atsu retrouv\u00e9 sous les d\u00e9combres"},{"@type":"BreadcrumbList","@id":"https:\/\/www.webdo.tn\/fr\/actualite\/sport\/seisme-en-turquie-le-corps-du-ghaneen-christian-atsu-retrouve-sous-les-decombres\/203076\/#breadcrumb","itemListElement":[{"@type":"ListItem","position":1,"name":"Accueil","item":"https:\/\/www.webdo.tn\/fr\/"},{"@type":"ListItem","position":2,"name":"S\u00e9isme en Turquie : Le corps du Ghan\u00e9en Christian Atsu retrouv\u00e9 sous les d\u00e9combres"}]},{"@type":"WebSite","@id":"https:\/\/www.webdo.tn\/fr\/#website","url":"https:\/\/www.webdo.tn\/fr\/","name":"webdo","description":"Tunisie - News en Tunisie et \u00e0 l&#039;international sur Webdo.tn","publisher":{"@id":"https:\/\/www.webdo.tn\/fr\/#organization"},"potentialAction":[{"@type":"SearchAction","target":{"@type":"EntryPoint","urlTemplate":"https:\/\/www.webdo.tn\/fr\/?s={search_term_string}"},"query-input":{"@type":"PropertyValueSpecification","valueRequired":true,"valueName":"search_term_string"}}],"inLanguage":"fr-FR"},{"@type":"Organization","@id":"https:\/\/www.webdo.tn\/fr\/#organization","name":"Webdo","alternateName":"Webdo.tn","url":"https:\/\/www.webdo.tn\/fr\/","logo":{"@type":"ImageObject","inLanguage":"fr-FR","@id":"https:\/\/www.webdo.tn\/fr\/#\/schema\/logo\/image\/","url":"https:\/\/www.webdo.tn\/fr\/wp-content\/uploads\/2025\/06\/Webdo-Tunisie_168377.jpg","contentUrl":"https:\/\/www.webdo.tn\/fr\/wp-content\/uploads\/2025\/06\/Webdo-Tunisie_168377.jpg","width":301,"height":301,"caption":"Webdo"},"image":{"@id":"https:\/\/www.webdo.tn\/fr\/#\/schema\/logo\/image\/"},"sameAs":["https:\/\/www.facebook.com\/webdotn","https:\/\/x.com\/webdo_tn"],"description":"Webdo est un m\u00e9dia num\u00e9rique tunisien fond\u00e9 en 2010, sp\u00e9cialis\u00e9 dans l\u2019actualit\u00e9 nationale et internationale, l\u2019\u00e9conomie, la soci\u00e9t\u00e9 et les analyses politiques. Le site s\u2019adresse \u00e0 un large public francophone et couvre l\u2019information tunisienne en temps r\u00e9el.","email":"redac@webdo.tn","legalName":"YNJ SARL","foundingDate":"2010-09-06","numberOfEmployees":{"@type":"QuantitativeValue","minValue":"11","maxValue":"50"}},{"@type":"Person","@id":"https:\/\/www.webdo.tn\/fr\/#\/schema\/person\/2c4929cbf5a809e3bd38617c6ce150f6","name":"MC","image":{"@type":"ImageObject","inLanguage":"fr-FR","@id":"https:\/\/secure.gravatar.com\/avatar\/a545bbb6f84efdd5553dbbc2895e3ca8f1d12c5215e00a041c9670b54aa9b18a?s=96&d=mm&r=g","url":"https:\/\/secure.gravatar.com\/avatar\/a545bbb6f84efdd5553dbbc2895e3ca8f1d12c5215e00a041c9670b54aa9b18a?s=96&d=mm&r=g","contentUrl":"https:\/\/secure.gravatar.com\/avatar\/a545bbb6f84efdd5553dbbc2895e3ca8f1d12c5215e00a041c9670b54aa9b18a?s=96&d=mm&r=g","caption":"MC"},"url":"https:\/\/www.webdo.tn\/fr\/actualite\/author\/mc\/"}]}},"_links":{"self":[{"href":"https:\/\/www.webdo.tn\/fr\/wp-json\/wp\/v2\/posts\/203076","targetHints":{"allow":["GET"]}}],"collection":[{"href":"https:\/\/www.webdo.tn\/fr\/wp-json\/wp\/v2\/posts"}],"about":[{"href":"https:\/\/www.webdo.tn\/fr\/wp-json\/wp\/v2\/types\/post"}],"author":[{"embeddable":true,"href":"https:\/\/www.webdo.tn\/fr\/wp-json\/wp\/v2\/users\/3162"}],"replies":[{"embeddable":true,"href":"https:\/\/www.webdo.tn\/fr\/wp-json\/wp\/v2\/comments?post=203076"}],"version-history":[{"count":0,"href":"https:\/\/www.webdo.tn\/fr\/wp-json\/wp\/v2\/posts\/203076\/revisions"}],"wp:featuredmedia":[{"embeddable":true,"href":"https:\/\/www.webdo.tn\/fr\/wp-json\/wp\/v2\/media\/251943"}],"wp:attachment":[{"href":"https:\/\/www.webdo.tn\/fr\/wp-json\/wp\/v2\/media?parent=203076"}],"wp:term":[{"taxonomy":"category","embeddable":true,"href":"https:\/\/www.webdo.tn\/fr\/wp-json\/wp\/v2\/categories?post=203076"},{"taxonomy":"post_tag","embeddable":true,"href":"https:\/\/www.webdo.tn\/fr\/wp-json\/wp\/v2\/tags?post=203076"}],"curies":[{"name":"wp","href":"https:\/\/api.w.org\/{rel}","templated":true}]}}