{"id":203062,"date":"2023-02-17T19:00:00","date_gmt":"2023-02-17T19:00:00","guid":{"rendered":"https:\/\/www.webdo.tn\/fr\/blog\/tourisme-les-preparatifs-pour-la-saison-estivale-ont-commence\/203062\/"},"modified":"2025-05-20T23:00:50","modified_gmt":"2025-05-20T23:00:50","slug":"tourisme-les-preparatifs-pour-la-saison-estivale-ont-commence","status":"publish","type":"post","link":"https:\/\/www.webdo.tn\/fr\/actualite\/national\/tourisme-les-preparatifs-pour-la-saison-estivale-ont-commence\/203062\/","title":{"rendered":"Tourisme : Les pr\u00e9paratifs pour la saison estivale ont commenc\u00e9"},"content":{"rendered":"<p>Le ministre du Tourisme et de l\u2019Artisanat, Mohamed Moez Belhassine, et le ministre du Transport, Rabie Majidi, ont pris part \u00e0 une s\u00e9ance de travail consacr\u00e9e aux pr\u00e9paratifs de la saison estivale 2023, ce vendredi 17 f\u00e9vrier 2023.<\/p>\n<p>\t\t\t\t\t\t\t\t\tLes deux ministres ont \u00e9t\u00e9 unanimes sur le fait de dispatcher les vols sur les diff\u00e9rents a\u00e9roports tunisiens. Ceci permettra une meilleure exploitation de l\u2019a\u00e9roport Tunis-Carthage, et conf\u00e9rera plus de flexibilit\u00e9 et de fluidit\u00e9 aux op\u00e9rations commerciales et techniques.\u00a0L\u2019activit\u00e9 de l\u2019a\u00e9roport de Tunis-Carthage\u00a0est focalis\u00e9e sur le trafic des vols r\u00e9guliers.<\/p>\n<p>Rabie Majidi a ainsi insist\u00e9 sur l\u2019importante place du secteur touristique, dans les programmes mis en place en mati\u00e8re de transport a\u00e9rien, affirmant les dispositions du minist\u00e8re \u00e0 redynamiser les a\u00e9roports tunisiens, conform\u00e9ment \u00e0 leurs sp\u00e9cificit\u00e9s.<\/p>\n<p>De son c\u00f4t\u00e9, Mohamed Moez Belhassine\u00a0a consid\u00e9r\u00e9 que\u00a0le secteur du transport est parmi les principaux piliers du tourisme tunisien, et contribue \u00e0 l\u2019attraction touristique. Il a ainsi appel\u00e9\u00a0\u00e0 la conjugaison des efforts,\u00a0en vue de redynamiser les a\u00e9roports int\u00e9rieurs, soit pour ce qui est des vols int\u00e9rieurs, ou de la polarisation des touristes \u00e9trangers, via les vols internationaux.<\/p>\n","protected":false},"excerpt":{"rendered":"<p>Le ministre du Tourisme et de l\u2019Artisanat, Mohamed Moez Belhassine, et le ministre du Transport, Rabie Majidi, ont pris part \u00e0 une s\u00e9ance de travail consacr\u00e9e a&#8230;<\/p>\n","protected":false},"author":3195,"featured_media":277774,"comment_status":"open","ping_status":"closed","sticky":false,"template":"","format":"standard","meta":{"footnotes":""},"categories":[44],"tags":[4827,7470,2798,2818,2608],"class_list":["post-203062","post","type-post","status-publish","format-standard","has-post-thumbnail","hentry","category-national","tag-aeroports","tag-saison-estivale","tag-tourisme","tag-transport","tag-tunisie"],"yoast_head":"<!-- This site is optimized with the Yoast SEO Premium plugin v27.4 (Yoast SEO v27.5) - https:\/\/yoast.com\/product\/yoast-seo-premium-wordpress\/ -->\n<title>Tourisme : Les pr\u00e9paratifs pour la saison estivale ont commenc\u00e9<\/title>\n<meta name=\"description\" content=\"Le ministre du Tourisme et de l\u2019Artisanat, Mohamed Moez Belhassine, et le ministre du Transport, Rabie Majidi, ont pris part \u00e0 une s\u00e9ance de travail consacr\u00e9e a...\" \/>\n<link rel=\"canonical\" href=\"https:\/\/www.webdo.tn\/fr\/actualite\/national\/tourisme-les-preparatifs-pour-la-saison-estivale-ont-commence\/203062\/\" \/>\n<meta property=\"og:locale\" content=\"fr_FR\" \/>\n<meta property=\"og:type\" content=\"article\" \/>\n<meta property=\"og:title\" content=\"Tourisme : Les pr\u00e9paratifs pour la saison estivale ont commenc\u00e9\" \/>\n<meta property=\"og:description\" content=\"Le ministre du Tourisme et de l\u2019Artisanat, Mohamed Moez Belhassine, et le ministre du Transport, Rabie Majidi, ont pris part \u00e0 une s\u00e9ance de travail consacr\u00e9e a...\" \/>\n<meta property=\"og:url\" content=\"https:\/\/www.webdo.tn\/fr\/actualite\/national\/tourisme-les-preparatifs-pour-la-saison-estivale-ont-commence\/203062\/\" \/>\n<meta property=\"og:site_name\" content=\"webdo\" \/>\n<meta property=\"article:publisher\" content=\"https:\/\/www.facebook.com\/webdotn\" \/>\n<meta property=\"article:published_time\" content=\"2023-02-17T19:00:00+00:00\" \/>\n<meta property=\"article:modified_time\" content=\"2025-05-20T23:00:50+00:00\" \/>\n<meta property=\"og:image\" content=\"https:\/\/www.webdo.tn\/fr\/wp-content\/uploads\/2023\/02\/37d1f7cf048c37a5487c363dc4529308.jpg\" \/>\n\t<meta property=\"og:image:width\" content=\"750\" \/>\n\t<meta property=\"og:image:height\" content=\"400\" \/>\n\t<meta property=\"og:image:type\" content=\"image\/jpeg\" \/>\n<meta name=\"author\" content=\"NJ\" \/>\n<meta name=\"twitter:card\" content=\"summary_large_image\" \/>\n<meta name=\"twitter:creator\" content=\"@webdo_tn\" \/>\n<meta name=\"twitter:site\" content=\"@webdo_tn\" \/>\n<meta name=\"twitter:label1\" content=\"\u00c9crit par\" \/>\n\t<meta name=\"twitter:data1\" content=\"NJ\" \/>\n\t<meta name=\"twitter:label2\" content=\"Dur\u00e9e de lecture estim\u00e9e\" \/>\n\t<meta name=\"twitter:data2\" content=\"1 minute\" \/>\n<script type=\"application\/ld+json\" class=\"yoast-schema-graph\">{\"@context\":\"https:\\\/\\\/schema.org\",\"@graph\":[{\"@type\":\"NewsArticle\",\"@id\":\"https:\\\/\\\/www.webdo.tn\\\/fr\\\/actualite\\\/national\\\/tourisme-les-preparatifs-pour-la-saison-estivale-ont-commence\\\/203062\\\/#article\",\"isPartOf\":{\"@id\":\"https:\\\/\\\/www.webdo.tn\\\/fr\\\/actualite\\\/national\\\/tourisme-les-preparatifs-pour-la-saison-estivale-ont-commence\\\/203062\\\/\"},\"author\":{\"name\":\"NJ\",\"@id\":\"https:\\\/\\\/www.webdo.tn\\\/fr\\\/#\\\/schema\\\/person\\\/646f7c4406ab78299805d9d39b2636d8\"},\"headline\":\"Tourisme : Les pr\u00e9paratifs pour la saison estivale ont commenc\u00e9\",\"datePublished\":\"2023-02-17T19:00:00+00:00\",\"dateModified\":\"2025-05-20T23:00:50+00:00\",\"mainEntityOfPage\":{\"@id\":\"https:\\\/\\\/www.webdo.tn\\\/fr\\\/actualite\\\/national\\\/tourisme-les-preparatifs-pour-la-saison-estivale-ont-commence\\\/203062\\\/\"},\"wordCount\":219,\"commentCount\":0,\"publisher\":{\"@id\":\"https:\\\/\\\/www.webdo.tn\\\/fr\\\/#organization\"},\"image\":{\"@id\":\"https:\\\/\\\/www.webdo.tn\\\/fr\\\/actualite\\\/national\\\/tourisme-les-preparatifs-pour-la-saison-estivale-ont-commence\\\/203062\\\/#primaryimage\"},\"thumbnailUrl\":\"https:\\\/\\\/www.webdo.tn\\\/fr\\\/wp-content\\\/uploads\\\/2023\\\/02\\\/37d1f7cf048c37a5487c363dc4529308.jpg\",\"keywords\":[\"a\u00e9roports\",\"saison estivale\",\"Tourisme\",\"Transport\",\"Tunisie\"],\"articleSection\":[\"National\"],\"inLanguage\":\"fr-FR\"},{\"@type\":\"WebPage\",\"@id\":\"https:\\\/\\\/www.webdo.tn\\\/fr\\\/actualite\\\/national\\\/tourisme-les-preparatifs-pour-la-saison-estivale-ont-commence\\\/203062\\\/\",\"url\":\"https:\\\/\\\/www.webdo.tn\\\/fr\\\/actualite\\\/national\\\/tourisme-les-preparatifs-pour-la-saison-estivale-ont-commence\\\/203062\\\/\",\"name\":\"Tourisme : Les pr\u00e9paratifs pour la saison estivale ont commenc\u00e9\",\"isPartOf\":{\"@id\":\"https:\\\/\\\/www.webdo.tn\\\/fr\\\/#website\"},\"primaryImageOfPage\":{\"@id\":\"https:\\\/\\\/www.webdo.tn\\\/fr\\\/actualite\\\/national\\\/tourisme-les-preparatifs-pour-la-saison-estivale-ont-commence\\\/203062\\\/#primaryimage\"},\"image\":{\"@id\":\"https:\\\/\\\/www.webdo.tn\\\/fr\\\/actualite\\\/national\\\/tourisme-les-preparatifs-pour-la-saison-estivale-ont-commence\\\/203062\\\/#primaryimage\"},\"thumbnailUrl\":\"https:\\\/\\\/www.webdo.tn\\\/fr\\\/wp-content\\\/uploads\\\/2023\\\/02\\\/37d1f7cf048c37a5487c363dc4529308.jpg\",\"datePublished\":\"2023-02-17T19:00:00+00:00\",\"dateModified\":\"2025-05-20T23:00:50+00:00\",\"description\":\"Le ministre du Tourisme et de l\u2019Artisanat, Mohamed Moez Belhassine, et le ministre du Transport, Rabie Majidi, ont pris part \u00e0 une s\u00e9ance de travail consacr\u00e9e a...\",\"breadcrumb\":{\"@id\":\"https:\\\/\\\/www.webdo.tn\\\/fr\\\/actualite\\\/national\\\/tourisme-les-preparatifs-pour-la-saison-estivale-ont-commence\\\/203062\\\/#breadcrumb\"},\"inLanguage\":\"fr-FR\",\"potentialAction\":[{\"@type\":\"ReadAction\",\"target\":[\"https:\\\/\\\/www.webdo.tn\\\/fr\\\/actualite\\\/national\\\/tourisme-les-preparatifs-pour-la-saison-estivale-ont-commence\\\/203062\\\/\"]}]},{\"@type\":\"ImageObject\",\"inLanguage\":\"fr-FR\",\"@id\":\"https:\\\/\\\/www.webdo.tn\\\/fr\\\/actualite\\\/national\\\/tourisme-les-preparatifs-pour-la-saison-estivale-ont-commence\\\/203062\\\/#primaryimage\",\"url\":\"https:\\\/\\\/www.webdo.tn\\\/fr\\\/wp-content\\\/uploads\\\/2023\\\/02\\\/37d1f7cf048c37a5487c363dc4529308.jpg\",\"contentUrl\":\"https:\\\/\\\/www.webdo.tn\\\/fr\\\/wp-content\\\/uploads\\\/2023\\\/02\\\/37d1f7cf048c37a5487c363dc4529308.jpg\",\"width\":750,\"height\":400,\"caption\":\"Tourisme : Les pr\u00e9paratifs pour la saison estivale ont commenc\u00e9\"},{\"@type\":\"BreadcrumbList\",\"@id\":\"https:\\\/\\\/www.webdo.tn\\\/fr\\\/actualite\\\/national\\\/tourisme-les-preparatifs-pour-la-saison-estivale-ont-commence\\\/203062\\\/#breadcrumb\",\"itemListElement\":[{\"@type\":\"ListItem\",\"position\":1,\"name\":\"Accueil\",\"item\":\"https:\\\/\\\/www.webdo.tn\\\/fr\\\/\"},{\"@type\":\"ListItem\",\"position\":2,\"name\":\"Tourisme : Les pr\u00e9paratifs pour la saison estivale ont commenc\u00e9\"}]},{\"@type\":\"WebSite\",\"@id\":\"https:\\\/\\\/www.webdo.tn\\\/fr\\\/#website\",\"url\":\"https:\\\/\\\/www.webdo.tn\\\/fr\\\/\",\"name\":\"webdo\",\"description\":\"Tunisie - News en Tunisie et \u00e0 l&#039;international sur Webdo.tn\",\"publisher\":{\"@id\":\"https:\\\/\\\/www.webdo.tn\\\/fr\\\/#organization\"},\"potentialAction\":[{\"@type\":\"SearchAction\",\"target\":{\"@type\":\"EntryPoint\",\"urlTemplate\":\"https:\\\/\\\/www.webdo.tn\\\/fr\\\/?s={search_term_string}\"},\"query-input\":{\"@type\":\"PropertyValueSpecification\",\"valueRequired\":true,\"valueName\":\"search_term_string\"}}],\"inLanguage\":\"fr-FR\"},{\"@type\":\"Organization\",\"@id\":\"https:\\\/\\\/www.webdo.tn\\\/fr\\\/#organization\",\"name\":\"Webdo\",\"alternateName\":\"Webdo.tn\",\"url\":\"https:\\\/\\\/www.webdo.tn\\\/fr\\\/\",\"logo\":{\"@type\":\"ImageObject\",\"inLanguage\":\"fr-FR\",\"@id\":\"https:\\\/\\\/www.webdo.tn\\\/fr\\\/#\\\/schema\\\/logo\\\/image\\\/\",\"url\":\"https:\\\/\\\/www.webdo.tn\\\/fr\\\/wp-content\\\/uploads\\\/2025\\\/06\\\/Webdo-Tunisie_168377.jpg\",\"contentUrl\":\"https:\\\/\\\/www.webdo.tn\\\/fr\\\/wp-content\\\/uploads\\\/2025\\\/06\\\/Webdo-Tunisie_168377.jpg\",\"width\":301,\"height\":301,\"caption\":\"Webdo\"},\"image\":{\"@id\":\"https:\\\/\\\/www.webdo.tn\\\/fr\\\/#\\\/schema\\\/logo\\\/image\\\/\"},\"sameAs\":[\"https:\\\/\\\/www.facebook.com\\\/webdotn\",\"https:\\\/\\\/x.com\\\/webdo_tn\"],\"description\":\"Webdo est un m\u00e9dia num\u00e9rique tunisien fond\u00e9 en 2010, sp\u00e9cialis\u00e9 dans l\u2019actualit\u00e9 nationale et internationale, l\u2019\u00e9conomie, la soci\u00e9t\u00e9 et les analyses politiques. Le site s\u2019adresse \u00e0 un large public francophone et couvre l\u2019information tunisienne en temps r\u00e9el.\",\"email\":\"redac@webdo.tn\",\"legalName\":\"YNJ SARL\",\"foundingDate\":\"2010-09-06\",\"numberOfEmployees\":{\"@type\":\"QuantitativeValue\",\"minValue\":\"11\",\"maxValue\":\"50\"}},{\"@type\":\"Person\",\"@id\":\"https:\\\/\\\/www.webdo.tn\\\/fr\\\/#\\\/schema\\\/person\\\/646f7c4406ab78299805d9d39b2636d8\",\"name\":\"NJ\",\"image\":{\"@type\":\"ImageObject\",\"inLanguage\":\"fr-FR\",\"@id\":\"https:\\\/\\\/secure.gravatar.com\\\/avatar\\\/57ee8a7cee8271948beede1dd4413f641d3b749a42dfabf45a3352af812389e1?s=96&d=mm&r=g\",\"url\":\"https:\\\/\\\/secure.gravatar.com\\\/avatar\\\/57ee8a7cee8271948beede1dd4413f641d3b749a42dfabf45a3352af812389e1?s=96&d=mm&r=g\",\"contentUrl\":\"https:\\\/\\\/secure.gravatar.com\\\/avatar\\\/57ee8a7cee8271948beede1dd4413f641d3b749a42dfabf45a3352af812389e1?s=96&d=mm&r=g\",\"caption\":\"NJ\"},\"url\":\"https:\\\/\\\/www.webdo.tn\\\/fr\\\/actualite\\\/author\\\/nj\\\/\"}]}<\/script>\n<!-- \/ Yoast SEO Premium plugin. -->","yoast_head_json":{"title":"Tourisme : Les pr\u00e9paratifs pour la saison estivale ont commenc\u00e9","description":"Le ministre du Tourisme et de l\u2019Artisanat, Mohamed Moez Belhassine, et le ministre du Transport, Rabie Majidi, ont pris part \u00e0 une s\u00e9ance de travail consacr\u00e9e a...","canonical":"https:\/\/www.webdo.tn\/fr\/actualite\/national\/tourisme-les-preparatifs-pour-la-saison-estivale-ont-commence\/203062\/","og_locale":"fr_FR","og_type":"article","og_title":"Tourisme : Les pr\u00e9paratifs pour la saison estivale ont commenc\u00e9","og_description":"Le ministre du Tourisme et de l\u2019Artisanat, Mohamed Moez Belhassine, et le ministre du Transport, Rabie Majidi, ont pris part \u00e0 une s\u00e9ance de travail consacr\u00e9e a...","og_url":"https:\/\/www.webdo.tn\/fr\/actualite\/national\/tourisme-les-preparatifs-pour-la-saison-estivale-ont-commence\/203062\/","og_site_name":"webdo","article_publisher":"https:\/\/www.facebook.com\/webdotn","article_published_time":"2023-02-17T19:00:00+00:00","article_modified_time":"2025-05-20T23:00:50+00:00","og_image":[{"width":750,"height":400,"url":"https:\/\/www.webdo.tn\/fr\/wp-content\/uploads\/2023\/02\/37d1f7cf048c37a5487c363dc4529308.jpg","type":"image\/jpeg"}],"author":"NJ","twitter_card":"summary_large_image","twitter_creator":"@webdo_tn","twitter_site":"@webdo_tn","twitter_misc":{"\u00c9crit par":"NJ","Dur\u00e9e de lecture estim\u00e9e":"1 minute"},"schema":{"@context":"https:\/\/schema.org","@graph":[{"@type":"NewsArticle","@id":"https:\/\/www.webdo.tn\/fr\/actualite\/national\/tourisme-les-preparatifs-pour-la-saison-estivale-ont-commence\/203062\/#article","isPartOf":{"@id":"https:\/\/www.webdo.tn\/fr\/actualite\/national\/tourisme-les-preparatifs-pour-la-saison-estivale-ont-commence\/203062\/"},"author":{"name":"NJ","@id":"https:\/\/www.webdo.tn\/fr\/#\/schema\/person\/646f7c4406ab78299805d9d39b2636d8"},"headline":"Tourisme : Les pr\u00e9paratifs pour la saison estivale ont commenc\u00e9","datePublished":"2023-02-17T19:00:00+00:00","dateModified":"2025-05-20T23:00:50+00:00","mainEntityOfPage":{"@id":"https:\/\/www.webdo.tn\/fr\/actualite\/national\/tourisme-les-preparatifs-pour-la-saison-estivale-ont-commence\/203062\/"},"wordCount":219,"commentCount":0,"publisher":{"@id":"https:\/\/www.webdo.tn\/fr\/#organization"},"image":{"@id":"https:\/\/www.webdo.tn\/fr\/actualite\/national\/tourisme-les-preparatifs-pour-la-saison-estivale-ont-commence\/203062\/#primaryimage"},"thumbnailUrl":"https:\/\/www.webdo.tn\/fr\/wp-content\/uploads\/2023\/02\/37d1f7cf048c37a5487c363dc4529308.jpg","keywords":["a\u00e9roports","saison estivale","Tourisme","Transport","Tunisie"],"articleSection":["National"],"inLanguage":"fr-FR"},{"@type":"WebPage","@id":"https:\/\/www.webdo.tn\/fr\/actualite\/national\/tourisme-les-preparatifs-pour-la-saison-estivale-ont-commence\/203062\/","url":"https:\/\/www.webdo.tn\/fr\/actualite\/national\/tourisme-les-preparatifs-pour-la-saison-estivale-ont-commence\/203062\/","name":"Tourisme : Les pr\u00e9paratifs pour la saison estivale ont commenc\u00e9","isPartOf":{"@id":"https:\/\/www.webdo.tn\/fr\/#website"},"primaryImageOfPage":{"@id":"https:\/\/www.webdo.tn\/fr\/actualite\/national\/tourisme-les-preparatifs-pour-la-saison-estivale-ont-commence\/203062\/#primaryimage"},"image":{"@id":"https:\/\/www.webdo.tn\/fr\/actualite\/national\/tourisme-les-preparatifs-pour-la-saison-estivale-ont-commence\/203062\/#primaryimage"},"thumbnailUrl":"https:\/\/www.webdo.tn\/fr\/wp-content\/uploads\/2023\/02\/37d1f7cf048c37a5487c363dc4529308.jpg","datePublished":"2023-02-17T19:00:00+00:00","dateModified":"2025-05-20T23:00:50+00:00","description":"Le ministre du Tourisme et de l\u2019Artisanat, Mohamed Moez Belhassine, et le ministre du Transport, Rabie Majidi, ont pris part \u00e0 une s\u00e9ance de travail consacr\u00e9e a...","breadcrumb":{"@id":"https:\/\/www.webdo.tn\/fr\/actualite\/national\/tourisme-les-preparatifs-pour-la-saison-estivale-ont-commence\/203062\/#breadcrumb"},"inLanguage":"fr-FR","potentialAction":[{"@type":"ReadAction","target":["https:\/\/www.webdo.tn\/fr\/actualite\/national\/tourisme-les-preparatifs-pour-la-saison-estivale-ont-commence\/203062\/"]}]},{"@type":"ImageObject","inLanguage":"fr-FR","@id":"https:\/\/www.webdo.tn\/fr\/actualite\/national\/tourisme-les-preparatifs-pour-la-saison-estivale-ont-commence\/203062\/#primaryimage","url":"https:\/\/www.webdo.tn\/fr\/wp-content\/uploads\/2023\/02\/37d1f7cf048c37a5487c363dc4529308.jpg","contentUrl":"https:\/\/www.webdo.tn\/fr\/wp-content\/uploads\/2023\/02\/37d1f7cf048c37a5487c363dc4529308.jpg","width":750,"height":400,"caption":"Tourisme : Les pr\u00e9paratifs pour la saison estivale ont commenc\u00e9"},{"@type":"BreadcrumbList","@id":"https:\/\/www.webdo.tn\/fr\/actualite\/national\/tourisme-les-preparatifs-pour-la-saison-estivale-ont-commence\/203062\/#breadcrumb","itemListElement":[{"@type":"ListItem","position":1,"name":"Accueil","item":"https:\/\/www.webdo.tn\/fr\/"},{"@type":"ListItem","position":2,"name":"Tourisme : Les pr\u00e9paratifs pour la saison estivale ont commenc\u00e9"}]},{"@type":"WebSite","@id":"https:\/\/www.webdo.tn\/fr\/#website","url":"https:\/\/www.webdo.tn\/fr\/","name":"webdo","description":"Tunisie - News en Tunisie et \u00e0 l&#039;international sur Webdo.tn","publisher":{"@id":"https:\/\/www.webdo.tn\/fr\/#organization"},"potentialAction":[{"@type":"SearchAction","target":{"@type":"EntryPoint","urlTemplate":"https:\/\/www.webdo.tn\/fr\/?s={search_term_string}"},"query-input":{"@type":"PropertyValueSpecification","valueRequired":true,"valueName":"search_term_string"}}],"inLanguage":"fr-FR"},{"@type":"Organization","@id":"https:\/\/www.webdo.tn\/fr\/#organization","name":"Webdo","alternateName":"Webdo.tn","url":"https:\/\/www.webdo.tn\/fr\/","logo":{"@type":"ImageObject","inLanguage":"fr-FR","@id":"https:\/\/www.webdo.tn\/fr\/#\/schema\/logo\/image\/","url":"https:\/\/www.webdo.tn\/fr\/wp-content\/uploads\/2025\/06\/Webdo-Tunisie_168377.jpg","contentUrl":"https:\/\/www.webdo.tn\/fr\/wp-content\/uploads\/2025\/06\/Webdo-Tunisie_168377.jpg","width":301,"height":301,"caption":"Webdo"},"image":{"@id":"https:\/\/www.webdo.tn\/fr\/#\/schema\/logo\/image\/"},"sameAs":["https:\/\/www.facebook.com\/webdotn","https:\/\/x.com\/webdo_tn"],"description":"Webdo est un m\u00e9dia num\u00e9rique tunisien fond\u00e9 en 2010, sp\u00e9cialis\u00e9 dans l\u2019actualit\u00e9 nationale et internationale, l\u2019\u00e9conomie, la soci\u00e9t\u00e9 et les analyses politiques. Le site s\u2019adresse \u00e0 un large public francophone et couvre l\u2019information tunisienne en temps r\u00e9el.","email":"redac@webdo.tn","legalName":"YNJ SARL","foundingDate":"2010-09-06","numberOfEmployees":{"@type":"QuantitativeValue","minValue":"11","maxValue":"50"}},{"@type":"Person","@id":"https:\/\/www.webdo.tn\/fr\/#\/schema\/person\/646f7c4406ab78299805d9d39b2636d8","name":"NJ","image":{"@type":"ImageObject","inLanguage":"fr-FR","@id":"https:\/\/secure.gravatar.com\/avatar\/57ee8a7cee8271948beede1dd4413f641d3b749a42dfabf45a3352af812389e1?s=96&d=mm&r=g","url":"https:\/\/secure.gravatar.com\/avatar\/57ee8a7cee8271948beede1dd4413f641d3b749a42dfabf45a3352af812389e1?s=96&d=mm&r=g","contentUrl":"https:\/\/secure.gravatar.com\/avatar\/57ee8a7cee8271948beede1dd4413f641d3b749a42dfabf45a3352af812389e1?s=96&d=mm&r=g","caption":"NJ"},"url":"https:\/\/www.webdo.tn\/fr\/actualite\/author\/nj\/"}]}},"_links":{"self":[{"href":"https:\/\/www.webdo.tn\/fr\/wp-json\/wp\/v2\/posts\/203062","targetHints":{"allow":["GET"]}}],"collection":[{"href":"https:\/\/www.webdo.tn\/fr\/wp-json\/wp\/v2\/posts"}],"about":[{"href":"https:\/\/www.webdo.tn\/fr\/wp-json\/wp\/v2\/types\/post"}],"author":[{"embeddable":true,"href":"https:\/\/www.webdo.tn\/fr\/wp-json\/wp\/v2\/users\/3195"}],"replies":[{"embeddable":true,"href":"https:\/\/www.webdo.tn\/fr\/wp-json\/wp\/v2\/comments?post=203062"}],"version-history":[{"count":0,"href":"https:\/\/www.webdo.tn\/fr\/wp-json\/wp\/v2\/posts\/203062\/revisions"}],"wp:featuredmedia":[{"embeddable":true,"href":"https:\/\/www.webdo.tn\/fr\/wp-json\/wp\/v2\/media\/277774"}],"wp:attachment":[{"href":"https:\/\/www.webdo.tn\/fr\/wp-json\/wp\/v2\/media?parent=203062"}],"wp:term":[{"taxonomy":"category","embeddable":true,"href":"https:\/\/www.webdo.tn\/fr\/wp-json\/wp\/v2\/categories?post=203062"},{"taxonomy":"post_tag","embeddable":true,"href":"https:\/\/www.webdo.tn\/fr\/wp-json\/wp\/v2\/tags?post=203062"}],"curies":[{"name":"wp","href":"https:\/\/api.w.org\/{rel}","templated":true}]}}