{"id":203048,"date":"2023-02-17T13:44:00","date_gmt":"2023-02-17T13:44:00","guid":{"rendered":"https:\/\/www.webdo.tn\/fr\/blog\/un-ministre-britannique-se-prononce-sur-les-arrestations-en-tunisie\/203048\/"},"modified":"2025-05-20T22:45:26","modified_gmt":"2025-05-20T22:45:26","slug":"un-ministre-britannique-se-prononce-sur-les-arrestations-en-tunisie","status":"publish","type":"post","link":"https:\/\/www.webdo.tn\/fr\/actualite\/national\/un-ministre-britannique-se-prononce-sur-les-arrestations-en-tunisie\/203048\/","title":{"rendered":"Un ministre britannique se prononce sur les arrestations en Tunisie"},"content":{"rendered":"<p>Lord Tarik Ahmad, ministre d&rsquo;\u00c9tat Britannique charg\u00e9 des relations avec l&rsquo;Asie du Sud, l\u2019Afrique du Nord, les Nations Unis et le Commonwealth a exprim\u00e9 sa pr\u00e9occupation quant aux r\u00e9centes arrestations en Tunisie.<\/p>\n<p>\t\t\t\t\t\t\t\t\tDans un tweet, il a estim\u00e9 que ces arrestations soulignent l\u2019importance d\u2019une proc\u00e9dure judiciaire qui respecte les libert\u00e9s.\u00a0<\/p>\n<p>\u00ab La nature des r\u00e9centes arrestations en Tunisie ne fait que souligner l&rsquo;importance d&rsquo;une proc\u00e9dure judiciaire r\u00e9guli\u00e8re et du respect de la libert\u00e9 d&rsquo;expression et d&rsquo;association. Les Tunisiens devraient avoir un espace pour l&rsquo;opposition politique l\u00e9gitime, la soci\u00e9t\u00e9 civile et les m\u00e9dias ind\u00e9pendants \u00bb, a-t-il dit.<\/p>\n","protected":false},"excerpt":{"rendered":"<p>Lord Tarik Ahmad, ministre d&rsquo;\u00c9tat Britannique charg\u00e9 des relations avec l&rsquo;Asie du Sud, l\u2019Afrique du Nord, les Nations Unis et le Commonwealth a exprim\u00e9 sa pr\u00e9oc&#8230;<\/p>\n","protected":false},"author":3175,"featured_media":251964,"comment_status":"open","ping_status":"closed","sticky":false,"template":"","format":"standard","meta":{"footnotes":""},"categories":[44],"tags":[3673,7101,2608],"class_list":["post-203048","post","type-post","status-publish","format-standard","has-post-thumbnail","hentry","category-national","tag-arrestations","tag-grande-bretagne","tag-tunisie"],"yoast_head":"<!-- This site is optimized with the Yoast SEO Premium plugin v27.4 (Yoast SEO v27.5) - https:\/\/yoast.com\/product\/yoast-seo-premium-wordpress\/ -->\n<title>Un ministre britannique se prononce sur les arrestations en Tunisie<\/title>\n<meta name=\"description\" content=\"Lord Tarik Ahmad, ministre d&#039;\u00c9tat Britannique charg\u00e9 des relations avec l&#039;Asie du Sud, l\u2019Afrique du Nord, les Nations Unis et le Commonwealth a exprim\u00e9 sa pr\u00e9oc...\" \/>\n<link rel=\"canonical\" href=\"https:\/\/www.webdo.tn\/fr\/actualite\/national\/un-ministre-britannique-se-prononce-sur-les-arrestations-en-tunisie\/203048\/\" \/>\n<meta property=\"og:locale\" content=\"fr_FR\" \/>\n<meta property=\"og:type\" content=\"article\" \/>\n<meta property=\"og:title\" content=\"Un ministre britannique se prononce sur les arrestations en Tunisie\" \/>\n<meta property=\"og:description\" content=\"Lord Tarik Ahmad, ministre d&#039;\u00c9tat Britannique charg\u00e9 des relations avec l&#039;Asie du Sud, l\u2019Afrique du Nord, les Nations Unis et le Commonwealth a exprim\u00e9 sa pr\u00e9oc...\" \/>\n<meta property=\"og:url\" content=\"https:\/\/www.webdo.tn\/fr\/actualite\/national\/un-ministre-britannique-se-prononce-sur-les-arrestations-en-tunisie\/203048\/\" \/>\n<meta property=\"og:site_name\" content=\"webdo\" \/>\n<meta property=\"article:publisher\" content=\"https:\/\/www.facebook.com\/webdotn\" \/>\n<meta property=\"article:published_time\" content=\"2023-02-17T13:44:00+00:00\" \/>\n<meta property=\"article:modified_time\" content=\"2025-05-20T22:45:26+00:00\" \/>\n<meta property=\"og:image\" content=\"https:\/\/www.webdo.tn\/fr\/wp-content\/uploads\/2023\/02\/98d2d377e22129770de0fd2996fb9c93.png\" \/>\n\t<meta property=\"og:image:width\" content=\"750\" \/>\n\t<meta property=\"og:image:height\" content=\"400\" \/>\n\t<meta property=\"og:image:type\" content=\"image\/png\" \/>\n<meta name=\"author\" content=\"CL\" \/>\n<meta name=\"twitter:card\" content=\"summary_large_image\" \/>\n<meta name=\"twitter:creator\" content=\"@webdo_tn\" \/>\n<meta name=\"twitter:site\" content=\"@webdo_tn\" \/>\n<meta name=\"twitter:label1\" content=\"\u00c9crit par\" \/>\n\t<meta name=\"twitter:data1\" content=\"CL\" \/>\n\t<meta name=\"twitter:label2\" content=\"Dur\u00e9e de lecture estim\u00e9e\" \/>\n\t<meta name=\"twitter:data2\" content=\"1 minute\" \/>\n<script type=\"application\/ld+json\" class=\"yoast-schema-graph\">{\"@context\":\"https:\\\/\\\/schema.org\",\"@graph\":[{\"@type\":\"NewsArticle\",\"@id\":\"https:\\\/\\\/www.webdo.tn\\\/fr\\\/actualite\\\/national\\\/un-ministre-britannique-se-prononce-sur-les-arrestations-en-tunisie\\\/203048\\\/#article\",\"isPartOf\":{\"@id\":\"https:\\\/\\\/www.webdo.tn\\\/fr\\\/actualite\\\/national\\\/un-ministre-britannique-se-prononce-sur-les-arrestations-en-tunisie\\\/203048\\\/\"},\"author\":{\"name\":\"CL\",\"@id\":\"https:\\\/\\\/www.webdo.tn\\\/fr\\\/#\\\/schema\\\/person\\\/f35b42a42c5e2511bbd282959d6385cc\"},\"headline\":\"Un ministre britannique se prononce sur les arrestations en Tunisie\",\"datePublished\":\"2023-02-17T13:44:00+00:00\",\"dateModified\":\"2025-05-20T22:45:26+00:00\",\"mainEntityOfPage\":{\"@id\":\"https:\\\/\\\/www.webdo.tn\\\/fr\\\/actualite\\\/national\\\/un-ministre-britannique-se-prononce-sur-les-arrestations-en-tunisie\\\/203048\\\/\"},\"wordCount\":126,\"commentCount\":0,\"publisher\":{\"@id\":\"https:\\\/\\\/www.webdo.tn\\\/fr\\\/#organization\"},\"image\":{\"@id\":\"https:\\\/\\\/www.webdo.tn\\\/fr\\\/actualite\\\/national\\\/un-ministre-britannique-se-prononce-sur-les-arrestations-en-tunisie\\\/203048\\\/#primaryimage\"},\"thumbnailUrl\":\"https:\\\/\\\/www.webdo.tn\\\/fr\\\/wp-content\\\/uploads\\\/2023\\\/02\\\/98d2d377e22129770de0fd2996fb9c93.png\",\"keywords\":[\"arrestations\",\"Grande-Bretagne\",\"Tunisie\"],\"articleSection\":[\"National\"],\"inLanguage\":\"fr-FR\"},{\"@type\":\"WebPage\",\"@id\":\"https:\\\/\\\/www.webdo.tn\\\/fr\\\/actualite\\\/national\\\/un-ministre-britannique-se-prononce-sur-les-arrestations-en-tunisie\\\/203048\\\/\",\"url\":\"https:\\\/\\\/www.webdo.tn\\\/fr\\\/actualite\\\/national\\\/un-ministre-britannique-se-prononce-sur-les-arrestations-en-tunisie\\\/203048\\\/\",\"name\":\"Un ministre britannique se prononce sur les arrestations en Tunisie\",\"isPartOf\":{\"@id\":\"https:\\\/\\\/www.webdo.tn\\\/fr\\\/#website\"},\"primaryImageOfPage\":{\"@id\":\"https:\\\/\\\/www.webdo.tn\\\/fr\\\/actualite\\\/national\\\/un-ministre-britannique-se-prononce-sur-les-arrestations-en-tunisie\\\/203048\\\/#primaryimage\"},\"image\":{\"@id\":\"https:\\\/\\\/www.webdo.tn\\\/fr\\\/actualite\\\/national\\\/un-ministre-britannique-se-prononce-sur-les-arrestations-en-tunisie\\\/203048\\\/#primaryimage\"},\"thumbnailUrl\":\"https:\\\/\\\/www.webdo.tn\\\/fr\\\/wp-content\\\/uploads\\\/2023\\\/02\\\/98d2d377e22129770de0fd2996fb9c93.png\",\"datePublished\":\"2023-02-17T13:44:00+00:00\",\"dateModified\":\"2025-05-20T22:45:26+00:00\",\"description\":\"Lord Tarik Ahmad, ministre d'\u00c9tat Britannique charg\u00e9 des relations avec l'Asie du Sud, l\u2019Afrique du Nord, les Nations Unis et le Commonwealth a exprim\u00e9 sa pr\u00e9oc...\",\"breadcrumb\":{\"@id\":\"https:\\\/\\\/www.webdo.tn\\\/fr\\\/actualite\\\/national\\\/un-ministre-britannique-se-prononce-sur-les-arrestations-en-tunisie\\\/203048\\\/#breadcrumb\"},\"inLanguage\":\"fr-FR\",\"potentialAction\":[{\"@type\":\"ReadAction\",\"target\":[\"https:\\\/\\\/www.webdo.tn\\\/fr\\\/actualite\\\/national\\\/un-ministre-britannique-se-prononce-sur-les-arrestations-en-tunisie\\\/203048\\\/\"]}]},{\"@type\":\"ImageObject\",\"inLanguage\":\"fr-FR\",\"@id\":\"https:\\\/\\\/www.webdo.tn\\\/fr\\\/actualite\\\/national\\\/un-ministre-britannique-se-prononce-sur-les-arrestations-en-tunisie\\\/203048\\\/#primaryimage\",\"url\":\"https:\\\/\\\/www.webdo.tn\\\/fr\\\/wp-content\\\/uploads\\\/2023\\\/02\\\/98d2d377e22129770de0fd2996fb9c93.png\",\"contentUrl\":\"https:\\\/\\\/www.webdo.tn\\\/fr\\\/wp-content\\\/uploads\\\/2023\\\/02\\\/98d2d377e22129770de0fd2996fb9c93.png\",\"width\":750,\"height\":400,\"caption\":\"Lord Tarik Ahmad\"},{\"@type\":\"BreadcrumbList\",\"@id\":\"https:\\\/\\\/www.webdo.tn\\\/fr\\\/actualite\\\/national\\\/un-ministre-britannique-se-prononce-sur-les-arrestations-en-tunisie\\\/203048\\\/#breadcrumb\",\"itemListElement\":[{\"@type\":\"ListItem\",\"position\":1,\"name\":\"Accueil\",\"item\":\"https:\\\/\\\/www.webdo.tn\\\/fr\\\/\"},{\"@type\":\"ListItem\",\"position\":2,\"name\":\"Un ministre britannique se prononce sur les arrestations en Tunisie\"}]},{\"@type\":\"WebSite\",\"@id\":\"https:\\\/\\\/www.webdo.tn\\\/fr\\\/#website\",\"url\":\"https:\\\/\\\/www.webdo.tn\\\/fr\\\/\",\"name\":\"webdo\",\"description\":\"Tunisie - News en Tunisie et \u00e0 l&#039;international sur Webdo.tn\",\"publisher\":{\"@id\":\"https:\\\/\\\/www.webdo.tn\\\/fr\\\/#organization\"},\"potentialAction\":[{\"@type\":\"SearchAction\",\"target\":{\"@type\":\"EntryPoint\",\"urlTemplate\":\"https:\\\/\\\/www.webdo.tn\\\/fr\\\/?s={search_term_string}\"},\"query-input\":{\"@type\":\"PropertyValueSpecification\",\"valueRequired\":true,\"valueName\":\"search_term_string\"}}],\"inLanguage\":\"fr-FR\"},{\"@type\":\"Organization\",\"@id\":\"https:\\\/\\\/www.webdo.tn\\\/fr\\\/#organization\",\"name\":\"Webdo\",\"alternateName\":\"Webdo.tn\",\"url\":\"https:\\\/\\\/www.webdo.tn\\\/fr\\\/\",\"logo\":{\"@type\":\"ImageObject\",\"inLanguage\":\"fr-FR\",\"@id\":\"https:\\\/\\\/www.webdo.tn\\\/fr\\\/#\\\/schema\\\/logo\\\/image\\\/\",\"url\":\"https:\\\/\\\/www.webdo.tn\\\/fr\\\/wp-content\\\/uploads\\\/2025\\\/06\\\/Webdo-Tunisie_168377.jpg\",\"contentUrl\":\"https:\\\/\\\/www.webdo.tn\\\/fr\\\/wp-content\\\/uploads\\\/2025\\\/06\\\/Webdo-Tunisie_168377.jpg\",\"width\":301,\"height\":301,\"caption\":\"Webdo\"},\"image\":{\"@id\":\"https:\\\/\\\/www.webdo.tn\\\/fr\\\/#\\\/schema\\\/logo\\\/image\\\/\"},\"sameAs\":[\"https:\\\/\\\/www.facebook.com\\\/webdotn\",\"https:\\\/\\\/x.com\\\/webdo_tn\"],\"description\":\"Webdo est un m\u00e9dia num\u00e9rique tunisien fond\u00e9 en 2010, sp\u00e9cialis\u00e9 dans l\u2019actualit\u00e9 nationale et internationale, l\u2019\u00e9conomie, la soci\u00e9t\u00e9 et les analyses politiques. Le site s\u2019adresse \u00e0 un large public francophone et couvre l\u2019information tunisienne en temps r\u00e9el.\",\"email\":\"redac@webdo.tn\",\"legalName\":\"YNJ SARL\",\"foundingDate\":\"2010-09-06\",\"numberOfEmployees\":{\"@type\":\"QuantitativeValue\",\"minValue\":\"11\",\"maxValue\":\"50\"}},{\"@type\":\"Person\",\"@id\":\"https:\\\/\\\/www.webdo.tn\\\/fr\\\/#\\\/schema\\\/person\\\/f35b42a42c5e2511bbd282959d6385cc\",\"name\":\"CL\",\"image\":{\"@type\":\"ImageObject\",\"inLanguage\":\"fr-FR\",\"@id\":\"https:\\\/\\\/secure.gravatar.com\\\/avatar\\\/1447a49909b67aa657c488aec6512e1dd6143a480c1ecfee9b5b5cd74eb3b59e?s=96&d=mm&r=g\",\"url\":\"https:\\\/\\\/secure.gravatar.com\\\/avatar\\\/1447a49909b67aa657c488aec6512e1dd6143a480c1ecfee9b5b5cd74eb3b59e?s=96&d=mm&r=g\",\"contentUrl\":\"https:\\\/\\\/secure.gravatar.com\\\/avatar\\\/1447a49909b67aa657c488aec6512e1dd6143a480c1ecfee9b5b5cd74eb3b59e?s=96&d=mm&r=g\",\"caption\":\"CL\"},\"url\":\"https:\\\/\\\/www.webdo.tn\\\/fr\\\/actualite\\\/author\\\/cl\\\/\"}]}<\/script>\n<!-- \/ Yoast SEO Premium plugin. -->","yoast_head_json":{"title":"Un ministre britannique se prononce sur les arrestations en Tunisie","description":"Lord Tarik Ahmad, ministre d'\u00c9tat Britannique charg\u00e9 des relations avec l'Asie du Sud, l\u2019Afrique du Nord, les Nations Unis et le Commonwealth a exprim\u00e9 sa pr\u00e9oc...","canonical":"https:\/\/www.webdo.tn\/fr\/actualite\/national\/un-ministre-britannique-se-prononce-sur-les-arrestations-en-tunisie\/203048\/","og_locale":"fr_FR","og_type":"article","og_title":"Un ministre britannique se prononce sur les arrestations en Tunisie","og_description":"Lord Tarik Ahmad, ministre d'\u00c9tat Britannique charg\u00e9 des relations avec l'Asie du Sud, l\u2019Afrique du Nord, les Nations Unis et le Commonwealth a exprim\u00e9 sa pr\u00e9oc...","og_url":"https:\/\/www.webdo.tn\/fr\/actualite\/national\/un-ministre-britannique-se-prononce-sur-les-arrestations-en-tunisie\/203048\/","og_site_name":"webdo","article_publisher":"https:\/\/www.facebook.com\/webdotn","article_published_time":"2023-02-17T13:44:00+00:00","article_modified_time":"2025-05-20T22:45:26+00:00","og_image":[{"width":750,"height":400,"url":"https:\/\/www.webdo.tn\/fr\/wp-content\/uploads\/2023\/02\/98d2d377e22129770de0fd2996fb9c93.png","type":"image\/png"}],"author":"CL","twitter_card":"summary_large_image","twitter_creator":"@webdo_tn","twitter_site":"@webdo_tn","twitter_misc":{"\u00c9crit par":"CL","Dur\u00e9e de lecture estim\u00e9e":"1 minute"},"schema":{"@context":"https:\/\/schema.org","@graph":[{"@type":"NewsArticle","@id":"https:\/\/www.webdo.tn\/fr\/actualite\/national\/un-ministre-britannique-se-prononce-sur-les-arrestations-en-tunisie\/203048\/#article","isPartOf":{"@id":"https:\/\/www.webdo.tn\/fr\/actualite\/national\/un-ministre-britannique-se-prononce-sur-les-arrestations-en-tunisie\/203048\/"},"author":{"name":"CL","@id":"https:\/\/www.webdo.tn\/fr\/#\/schema\/person\/f35b42a42c5e2511bbd282959d6385cc"},"headline":"Un ministre britannique se prononce sur les arrestations en Tunisie","datePublished":"2023-02-17T13:44:00+00:00","dateModified":"2025-05-20T22:45:26+00:00","mainEntityOfPage":{"@id":"https:\/\/www.webdo.tn\/fr\/actualite\/national\/un-ministre-britannique-se-prononce-sur-les-arrestations-en-tunisie\/203048\/"},"wordCount":126,"commentCount":0,"publisher":{"@id":"https:\/\/www.webdo.tn\/fr\/#organization"},"image":{"@id":"https:\/\/www.webdo.tn\/fr\/actualite\/national\/un-ministre-britannique-se-prononce-sur-les-arrestations-en-tunisie\/203048\/#primaryimage"},"thumbnailUrl":"https:\/\/www.webdo.tn\/fr\/wp-content\/uploads\/2023\/02\/98d2d377e22129770de0fd2996fb9c93.png","keywords":["arrestations","Grande-Bretagne","Tunisie"],"articleSection":["National"],"inLanguage":"fr-FR"},{"@type":"WebPage","@id":"https:\/\/www.webdo.tn\/fr\/actualite\/national\/un-ministre-britannique-se-prononce-sur-les-arrestations-en-tunisie\/203048\/","url":"https:\/\/www.webdo.tn\/fr\/actualite\/national\/un-ministre-britannique-se-prononce-sur-les-arrestations-en-tunisie\/203048\/","name":"Un ministre britannique se prononce sur les arrestations en Tunisie","isPartOf":{"@id":"https:\/\/www.webdo.tn\/fr\/#website"},"primaryImageOfPage":{"@id":"https:\/\/www.webdo.tn\/fr\/actualite\/national\/un-ministre-britannique-se-prononce-sur-les-arrestations-en-tunisie\/203048\/#primaryimage"},"image":{"@id":"https:\/\/www.webdo.tn\/fr\/actualite\/national\/un-ministre-britannique-se-prononce-sur-les-arrestations-en-tunisie\/203048\/#primaryimage"},"thumbnailUrl":"https:\/\/www.webdo.tn\/fr\/wp-content\/uploads\/2023\/02\/98d2d377e22129770de0fd2996fb9c93.png","datePublished":"2023-02-17T13:44:00+00:00","dateModified":"2025-05-20T22:45:26+00:00","description":"Lord Tarik Ahmad, ministre d'\u00c9tat Britannique charg\u00e9 des relations avec l'Asie du Sud, l\u2019Afrique du Nord, les Nations Unis et le Commonwealth a exprim\u00e9 sa pr\u00e9oc...","breadcrumb":{"@id":"https:\/\/www.webdo.tn\/fr\/actualite\/national\/un-ministre-britannique-se-prononce-sur-les-arrestations-en-tunisie\/203048\/#breadcrumb"},"inLanguage":"fr-FR","potentialAction":[{"@type":"ReadAction","target":["https:\/\/www.webdo.tn\/fr\/actualite\/national\/un-ministre-britannique-se-prononce-sur-les-arrestations-en-tunisie\/203048\/"]}]},{"@type":"ImageObject","inLanguage":"fr-FR","@id":"https:\/\/www.webdo.tn\/fr\/actualite\/national\/un-ministre-britannique-se-prononce-sur-les-arrestations-en-tunisie\/203048\/#primaryimage","url":"https:\/\/www.webdo.tn\/fr\/wp-content\/uploads\/2023\/02\/98d2d377e22129770de0fd2996fb9c93.png","contentUrl":"https:\/\/www.webdo.tn\/fr\/wp-content\/uploads\/2023\/02\/98d2d377e22129770de0fd2996fb9c93.png","width":750,"height":400,"caption":"Lord Tarik Ahmad"},{"@type":"BreadcrumbList","@id":"https:\/\/www.webdo.tn\/fr\/actualite\/national\/un-ministre-britannique-se-prononce-sur-les-arrestations-en-tunisie\/203048\/#breadcrumb","itemListElement":[{"@type":"ListItem","position":1,"name":"Accueil","item":"https:\/\/www.webdo.tn\/fr\/"},{"@type":"ListItem","position":2,"name":"Un ministre britannique se prononce sur les arrestations en Tunisie"}]},{"@type":"WebSite","@id":"https:\/\/www.webdo.tn\/fr\/#website","url":"https:\/\/www.webdo.tn\/fr\/","name":"webdo","description":"Tunisie - News en Tunisie et \u00e0 l&#039;international sur Webdo.tn","publisher":{"@id":"https:\/\/www.webdo.tn\/fr\/#organization"},"potentialAction":[{"@type":"SearchAction","target":{"@type":"EntryPoint","urlTemplate":"https:\/\/www.webdo.tn\/fr\/?s={search_term_string}"},"query-input":{"@type":"PropertyValueSpecification","valueRequired":true,"valueName":"search_term_string"}}],"inLanguage":"fr-FR"},{"@type":"Organization","@id":"https:\/\/www.webdo.tn\/fr\/#organization","name":"Webdo","alternateName":"Webdo.tn","url":"https:\/\/www.webdo.tn\/fr\/","logo":{"@type":"ImageObject","inLanguage":"fr-FR","@id":"https:\/\/www.webdo.tn\/fr\/#\/schema\/logo\/image\/","url":"https:\/\/www.webdo.tn\/fr\/wp-content\/uploads\/2025\/06\/Webdo-Tunisie_168377.jpg","contentUrl":"https:\/\/www.webdo.tn\/fr\/wp-content\/uploads\/2025\/06\/Webdo-Tunisie_168377.jpg","width":301,"height":301,"caption":"Webdo"},"image":{"@id":"https:\/\/www.webdo.tn\/fr\/#\/schema\/logo\/image\/"},"sameAs":["https:\/\/www.facebook.com\/webdotn","https:\/\/x.com\/webdo_tn"],"description":"Webdo est un m\u00e9dia num\u00e9rique tunisien fond\u00e9 en 2010, sp\u00e9cialis\u00e9 dans l\u2019actualit\u00e9 nationale et internationale, l\u2019\u00e9conomie, la soci\u00e9t\u00e9 et les analyses politiques. Le site s\u2019adresse \u00e0 un large public francophone et couvre l\u2019information tunisienne en temps r\u00e9el.","email":"redac@webdo.tn","legalName":"YNJ SARL","foundingDate":"2010-09-06","numberOfEmployees":{"@type":"QuantitativeValue","minValue":"11","maxValue":"50"}},{"@type":"Person","@id":"https:\/\/www.webdo.tn\/fr\/#\/schema\/person\/f35b42a42c5e2511bbd282959d6385cc","name":"CL","image":{"@type":"ImageObject","inLanguage":"fr-FR","@id":"https:\/\/secure.gravatar.com\/avatar\/1447a49909b67aa657c488aec6512e1dd6143a480c1ecfee9b5b5cd74eb3b59e?s=96&d=mm&r=g","url":"https:\/\/secure.gravatar.com\/avatar\/1447a49909b67aa657c488aec6512e1dd6143a480c1ecfee9b5b5cd74eb3b59e?s=96&d=mm&r=g","contentUrl":"https:\/\/secure.gravatar.com\/avatar\/1447a49909b67aa657c488aec6512e1dd6143a480c1ecfee9b5b5cd74eb3b59e?s=96&d=mm&r=g","caption":"CL"},"url":"https:\/\/www.webdo.tn\/fr\/actualite\/author\/cl\/"}]}},"_links":{"self":[{"href":"https:\/\/www.webdo.tn\/fr\/wp-json\/wp\/v2\/posts\/203048","targetHints":{"allow":["GET"]}}],"collection":[{"href":"https:\/\/www.webdo.tn\/fr\/wp-json\/wp\/v2\/posts"}],"about":[{"href":"https:\/\/www.webdo.tn\/fr\/wp-json\/wp\/v2\/types\/post"}],"author":[{"embeddable":true,"href":"https:\/\/www.webdo.tn\/fr\/wp-json\/wp\/v2\/users\/3175"}],"replies":[{"embeddable":true,"href":"https:\/\/www.webdo.tn\/fr\/wp-json\/wp\/v2\/comments?post=203048"}],"version-history":[{"count":0,"href":"https:\/\/www.webdo.tn\/fr\/wp-json\/wp\/v2\/posts\/203048\/revisions"}],"wp:featuredmedia":[{"embeddable":true,"href":"https:\/\/www.webdo.tn\/fr\/wp-json\/wp\/v2\/media\/251964"}],"wp:attachment":[{"href":"https:\/\/www.webdo.tn\/fr\/wp-json\/wp\/v2\/media?parent=203048"}],"wp:term":[{"taxonomy":"category","embeddable":true,"href":"https:\/\/www.webdo.tn\/fr\/wp-json\/wp\/v2\/categories?post=203048"},{"taxonomy":"post_tag","embeddable":true,"href":"https:\/\/www.webdo.tn\/fr\/wp-json\/wp\/v2\/tags?post=203048"}],"curies":[{"name":"wp","href":"https:\/\/api.w.org\/{rel}","templated":true}]}}