{"id":203046,"date":"2023-02-17T13:20:00","date_gmt":"2023-02-17T13:20:00","guid":{"rendered":"https:\/\/www.webdo.tn\/fr\/blog\/medias-corruption-et-securite-nationale-les-graves-accusations-de-snoussi\/203046\/"},"modified":"2025-05-20T22:45:25","modified_gmt":"2025-05-20T22:45:25","slug":"medias-corruption-et-securite-nationale-les-graves-accusations-de-snoussi","status":"publish","type":"post","link":"https:\/\/www.webdo.tn\/fr\/actualite\/national\/medias-corruption-et-securite-nationale-les-graves-accusations-de-snoussi\/203046\/","title":{"rendered":"M\u00e9dias, corruption et s\u00e9curit\u00e9 nationale : Les graves accusations de Snoussi"},"content":{"rendered":"<p>Le membre du conseil de la HAICA Hichem Snoussi ne cesse d\u2019alerter depuis des mois sur un grand nombre de d\u00e9passements dans le secteur de l\u2019audiovisuel.<\/p>\n<p>\t\t\t\t\t\t\t\t\tCe vendredi 17 f\u00e9vrier 2023 il accuse certains m\u00e9dias de graves d\u00e9passements touchant \u00e0 la s\u00e9curit\u00e9 nationale. S\u2019exprimant sur les ondes de Shems FM, Hichem Snoussi a laiss\u00e9 croire qu\u2019un nombre de m\u00e9dias tunisiens toujours en activit\u00e9 est li\u00e9 \u00e0 l\u2019acquisition d\u2019appareils de contrebande destin\u00e9s \u00e0 des op\u00e9rations de renseignements.\u00a0<\/p>\n<p>Le responsable qui se dit en possession de preuves alerte contre des op\u00e9rations financi\u00e8res de la part de certains m\u00e9dias qui re\u00e7oivent de grands financements de l\u2019\u00e9tranger.\u00a0<\/p>\n<p>Il a ajout\u00e9 \u00e9galement que le parti Ennahdha a tent\u00e9 durant son r\u00e8gne de mettre en place un syst\u00e8me m\u00e9diatique alternatif en contr\u00f4lant des m\u00e9dias notamment en p\u00e9riode \u00e9lectorale.<\/p>\n","protected":false},"excerpt":{"rendered":"<p>Le membre du conseil de la HAICA Hichem Snoussi ne cesse d\u2019alerter depuis des mois sur un grand nombre de d\u00e9passements dans le secteur de l\u2019audiovisuel.<\/p>\n","protected":false},"author":3175,"featured_media":251962,"comment_status":"open","ping_status":"closed","sticky":false,"template":"","format":"standard","meta":{"footnotes":""},"categories":[44],"tags":[3775,2943,2608],"class_list":["post-203046","post","type-post","status-publish","format-standard","has-post-thumbnail","hentry","category-national","tag-haica","tag-medias","tag-tunisie"],"yoast_head":"<!-- This site is optimized with the Yoast SEO Premium plugin v27.4 (Yoast SEO v27.4) - https:\/\/yoast.com\/product\/yoast-seo-premium-wordpress\/ -->\n<title>M\u00e9dias, corruption et s\u00e9curit\u00e9 nationale : Les graves accusations de Snoussi<\/title>\n<meta name=\"description\" content=\"Le membre du conseil de la HAICA Hichem Snoussi ne cesse d\u2019alerter depuis des mois sur un grand nombre de d\u00e9passements dans le secteur de l\u2019audiovisuel.\" \/>\n<link rel=\"canonical\" href=\"https:\/\/www.webdo.tn\/fr\/actualite\/national\/medias-corruption-et-securite-nationale-les-graves-accusations-de-snoussi\/203046\/\" \/>\n<meta property=\"og:locale\" content=\"fr_FR\" \/>\n<meta property=\"og:type\" content=\"article\" \/>\n<meta property=\"og:title\" content=\"M\u00e9dias, corruption et s\u00e9curit\u00e9 nationale : Les graves accusations de Snoussi\" \/>\n<meta property=\"og:description\" content=\"Le membre du conseil de la HAICA Hichem Snoussi ne cesse d\u2019alerter depuis des mois sur un grand nombre de d\u00e9passements dans le secteur de l\u2019audiovisuel.\" \/>\n<meta property=\"og:url\" content=\"https:\/\/www.webdo.tn\/fr\/actualite\/national\/medias-corruption-et-securite-nationale-les-graves-accusations-de-snoussi\/203046\/\" \/>\n<meta property=\"og:site_name\" content=\"webdo\" \/>\n<meta property=\"article:publisher\" content=\"https:\/\/www.facebook.com\/webdotn\" \/>\n<meta property=\"article:published_time\" content=\"2023-02-17T13:20:00+00:00\" \/>\n<meta property=\"article:modified_time\" content=\"2025-05-20T22:45:25+00:00\" \/>\n<meta property=\"og:image\" content=\"https:\/\/www.webdo.tn\/fr\/wp-content\/uploads\/2023\/02\/29e79617333c67b5ef047bdc71ba7df0.jpg\" \/>\n\t<meta property=\"og:image:width\" content=\"750\" \/>\n\t<meta property=\"og:image:height\" content=\"400\" \/>\n\t<meta property=\"og:image:type\" content=\"image\/jpeg\" \/>\n<meta name=\"author\" content=\"CL\" \/>\n<meta name=\"twitter:card\" content=\"summary_large_image\" \/>\n<meta name=\"twitter:creator\" content=\"@webdo_tn\" \/>\n<meta name=\"twitter:site\" content=\"@webdo_tn\" \/>\n<meta name=\"twitter:label1\" content=\"\u00c9crit par\" \/>\n\t<meta name=\"twitter:data1\" content=\"CL\" \/>\n\t<meta name=\"twitter:label2\" content=\"Dur\u00e9e de lecture estim\u00e9e\" \/>\n\t<meta name=\"twitter:data2\" content=\"1 minute\" \/>\n<script type=\"application\/ld+json\" class=\"yoast-schema-graph\">{\"@context\":\"https:\\\/\\\/schema.org\",\"@graph\":[{\"@type\":\"NewsArticle\",\"@id\":\"https:\\\/\\\/www.webdo.tn\\\/fr\\\/actualite\\\/national\\\/medias-corruption-et-securite-nationale-les-graves-accusations-de-snoussi\\\/203046\\\/#article\",\"isPartOf\":{\"@id\":\"https:\\\/\\\/www.webdo.tn\\\/fr\\\/actualite\\\/national\\\/medias-corruption-et-securite-nationale-les-graves-accusations-de-snoussi\\\/203046\\\/\"},\"author\":{\"name\":\"CL\",\"@id\":\"https:\\\/\\\/www.webdo.tn\\\/fr\\\/#\\\/schema\\\/person\\\/f35b42a42c5e2511bbd282959d6385cc\"},\"headline\":\"M\u00e9dias, corruption et s\u00e9curit\u00e9 nationale : Les graves accusations de Snoussi\",\"datePublished\":\"2023-02-17T13:20:00+00:00\",\"dateModified\":\"2025-05-20T22:45:25+00:00\",\"mainEntityOfPage\":{\"@id\":\"https:\\\/\\\/www.webdo.tn\\\/fr\\\/actualite\\\/national\\\/medias-corruption-et-securite-nationale-les-graves-accusations-de-snoussi\\\/203046\\\/\"},\"wordCount\":164,\"commentCount\":0,\"publisher\":{\"@id\":\"https:\\\/\\\/www.webdo.tn\\\/fr\\\/#organization\"},\"image\":{\"@id\":\"https:\\\/\\\/www.webdo.tn\\\/fr\\\/actualite\\\/national\\\/medias-corruption-et-securite-nationale-les-graves-accusations-de-snoussi\\\/203046\\\/#primaryimage\"},\"thumbnailUrl\":\"https:\\\/\\\/www.webdo.tn\\\/fr\\\/wp-content\\\/uploads\\\/2023\\\/02\\\/29e79617333c67b5ef047bdc71ba7df0.jpg\",\"keywords\":[\"HAICA\",\"m\u00e9dias\",\"Tunisie\"],\"articleSection\":[\"National\"],\"inLanguage\":\"fr-FR\"},{\"@type\":\"WebPage\",\"@id\":\"https:\\\/\\\/www.webdo.tn\\\/fr\\\/actualite\\\/national\\\/medias-corruption-et-securite-nationale-les-graves-accusations-de-snoussi\\\/203046\\\/\",\"url\":\"https:\\\/\\\/www.webdo.tn\\\/fr\\\/actualite\\\/national\\\/medias-corruption-et-securite-nationale-les-graves-accusations-de-snoussi\\\/203046\\\/\",\"name\":\"M\u00e9dias, corruption et s\u00e9curit\u00e9 nationale : Les graves accusations de Snoussi\",\"isPartOf\":{\"@id\":\"https:\\\/\\\/www.webdo.tn\\\/fr\\\/#website\"},\"primaryImageOfPage\":{\"@id\":\"https:\\\/\\\/www.webdo.tn\\\/fr\\\/actualite\\\/national\\\/medias-corruption-et-securite-nationale-les-graves-accusations-de-snoussi\\\/203046\\\/#primaryimage\"},\"image\":{\"@id\":\"https:\\\/\\\/www.webdo.tn\\\/fr\\\/actualite\\\/national\\\/medias-corruption-et-securite-nationale-les-graves-accusations-de-snoussi\\\/203046\\\/#primaryimage\"},\"thumbnailUrl\":\"https:\\\/\\\/www.webdo.tn\\\/fr\\\/wp-content\\\/uploads\\\/2023\\\/02\\\/29e79617333c67b5ef047bdc71ba7df0.jpg\",\"datePublished\":\"2023-02-17T13:20:00+00:00\",\"dateModified\":\"2025-05-20T22:45:25+00:00\",\"description\":\"Le membre du conseil de la HAICA Hichem Snoussi ne cesse d\u2019alerter depuis des mois sur un grand nombre de d\u00e9passements dans le secteur de l\u2019audiovisuel.\",\"breadcrumb\":{\"@id\":\"https:\\\/\\\/www.webdo.tn\\\/fr\\\/actualite\\\/national\\\/medias-corruption-et-securite-nationale-les-graves-accusations-de-snoussi\\\/203046\\\/#breadcrumb\"},\"inLanguage\":\"fr-FR\",\"potentialAction\":[{\"@type\":\"ReadAction\",\"target\":[\"https:\\\/\\\/www.webdo.tn\\\/fr\\\/actualite\\\/national\\\/medias-corruption-et-securite-nationale-les-graves-accusations-de-snoussi\\\/203046\\\/\"]}]},{\"@type\":\"ImageObject\",\"inLanguage\":\"fr-FR\",\"@id\":\"https:\\\/\\\/www.webdo.tn\\\/fr\\\/actualite\\\/national\\\/medias-corruption-et-securite-nationale-les-graves-accusations-de-snoussi\\\/203046\\\/#primaryimage\",\"url\":\"https:\\\/\\\/www.webdo.tn\\\/fr\\\/wp-content\\\/uploads\\\/2023\\\/02\\\/29e79617333c67b5ef047bdc71ba7df0.jpg\",\"contentUrl\":\"https:\\\/\\\/www.webdo.tn\\\/fr\\\/wp-content\\\/uploads\\\/2023\\\/02\\\/29e79617333c67b5ef047bdc71ba7df0.jpg\",\"width\":750,\"height\":400,\"caption\":\"Hichem Snoussi\"},{\"@type\":\"BreadcrumbList\",\"@id\":\"https:\\\/\\\/www.webdo.tn\\\/fr\\\/actualite\\\/national\\\/medias-corruption-et-securite-nationale-les-graves-accusations-de-snoussi\\\/203046\\\/#breadcrumb\",\"itemListElement\":[{\"@type\":\"ListItem\",\"position\":1,\"name\":\"Accueil\",\"item\":\"https:\\\/\\\/www.webdo.tn\\\/fr\\\/\"},{\"@type\":\"ListItem\",\"position\":2,\"name\":\"M\u00e9dias, corruption et s\u00e9curit\u00e9 nationale : Les graves accusations de Snoussi\"}]},{\"@type\":\"WebSite\",\"@id\":\"https:\\\/\\\/www.webdo.tn\\\/fr\\\/#website\",\"url\":\"https:\\\/\\\/www.webdo.tn\\\/fr\\\/\",\"name\":\"webdo\",\"description\":\"Tunisie - News en Tunisie et \u00e0 l&#039;international sur Webdo.tn\",\"publisher\":{\"@id\":\"https:\\\/\\\/www.webdo.tn\\\/fr\\\/#organization\"},\"potentialAction\":[{\"@type\":\"SearchAction\",\"target\":{\"@type\":\"EntryPoint\",\"urlTemplate\":\"https:\\\/\\\/www.webdo.tn\\\/fr\\\/?s={search_term_string}\"},\"query-input\":{\"@type\":\"PropertyValueSpecification\",\"valueRequired\":true,\"valueName\":\"search_term_string\"}}],\"inLanguage\":\"fr-FR\"},{\"@type\":\"Organization\",\"@id\":\"https:\\\/\\\/www.webdo.tn\\\/fr\\\/#organization\",\"name\":\"Webdo\",\"alternateName\":\"Webdo.tn\",\"url\":\"https:\\\/\\\/www.webdo.tn\\\/fr\\\/\",\"logo\":{\"@type\":\"ImageObject\",\"inLanguage\":\"fr-FR\",\"@id\":\"https:\\\/\\\/www.webdo.tn\\\/fr\\\/#\\\/schema\\\/logo\\\/image\\\/\",\"url\":\"https:\\\/\\\/www.webdo.tn\\\/fr\\\/wp-content\\\/uploads\\\/2025\\\/06\\\/Webdo-Tunisie_168377.jpg\",\"contentUrl\":\"https:\\\/\\\/www.webdo.tn\\\/fr\\\/wp-content\\\/uploads\\\/2025\\\/06\\\/Webdo-Tunisie_168377.jpg\",\"width\":301,\"height\":301,\"caption\":\"Webdo\"},\"image\":{\"@id\":\"https:\\\/\\\/www.webdo.tn\\\/fr\\\/#\\\/schema\\\/logo\\\/image\\\/\"},\"sameAs\":[\"https:\\\/\\\/www.facebook.com\\\/webdotn\",\"https:\\\/\\\/x.com\\\/webdo_tn\"],\"description\":\"Webdo est un m\u00e9dia num\u00e9rique tunisien fond\u00e9 en 2010, sp\u00e9cialis\u00e9 dans l\u2019actualit\u00e9 nationale et internationale, l\u2019\u00e9conomie, la soci\u00e9t\u00e9 et les analyses politiques. Le site s\u2019adresse \u00e0 un large public francophone et couvre l\u2019information tunisienne en temps r\u00e9el.\",\"email\":\"redac@webdo.tn\",\"legalName\":\"YNJ SARL\",\"foundingDate\":\"2010-09-06\",\"numberOfEmployees\":{\"@type\":\"QuantitativeValue\",\"minValue\":\"11\",\"maxValue\":\"50\"}},{\"@type\":\"Person\",\"@id\":\"https:\\\/\\\/www.webdo.tn\\\/fr\\\/#\\\/schema\\\/person\\\/f35b42a42c5e2511bbd282959d6385cc\",\"name\":\"CL\",\"image\":{\"@type\":\"ImageObject\",\"inLanguage\":\"fr-FR\",\"@id\":\"https:\\\/\\\/secure.gravatar.com\\\/avatar\\\/1447a49909b67aa657c488aec6512e1dd6143a480c1ecfee9b5b5cd74eb3b59e?s=96&d=mm&r=g\",\"url\":\"https:\\\/\\\/secure.gravatar.com\\\/avatar\\\/1447a49909b67aa657c488aec6512e1dd6143a480c1ecfee9b5b5cd74eb3b59e?s=96&d=mm&r=g\",\"contentUrl\":\"https:\\\/\\\/secure.gravatar.com\\\/avatar\\\/1447a49909b67aa657c488aec6512e1dd6143a480c1ecfee9b5b5cd74eb3b59e?s=96&d=mm&r=g\",\"caption\":\"CL\"},\"url\":\"https:\\\/\\\/www.webdo.tn\\\/fr\\\/actualite\\\/author\\\/cl\\\/\"}]}<\/script>\n<!-- \/ Yoast SEO Premium plugin. -->","yoast_head_json":{"title":"M\u00e9dias, corruption et s\u00e9curit\u00e9 nationale : Les graves accusations de Snoussi","description":"Le membre du conseil de la HAICA Hichem Snoussi ne cesse d\u2019alerter depuis des mois sur un grand nombre de d\u00e9passements dans le secteur de l\u2019audiovisuel.","canonical":"https:\/\/www.webdo.tn\/fr\/actualite\/national\/medias-corruption-et-securite-nationale-les-graves-accusations-de-snoussi\/203046\/","og_locale":"fr_FR","og_type":"article","og_title":"M\u00e9dias, corruption et s\u00e9curit\u00e9 nationale : Les graves accusations de Snoussi","og_description":"Le membre du conseil de la HAICA Hichem Snoussi ne cesse d\u2019alerter depuis des mois sur un grand nombre de d\u00e9passements dans le secteur de l\u2019audiovisuel.","og_url":"https:\/\/www.webdo.tn\/fr\/actualite\/national\/medias-corruption-et-securite-nationale-les-graves-accusations-de-snoussi\/203046\/","og_site_name":"webdo","article_publisher":"https:\/\/www.facebook.com\/webdotn","article_published_time":"2023-02-17T13:20:00+00:00","article_modified_time":"2025-05-20T22:45:25+00:00","og_image":[{"width":750,"height":400,"url":"https:\/\/www.webdo.tn\/fr\/wp-content\/uploads\/2023\/02\/29e79617333c67b5ef047bdc71ba7df0.jpg","type":"image\/jpeg"}],"author":"CL","twitter_card":"summary_large_image","twitter_creator":"@webdo_tn","twitter_site":"@webdo_tn","twitter_misc":{"\u00c9crit par":"CL","Dur\u00e9e de lecture estim\u00e9e":"1 minute"},"schema":{"@context":"https:\/\/schema.org","@graph":[{"@type":"NewsArticle","@id":"https:\/\/www.webdo.tn\/fr\/actualite\/national\/medias-corruption-et-securite-nationale-les-graves-accusations-de-snoussi\/203046\/#article","isPartOf":{"@id":"https:\/\/www.webdo.tn\/fr\/actualite\/national\/medias-corruption-et-securite-nationale-les-graves-accusations-de-snoussi\/203046\/"},"author":{"name":"CL","@id":"https:\/\/www.webdo.tn\/fr\/#\/schema\/person\/f35b42a42c5e2511bbd282959d6385cc"},"headline":"M\u00e9dias, corruption et s\u00e9curit\u00e9 nationale : Les graves accusations de Snoussi","datePublished":"2023-02-17T13:20:00+00:00","dateModified":"2025-05-20T22:45:25+00:00","mainEntityOfPage":{"@id":"https:\/\/www.webdo.tn\/fr\/actualite\/national\/medias-corruption-et-securite-nationale-les-graves-accusations-de-snoussi\/203046\/"},"wordCount":164,"commentCount":0,"publisher":{"@id":"https:\/\/www.webdo.tn\/fr\/#organization"},"image":{"@id":"https:\/\/www.webdo.tn\/fr\/actualite\/national\/medias-corruption-et-securite-nationale-les-graves-accusations-de-snoussi\/203046\/#primaryimage"},"thumbnailUrl":"https:\/\/www.webdo.tn\/fr\/wp-content\/uploads\/2023\/02\/29e79617333c67b5ef047bdc71ba7df0.jpg","keywords":["HAICA","m\u00e9dias","Tunisie"],"articleSection":["National"],"inLanguage":"fr-FR"},{"@type":"WebPage","@id":"https:\/\/www.webdo.tn\/fr\/actualite\/national\/medias-corruption-et-securite-nationale-les-graves-accusations-de-snoussi\/203046\/","url":"https:\/\/www.webdo.tn\/fr\/actualite\/national\/medias-corruption-et-securite-nationale-les-graves-accusations-de-snoussi\/203046\/","name":"M\u00e9dias, corruption et s\u00e9curit\u00e9 nationale : Les graves accusations de Snoussi","isPartOf":{"@id":"https:\/\/www.webdo.tn\/fr\/#website"},"primaryImageOfPage":{"@id":"https:\/\/www.webdo.tn\/fr\/actualite\/national\/medias-corruption-et-securite-nationale-les-graves-accusations-de-snoussi\/203046\/#primaryimage"},"image":{"@id":"https:\/\/www.webdo.tn\/fr\/actualite\/national\/medias-corruption-et-securite-nationale-les-graves-accusations-de-snoussi\/203046\/#primaryimage"},"thumbnailUrl":"https:\/\/www.webdo.tn\/fr\/wp-content\/uploads\/2023\/02\/29e79617333c67b5ef047bdc71ba7df0.jpg","datePublished":"2023-02-17T13:20:00+00:00","dateModified":"2025-05-20T22:45:25+00:00","description":"Le membre du conseil de la HAICA Hichem Snoussi ne cesse d\u2019alerter depuis des mois sur un grand nombre de d\u00e9passements dans le secteur de l\u2019audiovisuel.","breadcrumb":{"@id":"https:\/\/www.webdo.tn\/fr\/actualite\/national\/medias-corruption-et-securite-nationale-les-graves-accusations-de-snoussi\/203046\/#breadcrumb"},"inLanguage":"fr-FR","potentialAction":[{"@type":"ReadAction","target":["https:\/\/www.webdo.tn\/fr\/actualite\/national\/medias-corruption-et-securite-nationale-les-graves-accusations-de-snoussi\/203046\/"]}]},{"@type":"ImageObject","inLanguage":"fr-FR","@id":"https:\/\/www.webdo.tn\/fr\/actualite\/national\/medias-corruption-et-securite-nationale-les-graves-accusations-de-snoussi\/203046\/#primaryimage","url":"https:\/\/www.webdo.tn\/fr\/wp-content\/uploads\/2023\/02\/29e79617333c67b5ef047bdc71ba7df0.jpg","contentUrl":"https:\/\/www.webdo.tn\/fr\/wp-content\/uploads\/2023\/02\/29e79617333c67b5ef047bdc71ba7df0.jpg","width":750,"height":400,"caption":"Hichem Snoussi"},{"@type":"BreadcrumbList","@id":"https:\/\/www.webdo.tn\/fr\/actualite\/national\/medias-corruption-et-securite-nationale-les-graves-accusations-de-snoussi\/203046\/#breadcrumb","itemListElement":[{"@type":"ListItem","position":1,"name":"Accueil","item":"https:\/\/www.webdo.tn\/fr\/"},{"@type":"ListItem","position":2,"name":"M\u00e9dias, corruption et s\u00e9curit\u00e9 nationale : Les graves accusations de Snoussi"}]},{"@type":"WebSite","@id":"https:\/\/www.webdo.tn\/fr\/#website","url":"https:\/\/www.webdo.tn\/fr\/","name":"webdo","description":"Tunisie - News en Tunisie et \u00e0 l&#039;international sur Webdo.tn","publisher":{"@id":"https:\/\/www.webdo.tn\/fr\/#organization"},"potentialAction":[{"@type":"SearchAction","target":{"@type":"EntryPoint","urlTemplate":"https:\/\/www.webdo.tn\/fr\/?s={search_term_string}"},"query-input":{"@type":"PropertyValueSpecification","valueRequired":true,"valueName":"search_term_string"}}],"inLanguage":"fr-FR"},{"@type":"Organization","@id":"https:\/\/www.webdo.tn\/fr\/#organization","name":"Webdo","alternateName":"Webdo.tn","url":"https:\/\/www.webdo.tn\/fr\/","logo":{"@type":"ImageObject","inLanguage":"fr-FR","@id":"https:\/\/www.webdo.tn\/fr\/#\/schema\/logo\/image\/","url":"https:\/\/www.webdo.tn\/fr\/wp-content\/uploads\/2025\/06\/Webdo-Tunisie_168377.jpg","contentUrl":"https:\/\/www.webdo.tn\/fr\/wp-content\/uploads\/2025\/06\/Webdo-Tunisie_168377.jpg","width":301,"height":301,"caption":"Webdo"},"image":{"@id":"https:\/\/www.webdo.tn\/fr\/#\/schema\/logo\/image\/"},"sameAs":["https:\/\/www.facebook.com\/webdotn","https:\/\/x.com\/webdo_tn"],"description":"Webdo est un m\u00e9dia num\u00e9rique tunisien fond\u00e9 en 2010, sp\u00e9cialis\u00e9 dans l\u2019actualit\u00e9 nationale et internationale, l\u2019\u00e9conomie, la soci\u00e9t\u00e9 et les analyses politiques. Le site s\u2019adresse \u00e0 un large public francophone et couvre l\u2019information tunisienne en temps r\u00e9el.","email":"redac@webdo.tn","legalName":"YNJ SARL","foundingDate":"2010-09-06","numberOfEmployees":{"@type":"QuantitativeValue","minValue":"11","maxValue":"50"}},{"@type":"Person","@id":"https:\/\/www.webdo.tn\/fr\/#\/schema\/person\/f35b42a42c5e2511bbd282959d6385cc","name":"CL","image":{"@type":"ImageObject","inLanguage":"fr-FR","@id":"https:\/\/secure.gravatar.com\/avatar\/1447a49909b67aa657c488aec6512e1dd6143a480c1ecfee9b5b5cd74eb3b59e?s=96&d=mm&r=g","url":"https:\/\/secure.gravatar.com\/avatar\/1447a49909b67aa657c488aec6512e1dd6143a480c1ecfee9b5b5cd74eb3b59e?s=96&d=mm&r=g","contentUrl":"https:\/\/secure.gravatar.com\/avatar\/1447a49909b67aa657c488aec6512e1dd6143a480c1ecfee9b5b5cd74eb3b59e?s=96&d=mm&r=g","caption":"CL"},"url":"https:\/\/www.webdo.tn\/fr\/actualite\/author\/cl\/"}]}},"_links":{"self":[{"href":"https:\/\/www.webdo.tn\/fr\/wp-json\/wp\/v2\/posts\/203046","targetHints":{"allow":["GET"]}}],"collection":[{"href":"https:\/\/www.webdo.tn\/fr\/wp-json\/wp\/v2\/posts"}],"about":[{"href":"https:\/\/www.webdo.tn\/fr\/wp-json\/wp\/v2\/types\/post"}],"author":[{"embeddable":true,"href":"https:\/\/www.webdo.tn\/fr\/wp-json\/wp\/v2\/users\/3175"}],"replies":[{"embeddable":true,"href":"https:\/\/www.webdo.tn\/fr\/wp-json\/wp\/v2\/comments?post=203046"}],"version-history":[{"count":0,"href":"https:\/\/www.webdo.tn\/fr\/wp-json\/wp\/v2\/posts\/203046\/revisions"}],"wp:featuredmedia":[{"embeddable":true,"href":"https:\/\/www.webdo.tn\/fr\/wp-json\/wp\/v2\/media\/251962"}],"wp:attachment":[{"href":"https:\/\/www.webdo.tn\/fr\/wp-json\/wp\/v2\/media?parent=203046"}],"wp:term":[{"taxonomy":"category","embeddable":true,"href":"https:\/\/www.webdo.tn\/fr\/wp-json\/wp\/v2\/categories?post=203046"},{"taxonomy":"post_tag","embeddable":true,"href":"https:\/\/www.webdo.tn\/fr\/wp-json\/wp\/v2\/tags?post=203046"}],"curies":[{"name":"wp","href":"https:\/\/api.w.org\/{rel}","templated":true}]}}