{"id":203037,"date":"2023-02-17T11:30:00","date_gmt":"2023-02-17T11:30:00","guid":{"rendered":"https:\/\/www.webdo.tn\/fr\/blog\/arrestations-le-pouvoir-tente-de-detourner-l-attention-des-tunisiens-selon-l-ugtt\/203037\/"},"modified":"2025-05-20T22:45:25","modified_gmt":"2025-05-20T22:45:25","slug":"arrestations-le-pouvoir-tente-de-detourner-l-attention-des-tunisiens-selon-l-ugtt","status":"publish","type":"post","link":"https:\/\/www.webdo.tn\/fr\/actualite\/national\/arrestations-le-pouvoir-tente-de-detourner-l-attention-des-tunisiens-selon-l-ugtt\/203037\/","title":{"rendered":"Arrestations : Le pouvoir tente de d\u00e9tourner l\u2019attention des Tunisiens, selon l\u2019UGTT"},"content":{"rendered":"<p>L\u2019Union g\u00e9n\u00e9rale tunisienne du travail (UGTT) a r\u00e9agi aux r\u00e9centes arrestations par le biais de son porte-parole Sami Tahri.<\/p>\n<p>\t\t\t\t\t\t\t\t\tS\u2019exprimant dans les colonnes d\u2019Assabah, le responsable syndical a consid\u00e9r\u00e9 qu\u2019actuellement, la Tunisie ne connait aucune campagne contre la corruption, mais plut\u00f4t une strat\u00e9gie pour d\u00e9tourner l\u2019attention des Tunisiens.\u00a0<\/p>\n<p>\u00ab Si le pouvoir veut r\u00e9ellement\u00a0poursuivre la corruption, il doit ouvrir les grands dossiers des assassinats politiques \u00bb, a-t-il dit.\u00a0<\/p>\n<p>Pour Tahri, \u00ab certaines personnes arr\u00eat\u00e9es seront par la suite lib\u00e9r\u00e9es et seront consid\u00e9r\u00e9es comme des h\u00e9ros et des victimes \u00bb.<\/p>\n","protected":false},"excerpt":{"rendered":"<p>L\u2019Union g\u00e9n\u00e9rale tunisienne du travail (UGTT) a r\u00e9agi aux r\u00e9centes arrestations par le biais de son porte-parole Sami Tahri.<\/p>\n","protected":false},"author":3175,"featured_media":251957,"comment_status":"open","ping_status":"closed","sticky":false,"template":"","format":"standard","meta":{"footnotes":""},"categories":[44],"tags":[3673,2608,2649],"class_list":["post-203037","post","type-post","status-publish","format-standard","has-post-thumbnail","hentry","category-national","tag-arrestations","tag-tunisie","tag-ugtt"],"yoast_head":"<!-- This site is optimized with the Yoast SEO Premium plugin v27.4 (Yoast SEO v27.4) - https:\/\/yoast.com\/product\/yoast-seo-premium-wordpress\/ -->\n<title>Arrestations : Le pouvoir tente de d\u00e9tourner l\u2019attention des Tunisiens, selon l\u2019UGTT<\/title>\n<meta name=\"description\" content=\"L\u2019Union g\u00e9n\u00e9rale tunisienne du travail (UGTT) a r\u00e9agi aux r\u00e9centes arrestations par le biais de son porte-parole Sami Tahri.\" \/>\n<link rel=\"canonical\" href=\"https:\/\/www.webdo.tn\/fr\/actualite\/national\/arrestations-le-pouvoir-tente-de-detourner-l-attention-des-tunisiens-selon-l-ugtt\/203037\/\" \/>\n<meta property=\"og:locale\" content=\"fr_FR\" \/>\n<meta property=\"og:type\" content=\"article\" \/>\n<meta property=\"og:title\" content=\"Arrestations : Le pouvoir tente de d\u00e9tourner l\u2019attention des Tunisiens, selon l\u2019UGTT\" \/>\n<meta property=\"og:description\" content=\"L\u2019Union g\u00e9n\u00e9rale tunisienne du travail (UGTT) a r\u00e9agi aux r\u00e9centes arrestations par le biais de son porte-parole Sami Tahri.\" \/>\n<meta property=\"og:url\" content=\"https:\/\/www.webdo.tn\/fr\/actualite\/national\/arrestations-le-pouvoir-tente-de-detourner-l-attention-des-tunisiens-selon-l-ugtt\/203037\/\" \/>\n<meta property=\"og:site_name\" content=\"webdo\" \/>\n<meta property=\"article:publisher\" content=\"https:\/\/www.facebook.com\/webdotn\" \/>\n<meta property=\"article:published_time\" content=\"2023-02-17T11:30:00+00:00\" \/>\n<meta property=\"article:modified_time\" content=\"2025-05-20T22:45:25+00:00\" \/>\n<meta property=\"og:image\" content=\"https:\/\/www.webdo.tn\/fr\/wp-content\/uploads\/2023\/02\/50aa1d9ddf058e0412d5df62bd15077b.png\" \/>\n\t<meta property=\"og:image:width\" content=\"750\" \/>\n\t<meta property=\"og:image:height\" content=\"400\" \/>\n\t<meta property=\"og:image:type\" content=\"image\/png\" \/>\n<meta name=\"author\" content=\"CL\" \/>\n<meta name=\"twitter:card\" content=\"summary_large_image\" \/>\n<meta name=\"twitter:creator\" content=\"@webdo_tn\" \/>\n<meta name=\"twitter:site\" content=\"@webdo_tn\" \/>\n<meta name=\"twitter:label1\" content=\"\u00c9crit par\" \/>\n\t<meta name=\"twitter:data1\" content=\"CL\" \/>\n\t<meta name=\"twitter:label2\" content=\"Dur\u00e9e de lecture estim\u00e9e\" \/>\n\t<meta name=\"twitter:data2\" content=\"1 minute\" \/>\n<script type=\"application\/ld+json\" class=\"yoast-schema-graph\">{\"@context\":\"https:\\\/\\\/schema.org\",\"@graph\":[{\"@type\":\"NewsArticle\",\"@id\":\"https:\\\/\\\/www.webdo.tn\\\/fr\\\/actualite\\\/national\\\/arrestations-le-pouvoir-tente-de-detourner-l-attention-des-tunisiens-selon-l-ugtt\\\/203037\\\/#article\",\"isPartOf\":{\"@id\":\"https:\\\/\\\/www.webdo.tn\\\/fr\\\/actualite\\\/national\\\/arrestations-le-pouvoir-tente-de-detourner-l-attention-des-tunisiens-selon-l-ugtt\\\/203037\\\/\"},\"author\":{\"name\":\"CL\",\"@id\":\"https:\\\/\\\/www.webdo.tn\\\/fr\\\/#\\\/schema\\\/person\\\/f35b42a42c5e2511bbd282959d6385cc\"},\"headline\":\"Arrestations : Le pouvoir tente de d\u00e9tourner l\u2019attention des Tunisiens, selon l\u2019UGTT\",\"datePublished\":\"2023-02-17T11:30:00+00:00\",\"dateModified\":\"2025-05-20T22:45:25+00:00\",\"mainEntityOfPage\":{\"@id\":\"https:\\\/\\\/www.webdo.tn\\\/fr\\\/actualite\\\/national\\\/arrestations-le-pouvoir-tente-de-detourner-l-attention-des-tunisiens-selon-l-ugtt\\\/203037\\\/\"},\"wordCount\":121,\"commentCount\":0,\"publisher\":{\"@id\":\"https:\\\/\\\/www.webdo.tn\\\/fr\\\/#organization\"},\"image\":{\"@id\":\"https:\\\/\\\/www.webdo.tn\\\/fr\\\/actualite\\\/national\\\/arrestations-le-pouvoir-tente-de-detourner-l-attention-des-tunisiens-selon-l-ugtt\\\/203037\\\/#primaryimage\"},\"thumbnailUrl\":\"https:\\\/\\\/www.webdo.tn\\\/fr\\\/wp-content\\\/uploads\\\/2023\\\/02\\\/50aa1d9ddf058e0412d5df62bd15077b.png\",\"keywords\":[\"arrestations\",\"Tunisie\",\"UGTT\"],\"articleSection\":[\"National\"],\"inLanguage\":\"fr-FR\"},{\"@type\":\"WebPage\",\"@id\":\"https:\\\/\\\/www.webdo.tn\\\/fr\\\/actualite\\\/national\\\/arrestations-le-pouvoir-tente-de-detourner-l-attention-des-tunisiens-selon-l-ugtt\\\/203037\\\/\",\"url\":\"https:\\\/\\\/www.webdo.tn\\\/fr\\\/actualite\\\/national\\\/arrestations-le-pouvoir-tente-de-detourner-l-attention-des-tunisiens-selon-l-ugtt\\\/203037\\\/\",\"name\":\"Arrestations : Le pouvoir tente de d\u00e9tourner l\u2019attention des Tunisiens, selon l\u2019UGTT\",\"isPartOf\":{\"@id\":\"https:\\\/\\\/www.webdo.tn\\\/fr\\\/#website\"},\"primaryImageOfPage\":{\"@id\":\"https:\\\/\\\/www.webdo.tn\\\/fr\\\/actualite\\\/national\\\/arrestations-le-pouvoir-tente-de-detourner-l-attention-des-tunisiens-selon-l-ugtt\\\/203037\\\/#primaryimage\"},\"image\":{\"@id\":\"https:\\\/\\\/www.webdo.tn\\\/fr\\\/actualite\\\/national\\\/arrestations-le-pouvoir-tente-de-detourner-l-attention-des-tunisiens-selon-l-ugtt\\\/203037\\\/#primaryimage\"},\"thumbnailUrl\":\"https:\\\/\\\/www.webdo.tn\\\/fr\\\/wp-content\\\/uploads\\\/2023\\\/02\\\/50aa1d9ddf058e0412d5df62bd15077b.png\",\"datePublished\":\"2023-02-17T11:30:00+00:00\",\"dateModified\":\"2025-05-20T22:45:25+00:00\",\"description\":\"L\u2019Union g\u00e9n\u00e9rale tunisienne du travail (UGTT) a r\u00e9agi aux r\u00e9centes arrestations par le biais de son porte-parole Sami Tahri.\",\"breadcrumb\":{\"@id\":\"https:\\\/\\\/www.webdo.tn\\\/fr\\\/actualite\\\/national\\\/arrestations-le-pouvoir-tente-de-detourner-l-attention-des-tunisiens-selon-l-ugtt\\\/203037\\\/#breadcrumb\"},\"inLanguage\":\"fr-FR\",\"potentialAction\":[{\"@type\":\"ReadAction\",\"target\":[\"https:\\\/\\\/www.webdo.tn\\\/fr\\\/actualite\\\/national\\\/arrestations-le-pouvoir-tente-de-detourner-l-attention-des-tunisiens-selon-l-ugtt\\\/203037\\\/\"]}]},{\"@type\":\"ImageObject\",\"inLanguage\":\"fr-FR\",\"@id\":\"https:\\\/\\\/www.webdo.tn\\\/fr\\\/actualite\\\/national\\\/arrestations-le-pouvoir-tente-de-detourner-l-attention-des-tunisiens-selon-l-ugtt\\\/203037\\\/#primaryimage\",\"url\":\"https:\\\/\\\/www.webdo.tn\\\/fr\\\/wp-content\\\/uploads\\\/2023\\\/02\\\/50aa1d9ddf058e0412d5df62bd15077b.png\",\"contentUrl\":\"https:\\\/\\\/www.webdo.tn\\\/fr\\\/wp-content\\\/uploads\\\/2023\\\/02\\\/50aa1d9ddf058e0412d5df62bd15077b.png\",\"width\":750,\"height\":400,\"caption\":\"Sami Tahri\"},{\"@type\":\"BreadcrumbList\",\"@id\":\"https:\\\/\\\/www.webdo.tn\\\/fr\\\/actualite\\\/national\\\/arrestations-le-pouvoir-tente-de-detourner-l-attention-des-tunisiens-selon-l-ugtt\\\/203037\\\/#breadcrumb\",\"itemListElement\":[{\"@type\":\"ListItem\",\"position\":1,\"name\":\"Accueil\",\"item\":\"https:\\\/\\\/www.webdo.tn\\\/fr\\\/\"},{\"@type\":\"ListItem\",\"position\":2,\"name\":\"Arrestations : Le pouvoir tente de d\u00e9tourner l\u2019attention des Tunisiens, selon l\u2019UGTT\"}]},{\"@type\":\"WebSite\",\"@id\":\"https:\\\/\\\/www.webdo.tn\\\/fr\\\/#website\",\"url\":\"https:\\\/\\\/www.webdo.tn\\\/fr\\\/\",\"name\":\"webdo\",\"description\":\"Tunisie - News en Tunisie et \u00e0 l&#039;international sur Webdo.tn\",\"publisher\":{\"@id\":\"https:\\\/\\\/www.webdo.tn\\\/fr\\\/#organization\"},\"potentialAction\":[{\"@type\":\"SearchAction\",\"target\":{\"@type\":\"EntryPoint\",\"urlTemplate\":\"https:\\\/\\\/www.webdo.tn\\\/fr\\\/?s={search_term_string}\"},\"query-input\":{\"@type\":\"PropertyValueSpecification\",\"valueRequired\":true,\"valueName\":\"search_term_string\"}}],\"inLanguage\":\"fr-FR\"},{\"@type\":\"Organization\",\"@id\":\"https:\\\/\\\/www.webdo.tn\\\/fr\\\/#organization\",\"name\":\"Webdo\",\"alternateName\":\"Webdo.tn\",\"url\":\"https:\\\/\\\/www.webdo.tn\\\/fr\\\/\",\"logo\":{\"@type\":\"ImageObject\",\"inLanguage\":\"fr-FR\",\"@id\":\"https:\\\/\\\/www.webdo.tn\\\/fr\\\/#\\\/schema\\\/logo\\\/image\\\/\",\"url\":\"https:\\\/\\\/www.webdo.tn\\\/fr\\\/wp-content\\\/uploads\\\/2025\\\/06\\\/Webdo-Tunisie_168377.jpg\",\"contentUrl\":\"https:\\\/\\\/www.webdo.tn\\\/fr\\\/wp-content\\\/uploads\\\/2025\\\/06\\\/Webdo-Tunisie_168377.jpg\",\"width\":301,\"height\":301,\"caption\":\"Webdo\"},\"image\":{\"@id\":\"https:\\\/\\\/www.webdo.tn\\\/fr\\\/#\\\/schema\\\/logo\\\/image\\\/\"},\"sameAs\":[\"https:\\\/\\\/www.facebook.com\\\/webdotn\",\"https:\\\/\\\/x.com\\\/webdo_tn\"],\"description\":\"Webdo est un m\u00e9dia num\u00e9rique tunisien fond\u00e9 en 2010, sp\u00e9cialis\u00e9 dans l\u2019actualit\u00e9 nationale et internationale, l\u2019\u00e9conomie, la soci\u00e9t\u00e9 et les analyses politiques. Le site s\u2019adresse \u00e0 un large public francophone et couvre l\u2019information tunisienne en temps r\u00e9el.\",\"email\":\"redac@webdo.tn\",\"legalName\":\"YNJ SARL\",\"foundingDate\":\"2010-09-06\",\"numberOfEmployees\":{\"@type\":\"QuantitativeValue\",\"minValue\":\"11\",\"maxValue\":\"50\"}},{\"@type\":\"Person\",\"@id\":\"https:\\\/\\\/www.webdo.tn\\\/fr\\\/#\\\/schema\\\/person\\\/f35b42a42c5e2511bbd282959d6385cc\",\"name\":\"CL\",\"image\":{\"@type\":\"ImageObject\",\"inLanguage\":\"fr-FR\",\"@id\":\"https:\\\/\\\/secure.gravatar.com\\\/avatar\\\/1447a49909b67aa657c488aec6512e1dd6143a480c1ecfee9b5b5cd74eb3b59e?s=96&d=mm&r=g\",\"url\":\"https:\\\/\\\/secure.gravatar.com\\\/avatar\\\/1447a49909b67aa657c488aec6512e1dd6143a480c1ecfee9b5b5cd74eb3b59e?s=96&d=mm&r=g\",\"contentUrl\":\"https:\\\/\\\/secure.gravatar.com\\\/avatar\\\/1447a49909b67aa657c488aec6512e1dd6143a480c1ecfee9b5b5cd74eb3b59e?s=96&d=mm&r=g\",\"caption\":\"CL\"},\"url\":\"https:\\\/\\\/www.webdo.tn\\\/fr\\\/actualite\\\/author\\\/cl\\\/\"}]}<\/script>\n<!-- \/ Yoast SEO Premium plugin. -->","yoast_head_json":{"title":"Arrestations : Le pouvoir tente de d\u00e9tourner l\u2019attention des Tunisiens, selon l\u2019UGTT","description":"L\u2019Union g\u00e9n\u00e9rale tunisienne du travail (UGTT) a r\u00e9agi aux r\u00e9centes arrestations par le biais de son porte-parole Sami Tahri.","canonical":"https:\/\/www.webdo.tn\/fr\/actualite\/national\/arrestations-le-pouvoir-tente-de-detourner-l-attention-des-tunisiens-selon-l-ugtt\/203037\/","og_locale":"fr_FR","og_type":"article","og_title":"Arrestations : Le pouvoir tente de d\u00e9tourner l\u2019attention des Tunisiens, selon l\u2019UGTT","og_description":"L\u2019Union g\u00e9n\u00e9rale tunisienne du travail (UGTT) a r\u00e9agi aux r\u00e9centes arrestations par le biais de son porte-parole Sami Tahri.","og_url":"https:\/\/www.webdo.tn\/fr\/actualite\/national\/arrestations-le-pouvoir-tente-de-detourner-l-attention-des-tunisiens-selon-l-ugtt\/203037\/","og_site_name":"webdo","article_publisher":"https:\/\/www.facebook.com\/webdotn","article_published_time":"2023-02-17T11:30:00+00:00","article_modified_time":"2025-05-20T22:45:25+00:00","og_image":[{"width":750,"height":400,"url":"https:\/\/www.webdo.tn\/fr\/wp-content\/uploads\/2023\/02\/50aa1d9ddf058e0412d5df62bd15077b.png","type":"image\/png"}],"author":"CL","twitter_card":"summary_large_image","twitter_creator":"@webdo_tn","twitter_site":"@webdo_tn","twitter_misc":{"\u00c9crit par":"CL","Dur\u00e9e de lecture estim\u00e9e":"1 minute"},"schema":{"@context":"https:\/\/schema.org","@graph":[{"@type":"NewsArticle","@id":"https:\/\/www.webdo.tn\/fr\/actualite\/national\/arrestations-le-pouvoir-tente-de-detourner-l-attention-des-tunisiens-selon-l-ugtt\/203037\/#article","isPartOf":{"@id":"https:\/\/www.webdo.tn\/fr\/actualite\/national\/arrestations-le-pouvoir-tente-de-detourner-l-attention-des-tunisiens-selon-l-ugtt\/203037\/"},"author":{"name":"CL","@id":"https:\/\/www.webdo.tn\/fr\/#\/schema\/person\/f35b42a42c5e2511bbd282959d6385cc"},"headline":"Arrestations : Le pouvoir tente de d\u00e9tourner l\u2019attention des Tunisiens, selon l\u2019UGTT","datePublished":"2023-02-17T11:30:00+00:00","dateModified":"2025-05-20T22:45:25+00:00","mainEntityOfPage":{"@id":"https:\/\/www.webdo.tn\/fr\/actualite\/national\/arrestations-le-pouvoir-tente-de-detourner-l-attention-des-tunisiens-selon-l-ugtt\/203037\/"},"wordCount":121,"commentCount":0,"publisher":{"@id":"https:\/\/www.webdo.tn\/fr\/#organization"},"image":{"@id":"https:\/\/www.webdo.tn\/fr\/actualite\/national\/arrestations-le-pouvoir-tente-de-detourner-l-attention-des-tunisiens-selon-l-ugtt\/203037\/#primaryimage"},"thumbnailUrl":"https:\/\/www.webdo.tn\/fr\/wp-content\/uploads\/2023\/02\/50aa1d9ddf058e0412d5df62bd15077b.png","keywords":["arrestations","Tunisie","UGTT"],"articleSection":["National"],"inLanguage":"fr-FR"},{"@type":"WebPage","@id":"https:\/\/www.webdo.tn\/fr\/actualite\/national\/arrestations-le-pouvoir-tente-de-detourner-l-attention-des-tunisiens-selon-l-ugtt\/203037\/","url":"https:\/\/www.webdo.tn\/fr\/actualite\/national\/arrestations-le-pouvoir-tente-de-detourner-l-attention-des-tunisiens-selon-l-ugtt\/203037\/","name":"Arrestations : Le pouvoir tente de d\u00e9tourner l\u2019attention des Tunisiens, selon l\u2019UGTT","isPartOf":{"@id":"https:\/\/www.webdo.tn\/fr\/#website"},"primaryImageOfPage":{"@id":"https:\/\/www.webdo.tn\/fr\/actualite\/national\/arrestations-le-pouvoir-tente-de-detourner-l-attention-des-tunisiens-selon-l-ugtt\/203037\/#primaryimage"},"image":{"@id":"https:\/\/www.webdo.tn\/fr\/actualite\/national\/arrestations-le-pouvoir-tente-de-detourner-l-attention-des-tunisiens-selon-l-ugtt\/203037\/#primaryimage"},"thumbnailUrl":"https:\/\/www.webdo.tn\/fr\/wp-content\/uploads\/2023\/02\/50aa1d9ddf058e0412d5df62bd15077b.png","datePublished":"2023-02-17T11:30:00+00:00","dateModified":"2025-05-20T22:45:25+00:00","description":"L\u2019Union g\u00e9n\u00e9rale tunisienne du travail (UGTT) a r\u00e9agi aux r\u00e9centes arrestations par le biais de son porte-parole Sami Tahri.","breadcrumb":{"@id":"https:\/\/www.webdo.tn\/fr\/actualite\/national\/arrestations-le-pouvoir-tente-de-detourner-l-attention-des-tunisiens-selon-l-ugtt\/203037\/#breadcrumb"},"inLanguage":"fr-FR","potentialAction":[{"@type":"ReadAction","target":["https:\/\/www.webdo.tn\/fr\/actualite\/national\/arrestations-le-pouvoir-tente-de-detourner-l-attention-des-tunisiens-selon-l-ugtt\/203037\/"]}]},{"@type":"ImageObject","inLanguage":"fr-FR","@id":"https:\/\/www.webdo.tn\/fr\/actualite\/national\/arrestations-le-pouvoir-tente-de-detourner-l-attention-des-tunisiens-selon-l-ugtt\/203037\/#primaryimage","url":"https:\/\/www.webdo.tn\/fr\/wp-content\/uploads\/2023\/02\/50aa1d9ddf058e0412d5df62bd15077b.png","contentUrl":"https:\/\/www.webdo.tn\/fr\/wp-content\/uploads\/2023\/02\/50aa1d9ddf058e0412d5df62bd15077b.png","width":750,"height":400,"caption":"Sami Tahri"},{"@type":"BreadcrumbList","@id":"https:\/\/www.webdo.tn\/fr\/actualite\/national\/arrestations-le-pouvoir-tente-de-detourner-l-attention-des-tunisiens-selon-l-ugtt\/203037\/#breadcrumb","itemListElement":[{"@type":"ListItem","position":1,"name":"Accueil","item":"https:\/\/www.webdo.tn\/fr\/"},{"@type":"ListItem","position":2,"name":"Arrestations : Le pouvoir tente de d\u00e9tourner l\u2019attention des Tunisiens, selon l\u2019UGTT"}]},{"@type":"WebSite","@id":"https:\/\/www.webdo.tn\/fr\/#website","url":"https:\/\/www.webdo.tn\/fr\/","name":"webdo","description":"Tunisie - News en Tunisie et \u00e0 l&#039;international sur Webdo.tn","publisher":{"@id":"https:\/\/www.webdo.tn\/fr\/#organization"},"potentialAction":[{"@type":"SearchAction","target":{"@type":"EntryPoint","urlTemplate":"https:\/\/www.webdo.tn\/fr\/?s={search_term_string}"},"query-input":{"@type":"PropertyValueSpecification","valueRequired":true,"valueName":"search_term_string"}}],"inLanguage":"fr-FR"},{"@type":"Organization","@id":"https:\/\/www.webdo.tn\/fr\/#organization","name":"Webdo","alternateName":"Webdo.tn","url":"https:\/\/www.webdo.tn\/fr\/","logo":{"@type":"ImageObject","inLanguage":"fr-FR","@id":"https:\/\/www.webdo.tn\/fr\/#\/schema\/logo\/image\/","url":"https:\/\/www.webdo.tn\/fr\/wp-content\/uploads\/2025\/06\/Webdo-Tunisie_168377.jpg","contentUrl":"https:\/\/www.webdo.tn\/fr\/wp-content\/uploads\/2025\/06\/Webdo-Tunisie_168377.jpg","width":301,"height":301,"caption":"Webdo"},"image":{"@id":"https:\/\/www.webdo.tn\/fr\/#\/schema\/logo\/image\/"},"sameAs":["https:\/\/www.facebook.com\/webdotn","https:\/\/x.com\/webdo_tn"],"description":"Webdo est un m\u00e9dia num\u00e9rique tunisien fond\u00e9 en 2010, sp\u00e9cialis\u00e9 dans l\u2019actualit\u00e9 nationale et internationale, l\u2019\u00e9conomie, la soci\u00e9t\u00e9 et les analyses politiques. Le site s\u2019adresse \u00e0 un large public francophone et couvre l\u2019information tunisienne en temps r\u00e9el.","email":"redac@webdo.tn","legalName":"YNJ SARL","foundingDate":"2010-09-06","numberOfEmployees":{"@type":"QuantitativeValue","minValue":"11","maxValue":"50"}},{"@type":"Person","@id":"https:\/\/www.webdo.tn\/fr\/#\/schema\/person\/f35b42a42c5e2511bbd282959d6385cc","name":"CL","image":{"@type":"ImageObject","inLanguage":"fr-FR","@id":"https:\/\/secure.gravatar.com\/avatar\/1447a49909b67aa657c488aec6512e1dd6143a480c1ecfee9b5b5cd74eb3b59e?s=96&d=mm&r=g","url":"https:\/\/secure.gravatar.com\/avatar\/1447a49909b67aa657c488aec6512e1dd6143a480c1ecfee9b5b5cd74eb3b59e?s=96&d=mm&r=g","contentUrl":"https:\/\/secure.gravatar.com\/avatar\/1447a49909b67aa657c488aec6512e1dd6143a480c1ecfee9b5b5cd74eb3b59e?s=96&d=mm&r=g","caption":"CL"},"url":"https:\/\/www.webdo.tn\/fr\/actualite\/author\/cl\/"}]}},"_links":{"self":[{"href":"https:\/\/www.webdo.tn\/fr\/wp-json\/wp\/v2\/posts\/203037","targetHints":{"allow":["GET"]}}],"collection":[{"href":"https:\/\/www.webdo.tn\/fr\/wp-json\/wp\/v2\/posts"}],"about":[{"href":"https:\/\/www.webdo.tn\/fr\/wp-json\/wp\/v2\/types\/post"}],"author":[{"embeddable":true,"href":"https:\/\/www.webdo.tn\/fr\/wp-json\/wp\/v2\/users\/3175"}],"replies":[{"embeddable":true,"href":"https:\/\/www.webdo.tn\/fr\/wp-json\/wp\/v2\/comments?post=203037"}],"version-history":[{"count":0,"href":"https:\/\/www.webdo.tn\/fr\/wp-json\/wp\/v2\/posts\/203037\/revisions"}],"wp:featuredmedia":[{"embeddable":true,"href":"https:\/\/www.webdo.tn\/fr\/wp-json\/wp\/v2\/media\/251957"}],"wp:attachment":[{"href":"https:\/\/www.webdo.tn\/fr\/wp-json\/wp\/v2\/media?parent=203037"}],"wp:term":[{"taxonomy":"category","embeddable":true,"href":"https:\/\/www.webdo.tn\/fr\/wp-json\/wp\/v2\/categories?post=203037"},{"taxonomy":"post_tag","embeddable":true,"href":"https:\/\/www.webdo.tn\/fr\/wp-json\/wp\/v2\/tags?post=203037"}],"curies":[{"name":"wp","href":"https:\/\/api.w.org\/{rel}","templated":true}]}}