{"id":203034,"date":"2023-02-17T10:19:00","date_gmt":"2023-02-17T10:19:00","guid":{"rendered":"https:\/\/www.webdo.tn\/fr\/blog\/crise-des-medicaments-bientot-le-denouement-selon-les-autorites\/203034\/"},"modified":"2025-05-20T22:45:24","modified_gmt":"2025-05-20T22:45:24","slug":"crise-des-medicaments-bientot-le-denouement-selon-les-autorites","status":"publish","type":"post","link":"https:\/\/www.webdo.tn\/fr\/actualite\/national\/crise-des-medicaments-bientot-le-denouement-selon-les-autorites\/203034\/","title":{"rendered":"Crise des m\u00e9dicaments : Bient\u00f4t le d\u00e9nouement, selon les autorit\u00e9s"},"content":{"rendered":"<p>La Tunisie connait une crise au niveau de l\u2019approvisionnement en m\u00e9dicaments accentu\u00e9e par les probl\u00e8mes de l\u2019importations. Pour les autorit\u00e9s, des mesures seront prises prochainement pour y rem\u00e9dier.<\/p>\n<p>\t\t\t\t\t\t\t\t\tIntervenant ce vendredi 17 f\u00e9vrier 2023, sur les ondes d\u2019Express FM, Abdelrazzek Hedhili directeur g\u00e9n\u00e9ral de la pharmacie et du m\u00e9dicament au sein du minist\u00e8re de la Sant\u00e9 a promis le d\u00e9nouement.\u00a0<\/p>\n<p>Il a expliqu\u00e9 que dans les jours \u00e0 venir, un ensemble de mesure seront prises pour booster la production nationale en vue d\u2019am\u00e9liorer l\u2019approvisionnement en m\u00e9dicaments.\u00a0<\/p>\n<p>Le responsable a mis\u00e9 sur l\u2019agence nationale du m\u00e9dicament nouvellement cr\u00e9\u00e9e pour aides les laboratoires nationaux et pour encourager leur production.\u00a0<\/p>\n<p>Le ministre de la sant\u00e9, Ali Mrabet a soulign\u00e9 mercredi lors de sa visite \u00e0 la pharmacie centrale de Tunisie (PCT), l&rsquo;imp\u00e9ratif d&rsquo;accroitre le rythme d&rsquo;approvisionnement et d&rsquo;assurer une r\u00e9serve strat\u00e9gique de m\u00e9dicaments.<\/p>\n<p>L\u2019observatoire national du m\u00e9dicament relevant du minist\u00e8re de la sant\u00e9 a reconnu, en d\u00e9cembre dernier, que l\u2019approvisionnement mensuel irr\u00e9gulier touche environ 300 m\u00e9dicaments.<\/p>\n","protected":false},"excerpt":{"rendered":"<p>La Tunisie connait une crise au niveau de l\u2019approvisionnement en m\u00e9dicaments accentu\u00e9e par les probl\u00e8mes de l\u2019importations. Pour les autorit\u00e9s, des mesures sero&#8230;<\/p>\n","protected":false},"author":3175,"featured_media":251955,"comment_status":"open","ping_status":"closed","sticky":false,"template":"","format":"standard","meta":{"footnotes":""},"categories":[44],"tags":[3479,2608],"class_list":["post-203034","post","type-post","status-publish","format-standard","has-post-thumbnail","hentry","category-national","tag-medicaments","tag-tunisie"],"yoast_head":"<!-- This site is optimized with the Yoast SEO Premium plugin v27.4 (Yoast SEO v27.5) - https:\/\/yoast.com\/product\/yoast-seo-premium-wordpress\/ -->\n<title>Crise des m\u00e9dicaments : Bient\u00f4t le d\u00e9nouement, selon les autorit\u00e9s<\/title>\n<meta name=\"description\" content=\"La Tunisie connait une crise au niveau de l\u2019approvisionnement en m\u00e9dicaments accentu\u00e9e par les probl\u00e8mes de l\u2019importations. Pour les autorit\u00e9s, des mesures sero...\" \/>\n<link rel=\"canonical\" href=\"https:\/\/www.webdo.tn\/fr\/actualite\/national\/crise-des-medicaments-bientot-le-denouement-selon-les-autorites\/203034\/\" \/>\n<meta property=\"og:locale\" content=\"fr_FR\" \/>\n<meta property=\"og:type\" content=\"article\" \/>\n<meta property=\"og:title\" content=\"Crise des m\u00e9dicaments : Bient\u00f4t le d\u00e9nouement, selon les autorit\u00e9s\" \/>\n<meta property=\"og:description\" content=\"La Tunisie connait une crise au niveau de l\u2019approvisionnement en m\u00e9dicaments accentu\u00e9e par les probl\u00e8mes de l\u2019importations. Pour les autorit\u00e9s, des mesures sero...\" \/>\n<meta property=\"og:url\" content=\"https:\/\/www.webdo.tn\/fr\/actualite\/national\/crise-des-medicaments-bientot-le-denouement-selon-les-autorites\/203034\/\" \/>\n<meta property=\"og:site_name\" content=\"webdo\" \/>\n<meta property=\"article:publisher\" content=\"https:\/\/www.facebook.com\/webdotn\" \/>\n<meta property=\"article:published_time\" content=\"2023-02-17T10:19:00+00:00\" \/>\n<meta property=\"article:modified_time\" content=\"2025-05-20T22:45:24+00:00\" \/>\n<meta property=\"og:image\" content=\"https:\/\/www.webdo.tn\/fr\/wp-content\/uploads\/2023\/02\/c8d67ee9420e71763e952ca7630dd0da.png\" \/>\n\t<meta property=\"og:image:width\" content=\"750\" \/>\n\t<meta property=\"og:image:height\" content=\"400\" \/>\n\t<meta property=\"og:image:type\" content=\"image\/png\" \/>\n<meta name=\"author\" content=\"CL\" \/>\n<meta name=\"twitter:card\" content=\"summary_large_image\" \/>\n<meta name=\"twitter:creator\" content=\"@webdo_tn\" \/>\n<meta name=\"twitter:site\" content=\"@webdo_tn\" \/>\n<meta name=\"twitter:label1\" content=\"\u00c9crit par\" \/>\n\t<meta name=\"twitter:data1\" content=\"CL\" \/>\n\t<meta name=\"twitter:label2\" content=\"Dur\u00e9e de lecture estim\u00e9e\" \/>\n\t<meta name=\"twitter:data2\" content=\"1 minute\" \/>\n<script type=\"application\/ld+json\" class=\"yoast-schema-graph\">{\"@context\":\"https:\\\/\\\/schema.org\",\"@graph\":[{\"@type\":\"NewsArticle\",\"@id\":\"https:\\\/\\\/www.webdo.tn\\\/fr\\\/actualite\\\/national\\\/crise-des-medicaments-bientot-le-denouement-selon-les-autorites\\\/203034\\\/#article\",\"isPartOf\":{\"@id\":\"https:\\\/\\\/www.webdo.tn\\\/fr\\\/actualite\\\/national\\\/crise-des-medicaments-bientot-le-denouement-selon-les-autorites\\\/203034\\\/\"},\"author\":{\"name\":\"CL\",\"@id\":\"https:\\\/\\\/www.webdo.tn\\\/fr\\\/#\\\/schema\\\/person\\\/f35b42a42c5e2511bbd282959d6385cc\"},\"headline\":\"Crise des m\u00e9dicaments : Bient\u00f4t le d\u00e9nouement, selon les autorit\u00e9s\",\"datePublished\":\"2023-02-17T10:19:00+00:00\",\"dateModified\":\"2025-05-20T22:45:24+00:00\",\"mainEntityOfPage\":{\"@id\":\"https:\\\/\\\/www.webdo.tn\\\/fr\\\/actualite\\\/national\\\/crise-des-medicaments-bientot-le-denouement-selon-les-autorites\\\/203034\\\/\"},\"wordCount\":207,\"commentCount\":0,\"publisher\":{\"@id\":\"https:\\\/\\\/www.webdo.tn\\\/fr\\\/#organization\"},\"image\":{\"@id\":\"https:\\\/\\\/www.webdo.tn\\\/fr\\\/actualite\\\/national\\\/crise-des-medicaments-bientot-le-denouement-selon-les-autorites\\\/203034\\\/#primaryimage\"},\"thumbnailUrl\":\"https:\\\/\\\/www.webdo.tn\\\/fr\\\/wp-content\\\/uploads\\\/2023\\\/02\\\/c8d67ee9420e71763e952ca7630dd0da.png\",\"keywords\":[\"m\u00e9dicaments\",\"Tunisie\"],\"articleSection\":[\"National\"],\"inLanguage\":\"fr-FR\"},{\"@type\":\"WebPage\",\"@id\":\"https:\\\/\\\/www.webdo.tn\\\/fr\\\/actualite\\\/national\\\/crise-des-medicaments-bientot-le-denouement-selon-les-autorites\\\/203034\\\/\",\"url\":\"https:\\\/\\\/www.webdo.tn\\\/fr\\\/actualite\\\/national\\\/crise-des-medicaments-bientot-le-denouement-selon-les-autorites\\\/203034\\\/\",\"name\":\"Crise des m\u00e9dicaments : Bient\u00f4t le d\u00e9nouement, selon les autorit\u00e9s\",\"isPartOf\":{\"@id\":\"https:\\\/\\\/www.webdo.tn\\\/fr\\\/#website\"},\"primaryImageOfPage\":{\"@id\":\"https:\\\/\\\/www.webdo.tn\\\/fr\\\/actualite\\\/national\\\/crise-des-medicaments-bientot-le-denouement-selon-les-autorites\\\/203034\\\/#primaryimage\"},\"image\":{\"@id\":\"https:\\\/\\\/www.webdo.tn\\\/fr\\\/actualite\\\/national\\\/crise-des-medicaments-bientot-le-denouement-selon-les-autorites\\\/203034\\\/#primaryimage\"},\"thumbnailUrl\":\"https:\\\/\\\/www.webdo.tn\\\/fr\\\/wp-content\\\/uploads\\\/2023\\\/02\\\/c8d67ee9420e71763e952ca7630dd0da.png\",\"datePublished\":\"2023-02-17T10:19:00+00:00\",\"dateModified\":\"2025-05-20T22:45:24+00:00\",\"description\":\"La Tunisie connait une crise au niveau de l\u2019approvisionnement en m\u00e9dicaments accentu\u00e9e par les probl\u00e8mes de l\u2019importations. Pour les autorit\u00e9s, des mesures sero...\",\"breadcrumb\":{\"@id\":\"https:\\\/\\\/www.webdo.tn\\\/fr\\\/actualite\\\/national\\\/crise-des-medicaments-bientot-le-denouement-selon-les-autorites\\\/203034\\\/#breadcrumb\"},\"inLanguage\":\"fr-FR\",\"potentialAction\":[{\"@type\":\"ReadAction\",\"target\":[\"https:\\\/\\\/www.webdo.tn\\\/fr\\\/actualite\\\/national\\\/crise-des-medicaments-bientot-le-denouement-selon-les-autorites\\\/203034\\\/\"]}]},{\"@type\":\"ImageObject\",\"inLanguage\":\"fr-FR\",\"@id\":\"https:\\\/\\\/www.webdo.tn\\\/fr\\\/actualite\\\/national\\\/crise-des-medicaments-bientot-le-denouement-selon-les-autorites\\\/203034\\\/#primaryimage\",\"url\":\"https:\\\/\\\/www.webdo.tn\\\/fr\\\/wp-content\\\/uploads\\\/2023\\\/02\\\/c8d67ee9420e71763e952ca7630dd0da.png\",\"contentUrl\":\"https:\\\/\\\/www.webdo.tn\\\/fr\\\/wp-content\\\/uploads\\\/2023\\\/02\\\/c8d67ee9420e71763e952ca7630dd0da.png\",\"width\":750,\"height\":400,\"caption\":\"M\u00e9dicament\"},{\"@type\":\"BreadcrumbList\",\"@id\":\"https:\\\/\\\/www.webdo.tn\\\/fr\\\/actualite\\\/national\\\/crise-des-medicaments-bientot-le-denouement-selon-les-autorites\\\/203034\\\/#breadcrumb\",\"itemListElement\":[{\"@type\":\"ListItem\",\"position\":1,\"name\":\"Accueil\",\"item\":\"https:\\\/\\\/www.webdo.tn\\\/fr\\\/\"},{\"@type\":\"ListItem\",\"position\":2,\"name\":\"Crise des m\u00e9dicaments : Bient\u00f4t le d\u00e9nouement, selon les autorit\u00e9s\"}]},{\"@type\":\"WebSite\",\"@id\":\"https:\\\/\\\/www.webdo.tn\\\/fr\\\/#website\",\"url\":\"https:\\\/\\\/www.webdo.tn\\\/fr\\\/\",\"name\":\"webdo\",\"description\":\"Tunisie - News en Tunisie et \u00e0 l&#039;international sur Webdo.tn\",\"publisher\":{\"@id\":\"https:\\\/\\\/www.webdo.tn\\\/fr\\\/#organization\"},\"potentialAction\":[{\"@type\":\"SearchAction\",\"target\":{\"@type\":\"EntryPoint\",\"urlTemplate\":\"https:\\\/\\\/www.webdo.tn\\\/fr\\\/?s={search_term_string}\"},\"query-input\":{\"@type\":\"PropertyValueSpecification\",\"valueRequired\":true,\"valueName\":\"search_term_string\"}}],\"inLanguage\":\"fr-FR\"},{\"@type\":\"Organization\",\"@id\":\"https:\\\/\\\/www.webdo.tn\\\/fr\\\/#organization\",\"name\":\"Webdo\",\"alternateName\":\"Webdo.tn\",\"url\":\"https:\\\/\\\/www.webdo.tn\\\/fr\\\/\",\"logo\":{\"@type\":\"ImageObject\",\"inLanguage\":\"fr-FR\",\"@id\":\"https:\\\/\\\/www.webdo.tn\\\/fr\\\/#\\\/schema\\\/logo\\\/image\\\/\",\"url\":\"https:\\\/\\\/www.webdo.tn\\\/fr\\\/wp-content\\\/uploads\\\/2025\\\/06\\\/Webdo-Tunisie_168377.jpg\",\"contentUrl\":\"https:\\\/\\\/www.webdo.tn\\\/fr\\\/wp-content\\\/uploads\\\/2025\\\/06\\\/Webdo-Tunisie_168377.jpg\",\"width\":301,\"height\":301,\"caption\":\"Webdo\"},\"image\":{\"@id\":\"https:\\\/\\\/www.webdo.tn\\\/fr\\\/#\\\/schema\\\/logo\\\/image\\\/\"},\"sameAs\":[\"https:\\\/\\\/www.facebook.com\\\/webdotn\",\"https:\\\/\\\/x.com\\\/webdo_tn\"],\"description\":\"Webdo est un m\u00e9dia num\u00e9rique tunisien fond\u00e9 en 2010, sp\u00e9cialis\u00e9 dans l\u2019actualit\u00e9 nationale et internationale, l\u2019\u00e9conomie, la soci\u00e9t\u00e9 et les analyses politiques. Le site s\u2019adresse \u00e0 un large public francophone et couvre l\u2019information tunisienne en temps r\u00e9el.\",\"email\":\"redac@webdo.tn\",\"legalName\":\"YNJ SARL\",\"foundingDate\":\"2010-09-06\",\"numberOfEmployees\":{\"@type\":\"QuantitativeValue\",\"minValue\":\"11\",\"maxValue\":\"50\"}},{\"@type\":\"Person\",\"@id\":\"https:\\\/\\\/www.webdo.tn\\\/fr\\\/#\\\/schema\\\/person\\\/f35b42a42c5e2511bbd282959d6385cc\",\"name\":\"CL\",\"image\":{\"@type\":\"ImageObject\",\"inLanguage\":\"fr-FR\",\"@id\":\"https:\\\/\\\/secure.gravatar.com\\\/avatar\\\/1447a49909b67aa657c488aec6512e1dd6143a480c1ecfee9b5b5cd74eb3b59e?s=96&d=mm&r=g\",\"url\":\"https:\\\/\\\/secure.gravatar.com\\\/avatar\\\/1447a49909b67aa657c488aec6512e1dd6143a480c1ecfee9b5b5cd74eb3b59e?s=96&d=mm&r=g\",\"contentUrl\":\"https:\\\/\\\/secure.gravatar.com\\\/avatar\\\/1447a49909b67aa657c488aec6512e1dd6143a480c1ecfee9b5b5cd74eb3b59e?s=96&d=mm&r=g\",\"caption\":\"CL\"},\"url\":\"https:\\\/\\\/www.webdo.tn\\\/fr\\\/actualite\\\/author\\\/cl\\\/\"}]}<\/script>\n<!-- \/ Yoast SEO Premium plugin. -->","yoast_head_json":{"title":"Crise des m\u00e9dicaments : Bient\u00f4t le d\u00e9nouement, selon les autorit\u00e9s","description":"La Tunisie connait une crise au niveau de l\u2019approvisionnement en m\u00e9dicaments accentu\u00e9e par les probl\u00e8mes de l\u2019importations. Pour les autorit\u00e9s, des mesures sero...","canonical":"https:\/\/www.webdo.tn\/fr\/actualite\/national\/crise-des-medicaments-bientot-le-denouement-selon-les-autorites\/203034\/","og_locale":"fr_FR","og_type":"article","og_title":"Crise des m\u00e9dicaments : Bient\u00f4t le d\u00e9nouement, selon les autorit\u00e9s","og_description":"La Tunisie connait une crise au niveau de l\u2019approvisionnement en m\u00e9dicaments accentu\u00e9e par les probl\u00e8mes de l\u2019importations. Pour les autorit\u00e9s, des mesures sero...","og_url":"https:\/\/www.webdo.tn\/fr\/actualite\/national\/crise-des-medicaments-bientot-le-denouement-selon-les-autorites\/203034\/","og_site_name":"webdo","article_publisher":"https:\/\/www.facebook.com\/webdotn","article_published_time":"2023-02-17T10:19:00+00:00","article_modified_time":"2025-05-20T22:45:24+00:00","og_image":[{"width":750,"height":400,"url":"https:\/\/www.webdo.tn\/fr\/wp-content\/uploads\/2023\/02\/c8d67ee9420e71763e952ca7630dd0da.png","type":"image\/png"}],"author":"CL","twitter_card":"summary_large_image","twitter_creator":"@webdo_tn","twitter_site":"@webdo_tn","twitter_misc":{"\u00c9crit par":"CL","Dur\u00e9e de lecture estim\u00e9e":"1 minute"},"schema":{"@context":"https:\/\/schema.org","@graph":[{"@type":"NewsArticle","@id":"https:\/\/www.webdo.tn\/fr\/actualite\/national\/crise-des-medicaments-bientot-le-denouement-selon-les-autorites\/203034\/#article","isPartOf":{"@id":"https:\/\/www.webdo.tn\/fr\/actualite\/national\/crise-des-medicaments-bientot-le-denouement-selon-les-autorites\/203034\/"},"author":{"name":"CL","@id":"https:\/\/www.webdo.tn\/fr\/#\/schema\/person\/f35b42a42c5e2511bbd282959d6385cc"},"headline":"Crise des m\u00e9dicaments : Bient\u00f4t le d\u00e9nouement, selon les autorit\u00e9s","datePublished":"2023-02-17T10:19:00+00:00","dateModified":"2025-05-20T22:45:24+00:00","mainEntityOfPage":{"@id":"https:\/\/www.webdo.tn\/fr\/actualite\/national\/crise-des-medicaments-bientot-le-denouement-selon-les-autorites\/203034\/"},"wordCount":207,"commentCount":0,"publisher":{"@id":"https:\/\/www.webdo.tn\/fr\/#organization"},"image":{"@id":"https:\/\/www.webdo.tn\/fr\/actualite\/national\/crise-des-medicaments-bientot-le-denouement-selon-les-autorites\/203034\/#primaryimage"},"thumbnailUrl":"https:\/\/www.webdo.tn\/fr\/wp-content\/uploads\/2023\/02\/c8d67ee9420e71763e952ca7630dd0da.png","keywords":["m\u00e9dicaments","Tunisie"],"articleSection":["National"],"inLanguage":"fr-FR"},{"@type":"WebPage","@id":"https:\/\/www.webdo.tn\/fr\/actualite\/national\/crise-des-medicaments-bientot-le-denouement-selon-les-autorites\/203034\/","url":"https:\/\/www.webdo.tn\/fr\/actualite\/national\/crise-des-medicaments-bientot-le-denouement-selon-les-autorites\/203034\/","name":"Crise des m\u00e9dicaments : Bient\u00f4t le d\u00e9nouement, selon les autorit\u00e9s","isPartOf":{"@id":"https:\/\/www.webdo.tn\/fr\/#website"},"primaryImageOfPage":{"@id":"https:\/\/www.webdo.tn\/fr\/actualite\/national\/crise-des-medicaments-bientot-le-denouement-selon-les-autorites\/203034\/#primaryimage"},"image":{"@id":"https:\/\/www.webdo.tn\/fr\/actualite\/national\/crise-des-medicaments-bientot-le-denouement-selon-les-autorites\/203034\/#primaryimage"},"thumbnailUrl":"https:\/\/www.webdo.tn\/fr\/wp-content\/uploads\/2023\/02\/c8d67ee9420e71763e952ca7630dd0da.png","datePublished":"2023-02-17T10:19:00+00:00","dateModified":"2025-05-20T22:45:24+00:00","description":"La Tunisie connait une crise au niveau de l\u2019approvisionnement en m\u00e9dicaments accentu\u00e9e par les probl\u00e8mes de l\u2019importations. Pour les autorit\u00e9s, des mesures sero...","breadcrumb":{"@id":"https:\/\/www.webdo.tn\/fr\/actualite\/national\/crise-des-medicaments-bientot-le-denouement-selon-les-autorites\/203034\/#breadcrumb"},"inLanguage":"fr-FR","potentialAction":[{"@type":"ReadAction","target":["https:\/\/www.webdo.tn\/fr\/actualite\/national\/crise-des-medicaments-bientot-le-denouement-selon-les-autorites\/203034\/"]}]},{"@type":"ImageObject","inLanguage":"fr-FR","@id":"https:\/\/www.webdo.tn\/fr\/actualite\/national\/crise-des-medicaments-bientot-le-denouement-selon-les-autorites\/203034\/#primaryimage","url":"https:\/\/www.webdo.tn\/fr\/wp-content\/uploads\/2023\/02\/c8d67ee9420e71763e952ca7630dd0da.png","contentUrl":"https:\/\/www.webdo.tn\/fr\/wp-content\/uploads\/2023\/02\/c8d67ee9420e71763e952ca7630dd0da.png","width":750,"height":400,"caption":"M\u00e9dicament"},{"@type":"BreadcrumbList","@id":"https:\/\/www.webdo.tn\/fr\/actualite\/national\/crise-des-medicaments-bientot-le-denouement-selon-les-autorites\/203034\/#breadcrumb","itemListElement":[{"@type":"ListItem","position":1,"name":"Accueil","item":"https:\/\/www.webdo.tn\/fr\/"},{"@type":"ListItem","position":2,"name":"Crise des m\u00e9dicaments : Bient\u00f4t le d\u00e9nouement, selon les autorit\u00e9s"}]},{"@type":"WebSite","@id":"https:\/\/www.webdo.tn\/fr\/#website","url":"https:\/\/www.webdo.tn\/fr\/","name":"webdo","description":"Tunisie - News en Tunisie et \u00e0 l&#039;international sur Webdo.tn","publisher":{"@id":"https:\/\/www.webdo.tn\/fr\/#organization"},"potentialAction":[{"@type":"SearchAction","target":{"@type":"EntryPoint","urlTemplate":"https:\/\/www.webdo.tn\/fr\/?s={search_term_string}"},"query-input":{"@type":"PropertyValueSpecification","valueRequired":true,"valueName":"search_term_string"}}],"inLanguage":"fr-FR"},{"@type":"Organization","@id":"https:\/\/www.webdo.tn\/fr\/#organization","name":"Webdo","alternateName":"Webdo.tn","url":"https:\/\/www.webdo.tn\/fr\/","logo":{"@type":"ImageObject","inLanguage":"fr-FR","@id":"https:\/\/www.webdo.tn\/fr\/#\/schema\/logo\/image\/","url":"https:\/\/www.webdo.tn\/fr\/wp-content\/uploads\/2025\/06\/Webdo-Tunisie_168377.jpg","contentUrl":"https:\/\/www.webdo.tn\/fr\/wp-content\/uploads\/2025\/06\/Webdo-Tunisie_168377.jpg","width":301,"height":301,"caption":"Webdo"},"image":{"@id":"https:\/\/www.webdo.tn\/fr\/#\/schema\/logo\/image\/"},"sameAs":["https:\/\/www.facebook.com\/webdotn","https:\/\/x.com\/webdo_tn"],"description":"Webdo est un m\u00e9dia num\u00e9rique tunisien fond\u00e9 en 2010, sp\u00e9cialis\u00e9 dans l\u2019actualit\u00e9 nationale et internationale, l\u2019\u00e9conomie, la soci\u00e9t\u00e9 et les analyses politiques. Le site s\u2019adresse \u00e0 un large public francophone et couvre l\u2019information tunisienne en temps r\u00e9el.","email":"redac@webdo.tn","legalName":"YNJ SARL","foundingDate":"2010-09-06","numberOfEmployees":{"@type":"QuantitativeValue","minValue":"11","maxValue":"50"}},{"@type":"Person","@id":"https:\/\/www.webdo.tn\/fr\/#\/schema\/person\/f35b42a42c5e2511bbd282959d6385cc","name":"CL","image":{"@type":"ImageObject","inLanguage":"fr-FR","@id":"https:\/\/secure.gravatar.com\/avatar\/1447a49909b67aa657c488aec6512e1dd6143a480c1ecfee9b5b5cd74eb3b59e?s=96&d=mm&r=g","url":"https:\/\/secure.gravatar.com\/avatar\/1447a49909b67aa657c488aec6512e1dd6143a480c1ecfee9b5b5cd74eb3b59e?s=96&d=mm&r=g","contentUrl":"https:\/\/secure.gravatar.com\/avatar\/1447a49909b67aa657c488aec6512e1dd6143a480c1ecfee9b5b5cd74eb3b59e?s=96&d=mm&r=g","caption":"CL"},"url":"https:\/\/www.webdo.tn\/fr\/actualite\/author\/cl\/"}]}},"_links":{"self":[{"href":"https:\/\/www.webdo.tn\/fr\/wp-json\/wp\/v2\/posts\/203034","targetHints":{"allow":["GET"]}}],"collection":[{"href":"https:\/\/www.webdo.tn\/fr\/wp-json\/wp\/v2\/posts"}],"about":[{"href":"https:\/\/www.webdo.tn\/fr\/wp-json\/wp\/v2\/types\/post"}],"author":[{"embeddable":true,"href":"https:\/\/www.webdo.tn\/fr\/wp-json\/wp\/v2\/users\/3175"}],"replies":[{"embeddable":true,"href":"https:\/\/www.webdo.tn\/fr\/wp-json\/wp\/v2\/comments?post=203034"}],"version-history":[{"count":0,"href":"https:\/\/www.webdo.tn\/fr\/wp-json\/wp\/v2\/posts\/203034\/revisions"}],"wp:featuredmedia":[{"embeddable":true,"href":"https:\/\/www.webdo.tn\/fr\/wp-json\/wp\/v2\/media\/251955"}],"wp:attachment":[{"href":"https:\/\/www.webdo.tn\/fr\/wp-json\/wp\/v2\/media?parent=203034"}],"wp:term":[{"taxonomy":"category","embeddable":true,"href":"https:\/\/www.webdo.tn\/fr\/wp-json\/wp\/v2\/categories?post=203034"},{"taxonomy":"post_tag","embeddable":true,"href":"https:\/\/www.webdo.tn\/fr\/wp-json\/wp\/v2\/tags?post=203034"}],"curies":[{"name":"wp","href":"https:\/\/api.w.org\/{rel}","templated":true}]}}