{"id":203021,"date":"2023-02-17T07:47:00","date_gmt":"2023-02-17T07:47:00","guid":{"rendered":"https:\/\/www.webdo.tn\/fr\/blog\/kais-saied-est-ce-qu-un-journal-a-ete-censure-ou-un-programme-interdit\/203021\/"},"modified":"2025-05-20T22:49:10","modified_gmt":"2025-05-20T22:49:10","slug":"kais-saied-est-ce-qu-un-journal-a-ete-censure-ou-un-programme-interdit","status":"publish","type":"post","link":"https:\/\/www.webdo.tn\/fr\/actualite\/national\/kais-saied-est-ce-qu-un-journal-a-ete-censure-ou-un-programme-interdit\/203021\/","title":{"rendered":"Kais Saied : \u00ab Est-ce qu&rsquo;un journal a \u00e9t\u00e9 censur\u00e9 ou un programme interdit ? \u00bb"},"content":{"rendered":"<p>Le pr\u00e9sident de la R\u00e9publique, Ka\u00efs Sa\u00efed, a affirm\u00e9 qu&rsquo;il n&rsquo;y a aucune restriction \u00e0 la libert\u00e9 de la presse et d&rsquo;expression en Tunisie.<\/p>\n<p>\t\t\t\t\t\t\t\t\t\u00ab\u00a0Est-ce qu&rsquo;un journal a \u00e9t\u00e9 censur\u00e9 ou un programme interdit ? Est-ce qu&rsquo;un journaliste a \u00e9t\u00e9 inqui\u00e9t\u00e9 ou poursuivi pour un quelconque article en lien avec la libert\u00e9 de la presse ?, a-t-il d\u00e9clar\u00e9 lors de sa r\u00e9union, jeudi, avec la cheffe du gouvernement, Najla Bouden, au Palais de Carthage.<\/p>\n<p>Ce sont de purs mensonges et des m\u00e9disances que le peuple conna\u00eet (&#8230;) la v\u00e9rit\u00e9 jaillira pour \u00e9clairer les Tunisiens sur ceux qui les privent de leurs subsistances et ceux qui tentent de nuire \u00e0 la paix sociale\u00a0\u00bb, a poursuivi le pr\u00e9sident Sa\u00efed.<\/p>\n<p>Il a, dans ce sens, critiqu\u00e9 les campagnes de diffamation men\u00e9es contre la Tunisie, depuis la Tunisie. Malheureusement, ces campagnes, a-t-il d\u00e9plor\u00e9, trouvent des oreilles attentives aupr\u00e8s de \u00ab\u00a0ceux qui ignorent totalement la r\u00e9alit\u00e9 de la situation\u00a0\u00bb en Tunisie.<\/p>\n","protected":false},"excerpt":{"rendered":"<p>Le pr\u00e9sident de la R\u00e9publique, Ka\u00efs Sa\u00efed, a affirm\u00e9 qu&rsquo;il n&rsquo;y a aucune restriction \u00e0 la libert\u00e9 de la presse et d&rsquo;expression en Tunisie.<\/p>\n","protected":false},"author":3175,"featured_media":277761,"comment_status":"open","ping_status":"closed","sticky":false,"template":"","format":"standard","meta":{"footnotes":""},"categories":[44],"tags":[5134,2614,2762,2608],"class_list":["post-203021","post","type-post","status-publish","format-standard","has-post-thumbnail","hentry","category-national","tag-journaliste","tag-kais-saied","tag-presse","tag-tunisie"],"yoast_head":"<!-- This site is optimized with the Yoast SEO Premium plugin v27.4 (Yoast SEO v27.5) - https:\/\/yoast.com\/product\/yoast-seo-premium-wordpress\/ -->\n<title>Kais Saied : \u00ab Est-ce qu&#039;un journal a \u00e9t\u00e9 censur\u00e9 ou un programme interdit ? \u00bb<\/title>\n<meta name=\"description\" content=\"Le pr\u00e9sident de la R\u00e9publique, Ka\u00efs Sa\u00efed, a affirm\u00e9 qu&#039;il n&#039;y a aucune restriction \u00e0 la libert\u00e9 de la presse et d&#039;expression en Tunisie.\" \/>\n<link rel=\"canonical\" href=\"https:\/\/www.webdo.tn\/fr\/actualite\/national\/kais-saied-est-ce-qu-un-journal-a-ete-censure-ou-un-programme-interdit\/203021\/\" \/>\n<meta property=\"og:locale\" content=\"fr_FR\" \/>\n<meta property=\"og:type\" content=\"article\" \/>\n<meta property=\"og:title\" content=\"Kais Saied : \u00ab Est-ce qu&#039;un journal a \u00e9t\u00e9 censur\u00e9 ou un programme interdit ? \u00bb\" \/>\n<meta property=\"og:description\" content=\"Le pr\u00e9sident de la R\u00e9publique, Ka\u00efs Sa\u00efed, a affirm\u00e9 qu&#039;il n&#039;y a aucune restriction \u00e0 la libert\u00e9 de la presse et d&#039;expression en Tunisie.\" \/>\n<meta property=\"og:url\" content=\"https:\/\/www.webdo.tn\/fr\/actualite\/national\/kais-saied-est-ce-qu-un-journal-a-ete-censure-ou-un-programme-interdit\/203021\/\" \/>\n<meta property=\"og:site_name\" content=\"webdo\" \/>\n<meta property=\"article:publisher\" content=\"https:\/\/www.facebook.com\/webdotn\" \/>\n<meta property=\"article:published_time\" content=\"2023-02-17T07:47:00+00:00\" \/>\n<meta property=\"article:modified_time\" content=\"2025-05-20T22:49:10+00:00\" \/>\n<meta property=\"og:image\" content=\"https:\/\/www.webdo.tn\/fr\/wp-content\/uploads\/2023\/02\/65694e2734607a777db2cec70f7a7847.jpg\" \/>\n\t<meta property=\"og:image:width\" content=\"750\" \/>\n\t<meta property=\"og:image:height\" content=\"400\" \/>\n\t<meta property=\"og:image:type\" content=\"image\/jpeg\" \/>\n<meta name=\"author\" content=\"CL\" \/>\n<meta name=\"twitter:card\" content=\"summary_large_image\" \/>\n<meta name=\"twitter:creator\" content=\"@webdo_tn\" \/>\n<meta name=\"twitter:site\" content=\"@webdo_tn\" \/>\n<meta name=\"twitter:label1\" content=\"\u00c9crit par\" \/>\n\t<meta name=\"twitter:data1\" content=\"CL\" \/>\n\t<meta name=\"twitter:label2\" content=\"Dur\u00e9e de lecture estim\u00e9e\" \/>\n\t<meta name=\"twitter:data2\" content=\"1 minute\" \/>\n<script type=\"application\/ld+json\" class=\"yoast-schema-graph\">{\"@context\":\"https:\\\/\\\/schema.org\",\"@graph\":[{\"@type\":\"NewsArticle\",\"@id\":\"https:\\\/\\\/www.webdo.tn\\\/fr\\\/actualite\\\/national\\\/kais-saied-est-ce-qu-un-journal-a-ete-censure-ou-un-programme-interdit\\\/203021\\\/#article\",\"isPartOf\":{\"@id\":\"https:\\\/\\\/www.webdo.tn\\\/fr\\\/actualite\\\/national\\\/kais-saied-est-ce-qu-un-journal-a-ete-censure-ou-un-programme-interdit\\\/203021\\\/\"},\"author\":{\"name\":\"CL\",\"@id\":\"https:\\\/\\\/www.webdo.tn\\\/fr\\\/#\\\/schema\\\/person\\\/f35b42a42c5e2511bbd282959d6385cc\"},\"headline\":\"Kais Saied : \u00ab Est-ce qu&rsquo;un journal a \u00e9t\u00e9 censur\u00e9 ou un programme interdit ? \u00bb\",\"datePublished\":\"2023-02-17T07:47:00+00:00\",\"dateModified\":\"2025-05-20T22:49:10+00:00\",\"mainEntityOfPage\":{\"@id\":\"https:\\\/\\\/www.webdo.tn\\\/fr\\\/actualite\\\/national\\\/kais-saied-est-ce-qu-un-journal-a-ete-censure-ou-un-programme-interdit\\\/203021\\\/\"},\"wordCount\":185,\"commentCount\":0,\"publisher\":{\"@id\":\"https:\\\/\\\/www.webdo.tn\\\/fr\\\/#organization\"},\"image\":{\"@id\":\"https:\\\/\\\/www.webdo.tn\\\/fr\\\/actualite\\\/national\\\/kais-saied-est-ce-qu-un-journal-a-ete-censure-ou-un-programme-interdit\\\/203021\\\/#primaryimage\"},\"thumbnailUrl\":\"https:\\\/\\\/www.webdo.tn\\\/fr\\\/wp-content\\\/uploads\\\/2023\\\/02\\\/65694e2734607a777db2cec70f7a7847.jpg\",\"keywords\":[\"Journaliste\",\"Kais Saied\",\"presse\",\"Tunisie\"],\"articleSection\":[\"National\"],\"inLanguage\":\"fr-FR\"},{\"@type\":\"WebPage\",\"@id\":\"https:\\\/\\\/www.webdo.tn\\\/fr\\\/actualite\\\/national\\\/kais-saied-est-ce-qu-un-journal-a-ete-censure-ou-un-programme-interdit\\\/203021\\\/\",\"url\":\"https:\\\/\\\/www.webdo.tn\\\/fr\\\/actualite\\\/national\\\/kais-saied-est-ce-qu-un-journal-a-ete-censure-ou-un-programme-interdit\\\/203021\\\/\",\"name\":\"Kais Saied : \u00ab Est-ce qu'un journal a \u00e9t\u00e9 censur\u00e9 ou un programme interdit ? \u00bb\",\"isPartOf\":{\"@id\":\"https:\\\/\\\/www.webdo.tn\\\/fr\\\/#website\"},\"primaryImageOfPage\":{\"@id\":\"https:\\\/\\\/www.webdo.tn\\\/fr\\\/actualite\\\/national\\\/kais-saied-est-ce-qu-un-journal-a-ete-censure-ou-un-programme-interdit\\\/203021\\\/#primaryimage\"},\"image\":{\"@id\":\"https:\\\/\\\/www.webdo.tn\\\/fr\\\/actualite\\\/national\\\/kais-saied-est-ce-qu-un-journal-a-ete-censure-ou-un-programme-interdit\\\/203021\\\/#primaryimage\"},\"thumbnailUrl\":\"https:\\\/\\\/www.webdo.tn\\\/fr\\\/wp-content\\\/uploads\\\/2023\\\/02\\\/65694e2734607a777db2cec70f7a7847.jpg\",\"datePublished\":\"2023-02-17T07:47:00+00:00\",\"dateModified\":\"2025-05-20T22:49:10+00:00\",\"description\":\"Le pr\u00e9sident de la R\u00e9publique, Ka\u00efs Sa\u00efed, a affirm\u00e9 qu'il n'y a aucune restriction \u00e0 la libert\u00e9 de la presse et d'expression en Tunisie.\",\"breadcrumb\":{\"@id\":\"https:\\\/\\\/www.webdo.tn\\\/fr\\\/actualite\\\/national\\\/kais-saied-est-ce-qu-un-journal-a-ete-censure-ou-un-programme-interdit\\\/203021\\\/#breadcrumb\"},\"inLanguage\":\"fr-FR\",\"potentialAction\":[{\"@type\":\"ReadAction\",\"target\":[\"https:\\\/\\\/www.webdo.tn\\\/fr\\\/actualite\\\/national\\\/kais-saied-est-ce-qu-un-journal-a-ete-censure-ou-un-programme-interdit\\\/203021\\\/\"]}]},{\"@type\":\"ImageObject\",\"inLanguage\":\"fr-FR\",\"@id\":\"https:\\\/\\\/www.webdo.tn\\\/fr\\\/actualite\\\/national\\\/kais-saied-est-ce-qu-un-journal-a-ete-censure-ou-un-programme-interdit\\\/203021\\\/#primaryimage\",\"url\":\"https:\\\/\\\/www.webdo.tn\\\/fr\\\/wp-content\\\/uploads\\\/2023\\\/02\\\/65694e2734607a777db2cec70f7a7847.jpg\",\"contentUrl\":\"https:\\\/\\\/www.webdo.tn\\\/fr\\\/wp-content\\\/uploads\\\/2023\\\/02\\\/65694e2734607a777db2cec70f7a7847.jpg\",\"width\":750,\"height\":400,\"caption\":\"Kais Saied\"},{\"@type\":\"BreadcrumbList\",\"@id\":\"https:\\\/\\\/www.webdo.tn\\\/fr\\\/actualite\\\/national\\\/kais-saied-est-ce-qu-un-journal-a-ete-censure-ou-un-programme-interdit\\\/203021\\\/#breadcrumb\",\"itemListElement\":[{\"@type\":\"ListItem\",\"position\":1,\"name\":\"Accueil\",\"item\":\"https:\\\/\\\/www.webdo.tn\\\/fr\\\/\"},{\"@type\":\"ListItem\",\"position\":2,\"name\":\"Kais Saied : \u00ab Est-ce qu&rsquo;un journal a \u00e9t\u00e9 censur\u00e9 ou un programme interdit ? \u00bb\"}]},{\"@type\":\"WebSite\",\"@id\":\"https:\\\/\\\/www.webdo.tn\\\/fr\\\/#website\",\"url\":\"https:\\\/\\\/www.webdo.tn\\\/fr\\\/\",\"name\":\"webdo\",\"description\":\"Tunisie - News en Tunisie et \u00e0 l&#039;international sur Webdo.tn\",\"publisher\":{\"@id\":\"https:\\\/\\\/www.webdo.tn\\\/fr\\\/#organization\"},\"potentialAction\":[{\"@type\":\"SearchAction\",\"target\":{\"@type\":\"EntryPoint\",\"urlTemplate\":\"https:\\\/\\\/www.webdo.tn\\\/fr\\\/?s={search_term_string}\"},\"query-input\":{\"@type\":\"PropertyValueSpecification\",\"valueRequired\":true,\"valueName\":\"search_term_string\"}}],\"inLanguage\":\"fr-FR\"},{\"@type\":\"Organization\",\"@id\":\"https:\\\/\\\/www.webdo.tn\\\/fr\\\/#organization\",\"name\":\"Webdo\",\"alternateName\":\"Webdo.tn\",\"url\":\"https:\\\/\\\/www.webdo.tn\\\/fr\\\/\",\"logo\":{\"@type\":\"ImageObject\",\"inLanguage\":\"fr-FR\",\"@id\":\"https:\\\/\\\/www.webdo.tn\\\/fr\\\/#\\\/schema\\\/logo\\\/image\\\/\",\"url\":\"https:\\\/\\\/www.webdo.tn\\\/fr\\\/wp-content\\\/uploads\\\/2025\\\/06\\\/Webdo-Tunisie_168377.jpg\",\"contentUrl\":\"https:\\\/\\\/www.webdo.tn\\\/fr\\\/wp-content\\\/uploads\\\/2025\\\/06\\\/Webdo-Tunisie_168377.jpg\",\"width\":301,\"height\":301,\"caption\":\"Webdo\"},\"image\":{\"@id\":\"https:\\\/\\\/www.webdo.tn\\\/fr\\\/#\\\/schema\\\/logo\\\/image\\\/\"},\"sameAs\":[\"https:\\\/\\\/www.facebook.com\\\/webdotn\",\"https:\\\/\\\/x.com\\\/webdo_tn\"],\"description\":\"Webdo est un m\u00e9dia num\u00e9rique tunisien fond\u00e9 en 2010, sp\u00e9cialis\u00e9 dans l\u2019actualit\u00e9 nationale et internationale, l\u2019\u00e9conomie, la soci\u00e9t\u00e9 et les analyses politiques. Le site s\u2019adresse \u00e0 un large public francophone et couvre l\u2019information tunisienne en temps r\u00e9el.\",\"email\":\"redac@webdo.tn\",\"legalName\":\"YNJ SARL\",\"foundingDate\":\"2010-09-06\",\"numberOfEmployees\":{\"@type\":\"QuantitativeValue\",\"minValue\":\"11\",\"maxValue\":\"50\"}},{\"@type\":\"Person\",\"@id\":\"https:\\\/\\\/www.webdo.tn\\\/fr\\\/#\\\/schema\\\/person\\\/f35b42a42c5e2511bbd282959d6385cc\",\"name\":\"CL\",\"image\":{\"@type\":\"ImageObject\",\"inLanguage\":\"fr-FR\",\"@id\":\"https:\\\/\\\/secure.gravatar.com\\\/avatar\\\/1447a49909b67aa657c488aec6512e1dd6143a480c1ecfee9b5b5cd74eb3b59e?s=96&d=mm&r=g\",\"url\":\"https:\\\/\\\/secure.gravatar.com\\\/avatar\\\/1447a49909b67aa657c488aec6512e1dd6143a480c1ecfee9b5b5cd74eb3b59e?s=96&d=mm&r=g\",\"contentUrl\":\"https:\\\/\\\/secure.gravatar.com\\\/avatar\\\/1447a49909b67aa657c488aec6512e1dd6143a480c1ecfee9b5b5cd74eb3b59e?s=96&d=mm&r=g\",\"caption\":\"CL\"},\"url\":\"https:\\\/\\\/www.webdo.tn\\\/fr\\\/actualite\\\/author\\\/cl\\\/\"}]}<\/script>\n<!-- \/ Yoast SEO Premium plugin. -->","yoast_head_json":{"title":"Kais Saied : \u00ab Est-ce qu'un journal a \u00e9t\u00e9 censur\u00e9 ou un programme interdit ? \u00bb","description":"Le pr\u00e9sident de la R\u00e9publique, Ka\u00efs Sa\u00efed, a affirm\u00e9 qu'il n'y a aucune restriction \u00e0 la libert\u00e9 de la presse et d'expression en Tunisie.","canonical":"https:\/\/www.webdo.tn\/fr\/actualite\/national\/kais-saied-est-ce-qu-un-journal-a-ete-censure-ou-un-programme-interdit\/203021\/","og_locale":"fr_FR","og_type":"article","og_title":"Kais Saied : \u00ab Est-ce qu'un journal a \u00e9t\u00e9 censur\u00e9 ou un programme interdit ? \u00bb","og_description":"Le pr\u00e9sident de la R\u00e9publique, Ka\u00efs Sa\u00efed, a affirm\u00e9 qu'il n'y a aucune restriction \u00e0 la libert\u00e9 de la presse et d'expression en Tunisie.","og_url":"https:\/\/www.webdo.tn\/fr\/actualite\/national\/kais-saied-est-ce-qu-un-journal-a-ete-censure-ou-un-programme-interdit\/203021\/","og_site_name":"webdo","article_publisher":"https:\/\/www.facebook.com\/webdotn","article_published_time":"2023-02-17T07:47:00+00:00","article_modified_time":"2025-05-20T22:49:10+00:00","og_image":[{"width":750,"height":400,"url":"https:\/\/www.webdo.tn\/fr\/wp-content\/uploads\/2023\/02\/65694e2734607a777db2cec70f7a7847.jpg","type":"image\/jpeg"}],"author":"CL","twitter_card":"summary_large_image","twitter_creator":"@webdo_tn","twitter_site":"@webdo_tn","twitter_misc":{"\u00c9crit par":"CL","Dur\u00e9e de lecture estim\u00e9e":"1 minute"},"schema":{"@context":"https:\/\/schema.org","@graph":[{"@type":"NewsArticle","@id":"https:\/\/www.webdo.tn\/fr\/actualite\/national\/kais-saied-est-ce-qu-un-journal-a-ete-censure-ou-un-programme-interdit\/203021\/#article","isPartOf":{"@id":"https:\/\/www.webdo.tn\/fr\/actualite\/national\/kais-saied-est-ce-qu-un-journal-a-ete-censure-ou-un-programme-interdit\/203021\/"},"author":{"name":"CL","@id":"https:\/\/www.webdo.tn\/fr\/#\/schema\/person\/f35b42a42c5e2511bbd282959d6385cc"},"headline":"Kais Saied : \u00ab Est-ce qu&rsquo;un journal a \u00e9t\u00e9 censur\u00e9 ou un programme interdit ? \u00bb","datePublished":"2023-02-17T07:47:00+00:00","dateModified":"2025-05-20T22:49:10+00:00","mainEntityOfPage":{"@id":"https:\/\/www.webdo.tn\/fr\/actualite\/national\/kais-saied-est-ce-qu-un-journal-a-ete-censure-ou-un-programme-interdit\/203021\/"},"wordCount":185,"commentCount":0,"publisher":{"@id":"https:\/\/www.webdo.tn\/fr\/#organization"},"image":{"@id":"https:\/\/www.webdo.tn\/fr\/actualite\/national\/kais-saied-est-ce-qu-un-journal-a-ete-censure-ou-un-programme-interdit\/203021\/#primaryimage"},"thumbnailUrl":"https:\/\/www.webdo.tn\/fr\/wp-content\/uploads\/2023\/02\/65694e2734607a777db2cec70f7a7847.jpg","keywords":["Journaliste","Kais Saied","presse","Tunisie"],"articleSection":["National"],"inLanguage":"fr-FR"},{"@type":"WebPage","@id":"https:\/\/www.webdo.tn\/fr\/actualite\/national\/kais-saied-est-ce-qu-un-journal-a-ete-censure-ou-un-programme-interdit\/203021\/","url":"https:\/\/www.webdo.tn\/fr\/actualite\/national\/kais-saied-est-ce-qu-un-journal-a-ete-censure-ou-un-programme-interdit\/203021\/","name":"Kais Saied : \u00ab Est-ce qu'un journal a \u00e9t\u00e9 censur\u00e9 ou un programme interdit ? \u00bb","isPartOf":{"@id":"https:\/\/www.webdo.tn\/fr\/#website"},"primaryImageOfPage":{"@id":"https:\/\/www.webdo.tn\/fr\/actualite\/national\/kais-saied-est-ce-qu-un-journal-a-ete-censure-ou-un-programme-interdit\/203021\/#primaryimage"},"image":{"@id":"https:\/\/www.webdo.tn\/fr\/actualite\/national\/kais-saied-est-ce-qu-un-journal-a-ete-censure-ou-un-programme-interdit\/203021\/#primaryimage"},"thumbnailUrl":"https:\/\/www.webdo.tn\/fr\/wp-content\/uploads\/2023\/02\/65694e2734607a777db2cec70f7a7847.jpg","datePublished":"2023-02-17T07:47:00+00:00","dateModified":"2025-05-20T22:49:10+00:00","description":"Le pr\u00e9sident de la R\u00e9publique, Ka\u00efs Sa\u00efed, a affirm\u00e9 qu'il n'y a aucune restriction \u00e0 la libert\u00e9 de la presse et d'expression en Tunisie.","breadcrumb":{"@id":"https:\/\/www.webdo.tn\/fr\/actualite\/national\/kais-saied-est-ce-qu-un-journal-a-ete-censure-ou-un-programme-interdit\/203021\/#breadcrumb"},"inLanguage":"fr-FR","potentialAction":[{"@type":"ReadAction","target":["https:\/\/www.webdo.tn\/fr\/actualite\/national\/kais-saied-est-ce-qu-un-journal-a-ete-censure-ou-un-programme-interdit\/203021\/"]}]},{"@type":"ImageObject","inLanguage":"fr-FR","@id":"https:\/\/www.webdo.tn\/fr\/actualite\/national\/kais-saied-est-ce-qu-un-journal-a-ete-censure-ou-un-programme-interdit\/203021\/#primaryimage","url":"https:\/\/www.webdo.tn\/fr\/wp-content\/uploads\/2023\/02\/65694e2734607a777db2cec70f7a7847.jpg","contentUrl":"https:\/\/www.webdo.tn\/fr\/wp-content\/uploads\/2023\/02\/65694e2734607a777db2cec70f7a7847.jpg","width":750,"height":400,"caption":"Kais Saied"},{"@type":"BreadcrumbList","@id":"https:\/\/www.webdo.tn\/fr\/actualite\/national\/kais-saied-est-ce-qu-un-journal-a-ete-censure-ou-un-programme-interdit\/203021\/#breadcrumb","itemListElement":[{"@type":"ListItem","position":1,"name":"Accueil","item":"https:\/\/www.webdo.tn\/fr\/"},{"@type":"ListItem","position":2,"name":"Kais Saied : \u00ab Est-ce qu&rsquo;un journal a \u00e9t\u00e9 censur\u00e9 ou un programme interdit ? \u00bb"}]},{"@type":"WebSite","@id":"https:\/\/www.webdo.tn\/fr\/#website","url":"https:\/\/www.webdo.tn\/fr\/","name":"webdo","description":"Tunisie - News en Tunisie et \u00e0 l&#039;international sur Webdo.tn","publisher":{"@id":"https:\/\/www.webdo.tn\/fr\/#organization"},"potentialAction":[{"@type":"SearchAction","target":{"@type":"EntryPoint","urlTemplate":"https:\/\/www.webdo.tn\/fr\/?s={search_term_string}"},"query-input":{"@type":"PropertyValueSpecification","valueRequired":true,"valueName":"search_term_string"}}],"inLanguage":"fr-FR"},{"@type":"Organization","@id":"https:\/\/www.webdo.tn\/fr\/#organization","name":"Webdo","alternateName":"Webdo.tn","url":"https:\/\/www.webdo.tn\/fr\/","logo":{"@type":"ImageObject","inLanguage":"fr-FR","@id":"https:\/\/www.webdo.tn\/fr\/#\/schema\/logo\/image\/","url":"https:\/\/www.webdo.tn\/fr\/wp-content\/uploads\/2025\/06\/Webdo-Tunisie_168377.jpg","contentUrl":"https:\/\/www.webdo.tn\/fr\/wp-content\/uploads\/2025\/06\/Webdo-Tunisie_168377.jpg","width":301,"height":301,"caption":"Webdo"},"image":{"@id":"https:\/\/www.webdo.tn\/fr\/#\/schema\/logo\/image\/"},"sameAs":["https:\/\/www.facebook.com\/webdotn","https:\/\/x.com\/webdo_tn"],"description":"Webdo est un m\u00e9dia num\u00e9rique tunisien fond\u00e9 en 2010, sp\u00e9cialis\u00e9 dans l\u2019actualit\u00e9 nationale et internationale, l\u2019\u00e9conomie, la soci\u00e9t\u00e9 et les analyses politiques. Le site s\u2019adresse \u00e0 un large public francophone et couvre l\u2019information tunisienne en temps r\u00e9el.","email":"redac@webdo.tn","legalName":"YNJ SARL","foundingDate":"2010-09-06","numberOfEmployees":{"@type":"QuantitativeValue","minValue":"11","maxValue":"50"}},{"@type":"Person","@id":"https:\/\/www.webdo.tn\/fr\/#\/schema\/person\/f35b42a42c5e2511bbd282959d6385cc","name":"CL","image":{"@type":"ImageObject","inLanguage":"fr-FR","@id":"https:\/\/secure.gravatar.com\/avatar\/1447a49909b67aa657c488aec6512e1dd6143a480c1ecfee9b5b5cd74eb3b59e?s=96&d=mm&r=g","url":"https:\/\/secure.gravatar.com\/avatar\/1447a49909b67aa657c488aec6512e1dd6143a480c1ecfee9b5b5cd74eb3b59e?s=96&d=mm&r=g","contentUrl":"https:\/\/secure.gravatar.com\/avatar\/1447a49909b67aa657c488aec6512e1dd6143a480c1ecfee9b5b5cd74eb3b59e?s=96&d=mm&r=g","caption":"CL"},"url":"https:\/\/www.webdo.tn\/fr\/actualite\/author\/cl\/"}]}},"_links":{"self":[{"href":"https:\/\/www.webdo.tn\/fr\/wp-json\/wp\/v2\/posts\/203021","targetHints":{"allow":["GET"]}}],"collection":[{"href":"https:\/\/www.webdo.tn\/fr\/wp-json\/wp\/v2\/posts"}],"about":[{"href":"https:\/\/www.webdo.tn\/fr\/wp-json\/wp\/v2\/types\/post"}],"author":[{"embeddable":true,"href":"https:\/\/www.webdo.tn\/fr\/wp-json\/wp\/v2\/users\/3175"}],"replies":[{"embeddable":true,"href":"https:\/\/www.webdo.tn\/fr\/wp-json\/wp\/v2\/comments?post=203021"}],"version-history":[{"count":0,"href":"https:\/\/www.webdo.tn\/fr\/wp-json\/wp\/v2\/posts\/203021\/revisions"}],"wp:featuredmedia":[{"embeddable":true,"href":"https:\/\/www.webdo.tn\/fr\/wp-json\/wp\/v2\/media\/277761"}],"wp:attachment":[{"href":"https:\/\/www.webdo.tn\/fr\/wp-json\/wp\/v2\/media?parent=203021"}],"wp:term":[{"taxonomy":"category","embeddable":true,"href":"https:\/\/www.webdo.tn\/fr\/wp-json\/wp\/v2\/categories?post=203021"},{"taxonomy":"post_tag","embeddable":true,"href":"https:\/\/www.webdo.tn\/fr\/wp-json\/wp\/v2\/tags?post=203021"}],"curies":[{"name":"wp","href":"https:\/\/api.w.org\/{rel}","templated":true}]}}