{"id":203014,"date":"2023-02-16T19:35:00","date_gmt":"2023-02-16T19:35:00","guid":{"rendered":"https:\/\/www.webdo.tn\/fr\/blog\/les-avocats-de-akermi-denoncent-les-conditions-inhumaines-de-sa-detention\/203014\/"},"modified":"2025-05-20T22:49:11","modified_gmt":"2025-05-20T22:49:11","slug":"les-avocats-de-akermi-denoncent-les-conditions-inhumaines-de-sa-detention","status":"publish","type":"post","link":"https:\/\/www.webdo.tn\/fr\/actualite\/national\/les-avocats-de-akermi-denoncent-les-conditions-inhumaines-de-sa-detention\/203014\/","title":{"rendered":"Les avocats de Akermi d\u00e9noncent \u00ab les conditions inhumaines de sa d\u00e9tention \u00bb"},"content":{"rendered":"<p>Dans un communiqu\u00e9 rendu public ce jeudi 16 f\u00e9vrier 2023, le Comit\u00e9 de d\u00e9fense constitu\u00e9 par les avocats de Lazhar Akremi a d\u00e9nonc\u00e9 \u00ab les conditions inhumaines de sa d\u00e9tention \u00e0 la caserne de Bouchoucha \u00e0 Tunis \u00bb.<\/p>\n<p>\t\t\t\t\t\t\t\t\t\u00ab Interpell\u00e9 et mis en garde \u00e0 vue sans fondement l\u00e9gal, le 16 f\u00e9vrier 2023, il a \u00e9t\u00e9 plac\u00e9 dans une pi\u00e8ce exigu\u00eb, avec plus de 100 d\u00e9tenus, o\u00f9 manquent les installations n\u00e9cessaires aux besoins humains \u00e9l\u00e9mentaires, y compris pour pouvoir s\u2019allonger \u00bb, explique le communiqu\u00e9.\u00a0<\/p>\n<p>\u00ab Le comit\u00e9 de d\u00e9fense exige de mettre fin \u00e0 ce traitement inadmissible inflig\u00e9 \u00e0 Me Akremi et appelle les instances professionnelles \u00e0 assumer leur responsabilit\u00e9 \u00e0 d\u00e9fendre leurs membres \u00bb, a-t-on \u00e9galement appel\u00e9.\u00a0<\/p>\n<p>Le dirigeant au mouvement Ennahdha, Noureddine Bhiri et l\u2019activiste politique Lazhar Akermi ont \u00e9t\u00e9 arr\u00eat\u00e9s pendant la nuit du lundi 13 f\u00e9vrier dans leurs domiciles.<br \/>\nC\u2019est l\u2019avocat Samir Dilou, qui a confirm\u00e9 ces informations indiquant que les raisons derri\u00e8re ces arrestations sont toujours inconnues.<\/p>\n","protected":false},"excerpt":{"rendered":"<p>Dans un communiqu\u00e9 rendu public ce jeudi 16 f\u00e9vrier 2023, le Comit\u00e9 de d\u00e9fense constitu\u00e9 par les avocats de Lazhar Akremi a d\u00e9nonc\u00e9 \u00ab les conditions inhumaines&#8230;<\/p>\n","protected":false},"author":3175,"featured_media":277763,"comment_status":"open","ping_status":"closed","sticky":false,"template":"","format":"standard","meta":{"footnotes":""},"categories":[44],"tags":[6639,3286,2608],"class_list":["post-203014","post","type-post","status-publish","format-standard","has-post-thumbnail","hentry","category-national","tag-akermi","tag-detention","tag-tunisie"],"yoast_head":"<!-- This site is optimized with the Yoast SEO Premium plugin v27.4 (Yoast SEO v27.5) - https:\/\/yoast.com\/product\/yoast-seo-premium-wordpress\/ -->\n<title>Les avocats de Akermi d\u00e9noncent \u00ab les conditions inhumaines de sa d\u00e9tention \u00bb<\/title>\n<meta name=\"description\" content=\"Dans un communiqu\u00e9 rendu public ce jeudi 16 f\u00e9vrier 2023, le Comit\u00e9 de d\u00e9fense constitu\u00e9 par les avocats de Lazhar Akremi a d\u00e9nonc\u00e9 \u00ab les conditions inhumaines...\" \/>\n<link rel=\"canonical\" href=\"https:\/\/www.webdo.tn\/fr\/actualite\/national\/les-avocats-de-akermi-denoncent-les-conditions-inhumaines-de-sa-detention\/203014\/\" \/>\n<meta property=\"og:locale\" content=\"fr_FR\" \/>\n<meta property=\"og:type\" content=\"article\" \/>\n<meta property=\"og:title\" content=\"Les avocats de Akermi d\u00e9noncent \u00ab les conditions inhumaines de sa d\u00e9tention \u00bb\" \/>\n<meta property=\"og:description\" content=\"Dans un communiqu\u00e9 rendu public ce jeudi 16 f\u00e9vrier 2023, le Comit\u00e9 de d\u00e9fense constitu\u00e9 par les avocats de Lazhar Akremi a d\u00e9nonc\u00e9 \u00ab les conditions inhumaines...\" \/>\n<meta property=\"og:url\" content=\"https:\/\/www.webdo.tn\/fr\/actualite\/national\/les-avocats-de-akermi-denoncent-les-conditions-inhumaines-de-sa-detention\/203014\/\" \/>\n<meta property=\"og:site_name\" content=\"webdo\" \/>\n<meta property=\"article:publisher\" content=\"https:\/\/www.facebook.com\/webdotn\" \/>\n<meta property=\"article:published_time\" content=\"2023-02-16T19:35:00+00:00\" \/>\n<meta property=\"article:modified_time\" content=\"2025-05-20T22:49:11+00:00\" \/>\n<meta property=\"og:image\" content=\"https:\/\/www.webdo.tn\/fr\/wp-content\/uploads\/2023\/02\/382e286da85815c44aae947ca102a098.jpg\" \/>\n\t<meta property=\"og:image:width\" content=\"675\" \/>\n\t<meta property=\"og:image:height\" content=\"360\" \/>\n\t<meta property=\"og:image:type\" content=\"image\/jpeg\" \/>\n<meta name=\"author\" content=\"CL\" \/>\n<meta name=\"twitter:card\" content=\"summary_large_image\" \/>\n<meta name=\"twitter:creator\" content=\"@webdo_tn\" \/>\n<meta name=\"twitter:site\" content=\"@webdo_tn\" \/>\n<meta name=\"twitter:label1\" content=\"\u00c9crit par\" \/>\n\t<meta name=\"twitter:data1\" content=\"CL\" \/>\n\t<meta name=\"twitter:label2\" content=\"Dur\u00e9e de lecture estim\u00e9e\" \/>\n\t<meta name=\"twitter:data2\" content=\"1 minute\" \/>\n<script type=\"application\/ld+json\" class=\"yoast-schema-graph\">{\"@context\":\"https:\\\/\\\/schema.org\",\"@graph\":[{\"@type\":\"NewsArticle\",\"@id\":\"https:\\\/\\\/www.webdo.tn\\\/fr\\\/actualite\\\/national\\\/les-avocats-de-akermi-denoncent-les-conditions-inhumaines-de-sa-detention\\\/203014\\\/#article\",\"isPartOf\":{\"@id\":\"https:\\\/\\\/www.webdo.tn\\\/fr\\\/actualite\\\/national\\\/les-avocats-de-akermi-denoncent-les-conditions-inhumaines-de-sa-detention\\\/203014\\\/\"},\"author\":{\"name\":\"CL\",\"@id\":\"https:\\\/\\\/www.webdo.tn\\\/fr\\\/#\\\/schema\\\/person\\\/f35b42a42c5e2511bbd282959d6385cc\"},\"headline\":\"Les avocats de Akermi d\u00e9noncent \u00ab les conditions inhumaines de sa d\u00e9tention \u00bb\",\"datePublished\":\"2023-02-16T19:35:00+00:00\",\"dateModified\":\"2025-05-20T22:49:11+00:00\",\"mainEntityOfPage\":{\"@id\":\"https:\\\/\\\/www.webdo.tn\\\/fr\\\/actualite\\\/national\\\/les-avocats-de-akermi-denoncent-les-conditions-inhumaines-de-sa-detention\\\/203014\\\/\"},\"wordCount\":176,\"commentCount\":0,\"publisher\":{\"@id\":\"https:\\\/\\\/www.webdo.tn\\\/fr\\\/#organization\"},\"image\":{\"@id\":\"https:\\\/\\\/www.webdo.tn\\\/fr\\\/actualite\\\/national\\\/les-avocats-de-akermi-denoncent-les-conditions-inhumaines-de-sa-detention\\\/203014\\\/#primaryimage\"},\"thumbnailUrl\":\"https:\\\/\\\/www.webdo.tn\\\/fr\\\/wp-content\\\/uploads\\\/2023\\\/02\\\/382e286da85815c44aae947ca102a098.jpg\",\"keywords\":[\"Akermi\",\"d\u00e9tention\",\"Tunisie\"],\"articleSection\":[\"National\"],\"inLanguage\":\"fr-FR\"},{\"@type\":\"WebPage\",\"@id\":\"https:\\\/\\\/www.webdo.tn\\\/fr\\\/actualite\\\/national\\\/les-avocats-de-akermi-denoncent-les-conditions-inhumaines-de-sa-detention\\\/203014\\\/\",\"url\":\"https:\\\/\\\/www.webdo.tn\\\/fr\\\/actualite\\\/national\\\/les-avocats-de-akermi-denoncent-les-conditions-inhumaines-de-sa-detention\\\/203014\\\/\",\"name\":\"Les avocats de Akermi d\u00e9noncent \u00ab les conditions inhumaines de sa d\u00e9tention \u00bb\",\"isPartOf\":{\"@id\":\"https:\\\/\\\/www.webdo.tn\\\/fr\\\/#website\"},\"primaryImageOfPage\":{\"@id\":\"https:\\\/\\\/www.webdo.tn\\\/fr\\\/actualite\\\/national\\\/les-avocats-de-akermi-denoncent-les-conditions-inhumaines-de-sa-detention\\\/203014\\\/#primaryimage\"},\"image\":{\"@id\":\"https:\\\/\\\/www.webdo.tn\\\/fr\\\/actualite\\\/national\\\/les-avocats-de-akermi-denoncent-les-conditions-inhumaines-de-sa-detention\\\/203014\\\/#primaryimage\"},\"thumbnailUrl\":\"https:\\\/\\\/www.webdo.tn\\\/fr\\\/wp-content\\\/uploads\\\/2023\\\/02\\\/382e286da85815c44aae947ca102a098.jpg\",\"datePublished\":\"2023-02-16T19:35:00+00:00\",\"dateModified\":\"2025-05-20T22:49:11+00:00\",\"description\":\"Dans un communiqu\u00e9 rendu public ce jeudi 16 f\u00e9vrier 2023, le Comit\u00e9 de d\u00e9fense constitu\u00e9 par les avocats de Lazhar Akremi a d\u00e9nonc\u00e9 \u00ab les conditions inhumaines...\",\"breadcrumb\":{\"@id\":\"https:\\\/\\\/www.webdo.tn\\\/fr\\\/actualite\\\/national\\\/les-avocats-de-akermi-denoncent-les-conditions-inhumaines-de-sa-detention\\\/203014\\\/#breadcrumb\"},\"inLanguage\":\"fr-FR\",\"potentialAction\":[{\"@type\":\"ReadAction\",\"target\":[\"https:\\\/\\\/www.webdo.tn\\\/fr\\\/actualite\\\/national\\\/les-avocats-de-akermi-denoncent-les-conditions-inhumaines-de-sa-detention\\\/203014\\\/\"]}]},{\"@type\":\"ImageObject\",\"inLanguage\":\"fr-FR\",\"@id\":\"https:\\\/\\\/www.webdo.tn\\\/fr\\\/actualite\\\/national\\\/les-avocats-de-akermi-denoncent-les-conditions-inhumaines-de-sa-detention\\\/203014\\\/#primaryimage\",\"url\":\"https:\\\/\\\/www.webdo.tn\\\/fr\\\/wp-content\\\/uploads\\\/2023\\\/02\\\/382e286da85815c44aae947ca102a098.jpg\",\"contentUrl\":\"https:\\\/\\\/www.webdo.tn\\\/fr\\\/wp-content\\\/uploads\\\/2023\\\/02\\\/382e286da85815c44aae947ca102a098.jpg\",\"width\":675,\"height\":360,\"caption\":\"Lazher Akermi\"},{\"@type\":\"BreadcrumbList\",\"@id\":\"https:\\\/\\\/www.webdo.tn\\\/fr\\\/actualite\\\/national\\\/les-avocats-de-akermi-denoncent-les-conditions-inhumaines-de-sa-detention\\\/203014\\\/#breadcrumb\",\"itemListElement\":[{\"@type\":\"ListItem\",\"position\":1,\"name\":\"Accueil\",\"item\":\"https:\\\/\\\/www.webdo.tn\\\/fr\\\/\"},{\"@type\":\"ListItem\",\"position\":2,\"name\":\"Les avocats de Akermi d\u00e9noncent \u00ab les conditions inhumaines de sa d\u00e9tention \u00bb\"}]},{\"@type\":\"WebSite\",\"@id\":\"https:\\\/\\\/www.webdo.tn\\\/fr\\\/#website\",\"url\":\"https:\\\/\\\/www.webdo.tn\\\/fr\\\/\",\"name\":\"webdo\",\"description\":\"Tunisie - News en Tunisie et \u00e0 l&#039;international sur Webdo.tn\",\"publisher\":{\"@id\":\"https:\\\/\\\/www.webdo.tn\\\/fr\\\/#organization\"},\"potentialAction\":[{\"@type\":\"SearchAction\",\"target\":{\"@type\":\"EntryPoint\",\"urlTemplate\":\"https:\\\/\\\/www.webdo.tn\\\/fr\\\/?s={search_term_string}\"},\"query-input\":{\"@type\":\"PropertyValueSpecification\",\"valueRequired\":true,\"valueName\":\"search_term_string\"}}],\"inLanguage\":\"fr-FR\"},{\"@type\":\"Organization\",\"@id\":\"https:\\\/\\\/www.webdo.tn\\\/fr\\\/#organization\",\"name\":\"Webdo\",\"alternateName\":\"Webdo.tn\",\"url\":\"https:\\\/\\\/www.webdo.tn\\\/fr\\\/\",\"logo\":{\"@type\":\"ImageObject\",\"inLanguage\":\"fr-FR\",\"@id\":\"https:\\\/\\\/www.webdo.tn\\\/fr\\\/#\\\/schema\\\/logo\\\/image\\\/\",\"url\":\"https:\\\/\\\/www.webdo.tn\\\/fr\\\/wp-content\\\/uploads\\\/2025\\\/06\\\/Webdo-Tunisie_168377.jpg\",\"contentUrl\":\"https:\\\/\\\/www.webdo.tn\\\/fr\\\/wp-content\\\/uploads\\\/2025\\\/06\\\/Webdo-Tunisie_168377.jpg\",\"width\":301,\"height\":301,\"caption\":\"Webdo\"},\"image\":{\"@id\":\"https:\\\/\\\/www.webdo.tn\\\/fr\\\/#\\\/schema\\\/logo\\\/image\\\/\"},\"sameAs\":[\"https:\\\/\\\/www.facebook.com\\\/webdotn\",\"https:\\\/\\\/x.com\\\/webdo_tn\"],\"description\":\"Webdo est un m\u00e9dia num\u00e9rique tunisien fond\u00e9 en 2010, sp\u00e9cialis\u00e9 dans l\u2019actualit\u00e9 nationale et internationale, l\u2019\u00e9conomie, la soci\u00e9t\u00e9 et les analyses politiques. Le site s\u2019adresse \u00e0 un large public francophone et couvre l\u2019information tunisienne en temps r\u00e9el.\",\"email\":\"redac@webdo.tn\",\"legalName\":\"YNJ SARL\",\"foundingDate\":\"2010-09-06\",\"numberOfEmployees\":{\"@type\":\"QuantitativeValue\",\"minValue\":\"11\",\"maxValue\":\"50\"}},{\"@type\":\"Person\",\"@id\":\"https:\\\/\\\/www.webdo.tn\\\/fr\\\/#\\\/schema\\\/person\\\/f35b42a42c5e2511bbd282959d6385cc\",\"name\":\"CL\",\"image\":{\"@type\":\"ImageObject\",\"inLanguage\":\"fr-FR\",\"@id\":\"https:\\\/\\\/secure.gravatar.com\\\/avatar\\\/1447a49909b67aa657c488aec6512e1dd6143a480c1ecfee9b5b5cd74eb3b59e?s=96&d=mm&r=g\",\"url\":\"https:\\\/\\\/secure.gravatar.com\\\/avatar\\\/1447a49909b67aa657c488aec6512e1dd6143a480c1ecfee9b5b5cd74eb3b59e?s=96&d=mm&r=g\",\"contentUrl\":\"https:\\\/\\\/secure.gravatar.com\\\/avatar\\\/1447a49909b67aa657c488aec6512e1dd6143a480c1ecfee9b5b5cd74eb3b59e?s=96&d=mm&r=g\",\"caption\":\"CL\"},\"url\":\"https:\\\/\\\/www.webdo.tn\\\/fr\\\/actualite\\\/author\\\/cl\\\/\"}]}<\/script>\n<!-- \/ Yoast SEO Premium plugin. -->","yoast_head_json":{"title":"Les avocats de Akermi d\u00e9noncent \u00ab les conditions inhumaines de sa d\u00e9tention \u00bb","description":"Dans un communiqu\u00e9 rendu public ce jeudi 16 f\u00e9vrier 2023, le Comit\u00e9 de d\u00e9fense constitu\u00e9 par les avocats de Lazhar Akremi a d\u00e9nonc\u00e9 \u00ab les conditions inhumaines...","canonical":"https:\/\/www.webdo.tn\/fr\/actualite\/national\/les-avocats-de-akermi-denoncent-les-conditions-inhumaines-de-sa-detention\/203014\/","og_locale":"fr_FR","og_type":"article","og_title":"Les avocats de Akermi d\u00e9noncent \u00ab les conditions inhumaines de sa d\u00e9tention \u00bb","og_description":"Dans un communiqu\u00e9 rendu public ce jeudi 16 f\u00e9vrier 2023, le Comit\u00e9 de d\u00e9fense constitu\u00e9 par les avocats de Lazhar Akremi a d\u00e9nonc\u00e9 \u00ab les conditions inhumaines...","og_url":"https:\/\/www.webdo.tn\/fr\/actualite\/national\/les-avocats-de-akermi-denoncent-les-conditions-inhumaines-de-sa-detention\/203014\/","og_site_name":"webdo","article_publisher":"https:\/\/www.facebook.com\/webdotn","article_published_time":"2023-02-16T19:35:00+00:00","article_modified_time":"2025-05-20T22:49:11+00:00","og_image":[{"width":675,"height":360,"url":"https:\/\/www.webdo.tn\/fr\/wp-content\/uploads\/2023\/02\/382e286da85815c44aae947ca102a098.jpg","type":"image\/jpeg"}],"author":"CL","twitter_card":"summary_large_image","twitter_creator":"@webdo_tn","twitter_site":"@webdo_tn","twitter_misc":{"\u00c9crit par":"CL","Dur\u00e9e de lecture estim\u00e9e":"1 minute"},"schema":{"@context":"https:\/\/schema.org","@graph":[{"@type":"NewsArticle","@id":"https:\/\/www.webdo.tn\/fr\/actualite\/national\/les-avocats-de-akermi-denoncent-les-conditions-inhumaines-de-sa-detention\/203014\/#article","isPartOf":{"@id":"https:\/\/www.webdo.tn\/fr\/actualite\/national\/les-avocats-de-akermi-denoncent-les-conditions-inhumaines-de-sa-detention\/203014\/"},"author":{"name":"CL","@id":"https:\/\/www.webdo.tn\/fr\/#\/schema\/person\/f35b42a42c5e2511bbd282959d6385cc"},"headline":"Les avocats de Akermi d\u00e9noncent \u00ab les conditions inhumaines de sa d\u00e9tention \u00bb","datePublished":"2023-02-16T19:35:00+00:00","dateModified":"2025-05-20T22:49:11+00:00","mainEntityOfPage":{"@id":"https:\/\/www.webdo.tn\/fr\/actualite\/national\/les-avocats-de-akermi-denoncent-les-conditions-inhumaines-de-sa-detention\/203014\/"},"wordCount":176,"commentCount":0,"publisher":{"@id":"https:\/\/www.webdo.tn\/fr\/#organization"},"image":{"@id":"https:\/\/www.webdo.tn\/fr\/actualite\/national\/les-avocats-de-akermi-denoncent-les-conditions-inhumaines-de-sa-detention\/203014\/#primaryimage"},"thumbnailUrl":"https:\/\/www.webdo.tn\/fr\/wp-content\/uploads\/2023\/02\/382e286da85815c44aae947ca102a098.jpg","keywords":["Akermi","d\u00e9tention","Tunisie"],"articleSection":["National"],"inLanguage":"fr-FR"},{"@type":"WebPage","@id":"https:\/\/www.webdo.tn\/fr\/actualite\/national\/les-avocats-de-akermi-denoncent-les-conditions-inhumaines-de-sa-detention\/203014\/","url":"https:\/\/www.webdo.tn\/fr\/actualite\/national\/les-avocats-de-akermi-denoncent-les-conditions-inhumaines-de-sa-detention\/203014\/","name":"Les avocats de Akermi d\u00e9noncent \u00ab les conditions inhumaines de sa d\u00e9tention \u00bb","isPartOf":{"@id":"https:\/\/www.webdo.tn\/fr\/#website"},"primaryImageOfPage":{"@id":"https:\/\/www.webdo.tn\/fr\/actualite\/national\/les-avocats-de-akermi-denoncent-les-conditions-inhumaines-de-sa-detention\/203014\/#primaryimage"},"image":{"@id":"https:\/\/www.webdo.tn\/fr\/actualite\/national\/les-avocats-de-akermi-denoncent-les-conditions-inhumaines-de-sa-detention\/203014\/#primaryimage"},"thumbnailUrl":"https:\/\/www.webdo.tn\/fr\/wp-content\/uploads\/2023\/02\/382e286da85815c44aae947ca102a098.jpg","datePublished":"2023-02-16T19:35:00+00:00","dateModified":"2025-05-20T22:49:11+00:00","description":"Dans un communiqu\u00e9 rendu public ce jeudi 16 f\u00e9vrier 2023, le Comit\u00e9 de d\u00e9fense constitu\u00e9 par les avocats de Lazhar Akremi a d\u00e9nonc\u00e9 \u00ab les conditions inhumaines...","breadcrumb":{"@id":"https:\/\/www.webdo.tn\/fr\/actualite\/national\/les-avocats-de-akermi-denoncent-les-conditions-inhumaines-de-sa-detention\/203014\/#breadcrumb"},"inLanguage":"fr-FR","potentialAction":[{"@type":"ReadAction","target":["https:\/\/www.webdo.tn\/fr\/actualite\/national\/les-avocats-de-akermi-denoncent-les-conditions-inhumaines-de-sa-detention\/203014\/"]}]},{"@type":"ImageObject","inLanguage":"fr-FR","@id":"https:\/\/www.webdo.tn\/fr\/actualite\/national\/les-avocats-de-akermi-denoncent-les-conditions-inhumaines-de-sa-detention\/203014\/#primaryimage","url":"https:\/\/www.webdo.tn\/fr\/wp-content\/uploads\/2023\/02\/382e286da85815c44aae947ca102a098.jpg","contentUrl":"https:\/\/www.webdo.tn\/fr\/wp-content\/uploads\/2023\/02\/382e286da85815c44aae947ca102a098.jpg","width":675,"height":360,"caption":"Lazher Akermi"},{"@type":"BreadcrumbList","@id":"https:\/\/www.webdo.tn\/fr\/actualite\/national\/les-avocats-de-akermi-denoncent-les-conditions-inhumaines-de-sa-detention\/203014\/#breadcrumb","itemListElement":[{"@type":"ListItem","position":1,"name":"Accueil","item":"https:\/\/www.webdo.tn\/fr\/"},{"@type":"ListItem","position":2,"name":"Les avocats de Akermi d\u00e9noncent \u00ab les conditions inhumaines de sa d\u00e9tention \u00bb"}]},{"@type":"WebSite","@id":"https:\/\/www.webdo.tn\/fr\/#website","url":"https:\/\/www.webdo.tn\/fr\/","name":"webdo","description":"Tunisie - News en Tunisie et \u00e0 l&#039;international sur Webdo.tn","publisher":{"@id":"https:\/\/www.webdo.tn\/fr\/#organization"},"potentialAction":[{"@type":"SearchAction","target":{"@type":"EntryPoint","urlTemplate":"https:\/\/www.webdo.tn\/fr\/?s={search_term_string}"},"query-input":{"@type":"PropertyValueSpecification","valueRequired":true,"valueName":"search_term_string"}}],"inLanguage":"fr-FR"},{"@type":"Organization","@id":"https:\/\/www.webdo.tn\/fr\/#organization","name":"Webdo","alternateName":"Webdo.tn","url":"https:\/\/www.webdo.tn\/fr\/","logo":{"@type":"ImageObject","inLanguage":"fr-FR","@id":"https:\/\/www.webdo.tn\/fr\/#\/schema\/logo\/image\/","url":"https:\/\/www.webdo.tn\/fr\/wp-content\/uploads\/2025\/06\/Webdo-Tunisie_168377.jpg","contentUrl":"https:\/\/www.webdo.tn\/fr\/wp-content\/uploads\/2025\/06\/Webdo-Tunisie_168377.jpg","width":301,"height":301,"caption":"Webdo"},"image":{"@id":"https:\/\/www.webdo.tn\/fr\/#\/schema\/logo\/image\/"},"sameAs":["https:\/\/www.facebook.com\/webdotn","https:\/\/x.com\/webdo_tn"],"description":"Webdo est un m\u00e9dia num\u00e9rique tunisien fond\u00e9 en 2010, sp\u00e9cialis\u00e9 dans l\u2019actualit\u00e9 nationale et internationale, l\u2019\u00e9conomie, la soci\u00e9t\u00e9 et les analyses politiques. Le site s\u2019adresse \u00e0 un large public francophone et couvre l\u2019information tunisienne en temps r\u00e9el.","email":"redac@webdo.tn","legalName":"YNJ SARL","foundingDate":"2010-09-06","numberOfEmployees":{"@type":"QuantitativeValue","minValue":"11","maxValue":"50"}},{"@type":"Person","@id":"https:\/\/www.webdo.tn\/fr\/#\/schema\/person\/f35b42a42c5e2511bbd282959d6385cc","name":"CL","image":{"@type":"ImageObject","inLanguage":"fr-FR","@id":"https:\/\/secure.gravatar.com\/avatar\/1447a49909b67aa657c488aec6512e1dd6143a480c1ecfee9b5b5cd74eb3b59e?s=96&d=mm&r=g","url":"https:\/\/secure.gravatar.com\/avatar\/1447a49909b67aa657c488aec6512e1dd6143a480c1ecfee9b5b5cd74eb3b59e?s=96&d=mm&r=g","contentUrl":"https:\/\/secure.gravatar.com\/avatar\/1447a49909b67aa657c488aec6512e1dd6143a480c1ecfee9b5b5cd74eb3b59e?s=96&d=mm&r=g","caption":"CL"},"url":"https:\/\/www.webdo.tn\/fr\/actualite\/author\/cl\/"}]}},"_links":{"self":[{"href":"https:\/\/www.webdo.tn\/fr\/wp-json\/wp\/v2\/posts\/203014","targetHints":{"allow":["GET"]}}],"collection":[{"href":"https:\/\/www.webdo.tn\/fr\/wp-json\/wp\/v2\/posts"}],"about":[{"href":"https:\/\/www.webdo.tn\/fr\/wp-json\/wp\/v2\/types\/post"}],"author":[{"embeddable":true,"href":"https:\/\/www.webdo.tn\/fr\/wp-json\/wp\/v2\/users\/3175"}],"replies":[{"embeddable":true,"href":"https:\/\/www.webdo.tn\/fr\/wp-json\/wp\/v2\/comments?post=203014"}],"version-history":[{"count":0,"href":"https:\/\/www.webdo.tn\/fr\/wp-json\/wp\/v2\/posts\/203014\/revisions"}],"wp:featuredmedia":[{"embeddable":true,"href":"https:\/\/www.webdo.tn\/fr\/wp-json\/wp\/v2\/media\/277763"}],"wp:attachment":[{"href":"https:\/\/www.webdo.tn\/fr\/wp-json\/wp\/v2\/media?parent=203014"}],"wp:term":[{"taxonomy":"category","embeddable":true,"href":"https:\/\/www.webdo.tn\/fr\/wp-json\/wp\/v2\/categories?post=203014"},{"taxonomy":"post_tag","embeddable":true,"href":"https:\/\/www.webdo.tn\/fr\/wp-json\/wp\/v2\/tags?post=203014"}],"curies":[{"name":"wp","href":"https:\/\/api.w.org\/{rel}","templated":true}]}}