{"id":203011,"date":"2023-02-16T18:40:00","date_gmt":"2023-02-16T18:40:00","guid":{"rendered":"https:\/\/www.webdo.tn\/fr\/blog\/s-ils-veulent-nous-aider-qu-ils-effacent-nos-dettes-dixit-saied\/203011\/"},"modified":"2025-05-20T22:49:10","modified_gmt":"2025-05-20T22:49:10","slug":"s-ils-veulent-nous-aider-qu-ils-effacent-nos-dettes-dixit-saied","status":"publish","type":"post","link":"https:\/\/www.webdo.tn\/fr\/actualite\/national\/s-ils-veulent-nous-aider-qu-ils-effacent-nos-dettes-dixit-saied\/203011\/","title":{"rendered":"\u00ab S\u2019ils veulent nous aider\u2026 qu\u2019ils effacent nos dettes \u00bb, dixit Saied"},"content":{"rendered":"<p>Le chef de l\u2019Etat Kais Saied s\u2019est entretenu ce jeudi 16 f\u00e9vrier 2023, avec la cheffe du gouvernement Najla Bouden au sujet de plusieurs questions \u00e9conomiques et sociales.<\/p>\n<p>Cependant pour Kais Saied, c\u2019\u00e9tait l\u2019occasion de s\u2019adresser aux occidentaux. Le pr\u00e9sident de la R\u00e9publique, Kais Sa\u00efed a appel\u00e9 dans ce sens tous ceux qui veulent aider la Tunisie \u00e0 restituer son argent spoli\u00e9 et \u00e0 annuler ses dettes cumul\u00e9es ces derni\u00e8res ann\u00e9es.\u00a0<\/p>\n<p>\u00a0\u00bb Si les parties \u00e9trang\u00e8res veulent vraiment aider la Tunisie, qu&rsquo;elles nous rendent l&rsquo;argent spoli\u00e9\u00a0\u00bb a-t-il dit.\u00a0<\/p>\n<p>\u00ab\u00a0Nous sommes capables de d\u00e9passer toutes les crises. Nous avons toutes les ressources humaines, \u00e9conomiques et sociales\u00a0\u00bb, a-t-il encore estim\u00e9.<\/p>\n","protected":false},"excerpt":{"rendered":"<p>Le chef de l\u2019Etat Kais Saied s\u2019est entretenu ce jeudi 16 f\u00e9vrier 2023, avec la cheffe du gouvernement Najla Bouden au sujet de plusieurs questions \u00e9conomiques e&#8230;<\/p>\n","protected":false},"author":3175,"featured_media":277759,"comment_status":"open","ping_status":"closed","sticky":false,"template":"","format":"standard","meta":{"footnotes":""},"categories":[44],"tags":[3940,2614,2608],"class_list":["post-203011","post","type-post","status-publish","format-standard","has-post-thumbnail","hentry","category-national","tag-dettes","tag-kais-saied","tag-tunisie"],"yoast_head":"<!-- This site is optimized with the Yoast SEO Premium plugin v27.5 (Yoast SEO v27.5) - https:\/\/yoast.com\/product\/yoast-seo-premium-wordpress\/ -->\n<title>\u00ab S\u2019ils veulent nous aider\u2026 qu\u2019ils effacent nos dettes \u00bb, dixit Saied<\/title>\n<meta name=\"description\" content=\"Le chef de l\u2019Etat Kais Saied s\u2019est entretenu ce jeudi 16 f\u00e9vrier 2023, avec la cheffe du gouvernement Najla Bouden au sujet de plusieurs questions \u00e9conomiques e...\" \/>\n<link rel=\"canonical\" href=\"https:\/\/www.webdo.tn\/fr\/actualite\/national\/s-ils-veulent-nous-aider-qu-ils-effacent-nos-dettes-dixit-saied\/203011\/\" \/>\n<meta property=\"og:locale\" content=\"fr_FR\" \/>\n<meta property=\"og:type\" content=\"article\" \/>\n<meta property=\"og:title\" content=\"\u00ab S\u2019ils veulent nous aider\u2026 qu\u2019ils effacent nos dettes \u00bb, dixit Saied\" \/>\n<meta property=\"og:description\" content=\"Le chef de l\u2019Etat Kais Saied s\u2019est entretenu ce jeudi 16 f\u00e9vrier 2023, avec la cheffe du gouvernement Najla Bouden au sujet de plusieurs questions \u00e9conomiques e...\" \/>\n<meta property=\"og:url\" content=\"https:\/\/www.webdo.tn\/fr\/actualite\/national\/s-ils-veulent-nous-aider-qu-ils-effacent-nos-dettes-dixit-saied\/203011\/\" \/>\n<meta property=\"og:site_name\" content=\"webdo\" \/>\n<meta property=\"article:publisher\" content=\"https:\/\/www.facebook.com\/webdotn\" \/>\n<meta property=\"article:published_time\" content=\"2023-02-16T18:40:00+00:00\" \/>\n<meta property=\"article:modified_time\" content=\"2025-05-20T22:49:10+00:00\" \/>\n<meta property=\"og:image\" content=\"https:\/\/www.webdo.tn\/fr\/wp-content\/uploads\/2023\/02\/4dbdcdedb3873a676c2fe5c6a46cac6e.jpg\" \/>\n\t<meta property=\"og:image:width\" content=\"750\" \/>\n\t<meta property=\"og:image:height\" content=\"400\" \/>\n\t<meta property=\"og:image:type\" content=\"image\/jpeg\" \/>\n<meta name=\"author\" content=\"CL\" \/>\n<meta name=\"twitter:card\" content=\"summary_large_image\" \/>\n<meta name=\"twitter:creator\" content=\"@webdo_tn\" \/>\n<meta name=\"twitter:site\" content=\"@webdo_tn\" \/>\n<meta name=\"twitter:label1\" content=\"\u00c9crit par\" \/>\n\t<meta name=\"twitter:data1\" content=\"CL\" \/>\n\t<meta name=\"twitter:label2\" content=\"Dur\u00e9e de lecture estim\u00e9e\" \/>\n\t<meta name=\"twitter:data2\" content=\"1 minute\" \/>\n<script type=\"application\/ld+json\" class=\"yoast-schema-graph\">{\"@context\":\"https:\\\/\\\/schema.org\",\"@graph\":[{\"@type\":\"NewsArticle\",\"@id\":\"https:\\\/\\\/www.webdo.tn\\\/fr\\\/actualite\\\/national\\\/s-ils-veulent-nous-aider-qu-ils-effacent-nos-dettes-dixit-saied\\\/203011\\\/#article\",\"isPartOf\":{\"@id\":\"https:\\\/\\\/www.webdo.tn\\\/fr\\\/actualite\\\/national\\\/s-ils-veulent-nous-aider-qu-ils-effacent-nos-dettes-dixit-saied\\\/203011\\\/\"},\"author\":{\"name\":\"CL\",\"@id\":\"https:\\\/\\\/www.webdo.tn\\\/fr\\\/#\\\/schema\\\/person\\\/f35b42a42c5e2511bbd282959d6385cc\"},\"headline\":\"\u00ab S\u2019ils veulent nous aider\u2026 qu\u2019ils effacent nos dettes \u00bb, dixit Saied\",\"datePublished\":\"2023-02-16T18:40:00+00:00\",\"dateModified\":\"2025-05-20T22:49:10+00:00\",\"mainEntityOfPage\":{\"@id\":\"https:\\\/\\\/www.webdo.tn\\\/fr\\\/actualite\\\/national\\\/s-ils-veulent-nous-aider-qu-ils-effacent-nos-dettes-dixit-saied\\\/203011\\\/\"},\"wordCount\":131,\"commentCount\":0,\"publisher\":{\"@id\":\"https:\\\/\\\/www.webdo.tn\\\/fr\\\/#organization\"},\"image\":{\"@id\":\"https:\\\/\\\/www.webdo.tn\\\/fr\\\/actualite\\\/national\\\/s-ils-veulent-nous-aider-qu-ils-effacent-nos-dettes-dixit-saied\\\/203011\\\/#primaryimage\"},\"thumbnailUrl\":\"https:\\\/\\\/www.webdo.tn\\\/fr\\\/wp-content\\\/uploads\\\/2023\\\/02\\\/4dbdcdedb3873a676c2fe5c6a46cac6e.jpg\",\"keywords\":[\"Dettes\",\"Kais Saied\",\"Tunisie\"],\"articleSection\":[\"National\"],\"inLanguage\":\"fr-FR\"},{\"@type\":\"WebPage\",\"@id\":\"https:\\\/\\\/www.webdo.tn\\\/fr\\\/actualite\\\/national\\\/s-ils-veulent-nous-aider-qu-ils-effacent-nos-dettes-dixit-saied\\\/203011\\\/\",\"url\":\"https:\\\/\\\/www.webdo.tn\\\/fr\\\/actualite\\\/national\\\/s-ils-veulent-nous-aider-qu-ils-effacent-nos-dettes-dixit-saied\\\/203011\\\/\",\"name\":\"\u00ab S\u2019ils veulent nous aider\u2026 qu\u2019ils effacent nos dettes \u00bb, dixit Saied\",\"isPartOf\":{\"@id\":\"https:\\\/\\\/www.webdo.tn\\\/fr\\\/#website\"},\"primaryImageOfPage\":{\"@id\":\"https:\\\/\\\/www.webdo.tn\\\/fr\\\/actualite\\\/national\\\/s-ils-veulent-nous-aider-qu-ils-effacent-nos-dettes-dixit-saied\\\/203011\\\/#primaryimage\"},\"image\":{\"@id\":\"https:\\\/\\\/www.webdo.tn\\\/fr\\\/actualite\\\/national\\\/s-ils-veulent-nous-aider-qu-ils-effacent-nos-dettes-dixit-saied\\\/203011\\\/#primaryimage\"},\"thumbnailUrl\":\"https:\\\/\\\/www.webdo.tn\\\/fr\\\/wp-content\\\/uploads\\\/2023\\\/02\\\/4dbdcdedb3873a676c2fe5c6a46cac6e.jpg\",\"datePublished\":\"2023-02-16T18:40:00+00:00\",\"dateModified\":\"2025-05-20T22:49:10+00:00\",\"description\":\"Le chef de l\u2019Etat Kais Saied s\u2019est entretenu ce jeudi 16 f\u00e9vrier 2023, avec la cheffe du gouvernement Najla Bouden au sujet de plusieurs questions \u00e9conomiques e...\",\"breadcrumb\":{\"@id\":\"https:\\\/\\\/www.webdo.tn\\\/fr\\\/actualite\\\/national\\\/s-ils-veulent-nous-aider-qu-ils-effacent-nos-dettes-dixit-saied\\\/203011\\\/#breadcrumb\"},\"inLanguage\":\"fr-FR\",\"potentialAction\":[{\"@type\":\"ReadAction\",\"target\":[\"https:\\\/\\\/www.webdo.tn\\\/fr\\\/actualite\\\/national\\\/s-ils-veulent-nous-aider-qu-ils-effacent-nos-dettes-dixit-saied\\\/203011\\\/\"]}]},{\"@type\":\"ImageObject\",\"inLanguage\":\"fr-FR\",\"@id\":\"https:\\\/\\\/www.webdo.tn\\\/fr\\\/actualite\\\/national\\\/s-ils-veulent-nous-aider-qu-ils-effacent-nos-dettes-dixit-saied\\\/203011\\\/#primaryimage\",\"url\":\"https:\\\/\\\/www.webdo.tn\\\/fr\\\/wp-content\\\/uploads\\\/2023\\\/02\\\/4dbdcdedb3873a676c2fe5c6a46cac6e.jpg\",\"contentUrl\":\"https:\\\/\\\/www.webdo.tn\\\/fr\\\/wp-content\\\/uploads\\\/2023\\\/02\\\/4dbdcdedb3873a676c2fe5c6a46cac6e.jpg\",\"width\":750,\"height\":400,\"caption\":\"Kais Saied\"},{\"@type\":\"BreadcrumbList\",\"@id\":\"https:\\\/\\\/www.webdo.tn\\\/fr\\\/actualite\\\/national\\\/s-ils-veulent-nous-aider-qu-ils-effacent-nos-dettes-dixit-saied\\\/203011\\\/#breadcrumb\",\"itemListElement\":[{\"@type\":\"ListItem\",\"position\":1,\"name\":\"Accueil\",\"item\":\"https:\\\/\\\/www.webdo.tn\\\/fr\\\/\"},{\"@type\":\"ListItem\",\"position\":2,\"name\":\"\u00ab S\u2019ils veulent nous aider\u2026 qu\u2019ils effacent nos dettes \u00bb, dixit Saied\"}]},{\"@type\":\"WebSite\",\"@id\":\"https:\\\/\\\/www.webdo.tn\\\/fr\\\/#website\",\"url\":\"https:\\\/\\\/www.webdo.tn\\\/fr\\\/\",\"name\":\"webdo\",\"description\":\"Tunisie - News en Tunisie et \u00e0 l&#039;international sur Webdo.tn\",\"publisher\":{\"@id\":\"https:\\\/\\\/www.webdo.tn\\\/fr\\\/#organization\"},\"potentialAction\":[{\"@type\":\"SearchAction\",\"target\":{\"@type\":\"EntryPoint\",\"urlTemplate\":\"https:\\\/\\\/www.webdo.tn\\\/fr\\\/?s={search_term_string}\"},\"query-input\":{\"@type\":\"PropertyValueSpecification\",\"valueRequired\":true,\"valueName\":\"search_term_string\"}}],\"inLanguage\":\"fr-FR\"},{\"@type\":\"Organization\",\"@id\":\"https:\\\/\\\/www.webdo.tn\\\/fr\\\/#organization\",\"name\":\"Webdo\",\"alternateName\":\"Webdo.tn\",\"url\":\"https:\\\/\\\/www.webdo.tn\\\/fr\\\/\",\"logo\":{\"@type\":\"ImageObject\",\"inLanguage\":\"fr-FR\",\"@id\":\"https:\\\/\\\/www.webdo.tn\\\/fr\\\/#\\\/schema\\\/logo\\\/image\\\/\",\"url\":\"https:\\\/\\\/www.webdo.tn\\\/fr\\\/wp-content\\\/uploads\\\/2025\\\/06\\\/Webdo-Tunisie_168377.jpg\",\"contentUrl\":\"https:\\\/\\\/www.webdo.tn\\\/fr\\\/wp-content\\\/uploads\\\/2025\\\/06\\\/Webdo-Tunisie_168377.jpg\",\"width\":301,\"height\":301,\"caption\":\"Webdo\"},\"image\":{\"@id\":\"https:\\\/\\\/www.webdo.tn\\\/fr\\\/#\\\/schema\\\/logo\\\/image\\\/\"},\"sameAs\":[\"https:\\\/\\\/www.facebook.com\\\/webdotn\",\"https:\\\/\\\/x.com\\\/webdo_tn\"],\"description\":\"Webdo est un m\u00e9dia num\u00e9rique tunisien fond\u00e9 en 2010, sp\u00e9cialis\u00e9 dans l\u2019actualit\u00e9 nationale et internationale, l\u2019\u00e9conomie, la soci\u00e9t\u00e9 et les analyses politiques. Le site s\u2019adresse \u00e0 un large public francophone et couvre l\u2019information tunisienne en temps r\u00e9el.\",\"email\":\"redac@webdo.tn\",\"legalName\":\"YNJ SARL\",\"foundingDate\":\"2010-09-06\",\"numberOfEmployees\":{\"@type\":\"QuantitativeValue\",\"minValue\":\"11\",\"maxValue\":\"50\"}},{\"@type\":\"Person\",\"@id\":\"https:\\\/\\\/www.webdo.tn\\\/fr\\\/#\\\/schema\\\/person\\\/f35b42a42c5e2511bbd282959d6385cc\",\"name\":\"CL\",\"image\":{\"@type\":\"ImageObject\",\"inLanguage\":\"fr-FR\",\"@id\":\"https:\\\/\\\/secure.gravatar.com\\\/avatar\\\/1447a49909b67aa657c488aec6512e1dd6143a480c1ecfee9b5b5cd74eb3b59e?s=96&d=mm&r=g\",\"url\":\"https:\\\/\\\/secure.gravatar.com\\\/avatar\\\/1447a49909b67aa657c488aec6512e1dd6143a480c1ecfee9b5b5cd74eb3b59e?s=96&d=mm&r=g\",\"contentUrl\":\"https:\\\/\\\/secure.gravatar.com\\\/avatar\\\/1447a49909b67aa657c488aec6512e1dd6143a480c1ecfee9b5b5cd74eb3b59e?s=96&d=mm&r=g\",\"caption\":\"CL\"},\"url\":\"https:\\\/\\\/www.webdo.tn\\\/fr\\\/actualite\\\/author\\\/cl\\\/\"}]}<\/script>\n<!-- \/ Yoast SEO Premium plugin. -->","yoast_head_json":{"title":"\u00ab S\u2019ils veulent nous aider\u2026 qu\u2019ils effacent nos dettes \u00bb, dixit Saied","description":"Le chef de l\u2019Etat Kais Saied s\u2019est entretenu ce jeudi 16 f\u00e9vrier 2023, avec la cheffe du gouvernement Najla Bouden au sujet de plusieurs questions \u00e9conomiques e...","canonical":"https:\/\/www.webdo.tn\/fr\/actualite\/national\/s-ils-veulent-nous-aider-qu-ils-effacent-nos-dettes-dixit-saied\/203011\/","og_locale":"fr_FR","og_type":"article","og_title":"\u00ab S\u2019ils veulent nous aider\u2026 qu\u2019ils effacent nos dettes \u00bb, dixit Saied","og_description":"Le chef de l\u2019Etat Kais Saied s\u2019est entretenu ce jeudi 16 f\u00e9vrier 2023, avec la cheffe du gouvernement Najla Bouden au sujet de plusieurs questions \u00e9conomiques e...","og_url":"https:\/\/www.webdo.tn\/fr\/actualite\/national\/s-ils-veulent-nous-aider-qu-ils-effacent-nos-dettes-dixit-saied\/203011\/","og_site_name":"webdo","article_publisher":"https:\/\/www.facebook.com\/webdotn","article_published_time":"2023-02-16T18:40:00+00:00","article_modified_time":"2025-05-20T22:49:10+00:00","og_image":[{"width":750,"height":400,"url":"https:\/\/www.webdo.tn\/fr\/wp-content\/uploads\/2023\/02\/4dbdcdedb3873a676c2fe5c6a46cac6e.jpg","type":"image\/jpeg"}],"author":"CL","twitter_card":"summary_large_image","twitter_creator":"@webdo_tn","twitter_site":"@webdo_tn","twitter_misc":{"\u00c9crit par":"CL","Dur\u00e9e de lecture estim\u00e9e":"1 minute"},"schema":{"@context":"https:\/\/schema.org","@graph":[{"@type":"NewsArticle","@id":"https:\/\/www.webdo.tn\/fr\/actualite\/national\/s-ils-veulent-nous-aider-qu-ils-effacent-nos-dettes-dixit-saied\/203011\/#article","isPartOf":{"@id":"https:\/\/www.webdo.tn\/fr\/actualite\/national\/s-ils-veulent-nous-aider-qu-ils-effacent-nos-dettes-dixit-saied\/203011\/"},"author":{"name":"CL","@id":"https:\/\/www.webdo.tn\/fr\/#\/schema\/person\/f35b42a42c5e2511bbd282959d6385cc"},"headline":"\u00ab S\u2019ils veulent nous aider\u2026 qu\u2019ils effacent nos dettes \u00bb, dixit Saied","datePublished":"2023-02-16T18:40:00+00:00","dateModified":"2025-05-20T22:49:10+00:00","mainEntityOfPage":{"@id":"https:\/\/www.webdo.tn\/fr\/actualite\/national\/s-ils-veulent-nous-aider-qu-ils-effacent-nos-dettes-dixit-saied\/203011\/"},"wordCount":131,"commentCount":0,"publisher":{"@id":"https:\/\/www.webdo.tn\/fr\/#organization"},"image":{"@id":"https:\/\/www.webdo.tn\/fr\/actualite\/national\/s-ils-veulent-nous-aider-qu-ils-effacent-nos-dettes-dixit-saied\/203011\/#primaryimage"},"thumbnailUrl":"https:\/\/www.webdo.tn\/fr\/wp-content\/uploads\/2023\/02\/4dbdcdedb3873a676c2fe5c6a46cac6e.jpg","keywords":["Dettes","Kais Saied","Tunisie"],"articleSection":["National"],"inLanguage":"fr-FR"},{"@type":"WebPage","@id":"https:\/\/www.webdo.tn\/fr\/actualite\/national\/s-ils-veulent-nous-aider-qu-ils-effacent-nos-dettes-dixit-saied\/203011\/","url":"https:\/\/www.webdo.tn\/fr\/actualite\/national\/s-ils-veulent-nous-aider-qu-ils-effacent-nos-dettes-dixit-saied\/203011\/","name":"\u00ab S\u2019ils veulent nous aider\u2026 qu\u2019ils effacent nos dettes \u00bb, dixit Saied","isPartOf":{"@id":"https:\/\/www.webdo.tn\/fr\/#website"},"primaryImageOfPage":{"@id":"https:\/\/www.webdo.tn\/fr\/actualite\/national\/s-ils-veulent-nous-aider-qu-ils-effacent-nos-dettes-dixit-saied\/203011\/#primaryimage"},"image":{"@id":"https:\/\/www.webdo.tn\/fr\/actualite\/national\/s-ils-veulent-nous-aider-qu-ils-effacent-nos-dettes-dixit-saied\/203011\/#primaryimage"},"thumbnailUrl":"https:\/\/www.webdo.tn\/fr\/wp-content\/uploads\/2023\/02\/4dbdcdedb3873a676c2fe5c6a46cac6e.jpg","datePublished":"2023-02-16T18:40:00+00:00","dateModified":"2025-05-20T22:49:10+00:00","description":"Le chef de l\u2019Etat Kais Saied s\u2019est entretenu ce jeudi 16 f\u00e9vrier 2023, avec la cheffe du gouvernement Najla Bouden au sujet de plusieurs questions \u00e9conomiques e...","breadcrumb":{"@id":"https:\/\/www.webdo.tn\/fr\/actualite\/national\/s-ils-veulent-nous-aider-qu-ils-effacent-nos-dettes-dixit-saied\/203011\/#breadcrumb"},"inLanguage":"fr-FR","potentialAction":[{"@type":"ReadAction","target":["https:\/\/www.webdo.tn\/fr\/actualite\/national\/s-ils-veulent-nous-aider-qu-ils-effacent-nos-dettes-dixit-saied\/203011\/"]}]},{"@type":"ImageObject","inLanguage":"fr-FR","@id":"https:\/\/www.webdo.tn\/fr\/actualite\/national\/s-ils-veulent-nous-aider-qu-ils-effacent-nos-dettes-dixit-saied\/203011\/#primaryimage","url":"https:\/\/www.webdo.tn\/fr\/wp-content\/uploads\/2023\/02\/4dbdcdedb3873a676c2fe5c6a46cac6e.jpg","contentUrl":"https:\/\/www.webdo.tn\/fr\/wp-content\/uploads\/2023\/02\/4dbdcdedb3873a676c2fe5c6a46cac6e.jpg","width":750,"height":400,"caption":"Kais Saied"},{"@type":"BreadcrumbList","@id":"https:\/\/www.webdo.tn\/fr\/actualite\/national\/s-ils-veulent-nous-aider-qu-ils-effacent-nos-dettes-dixit-saied\/203011\/#breadcrumb","itemListElement":[{"@type":"ListItem","position":1,"name":"Accueil","item":"https:\/\/www.webdo.tn\/fr\/"},{"@type":"ListItem","position":2,"name":"\u00ab S\u2019ils veulent nous aider\u2026 qu\u2019ils effacent nos dettes \u00bb, dixit Saied"}]},{"@type":"WebSite","@id":"https:\/\/www.webdo.tn\/fr\/#website","url":"https:\/\/www.webdo.tn\/fr\/","name":"webdo","description":"Tunisie - News en Tunisie et \u00e0 l&#039;international sur Webdo.tn","publisher":{"@id":"https:\/\/www.webdo.tn\/fr\/#organization"},"potentialAction":[{"@type":"SearchAction","target":{"@type":"EntryPoint","urlTemplate":"https:\/\/www.webdo.tn\/fr\/?s={search_term_string}"},"query-input":{"@type":"PropertyValueSpecification","valueRequired":true,"valueName":"search_term_string"}}],"inLanguage":"fr-FR"},{"@type":"Organization","@id":"https:\/\/www.webdo.tn\/fr\/#organization","name":"Webdo","alternateName":"Webdo.tn","url":"https:\/\/www.webdo.tn\/fr\/","logo":{"@type":"ImageObject","inLanguage":"fr-FR","@id":"https:\/\/www.webdo.tn\/fr\/#\/schema\/logo\/image\/","url":"https:\/\/www.webdo.tn\/fr\/wp-content\/uploads\/2025\/06\/Webdo-Tunisie_168377.jpg","contentUrl":"https:\/\/www.webdo.tn\/fr\/wp-content\/uploads\/2025\/06\/Webdo-Tunisie_168377.jpg","width":301,"height":301,"caption":"Webdo"},"image":{"@id":"https:\/\/www.webdo.tn\/fr\/#\/schema\/logo\/image\/"},"sameAs":["https:\/\/www.facebook.com\/webdotn","https:\/\/x.com\/webdo_tn"],"description":"Webdo est un m\u00e9dia num\u00e9rique tunisien fond\u00e9 en 2010, sp\u00e9cialis\u00e9 dans l\u2019actualit\u00e9 nationale et internationale, l\u2019\u00e9conomie, la soci\u00e9t\u00e9 et les analyses politiques. Le site s\u2019adresse \u00e0 un large public francophone et couvre l\u2019information tunisienne en temps r\u00e9el.","email":"redac@webdo.tn","legalName":"YNJ SARL","foundingDate":"2010-09-06","numberOfEmployees":{"@type":"QuantitativeValue","minValue":"11","maxValue":"50"}},{"@type":"Person","@id":"https:\/\/www.webdo.tn\/fr\/#\/schema\/person\/f35b42a42c5e2511bbd282959d6385cc","name":"CL","image":{"@type":"ImageObject","inLanguage":"fr-FR","@id":"https:\/\/secure.gravatar.com\/avatar\/1447a49909b67aa657c488aec6512e1dd6143a480c1ecfee9b5b5cd74eb3b59e?s=96&d=mm&r=g","url":"https:\/\/secure.gravatar.com\/avatar\/1447a49909b67aa657c488aec6512e1dd6143a480c1ecfee9b5b5cd74eb3b59e?s=96&d=mm&r=g","contentUrl":"https:\/\/secure.gravatar.com\/avatar\/1447a49909b67aa657c488aec6512e1dd6143a480c1ecfee9b5b5cd74eb3b59e?s=96&d=mm&r=g","caption":"CL"},"url":"https:\/\/www.webdo.tn\/fr\/actualite\/author\/cl\/"}]}},"_links":{"self":[{"href":"https:\/\/www.webdo.tn\/fr\/wp-json\/wp\/v2\/posts\/203011","targetHints":{"allow":["GET"]}}],"collection":[{"href":"https:\/\/www.webdo.tn\/fr\/wp-json\/wp\/v2\/posts"}],"about":[{"href":"https:\/\/www.webdo.tn\/fr\/wp-json\/wp\/v2\/types\/post"}],"author":[{"embeddable":true,"href":"https:\/\/www.webdo.tn\/fr\/wp-json\/wp\/v2\/users\/3175"}],"replies":[{"embeddable":true,"href":"https:\/\/www.webdo.tn\/fr\/wp-json\/wp\/v2\/comments?post=203011"}],"version-history":[{"count":0,"href":"https:\/\/www.webdo.tn\/fr\/wp-json\/wp\/v2\/posts\/203011\/revisions"}],"wp:featuredmedia":[{"embeddable":true,"href":"https:\/\/www.webdo.tn\/fr\/wp-json\/wp\/v2\/media\/277759"}],"wp:attachment":[{"href":"https:\/\/www.webdo.tn\/fr\/wp-json\/wp\/v2\/media?parent=203011"}],"wp:term":[{"taxonomy":"category","embeddable":true,"href":"https:\/\/www.webdo.tn\/fr\/wp-json\/wp\/v2\/categories?post=203011"},{"taxonomy":"post_tag","embeddable":true,"href":"https:\/\/www.webdo.tn\/fr\/wp-json\/wp\/v2\/tags?post=203011"}],"curies":[{"name":"wp","href":"https:\/\/api.w.org\/{rel}","templated":true}]}}