{"id":203003,"date":"2023-02-16T14:30:00","date_gmt":"2023-02-16T14:30:00","guid":{"rendered":"https:\/\/www.webdo.tn\/fr\/blog\/liberte-de-presse-les-journalistes-protestent-a-la-kasbah\/203003\/"},"modified":"2025-05-20T22:02:26","modified_gmt":"2025-05-20T22:02:26","slug":"liberte-de-presse-les-journalistes-protestent-a-la-kasbah","status":"publish","type":"post","link":"https:\/\/www.webdo.tn\/fr\/actualite\/national\/liberte-de-presse-les-journalistes-protestent-a-la-kasbah\/203003\/","title":{"rendered":"Libert\u00e9 de presse : Les journalistes protestent \u00e0 la Kasbah"},"content":{"rendered":"<p>Les journalistes ont protest\u00e9, aujourd\u2019hui \u00e0 la Kasbah \u00e0 l\u2019appel du Syndicat national des journalistes tunisiens (SNJT).<\/p>\n<p>\t\t\t\t\t\t\t\t\tApr\u00e8s avoir port\u00e9 le brassard rouge, hier mercredi, les journalistes tunisiens ont organis\u00e9, ce jeudi 16 f\u00e9vrier, un rassemblement de protestation sur la place de la Kasbah et dans plusieurs r\u00e9gions et ce, suite \u00e0 l\u2019appel, lanc\u00e9 dans ce sens, par le Syndicat national des journalistes tunisiens (SNJT).<\/p>\n<p>Les journalistes ont protest\u00e9 contre le harc\u00e8lement exerc\u00e9 par \u00ab\u00a0le pouvoir\u00a0\u00bb sur les m\u00e9dias, qui s\u2019est confirm\u00e9 par l\u2019arrestation du directeur g\u00e9n\u00e9ral de Mosa\u00efque FM, Noureddine Boutar. Le SNJT a consid\u00e9r\u00e9 que cette arrestation vise \u00e0 assujettir les m\u00e9dias et \u00e0 manipuler leurs lignes \u00e9ditoriales.<\/p>\n<p>Ce mouvement de protestation des journalistes a rassembl\u00e9 les journalistes dees diff\u00e9rents m\u00e9dias, publics et priv\u00e9s, \u00e9crits et \u00e9lectroniques, visuels et radiophoniques.<\/p>\n<p>Ces manifestations coordonn\u00e9es visent \u00e9galement \u00e0 d\u00e9noncer la d\u00e9t\u00e9rioration des conditions de travail dans de nombreux m\u00e9dias et \u00e0 fustiger les reports \u00e0 r\u00e9p\u00e9tition du gouvernement dans l&rsquo;ex\u00e9cution des accords conclus par le pass\u00e9 avec le syndicat national des journalistes tunisiens (SNJT).<\/p>\n","protected":false},"excerpt":{"rendered":"<p>Les journalistes ont protest\u00e9, aujourd\u2019hui \u00e0 la Kasbah \u00e0 l\u2019appel du Syndicat national des journalistes tunisiens (SNJT).<\/p>\n","protected":false},"author":3162,"featured_media":251974,"comment_status":"open","ping_status":"closed","sticky":false,"template":"","format":"standard","meta":{"footnotes":""},"categories":[44],"tags":[2758,8786,2817,5808,2796,2759],"class_list":["post-203003","post","type-post","status-publish","format-standard","has-post-thumbnail","hentry","category-national","tag-journalistes","tag-liberte-de-presse","tag-manifestation","tag-mosaique-fm","tag-protestation","tag-snjt"],"yoast_head":"<!-- This site is optimized with the Yoast SEO Premium plugin v27.5 (Yoast SEO v27.5) - https:\/\/yoast.com\/product\/yoast-seo-premium-wordpress\/ -->\n<title>Libert\u00e9 de presse : Les journalistes protestent \u00e0 la Kasbah<\/title>\n<meta name=\"description\" content=\"Les journalistes ont protest\u00e9, aujourd\u2019hui \u00e0 la Kasbah \u00e0 l\u2019appel du Syndicat national des journalistes tunisiens (SNJT).\" \/>\n<link rel=\"canonical\" href=\"https:\/\/www.webdo.tn\/fr\/actualite\/national\/liberte-de-presse-les-journalistes-protestent-a-la-kasbah\/203003\/\" \/>\n<meta property=\"og:locale\" content=\"fr_FR\" \/>\n<meta property=\"og:type\" content=\"article\" \/>\n<meta property=\"og:title\" content=\"Libert\u00e9 de presse : Les journalistes protestent \u00e0 la Kasbah\" \/>\n<meta property=\"og:description\" content=\"Les journalistes ont protest\u00e9, aujourd\u2019hui \u00e0 la Kasbah \u00e0 l\u2019appel du Syndicat national des journalistes tunisiens (SNJT).\" \/>\n<meta property=\"og:url\" content=\"https:\/\/www.webdo.tn\/fr\/actualite\/national\/liberte-de-presse-les-journalistes-protestent-a-la-kasbah\/203003\/\" \/>\n<meta property=\"og:site_name\" content=\"webdo\" \/>\n<meta property=\"article:publisher\" content=\"https:\/\/www.facebook.com\/webdotn\" \/>\n<meta property=\"article:published_time\" content=\"2023-02-16T14:30:00+00:00\" \/>\n<meta property=\"article:modified_time\" content=\"2025-05-20T22:02:26+00:00\" \/>\n<meta property=\"og:image\" content=\"https:\/\/www.webdo.tn\/fr\/wp-content\/uploads\/2023\/02\/026de7d20ff86db4b3ea57d8aa07d55d.jpg\" \/>\n\t<meta property=\"og:image:width\" content=\"750\" \/>\n\t<meta property=\"og:image:height\" content=\"400\" \/>\n\t<meta property=\"og:image:type\" content=\"image\/jpeg\" \/>\n<meta name=\"author\" content=\"MC\" \/>\n<meta name=\"twitter:card\" content=\"summary_large_image\" \/>\n<meta name=\"twitter:creator\" content=\"@webdo_tn\" \/>\n<meta name=\"twitter:site\" content=\"@webdo_tn\" \/>\n<meta name=\"twitter:label1\" content=\"\u00c9crit par\" \/>\n\t<meta name=\"twitter:data1\" content=\"MC\" \/>\n\t<meta name=\"twitter:label2\" content=\"Dur\u00e9e de lecture estim\u00e9e\" \/>\n\t<meta name=\"twitter:data2\" content=\"1 minute\" \/>\n<script type=\"application\/ld+json\" class=\"yoast-schema-graph\">{\"@context\":\"https:\\\/\\\/schema.org\",\"@graph\":[{\"@type\":\"NewsArticle\",\"@id\":\"https:\\\/\\\/www.webdo.tn\\\/fr\\\/actualite\\\/national\\\/liberte-de-presse-les-journalistes-protestent-a-la-kasbah\\\/203003\\\/#article\",\"isPartOf\":{\"@id\":\"https:\\\/\\\/www.webdo.tn\\\/fr\\\/actualite\\\/national\\\/liberte-de-presse-les-journalistes-protestent-a-la-kasbah\\\/203003\\\/\"},\"author\":{\"name\":\"MC\",\"@id\":\"https:\\\/\\\/www.webdo.tn\\\/fr\\\/#\\\/schema\\\/person\\\/2c4929cbf5a809e3bd38617c6ce150f6\"},\"headline\":\"Libert\u00e9 de presse : Les journalistes protestent \u00e0 la Kasbah\",\"datePublished\":\"2023-02-16T14:30:00+00:00\",\"dateModified\":\"2025-05-20T22:02:26+00:00\",\"mainEntityOfPage\":{\"@id\":\"https:\\\/\\\/www.webdo.tn\\\/fr\\\/actualite\\\/national\\\/liberte-de-presse-les-journalistes-protestent-a-la-kasbah\\\/203003\\\/\"},\"wordCount\":200,\"commentCount\":0,\"publisher\":{\"@id\":\"https:\\\/\\\/www.webdo.tn\\\/fr\\\/#organization\"},\"image\":{\"@id\":\"https:\\\/\\\/www.webdo.tn\\\/fr\\\/actualite\\\/national\\\/liberte-de-presse-les-journalistes-protestent-a-la-kasbah\\\/203003\\\/#primaryimage\"},\"thumbnailUrl\":\"https:\\\/\\\/www.webdo.tn\\\/fr\\\/wp-content\\\/uploads\\\/2023\\\/02\\\/026de7d20ff86db4b3ea57d8aa07d55d.jpg\",\"keywords\":[\"Journalistes\",\"libert\u00e9 de presse\",\"Manifestation\",\"mosaique fm\",\"protestation\",\"snjt\"],\"articleSection\":[\"National\"],\"inLanguage\":\"fr-FR\"},{\"@type\":\"WebPage\",\"@id\":\"https:\\\/\\\/www.webdo.tn\\\/fr\\\/actualite\\\/national\\\/liberte-de-presse-les-journalistes-protestent-a-la-kasbah\\\/203003\\\/\",\"url\":\"https:\\\/\\\/www.webdo.tn\\\/fr\\\/actualite\\\/national\\\/liberte-de-presse-les-journalistes-protestent-a-la-kasbah\\\/203003\\\/\",\"name\":\"Libert\u00e9 de presse : Les journalistes protestent \u00e0 la Kasbah\",\"isPartOf\":{\"@id\":\"https:\\\/\\\/www.webdo.tn\\\/fr\\\/#website\"},\"primaryImageOfPage\":{\"@id\":\"https:\\\/\\\/www.webdo.tn\\\/fr\\\/actualite\\\/national\\\/liberte-de-presse-les-journalistes-protestent-a-la-kasbah\\\/203003\\\/#primaryimage\"},\"image\":{\"@id\":\"https:\\\/\\\/www.webdo.tn\\\/fr\\\/actualite\\\/national\\\/liberte-de-presse-les-journalistes-protestent-a-la-kasbah\\\/203003\\\/#primaryimage\"},\"thumbnailUrl\":\"https:\\\/\\\/www.webdo.tn\\\/fr\\\/wp-content\\\/uploads\\\/2023\\\/02\\\/026de7d20ff86db4b3ea57d8aa07d55d.jpg\",\"datePublished\":\"2023-02-16T14:30:00+00:00\",\"dateModified\":\"2025-05-20T22:02:26+00:00\",\"description\":\"Les journalistes ont protest\u00e9, aujourd\u2019hui \u00e0 la Kasbah \u00e0 l\u2019appel du Syndicat national des journalistes tunisiens (SNJT).\",\"breadcrumb\":{\"@id\":\"https:\\\/\\\/www.webdo.tn\\\/fr\\\/actualite\\\/national\\\/liberte-de-presse-les-journalistes-protestent-a-la-kasbah\\\/203003\\\/#breadcrumb\"},\"inLanguage\":\"fr-FR\",\"potentialAction\":[{\"@type\":\"ReadAction\",\"target\":[\"https:\\\/\\\/www.webdo.tn\\\/fr\\\/actualite\\\/national\\\/liberte-de-presse-les-journalistes-protestent-a-la-kasbah\\\/203003\\\/\"]}]},{\"@type\":\"ImageObject\",\"inLanguage\":\"fr-FR\",\"@id\":\"https:\\\/\\\/www.webdo.tn\\\/fr\\\/actualite\\\/national\\\/liberte-de-presse-les-journalistes-protestent-a-la-kasbah\\\/203003\\\/#primaryimage\",\"url\":\"https:\\\/\\\/www.webdo.tn\\\/fr\\\/wp-content\\\/uploads\\\/2023\\\/02\\\/026de7d20ff86db4b3ea57d8aa07d55d.jpg\",\"contentUrl\":\"https:\\\/\\\/www.webdo.tn\\\/fr\\\/wp-content\\\/uploads\\\/2023\\\/02\\\/026de7d20ff86db4b3ea57d8aa07d55d.jpg\",\"width\":750,\"height\":400,\"caption\":\"Libert\u00e9 de presse : Les journalistes protestent \u00e0 la Kasbah\"},{\"@type\":\"BreadcrumbList\",\"@id\":\"https:\\\/\\\/www.webdo.tn\\\/fr\\\/actualite\\\/national\\\/liberte-de-presse-les-journalistes-protestent-a-la-kasbah\\\/203003\\\/#breadcrumb\",\"itemListElement\":[{\"@type\":\"ListItem\",\"position\":1,\"name\":\"Accueil\",\"item\":\"https:\\\/\\\/www.webdo.tn\\\/fr\\\/\"},{\"@type\":\"ListItem\",\"position\":2,\"name\":\"Libert\u00e9 de presse : Les journalistes protestent \u00e0 la Kasbah\"}]},{\"@type\":\"WebSite\",\"@id\":\"https:\\\/\\\/www.webdo.tn\\\/fr\\\/#website\",\"url\":\"https:\\\/\\\/www.webdo.tn\\\/fr\\\/\",\"name\":\"webdo\",\"description\":\"Tunisie - News en Tunisie et \u00e0 l&#039;international sur Webdo.tn\",\"publisher\":{\"@id\":\"https:\\\/\\\/www.webdo.tn\\\/fr\\\/#organization\"},\"potentialAction\":[{\"@type\":\"SearchAction\",\"target\":{\"@type\":\"EntryPoint\",\"urlTemplate\":\"https:\\\/\\\/www.webdo.tn\\\/fr\\\/?s={search_term_string}\"},\"query-input\":{\"@type\":\"PropertyValueSpecification\",\"valueRequired\":true,\"valueName\":\"search_term_string\"}}],\"inLanguage\":\"fr-FR\"},{\"@type\":\"Organization\",\"@id\":\"https:\\\/\\\/www.webdo.tn\\\/fr\\\/#organization\",\"name\":\"Webdo\",\"alternateName\":\"Webdo.tn\",\"url\":\"https:\\\/\\\/www.webdo.tn\\\/fr\\\/\",\"logo\":{\"@type\":\"ImageObject\",\"inLanguage\":\"fr-FR\",\"@id\":\"https:\\\/\\\/www.webdo.tn\\\/fr\\\/#\\\/schema\\\/logo\\\/image\\\/\",\"url\":\"https:\\\/\\\/www.webdo.tn\\\/fr\\\/wp-content\\\/uploads\\\/2025\\\/06\\\/Webdo-Tunisie_168377.jpg\",\"contentUrl\":\"https:\\\/\\\/www.webdo.tn\\\/fr\\\/wp-content\\\/uploads\\\/2025\\\/06\\\/Webdo-Tunisie_168377.jpg\",\"width\":301,\"height\":301,\"caption\":\"Webdo\"},\"image\":{\"@id\":\"https:\\\/\\\/www.webdo.tn\\\/fr\\\/#\\\/schema\\\/logo\\\/image\\\/\"},\"sameAs\":[\"https:\\\/\\\/www.facebook.com\\\/webdotn\",\"https:\\\/\\\/x.com\\\/webdo_tn\"],\"description\":\"Webdo est un m\u00e9dia num\u00e9rique tunisien fond\u00e9 en 2010, sp\u00e9cialis\u00e9 dans l\u2019actualit\u00e9 nationale et internationale, l\u2019\u00e9conomie, la soci\u00e9t\u00e9 et les analyses politiques. Le site s\u2019adresse \u00e0 un large public francophone et couvre l\u2019information tunisienne en temps r\u00e9el.\",\"email\":\"redac@webdo.tn\",\"legalName\":\"YNJ SARL\",\"foundingDate\":\"2010-09-06\",\"numberOfEmployees\":{\"@type\":\"QuantitativeValue\",\"minValue\":\"11\",\"maxValue\":\"50\"}},{\"@type\":\"Person\",\"@id\":\"https:\\\/\\\/www.webdo.tn\\\/fr\\\/#\\\/schema\\\/person\\\/2c4929cbf5a809e3bd38617c6ce150f6\",\"name\":\"MC\",\"image\":{\"@type\":\"ImageObject\",\"inLanguage\":\"fr-FR\",\"@id\":\"https:\\\/\\\/secure.gravatar.com\\\/avatar\\\/a545bbb6f84efdd5553dbbc2895e3ca8f1d12c5215e00a041c9670b54aa9b18a?s=96&d=mm&r=g\",\"url\":\"https:\\\/\\\/secure.gravatar.com\\\/avatar\\\/a545bbb6f84efdd5553dbbc2895e3ca8f1d12c5215e00a041c9670b54aa9b18a?s=96&d=mm&r=g\",\"contentUrl\":\"https:\\\/\\\/secure.gravatar.com\\\/avatar\\\/a545bbb6f84efdd5553dbbc2895e3ca8f1d12c5215e00a041c9670b54aa9b18a?s=96&d=mm&r=g\",\"caption\":\"MC\"},\"url\":\"https:\\\/\\\/www.webdo.tn\\\/fr\\\/actualite\\\/author\\\/mc\\\/\"}]}<\/script>\n<!-- \/ Yoast SEO Premium plugin. -->","yoast_head_json":{"title":"Libert\u00e9 de presse : Les journalistes protestent \u00e0 la Kasbah","description":"Les journalistes ont protest\u00e9, aujourd\u2019hui \u00e0 la Kasbah \u00e0 l\u2019appel du Syndicat national des journalistes tunisiens (SNJT).","canonical":"https:\/\/www.webdo.tn\/fr\/actualite\/national\/liberte-de-presse-les-journalistes-protestent-a-la-kasbah\/203003\/","og_locale":"fr_FR","og_type":"article","og_title":"Libert\u00e9 de presse : Les journalistes protestent \u00e0 la Kasbah","og_description":"Les journalistes ont protest\u00e9, aujourd\u2019hui \u00e0 la Kasbah \u00e0 l\u2019appel du Syndicat national des journalistes tunisiens (SNJT).","og_url":"https:\/\/www.webdo.tn\/fr\/actualite\/national\/liberte-de-presse-les-journalistes-protestent-a-la-kasbah\/203003\/","og_site_name":"webdo","article_publisher":"https:\/\/www.facebook.com\/webdotn","article_published_time":"2023-02-16T14:30:00+00:00","article_modified_time":"2025-05-20T22:02:26+00:00","og_image":[{"width":750,"height":400,"url":"https:\/\/www.webdo.tn\/fr\/wp-content\/uploads\/2023\/02\/026de7d20ff86db4b3ea57d8aa07d55d.jpg","type":"image\/jpeg"}],"author":"MC","twitter_card":"summary_large_image","twitter_creator":"@webdo_tn","twitter_site":"@webdo_tn","twitter_misc":{"\u00c9crit par":"MC","Dur\u00e9e de lecture estim\u00e9e":"1 minute"},"schema":{"@context":"https:\/\/schema.org","@graph":[{"@type":"NewsArticle","@id":"https:\/\/www.webdo.tn\/fr\/actualite\/national\/liberte-de-presse-les-journalistes-protestent-a-la-kasbah\/203003\/#article","isPartOf":{"@id":"https:\/\/www.webdo.tn\/fr\/actualite\/national\/liberte-de-presse-les-journalistes-protestent-a-la-kasbah\/203003\/"},"author":{"name":"MC","@id":"https:\/\/www.webdo.tn\/fr\/#\/schema\/person\/2c4929cbf5a809e3bd38617c6ce150f6"},"headline":"Libert\u00e9 de presse : Les journalistes protestent \u00e0 la Kasbah","datePublished":"2023-02-16T14:30:00+00:00","dateModified":"2025-05-20T22:02:26+00:00","mainEntityOfPage":{"@id":"https:\/\/www.webdo.tn\/fr\/actualite\/national\/liberte-de-presse-les-journalistes-protestent-a-la-kasbah\/203003\/"},"wordCount":200,"commentCount":0,"publisher":{"@id":"https:\/\/www.webdo.tn\/fr\/#organization"},"image":{"@id":"https:\/\/www.webdo.tn\/fr\/actualite\/national\/liberte-de-presse-les-journalistes-protestent-a-la-kasbah\/203003\/#primaryimage"},"thumbnailUrl":"https:\/\/www.webdo.tn\/fr\/wp-content\/uploads\/2023\/02\/026de7d20ff86db4b3ea57d8aa07d55d.jpg","keywords":["Journalistes","libert\u00e9 de presse","Manifestation","mosaique fm","protestation","snjt"],"articleSection":["National"],"inLanguage":"fr-FR"},{"@type":"WebPage","@id":"https:\/\/www.webdo.tn\/fr\/actualite\/national\/liberte-de-presse-les-journalistes-protestent-a-la-kasbah\/203003\/","url":"https:\/\/www.webdo.tn\/fr\/actualite\/national\/liberte-de-presse-les-journalistes-protestent-a-la-kasbah\/203003\/","name":"Libert\u00e9 de presse : Les journalistes protestent \u00e0 la Kasbah","isPartOf":{"@id":"https:\/\/www.webdo.tn\/fr\/#website"},"primaryImageOfPage":{"@id":"https:\/\/www.webdo.tn\/fr\/actualite\/national\/liberte-de-presse-les-journalistes-protestent-a-la-kasbah\/203003\/#primaryimage"},"image":{"@id":"https:\/\/www.webdo.tn\/fr\/actualite\/national\/liberte-de-presse-les-journalistes-protestent-a-la-kasbah\/203003\/#primaryimage"},"thumbnailUrl":"https:\/\/www.webdo.tn\/fr\/wp-content\/uploads\/2023\/02\/026de7d20ff86db4b3ea57d8aa07d55d.jpg","datePublished":"2023-02-16T14:30:00+00:00","dateModified":"2025-05-20T22:02:26+00:00","description":"Les journalistes ont protest\u00e9, aujourd\u2019hui \u00e0 la Kasbah \u00e0 l\u2019appel du Syndicat national des journalistes tunisiens (SNJT).","breadcrumb":{"@id":"https:\/\/www.webdo.tn\/fr\/actualite\/national\/liberte-de-presse-les-journalistes-protestent-a-la-kasbah\/203003\/#breadcrumb"},"inLanguage":"fr-FR","potentialAction":[{"@type":"ReadAction","target":["https:\/\/www.webdo.tn\/fr\/actualite\/national\/liberte-de-presse-les-journalistes-protestent-a-la-kasbah\/203003\/"]}]},{"@type":"ImageObject","inLanguage":"fr-FR","@id":"https:\/\/www.webdo.tn\/fr\/actualite\/national\/liberte-de-presse-les-journalistes-protestent-a-la-kasbah\/203003\/#primaryimage","url":"https:\/\/www.webdo.tn\/fr\/wp-content\/uploads\/2023\/02\/026de7d20ff86db4b3ea57d8aa07d55d.jpg","contentUrl":"https:\/\/www.webdo.tn\/fr\/wp-content\/uploads\/2023\/02\/026de7d20ff86db4b3ea57d8aa07d55d.jpg","width":750,"height":400,"caption":"Libert\u00e9 de presse : Les journalistes protestent \u00e0 la Kasbah"},{"@type":"BreadcrumbList","@id":"https:\/\/www.webdo.tn\/fr\/actualite\/national\/liberte-de-presse-les-journalistes-protestent-a-la-kasbah\/203003\/#breadcrumb","itemListElement":[{"@type":"ListItem","position":1,"name":"Accueil","item":"https:\/\/www.webdo.tn\/fr\/"},{"@type":"ListItem","position":2,"name":"Libert\u00e9 de presse : Les journalistes protestent \u00e0 la Kasbah"}]},{"@type":"WebSite","@id":"https:\/\/www.webdo.tn\/fr\/#website","url":"https:\/\/www.webdo.tn\/fr\/","name":"webdo","description":"Tunisie - News en Tunisie et \u00e0 l&#039;international sur Webdo.tn","publisher":{"@id":"https:\/\/www.webdo.tn\/fr\/#organization"},"potentialAction":[{"@type":"SearchAction","target":{"@type":"EntryPoint","urlTemplate":"https:\/\/www.webdo.tn\/fr\/?s={search_term_string}"},"query-input":{"@type":"PropertyValueSpecification","valueRequired":true,"valueName":"search_term_string"}}],"inLanguage":"fr-FR"},{"@type":"Organization","@id":"https:\/\/www.webdo.tn\/fr\/#organization","name":"Webdo","alternateName":"Webdo.tn","url":"https:\/\/www.webdo.tn\/fr\/","logo":{"@type":"ImageObject","inLanguage":"fr-FR","@id":"https:\/\/www.webdo.tn\/fr\/#\/schema\/logo\/image\/","url":"https:\/\/www.webdo.tn\/fr\/wp-content\/uploads\/2025\/06\/Webdo-Tunisie_168377.jpg","contentUrl":"https:\/\/www.webdo.tn\/fr\/wp-content\/uploads\/2025\/06\/Webdo-Tunisie_168377.jpg","width":301,"height":301,"caption":"Webdo"},"image":{"@id":"https:\/\/www.webdo.tn\/fr\/#\/schema\/logo\/image\/"},"sameAs":["https:\/\/www.facebook.com\/webdotn","https:\/\/x.com\/webdo_tn"],"description":"Webdo est un m\u00e9dia num\u00e9rique tunisien fond\u00e9 en 2010, sp\u00e9cialis\u00e9 dans l\u2019actualit\u00e9 nationale et internationale, l\u2019\u00e9conomie, la soci\u00e9t\u00e9 et les analyses politiques. Le site s\u2019adresse \u00e0 un large public francophone et couvre l\u2019information tunisienne en temps r\u00e9el.","email":"redac@webdo.tn","legalName":"YNJ SARL","foundingDate":"2010-09-06","numberOfEmployees":{"@type":"QuantitativeValue","minValue":"11","maxValue":"50"}},{"@type":"Person","@id":"https:\/\/www.webdo.tn\/fr\/#\/schema\/person\/2c4929cbf5a809e3bd38617c6ce150f6","name":"MC","image":{"@type":"ImageObject","inLanguage":"fr-FR","@id":"https:\/\/secure.gravatar.com\/avatar\/a545bbb6f84efdd5553dbbc2895e3ca8f1d12c5215e00a041c9670b54aa9b18a?s=96&d=mm&r=g","url":"https:\/\/secure.gravatar.com\/avatar\/a545bbb6f84efdd5553dbbc2895e3ca8f1d12c5215e00a041c9670b54aa9b18a?s=96&d=mm&r=g","contentUrl":"https:\/\/secure.gravatar.com\/avatar\/a545bbb6f84efdd5553dbbc2895e3ca8f1d12c5215e00a041c9670b54aa9b18a?s=96&d=mm&r=g","caption":"MC"},"url":"https:\/\/www.webdo.tn\/fr\/actualite\/author\/mc\/"}]}},"_links":{"self":[{"href":"https:\/\/www.webdo.tn\/fr\/wp-json\/wp\/v2\/posts\/203003","targetHints":{"allow":["GET"]}}],"collection":[{"href":"https:\/\/www.webdo.tn\/fr\/wp-json\/wp\/v2\/posts"}],"about":[{"href":"https:\/\/www.webdo.tn\/fr\/wp-json\/wp\/v2\/types\/post"}],"author":[{"embeddable":true,"href":"https:\/\/www.webdo.tn\/fr\/wp-json\/wp\/v2\/users\/3162"}],"replies":[{"embeddable":true,"href":"https:\/\/www.webdo.tn\/fr\/wp-json\/wp\/v2\/comments?post=203003"}],"version-history":[{"count":0,"href":"https:\/\/www.webdo.tn\/fr\/wp-json\/wp\/v2\/posts\/203003\/revisions"}],"wp:featuredmedia":[{"embeddable":true,"href":"https:\/\/www.webdo.tn\/fr\/wp-json\/wp\/v2\/media\/251974"}],"wp:attachment":[{"href":"https:\/\/www.webdo.tn\/fr\/wp-json\/wp\/v2\/media?parent=203003"}],"wp:term":[{"taxonomy":"category","embeddable":true,"href":"https:\/\/www.webdo.tn\/fr\/wp-json\/wp\/v2\/categories?post=203003"},{"taxonomy":"post_tag","embeddable":true,"href":"https:\/\/www.webdo.tn\/fr\/wp-json\/wp\/v2\/tags?post=203003"}],"curies":[{"name":"wp","href":"https:\/\/api.w.org\/{rel}","templated":true}]}}