{"id":203001,"date":"2023-02-16T12:54:00","date_gmt":"2023-02-16T12:54:00","guid":{"rendered":"https:\/\/www.webdo.tn\/fr\/blog\/63-tunisiens-rescapes-du-seisme-en-turquie-rapatries\/203001\/"},"modified":"2025-05-20T22:02:25","modified_gmt":"2025-05-20T22:02:25","slug":"63-tunisiens-rescapes-du-seisme-en-turquie-rapatries","status":"publish","type":"post","link":"https:\/\/www.webdo.tn\/fr\/actualite\/national\/63-tunisiens-rescapes-du-seisme-en-turquie-rapatries\/203001\/","title":{"rendered":"63 Tunisiens rescap\u00e9s du s\u00e9isme en Turquie rapatri\u00e9s"},"content":{"rendered":"<p>Un deuxi\u00e8me vol assurant l&rsquo;\u00e9vacuation de 63 citoyens tunisiens, dont 24 enfants, \u00e9tablis dans les zones touch\u00e9es par le tremblement de terre qui a frapp\u00e9 le sud de la Turquie, le 6 f\u00e9vrier est arriv\u00e9, hier, \u00e0 l&rsquo;a\u00e9roport de Tunis Carthage.<\/p>\n<p>\t\t\t\t\t\t\t\t\tUn premier vol transportant 11 rescap\u00e9s tunisiens en provenance du sud de la Turquie, est arriv\u00e9, le 11 f\u00e9vrier dernier \u00e0 Tunis.<\/p>\n<p>Les op\u00e9rations d&rsquo;\u00e9vacuation doivent se poursuivre dans les prochains jours pour les Tunisiens qui le souhaitent.<\/p>\n<p>Il a rappel\u00e9 qu\u2019aucun d\u00e9c\u00e8s n&rsquo;a \u00e9t\u00e9 enregistr\u00e9 parmi les ressortissants tunisiens, alors que 500 Tunisiens, environ, r\u00e9sident dans les zones touch\u00e9es par le s\u00e9isme qui a ravag\u00e9 le sud de la Turquie.<\/p>\n","protected":false},"excerpt":{"rendered":"<p>Un deuxi\u00e8me vol assurant l&rsquo;\u00e9vacuation de 63 citoyens tunisiens, dont 24 enfants, \u00e9tablis dans les zones touch\u00e9es par le tremblement de terre qui a frapp\u00e9 le sud&#8230;<\/p>\n","protected":false},"author":3162,"featured_media":251973,"comment_status":"open","ping_status":"closed","sticky":false,"template":"","format":"standard","meta":{"footnotes":""},"categories":[44],"tags":[5538,7271,2608,3550],"class_list":["post-203001","post","type-post","status-publish","format-standard","has-post-thumbnail","hentry","category-national","tag-rapatriement","tag-seisme","tag-tunisie","tag-turquie"],"yoast_head":"<!-- This site is optimized with the Yoast SEO Premium plugin v27.4 (Yoast SEO v27.5) - https:\/\/yoast.com\/product\/yoast-seo-premium-wordpress\/ -->\n<title>63 Tunisiens rescap\u00e9s du s\u00e9isme en Turquie rapatri\u00e9s<\/title>\n<meta name=\"description\" content=\"Un deuxi\u00e8me vol assurant l&#039;\u00e9vacuation de 63 citoyens tunisiens, dont 24 enfants, \u00e9tablis dans les zones touch\u00e9es par le tremblement de terre qui a frapp\u00e9 le sud...\" \/>\n<link rel=\"canonical\" href=\"https:\/\/www.webdo.tn\/fr\/actualite\/national\/63-tunisiens-rescapes-du-seisme-en-turquie-rapatries\/203001\/\" \/>\n<meta property=\"og:locale\" content=\"fr_FR\" \/>\n<meta property=\"og:type\" content=\"article\" \/>\n<meta property=\"og:title\" content=\"63 Tunisiens rescap\u00e9s du s\u00e9isme en Turquie rapatri\u00e9s\" \/>\n<meta property=\"og:description\" content=\"Un deuxi\u00e8me vol assurant l&#039;\u00e9vacuation de 63 citoyens tunisiens, dont 24 enfants, \u00e9tablis dans les zones touch\u00e9es par le tremblement de terre qui a frapp\u00e9 le sud...\" \/>\n<meta property=\"og:url\" content=\"https:\/\/www.webdo.tn\/fr\/actualite\/national\/63-tunisiens-rescapes-du-seisme-en-turquie-rapatries\/203001\/\" \/>\n<meta property=\"og:site_name\" content=\"webdo\" \/>\n<meta property=\"article:publisher\" content=\"https:\/\/www.facebook.com\/webdotn\" \/>\n<meta property=\"article:published_time\" content=\"2023-02-16T12:54:00+00:00\" \/>\n<meta property=\"article:modified_time\" content=\"2025-05-20T22:02:25+00:00\" \/>\n<meta property=\"og:image\" content=\"https:\/\/www.webdo.tn\/fr\/wp-content\/uploads\/2023\/02\/e563012fe4b49e794afc48bcd1c89276.png\" \/>\n\t<meta property=\"og:image:width\" content=\"750\" \/>\n\t<meta property=\"og:image:height\" content=\"400\" \/>\n\t<meta property=\"og:image:type\" content=\"image\/png\" \/>\n<meta name=\"author\" content=\"MC\" \/>\n<meta name=\"twitter:card\" content=\"summary_large_image\" \/>\n<meta name=\"twitter:creator\" content=\"@webdo_tn\" \/>\n<meta name=\"twitter:site\" content=\"@webdo_tn\" \/>\n<meta name=\"twitter:label1\" content=\"\u00c9crit par\" \/>\n\t<meta name=\"twitter:data1\" content=\"MC\" \/>\n\t<meta name=\"twitter:label2\" content=\"Dur\u00e9e de lecture estim\u00e9e\" \/>\n\t<meta name=\"twitter:data2\" content=\"1 minute\" \/>\n<script type=\"application\/ld+json\" class=\"yoast-schema-graph\">{\"@context\":\"https:\\\/\\\/schema.org\",\"@graph\":[{\"@type\":\"NewsArticle\",\"@id\":\"https:\\\/\\\/www.webdo.tn\\\/fr\\\/actualite\\\/national\\\/63-tunisiens-rescapes-du-seisme-en-turquie-rapatries\\\/203001\\\/#article\",\"isPartOf\":{\"@id\":\"https:\\\/\\\/www.webdo.tn\\\/fr\\\/actualite\\\/national\\\/63-tunisiens-rescapes-du-seisme-en-turquie-rapatries\\\/203001\\\/\"},\"author\":{\"name\":\"MC\",\"@id\":\"https:\\\/\\\/www.webdo.tn\\\/fr\\\/#\\\/schema\\\/person\\\/2c4929cbf5a809e3bd38617c6ce150f6\"},\"headline\":\"63 Tunisiens rescap\u00e9s du s\u00e9isme en Turquie rapatri\u00e9s\",\"datePublished\":\"2023-02-16T12:54:00+00:00\",\"dateModified\":\"2025-05-20T22:02:25+00:00\",\"mainEntityOfPage\":{\"@id\":\"https:\\\/\\\/www.webdo.tn\\\/fr\\\/actualite\\\/national\\\/63-tunisiens-rescapes-du-seisme-en-turquie-rapatries\\\/203001\\\/\"},\"wordCount\":131,\"commentCount\":0,\"publisher\":{\"@id\":\"https:\\\/\\\/www.webdo.tn\\\/fr\\\/#organization\"},\"image\":{\"@id\":\"https:\\\/\\\/www.webdo.tn\\\/fr\\\/actualite\\\/national\\\/63-tunisiens-rescapes-du-seisme-en-turquie-rapatries\\\/203001\\\/#primaryimage\"},\"thumbnailUrl\":\"https:\\\/\\\/www.webdo.tn\\\/fr\\\/wp-content\\\/uploads\\\/2023\\\/02\\\/e563012fe4b49e794afc48bcd1c89276.png\",\"keywords\":[\"rapatriement\",\"s\u00e9isme\",\"Tunisie\",\"Turquie\"],\"articleSection\":[\"National\"],\"inLanguage\":\"fr-FR\"},{\"@type\":\"WebPage\",\"@id\":\"https:\\\/\\\/www.webdo.tn\\\/fr\\\/actualite\\\/national\\\/63-tunisiens-rescapes-du-seisme-en-turquie-rapatries\\\/203001\\\/\",\"url\":\"https:\\\/\\\/www.webdo.tn\\\/fr\\\/actualite\\\/national\\\/63-tunisiens-rescapes-du-seisme-en-turquie-rapatries\\\/203001\\\/\",\"name\":\"63 Tunisiens rescap\u00e9s du s\u00e9isme en Turquie rapatri\u00e9s\",\"isPartOf\":{\"@id\":\"https:\\\/\\\/www.webdo.tn\\\/fr\\\/#website\"},\"primaryImageOfPage\":{\"@id\":\"https:\\\/\\\/www.webdo.tn\\\/fr\\\/actualite\\\/national\\\/63-tunisiens-rescapes-du-seisme-en-turquie-rapatries\\\/203001\\\/#primaryimage\"},\"image\":{\"@id\":\"https:\\\/\\\/www.webdo.tn\\\/fr\\\/actualite\\\/national\\\/63-tunisiens-rescapes-du-seisme-en-turquie-rapatries\\\/203001\\\/#primaryimage\"},\"thumbnailUrl\":\"https:\\\/\\\/www.webdo.tn\\\/fr\\\/wp-content\\\/uploads\\\/2023\\\/02\\\/e563012fe4b49e794afc48bcd1c89276.png\",\"datePublished\":\"2023-02-16T12:54:00+00:00\",\"dateModified\":\"2025-05-20T22:02:25+00:00\",\"description\":\"Un deuxi\u00e8me vol assurant l'\u00e9vacuation de 63 citoyens tunisiens, dont 24 enfants, \u00e9tablis dans les zones touch\u00e9es par le tremblement de terre qui a frapp\u00e9 le sud...\",\"breadcrumb\":{\"@id\":\"https:\\\/\\\/www.webdo.tn\\\/fr\\\/actualite\\\/national\\\/63-tunisiens-rescapes-du-seisme-en-turquie-rapatries\\\/203001\\\/#breadcrumb\"},\"inLanguage\":\"fr-FR\",\"potentialAction\":[{\"@type\":\"ReadAction\",\"target\":[\"https:\\\/\\\/www.webdo.tn\\\/fr\\\/actualite\\\/national\\\/63-tunisiens-rescapes-du-seisme-en-turquie-rapatries\\\/203001\\\/\"]}]},{\"@type\":\"ImageObject\",\"inLanguage\":\"fr-FR\",\"@id\":\"https:\\\/\\\/www.webdo.tn\\\/fr\\\/actualite\\\/national\\\/63-tunisiens-rescapes-du-seisme-en-turquie-rapatries\\\/203001\\\/#primaryimage\",\"url\":\"https:\\\/\\\/www.webdo.tn\\\/fr\\\/wp-content\\\/uploads\\\/2023\\\/02\\\/e563012fe4b49e794afc48bcd1c89276.png\",\"contentUrl\":\"https:\\\/\\\/www.webdo.tn\\\/fr\\\/wp-content\\\/uploads\\\/2023\\\/02\\\/e563012fe4b49e794afc48bcd1c89276.png\",\"width\":750,\"height\":400,\"caption\":\"63 Tunisiens rescap\u00e9s du s\u00e9isme en Turquie rapatri\u00e9s\"},{\"@type\":\"BreadcrumbList\",\"@id\":\"https:\\\/\\\/www.webdo.tn\\\/fr\\\/actualite\\\/national\\\/63-tunisiens-rescapes-du-seisme-en-turquie-rapatries\\\/203001\\\/#breadcrumb\",\"itemListElement\":[{\"@type\":\"ListItem\",\"position\":1,\"name\":\"Accueil\",\"item\":\"https:\\\/\\\/www.webdo.tn\\\/fr\\\/\"},{\"@type\":\"ListItem\",\"position\":2,\"name\":\"63 Tunisiens rescap\u00e9s du s\u00e9isme en Turquie rapatri\u00e9s\"}]},{\"@type\":\"WebSite\",\"@id\":\"https:\\\/\\\/www.webdo.tn\\\/fr\\\/#website\",\"url\":\"https:\\\/\\\/www.webdo.tn\\\/fr\\\/\",\"name\":\"webdo\",\"description\":\"Tunisie - News en Tunisie et \u00e0 l&#039;international sur Webdo.tn\",\"publisher\":{\"@id\":\"https:\\\/\\\/www.webdo.tn\\\/fr\\\/#organization\"},\"potentialAction\":[{\"@type\":\"SearchAction\",\"target\":{\"@type\":\"EntryPoint\",\"urlTemplate\":\"https:\\\/\\\/www.webdo.tn\\\/fr\\\/?s={search_term_string}\"},\"query-input\":{\"@type\":\"PropertyValueSpecification\",\"valueRequired\":true,\"valueName\":\"search_term_string\"}}],\"inLanguage\":\"fr-FR\"},{\"@type\":\"Organization\",\"@id\":\"https:\\\/\\\/www.webdo.tn\\\/fr\\\/#organization\",\"name\":\"Webdo\",\"alternateName\":\"Webdo.tn\",\"url\":\"https:\\\/\\\/www.webdo.tn\\\/fr\\\/\",\"logo\":{\"@type\":\"ImageObject\",\"inLanguage\":\"fr-FR\",\"@id\":\"https:\\\/\\\/www.webdo.tn\\\/fr\\\/#\\\/schema\\\/logo\\\/image\\\/\",\"url\":\"https:\\\/\\\/www.webdo.tn\\\/fr\\\/wp-content\\\/uploads\\\/2025\\\/06\\\/Webdo-Tunisie_168377.jpg\",\"contentUrl\":\"https:\\\/\\\/www.webdo.tn\\\/fr\\\/wp-content\\\/uploads\\\/2025\\\/06\\\/Webdo-Tunisie_168377.jpg\",\"width\":301,\"height\":301,\"caption\":\"Webdo\"},\"image\":{\"@id\":\"https:\\\/\\\/www.webdo.tn\\\/fr\\\/#\\\/schema\\\/logo\\\/image\\\/\"},\"sameAs\":[\"https:\\\/\\\/www.facebook.com\\\/webdotn\",\"https:\\\/\\\/x.com\\\/webdo_tn\"],\"description\":\"Webdo est un m\u00e9dia num\u00e9rique tunisien fond\u00e9 en 2010, sp\u00e9cialis\u00e9 dans l\u2019actualit\u00e9 nationale et internationale, l\u2019\u00e9conomie, la soci\u00e9t\u00e9 et les analyses politiques. Le site s\u2019adresse \u00e0 un large public francophone et couvre l\u2019information tunisienne en temps r\u00e9el.\",\"email\":\"redac@webdo.tn\",\"legalName\":\"YNJ SARL\",\"foundingDate\":\"2010-09-06\",\"numberOfEmployees\":{\"@type\":\"QuantitativeValue\",\"minValue\":\"11\",\"maxValue\":\"50\"}},{\"@type\":\"Person\",\"@id\":\"https:\\\/\\\/www.webdo.tn\\\/fr\\\/#\\\/schema\\\/person\\\/2c4929cbf5a809e3bd38617c6ce150f6\",\"name\":\"MC\",\"image\":{\"@type\":\"ImageObject\",\"inLanguage\":\"fr-FR\",\"@id\":\"https:\\\/\\\/secure.gravatar.com\\\/avatar\\\/a545bbb6f84efdd5553dbbc2895e3ca8f1d12c5215e00a041c9670b54aa9b18a?s=96&d=mm&r=g\",\"url\":\"https:\\\/\\\/secure.gravatar.com\\\/avatar\\\/a545bbb6f84efdd5553dbbc2895e3ca8f1d12c5215e00a041c9670b54aa9b18a?s=96&d=mm&r=g\",\"contentUrl\":\"https:\\\/\\\/secure.gravatar.com\\\/avatar\\\/a545bbb6f84efdd5553dbbc2895e3ca8f1d12c5215e00a041c9670b54aa9b18a?s=96&d=mm&r=g\",\"caption\":\"MC\"},\"url\":\"https:\\\/\\\/www.webdo.tn\\\/fr\\\/actualite\\\/author\\\/mc\\\/\"}]}<\/script>\n<!-- \/ Yoast SEO Premium plugin. -->","yoast_head_json":{"title":"63 Tunisiens rescap\u00e9s du s\u00e9isme en Turquie rapatri\u00e9s","description":"Un deuxi\u00e8me vol assurant l'\u00e9vacuation de 63 citoyens tunisiens, dont 24 enfants, \u00e9tablis dans les zones touch\u00e9es par le tremblement de terre qui a frapp\u00e9 le sud...","canonical":"https:\/\/www.webdo.tn\/fr\/actualite\/national\/63-tunisiens-rescapes-du-seisme-en-turquie-rapatries\/203001\/","og_locale":"fr_FR","og_type":"article","og_title":"63 Tunisiens rescap\u00e9s du s\u00e9isme en Turquie rapatri\u00e9s","og_description":"Un deuxi\u00e8me vol assurant l'\u00e9vacuation de 63 citoyens tunisiens, dont 24 enfants, \u00e9tablis dans les zones touch\u00e9es par le tremblement de terre qui a frapp\u00e9 le sud...","og_url":"https:\/\/www.webdo.tn\/fr\/actualite\/national\/63-tunisiens-rescapes-du-seisme-en-turquie-rapatries\/203001\/","og_site_name":"webdo","article_publisher":"https:\/\/www.facebook.com\/webdotn","article_published_time":"2023-02-16T12:54:00+00:00","article_modified_time":"2025-05-20T22:02:25+00:00","og_image":[{"width":750,"height":400,"url":"https:\/\/www.webdo.tn\/fr\/wp-content\/uploads\/2023\/02\/e563012fe4b49e794afc48bcd1c89276.png","type":"image\/png"}],"author":"MC","twitter_card":"summary_large_image","twitter_creator":"@webdo_tn","twitter_site":"@webdo_tn","twitter_misc":{"\u00c9crit par":"MC","Dur\u00e9e de lecture estim\u00e9e":"1 minute"},"schema":{"@context":"https:\/\/schema.org","@graph":[{"@type":"NewsArticle","@id":"https:\/\/www.webdo.tn\/fr\/actualite\/national\/63-tunisiens-rescapes-du-seisme-en-turquie-rapatries\/203001\/#article","isPartOf":{"@id":"https:\/\/www.webdo.tn\/fr\/actualite\/national\/63-tunisiens-rescapes-du-seisme-en-turquie-rapatries\/203001\/"},"author":{"name":"MC","@id":"https:\/\/www.webdo.tn\/fr\/#\/schema\/person\/2c4929cbf5a809e3bd38617c6ce150f6"},"headline":"63 Tunisiens rescap\u00e9s du s\u00e9isme en Turquie rapatri\u00e9s","datePublished":"2023-02-16T12:54:00+00:00","dateModified":"2025-05-20T22:02:25+00:00","mainEntityOfPage":{"@id":"https:\/\/www.webdo.tn\/fr\/actualite\/national\/63-tunisiens-rescapes-du-seisme-en-turquie-rapatries\/203001\/"},"wordCount":131,"commentCount":0,"publisher":{"@id":"https:\/\/www.webdo.tn\/fr\/#organization"},"image":{"@id":"https:\/\/www.webdo.tn\/fr\/actualite\/national\/63-tunisiens-rescapes-du-seisme-en-turquie-rapatries\/203001\/#primaryimage"},"thumbnailUrl":"https:\/\/www.webdo.tn\/fr\/wp-content\/uploads\/2023\/02\/e563012fe4b49e794afc48bcd1c89276.png","keywords":["rapatriement","s\u00e9isme","Tunisie","Turquie"],"articleSection":["National"],"inLanguage":"fr-FR"},{"@type":"WebPage","@id":"https:\/\/www.webdo.tn\/fr\/actualite\/national\/63-tunisiens-rescapes-du-seisme-en-turquie-rapatries\/203001\/","url":"https:\/\/www.webdo.tn\/fr\/actualite\/national\/63-tunisiens-rescapes-du-seisme-en-turquie-rapatries\/203001\/","name":"63 Tunisiens rescap\u00e9s du s\u00e9isme en Turquie rapatri\u00e9s","isPartOf":{"@id":"https:\/\/www.webdo.tn\/fr\/#website"},"primaryImageOfPage":{"@id":"https:\/\/www.webdo.tn\/fr\/actualite\/national\/63-tunisiens-rescapes-du-seisme-en-turquie-rapatries\/203001\/#primaryimage"},"image":{"@id":"https:\/\/www.webdo.tn\/fr\/actualite\/national\/63-tunisiens-rescapes-du-seisme-en-turquie-rapatries\/203001\/#primaryimage"},"thumbnailUrl":"https:\/\/www.webdo.tn\/fr\/wp-content\/uploads\/2023\/02\/e563012fe4b49e794afc48bcd1c89276.png","datePublished":"2023-02-16T12:54:00+00:00","dateModified":"2025-05-20T22:02:25+00:00","description":"Un deuxi\u00e8me vol assurant l'\u00e9vacuation de 63 citoyens tunisiens, dont 24 enfants, \u00e9tablis dans les zones touch\u00e9es par le tremblement de terre qui a frapp\u00e9 le sud...","breadcrumb":{"@id":"https:\/\/www.webdo.tn\/fr\/actualite\/national\/63-tunisiens-rescapes-du-seisme-en-turquie-rapatries\/203001\/#breadcrumb"},"inLanguage":"fr-FR","potentialAction":[{"@type":"ReadAction","target":["https:\/\/www.webdo.tn\/fr\/actualite\/national\/63-tunisiens-rescapes-du-seisme-en-turquie-rapatries\/203001\/"]}]},{"@type":"ImageObject","inLanguage":"fr-FR","@id":"https:\/\/www.webdo.tn\/fr\/actualite\/national\/63-tunisiens-rescapes-du-seisme-en-turquie-rapatries\/203001\/#primaryimage","url":"https:\/\/www.webdo.tn\/fr\/wp-content\/uploads\/2023\/02\/e563012fe4b49e794afc48bcd1c89276.png","contentUrl":"https:\/\/www.webdo.tn\/fr\/wp-content\/uploads\/2023\/02\/e563012fe4b49e794afc48bcd1c89276.png","width":750,"height":400,"caption":"63 Tunisiens rescap\u00e9s du s\u00e9isme en Turquie rapatri\u00e9s"},{"@type":"BreadcrumbList","@id":"https:\/\/www.webdo.tn\/fr\/actualite\/national\/63-tunisiens-rescapes-du-seisme-en-turquie-rapatries\/203001\/#breadcrumb","itemListElement":[{"@type":"ListItem","position":1,"name":"Accueil","item":"https:\/\/www.webdo.tn\/fr\/"},{"@type":"ListItem","position":2,"name":"63 Tunisiens rescap\u00e9s du s\u00e9isme en Turquie rapatri\u00e9s"}]},{"@type":"WebSite","@id":"https:\/\/www.webdo.tn\/fr\/#website","url":"https:\/\/www.webdo.tn\/fr\/","name":"webdo","description":"Tunisie - News en Tunisie et \u00e0 l&#039;international sur Webdo.tn","publisher":{"@id":"https:\/\/www.webdo.tn\/fr\/#organization"},"potentialAction":[{"@type":"SearchAction","target":{"@type":"EntryPoint","urlTemplate":"https:\/\/www.webdo.tn\/fr\/?s={search_term_string}"},"query-input":{"@type":"PropertyValueSpecification","valueRequired":true,"valueName":"search_term_string"}}],"inLanguage":"fr-FR"},{"@type":"Organization","@id":"https:\/\/www.webdo.tn\/fr\/#organization","name":"Webdo","alternateName":"Webdo.tn","url":"https:\/\/www.webdo.tn\/fr\/","logo":{"@type":"ImageObject","inLanguage":"fr-FR","@id":"https:\/\/www.webdo.tn\/fr\/#\/schema\/logo\/image\/","url":"https:\/\/www.webdo.tn\/fr\/wp-content\/uploads\/2025\/06\/Webdo-Tunisie_168377.jpg","contentUrl":"https:\/\/www.webdo.tn\/fr\/wp-content\/uploads\/2025\/06\/Webdo-Tunisie_168377.jpg","width":301,"height":301,"caption":"Webdo"},"image":{"@id":"https:\/\/www.webdo.tn\/fr\/#\/schema\/logo\/image\/"},"sameAs":["https:\/\/www.facebook.com\/webdotn","https:\/\/x.com\/webdo_tn"],"description":"Webdo est un m\u00e9dia num\u00e9rique tunisien fond\u00e9 en 2010, sp\u00e9cialis\u00e9 dans l\u2019actualit\u00e9 nationale et internationale, l\u2019\u00e9conomie, la soci\u00e9t\u00e9 et les analyses politiques. Le site s\u2019adresse \u00e0 un large public francophone et couvre l\u2019information tunisienne en temps r\u00e9el.","email":"redac@webdo.tn","legalName":"YNJ SARL","foundingDate":"2010-09-06","numberOfEmployees":{"@type":"QuantitativeValue","minValue":"11","maxValue":"50"}},{"@type":"Person","@id":"https:\/\/www.webdo.tn\/fr\/#\/schema\/person\/2c4929cbf5a809e3bd38617c6ce150f6","name":"MC","image":{"@type":"ImageObject","inLanguage":"fr-FR","@id":"https:\/\/secure.gravatar.com\/avatar\/a545bbb6f84efdd5553dbbc2895e3ca8f1d12c5215e00a041c9670b54aa9b18a?s=96&d=mm&r=g","url":"https:\/\/secure.gravatar.com\/avatar\/a545bbb6f84efdd5553dbbc2895e3ca8f1d12c5215e00a041c9670b54aa9b18a?s=96&d=mm&r=g","contentUrl":"https:\/\/secure.gravatar.com\/avatar\/a545bbb6f84efdd5553dbbc2895e3ca8f1d12c5215e00a041c9670b54aa9b18a?s=96&d=mm&r=g","caption":"MC"},"url":"https:\/\/www.webdo.tn\/fr\/actualite\/author\/mc\/"}]}},"_links":{"self":[{"href":"https:\/\/www.webdo.tn\/fr\/wp-json\/wp\/v2\/posts\/203001","targetHints":{"allow":["GET"]}}],"collection":[{"href":"https:\/\/www.webdo.tn\/fr\/wp-json\/wp\/v2\/posts"}],"about":[{"href":"https:\/\/www.webdo.tn\/fr\/wp-json\/wp\/v2\/types\/post"}],"author":[{"embeddable":true,"href":"https:\/\/www.webdo.tn\/fr\/wp-json\/wp\/v2\/users\/3162"}],"replies":[{"embeddable":true,"href":"https:\/\/www.webdo.tn\/fr\/wp-json\/wp\/v2\/comments?post=203001"}],"version-history":[{"count":0,"href":"https:\/\/www.webdo.tn\/fr\/wp-json\/wp\/v2\/posts\/203001\/revisions"}],"wp:featuredmedia":[{"embeddable":true,"href":"https:\/\/www.webdo.tn\/fr\/wp-json\/wp\/v2\/media\/251973"}],"wp:attachment":[{"href":"https:\/\/www.webdo.tn\/fr\/wp-json\/wp\/v2\/media?parent=203001"}],"wp:term":[{"taxonomy":"category","embeddable":true,"href":"https:\/\/www.webdo.tn\/fr\/wp-json\/wp\/v2\/categories?post=203001"},{"taxonomy":"post_tag","embeddable":true,"href":"https:\/\/www.webdo.tn\/fr\/wp-json\/wp\/v2\/tags?post=203001"}],"curies":[{"name":"wp","href":"https:\/\/api.w.org\/{rel}","templated":true}]}}