{"id":202994,"date":"2023-02-16T10:07:00","date_gmt":"2023-02-16T10:07:00","guid":{"rendered":"https:\/\/www.webdo.tn\/fr\/blog\/l-atb-appuie-l-application-safeness-contre-les-violences-faites-aux-femmes\/202994\/"},"modified":"2025-05-20T22:32:56","modified_gmt":"2025-05-20T22:32:56","slug":"l-atb-appuie-l-application-safeness-contre-les-violences-faites-aux-femmes","status":"publish","type":"post","link":"https:\/\/www.webdo.tn\/fr\/actualite\/national\/l-atb-appuie-l-application-safeness-contre-les-violences-faites-aux-femmes\/202994\/","title":{"rendered":"L&rsquo;ATB appuie l\u2019application SafeNess contre les violences faites aux femmes"},"content":{"rendered":"<p>L\u2019ATB met \u00e0 disposition ses plateformes digitales pour communiquer autour de l\u2019application SafeNess lanc\u00e9e par le centre de la femme arabe pour la formation et la recherche (Cawtar) en vue d\u2019assurer la s\u00e9curit\u00e9 des femmes.<\/p>\n<p>\t\t\t\t\t\t\t\t\tEn effet, SafeNess est une application qui prot\u00e8ge les femmes et les filles contre la violence et le harc\u00e8lement sexuel dans l\u2019espace public. Elle se distingue par la facilit\u00e9 de son utilisation. Ainsi, les utilisatrices peuvent introduire cinq personnes de confiance qui doivent t\u00e9l\u00e9charger l&rsquo;application pour recevoir une notification \u00e9crite (ou vocale pour les non-voyantes) en cas de lancement d\u2019alerte lorsqu&rsquo;un danger est ressenti.<\/p>\n<p>Engag\u00e9e \u00e0 combattre le fl\u00e9au de la violence faite aux femmes qui se propage en silence, l\u2019ATB soutient Cawtar \u00e0 travers le renforcement de la communication autour de l\u2019application.<\/p>\n<p>Soucieux d\u2019\u00eatre le plus inclusif possible et de venir en aide aux femmes les plus vuln\u00e9rables, le Cawtar a adapt\u00e9 l\u2019application pour qu\u2019elle soit accessible aux femmes non voyantes, malvoyantes, sourdes, malentendantes et muettes. Le Cawtar est actuellement en train d\u2019\u0153uvrer au d\u00e9veloppement d\u2019une version, qui permettra d\u2019utiliser l\u2019application sans avoir besoin d\u2019un t\u00e9l\u00e9phone.<\/p>\n<p>Pour se prot\u00e9ger contre la violence et se sentir en s\u00e9curit\u00e9 \u00e0 tout moment et n&rsquo;importe o\u00f9, les femmes et les filles en Tunisie peuvent d\u00e9sormais utiliser cette application gratuitement.<\/p>\n<p>L\u2019ATB et le Cawtar s\u2019activent \u00e0 encourager les femmes \u00e0 t\u00e9l\u00e9charger SafeNess disponible sur Android et iOS pour assurer leur propre s\u00e9curit\u00e9 !<\/p>\n<p>Liens de t\u00e9l\u00e9chargement de l\u2019application :<\/p>\n<p>\tPlay Store<br \/>\n\tApp Store<\/p>\n","protected":false},"excerpt":{"rendered":"<p>L\u2019ATB met \u00e0 disposition ses plateformes digitales pour communiquer autour de l\u2019application SafeNess lanc\u00e9e par le centre de la femme arabe pour la formation et&#8230;<\/p>\n","protected":false},"author":3169,"featured_media":251970,"comment_status":"open","ping_status":"closed","sticky":false,"template":"","format":"standard","meta":{"footnotes":""},"categories":[44],"tags":[8338,3700,8783,2827],"class_list":["post-202994","post","type-post","status-publish","format-standard","has-post-thumbnail","hentry","category-national","tag-atb","tag-femmes","tag-safeness","tag-violence"],"yoast_head":"<!-- This site is optimized with the Yoast SEO Premium plugin v27.4 (Yoast SEO v27.5) - https:\/\/yoast.com\/product\/yoast-seo-premium-wordpress\/ -->\n<title>L&#039;ATB appuie l\u2019application SafeNess contre les violences faites aux femmes<\/title>\n<meta name=\"description\" content=\"L\u2019ATB met \u00e0 disposition ses plateformes digitales pour communiquer autour de l\u2019application SafeNess lanc\u00e9e par le centre de la femme arabe pour la formation et...\" \/>\n<link rel=\"canonical\" href=\"https:\/\/www.webdo.tn\/fr\/actualite\/national\/l-atb-appuie-l-application-safeness-contre-les-violences-faites-aux-femmes\/202994\/\" \/>\n<meta property=\"og:locale\" content=\"fr_FR\" \/>\n<meta property=\"og:type\" content=\"article\" \/>\n<meta property=\"og:title\" content=\"L&#039;ATB appuie l\u2019application SafeNess contre les violences faites aux femmes\" \/>\n<meta property=\"og:description\" content=\"L\u2019ATB met \u00e0 disposition ses plateformes digitales pour communiquer autour de l\u2019application SafeNess lanc\u00e9e par le centre de la femme arabe pour la formation et...\" \/>\n<meta property=\"og:url\" content=\"https:\/\/www.webdo.tn\/fr\/actualite\/national\/l-atb-appuie-l-application-safeness-contre-les-violences-faites-aux-femmes\/202994\/\" \/>\n<meta property=\"og:site_name\" content=\"webdo\" \/>\n<meta property=\"article:publisher\" content=\"https:\/\/www.facebook.com\/webdotn\" \/>\n<meta property=\"article:published_time\" content=\"2023-02-16T10:07:00+00:00\" \/>\n<meta property=\"article:modified_time\" content=\"2025-05-20T22:32:56+00:00\" \/>\n<meta property=\"og:image\" content=\"https:\/\/www.webdo.tn\/fr\/wp-content\/uploads\/2023\/02\/587e908b0d952b7c4d8cae92783b3278.jpg\" \/>\n\t<meta property=\"og:image:width\" content=\"750\" \/>\n\t<meta property=\"og:image:height\" content=\"400\" \/>\n\t<meta property=\"og:image:type\" content=\"image\/jpeg\" \/>\n<meta name=\"author\" content=\"Webdo\" \/>\n<meta name=\"twitter:card\" content=\"summary_large_image\" \/>\n<meta name=\"twitter:creator\" content=\"@webdo_tn\" \/>\n<meta name=\"twitter:site\" content=\"@webdo_tn\" \/>\n<meta name=\"twitter:label1\" content=\"\u00c9crit par\" \/>\n\t<meta name=\"twitter:data1\" content=\"Webdo\" \/>\n\t<meta name=\"twitter:label2\" content=\"Dur\u00e9e de lecture estim\u00e9e\" \/>\n\t<meta name=\"twitter:data2\" content=\"1 minute\" \/>\n<script type=\"application\/ld+json\" class=\"yoast-schema-graph\">{\"@context\":\"https:\\\/\\\/schema.org\",\"@graph\":[{\"@type\":\"NewsArticle\",\"@id\":\"https:\\\/\\\/www.webdo.tn\\\/fr\\\/actualite\\\/national\\\/l-atb-appuie-l-application-safeness-contre-les-violences-faites-aux-femmes\\\/202994\\\/#article\",\"isPartOf\":{\"@id\":\"https:\\\/\\\/www.webdo.tn\\\/fr\\\/actualite\\\/national\\\/l-atb-appuie-l-application-safeness-contre-les-violences-faites-aux-femmes\\\/202994\\\/\"},\"author\":{\"name\":\"Webdo\",\"@id\":\"https:\\\/\\\/www.webdo.tn\\\/fr\\\/#\\\/schema\\\/person\\\/1f4e491e0907b413d61089e8eb573acc\"},\"headline\":\"L&rsquo;ATB appuie l\u2019application SafeNess contre les violences faites aux femmes\",\"datePublished\":\"2023-02-16T10:07:00+00:00\",\"dateModified\":\"2025-05-20T22:32:56+00:00\",\"mainEntityOfPage\":{\"@id\":\"https:\\\/\\\/www.webdo.tn\\\/fr\\\/actualite\\\/national\\\/l-atb-appuie-l-application-safeness-contre-les-violences-faites-aux-femmes\\\/202994\\\/\"},\"wordCount\":290,\"commentCount\":0,\"publisher\":{\"@id\":\"https:\\\/\\\/www.webdo.tn\\\/fr\\\/#organization\"},\"image\":{\"@id\":\"https:\\\/\\\/www.webdo.tn\\\/fr\\\/actualite\\\/national\\\/l-atb-appuie-l-application-safeness-contre-les-violences-faites-aux-femmes\\\/202994\\\/#primaryimage\"},\"thumbnailUrl\":\"https:\\\/\\\/www.webdo.tn\\\/fr\\\/wp-content\\\/uploads\\\/2023\\\/02\\\/587e908b0d952b7c4d8cae92783b3278.jpg\",\"keywords\":[\"ATB\",\"femmes\",\"SafeNess\",\"violence\"],\"articleSection\":[\"National\"],\"inLanguage\":\"fr-FR\"},{\"@type\":\"WebPage\",\"@id\":\"https:\\\/\\\/www.webdo.tn\\\/fr\\\/actualite\\\/national\\\/l-atb-appuie-l-application-safeness-contre-les-violences-faites-aux-femmes\\\/202994\\\/\",\"url\":\"https:\\\/\\\/www.webdo.tn\\\/fr\\\/actualite\\\/national\\\/l-atb-appuie-l-application-safeness-contre-les-violences-faites-aux-femmes\\\/202994\\\/\",\"name\":\"L'ATB appuie l\u2019application SafeNess contre les violences faites aux femmes\",\"isPartOf\":{\"@id\":\"https:\\\/\\\/www.webdo.tn\\\/fr\\\/#website\"},\"primaryImageOfPage\":{\"@id\":\"https:\\\/\\\/www.webdo.tn\\\/fr\\\/actualite\\\/national\\\/l-atb-appuie-l-application-safeness-contre-les-violences-faites-aux-femmes\\\/202994\\\/#primaryimage\"},\"image\":{\"@id\":\"https:\\\/\\\/www.webdo.tn\\\/fr\\\/actualite\\\/national\\\/l-atb-appuie-l-application-safeness-contre-les-violences-faites-aux-femmes\\\/202994\\\/#primaryimage\"},\"thumbnailUrl\":\"https:\\\/\\\/www.webdo.tn\\\/fr\\\/wp-content\\\/uploads\\\/2023\\\/02\\\/587e908b0d952b7c4d8cae92783b3278.jpg\",\"datePublished\":\"2023-02-16T10:07:00+00:00\",\"dateModified\":\"2025-05-20T22:32:56+00:00\",\"description\":\"L\u2019ATB met \u00e0 disposition ses plateformes digitales pour communiquer autour de l\u2019application SafeNess lanc\u00e9e par le centre de la femme arabe pour la formation et...\",\"breadcrumb\":{\"@id\":\"https:\\\/\\\/www.webdo.tn\\\/fr\\\/actualite\\\/national\\\/l-atb-appuie-l-application-safeness-contre-les-violences-faites-aux-femmes\\\/202994\\\/#breadcrumb\"},\"inLanguage\":\"fr-FR\",\"potentialAction\":[{\"@type\":\"ReadAction\",\"target\":[\"https:\\\/\\\/www.webdo.tn\\\/fr\\\/actualite\\\/national\\\/l-atb-appuie-l-application-safeness-contre-les-violences-faites-aux-femmes\\\/202994\\\/\"]}]},{\"@type\":\"ImageObject\",\"inLanguage\":\"fr-FR\",\"@id\":\"https:\\\/\\\/www.webdo.tn\\\/fr\\\/actualite\\\/national\\\/l-atb-appuie-l-application-safeness-contre-les-violences-faites-aux-femmes\\\/202994\\\/#primaryimage\",\"url\":\"https:\\\/\\\/www.webdo.tn\\\/fr\\\/wp-content\\\/uploads\\\/2023\\\/02\\\/587e908b0d952b7c4d8cae92783b3278.jpg\",\"contentUrl\":\"https:\\\/\\\/www.webdo.tn\\\/fr\\\/wp-content\\\/uploads\\\/2023\\\/02\\\/587e908b0d952b7c4d8cae92783b3278.jpg\",\"width\":750,\"height\":400,\"caption\":\"L'ATB appuie l\u2019application SafeNess contre les violences faites aux femmes\"},{\"@type\":\"BreadcrumbList\",\"@id\":\"https:\\\/\\\/www.webdo.tn\\\/fr\\\/actualite\\\/national\\\/l-atb-appuie-l-application-safeness-contre-les-violences-faites-aux-femmes\\\/202994\\\/#breadcrumb\",\"itemListElement\":[{\"@type\":\"ListItem\",\"position\":1,\"name\":\"Accueil\",\"item\":\"https:\\\/\\\/www.webdo.tn\\\/fr\\\/\"},{\"@type\":\"ListItem\",\"position\":2,\"name\":\"L&#8217;ATB appuie l\u2019application SafeNess contre les violences faites aux femmes\"}]},{\"@type\":\"WebSite\",\"@id\":\"https:\\\/\\\/www.webdo.tn\\\/fr\\\/#website\",\"url\":\"https:\\\/\\\/www.webdo.tn\\\/fr\\\/\",\"name\":\"webdo\",\"description\":\"Tunisie - News en Tunisie et \u00e0 l&#039;international sur Webdo.tn\",\"publisher\":{\"@id\":\"https:\\\/\\\/www.webdo.tn\\\/fr\\\/#organization\"},\"potentialAction\":[{\"@type\":\"SearchAction\",\"target\":{\"@type\":\"EntryPoint\",\"urlTemplate\":\"https:\\\/\\\/www.webdo.tn\\\/fr\\\/?s={search_term_string}\"},\"query-input\":{\"@type\":\"PropertyValueSpecification\",\"valueRequired\":true,\"valueName\":\"search_term_string\"}}],\"inLanguage\":\"fr-FR\"},{\"@type\":\"Organization\",\"@id\":\"https:\\\/\\\/www.webdo.tn\\\/fr\\\/#organization\",\"name\":\"Webdo\",\"alternateName\":\"Webdo.tn\",\"url\":\"https:\\\/\\\/www.webdo.tn\\\/fr\\\/\",\"logo\":{\"@type\":\"ImageObject\",\"inLanguage\":\"fr-FR\",\"@id\":\"https:\\\/\\\/www.webdo.tn\\\/fr\\\/#\\\/schema\\\/logo\\\/image\\\/\",\"url\":\"https:\\\/\\\/www.webdo.tn\\\/fr\\\/wp-content\\\/uploads\\\/2025\\\/06\\\/Webdo-Tunisie_168377.jpg\",\"contentUrl\":\"https:\\\/\\\/www.webdo.tn\\\/fr\\\/wp-content\\\/uploads\\\/2025\\\/06\\\/Webdo-Tunisie_168377.jpg\",\"width\":301,\"height\":301,\"caption\":\"Webdo\"},\"image\":{\"@id\":\"https:\\\/\\\/www.webdo.tn\\\/fr\\\/#\\\/schema\\\/logo\\\/image\\\/\"},\"sameAs\":[\"https:\\\/\\\/www.facebook.com\\\/webdotn\",\"https:\\\/\\\/x.com\\\/webdo_tn\"],\"description\":\"Webdo est un m\u00e9dia num\u00e9rique tunisien fond\u00e9 en 2010, sp\u00e9cialis\u00e9 dans l\u2019actualit\u00e9 nationale et internationale, l\u2019\u00e9conomie, la soci\u00e9t\u00e9 et les analyses politiques. Le site s\u2019adresse \u00e0 un large public francophone et couvre l\u2019information tunisienne en temps r\u00e9el.\",\"email\":\"redac@webdo.tn\",\"legalName\":\"YNJ SARL\",\"foundingDate\":\"2010-09-06\",\"numberOfEmployees\":{\"@type\":\"QuantitativeValue\",\"minValue\":\"11\",\"maxValue\":\"50\"}},{\"@type\":\"Person\",\"@id\":\"https:\\\/\\\/www.webdo.tn\\\/fr\\\/#\\\/schema\\\/person\\\/1f4e491e0907b413d61089e8eb573acc\",\"name\":\"Webdo\",\"image\":{\"@type\":\"ImageObject\",\"inLanguage\":\"fr-FR\",\"@id\":\"https:\\\/\\\/secure.gravatar.com\\\/avatar\\\/de97aeec1bb80978a9dbb127e47dfc88aaacb2f3c29aac907d8d3222e3495d49?s=96&d=mm&r=g\",\"url\":\"https:\\\/\\\/secure.gravatar.com\\\/avatar\\\/de97aeec1bb80978a9dbb127e47dfc88aaacb2f3c29aac907d8d3222e3495d49?s=96&d=mm&r=g\",\"contentUrl\":\"https:\\\/\\\/secure.gravatar.com\\\/avatar\\\/de97aeec1bb80978a9dbb127e47dfc88aaacb2f3c29aac907d8d3222e3495d49?s=96&d=mm&r=g\",\"caption\":\"Webdo\"},\"url\":\"https:\\\/\\\/www.webdo.tn\\\/fr\\\/actualite\\\/author\\\/webdo\\\/\"}]}<\/script>\n<!-- \/ Yoast SEO Premium plugin. -->","yoast_head_json":{"title":"L'ATB appuie l\u2019application SafeNess contre les violences faites aux femmes","description":"L\u2019ATB met \u00e0 disposition ses plateformes digitales pour communiquer autour de l\u2019application SafeNess lanc\u00e9e par le centre de la femme arabe pour la formation et...","canonical":"https:\/\/www.webdo.tn\/fr\/actualite\/national\/l-atb-appuie-l-application-safeness-contre-les-violences-faites-aux-femmes\/202994\/","og_locale":"fr_FR","og_type":"article","og_title":"L'ATB appuie l\u2019application SafeNess contre les violences faites aux femmes","og_description":"L\u2019ATB met \u00e0 disposition ses plateformes digitales pour communiquer autour de l\u2019application SafeNess lanc\u00e9e par le centre de la femme arabe pour la formation et...","og_url":"https:\/\/www.webdo.tn\/fr\/actualite\/national\/l-atb-appuie-l-application-safeness-contre-les-violences-faites-aux-femmes\/202994\/","og_site_name":"webdo","article_publisher":"https:\/\/www.facebook.com\/webdotn","article_published_time":"2023-02-16T10:07:00+00:00","article_modified_time":"2025-05-20T22:32:56+00:00","og_image":[{"width":750,"height":400,"url":"https:\/\/www.webdo.tn\/fr\/wp-content\/uploads\/2023\/02\/587e908b0d952b7c4d8cae92783b3278.jpg","type":"image\/jpeg"}],"author":"Webdo","twitter_card":"summary_large_image","twitter_creator":"@webdo_tn","twitter_site":"@webdo_tn","twitter_misc":{"\u00c9crit par":"Webdo","Dur\u00e9e de lecture estim\u00e9e":"1 minute"},"schema":{"@context":"https:\/\/schema.org","@graph":[{"@type":"NewsArticle","@id":"https:\/\/www.webdo.tn\/fr\/actualite\/national\/l-atb-appuie-l-application-safeness-contre-les-violences-faites-aux-femmes\/202994\/#article","isPartOf":{"@id":"https:\/\/www.webdo.tn\/fr\/actualite\/national\/l-atb-appuie-l-application-safeness-contre-les-violences-faites-aux-femmes\/202994\/"},"author":{"name":"Webdo","@id":"https:\/\/www.webdo.tn\/fr\/#\/schema\/person\/1f4e491e0907b413d61089e8eb573acc"},"headline":"L&rsquo;ATB appuie l\u2019application SafeNess contre les violences faites aux femmes","datePublished":"2023-02-16T10:07:00+00:00","dateModified":"2025-05-20T22:32:56+00:00","mainEntityOfPage":{"@id":"https:\/\/www.webdo.tn\/fr\/actualite\/national\/l-atb-appuie-l-application-safeness-contre-les-violences-faites-aux-femmes\/202994\/"},"wordCount":290,"commentCount":0,"publisher":{"@id":"https:\/\/www.webdo.tn\/fr\/#organization"},"image":{"@id":"https:\/\/www.webdo.tn\/fr\/actualite\/national\/l-atb-appuie-l-application-safeness-contre-les-violences-faites-aux-femmes\/202994\/#primaryimage"},"thumbnailUrl":"https:\/\/www.webdo.tn\/fr\/wp-content\/uploads\/2023\/02\/587e908b0d952b7c4d8cae92783b3278.jpg","keywords":["ATB","femmes","SafeNess","violence"],"articleSection":["National"],"inLanguage":"fr-FR"},{"@type":"WebPage","@id":"https:\/\/www.webdo.tn\/fr\/actualite\/national\/l-atb-appuie-l-application-safeness-contre-les-violences-faites-aux-femmes\/202994\/","url":"https:\/\/www.webdo.tn\/fr\/actualite\/national\/l-atb-appuie-l-application-safeness-contre-les-violences-faites-aux-femmes\/202994\/","name":"L'ATB appuie l\u2019application SafeNess contre les violences faites aux femmes","isPartOf":{"@id":"https:\/\/www.webdo.tn\/fr\/#website"},"primaryImageOfPage":{"@id":"https:\/\/www.webdo.tn\/fr\/actualite\/national\/l-atb-appuie-l-application-safeness-contre-les-violences-faites-aux-femmes\/202994\/#primaryimage"},"image":{"@id":"https:\/\/www.webdo.tn\/fr\/actualite\/national\/l-atb-appuie-l-application-safeness-contre-les-violences-faites-aux-femmes\/202994\/#primaryimage"},"thumbnailUrl":"https:\/\/www.webdo.tn\/fr\/wp-content\/uploads\/2023\/02\/587e908b0d952b7c4d8cae92783b3278.jpg","datePublished":"2023-02-16T10:07:00+00:00","dateModified":"2025-05-20T22:32:56+00:00","description":"L\u2019ATB met \u00e0 disposition ses plateformes digitales pour communiquer autour de l\u2019application SafeNess lanc\u00e9e par le centre de la femme arabe pour la formation et...","breadcrumb":{"@id":"https:\/\/www.webdo.tn\/fr\/actualite\/national\/l-atb-appuie-l-application-safeness-contre-les-violences-faites-aux-femmes\/202994\/#breadcrumb"},"inLanguage":"fr-FR","potentialAction":[{"@type":"ReadAction","target":["https:\/\/www.webdo.tn\/fr\/actualite\/national\/l-atb-appuie-l-application-safeness-contre-les-violences-faites-aux-femmes\/202994\/"]}]},{"@type":"ImageObject","inLanguage":"fr-FR","@id":"https:\/\/www.webdo.tn\/fr\/actualite\/national\/l-atb-appuie-l-application-safeness-contre-les-violences-faites-aux-femmes\/202994\/#primaryimage","url":"https:\/\/www.webdo.tn\/fr\/wp-content\/uploads\/2023\/02\/587e908b0d952b7c4d8cae92783b3278.jpg","contentUrl":"https:\/\/www.webdo.tn\/fr\/wp-content\/uploads\/2023\/02\/587e908b0d952b7c4d8cae92783b3278.jpg","width":750,"height":400,"caption":"L'ATB appuie l\u2019application SafeNess contre les violences faites aux femmes"},{"@type":"BreadcrumbList","@id":"https:\/\/www.webdo.tn\/fr\/actualite\/national\/l-atb-appuie-l-application-safeness-contre-les-violences-faites-aux-femmes\/202994\/#breadcrumb","itemListElement":[{"@type":"ListItem","position":1,"name":"Accueil","item":"https:\/\/www.webdo.tn\/fr\/"},{"@type":"ListItem","position":2,"name":"L&#8217;ATB appuie l\u2019application SafeNess contre les violences faites aux femmes"}]},{"@type":"WebSite","@id":"https:\/\/www.webdo.tn\/fr\/#website","url":"https:\/\/www.webdo.tn\/fr\/","name":"webdo","description":"Tunisie - News en Tunisie et \u00e0 l&#039;international sur Webdo.tn","publisher":{"@id":"https:\/\/www.webdo.tn\/fr\/#organization"},"potentialAction":[{"@type":"SearchAction","target":{"@type":"EntryPoint","urlTemplate":"https:\/\/www.webdo.tn\/fr\/?s={search_term_string}"},"query-input":{"@type":"PropertyValueSpecification","valueRequired":true,"valueName":"search_term_string"}}],"inLanguage":"fr-FR"},{"@type":"Organization","@id":"https:\/\/www.webdo.tn\/fr\/#organization","name":"Webdo","alternateName":"Webdo.tn","url":"https:\/\/www.webdo.tn\/fr\/","logo":{"@type":"ImageObject","inLanguage":"fr-FR","@id":"https:\/\/www.webdo.tn\/fr\/#\/schema\/logo\/image\/","url":"https:\/\/www.webdo.tn\/fr\/wp-content\/uploads\/2025\/06\/Webdo-Tunisie_168377.jpg","contentUrl":"https:\/\/www.webdo.tn\/fr\/wp-content\/uploads\/2025\/06\/Webdo-Tunisie_168377.jpg","width":301,"height":301,"caption":"Webdo"},"image":{"@id":"https:\/\/www.webdo.tn\/fr\/#\/schema\/logo\/image\/"},"sameAs":["https:\/\/www.facebook.com\/webdotn","https:\/\/x.com\/webdo_tn"],"description":"Webdo est un m\u00e9dia num\u00e9rique tunisien fond\u00e9 en 2010, sp\u00e9cialis\u00e9 dans l\u2019actualit\u00e9 nationale et internationale, l\u2019\u00e9conomie, la soci\u00e9t\u00e9 et les analyses politiques. Le site s\u2019adresse \u00e0 un large public francophone et couvre l\u2019information tunisienne en temps r\u00e9el.","email":"redac@webdo.tn","legalName":"YNJ SARL","foundingDate":"2010-09-06","numberOfEmployees":{"@type":"QuantitativeValue","minValue":"11","maxValue":"50"}},{"@type":"Person","@id":"https:\/\/www.webdo.tn\/fr\/#\/schema\/person\/1f4e491e0907b413d61089e8eb573acc","name":"Webdo","image":{"@type":"ImageObject","inLanguage":"fr-FR","@id":"https:\/\/secure.gravatar.com\/avatar\/de97aeec1bb80978a9dbb127e47dfc88aaacb2f3c29aac907d8d3222e3495d49?s=96&d=mm&r=g","url":"https:\/\/secure.gravatar.com\/avatar\/de97aeec1bb80978a9dbb127e47dfc88aaacb2f3c29aac907d8d3222e3495d49?s=96&d=mm&r=g","contentUrl":"https:\/\/secure.gravatar.com\/avatar\/de97aeec1bb80978a9dbb127e47dfc88aaacb2f3c29aac907d8d3222e3495d49?s=96&d=mm&r=g","caption":"Webdo"},"url":"https:\/\/www.webdo.tn\/fr\/actualite\/author\/webdo\/"}]}},"_links":{"self":[{"href":"https:\/\/www.webdo.tn\/fr\/wp-json\/wp\/v2\/posts\/202994","targetHints":{"allow":["GET"]}}],"collection":[{"href":"https:\/\/www.webdo.tn\/fr\/wp-json\/wp\/v2\/posts"}],"about":[{"href":"https:\/\/www.webdo.tn\/fr\/wp-json\/wp\/v2\/types\/post"}],"author":[{"embeddable":true,"href":"https:\/\/www.webdo.tn\/fr\/wp-json\/wp\/v2\/users\/3169"}],"replies":[{"embeddable":true,"href":"https:\/\/www.webdo.tn\/fr\/wp-json\/wp\/v2\/comments?post=202994"}],"version-history":[{"count":0,"href":"https:\/\/www.webdo.tn\/fr\/wp-json\/wp\/v2\/posts\/202994\/revisions"}],"wp:featuredmedia":[{"embeddable":true,"href":"https:\/\/www.webdo.tn\/fr\/wp-json\/wp\/v2\/media\/251970"}],"wp:attachment":[{"href":"https:\/\/www.webdo.tn\/fr\/wp-json\/wp\/v2\/media?parent=202994"}],"wp:term":[{"taxonomy":"category","embeddable":true,"href":"https:\/\/www.webdo.tn\/fr\/wp-json\/wp\/v2\/categories?post=202994"},{"taxonomy":"post_tag","embeddable":true,"href":"https:\/\/www.webdo.tn\/fr\/wp-json\/wp\/v2\/tags?post=202994"}],"curies":[{"name":"wp","href":"https:\/\/api.w.org\/{rel}","templated":true}]}}