{"id":202984,"date":"2023-02-16T08:42:00","date_gmt":"2023-02-16T08:42:00","guid":{"rendered":"https:\/\/www.webdo.tn\/fr\/blog\/les-etats-unis-preoccupes-par-la-vague-d-arrestations-en-tunisie\/202984\/"},"modified":"2025-05-20T22:07:33","modified_gmt":"2025-05-20T22:07:33","slug":"les-etats-unis-preoccupes-par-la-vague-d-arrestations-en-tunisie","status":"publish","type":"post","link":"https:\/\/www.webdo.tn\/fr\/actualite\/national\/les-etats-unis-preoccupes-par-la-vague-d-arrestations-en-tunisie\/202984\/","title":{"rendered":"Les Etats-Unis pr\u00e9occup\u00e9s par la vague d\u2019arrestations en Tunisie"},"content":{"rendered":"<p>Le porte-parole du D\u00e9partement d\u2019Etat am\u00e9ricain, Ned Price, a exprim\u00e9, ce mercredi 15 f\u00e9vrier 2023, l\u2019extr\u00eame inqui\u00e9tude des Etats-Unis apr\u00e8s la vague d\u2019arrestations op\u00e9r\u00e9e ces derniers jours et ayant cibl\u00e9 des personnalit\u00e9s politiques, des hommes d\u2019affaires et des journalistes.<\/p>\n<p>\t\t\t\t\t\t\t\t\t\u00ab\u00a0Les \u00c9tats-Unis sont profond\u00e9ment pr\u00e9occup\u00e9s par les arrestations r\u00e9cemment enregistr\u00e9es en Tunisie et concernant plusieurs figures politiques, des hommes d&rsquo;affaires et des journalistes\u00a0\u00bb a-t-il d\u00e9clar\u00e9 lors du briefing quotidien.<\/p>\n<p>Il a ajout\u00e9 que les responsables am\u00e9ricains\u00a0 coordonnent avec le gouvernement tunisien pour le soutien des droits de l\u2019Homme et de la libert\u00e9 d\u2019expression.<\/p>\n<p>\u00ab\u00a0Nous respectons les aspirations du peuple tunisien \u00e0 une justice ind\u00e9pendante et transparente, capable de prot\u00e9ger les libert\u00e9s fondamentales pour tous. Nous nous tenons aux c\u00f4t\u00e9s du gouvernement tunisien, \u00e0 tous les niveaux, et nous soutenons la libert\u00e9 d&rsquo;expression et les droits de l\u2019Homme. <\/p>\n<p>C\u2019est un principe fondamental pour les \u00c9tats-Unis que les gens, partout dans le monde, puissent \u00eatre capables de s\u2019exprimer sans peur, ni repr\u00e9sailles. Tout gouvernement a la responsabilit\u00e9 de garantir ce droit\u00a0\u00bb, a-t-il notamment dit.<\/p>\n<p>.@StateDeptSpox on recent arrests in Tunisia of political figures, business leaders, and journalists: We respect the aspirations of the Tunisian people for an independent and transparent judiciary that is able to protect fundamental freedoms for all. pic.twitter.com\/r4om0e5kB6<br \/>\n\u2014 Department of State (@StateDept) February 15, 2023<\/p>\n","protected":false},"excerpt":{"rendered":"<p>Le porte-parole du D\u00e9partement d\u2019Etat am\u00e9ricain, Ned Price, a exprim\u00e9, ce mercredi 15 f\u00e9vrier 2023, l\u2019extr\u00eame inqui\u00e9tude des Etats-Unis apr\u00e8s la vague d\u2019arresta&#8230;<\/p>\n","protected":false},"author":3162,"featured_media":277756,"comment_status":"open","ping_status":"closed","sticky":false,"template":"","format":"standard","meta":{"footnotes":""},"categories":[44],"tags":[3673,3035,9333,2608],"class_list":["post-202984","post","type-post","status-publish","format-standard","has-post-thumbnail","hentry","category-national","tag-arrestations","tag-etats-unis","tag-ned-price","tag-tunisie"],"yoast_head":"<!-- This site is optimized with the Yoast SEO Premium plugin v27.4 (Yoast SEO v27.5) - https:\/\/yoast.com\/product\/yoast-seo-premium-wordpress\/ -->\n<title>Les Etats-Unis pr\u00e9occup\u00e9s par la vague d\u2019arrestations en Tunisie<\/title>\n<meta name=\"description\" content=\"Le porte-parole du D\u00e9partement d\u2019Etat am\u00e9ricain, Ned Price, a exprim\u00e9, ce mercredi 15 f\u00e9vrier 2023, l\u2019extr\u00eame inqui\u00e9tude des Etats-Unis apr\u00e8s la vague d\u2019arresta...\" \/>\n<link rel=\"canonical\" href=\"https:\/\/www.webdo.tn\/fr\/actualite\/national\/les-etats-unis-preoccupes-par-la-vague-d-arrestations-en-tunisie\/202984\/\" \/>\n<meta property=\"og:locale\" content=\"fr_FR\" \/>\n<meta property=\"og:type\" content=\"article\" \/>\n<meta property=\"og:title\" content=\"Les Etats-Unis pr\u00e9occup\u00e9s par la vague d\u2019arrestations en Tunisie\" \/>\n<meta property=\"og:description\" content=\"Le porte-parole du D\u00e9partement d\u2019Etat am\u00e9ricain, Ned Price, a exprim\u00e9, ce mercredi 15 f\u00e9vrier 2023, l\u2019extr\u00eame inqui\u00e9tude des Etats-Unis apr\u00e8s la vague d\u2019arresta...\" \/>\n<meta property=\"og:url\" content=\"https:\/\/www.webdo.tn\/fr\/actualite\/national\/les-etats-unis-preoccupes-par-la-vague-d-arrestations-en-tunisie\/202984\/\" \/>\n<meta property=\"og:site_name\" content=\"webdo\" \/>\n<meta property=\"article:publisher\" content=\"https:\/\/www.facebook.com\/webdotn\" \/>\n<meta property=\"article:published_time\" content=\"2023-02-16T08:42:00+00:00\" \/>\n<meta property=\"article:modified_time\" content=\"2025-05-20T22:07:33+00:00\" \/>\n<meta property=\"og:image\" content=\"https:\/\/www.webdo.tn\/fr\/wp-content\/uploads\/2023\/02\/dde198adb00d4d42a1eb1ab40bca9385.jpg\" \/>\n\t<meta property=\"og:image:width\" content=\"750\" \/>\n\t<meta property=\"og:image:height\" content=\"400\" \/>\n\t<meta property=\"og:image:type\" content=\"image\/jpeg\" \/>\n<meta name=\"author\" content=\"MC\" \/>\n<meta name=\"twitter:card\" content=\"summary_large_image\" \/>\n<meta name=\"twitter:creator\" content=\"@webdo_tn\" \/>\n<meta name=\"twitter:site\" content=\"@webdo_tn\" \/>\n<meta name=\"twitter:label1\" content=\"\u00c9crit par\" \/>\n\t<meta name=\"twitter:data1\" content=\"MC\" \/>\n\t<meta name=\"twitter:label2\" content=\"Dur\u00e9e de lecture estim\u00e9e\" \/>\n\t<meta name=\"twitter:data2\" content=\"1 minute\" \/>\n<script type=\"application\/ld+json\" class=\"yoast-schema-graph\">{\"@context\":\"https:\\\/\\\/schema.org\",\"@graph\":[{\"@type\":\"NewsArticle\",\"@id\":\"https:\\\/\\\/www.webdo.tn\\\/fr\\\/actualite\\\/national\\\/les-etats-unis-preoccupes-par-la-vague-d-arrestations-en-tunisie\\\/202984\\\/#article\",\"isPartOf\":{\"@id\":\"https:\\\/\\\/www.webdo.tn\\\/fr\\\/actualite\\\/national\\\/les-etats-unis-preoccupes-par-la-vague-d-arrestations-en-tunisie\\\/202984\\\/\"},\"author\":{\"name\":\"MC\",\"@id\":\"https:\\\/\\\/www.webdo.tn\\\/fr\\\/#\\\/schema\\\/person\\\/2c4929cbf5a809e3bd38617c6ce150f6\"},\"headline\":\"Les Etats-Unis pr\u00e9occup\u00e9s par la vague d\u2019arrestations en Tunisie\",\"datePublished\":\"2023-02-16T08:42:00+00:00\",\"dateModified\":\"2025-05-20T22:07:33+00:00\",\"mainEntityOfPage\":{\"@id\":\"https:\\\/\\\/www.webdo.tn\\\/fr\\\/actualite\\\/national\\\/les-etats-unis-preoccupes-par-la-vague-d-arrestations-en-tunisie\\\/202984\\\/\"},\"wordCount\":260,\"commentCount\":0,\"publisher\":{\"@id\":\"https:\\\/\\\/www.webdo.tn\\\/fr\\\/#organization\"},\"image\":{\"@id\":\"https:\\\/\\\/www.webdo.tn\\\/fr\\\/actualite\\\/national\\\/les-etats-unis-preoccupes-par-la-vague-d-arrestations-en-tunisie\\\/202984\\\/#primaryimage\"},\"thumbnailUrl\":\"https:\\\/\\\/www.webdo.tn\\\/fr\\\/wp-content\\\/uploads\\\/2023\\\/02\\\/dde198adb00d4d42a1eb1ab40bca9385.jpg\",\"keywords\":[\"arrestations\",\"Etats-Unis\",\"ned price\",\"Tunisie\"],\"articleSection\":[\"National\"],\"inLanguage\":\"fr-FR\"},{\"@type\":\"WebPage\",\"@id\":\"https:\\\/\\\/www.webdo.tn\\\/fr\\\/actualite\\\/national\\\/les-etats-unis-preoccupes-par-la-vague-d-arrestations-en-tunisie\\\/202984\\\/\",\"url\":\"https:\\\/\\\/www.webdo.tn\\\/fr\\\/actualite\\\/national\\\/les-etats-unis-preoccupes-par-la-vague-d-arrestations-en-tunisie\\\/202984\\\/\",\"name\":\"Les Etats-Unis pr\u00e9occup\u00e9s par la vague d\u2019arrestations en Tunisie\",\"isPartOf\":{\"@id\":\"https:\\\/\\\/www.webdo.tn\\\/fr\\\/#website\"},\"primaryImageOfPage\":{\"@id\":\"https:\\\/\\\/www.webdo.tn\\\/fr\\\/actualite\\\/national\\\/les-etats-unis-preoccupes-par-la-vague-d-arrestations-en-tunisie\\\/202984\\\/#primaryimage\"},\"image\":{\"@id\":\"https:\\\/\\\/www.webdo.tn\\\/fr\\\/actualite\\\/national\\\/les-etats-unis-preoccupes-par-la-vague-d-arrestations-en-tunisie\\\/202984\\\/#primaryimage\"},\"thumbnailUrl\":\"https:\\\/\\\/www.webdo.tn\\\/fr\\\/wp-content\\\/uploads\\\/2023\\\/02\\\/dde198adb00d4d42a1eb1ab40bca9385.jpg\",\"datePublished\":\"2023-02-16T08:42:00+00:00\",\"dateModified\":\"2025-05-20T22:07:33+00:00\",\"description\":\"Le porte-parole du D\u00e9partement d\u2019Etat am\u00e9ricain, Ned Price, a exprim\u00e9, ce mercredi 15 f\u00e9vrier 2023, l\u2019extr\u00eame inqui\u00e9tude des Etats-Unis apr\u00e8s la vague d\u2019arresta...\",\"breadcrumb\":{\"@id\":\"https:\\\/\\\/www.webdo.tn\\\/fr\\\/actualite\\\/national\\\/les-etats-unis-preoccupes-par-la-vague-d-arrestations-en-tunisie\\\/202984\\\/#breadcrumb\"},\"inLanguage\":\"fr-FR\",\"potentialAction\":[{\"@type\":\"ReadAction\",\"target\":[\"https:\\\/\\\/www.webdo.tn\\\/fr\\\/actualite\\\/national\\\/les-etats-unis-preoccupes-par-la-vague-d-arrestations-en-tunisie\\\/202984\\\/\"]}]},{\"@type\":\"ImageObject\",\"inLanguage\":\"fr-FR\",\"@id\":\"https:\\\/\\\/www.webdo.tn\\\/fr\\\/actualite\\\/national\\\/les-etats-unis-preoccupes-par-la-vague-d-arrestations-en-tunisie\\\/202984\\\/#primaryimage\",\"url\":\"https:\\\/\\\/www.webdo.tn\\\/fr\\\/wp-content\\\/uploads\\\/2023\\\/02\\\/dde198adb00d4d42a1eb1ab40bca9385.jpg\",\"contentUrl\":\"https:\\\/\\\/www.webdo.tn\\\/fr\\\/wp-content\\\/uploads\\\/2023\\\/02\\\/dde198adb00d4d42a1eb1ab40bca9385.jpg\",\"width\":750,\"height\":400,\"caption\":\"Les Etats-Unis pr\u00e9occup\u00e9s par la vague d\u2019arrestations en Tunisie\"},{\"@type\":\"BreadcrumbList\",\"@id\":\"https:\\\/\\\/www.webdo.tn\\\/fr\\\/actualite\\\/national\\\/les-etats-unis-preoccupes-par-la-vague-d-arrestations-en-tunisie\\\/202984\\\/#breadcrumb\",\"itemListElement\":[{\"@type\":\"ListItem\",\"position\":1,\"name\":\"Accueil\",\"item\":\"https:\\\/\\\/www.webdo.tn\\\/fr\\\/\"},{\"@type\":\"ListItem\",\"position\":2,\"name\":\"Les Etats-Unis pr\u00e9occup\u00e9s par la vague d\u2019arrestations en Tunisie\"}]},{\"@type\":\"WebSite\",\"@id\":\"https:\\\/\\\/www.webdo.tn\\\/fr\\\/#website\",\"url\":\"https:\\\/\\\/www.webdo.tn\\\/fr\\\/\",\"name\":\"webdo\",\"description\":\"Tunisie - News en Tunisie et \u00e0 l&#039;international sur Webdo.tn\",\"publisher\":{\"@id\":\"https:\\\/\\\/www.webdo.tn\\\/fr\\\/#organization\"},\"potentialAction\":[{\"@type\":\"SearchAction\",\"target\":{\"@type\":\"EntryPoint\",\"urlTemplate\":\"https:\\\/\\\/www.webdo.tn\\\/fr\\\/?s={search_term_string}\"},\"query-input\":{\"@type\":\"PropertyValueSpecification\",\"valueRequired\":true,\"valueName\":\"search_term_string\"}}],\"inLanguage\":\"fr-FR\"},{\"@type\":\"Organization\",\"@id\":\"https:\\\/\\\/www.webdo.tn\\\/fr\\\/#organization\",\"name\":\"Webdo\",\"alternateName\":\"Webdo.tn\",\"url\":\"https:\\\/\\\/www.webdo.tn\\\/fr\\\/\",\"logo\":{\"@type\":\"ImageObject\",\"inLanguage\":\"fr-FR\",\"@id\":\"https:\\\/\\\/www.webdo.tn\\\/fr\\\/#\\\/schema\\\/logo\\\/image\\\/\",\"url\":\"https:\\\/\\\/www.webdo.tn\\\/fr\\\/wp-content\\\/uploads\\\/2025\\\/06\\\/Webdo-Tunisie_168377.jpg\",\"contentUrl\":\"https:\\\/\\\/www.webdo.tn\\\/fr\\\/wp-content\\\/uploads\\\/2025\\\/06\\\/Webdo-Tunisie_168377.jpg\",\"width\":301,\"height\":301,\"caption\":\"Webdo\"},\"image\":{\"@id\":\"https:\\\/\\\/www.webdo.tn\\\/fr\\\/#\\\/schema\\\/logo\\\/image\\\/\"},\"sameAs\":[\"https:\\\/\\\/www.facebook.com\\\/webdotn\",\"https:\\\/\\\/x.com\\\/webdo_tn\"],\"description\":\"Webdo est un m\u00e9dia num\u00e9rique tunisien fond\u00e9 en 2010, sp\u00e9cialis\u00e9 dans l\u2019actualit\u00e9 nationale et internationale, l\u2019\u00e9conomie, la soci\u00e9t\u00e9 et les analyses politiques. Le site s\u2019adresse \u00e0 un large public francophone et couvre l\u2019information tunisienne en temps r\u00e9el.\",\"email\":\"redac@webdo.tn\",\"legalName\":\"YNJ SARL\",\"foundingDate\":\"2010-09-06\",\"numberOfEmployees\":{\"@type\":\"QuantitativeValue\",\"minValue\":\"11\",\"maxValue\":\"50\"}},{\"@type\":\"Person\",\"@id\":\"https:\\\/\\\/www.webdo.tn\\\/fr\\\/#\\\/schema\\\/person\\\/2c4929cbf5a809e3bd38617c6ce150f6\",\"name\":\"MC\",\"image\":{\"@type\":\"ImageObject\",\"inLanguage\":\"fr-FR\",\"@id\":\"https:\\\/\\\/secure.gravatar.com\\\/avatar\\\/a545bbb6f84efdd5553dbbc2895e3ca8f1d12c5215e00a041c9670b54aa9b18a?s=96&d=mm&r=g\",\"url\":\"https:\\\/\\\/secure.gravatar.com\\\/avatar\\\/a545bbb6f84efdd5553dbbc2895e3ca8f1d12c5215e00a041c9670b54aa9b18a?s=96&d=mm&r=g\",\"contentUrl\":\"https:\\\/\\\/secure.gravatar.com\\\/avatar\\\/a545bbb6f84efdd5553dbbc2895e3ca8f1d12c5215e00a041c9670b54aa9b18a?s=96&d=mm&r=g\",\"caption\":\"MC\"},\"url\":\"https:\\\/\\\/www.webdo.tn\\\/fr\\\/actualite\\\/author\\\/mc\\\/\"}]}<\/script>\n<!-- \/ Yoast SEO Premium plugin. -->","yoast_head_json":{"title":"Les Etats-Unis pr\u00e9occup\u00e9s par la vague d\u2019arrestations en Tunisie","description":"Le porte-parole du D\u00e9partement d\u2019Etat am\u00e9ricain, Ned Price, a exprim\u00e9, ce mercredi 15 f\u00e9vrier 2023, l\u2019extr\u00eame inqui\u00e9tude des Etats-Unis apr\u00e8s la vague d\u2019arresta...","canonical":"https:\/\/www.webdo.tn\/fr\/actualite\/national\/les-etats-unis-preoccupes-par-la-vague-d-arrestations-en-tunisie\/202984\/","og_locale":"fr_FR","og_type":"article","og_title":"Les Etats-Unis pr\u00e9occup\u00e9s par la vague d\u2019arrestations en Tunisie","og_description":"Le porte-parole du D\u00e9partement d\u2019Etat am\u00e9ricain, Ned Price, a exprim\u00e9, ce mercredi 15 f\u00e9vrier 2023, l\u2019extr\u00eame inqui\u00e9tude des Etats-Unis apr\u00e8s la vague d\u2019arresta...","og_url":"https:\/\/www.webdo.tn\/fr\/actualite\/national\/les-etats-unis-preoccupes-par-la-vague-d-arrestations-en-tunisie\/202984\/","og_site_name":"webdo","article_publisher":"https:\/\/www.facebook.com\/webdotn","article_published_time":"2023-02-16T08:42:00+00:00","article_modified_time":"2025-05-20T22:07:33+00:00","og_image":[{"width":750,"height":400,"url":"https:\/\/www.webdo.tn\/fr\/wp-content\/uploads\/2023\/02\/dde198adb00d4d42a1eb1ab40bca9385.jpg","type":"image\/jpeg"}],"author":"MC","twitter_card":"summary_large_image","twitter_creator":"@webdo_tn","twitter_site":"@webdo_tn","twitter_misc":{"\u00c9crit par":"MC","Dur\u00e9e de lecture estim\u00e9e":"1 minute"},"schema":{"@context":"https:\/\/schema.org","@graph":[{"@type":"NewsArticle","@id":"https:\/\/www.webdo.tn\/fr\/actualite\/national\/les-etats-unis-preoccupes-par-la-vague-d-arrestations-en-tunisie\/202984\/#article","isPartOf":{"@id":"https:\/\/www.webdo.tn\/fr\/actualite\/national\/les-etats-unis-preoccupes-par-la-vague-d-arrestations-en-tunisie\/202984\/"},"author":{"name":"MC","@id":"https:\/\/www.webdo.tn\/fr\/#\/schema\/person\/2c4929cbf5a809e3bd38617c6ce150f6"},"headline":"Les Etats-Unis pr\u00e9occup\u00e9s par la vague d\u2019arrestations en Tunisie","datePublished":"2023-02-16T08:42:00+00:00","dateModified":"2025-05-20T22:07:33+00:00","mainEntityOfPage":{"@id":"https:\/\/www.webdo.tn\/fr\/actualite\/national\/les-etats-unis-preoccupes-par-la-vague-d-arrestations-en-tunisie\/202984\/"},"wordCount":260,"commentCount":0,"publisher":{"@id":"https:\/\/www.webdo.tn\/fr\/#organization"},"image":{"@id":"https:\/\/www.webdo.tn\/fr\/actualite\/national\/les-etats-unis-preoccupes-par-la-vague-d-arrestations-en-tunisie\/202984\/#primaryimage"},"thumbnailUrl":"https:\/\/www.webdo.tn\/fr\/wp-content\/uploads\/2023\/02\/dde198adb00d4d42a1eb1ab40bca9385.jpg","keywords":["arrestations","Etats-Unis","ned price","Tunisie"],"articleSection":["National"],"inLanguage":"fr-FR"},{"@type":"WebPage","@id":"https:\/\/www.webdo.tn\/fr\/actualite\/national\/les-etats-unis-preoccupes-par-la-vague-d-arrestations-en-tunisie\/202984\/","url":"https:\/\/www.webdo.tn\/fr\/actualite\/national\/les-etats-unis-preoccupes-par-la-vague-d-arrestations-en-tunisie\/202984\/","name":"Les Etats-Unis pr\u00e9occup\u00e9s par la vague d\u2019arrestations en Tunisie","isPartOf":{"@id":"https:\/\/www.webdo.tn\/fr\/#website"},"primaryImageOfPage":{"@id":"https:\/\/www.webdo.tn\/fr\/actualite\/national\/les-etats-unis-preoccupes-par-la-vague-d-arrestations-en-tunisie\/202984\/#primaryimage"},"image":{"@id":"https:\/\/www.webdo.tn\/fr\/actualite\/national\/les-etats-unis-preoccupes-par-la-vague-d-arrestations-en-tunisie\/202984\/#primaryimage"},"thumbnailUrl":"https:\/\/www.webdo.tn\/fr\/wp-content\/uploads\/2023\/02\/dde198adb00d4d42a1eb1ab40bca9385.jpg","datePublished":"2023-02-16T08:42:00+00:00","dateModified":"2025-05-20T22:07:33+00:00","description":"Le porte-parole du D\u00e9partement d\u2019Etat am\u00e9ricain, Ned Price, a exprim\u00e9, ce mercredi 15 f\u00e9vrier 2023, l\u2019extr\u00eame inqui\u00e9tude des Etats-Unis apr\u00e8s la vague d\u2019arresta...","breadcrumb":{"@id":"https:\/\/www.webdo.tn\/fr\/actualite\/national\/les-etats-unis-preoccupes-par-la-vague-d-arrestations-en-tunisie\/202984\/#breadcrumb"},"inLanguage":"fr-FR","potentialAction":[{"@type":"ReadAction","target":["https:\/\/www.webdo.tn\/fr\/actualite\/national\/les-etats-unis-preoccupes-par-la-vague-d-arrestations-en-tunisie\/202984\/"]}]},{"@type":"ImageObject","inLanguage":"fr-FR","@id":"https:\/\/www.webdo.tn\/fr\/actualite\/national\/les-etats-unis-preoccupes-par-la-vague-d-arrestations-en-tunisie\/202984\/#primaryimage","url":"https:\/\/www.webdo.tn\/fr\/wp-content\/uploads\/2023\/02\/dde198adb00d4d42a1eb1ab40bca9385.jpg","contentUrl":"https:\/\/www.webdo.tn\/fr\/wp-content\/uploads\/2023\/02\/dde198adb00d4d42a1eb1ab40bca9385.jpg","width":750,"height":400,"caption":"Les Etats-Unis pr\u00e9occup\u00e9s par la vague d\u2019arrestations en Tunisie"},{"@type":"BreadcrumbList","@id":"https:\/\/www.webdo.tn\/fr\/actualite\/national\/les-etats-unis-preoccupes-par-la-vague-d-arrestations-en-tunisie\/202984\/#breadcrumb","itemListElement":[{"@type":"ListItem","position":1,"name":"Accueil","item":"https:\/\/www.webdo.tn\/fr\/"},{"@type":"ListItem","position":2,"name":"Les Etats-Unis pr\u00e9occup\u00e9s par la vague d\u2019arrestations en Tunisie"}]},{"@type":"WebSite","@id":"https:\/\/www.webdo.tn\/fr\/#website","url":"https:\/\/www.webdo.tn\/fr\/","name":"webdo","description":"Tunisie - News en Tunisie et \u00e0 l&#039;international sur Webdo.tn","publisher":{"@id":"https:\/\/www.webdo.tn\/fr\/#organization"},"potentialAction":[{"@type":"SearchAction","target":{"@type":"EntryPoint","urlTemplate":"https:\/\/www.webdo.tn\/fr\/?s={search_term_string}"},"query-input":{"@type":"PropertyValueSpecification","valueRequired":true,"valueName":"search_term_string"}}],"inLanguage":"fr-FR"},{"@type":"Organization","@id":"https:\/\/www.webdo.tn\/fr\/#organization","name":"Webdo","alternateName":"Webdo.tn","url":"https:\/\/www.webdo.tn\/fr\/","logo":{"@type":"ImageObject","inLanguage":"fr-FR","@id":"https:\/\/www.webdo.tn\/fr\/#\/schema\/logo\/image\/","url":"https:\/\/www.webdo.tn\/fr\/wp-content\/uploads\/2025\/06\/Webdo-Tunisie_168377.jpg","contentUrl":"https:\/\/www.webdo.tn\/fr\/wp-content\/uploads\/2025\/06\/Webdo-Tunisie_168377.jpg","width":301,"height":301,"caption":"Webdo"},"image":{"@id":"https:\/\/www.webdo.tn\/fr\/#\/schema\/logo\/image\/"},"sameAs":["https:\/\/www.facebook.com\/webdotn","https:\/\/x.com\/webdo_tn"],"description":"Webdo est un m\u00e9dia num\u00e9rique tunisien fond\u00e9 en 2010, sp\u00e9cialis\u00e9 dans l\u2019actualit\u00e9 nationale et internationale, l\u2019\u00e9conomie, la soci\u00e9t\u00e9 et les analyses politiques. Le site s\u2019adresse \u00e0 un large public francophone et couvre l\u2019information tunisienne en temps r\u00e9el.","email":"redac@webdo.tn","legalName":"YNJ SARL","foundingDate":"2010-09-06","numberOfEmployees":{"@type":"QuantitativeValue","minValue":"11","maxValue":"50"}},{"@type":"Person","@id":"https:\/\/www.webdo.tn\/fr\/#\/schema\/person\/2c4929cbf5a809e3bd38617c6ce150f6","name":"MC","image":{"@type":"ImageObject","inLanguage":"fr-FR","@id":"https:\/\/secure.gravatar.com\/avatar\/a545bbb6f84efdd5553dbbc2895e3ca8f1d12c5215e00a041c9670b54aa9b18a?s=96&d=mm&r=g","url":"https:\/\/secure.gravatar.com\/avatar\/a545bbb6f84efdd5553dbbc2895e3ca8f1d12c5215e00a041c9670b54aa9b18a?s=96&d=mm&r=g","contentUrl":"https:\/\/secure.gravatar.com\/avatar\/a545bbb6f84efdd5553dbbc2895e3ca8f1d12c5215e00a041c9670b54aa9b18a?s=96&d=mm&r=g","caption":"MC"},"url":"https:\/\/www.webdo.tn\/fr\/actualite\/author\/mc\/"}]}},"_links":{"self":[{"href":"https:\/\/www.webdo.tn\/fr\/wp-json\/wp\/v2\/posts\/202984","targetHints":{"allow":["GET"]}}],"collection":[{"href":"https:\/\/www.webdo.tn\/fr\/wp-json\/wp\/v2\/posts"}],"about":[{"href":"https:\/\/www.webdo.tn\/fr\/wp-json\/wp\/v2\/types\/post"}],"author":[{"embeddable":true,"href":"https:\/\/www.webdo.tn\/fr\/wp-json\/wp\/v2\/users\/3162"}],"replies":[{"embeddable":true,"href":"https:\/\/www.webdo.tn\/fr\/wp-json\/wp\/v2\/comments?post=202984"}],"version-history":[{"count":0,"href":"https:\/\/www.webdo.tn\/fr\/wp-json\/wp\/v2\/posts\/202984\/revisions"}],"wp:featuredmedia":[{"embeddable":true,"href":"https:\/\/www.webdo.tn\/fr\/wp-json\/wp\/v2\/media\/277756"}],"wp:attachment":[{"href":"https:\/\/www.webdo.tn\/fr\/wp-json\/wp\/v2\/media?parent=202984"}],"wp:term":[{"taxonomy":"category","embeddable":true,"href":"https:\/\/www.webdo.tn\/fr\/wp-json\/wp\/v2\/categories?post=202984"},{"taxonomy":"post_tag","embeddable":true,"href":"https:\/\/www.webdo.tn\/fr\/wp-json\/wp\/v2\/tags?post=202984"}],"curies":[{"name":"wp","href":"https:\/\/api.w.org\/{rel}","templated":true}]}}