{"id":202982,"date":"2023-02-15T21:55:00","date_gmt":"2023-02-15T21:55:00","guid":{"rendered":"https:\/\/www.webdo.tn\/fr\/blog\/la-subvention-du-gaz-liquefie-remplacee-par-une-prime-mensuelle-a-partir-de-2026\/202982\/"},"modified":"2025-05-20T23:00:49","modified_gmt":"2025-05-20T23:00:49","slug":"la-subvention-du-gaz-liquefie-remplacee-par-une-prime-mensuelle-a-partir-de-2026","status":"publish","type":"post","link":"https:\/\/www.webdo.tn\/fr\/actualite\/national\/la-subvention-du-gaz-liquefie-remplacee-par-une-prime-mensuelle-a-partir-de-2026\/202982\/","title":{"rendered":"La subvention du gaz liqu\u00e9fi\u00e9 remplac\u00e9e par une prime mensuelle \u00e0 partir de 2026"},"content":{"rendered":"<p>La subvention du gaz liqu\u00e9fi\u00e9, ou gaz domestique sera lev\u00e9e \u00e0 partir de 2026 et sera orient\u00e9e vers les ayants droit, en accordant \u00e0 chaque m\u00e9nage une prime de 54 dinars par mois, selon le Directeur g\u00e9n\u00e9ral des hydrocarbures au minist\u00e8re de l&rsquo;Industrie Rachid Ben Dali, en marge d&rsquo;un d\u00e9bat en ligne organis\u00e9 par l&rsquo;Institut arabe des chefs d&rsquo;entreprises (IACE).<\/p>\n<p>\t\t\t\t\t\t\t\t\tRachid\u00a0Ben Dali a ainis expliqu\u00e9 que la r\u00e9gulation automatique des prix des hydrocarbures ne concerne pas la bouteille de gaz, sachant que le prix r\u00e9el d&rsquo;une bouteille sans subvention est de pr\u00e8s de 35 dinars.\u00a0<br \/>\nL&rsquo;Etat prend charge 27 dinars sous forme de subvention pour que le citoyen puisse l&rsquo;acheter \u00e0 8,800 dinars.<\/p>\n<p>La totalit\u00e9 de la subvention allou\u00e9e par l&rsquo;Etat pour les bouteilles de gaz domestique s&rsquo;\u00e9l\u00e8ve \u00e0 1,2 milliard de dinars, une somme qui d\u00e9passe largement la subvention des carburants estim\u00e9e \u00e0 900 MD en 2022, selon le responsable.\u00a0<\/p>\n<p>Il est \u00e0 rappeler que selon les statistiques du minist\u00e8re de l&rsquo;Industrie, de l&rsquo;\u00e9nergie et des mines, chaque m\u00e9nage concern\u00e9 consomme pr\u00e8s d&rsquo;une bouteille et demie ou deux bouteilles de gaz destin\u00e9 \u00e0 la consommation domestique par mois.<\/p>\n","protected":false},"excerpt":{"rendered":"<p>La subvention du gaz liqu\u00e9fi\u00e9, ou gaz domestique sera lev\u00e9e \u00e0 partir de 2026 et sera orient\u00e9e vers les ayants droit, en accordant \u00e0 chaque m\u00e9nage une prime de 5&#8230;<\/p>\n","protected":false},"author":3195,"featured_media":277755,"comment_status":"open","ping_status":"closed","sticky":false,"template":"","format":"standard","meta":{"footnotes":""},"categories":[44],"tags":[3764,7382,2608],"class_list":["post-202982","post","type-post","status-publish","format-standard","has-post-thumbnail","hentry","category-national","tag-gaz","tag-subvention","tag-tunisie"],"yoast_head":"<!-- This site is optimized with the Yoast SEO Premium plugin v27.5 (Yoast SEO v27.5) - https:\/\/yoast.com\/product\/yoast-seo-premium-wordpress\/ -->\n<title>La subvention du gaz liqu\u00e9fi\u00e9 remplac\u00e9e par une prime mensuelle \u00e0 partir de 2026<\/title>\n<meta name=\"description\" content=\"La subvention du gaz liqu\u00e9fi\u00e9, ou gaz domestique sera lev\u00e9e \u00e0 partir de 2026 et sera orient\u00e9e vers les ayants droit, en accordant \u00e0 chaque m\u00e9nage une prime de 5...\" \/>\n<link rel=\"canonical\" href=\"https:\/\/www.webdo.tn\/fr\/actualite\/national\/la-subvention-du-gaz-liquefie-remplacee-par-une-prime-mensuelle-a-partir-de-2026\/202982\/\" \/>\n<meta property=\"og:locale\" content=\"fr_FR\" \/>\n<meta property=\"og:type\" content=\"article\" \/>\n<meta property=\"og:title\" content=\"La subvention du gaz liqu\u00e9fi\u00e9 remplac\u00e9e par une prime mensuelle \u00e0 partir de 2026\" \/>\n<meta property=\"og:description\" content=\"La subvention du gaz liqu\u00e9fi\u00e9, ou gaz domestique sera lev\u00e9e \u00e0 partir de 2026 et sera orient\u00e9e vers les ayants droit, en accordant \u00e0 chaque m\u00e9nage une prime de 5...\" \/>\n<meta property=\"og:url\" content=\"https:\/\/www.webdo.tn\/fr\/actualite\/national\/la-subvention-du-gaz-liquefie-remplacee-par-une-prime-mensuelle-a-partir-de-2026\/202982\/\" \/>\n<meta property=\"og:site_name\" content=\"webdo\" \/>\n<meta property=\"article:publisher\" content=\"https:\/\/www.facebook.com\/webdotn\" \/>\n<meta property=\"article:published_time\" content=\"2023-02-15T21:55:00+00:00\" \/>\n<meta property=\"article:modified_time\" content=\"2025-05-20T23:00:49+00:00\" \/>\n<meta property=\"og:image\" content=\"https:\/\/www.webdo.tn\/fr\/wp-content\/uploads\/2023\/02\/1e899fecc53456a8b653f45105fe1e56.jpg\" \/>\n\t<meta property=\"og:image:width\" content=\"450\" \/>\n\t<meta property=\"og:image:height\" content=\"240\" \/>\n\t<meta property=\"og:image:type\" content=\"image\/jpeg\" \/>\n<meta name=\"author\" content=\"NJ\" \/>\n<meta name=\"twitter:card\" content=\"summary_large_image\" \/>\n<meta name=\"twitter:creator\" content=\"@webdo_tn\" \/>\n<meta name=\"twitter:site\" content=\"@webdo_tn\" \/>\n<meta name=\"twitter:label1\" content=\"\u00c9crit par\" \/>\n\t<meta name=\"twitter:data1\" content=\"NJ\" \/>\n\t<meta name=\"twitter:label2\" content=\"Dur\u00e9e de lecture estim\u00e9e\" \/>\n\t<meta name=\"twitter:data2\" content=\"1 minute\" \/>\n<script type=\"application\/ld+json\" class=\"yoast-schema-graph\">{\"@context\":\"https:\\\/\\\/schema.org\",\"@graph\":[{\"@type\":\"NewsArticle\",\"@id\":\"https:\\\/\\\/www.webdo.tn\\\/fr\\\/actualite\\\/national\\\/la-subvention-du-gaz-liquefie-remplacee-par-une-prime-mensuelle-a-partir-de-2026\\\/202982\\\/#article\",\"isPartOf\":{\"@id\":\"https:\\\/\\\/www.webdo.tn\\\/fr\\\/actualite\\\/national\\\/la-subvention-du-gaz-liquefie-remplacee-par-une-prime-mensuelle-a-partir-de-2026\\\/202982\\\/\"},\"author\":{\"name\":\"NJ\",\"@id\":\"https:\\\/\\\/www.webdo.tn\\\/fr\\\/#\\\/schema\\\/person\\\/646f7c4406ab78299805d9d39b2636d8\"},\"headline\":\"La subvention du gaz liqu\u00e9fi\u00e9 remplac\u00e9e par une prime mensuelle \u00e0 partir de 2026\",\"datePublished\":\"2023-02-15T21:55:00+00:00\",\"dateModified\":\"2025-05-20T23:00:49+00:00\",\"mainEntityOfPage\":{\"@id\":\"https:\\\/\\\/www.webdo.tn\\\/fr\\\/actualite\\\/national\\\/la-subvention-du-gaz-liquefie-remplacee-par-une-prime-mensuelle-a-partir-de-2026\\\/202982\\\/\"},\"wordCount\":219,\"commentCount\":0,\"publisher\":{\"@id\":\"https:\\\/\\\/www.webdo.tn\\\/fr\\\/#organization\"},\"image\":{\"@id\":\"https:\\\/\\\/www.webdo.tn\\\/fr\\\/actualite\\\/national\\\/la-subvention-du-gaz-liquefie-remplacee-par-une-prime-mensuelle-a-partir-de-2026\\\/202982\\\/#primaryimage\"},\"thumbnailUrl\":\"https:\\\/\\\/www.webdo.tn\\\/fr\\\/wp-content\\\/uploads\\\/2023\\\/02\\\/1e899fecc53456a8b653f45105fe1e56.jpg\",\"keywords\":[\"Gaz\",\"Subvention\",\"Tunisie\"],\"articleSection\":[\"National\"],\"inLanguage\":\"fr-FR\"},{\"@type\":\"WebPage\",\"@id\":\"https:\\\/\\\/www.webdo.tn\\\/fr\\\/actualite\\\/national\\\/la-subvention-du-gaz-liquefie-remplacee-par-une-prime-mensuelle-a-partir-de-2026\\\/202982\\\/\",\"url\":\"https:\\\/\\\/www.webdo.tn\\\/fr\\\/actualite\\\/national\\\/la-subvention-du-gaz-liquefie-remplacee-par-une-prime-mensuelle-a-partir-de-2026\\\/202982\\\/\",\"name\":\"La subvention du gaz liqu\u00e9fi\u00e9 remplac\u00e9e par une prime mensuelle \u00e0 partir de 2026\",\"isPartOf\":{\"@id\":\"https:\\\/\\\/www.webdo.tn\\\/fr\\\/#website\"},\"primaryImageOfPage\":{\"@id\":\"https:\\\/\\\/www.webdo.tn\\\/fr\\\/actualite\\\/national\\\/la-subvention-du-gaz-liquefie-remplacee-par-une-prime-mensuelle-a-partir-de-2026\\\/202982\\\/#primaryimage\"},\"image\":{\"@id\":\"https:\\\/\\\/www.webdo.tn\\\/fr\\\/actualite\\\/national\\\/la-subvention-du-gaz-liquefie-remplacee-par-une-prime-mensuelle-a-partir-de-2026\\\/202982\\\/#primaryimage\"},\"thumbnailUrl\":\"https:\\\/\\\/www.webdo.tn\\\/fr\\\/wp-content\\\/uploads\\\/2023\\\/02\\\/1e899fecc53456a8b653f45105fe1e56.jpg\",\"datePublished\":\"2023-02-15T21:55:00+00:00\",\"dateModified\":\"2025-05-20T23:00:49+00:00\",\"description\":\"La subvention du gaz liqu\u00e9fi\u00e9, ou gaz domestique sera lev\u00e9e \u00e0 partir de 2026 et sera orient\u00e9e vers les ayants droit, en accordant \u00e0 chaque m\u00e9nage une prime de 5...\",\"breadcrumb\":{\"@id\":\"https:\\\/\\\/www.webdo.tn\\\/fr\\\/actualite\\\/national\\\/la-subvention-du-gaz-liquefie-remplacee-par-une-prime-mensuelle-a-partir-de-2026\\\/202982\\\/#breadcrumb\"},\"inLanguage\":\"fr-FR\",\"potentialAction\":[{\"@type\":\"ReadAction\",\"target\":[\"https:\\\/\\\/www.webdo.tn\\\/fr\\\/actualite\\\/national\\\/la-subvention-du-gaz-liquefie-remplacee-par-une-prime-mensuelle-a-partir-de-2026\\\/202982\\\/\"]}]},{\"@type\":\"ImageObject\",\"inLanguage\":\"fr-FR\",\"@id\":\"https:\\\/\\\/www.webdo.tn\\\/fr\\\/actualite\\\/national\\\/la-subvention-du-gaz-liquefie-remplacee-par-une-prime-mensuelle-a-partir-de-2026\\\/202982\\\/#primaryimage\",\"url\":\"https:\\\/\\\/www.webdo.tn\\\/fr\\\/wp-content\\\/uploads\\\/2023\\\/02\\\/1e899fecc53456a8b653f45105fe1e56.jpg\",\"contentUrl\":\"https:\\\/\\\/www.webdo.tn\\\/fr\\\/wp-content\\\/uploads\\\/2023\\\/02\\\/1e899fecc53456a8b653f45105fe1e56.jpg\",\"width\":450,\"height\":240,\"caption\":\"La subvention du gaz liqu\u00e9fi\u00e9 remplac\u00e9e par une prime mensuelle \u00e0 partir de 2026\"},{\"@type\":\"BreadcrumbList\",\"@id\":\"https:\\\/\\\/www.webdo.tn\\\/fr\\\/actualite\\\/national\\\/la-subvention-du-gaz-liquefie-remplacee-par-une-prime-mensuelle-a-partir-de-2026\\\/202982\\\/#breadcrumb\",\"itemListElement\":[{\"@type\":\"ListItem\",\"position\":1,\"name\":\"Accueil\",\"item\":\"https:\\\/\\\/www.webdo.tn\\\/fr\\\/\"},{\"@type\":\"ListItem\",\"position\":2,\"name\":\"La subvention du gaz liqu\u00e9fi\u00e9 remplac\u00e9e par une prime mensuelle \u00e0 partir de 2026\"}]},{\"@type\":\"WebSite\",\"@id\":\"https:\\\/\\\/www.webdo.tn\\\/fr\\\/#website\",\"url\":\"https:\\\/\\\/www.webdo.tn\\\/fr\\\/\",\"name\":\"webdo\",\"description\":\"Tunisie - News en Tunisie et \u00e0 l&#039;international sur Webdo.tn\",\"publisher\":{\"@id\":\"https:\\\/\\\/www.webdo.tn\\\/fr\\\/#organization\"},\"potentialAction\":[{\"@type\":\"SearchAction\",\"target\":{\"@type\":\"EntryPoint\",\"urlTemplate\":\"https:\\\/\\\/www.webdo.tn\\\/fr\\\/?s={search_term_string}\"},\"query-input\":{\"@type\":\"PropertyValueSpecification\",\"valueRequired\":true,\"valueName\":\"search_term_string\"}}],\"inLanguage\":\"fr-FR\"},{\"@type\":\"Organization\",\"@id\":\"https:\\\/\\\/www.webdo.tn\\\/fr\\\/#organization\",\"name\":\"Webdo\",\"alternateName\":\"Webdo.tn\",\"url\":\"https:\\\/\\\/www.webdo.tn\\\/fr\\\/\",\"logo\":{\"@type\":\"ImageObject\",\"inLanguage\":\"fr-FR\",\"@id\":\"https:\\\/\\\/www.webdo.tn\\\/fr\\\/#\\\/schema\\\/logo\\\/image\\\/\",\"url\":\"https:\\\/\\\/www.webdo.tn\\\/fr\\\/wp-content\\\/uploads\\\/2025\\\/06\\\/Webdo-Tunisie_168377.jpg\",\"contentUrl\":\"https:\\\/\\\/www.webdo.tn\\\/fr\\\/wp-content\\\/uploads\\\/2025\\\/06\\\/Webdo-Tunisie_168377.jpg\",\"width\":301,\"height\":301,\"caption\":\"Webdo\"},\"image\":{\"@id\":\"https:\\\/\\\/www.webdo.tn\\\/fr\\\/#\\\/schema\\\/logo\\\/image\\\/\"},\"sameAs\":[\"https:\\\/\\\/www.facebook.com\\\/webdotn\",\"https:\\\/\\\/x.com\\\/webdo_tn\"],\"description\":\"Webdo est un m\u00e9dia num\u00e9rique tunisien fond\u00e9 en 2010, sp\u00e9cialis\u00e9 dans l\u2019actualit\u00e9 nationale et internationale, l\u2019\u00e9conomie, la soci\u00e9t\u00e9 et les analyses politiques. Le site s\u2019adresse \u00e0 un large public francophone et couvre l\u2019information tunisienne en temps r\u00e9el.\",\"email\":\"redac@webdo.tn\",\"legalName\":\"YNJ SARL\",\"foundingDate\":\"2010-09-06\",\"numberOfEmployees\":{\"@type\":\"QuantitativeValue\",\"minValue\":\"11\",\"maxValue\":\"50\"}},{\"@type\":\"Person\",\"@id\":\"https:\\\/\\\/www.webdo.tn\\\/fr\\\/#\\\/schema\\\/person\\\/646f7c4406ab78299805d9d39b2636d8\",\"name\":\"NJ\",\"image\":{\"@type\":\"ImageObject\",\"inLanguage\":\"fr-FR\",\"@id\":\"https:\\\/\\\/secure.gravatar.com\\\/avatar\\\/57ee8a7cee8271948beede1dd4413f641d3b749a42dfabf45a3352af812389e1?s=96&d=mm&r=g\",\"url\":\"https:\\\/\\\/secure.gravatar.com\\\/avatar\\\/57ee8a7cee8271948beede1dd4413f641d3b749a42dfabf45a3352af812389e1?s=96&d=mm&r=g\",\"contentUrl\":\"https:\\\/\\\/secure.gravatar.com\\\/avatar\\\/57ee8a7cee8271948beede1dd4413f641d3b749a42dfabf45a3352af812389e1?s=96&d=mm&r=g\",\"caption\":\"NJ\"},\"url\":\"https:\\\/\\\/www.webdo.tn\\\/fr\\\/actualite\\\/author\\\/nj\\\/\"}]}<\/script>\n<!-- \/ Yoast SEO Premium plugin. -->","yoast_head_json":{"title":"La subvention du gaz liqu\u00e9fi\u00e9 remplac\u00e9e par une prime mensuelle \u00e0 partir de 2026","description":"La subvention du gaz liqu\u00e9fi\u00e9, ou gaz domestique sera lev\u00e9e \u00e0 partir de 2026 et sera orient\u00e9e vers les ayants droit, en accordant \u00e0 chaque m\u00e9nage une prime de 5...","canonical":"https:\/\/www.webdo.tn\/fr\/actualite\/national\/la-subvention-du-gaz-liquefie-remplacee-par-une-prime-mensuelle-a-partir-de-2026\/202982\/","og_locale":"fr_FR","og_type":"article","og_title":"La subvention du gaz liqu\u00e9fi\u00e9 remplac\u00e9e par une prime mensuelle \u00e0 partir de 2026","og_description":"La subvention du gaz liqu\u00e9fi\u00e9, ou gaz domestique sera lev\u00e9e \u00e0 partir de 2026 et sera orient\u00e9e vers les ayants droit, en accordant \u00e0 chaque m\u00e9nage une prime de 5...","og_url":"https:\/\/www.webdo.tn\/fr\/actualite\/national\/la-subvention-du-gaz-liquefie-remplacee-par-une-prime-mensuelle-a-partir-de-2026\/202982\/","og_site_name":"webdo","article_publisher":"https:\/\/www.facebook.com\/webdotn","article_published_time":"2023-02-15T21:55:00+00:00","article_modified_time":"2025-05-20T23:00:49+00:00","og_image":[{"width":450,"height":240,"url":"https:\/\/www.webdo.tn\/fr\/wp-content\/uploads\/2023\/02\/1e899fecc53456a8b653f45105fe1e56.jpg","type":"image\/jpeg"}],"author":"NJ","twitter_card":"summary_large_image","twitter_creator":"@webdo_tn","twitter_site":"@webdo_tn","twitter_misc":{"\u00c9crit par":"NJ","Dur\u00e9e de lecture estim\u00e9e":"1 minute"},"schema":{"@context":"https:\/\/schema.org","@graph":[{"@type":"NewsArticle","@id":"https:\/\/www.webdo.tn\/fr\/actualite\/national\/la-subvention-du-gaz-liquefie-remplacee-par-une-prime-mensuelle-a-partir-de-2026\/202982\/#article","isPartOf":{"@id":"https:\/\/www.webdo.tn\/fr\/actualite\/national\/la-subvention-du-gaz-liquefie-remplacee-par-une-prime-mensuelle-a-partir-de-2026\/202982\/"},"author":{"name":"NJ","@id":"https:\/\/www.webdo.tn\/fr\/#\/schema\/person\/646f7c4406ab78299805d9d39b2636d8"},"headline":"La subvention du gaz liqu\u00e9fi\u00e9 remplac\u00e9e par une prime mensuelle \u00e0 partir de 2026","datePublished":"2023-02-15T21:55:00+00:00","dateModified":"2025-05-20T23:00:49+00:00","mainEntityOfPage":{"@id":"https:\/\/www.webdo.tn\/fr\/actualite\/national\/la-subvention-du-gaz-liquefie-remplacee-par-une-prime-mensuelle-a-partir-de-2026\/202982\/"},"wordCount":219,"commentCount":0,"publisher":{"@id":"https:\/\/www.webdo.tn\/fr\/#organization"},"image":{"@id":"https:\/\/www.webdo.tn\/fr\/actualite\/national\/la-subvention-du-gaz-liquefie-remplacee-par-une-prime-mensuelle-a-partir-de-2026\/202982\/#primaryimage"},"thumbnailUrl":"https:\/\/www.webdo.tn\/fr\/wp-content\/uploads\/2023\/02\/1e899fecc53456a8b653f45105fe1e56.jpg","keywords":["Gaz","Subvention","Tunisie"],"articleSection":["National"],"inLanguage":"fr-FR"},{"@type":"WebPage","@id":"https:\/\/www.webdo.tn\/fr\/actualite\/national\/la-subvention-du-gaz-liquefie-remplacee-par-une-prime-mensuelle-a-partir-de-2026\/202982\/","url":"https:\/\/www.webdo.tn\/fr\/actualite\/national\/la-subvention-du-gaz-liquefie-remplacee-par-une-prime-mensuelle-a-partir-de-2026\/202982\/","name":"La subvention du gaz liqu\u00e9fi\u00e9 remplac\u00e9e par une prime mensuelle \u00e0 partir de 2026","isPartOf":{"@id":"https:\/\/www.webdo.tn\/fr\/#website"},"primaryImageOfPage":{"@id":"https:\/\/www.webdo.tn\/fr\/actualite\/national\/la-subvention-du-gaz-liquefie-remplacee-par-une-prime-mensuelle-a-partir-de-2026\/202982\/#primaryimage"},"image":{"@id":"https:\/\/www.webdo.tn\/fr\/actualite\/national\/la-subvention-du-gaz-liquefie-remplacee-par-une-prime-mensuelle-a-partir-de-2026\/202982\/#primaryimage"},"thumbnailUrl":"https:\/\/www.webdo.tn\/fr\/wp-content\/uploads\/2023\/02\/1e899fecc53456a8b653f45105fe1e56.jpg","datePublished":"2023-02-15T21:55:00+00:00","dateModified":"2025-05-20T23:00:49+00:00","description":"La subvention du gaz liqu\u00e9fi\u00e9, ou gaz domestique sera lev\u00e9e \u00e0 partir de 2026 et sera orient\u00e9e vers les ayants droit, en accordant \u00e0 chaque m\u00e9nage une prime de 5...","breadcrumb":{"@id":"https:\/\/www.webdo.tn\/fr\/actualite\/national\/la-subvention-du-gaz-liquefie-remplacee-par-une-prime-mensuelle-a-partir-de-2026\/202982\/#breadcrumb"},"inLanguage":"fr-FR","potentialAction":[{"@type":"ReadAction","target":["https:\/\/www.webdo.tn\/fr\/actualite\/national\/la-subvention-du-gaz-liquefie-remplacee-par-une-prime-mensuelle-a-partir-de-2026\/202982\/"]}]},{"@type":"ImageObject","inLanguage":"fr-FR","@id":"https:\/\/www.webdo.tn\/fr\/actualite\/national\/la-subvention-du-gaz-liquefie-remplacee-par-une-prime-mensuelle-a-partir-de-2026\/202982\/#primaryimage","url":"https:\/\/www.webdo.tn\/fr\/wp-content\/uploads\/2023\/02\/1e899fecc53456a8b653f45105fe1e56.jpg","contentUrl":"https:\/\/www.webdo.tn\/fr\/wp-content\/uploads\/2023\/02\/1e899fecc53456a8b653f45105fe1e56.jpg","width":450,"height":240,"caption":"La subvention du gaz liqu\u00e9fi\u00e9 remplac\u00e9e par une prime mensuelle \u00e0 partir de 2026"},{"@type":"BreadcrumbList","@id":"https:\/\/www.webdo.tn\/fr\/actualite\/national\/la-subvention-du-gaz-liquefie-remplacee-par-une-prime-mensuelle-a-partir-de-2026\/202982\/#breadcrumb","itemListElement":[{"@type":"ListItem","position":1,"name":"Accueil","item":"https:\/\/www.webdo.tn\/fr\/"},{"@type":"ListItem","position":2,"name":"La subvention du gaz liqu\u00e9fi\u00e9 remplac\u00e9e par une prime mensuelle \u00e0 partir de 2026"}]},{"@type":"WebSite","@id":"https:\/\/www.webdo.tn\/fr\/#website","url":"https:\/\/www.webdo.tn\/fr\/","name":"webdo","description":"Tunisie - News en Tunisie et \u00e0 l&#039;international sur Webdo.tn","publisher":{"@id":"https:\/\/www.webdo.tn\/fr\/#organization"},"potentialAction":[{"@type":"SearchAction","target":{"@type":"EntryPoint","urlTemplate":"https:\/\/www.webdo.tn\/fr\/?s={search_term_string}"},"query-input":{"@type":"PropertyValueSpecification","valueRequired":true,"valueName":"search_term_string"}}],"inLanguage":"fr-FR"},{"@type":"Organization","@id":"https:\/\/www.webdo.tn\/fr\/#organization","name":"Webdo","alternateName":"Webdo.tn","url":"https:\/\/www.webdo.tn\/fr\/","logo":{"@type":"ImageObject","inLanguage":"fr-FR","@id":"https:\/\/www.webdo.tn\/fr\/#\/schema\/logo\/image\/","url":"https:\/\/www.webdo.tn\/fr\/wp-content\/uploads\/2025\/06\/Webdo-Tunisie_168377.jpg","contentUrl":"https:\/\/www.webdo.tn\/fr\/wp-content\/uploads\/2025\/06\/Webdo-Tunisie_168377.jpg","width":301,"height":301,"caption":"Webdo"},"image":{"@id":"https:\/\/www.webdo.tn\/fr\/#\/schema\/logo\/image\/"},"sameAs":["https:\/\/www.facebook.com\/webdotn","https:\/\/x.com\/webdo_tn"],"description":"Webdo est un m\u00e9dia num\u00e9rique tunisien fond\u00e9 en 2010, sp\u00e9cialis\u00e9 dans l\u2019actualit\u00e9 nationale et internationale, l\u2019\u00e9conomie, la soci\u00e9t\u00e9 et les analyses politiques. Le site s\u2019adresse \u00e0 un large public francophone et couvre l\u2019information tunisienne en temps r\u00e9el.","email":"redac@webdo.tn","legalName":"YNJ SARL","foundingDate":"2010-09-06","numberOfEmployees":{"@type":"QuantitativeValue","minValue":"11","maxValue":"50"}},{"@type":"Person","@id":"https:\/\/www.webdo.tn\/fr\/#\/schema\/person\/646f7c4406ab78299805d9d39b2636d8","name":"NJ","image":{"@type":"ImageObject","inLanguage":"fr-FR","@id":"https:\/\/secure.gravatar.com\/avatar\/57ee8a7cee8271948beede1dd4413f641d3b749a42dfabf45a3352af812389e1?s=96&d=mm&r=g","url":"https:\/\/secure.gravatar.com\/avatar\/57ee8a7cee8271948beede1dd4413f641d3b749a42dfabf45a3352af812389e1?s=96&d=mm&r=g","contentUrl":"https:\/\/secure.gravatar.com\/avatar\/57ee8a7cee8271948beede1dd4413f641d3b749a42dfabf45a3352af812389e1?s=96&d=mm&r=g","caption":"NJ"},"url":"https:\/\/www.webdo.tn\/fr\/actualite\/author\/nj\/"}]}},"_links":{"self":[{"href":"https:\/\/www.webdo.tn\/fr\/wp-json\/wp\/v2\/posts\/202982","targetHints":{"allow":["GET"]}}],"collection":[{"href":"https:\/\/www.webdo.tn\/fr\/wp-json\/wp\/v2\/posts"}],"about":[{"href":"https:\/\/www.webdo.tn\/fr\/wp-json\/wp\/v2\/types\/post"}],"author":[{"embeddable":true,"href":"https:\/\/www.webdo.tn\/fr\/wp-json\/wp\/v2\/users\/3195"}],"replies":[{"embeddable":true,"href":"https:\/\/www.webdo.tn\/fr\/wp-json\/wp\/v2\/comments?post=202982"}],"version-history":[{"count":0,"href":"https:\/\/www.webdo.tn\/fr\/wp-json\/wp\/v2\/posts\/202982\/revisions"}],"wp:featuredmedia":[{"embeddable":true,"href":"https:\/\/www.webdo.tn\/fr\/wp-json\/wp\/v2\/media\/277755"}],"wp:attachment":[{"href":"https:\/\/www.webdo.tn\/fr\/wp-json\/wp\/v2\/media?parent=202982"}],"wp:term":[{"taxonomy":"category","embeddable":true,"href":"https:\/\/www.webdo.tn\/fr\/wp-json\/wp\/v2\/categories?post=202982"},{"taxonomy":"post_tag","embeddable":true,"href":"https:\/\/www.webdo.tn\/fr\/wp-json\/wp\/v2\/tags?post=202982"}],"curies":[{"name":"wp","href":"https:\/\/api.w.org\/{rel}","templated":true}]}}