{"id":202974,"date":"2023-02-15T19:07:00","date_gmt":"2023-02-15T19:07:00","guid":{"rendered":"https:\/\/www.webdo.tn\/fr\/blog\/tunisie-en-2022-la-croissance-economique-a-ete-de-2-4\/202974\/"},"modified":"2025-05-20T23:00:48","modified_gmt":"2025-05-20T23:00:48","slug":"tunisie-en-2022-la-croissance-economique-a-ete-de-2-4","status":"publish","type":"post","link":"https:\/\/www.webdo.tn\/fr\/actualite\/national\/tunisie-en-2022-la-croissance-economique-a-ete-de-2-4\/202974\/","title":{"rendered":"Tunisie : En 2022, la croissance \u00e9conomique a \u00e9t\u00e9 de 2,4%"},"content":{"rendered":"<p>L&rsquo;\u00e9conomie tunisienne a enregistr\u00e9, sur l\u2019ensemble de l\u2019exercice 2022, une croissance \u00e0 2,4%, contre 4,3% en 2021, selon les donn\u00e9es publi\u00e9es par l&rsquo;Institut national de la statistique (INS).<\/p>\n<p>\t\t\t\t\t\t\t\t\tAinsi, les chiffres de l&rsquo;INS\u00a0issus de la compilation des comptes nationaux trimestriels montrent que la Tunisie a enregistr\u00e9 une croissance annuelle du Produit Int\u00e9rieur Brut (PIB) r\u00e9el, corrig\u00e9 de l&rsquo;effet des variations saisonni\u00e8res, au taux de 1,6 % au cours du quatri\u00e8me trimestre de 2022.<\/p>\n<p>Par rapport au troisi\u00e8me trimestre de la m\u00eame ann\u00e9e, le PIB en volume a augment\u00e9 de 0,5 %.\u00a0Dans cette \u00e9volution, l\u2019activit\u00e9 \u00e9conomique b\u00e9n\u00e9ficie de la consolidation du rythme de croissance de la valeur ajout\u00e9e dans les industries manufacturi\u00e8res (\u00e0 6,6% l\u2019an) conjugu\u00e9e \u00e0 une progression plus mod\u00e9r\u00e9e dans les services (2,6% l\u2019an).\u00a0<\/p>\n<p>De plus, les r\u00e9sultats de l&rsquo;INS montrent que la chute du PIB en 2020 n\u2019a pas encore \u00e9t\u00e9 compl\u00e9tement absorb\u00e9e, puisque le niveau du PIB r\u00e9el au quatri\u00e8me trimestre 2022 est encore deux points de pourcentage plus bas que son niveau d\u2019avant crise sanitaire (dernier trimestre 2019).<\/p>\n","protected":false},"excerpt":{"rendered":"<p>L&rsquo;\u00e9conomie tunisienne a enregistr\u00e9, sur l\u2019ensemble de l\u2019exercice 2022, une croissance \u00e0 2,4%, contre 4,3% en 2021, selon les donn\u00e9es publi\u00e9es par l&rsquo;Institut nat&#8230;<\/p>\n","protected":false},"author":3195,"featured_media":277751,"comment_status":"open","ping_status":"closed","sticky":false,"template":"","format":"standard","meta":{"footnotes":""},"categories":[44],"tags":[9331,3854,3154,3374,2608],"class_list":["post-202974","post","type-post","status-publish","format-standard","has-post-thumbnail","hentry","category-national","tag-9331","tag-croissance","tag-economie","tag-ins","tag-tunisie"],"yoast_head":"<!-- This site is optimized with the Yoast SEO Premium plugin v27.4 (Yoast SEO v27.5) - https:\/\/yoast.com\/product\/yoast-seo-premium-wordpress\/ -->\n<title>Tunisie : En 2022, la croissance \u00e9conomique a \u00e9t\u00e9 de 2,4%<\/title>\n<meta name=\"description\" content=\"L&#039;\u00e9conomie tunisienne a enregistr\u00e9, sur l\u2019ensemble de l\u2019exercice 2022, une croissance \u00e0 2,4%, contre 4,3% en 2021, selon les donn\u00e9es publi\u00e9es par l&#039;Institut nat...\" \/>\n<link rel=\"canonical\" href=\"https:\/\/www.webdo.tn\/fr\/actualite\/national\/tunisie-en-2022-la-croissance-economique-a-ete-de-2-4\/202974\/\" \/>\n<meta property=\"og:locale\" content=\"fr_FR\" \/>\n<meta property=\"og:type\" content=\"article\" \/>\n<meta property=\"og:title\" content=\"Tunisie : En 2022, la croissance \u00e9conomique a \u00e9t\u00e9 de 2,4%\" \/>\n<meta property=\"og:description\" content=\"L&#039;\u00e9conomie tunisienne a enregistr\u00e9, sur l\u2019ensemble de l\u2019exercice 2022, une croissance \u00e0 2,4%, contre 4,3% en 2021, selon les donn\u00e9es publi\u00e9es par l&#039;Institut nat...\" \/>\n<meta property=\"og:url\" content=\"https:\/\/www.webdo.tn\/fr\/actualite\/national\/tunisie-en-2022-la-croissance-economique-a-ete-de-2-4\/202974\/\" \/>\n<meta property=\"og:site_name\" content=\"webdo\" \/>\n<meta property=\"article:publisher\" content=\"https:\/\/www.facebook.com\/webdotn\" \/>\n<meta property=\"article:published_time\" content=\"2023-02-15T19:07:00+00:00\" \/>\n<meta property=\"article:modified_time\" content=\"2025-05-20T23:00:48+00:00\" \/>\n<meta property=\"og:image\" content=\"https:\/\/www.webdo.tn\/fr\/wp-content\/uploads\/2023\/02\/4010c306558a1ebabde8cc8d1734c548.jpeg\" \/>\n\t<meta property=\"og:image:width\" content=\"750\" \/>\n\t<meta property=\"og:image:height\" content=\"400\" \/>\n\t<meta property=\"og:image:type\" content=\"image\/jpeg\" \/>\n<meta name=\"author\" content=\"NJ\" \/>\n<meta name=\"twitter:card\" content=\"summary_large_image\" \/>\n<meta name=\"twitter:creator\" content=\"@webdo_tn\" \/>\n<meta name=\"twitter:site\" content=\"@webdo_tn\" \/>\n<meta name=\"twitter:label1\" content=\"\u00c9crit par\" \/>\n\t<meta name=\"twitter:data1\" content=\"NJ\" \/>\n\t<meta name=\"twitter:label2\" content=\"Dur\u00e9e de lecture estim\u00e9e\" \/>\n\t<meta name=\"twitter:data2\" content=\"1 minute\" \/>\n<script type=\"application\/ld+json\" class=\"yoast-schema-graph\">{\"@context\":\"https:\\\/\\\/schema.org\",\"@graph\":[{\"@type\":\"NewsArticle\",\"@id\":\"https:\\\/\\\/www.webdo.tn\\\/fr\\\/actualite\\\/national\\\/tunisie-en-2022-la-croissance-economique-a-ete-de-2-4\\\/202974\\\/#article\",\"isPartOf\":{\"@id\":\"https:\\\/\\\/www.webdo.tn\\\/fr\\\/actualite\\\/national\\\/tunisie-en-2022-la-croissance-economique-a-ete-de-2-4\\\/202974\\\/\"},\"author\":{\"name\":\"NJ\",\"@id\":\"https:\\\/\\\/www.webdo.tn\\\/fr\\\/#\\\/schema\\\/person\\\/646f7c4406ab78299805d9d39b2636d8\"},\"headline\":\"Tunisie : En 2022, la croissance \u00e9conomique a \u00e9t\u00e9 de 2,4%\",\"datePublished\":\"2023-02-15T19:07:00+00:00\",\"dateModified\":\"2025-05-20T23:00:48+00:00\",\"mainEntityOfPage\":{\"@id\":\"https:\\\/\\\/www.webdo.tn\\\/fr\\\/actualite\\\/national\\\/tunisie-en-2022-la-croissance-economique-a-ete-de-2-4\\\/202974\\\/\"},\"wordCount\":198,\"commentCount\":0,\"publisher\":{\"@id\":\"https:\\\/\\\/www.webdo.tn\\\/fr\\\/#organization\"},\"image\":{\"@id\":\"https:\\\/\\\/www.webdo.tn\\\/fr\\\/actualite\\\/national\\\/tunisie-en-2022-la-croissance-economique-a-ete-de-2-4\\\/202974\\\/#primaryimage\"},\"thumbnailUrl\":\"https:\\\/\\\/www.webdo.tn\\\/fr\\\/wp-content\\\/uploads\\\/2023\\\/02\\\/4010c306558a1ebabde8cc8d1734c548.jpeg\",\"keywords\":[\"2022\",\"Croissance\",\"\u00e9conomie\",\"INS\",\"Tunisie\"],\"articleSection\":[\"National\"],\"inLanguage\":\"fr-FR\"},{\"@type\":\"WebPage\",\"@id\":\"https:\\\/\\\/www.webdo.tn\\\/fr\\\/actualite\\\/national\\\/tunisie-en-2022-la-croissance-economique-a-ete-de-2-4\\\/202974\\\/\",\"url\":\"https:\\\/\\\/www.webdo.tn\\\/fr\\\/actualite\\\/national\\\/tunisie-en-2022-la-croissance-economique-a-ete-de-2-4\\\/202974\\\/\",\"name\":\"Tunisie : En 2022, la croissance \u00e9conomique a \u00e9t\u00e9 de 2,4%\",\"isPartOf\":{\"@id\":\"https:\\\/\\\/www.webdo.tn\\\/fr\\\/#website\"},\"primaryImageOfPage\":{\"@id\":\"https:\\\/\\\/www.webdo.tn\\\/fr\\\/actualite\\\/national\\\/tunisie-en-2022-la-croissance-economique-a-ete-de-2-4\\\/202974\\\/#primaryimage\"},\"image\":{\"@id\":\"https:\\\/\\\/www.webdo.tn\\\/fr\\\/actualite\\\/national\\\/tunisie-en-2022-la-croissance-economique-a-ete-de-2-4\\\/202974\\\/#primaryimage\"},\"thumbnailUrl\":\"https:\\\/\\\/www.webdo.tn\\\/fr\\\/wp-content\\\/uploads\\\/2023\\\/02\\\/4010c306558a1ebabde8cc8d1734c548.jpeg\",\"datePublished\":\"2023-02-15T19:07:00+00:00\",\"dateModified\":\"2025-05-20T23:00:48+00:00\",\"description\":\"L'\u00e9conomie tunisienne a enregistr\u00e9, sur l\u2019ensemble de l\u2019exercice 2022, une croissance \u00e0 2,4%, contre 4,3% en 2021, selon les donn\u00e9es publi\u00e9es par l'Institut nat...\",\"breadcrumb\":{\"@id\":\"https:\\\/\\\/www.webdo.tn\\\/fr\\\/actualite\\\/national\\\/tunisie-en-2022-la-croissance-economique-a-ete-de-2-4\\\/202974\\\/#breadcrumb\"},\"inLanguage\":\"fr-FR\",\"potentialAction\":[{\"@type\":\"ReadAction\",\"target\":[\"https:\\\/\\\/www.webdo.tn\\\/fr\\\/actualite\\\/national\\\/tunisie-en-2022-la-croissance-economique-a-ete-de-2-4\\\/202974\\\/\"]}]},{\"@type\":\"ImageObject\",\"inLanguage\":\"fr-FR\",\"@id\":\"https:\\\/\\\/www.webdo.tn\\\/fr\\\/actualite\\\/national\\\/tunisie-en-2022-la-croissance-economique-a-ete-de-2-4\\\/202974\\\/#primaryimage\",\"url\":\"https:\\\/\\\/www.webdo.tn\\\/fr\\\/wp-content\\\/uploads\\\/2023\\\/02\\\/4010c306558a1ebabde8cc8d1734c548.jpeg\",\"contentUrl\":\"https:\\\/\\\/www.webdo.tn\\\/fr\\\/wp-content\\\/uploads\\\/2023\\\/02\\\/4010c306558a1ebabde8cc8d1734c548.jpeg\",\"width\":750,\"height\":400,\"caption\":\"Tunisie : En 2022, la croissance \u00e9conomique a \u00e9t\u00e9 de 2,4%\"},{\"@type\":\"BreadcrumbList\",\"@id\":\"https:\\\/\\\/www.webdo.tn\\\/fr\\\/actualite\\\/national\\\/tunisie-en-2022-la-croissance-economique-a-ete-de-2-4\\\/202974\\\/#breadcrumb\",\"itemListElement\":[{\"@type\":\"ListItem\",\"position\":1,\"name\":\"Accueil\",\"item\":\"https:\\\/\\\/www.webdo.tn\\\/fr\\\/\"},{\"@type\":\"ListItem\",\"position\":2,\"name\":\"Tunisie : En 2022, la croissance \u00e9conomique a \u00e9t\u00e9 de 2,4%\"}]},{\"@type\":\"WebSite\",\"@id\":\"https:\\\/\\\/www.webdo.tn\\\/fr\\\/#website\",\"url\":\"https:\\\/\\\/www.webdo.tn\\\/fr\\\/\",\"name\":\"webdo\",\"description\":\"Tunisie - News en Tunisie et \u00e0 l&#039;international sur Webdo.tn\",\"publisher\":{\"@id\":\"https:\\\/\\\/www.webdo.tn\\\/fr\\\/#organization\"},\"potentialAction\":[{\"@type\":\"SearchAction\",\"target\":{\"@type\":\"EntryPoint\",\"urlTemplate\":\"https:\\\/\\\/www.webdo.tn\\\/fr\\\/?s={search_term_string}\"},\"query-input\":{\"@type\":\"PropertyValueSpecification\",\"valueRequired\":true,\"valueName\":\"search_term_string\"}}],\"inLanguage\":\"fr-FR\"},{\"@type\":\"Organization\",\"@id\":\"https:\\\/\\\/www.webdo.tn\\\/fr\\\/#organization\",\"name\":\"Webdo\",\"alternateName\":\"Webdo.tn\",\"url\":\"https:\\\/\\\/www.webdo.tn\\\/fr\\\/\",\"logo\":{\"@type\":\"ImageObject\",\"inLanguage\":\"fr-FR\",\"@id\":\"https:\\\/\\\/www.webdo.tn\\\/fr\\\/#\\\/schema\\\/logo\\\/image\\\/\",\"url\":\"https:\\\/\\\/www.webdo.tn\\\/fr\\\/wp-content\\\/uploads\\\/2025\\\/06\\\/Webdo-Tunisie_168377.jpg\",\"contentUrl\":\"https:\\\/\\\/www.webdo.tn\\\/fr\\\/wp-content\\\/uploads\\\/2025\\\/06\\\/Webdo-Tunisie_168377.jpg\",\"width\":301,\"height\":301,\"caption\":\"Webdo\"},\"image\":{\"@id\":\"https:\\\/\\\/www.webdo.tn\\\/fr\\\/#\\\/schema\\\/logo\\\/image\\\/\"},\"sameAs\":[\"https:\\\/\\\/www.facebook.com\\\/webdotn\",\"https:\\\/\\\/x.com\\\/webdo_tn\"],\"description\":\"Webdo est un m\u00e9dia num\u00e9rique tunisien fond\u00e9 en 2010, sp\u00e9cialis\u00e9 dans l\u2019actualit\u00e9 nationale et internationale, l\u2019\u00e9conomie, la soci\u00e9t\u00e9 et les analyses politiques. Le site s\u2019adresse \u00e0 un large public francophone et couvre l\u2019information tunisienne en temps r\u00e9el.\",\"email\":\"redac@webdo.tn\",\"legalName\":\"YNJ SARL\",\"foundingDate\":\"2010-09-06\",\"numberOfEmployees\":{\"@type\":\"QuantitativeValue\",\"minValue\":\"11\",\"maxValue\":\"50\"}},{\"@type\":\"Person\",\"@id\":\"https:\\\/\\\/www.webdo.tn\\\/fr\\\/#\\\/schema\\\/person\\\/646f7c4406ab78299805d9d39b2636d8\",\"name\":\"NJ\",\"image\":{\"@type\":\"ImageObject\",\"inLanguage\":\"fr-FR\",\"@id\":\"https:\\\/\\\/secure.gravatar.com\\\/avatar\\\/57ee8a7cee8271948beede1dd4413f641d3b749a42dfabf45a3352af812389e1?s=96&d=mm&r=g\",\"url\":\"https:\\\/\\\/secure.gravatar.com\\\/avatar\\\/57ee8a7cee8271948beede1dd4413f641d3b749a42dfabf45a3352af812389e1?s=96&d=mm&r=g\",\"contentUrl\":\"https:\\\/\\\/secure.gravatar.com\\\/avatar\\\/57ee8a7cee8271948beede1dd4413f641d3b749a42dfabf45a3352af812389e1?s=96&d=mm&r=g\",\"caption\":\"NJ\"},\"url\":\"https:\\\/\\\/www.webdo.tn\\\/fr\\\/actualite\\\/author\\\/nj\\\/\"}]}<\/script>\n<!-- \/ Yoast SEO Premium plugin. -->","yoast_head_json":{"title":"Tunisie : En 2022, la croissance \u00e9conomique a \u00e9t\u00e9 de 2,4%","description":"L'\u00e9conomie tunisienne a enregistr\u00e9, sur l\u2019ensemble de l\u2019exercice 2022, une croissance \u00e0 2,4%, contre 4,3% en 2021, selon les donn\u00e9es publi\u00e9es par l'Institut nat...","canonical":"https:\/\/www.webdo.tn\/fr\/actualite\/national\/tunisie-en-2022-la-croissance-economique-a-ete-de-2-4\/202974\/","og_locale":"fr_FR","og_type":"article","og_title":"Tunisie : En 2022, la croissance \u00e9conomique a \u00e9t\u00e9 de 2,4%","og_description":"L'\u00e9conomie tunisienne a enregistr\u00e9, sur l\u2019ensemble de l\u2019exercice 2022, une croissance \u00e0 2,4%, contre 4,3% en 2021, selon les donn\u00e9es publi\u00e9es par l'Institut nat...","og_url":"https:\/\/www.webdo.tn\/fr\/actualite\/national\/tunisie-en-2022-la-croissance-economique-a-ete-de-2-4\/202974\/","og_site_name":"webdo","article_publisher":"https:\/\/www.facebook.com\/webdotn","article_published_time":"2023-02-15T19:07:00+00:00","article_modified_time":"2025-05-20T23:00:48+00:00","og_image":[{"width":750,"height":400,"url":"https:\/\/www.webdo.tn\/fr\/wp-content\/uploads\/2023\/02\/4010c306558a1ebabde8cc8d1734c548.jpeg","type":"image\/jpeg"}],"author":"NJ","twitter_card":"summary_large_image","twitter_creator":"@webdo_tn","twitter_site":"@webdo_tn","twitter_misc":{"\u00c9crit par":"NJ","Dur\u00e9e de lecture estim\u00e9e":"1 minute"},"schema":{"@context":"https:\/\/schema.org","@graph":[{"@type":"NewsArticle","@id":"https:\/\/www.webdo.tn\/fr\/actualite\/national\/tunisie-en-2022-la-croissance-economique-a-ete-de-2-4\/202974\/#article","isPartOf":{"@id":"https:\/\/www.webdo.tn\/fr\/actualite\/national\/tunisie-en-2022-la-croissance-economique-a-ete-de-2-4\/202974\/"},"author":{"name":"NJ","@id":"https:\/\/www.webdo.tn\/fr\/#\/schema\/person\/646f7c4406ab78299805d9d39b2636d8"},"headline":"Tunisie : En 2022, la croissance \u00e9conomique a \u00e9t\u00e9 de 2,4%","datePublished":"2023-02-15T19:07:00+00:00","dateModified":"2025-05-20T23:00:48+00:00","mainEntityOfPage":{"@id":"https:\/\/www.webdo.tn\/fr\/actualite\/national\/tunisie-en-2022-la-croissance-economique-a-ete-de-2-4\/202974\/"},"wordCount":198,"commentCount":0,"publisher":{"@id":"https:\/\/www.webdo.tn\/fr\/#organization"},"image":{"@id":"https:\/\/www.webdo.tn\/fr\/actualite\/national\/tunisie-en-2022-la-croissance-economique-a-ete-de-2-4\/202974\/#primaryimage"},"thumbnailUrl":"https:\/\/www.webdo.tn\/fr\/wp-content\/uploads\/2023\/02\/4010c306558a1ebabde8cc8d1734c548.jpeg","keywords":["2022","Croissance","\u00e9conomie","INS","Tunisie"],"articleSection":["National"],"inLanguage":"fr-FR"},{"@type":"WebPage","@id":"https:\/\/www.webdo.tn\/fr\/actualite\/national\/tunisie-en-2022-la-croissance-economique-a-ete-de-2-4\/202974\/","url":"https:\/\/www.webdo.tn\/fr\/actualite\/national\/tunisie-en-2022-la-croissance-economique-a-ete-de-2-4\/202974\/","name":"Tunisie : En 2022, la croissance \u00e9conomique a \u00e9t\u00e9 de 2,4%","isPartOf":{"@id":"https:\/\/www.webdo.tn\/fr\/#website"},"primaryImageOfPage":{"@id":"https:\/\/www.webdo.tn\/fr\/actualite\/national\/tunisie-en-2022-la-croissance-economique-a-ete-de-2-4\/202974\/#primaryimage"},"image":{"@id":"https:\/\/www.webdo.tn\/fr\/actualite\/national\/tunisie-en-2022-la-croissance-economique-a-ete-de-2-4\/202974\/#primaryimage"},"thumbnailUrl":"https:\/\/www.webdo.tn\/fr\/wp-content\/uploads\/2023\/02\/4010c306558a1ebabde8cc8d1734c548.jpeg","datePublished":"2023-02-15T19:07:00+00:00","dateModified":"2025-05-20T23:00:48+00:00","description":"L'\u00e9conomie tunisienne a enregistr\u00e9, sur l\u2019ensemble de l\u2019exercice 2022, une croissance \u00e0 2,4%, contre 4,3% en 2021, selon les donn\u00e9es publi\u00e9es par l'Institut nat...","breadcrumb":{"@id":"https:\/\/www.webdo.tn\/fr\/actualite\/national\/tunisie-en-2022-la-croissance-economique-a-ete-de-2-4\/202974\/#breadcrumb"},"inLanguage":"fr-FR","potentialAction":[{"@type":"ReadAction","target":["https:\/\/www.webdo.tn\/fr\/actualite\/national\/tunisie-en-2022-la-croissance-economique-a-ete-de-2-4\/202974\/"]}]},{"@type":"ImageObject","inLanguage":"fr-FR","@id":"https:\/\/www.webdo.tn\/fr\/actualite\/national\/tunisie-en-2022-la-croissance-economique-a-ete-de-2-4\/202974\/#primaryimage","url":"https:\/\/www.webdo.tn\/fr\/wp-content\/uploads\/2023\/02\/4010c306558a1ebabde8cc8d1734c548.jpeg","contentUrl":"https:\/\/www.webdo.tn\/fr\/wp-content\/uploads\/2023\/02\/4010c306558a1ebabde8cc8d1734c548.jpeg","width":750,"height":400,"caption":"Tunisie : En 2022, la croissance \u00e9conomique a \u00e9t\u00e9 de 2,4%"},{"@type":"BreadcrumbList","@id":"https:\/\/www.webdo.tn\/fr\/actualite\/national\/tunisie-en-2022-la-croissance-economique-a-ete-de-2-4\/202974\/#breadcrumb","itemListElement":[{"@type":"ListItem","position":1,"name":"Accueil","item":"https:\/\/www.webdo.tn\/fr\/"},{"@type":"ListItem","position":2,"name":"Tunisie : En 2022, la croissance \u00e9conomique a \u00e9t\u00e9 de 2,4%"}]},{"@type":"WebSite","@id":"https:\/\/www.webdo.tn\/fr\/#website","url":"https:\/\/www.webdo.tn\/fr\/","name":"webdo","description":"Tunisie - News en Tunisie et \u00e0 l&#039;international sur Webdo.tn","publisher":{"@id":"https:\/\/www.webdo.tn\/fr\/#organization"},"potentialAction":[{"@type":"SearchAction","target":{"@type":"EntryPoint","urlTemplate":"https:\/\/www.webdo.tn\/fr\/?s={search_term_string}"},"query-input":{"@type":"PropertyValueSpecification","valueRequired":true,"valueName":"search_term_string"}}],"inLanguage":"fr-FR"},{"@type":"Organization","@id":"https:\/\/www.webdo.tn\/fr\/#organization","name":"Webdo","alternateName":"Webdo.tn","url":"https:\/\/www.webdo.tn\/fr\/","logo":{"@type":"ImageObject","inLanguage":"fr-FR","@id":"https:\/\/www.webdo.tn\/fr\/#\/schema\/logo\/image\/","url":"https:\/\/www.webdo.tn\/fr\/wp-content\/uploads\/2025\/06\/Webdo-Tunisie_168377.jpg","contentUrl":"https:\/\/www.webdo.tn\/fr\/wp-content\/uploads\/2025\/06\/Webdo-Tunisie_168377.jpg","width":301,"height":301,"caption":"Webdo"},"image":{"@id":"https:\/\/www.webdo.tn\/fr\/#\/schema\/logo\/image\/"},"sameAs":["https:\/\/www.facebook.com\/webdotn","https:\/\/x.com\/webdo_tn"],"description":"Webdo est un m\u00e9dia num\u00e9rique tunisien fond\u00e9 en 2010, sp\u00e9cialis\u00e9 dans l\u2019actualit\u00e9 nationale et internationale, l\u2019\u00e9conomie, la soci\u00e9t\u00e9 et les analyses politiques. Le site s\u2019adresse \u00e0 un large public francophone et couvre l\u2019information tunisienne en temps r\u00e9el.","email":"redac@webdo.tn","legalName":"YNJ SARL","foundingDate":"2010-09-06","numberOfEmployees":{"@type":"QuantitativeValue","minValue":"11","maxValue":"50"}},{"@type":"Person","@id":"https:\/\/www.webdo.tn\/fr\/#\/schema\/person\/646f7c4406ab78299805d9d39b2636d8","name":"NJ","image":{"@type":"ImageObject","inLanguage":"fr-FR","@id":"https:\/\/secure.gravatar.com\/avatar\/57ee8a7cee8271948beede1dd4413f641d3b749a42dfabf45a3352af812389e1?s=96&d=mm&r=g","url":"https:\/\/secure.gravatar.com\/avatar\/57ee8a7cee8271948beede1dd4413f641d3b749a42dfabf45a3352af812389e1?s=96&d=mm&r=g","contentUrl":"https:\/\/secure.gravatar.com\/avatar\/57ee8a7cee8271948beede1dd4413f641d3b749a42dfabf45a3352af812389e1?s=96&d=mm&r=g","caption":"NJ"},"url":"https:\/\/www.webdo.tn\/fr\/actualite\/author\/nj\/"}]}},"_links":{"self":[{"href":"https:\/\/www.webdo.tn\/fr\/wp-json\/wp\/v2\/posts\/202974","targetHints":{"allow":["GET"]}}],"collection":[{"href":"https:\/\/www.webdo.tn\/fr\/wp-json\/wp\/v2\/posts"}],"about":[{"href":"https:\/\/www.webdo.tn\/fr\/wp-json\/wp\/v2\/types\/post"}],"author":[{"embeddable":true,"href":"https:\/\/www.webdo.tn\/fr\/wp-json\/wp\/v2\/users\/3195"}],"replies":[{"embeddable":true,"href":"https:\/\/www.webdo.tn\/fr\/wp-json\/wp\/v2\/comments?post=202974"}],"version-history":[{"count":0,"href":"https:\/\/www.webdo.tn\/fr\/wp-json\/wp\/v2\/posts\/202974\/revisions"}],"wp:featuredmedia":[{"embeddable":true,"href":"https:\/\/www.webdo.tn\/fr\/wp-json\/wp\/v2\/media\/277751"}],"wp:attachment":[{"href":"https:\/\/www.webdo.tn\/fr\/wp-json\/wp\/v2\/media?parent=202974"}],"wp:term":[{"taxonomy":"category","embeddable":true,"href":"https:\/\/www.webdo.tn\/fr\/wp-json\/wp\/v2\/categories?post=202974"},{"taxonomy":"post_tag","embeddable":true,"href":"https:\/\/www.webdo.tn\/fr\/wp-json\/wp\/v2\/tags?post=202974"}],"curies":[{"name":"wp","href":"https:\/\/api.w.org\/{rel}","templated":true}]}}