{"id":202967,"date":"2023-02-15T14:41:00","date_gmt":"2023-02-15T14:41:00","guid":{"rendered":"https:\/\/www.webdo.tn\/fr\/blog\/l-ugtt-condamne-la-vague-d-arrestations\/202967\/"},"modified":"2025-05-20T22:07:32","modified_gmt":"2025-05-20T22:07:32","slug":"l-ugtt-condamne-la-vague-d-arrestations","status":"publish","type":"post","link":"https:\/\/www.webdo.tn\/fr\/actualite\/national\/l-ugtt-condamne-la-vague-d-arrestations\/202967\/","title":{"rendered":"L\u2019UGTT condamne la vague d\u2019arrestations"},"content":{"rendered":"<p>L\u2019Union g\u00e9n\u00e9rale tunisienne du travail (UGTT) r\u00e9agit, \u00e0 son tour, \u00e0 la vague d\u2019arrestations ayant cibl\u00e9 plusieurs personnalit\u00e9s depuis samedi dernier. C\u2019est en marge d\u2019une r\u00e9union tenue ce mercredi 15 f\u00e9vrier 2023 pour examiner la situation g\u00e9n\u00e9rale dans le pays, que le bureau ex\u00e9cutif de l\u2019UGTT a exprim\u00e9 sa position.<\/p>\n<p>\t\t\t\t\t\t\t\t\tConcernant la vague d\u2019arrestations, l\u2019UGTT l\u2019a condamn\u00e9e, estimant que ces arrestations restent al\u00e9atoires et qu\u2019elles ont \u00e9t\u00e9 accompagn\u00e9es de violations des proc\u00e9dures et de campagnes de diffamation.<\/p>\n<p>La Centrale syndicale a, en outre fustig\u00e9, l\u2019absence de toute information officielle sur la nature des accusations et l\u2019issue des enqu\u00eates.<\/p>\n<p>L\u2019UGTT a \u00e9galement fait savoir qu\u2019elle rejetait les r\u00e8glements de compte politiques en instrumentalisant la justice et en harcelant les opposants, et ce, afin de d\u00e9tourner l\u2019opinion publique de ses vrais probl\u00e8mes et de masquer l\u2019\u00e9chec des politiques gouvernementales.<\/p>\n<p>Elle a \u00e9galement d\u00e9nonc\u00e9 l\u2019arrestation du directeur g\u00e9n\u00e9ral de la radio Mosa\u00efque Fm et son interrogatoire sur la ligne \u00e9ditoriale de la radio.<\/p>\n<p>Sur un autre plan, l\u2019UGTT a d\u00e9nonc\u00e9 les attaques du pouvoir contre les syndicalistes \u00e0 travers des arrestations, la fabrication d\u2019affaires, les tentatives de brimer le droit \u00e0 la gr\u00e8ve et les r\u00e9quisitions ill\u00e9gales.<\/p>\n","protected":false},"excerpt":{"rendered":"<p>L\u2019Union g\u00e9n\u00e9rale tunisienne du travail (UGTT) r\u00e9agit, \u00e0 son tour, \u00e0 la vague d\u2019arrestations ayant cibl\u00e9 plusieurs personnalit\u00e9s depuis samedi dernier. C\u2019est en&#8230;<\/p>\n","protected":false},"author":3162,"featured_media":277747,"comment_status":"open","ping_status":"closed","sticky":false,"template":"","format":"standard","meta":{"footnotes":""},"categories":[44],"tags":[3673,2649],"class_list":["post-202967","post","type-post","status-publish","format-standard","has-post-thumbnail","hentry","category-national","tag-arrestations","tag-ugtt"],"yoast_head":"<!-- This site is optimized with the Yoast SEO Premium plugin v27.4 (Yoast SEO v27.5) - https:\/\/yoast.com\/product\/yoast-seo-premium-wordpress\/ -->\n<title>L\u2019UGTT condamne la vague d\u2019arrestations<\/title>\n<meta name=\"description\" content=\"L\u2019Union g\u00e9n\u00e9rale tunisienne du travail (UGTT) r\u00e9agit, \u00e0 son tour, \u00e0 la vague d\u2019arrestations ayant cibl\u00e9 plusieurs personnalit\u00e9s depuis samedi dernier. C\u2019est en...\" \/>\n<link rel=\"canonical\" href=\"https:\/\/www.webdo.tn\/fr\/actualite\/national\/l-ugtt-condamne-la-vague-d-arrestations\/202967\/\" \/>\n<meta property=\"og:locale\" content=\"fr_FR\" \/>\n<meta property=\"og:type\" content=\"article\" \/>\n<meta property=\"og:title\" content=\"L\u2019UGTT condamne la vague d\u2019arrestations\" \/>\n<meta property=\"og:description\" content=\"L\u2019Union g\u00e9n\u00e9rale tunisienne du travail (UGTT) r\u00e9agit, \u00e0 son tour, \u00e0 la vague d\u2019arrestations ayant cibl\u00e9 plusieurs personnalit\u00e9s depuis samedi dernier. C\u2019est en...\" \/>\n<meta property=\"og:url\" content=\"https:\/\/www.webdo.tn\/fr\/actualite\/national\/l-ugtt-condamne-la-vague-d-arrestations\/202967\/\" \/>\n<meta property=\"og:site_name\" content=\"webdo\" \/>\n<meta property=\"article:publisher\" content=\"https:\/\/www.facebook.com\/webdotn\" \/>\n<meta property=\"article:published_time\" content=\"2023-02-15T14:41:00+00:00\" \/>\n<meta property=\"article:modified_time\" content=\"2025-05-20T22:07:32+00:00\" \/>\n<meta property=\"og:image\" content=\"https:\/\/www.webdo.tn\/fr\/wp-content\/uploads\/2023\/02\/b79facf5df56100e9446080d36326142.jpg\" \/>\n\t<meta property=\"og:image:width\" content=\"750\" \/>\n\t<meta property=\"og:image:height\" content=\"400\" \/>\n\t<meta property=\"og:image:type\" content=\"image\/jpeg\" \/>\n<meta name=\"author\" content=\"MC\" \/>\n<meta name=\"twitter:card\" content=\"summary_large_image\" \/>\n<meta name=\"twitter:creator\" content=\"@webdo_tn\" \/>\n<meta name=\"twitter:site\" content=\"@webdo_tn\" \/>\n<meta name=\"twitter:label1\" content=\"\u00c9crit par\" \/>\n\t<meta name=\"twitter:data1\" content=\"MC\" \/>\n\t<meta name=\"twitter:label2\" content=\"Dur\u00e9e de lecture estim\u00e9e\" \/>\n\t<meta name=\"twitter:data2\" content=\"1 minute\" \/>\n<script type=\"application\/ld+json\" class=\"yoast-schema-graph\">{\"@context\":\"https:\\\/\\\/schema.org\",\"@graph\":[{\"@type\":\"NewsArticle\",\"@id\":\"https:\\\/\\\/www.webdo.tn\\\/fr\\\/actualite\\\/national\\\/l-ugtt-condamne-la-vague-d-arrestations\\\/202967\\\/#article\",\"isPartOf\":{\"@id\":\"https:\\\/\\\/www.webdo.tn\\\/fr\\\/actualite\\\/national\\\/l-ugtt-condamne-la-vague-d-arrestations\\\/202967\\\/\"},\"author\":{\"name\":\"MC\",\"@id\":\"https:\\\/\\\/www.webdo.tn\\\/fr\\\/#\\\/schema\\\/person\\\/2c4929cbf5a809e3bd38617c6ce150f6\"},\"headline\":\"L\u2019UGTT condamne la vague d\u2019arrestations\",\"datePublished\":\"2023-02-15T14:41:00+00:00\",\"dateModified\":\"2025-05-20T22:07:32+00:00\",\"mainEntityOfPage\":{\"@id\":\"https:\\\/\\\/www.webdo.tn\\\/fr\\\/actualite\\\/national\\\/l-ugtt-condamne-la-vague-d-arrestations\\\/202967\\\/\"},\"wordCount\":238,\"commentCount\":0,\"publisher\":{\"@id\":\"https:\\\/\\\/www.webdo.tn\\\/fr\\\/#organization\"},\"image\":{\"@id\":\"https:\\\/\\\/www.webdo.tn\\\/fr\\\/actualite\\\/national\\\/l-ugtt-condamne-la-vague-d-arrestations\\\/202967\\\/#primaryimage\"},\"thumbnailUrl\":\"https:\\\/\\\/www.webdo.tn\\\/fr\\\/wp-content\\\/uploads\\\/2023\\\/02\\\/b79facf5df56100e9446080d36326142.jpg\",\"keywords\":[\"arrestations\",\"UGTT\"],\"articleSection\":[\"National\"],\"inLanguage\":\"fr-FR\"},{\"@type\":\"WebPage\",\"@id\":\"https:\\\/\\\/www.webdo.tn\\\/fr\\\/actualite\\\/national\\\/l-ugtt-condamne-la-vague-d-arrestations\\\/202967\\\/\",\"url\":\"https:\\\/\\\/www.webdo.tn\\\/fr\\\/actualite\\\/national\\\/l-ugtt-condamne-la-vague-d-arrestations\\\/202967\\\/\",\"name\":\"L\u2019UGTT condamne la vague d\u2019arrestations\",\"isPartOf\":{\"@id\":\"https:\\\/\\\/www.webdo.tn\\\/fr\\\/#website\"},\"primaryImageOfPage\":{\"@id\":\"https:\\\/\\\/www.webdo.tn\\\/fr\\\/actualite\\\/national\\\/l-ugtt-condamne-la-vague-d-arrestations\\\/202967\\\/#primaryimage\"},\"image\":{\"@id\":\"https:\\\/\\\/www.webdo.tn\\\/fr\\\/actualite\\\/national\\\/l-ugtt-condamne-la-vague-d-arrestations\\\/202967\\\/#primaryimage\"},\"thumbnailUrl\":\"https:\\\/\\\/www.webdo.tn\\\/fr\\\/wp-content\\\/uploads\\\/2023\\\/02\\\/b79facf5df56100e9446080d36326142.jpg\",\"datePublished\":\"2023-02-15T14:41:00+00:00\",\"dateModified\":\"2025-05-20T22:07:32+00:00\",\"description\":\"L\u2019Union g\u00e9n\u00e9rale tunisienne du travail (UGTT) r\u00e9agit, \u00e0 son tour, \u00e0 la vague d\u2019arrestations ayant cibl\u00e9 plusieurs personnalit\u00e9s depuis samedi dernier. C\u2019est en...\",\"breadcrumb\":{\"@id\":\"https:\\\/\\\/www.webdo.tn\\\/fr\\\/actualite\\\/national\\\/l-ugtt-condamne-la-vague-d-arrestations\\\/202967\\\/#breadcrumb\"},\"inLanguage\":\"fr-FR\",\"potentialAction\":[{\"@type\":\"ReadAction\",\"target\":[\"https:\\\/\\\/www.webdo.tn\\\/fr\\\/actualite\\\/national\\\/l-ugtt-condamne-la-vague-d-arrestations\\\/202967\\\/\"]}]},{\"@type\":\"ImageObject\",\"inLanguage\":\"fr-FR\",\"@id\":\"https:\\\/\\\/www.webdo.tn\\\/fr\\\/actualite\\\/national\\\/l-ugtt-condamne-la-vague-d-arrestations\\\/202967\\\/#primaryimage\",\"url\":\"https:\\\/\\\/www.webdo.tn\\\/fr\\\/wp-content\\\/uploads\\\/2023\\\/02\\\/b79facf5df56100e9446080d36326142.jpg\",\"contentUrl\":\"https:\\\/\\\/www.webdo.tn\\\/fr\\\/wp-content\\\/uploads\\\/2023\\\/02\\\/b79facf5df56100e9446080d36326142.jpg\",\"width\":750,\"height\":400,\"caption\":\"L\u2019UGTT condamne la vague d\u2019arrestations\"},{\"@type\":\"BreadcrumbList\",\"@id\":\"https:\\\/\\\/www.webdo.tn\\\/fr\\\/actualite\\\/national\\\/l-ugtt-condamne-la-vague-d-arrestations\\\/202967\\\/#breadcrumb\",\"itemListElement\":[{\"@type\":\"ListItem\",\"position\":1,\"name\":\"Accueil\",\"item\":\"https:\\\/\\\/www.webdo.tn\\\/fr\\\/\"},{\"@type\":\"ListItem\",\"position\":2,\"name\":\"L\u2019UGTT condamne la vague d\u2019arrestations\"}]},{\"@type\":\"WebSite\",\"@id\":\"https:\\\/\\\/www.webdo.tn\\\/fr\\\/#website\",\"url\":\"https:\\\/\\\/www.webdo.tn\\\/fr\\\/\",\"name\":\"webdo\",\"description\":\"Tunisie - News en Tunisie et \u00e0 l&#039;international sur Webdo.tn\",\"publisher\":{\"@id\":\"https:\\\/\\\/www.webdo.tn\\\/fr\\\/#organization\"},\"potentialAction\":[{\"@type\":\"SearchAction\",\"target\":{\"@type\":\"EntryPoint\",\"urlTemplate\":\"https:\\\/\\\/www.webdo.tn\\\/fr\\\/?s={search_term_string}\"},\"query-input\":{\"@type\":\"PropertyValueSpecification\",\"valueRequired\":true,\"valueName\":\"search_term_string\"}}],\"inLanguage\":\"fr-FR\"},{\"@type\":\"Organization\",\"@id\":\"https:\\\/\\\/www.webdo.tn\\\/fr\\\/#organization\",\"name\":\"Webdo\",\"alternateName\":\"Webdo.tn\",\"url\":\"https:\\\/\\\/www.webdo.tn\\\/fr\\\/\",\"logo\":{\"@type\":\"ImageObject\",\"inLanguage\":\"fr-FR\",\"@id\":\"https:\\\/\\\/www.webdo.tn\\\/fr\\\/#\\\/schema\\\/logo\\\/image\\\/\",\"url\":\"https:\\\/\\\/www.webdo.tn\\\/fr\\\/wp-content\\\/uploads\\\/2025\\\/06\\\/Webdo-Tunisie_168377.jpg\",\"contentUrl\":\"https:\\\/\\\/www.webdo.tn\\\/fr\\\/wp-content\\\/uploads\\\/2025\\\/06\\\/Webdo-Tunisie_168377.jpg\",\"width\":301,\"height\":301,\"caption\":\"Webdo\"},\"image\":{\"@id\":\"https:\\\/\\\/www.webdo.tn\\\/fr\\\/#\\\/schema\\\/logo\\\/image\\\/\"},\"sameAs\":[\"https:\\\/\\\/www.facebook.com\\\/webdotn\",\"https:\\\/\\\/x.com\\\/webdo_tn\"],\"description\":\"Webdo est un m\u00e9dia num\u00e9rique tunisien fond\u00e9 en 2010, sp\u00e9cialis\u00e9 dans l\u2019actualit\u00e9 nationale et internationale, l\u2019\u00e9conomie, la soci\u00e9t\u00e9 et les analyses politiques. Le site s\u2019adresse \u00e0 un large public francophone et couvre l\u2019information tunisienne en temps r\u00e9el.\",\"email\":\"redac@webdo.tn\",\"legalName\":\"YNJ SARL\",\"foundingDate\":\"2010-09-06\",\"numberOfEmployees\":{\"@type\":\"QuantitativeValue\",\"minValue\":\"11\",\"maxValue\":\"50\"}},{\"@type\":\"Person\",\"@id\":\"https:\\\/\\\/www.webdo.tn\\\/fr\\\/#\\\/schema\\\/person\\\/2c4929cbf5a809e3bd38617c6ce150f6\",\"name\":\"MC\",\"image\":{\"@type\":\"ImageObject\",\"inLanguage\":\"fr-FR\",\"@id\":\"https:\\\/\\\/secure.gravatar.com\\\/avatar\\\/a545bbb6f84efdd5553dbbc2895e3ca8f1d12c5215e00a041c9670b54aa9b18a?s=96&d=mm&r=g\",\"url\":\"https:\\\/\\\/secure.gravatar.com\\\/avatar\\\/a545bbb6f84efdd5553dbbc2895e3ca8f1d12c5215e00a041c9670b54aa9b18a?s=96&d=mm&r=g\",\"contentUrl\":\"https:\\\/\\\/secure.gravatar.com\\\/avatar\\\/a545bbb6f84efdd5553dbbc2895e3ca8f1d12c5215e00a041c9670b54aa9b18a?s=96&d=mm&r=g\",\"caption\":\"MC\"},\"url\":\"https:\\\/\\\/www.webdo.tn\\\/fr\\\/actualite\\\/author\\\/mc\\\/\"}]}<\/script>\n<!-- \/ Yoast SEO Premium plugin. -->","yoast_head_json":{"title":"L\u2019UGTT condamne la vague d\u2019arrestations","description":"L\u2019Union g\u00e9n\u00e9rale tunisienne du travail (UGTT) r\u00e9agit, \u00e0 son tour, \u00e0 la vague d\u2019arrestations ayant cibl\u00e9 plusieurs personnalit\u00e9s depuis samedi dernier. C\u2019est en...","canonical":"https:\/\/www.webdo.tn\/fr\/actualite\/national\/l-ugtt-condamne-la-vague-d-arrestations\/202967\/","og_locale":"fr_FR","og_type":"article","og_title":"L\u2019UGTT condamne la vague d\u2019arrestations","og_description":"L\u2019Union g\u00e9n\u00e9rale tunisienne du travail (UGTT) r\u00e9agit, \u00e0 son tour, \u00e0 la vague d\u2019arrestations ayant cibl\u00e9 plusieurs personnalit\u00e9s depuis samedi dernier. C\u2019est en...","og_url":"https:\/\/www.webdo.tn\/fr\/actualite\/national\/l-ugtt-condamne-la-vague-d-arrestations\/202967\/","og_site_name":"webdo","article_publisher":"https:\/\/www.facebook.com\/webdotn","article_published_time":"2023-02-15T14:41:00+00:00","article_modified_time":"2025-05-20T22:07:32+00:00","og_image":[{"width":750,"height":400,"url":"https:\/\/www.webdo.tn\/fr\/wp-content\/uploads\/2023\/02\/b79facf5df56100e9446080d36326142.jpg","type":"image\/jpeg"}],"author":"MC","twitter_card":"summary_large_image","twitter_creator":"@webdo_tn","twitter_site":"@webdo_tn","twitter_misc":{"\u00c9crit par":"MC","Dur\u00e9e de lecture estim\u00e9e":"1 minute"},"schema":{"@context":"https:\/\/schema.org","@graph":[{"@type":"NewsArticle","@id":"https:\/\/www.webdo.tn\/fr\/actualite\/national\/l-ugtt-condamne-la-vague-d-arrestations\/202967\/#article","isPartOf":{"@id":"https:\/\/www.webdo.tn\/fr\/actualite\/national\/l-ugtt-condamne-la-vague-d-arrestations\/202967\/"},"author":{"name":"MC","@id":"https:\/\/www.webdo.tn\/fr\/#\/schema\/person\/2c4929cbf5a809e3bd38617c6ce150f6"},"headline":"L\u2019UGTT condamne la vague d\u2019arrestations","datePublished":"2023-02-15T14:41:00+00:00","dateModified":"2025-05-20T22:07:32+00:00","mainEntityOfPage":{"@id":"https:\/\/www.webdo.tn\/fr\/actualite\/national\/l-ugtt-condamne-la-vague-d-arrestations\/202967\/"},"wordCount":238,"commentCount":0,"publisher":{"@id":"https:\/\/www.webdo.tn\/fr\/#organization"},"image":{"@id":"https:\/\/www.webdo.tn\/fr\/actualite\/national\/l-ugtt-condamne-la-vague-d-arrestations\/202967\/#primaryimage"},"thumbnailUrl":"https:\/\/www.webdo.tn\/fr\/wp-content\/uploads\/2023\/02\/b79facf5df56100e9446080d36326142.jpg","keywords":["arrestations","UGTT"],"articleSection":["National"],"inLanguage":"fr-FR"},{"@type":"WebPage","@id":"https:\/\/www.webdo.tn\/fr\/actualite\/national\/l-ugtt-condamne-la-vague-d-arrestations\/202967\/","url":"https:\/\/www.webdo.tn\/fr\/actualite\/national\/l-ugtt-condamne-la-vague-d-arrestations\/202967\/","name":"L\u2019UGTT condamne la vague d\u2019arrestations","isPartOf":{"@id":"https:\/\/www.webdo.tn\/fr\/#website"},"primaryImageOfPage":{"@id":"https:\/\/www.webdo.tn\/fr\/actualite\/national\/l-ugtt-condamne-la-vague-d-arrestations\/202967\/#primaryimage"},"image":{"@id":"https:\/\/www.webdo.tn\/fr\/actualite\/national\/l-ugtt-condamne-la-vague-d-arrestations\/202967\/#primaryimage"},"thumbnailUrl":"https:\/\/www.webdo.tn\/fr\/wp-content\/uploads\/2023\/02\/b79facf5df56100e9446080d36326142.jpg","datePublished":"2023-02-15T14:41:00+00:00","dateModified":"2025-05-20T22:07:32+00:00","description":"L\u2019Union g\u00e9n\u00e9rale tunisienne du travail (UGTT) r\u00e9agit, \u00e0 son tour, \u00e0 la vague d\u2019arrestations ayant cibl\u00e9 plusieurs personnalit\u00e9s depuis samedi dernier. C\u2019est en...","breadcrumb":{"@id":"https:\/\/www.webdo.tn\/fr\/actualite\/national\/l-ugtt-condamne-la-vague-d-arrestations\/202967\/#breadcrumb"},"inLanguage":"fr-FR","potentialAction":[{"@type":"ReadAction","target":["https:\/\/www.webdo.tn\/fr\/actualite\/national\/l-ugtt-condamne-la-vague-d-arrestations\/202967\/"]}]},{"@type":"ImageObject","inLanguage":"fr-FR","@id":"https:\/\/www.webdo.tn\/fr\/actualite\/national\/l-ugtt-condamne-la-vague-d-arrestations\/202967\/#primaryimage","url":"https:\/\/www.webdo.tn\/fr\/wp-content\/uploads\/2023\/02\/b79facf5df56100e9446080d36326142.jpg","contentUrl":"https:\/\/www.webdo.tn\/fr\/wp-content\/uploads\/2023\/02\/b79facf5df56100e9446080d36326142.jpg","width":750,"height":400,"caption":"L\u2019UGTT condamne la vague d\u2019arrestations"},{"@type":"BreadcrumbList","@id":"https:\/\/www.webdo.tn\/fr\/actualite\/national\/l-ugtt-condamne-la-vague-d-arrestations\/202967\/#breadcrumb","itemListElement":[{"@type":"ListItem","position":1,"name":"Accueil","item":"https:\/\/www.webdo.tn\/fr\/"},{"@type":"ListItem","position":2,"name":"L\u2019UGTT condamne la vague d\u2019arrestations"}]},{"@type":"WebSite","@id":"https:\/\/www.webdo.tn\/fr\/#website","url":"https:\/\/www.webdo.tn\/fr\/","name":"webdo","description":"Tunisie - News en Tunisie et \u00e0 l&#039;international sur Webdo.tn","publisher":{"@id":"https:\/\/www.webdo.tn\/fr\/#organization"},"potentialAction":[{"@type":"SearchAction","target":{"@type":"EntryPoint","urlTemplate":"https:\/\/www.webdo.tn\/fr\/?s={search_term_string}"},"query-input":{"@type":"PropertyValueSpecification","valueRequired":true,"valueName":"search_term_string"}}],"inLanguage":"fr-FR"},{"@type":"Organization","@id":"https:\/\/www.webdo.tn\/fr\/#organization","name":"Webdo","alternateName":"Webdo.tn","url":"https:\/\/www.webdo.tn\/fr\/","logo":{"@type":"ImageObject","inLanguage":"fr-FR","@id":"https:\/\/www.webdo.tn\/fr\/#\/schema\/logo\/image\/","url":"https:\/\/www.webdo.tn\/fr\/wp-content\/uploads\/2025\/06\/Webdo-Tunisie_168377.jpg","contentUrl":"https:\/\/www.webdo.tn\/fr\/wp-content\/uploads\/2025\/06\/Webdo-Tunisie_168377.jpg","width":301,"height":301,"caption":"Webdo"},"image":{"@id":"https:\/\/www.webdo.tn\/fr\/#\/schema\/logo\/image\/"},"sameAs":["https:\/\/www.facebook.com\/webdotn","https:\/\/x.com\/webdo_tn"],"description":"Webdo est un m\u00e9dia num\u00e9rique tunisien fond\u00e9 en 2010, sp\u00e9cialis\u00e9 dans l\u2019actualit\u00e9 nationale et internationale, l\u2019\u00e9conomie, la soci\u00e9t\u00e9 et les analyses politiques. Le site s\u2019adresse \u00e0 un large public francophone et couvre l\u2019information tunisienne en temps r\u00e9el.","email":"redac@webdo.tn","legalName":"YNJ SARL","foundingDate":"2010-09-06","numberOfEmployees":{"@type":"QuantitativeValue","minValue":"11","maxValue":"50"}},{"@type":"Person","@id":"https:\/\/www.webdo.tn\/fr\/#\/schema\/person\/2c4929cbf5a809e3bd38617c6ce150f6","name":"MC","image":{"@type":"ImageObject","inLanguage":"fr-FR","@id":"https:\/\/secure.gravatar.com\/avatar\/a545bbb6f84efdd5553dbbc2895e3ca8f1d12c5215e00a041c9670b54aa9b18a?s=96&d=mm&r=g","url":"https:\/\/secure.gravatar.com\/avatar\/a545bbb6f84efdd5553dbbc2895e3ca8f1d12c5215e00a041c9670b54aa9b18a?s=96&d=mm&r=g","contentUrl":"https:\/\/secure.gravatar.com\/avatar\/a545bbb6f84efdd5553dbbc2895e3ca8f1d12c5215e00a041c9670b54aa9b18a?s=96&d=mm&r=g","caption":"MC"},"url":"https:\/\/www.webdo.tn\/fr\/actualite\/author\/mc\/"}]}},"_links":{"self":[{"href":"https:\/\/www.webdo.tn\/fr\/wp-json\/wp\/v2\/posts\/202967","targetHints":{"allow":["GET"]}}],"collection":[{"href":"https:\/\/www.webdo.tn\/fr\/wp-json\/wp\/v2\/posts"}],"about":[{"href":"https:\/\/www.webdo.tn\/fr\/wp-json\/wp\/v2\/types\/post"}],"author":[{"embeddable":true,"href":"https:\/\/www.webdo.tn\/fr\/wp-json\/wp\/v2\/users\/3162"}],"replies":[{"embeddable":true,"href":"https:\/\/www.webdo.tn\/fr\/wp-json\/wp\/v2\/comments?post=202967"}],"version-history":[{"count":0,"href":"https:\/\/www.webdo.tn\/fr\/wp-json\/wp\/v2\/posts\/202967\/revisions"}],"wp:featuredmedia":[{"embeddable":true,"href":"https:\/\/www.webdo.tn\/fr\/wp-json\/wp\/v2\/media\/277747"}],"wp:attachment":[{"href":"https:\/\/www.webdo.tn\/fr\/wp-json\/wp\/v2\/media?parent=202967"}],"wp:term":[{"taxonomy":"category","embeddable":true,"href":"https:\/\/www.webdo.tn\/fr\/wp-json\/wp\/v2\/categories?post=202967"},{"taxonomy":"post_tag","embeddable":true,"href":"https:\/\/www.webdo.tn\/fr\/wp-json\/wp\/v2\/tags?post=202967"}],"curies":[{"name":"wp","href":"https:\/\/api.w.org\/{rel}","templated":true}]}}