{"id":202962,"date":"2023-02-15T12:40:00","date_gmt":"2023-02-15T12:40:00","guid":{"rendered":"https:\/\/www.webdo.tn\/fr\/blog\/demantelement-d-une-cellule-takfiriste-a-bizerte\/202962\/"},"modified":"2025-05-20T22:02:31","modified_gmt":"2025-05-20T22:02:31","slug":"demantelement-d-une-cellule-takfiriste-a-bizerte","status":"publish","type":"post","link":"https:\/\/www.webdo.tn\/fr\/actualite\/regions\/demantelement-d-une-cellule-takfiriste-a-bizerte\/202962\/","title":{"rendered":"D\u00e9mant\u00e8lement d\u2019une cellule \u00ab\u00a0takfiriste\u00a0\u00bb \u00e0 Bizerte"},"content":{"rendered":"<p>Une cellule \u00ab\u00a0takfiriste\u00a0\u00bb a \u00e9t\u00e9 d\u00e9mantel\u00e9e dans le gouvernorat de Bizerte le jour du scrutin du deuxi\u00e8me tour des \u00e9lections l\u00e9gislatives, le 29 janvier dernier, annonce aujourd\u2019hui le minist\u00e8re de l\u2019Int\u00e9rieur.<\/p>\n<p>\t\t\t\t\t\t\t\t\tCette cellule qui planifiait l\u2019assassinat de s\u00e9curitaires dans la r\u00e9gion, a \u00e9t\u00e9 d\u00e9mantel\u00e9e par les unit\u00e9s s\u00e9curitaires, a indiqu\u00e9 le minist\u00e8re de l&rsquo;Int\u00e9rieur dans un communiqu\u00e9 publi\u00e9 ce mercredi 15 f\u00e9vrier 2023<br \/>\n\u00a0<br \/>\nTous les membres de la cellule ont \u00e9t\u00e9 arr\u00eat\u00e9s suite \u00e0 une op\u00e9ration conjointe men\u00e9e par les unit\u00e9s de la Direction antiterroriste de la Garde nationale et la Direction de la pr\u00e9vention et de la lutte contre le terrorisme apr\u00e8s consultation du minist\u00e8re public.<\/p>\n","protected":false},"excerpt":{"rendered":"<p>Une cellule  takfiriste  a \u00e9t\u00e9 d\u00e9mantel\u00e9e dans le gouvernorat de Bizerte le jour du scrutin du deuxi\u00e8me tour des \u00e9lections l\u00e9gislatives, le 29 janvier dernier,&#8230;<\/p>\n","protected":false},"author":3162,"featured_media":251990,"comment_status":"open","ping_status":"closed","sticky":false,"template":"","format":"standard","meta":{"footnotes":""},"categories":[2595],"tags":[3260,8791,3923],"class_list":["post-202962","post","type-post","status-publish","format-standard","has-post-thumbnail","hentry","category-regions","tag-assassinat","tag-cellule-takfiriste","tag-elections"],"yoast_head":"<!-- This site is optimized with the Yoast SEO Premium plugin v27.5 (Yoast SEO v27.5) - https:\/\/yoast.com\/product\/yoast-seo-premium-wordpress\/ -->\n<title>D\u00e9mant\u00e8lement d\u2019une cellule takfiriste \u00e0 Bizerte<\/title>\n<meta name=\"description\" content=\"Une cellule takfiriste a \u00e9t\u00e9 d\u00e9mantel\u00e9e dans le gouvernorat de Bizerte le jour du scrutin du deuxi\u00e8me tour des \u00e9lections l\u00e9gislatives, le 29 janvier dernier,...\" \/>\n<link rel=\"canonical\" href=\"https:\/\/www.webdo.tn\/fr\/actualite\/regions\/demantelement-d-une-cellule-takfiriste-a-bizerte\/202962\/\" \/>\n<meta property=\"og:locale\" content=\"fr_FR\" \/>\n<meta property=\"og:type\" content=\"article\" \/>\n<meta property=\"og:title\" content=\"D\u00e9mant\u00e8lement d\u2019une cellule &quot;takfiriste&quot; \u00e0 Bizerte\" \/>\n<meta property=\"og:description\" content=\"Une cellule takfiriste a \u00e9t\u00e9 d\u00e9mantel\u00e9e dans le gouvernorat de Bizerte le jour du scrutin du deuxi\u00e8me tour des \u00e9lections l\u00e9gislatives, le 29 janvier dernier,...\" \/>\n<meta property=\"og:url\" content=\"https:\/\/www.webdo.tn\/fr\/actualite\/regions\/demantelement-d-une-cellule-takfiriste-a-bizerte\/202962\/\" \/>\n<meta property=\"og:site_name\" content=\"webdo\" \/>\n<meta property=\"article:publisher\" content=\"https:\/\/www.facebook.com\/webdotn\" \/>\n<meta property=\"article:published_time\" content=\"2023-02-15T12:40:00+00:00\" \/>\n<meta property=\"article:modified_time\" content=\"2025-05-20T22:02:31+00:00\" \/>\n<meta property=\"og:image\" content=\"https:\/\/www.webdo.tn\/fr\/wp-content\/uploads\/2023\/02\/8110ea504feee5c1f512445c5b3b0cd2.jpg\" \/>\n\t<meta property=\"og:image:width\" content=\"750\" \/>\n\t<meta property=\"og:image:height\" content=\"400\" \/>\n\t<meta property=\"og:image:type\" content=\"image\/jpeg\" \/>\n<meta name=\"author\" content=\"MC\" \/>\n<meta name=\"twitter:card\" content=\"summary_large_image\" \/>\n<meta name=\"twitter:creator\" content=\"@webdo_tn\" \/>\n<meta name=\"twitter:site\" content=\"@webdo_tn\" \/>\n<meta name=\"twitter:label1\" content=\"\u00c9crit par\" \/>\n\t<meta name=\"twitter:data1\" content=\"MC\" \/>\n\t<meta name=\"twitter:label2\" content=\"Dur\u00e9e de lecture estim\u00e9e\" \/>\n\t<meta name=\"twitter:data2\" content=\"1 minute\" \/>\n<script type=\"application\/ld+json\" class=\"yoast-schema-graph\">{\"@context\":\"https:\\\/\\\/schema.org\",\"@graph\":[{\"@type\":\"NewsArticle\",\"@id\":\"https:\\\/\\\/www.webdo.tn\\\/fr\\\/actualite\\\/regions\\\/demantelement-d-une-cellule-takfiriste-a-bizerte\\\/202962\\\/#article\",\"isPartOf\":{\"@id\":\"https:\\\/\\\/www.webdo.tn\\\/fr\\\/actualite\\\/regions\\\/demantelement-d-une-cellule-takfiriste-a-bizerte\\\/202962\\\/\"},\"author\":{\"name\":\"MC\",\"@id\":\"https:\\\/\\\/www.webdo.tn\\\/fr\\\/#\\\/schema\\\/person\\\/2c4929cbf5a809e3bd38617c6ce150f6\"},\"headline\":\"D\u00e9mant\u00e8lement d\u2019une cellule \u00ab\u00a0takfiriste\u00a0\u00bb \u00e0 Bizerte\",\"datePublished\":\"2023-02-15T12:40:00+00:00\",\"dateModified\":\"2025-05-20T22:02:31+00:00\",\"mainEntityOfPage\":{\"@id\":\"https:\\\/\\\/www.webdo.tn\\\/fr\\\/actualite\\\/regions\\\/demantelement-d-une-cellule-takfiriste-a-bizerte\\\/202962\\\/\"},\"wordCount\":138,\"commentCount\":0,\"publisher\":{\"@id\":\"https:\\\/\\\/www.webdo.tn\\\/fr\\\/#organization\"},\"image\":{\"@id\":\"https:\\\/\\\/www.webdo.tn\\\/fr\\\/actualite\\\/regions\\\/demantelement-d-une-cellule-takfiriste-a-bizerte\\\/202962\\\/#primaryimage\"},\"thumbnailUrl\":\"https:\\\/\\\/www.webdo.tn\\\/fr\\\/wp-content\\\/uploads\\\/2023\\\/02\\\/8110ea504feee5c1f512445c5b3b0cd2.jpg\",\"keywords\":[\"assassinat\",\"cellule takfiriste\",\"\u00e9lections\"],\"articleSection\":[\"regions\"],\"inLanguage\":\"fr-FR\"},{\"@type\":\"WebPage\",\"@id\":\"https:\\\/\\\/www.webdo.tn\\\/fr\\\/actualite\\\/regions\\\/demantelement-d-une-cellule-takfiriste-a-bizerte\\\/202962\\\/\",\"url\":\"https:\\\/\\\/www.webdo.tn\\\/fr\\\/actualite\\\/regions\\\/demantelement-d-une-cellule-takfiriste-a-bizerte\\\/202962\\\/\",\"name\":\"D\u00e9mant\u00e8lement d\u2019une cellule takfiriste \u00e0 Bizerte\",\"isPartOf\":{\"@id\":\"https:\\\/\\\/www.webdo.tn\\\/fr\\\/#website\"},\"primaryImageOfPage\":{\"@id\":\"https:\\\/\\\/www.webdo.tn\\\/fr\\\/actualite\\\/regions\\\/demantelement-d-une-cellule-takfiriste-a-bizerte\\\/202962\\\/#primaryimage\"},\"image\":{\"@id\":\"https:\\\/\\\/www.webdo.tn\\\/fr\\\/actualite\\\/regions\\\/demantelement-d-une-cellule-takfiriste-a-bizerte\\\/202962\\\/#primaryimage\"},\"thumbnailUrl\":\"https:\\\/\\\/www.webdo.tn\\\/fr\\\/wp-content\\\/uploads\\\/2023\\\/02\\\/8110ea504feee5c1f512445c5b3b0cd2.jpg\",\"datePublished\":\"2023-02-15T12:40:00+00:00\",\"dateModified\":\"2025-05-20T22:02:31+00:00\",\"description\":\"Une cellule takfiriste a \u00e9t\u00e9 d\u00e9mantel\u00e9e dans le gouvernorat de Bizerte le jour du scrutin du deuxi\u00e8me tour des \u00e9lections l\u00e9gislatives, le 29 janvier dernier,...\",\"breadcrumb\":{\"@id\":\"https:\\\/\\\/www.webdo.tn\\\/fr\\\/actualite\\\/regions\\\/demantelement-d-une-cellule-takfiriste-a-bizerte\\\/202962\\\/#breadcrumb\"},\"inLanguage\":\"fr-FR\",\"potentialAction\":[{\"@type\":\"ReadAction\",\"target\":[\"https:\\\/\\\/www.webdo.tn\\\/fr\\\/actualite\\\/regions\\\/demantelement-d-une-cellule-takfiriste-a-bizerte\\\/202962\\\/\"]}]},{\"@type\":\"ImageObject\",\"inLanguage\":\"fr-FR\",\"@id\":\"https:\\\/\\\/www.webdo.tn\\\/fr\\\/actualite\\\/regions\\\/demantelement-d-une-cellule-takfiriste-a-bizerte\\\/202962\\\/#primaryimage\",\"url\":\"https:\\\/\\\/www.webdo.tn\\\/fr\\\/wp-content\\\/uploads\\\/2023\\\/02\\\/8110ea504feee5c1f512445c5b3b0cd2.jpg\",\"contentUrl\":\"https:\\\/\\\/www.webdo.tn\\\/fr\\\/wp-content\\\/uploads\\\/2023\\\/02\\\/8110ea504feee5c1f512445c5b3b0cd2.jpg\",\"width\":750,\"height\":400,\"caption\":\"La cellule d\u00e9mantel\u00e9e planifiait l\u2019assassinat de s\u00e9curitaires\"},{\"@type\":\"BreadcrumbList\",\"@id\":\"https:\\\/\\\/www.webdo.tn\\\/fr\\\/actualite\\\/regions\\\/demantelement-d-une-cellule-takfiriste-a-bizerte\\\/202962\\\/#breadcrumb\",\"itemListElement\":[{\"@type\":\"ListItem\",\"position\":1,\"name\":\"Accueil\",\"item\":\"https:\\\/\\\/www.webdo.tn\\\/fr\\\/\"},{\"@type\":\"ListItem\",\"position\":2,\"name\":\"D\u00e9mant\u00e8lement d\u2019une cellule \u00ab\u00a0takfiriste\u00a0\u00bb \u00e0 Bizerte\"}]},{\"@type\":\"WebSite\",\"@id\":\"https:\\\/\\\/www.webdo.tn\\\/fr\\\/#website\",\"url\":\"https:\\\/\\\/www.webdo.tn\\\/fr\\\/\",\"name\":\"webdo\",\"description\":\"Tunisie - News en Tunisie et \u00e0 l&#039;international sur Webdo.tn\",\"publisher\":{\"@id\":\"https:\\\/\\\/www.webdo.tn\\\/fr\\\/#organization\"},\"potentialAction\":[{\"@type\":\"SearchAction\",\"target\":{\"@type\":\"EntryPoint\",\"urlTemplate\":\"https:\\\/\\\/www.webdo.tn\\\/fr\\\/?s={search_term_string}\"},\"query-input\":{\"@type\":\"PropertyValueSpecification\",\"valueRequired\":true,\"valueName\":\"search_term_string\"}}],\"inLanguage\":\"fr-FR\"},{\"@type\":\"Organization\",\"@id\":\"https:\\\/\\\/www.webdo.tn\\\/fr\\\/#organization\",\"name\":\"Webdo\",\"alternateName\":\"Webdo.tn\",\"url\":\"https:\\\/\\\/www.webdo.tn\\\/fr\\\/\",\"logo\":{\"@type\":\"ImageObject\",\"inLanguage\":\"fr-FR\",\"@id\":\"https:\\\/\\\/www.webdo.tn\\\/fr\\\/#\\\/schema\\\/logo\\\/image\\\/\",\"url\":\"https:\\\/\\\/www.webdo.tn\\\/fr\\\/wp-content\\\/uploads\\\/2025\\\/06\\\/Webdo-Tunisie_168377.jpg\",\"contentUrl\":\"https:\\\/\\\/www.webdo.tn\\\/fr\\\/wp-content\\\/uploads\\\/2025\\\/06\\\/Webdo-Tunisie_168377.jpg\",\"width\":301,\"height\":301,\"caption\":\"Webdo\"},\"image\":{\"@id\":\"https:\\\/\\\/www.webdo.tn\\\/fr\\\/#\\\/schema\\\/logo\\\/image\\\/\"},\"sameAs\":[\"https:\\\/\\\/www.facebook.com\\\/webdotn\",\"https:\\\/\\\/x.com\\\/webdo_tn\"],\"description\":\"Webdo est un m\u00e9dia num\u00e9rique tunisien fond\u00e9 en 2010, sp\u00e9cialis\u00e9 dans l\u2019actualit\u00e9 nationale et internationale, l\u2019\u00e9conomie, la soci\u00e9t\u00e9 et les analyses politiques. Le site s\u2019adresse \u00e0 un large public francophone et couvre l\u2019information tunisienne en temps r\u00e9el.\",\"email\":\"redac@webdo.tn\",\"legalName\":\"YNJ SARL\",\"foundingDate\":\"2010-09-06\",\"numberOfEmployees\":{\"@type\":\"QuantitativeValue\",\"minValue\":\"11\",\"maxValue\":\"50\"}},{\"@type\":\"Person\",\"@id\":\"https:\\\/\\\/www.webdo.tn\\\/fr\\\/#\\\/schema\\\/person\\\/2c4929cbf5a809e3bd38617c6ce150f6\",\"name\":\"MC\",\"image\":{\"@type\":\"ImageObject\",\"inLanguage\":\"fr-FR\",\"@id\":\"https:\\\/\\\/secure.gravatar.com\\\/avatar\\\/a545bbb6f84efdd5553dbbc2895e3ca8f1d12c5215e00a041c9670b54aa9b18a?s=96&d=mm&r=g\",\"url\":\"https:\\\/\\\/secure.gravatar.com\\\/avatar\\\/a545bbb6f84efdd5553dbbc2895e3ca8f1d12c5215e00a041c9670b54aa9b18a?s=96&d=mm&r=g\",\"contentUrl\":\"https:\\\/\\\/secure.gravatar.com\\\/avatar\\\/a545bbb6f84efdd5553dbbc2895e3ca8f1d12c5215e00a041c9670b54aa9b18a?s=96&d=mm&r=g\",\"caption\":\"MC\"},\"url\":\"https:\\\/\\\/www.webdo.tn\\\/fr\\\/actualite\\\/author\\\/mc\\\/\"}]}<\/script>\n<!-- \/ Yoast SEO Premium plugin. -->","yoast_head_json":{"title":"D\u00e9mant\u00e8lement d\u2019une cellule takfiriste \u00e0 Bizerte","description":"Une cellule takfiriste a \u00e9t\u00e9 d\u00e9mantel\u00e9e dans le gouvernorat de Bizerte le jour du scrutin du deuxi\u00e8me tour des \u00e9lections l\u00e9gislatives, le 29 janvier dernier,...","canonical":"https:\/\/www.webdo.tn\/fr\/actualite\/regions\/demantelement-d-une-cellule-takfiriste-a-bizerte\/202962\/","og_locale":"fr_FR","og_type":"article","og_title":"D\u00e9mant\u00e8lement d\u2019une cellule \"takfiriste\" \u00e0 Bizerte","og_description":"Une cellule takfiriste a \u00e9t\u00e9 d\u00e9mantel\u00e9e dans le gouvernorat de Bizerte le jour du scrutin du deuxi\u00e8me tour des \u00e9lections l\u00e9gislatives, le 29 janvier dernier,...","og_url":"https:\/\/www.webdo.tn\/fr\/actualite\/regions\/demantelement-d-une-cellule-takfiriste-a-bizerte\/202962\/","og_site_name":"webdo","article_publisher":"https:\/\/www.facebook.com\/webdotn","article_published_time":"2023-02-15T12:40:00+00:00","article_modified_time":"2025-05-20T22:02:31+00:00","og_image":[{"width":750,"height":400,"url":"https:\/\/www.webdo.tn\/fr\/wp-content\/uploads\/2023\/02\/8110ea504feee5c1f512445c5b3b0cd2.jpg","type":"image\/jpeg"}],"author":"MC","twitter_card":"summary_large_image","twitter_creator":"@webdo_tn","twitter_site":"@webdo_tn","twitter_misc":{"\u00c9crit par":"MC","Dur\u00e9e de lecture estim\u00e9e":"1 minute"},"schema":{"@context":"https:\/\/schema.org","@graph":[{"@type":"NewsArticle","@id":"https:\/\/www.webdo.tn\/fr\/actualite\/regions\/demantelement-d-une-cellule-takfiriste-a-bizerte\/202962\/#article","isPartOf":{"@id":"https:\/\/www.webdo.tn\/fr\/actualite\/regions\/demantelement-d-une-cellule-takfiriste-a-bizerte\/202962\/"},"author":{"name":"MC","@id":"https:\/\/www.webdo.tn\/fr\/#\/schema\/person\/2c4929cbf5a809e3bd38617c6ce150f6"},"headline":"D\u00e9mant\u00e8lement d\u2019une cellule \u00ab\u00a0takfiriste\u00a0\u00bb \u00e0 Bizerte","datePublished":"2023-02-15T12:40:00+00:00","dateModified":"2025-05-20T22:02:31+00:00","mainEntityOfPage":{"@id":"https:\/\/www.webdo.tn\/fr\/actualite\/regions\/demantelement-d-une-cellule-takfiriste-a-bizerte\/202962\/"},"wordCount":138,"commentCount":0,"publisher":{"@id":"https:\/\/www.webdo.tn\/fr\/#organization"},"image":{"@id":"https:\/\/www.webdo.tn\/fr\/actualite\/regions\/demantelement-d-une-cellule-takfiriste-a-bizerte\/202962\/#primaryimage"},"thumbnailUrl":"https:\/\/www.webdo.tn\/fr\/wp-content\/uploads\/2023\/02\/8110ea504feee5c1f512445c5b3b0cd2.jpg","keywords":["assassinat","cellule takfiriste","\u00e9lections"],"articleSection":["regions"],"inLanguage":"fr-FR"},{"@type":"WebPage","@id":"https:\/\/www.webdo.tn\/fr\/actualite\/regions\/demantelement-d-une-cellule-takfiriste-a-bizerte\/202962\/","url":"https:\/\/www.webdo.tn\/fr\/actualite\/regions\/demantelement-d-une-cellule-takfiriste-a-bizerte\/202962\/","name":"D\u00e9mant\u00e8lement d\u2019une cellule takfiriste \u00e0 Bizerte","isPartOf":{"@id":"https:\/\/www.webdo.tn\/fr\/#website"},"primaryImageOfPage":{"@id":"https:\/\/www.webdo.tn\/fr\/actualite\/regions\/demantelement-d-une-cellule-takfiriste-a-bizerte\/202962\/#primaryimage"},"image":{"@id":"https:\/\/www.webdo.tn\/fr\/actualite\/regions\/demantelement-d-une-cellule-takfiriste-a-bizerte\/202962\/#primaryimage"},"thumbnailUrl":"https:\/\/www.webdo.tn\/fr\/wp-content\/uploads\/2023\/02\/8110ea504feee5c1f512445c5b3b0cd2.jpg","datePublished":"2023-02-15T12:40:00+00:00","dateModified":"2025-05-20T22:02:31+00:00","description":"Une cellule takfiriste a \u00e9t\u00e9 d\u00e9mantel\u00e9e dans le gouvernorat de Bizerte le jour du scrutin du deuxi\u00e8me tour des \u00e9lections l\u00e9gislatives, le 29 janvier dernier,...","breadcrumb":{"@id":"https:\/\/www.webdo.tn\/fr\/actualite\/regions\/demantelement-d-une-cellule-takfiriste-a-bizerte\/202962\/#breadcrumb"},"inLanguage":"fr-FR","potentialAction":[{"@type":"ReadAction","target":["https:\/\/www.webdo.tn\/fr\/actualite\/regions\/demantelement-d-une-cellule-takfiriste-a-bizerte\/202962\/"]}]},{"@type":"ImageObject","inLanguage":"fr-FR","@id":"https:\/\/www.webdo.tn\/fr\/actualite\/regions\/demantelement-d-une-cellule-takfiriste-a-bizerte\/202962\/#primaryimage","url":"https:\/\/www.webdo.tn\/fr\/wp-content\/uploads\/2023\/02\/8110ea504feee5c1f512445c5b3b0cd2.jpg","contentUrl":"https:\/\/www.webdo.tn\/fr\/wp-content\/uploads\/2023\/02\/8110ea504feee5c1f512445c5b3b0cd2.jpg","width":750,"height":400,"caption":"La cellule d\u00e9mantel\u00e9e planifiait l\u2019assassinat de s\u00e9curitaires"},{"@type":"BreadcrumbList","@id":"https:\/\/www.webdo.tn\/fr\/actualite\/regions\/demantelement-d-une-cellule-takfiriste-a-bizerte\/202962\/#breadcrumb","itemListElement":[{"@type":"ListItem","position":1,"name":"Accueil","item":"https:\/\/www.webdo.tn\/fr\/"},{"@type":"ListItem","position":2,"name":"D\u00e9mant\u00e8lement d\u2019une cellule \u00ab\u00a0takfiriste\u00a0\u00bb \u00e0 Bizerte"}]},{"@type":"WebSite","@id":"https:\/\/www.webdo.tn\/fr\/#website","url":"https:\/\/www.webdo.tn\/fr\/","name":"webdo","description":"Tunisie - News en Tunisie et \u00e0 l&#039;international sur Webdo.tn","publisher":{"@id":"https:\/\/www.webdo.tn\/fr\/#organization"},"potentialAction":[{"@type":"SearchAction","target":{"@type":"EntryPoint","urlTemplate":"https:\/\/www.webdo.tn\/fr\/?s={search_term_string}"},"query-input":{"@type":"PropertyValueSpecification","valueRequired":true,"valueName":"search_term_string"}}],"inLanguage":"fr-FR"},{"@type":"Organization","@id":"https:\/\/www.webdo.tn\/fr\/#organization","name":"Webdo","alternateName":"Webdo.tn","url":"https:\/\/www.webdo.tn\/fr\/","logo":{"@type":"ImageObject","inLanguage":"fr-FR","@id":"https:\/\/www.webdo.tn\/fr\/#\/schema\/logo\/image\/","url":"https:\/\/www.webdo.tn\/fr\/wp-content\/uploads\/2025\/06\/Webdo-Tunisie_168377.jpg","contentUrl":"https:\/\/www.webdo.tn\/fr\/wp-content\/uploads\/2025\/06\/Webdo-Tunisie_168377.jpg","width":301,"height":301,"caption":"Webdo"},"image":{"@id":"https:\/\/www.webdo.tn\/fr\/#\/schema\/logo\/image\/"},"sameAs":["https:\/\/www.facebook.com\/webdotn","https:\/\/x.com\/webdo_tn"],"description":"Webdo est un m\u00e9dia num\u00e9rique tunisien fond\u00e9 en 2010, sp\u00e9cialis\u00e9 dans l\u2019actualit\u00e9 nationale et internationale, l\u2019\u00e9conomie, la soci\u00e9t\u00e9 et les analyses politiques. Le site s\u2019adresse \u00e0 un large public francophone et couvre l\u2019information tunisienne en temps r\u00e9el.","email":"redac@webdo.tn","legalName":"YNJ SARL","foundingDate":"2010-09-06","numberOfEmployees":{"@type":"QuantitativeValue","minValue":"11","maxValue":"50"}},{"@type":"Person","@id":"https:\/\/www.webdo.tn\/fr\/#\/schema\/person\/2c4929cbf5a809e3bd38617c6ce150f6","name":"MC","image":{"@type":"ImageObject","inLanguage":"fr-FR","@id":"https:\/\/secure.gravatar.com\/avatar\/a545bbb6f84efdd5553dbbc2895e3ca8f1d12c5215e00a041c9670b54aa9b18a?s=96&d=mm&r=g","url":"https:\/\/secure.gravatar.com\/avatar\/a545bbb6f84efdd5553dbbc2895e3ca8f1d12c5215e00a041c9670b54aa9b18a?s=96&d=mm&r=g","contentUrl":"https:\/\/secure.gravatar.com\/avatar\/a545bbb6f84efdd5553dbbc2895e3ca8f1d12c5215e00a041c9670b54aa9b18a?s=96&d=mm&r=g","caption":"MC"},"url":"https:\/\/www.webdo.tn\/fr\/actualite\/author\/mc\/"}]}},"_links":{"self":[{"href":"https:\/\/www.webdo.tn\/fr\/wp-json\/wp\/v2\/posts\/202962","targetHints":{"allow":["GET"]}}],"collection":[{"href":"https:\/\/www.webdo.tn\/fr\/wp-json\/wp\/v2\/posts"}],"about":[{"href":"https:\/\/www.webdo.tn\/fr\/wp-json\/wp\/v2\/types\/post"}],"author":[{"embeddable":true,"href":"https:\/\/www.webdo.tn\/fr\/wp-json\/wp\/v2\/users\/3162"}],"replies":[{"embeddable":true,"href":"https:\/\/www.webdo.tn\/fr\/wp-json\/wp\/v2\/comments?post=202962"}],"version-history":[{"count":0,"href":"https:\/\/www.webdo.tn\/fr\/wp-json\/wp\/v2\/posts\/202962\/revisions"}],"wp:featuredmedia":[{"embeddable":true,"href":"https:\/\/www.webdo.tn\/fr\/wp-json\/wp\/v2\/media\/251990"}],"wp:attachment":[{"href":"https:\/\/www.webdo.tn\/fr\/wp-json\/wp\/v2\/media?parent=202962"}],"wp:term":[{"taxonomy":"category","embeddable":true,"href":"https:\/\/www.webdo.tn\/fr\/wp-json\/wp\/v2\/categories?post=202962"},{"taxonomy":"post_tag","embeddable":true,"href":"https:\/\/www.webdo.tn\/fr\/wp-json\/wp\/v2\/tags?post=202962"}],"curies":[{"name":"wp","href":"https:\/\/api.w.org\/{rel}","templated":true}]}}