{"id":202951,"date":"2023-02-15T09:38:00","date_gmt":"2023-02-15T09:38:00","guid":{"rendered":"https:\/\/www.webdo.tn\/fr\/blog\/seisme-en-turquie-et-en-syrie-le-bilan-s-alourdit-a-pres-de-4000-morts\/202951\/"},"modified":"2025-05-20T22:02:29","modified_gmt":"2025-05-20T22:02:29","slug":"seisme-en-turquie-et-en-syrie-le-bilan-s-alourdit-a-pres-de-4000-morts","status":"publish","type":"post","link":"https:\/\/www.webdo.tn\/fr\/actualite\/international\/seisme-en-turquie-et-en-syrie-le-bilan-s-alourdit-a-pres-de-4000-morts\/202951\/","title":{"rendered":"S\u00e9isme en Turquie et en Syrie : Le bilan s\u2019alourdit \u00e0 pr\u00e8s de 40.000 morts"},"content":{"rendered":"<p>Dix jours apr\u00e8s le terrible s\u00e9isme qui a frapp\u00e9 le sud de la Turquie et le nord de la Syrie, le 6 f\u00e9vrier dernier, le bilan des victimes a fait pr\u00e8s de 40.000 morts alors que des centaines de milliers de sans-abri font toujours face \u00e0 la faim et au froid en Turquie et en Syrie.<\/p>\n<p>\t\t\t\t\t\t\t\t\tMardi soir, le bilan actualis\u00e9 du s\u00e9isme s\u2019\u00e9levait \u00e0 39.106 morts \u2013 35.418 officiellement dans le sud de la Turquie, tandis que les autorit\u00e9s en ont d\u00e9nombr\u00e9 3688 en Syrie. Dimanche quand le bilan s\u2019\u00e9levait \u00e0 30.000 morts, l\u2019ONU avait dit s\u2019attendre \u00e0 ce que ce chiffre atteigne le double.<\/p>\n<p>\u00abNous sommes les t\u00e9moins de la pire catastrophe naturelle dans la r\u00e9gion de l\u2019OMS Europe en un si\u00e8cle et nous sommes toujours en train d\u2019en mesurer l\u2019ampleur\u00bb, a constat\u00e9 un responsable de l\u2019Organisation mondiale de la sant\u00e9.<br \/>\nQuelques miracul\u00e9s<\/p>\n<p>Par ailleurs, quatre personnes ont encore pu \u00eatre extraites vivantes des d\u00e9combres hier, en Turquie. Un couple de Syriens \u00e0 Antakya, a \u00e9t\u00e9 sauv\u00e9, environ 210 heures apr\u00e8s le tremblement de terre. Un peu plus t\u00f4t, deux jeunes fr\u00e8res avaient \u00e9galement pu sortir \u00e0 l\u2019air libre apr\u00e8s avoir pass\u00e9 198 heures coinc\u00e9s sous les gravats.<\/p>\n","protected":false},"excerpt":{"rendered":"<p>Dix jours apr\u00e8s le terrible s\u00e9isme qui a frapp\u00e9 le sud de la Turquie et le nord de la Syrie, le 6 f\u00e9vrier dernier, le bilan des victimes a fait pr\u00e8s de 40.000 m&#8230;<\/p>\n","protected":false},"author":3162,"featured_media":251984,"comment_status":"open","ping_status":"closed","sticky":false,"template":"","format":"standard","meta":{"footnotes":""},"categories":[2598],"tags":[5941,7271,3504,3550],"class_list":["post-202951","post","type-post","status-publish","format-standard","has-post-thumbnail","hentry","category-international","tag-bilan","tag-seisme","tag-syrie","tag-turquie"],"yoast_head":"<!-- This site is optimized with the Yoast SEO Premium plugin v27.4 (Yoast SEO v27.5) - https:\/\/yoast.com\/product\/yoast-seo-premium-wordpress\/ -->\n<title>S\u00e9isme en Turquie et en Syrie : Le bilan s\u2019alourdit \u00e0 pr\u00e8s de 40.000 morts<\/title>\n<meta name=\"description\" content=\"Dix jours apr\u00e8s le terrible s\u00e9isme qui a frapp\u00e9 le sud de la Turquie et le nord de la Syrie, le 6 f\u00e9vrier dernier, le bilan des victimes a fait pr\u00e8s de 40.000 m...\" \/>\n<link rel=\"canonical\" href=\"https:\/\/www.webdo.tn\/fr\/actualite\/international\/seisme-en-turquie-et-en-syrie-le-bilan-s-alourdit-a-pres-de-4000-morts\/202951\/\" \/>\n<meta property=\"og:locale\" content=\"fr_FR\" \/>\n<meta property=\"og:type\" content=\"article\" \/>\n<meta property=\"og:title\" content=\"S\u00e9isme en Turquie et en Syrie : Le bilan s\u2019alourdit \u00e0 pr\u00e8s de 40.000 morts\" \/>\n<meta property=\"og:description\" content=\"Dix jours apr\u00e8s le terrible s\u00e9isme qui a frapp\u00e9 le sud de la Turquie et le nord de la Syrie, le 6 f\u00e9vrier dernier, le bilan des victimes a fait pr\u00e8s de 40.000 m...\" \/>\n<meta property=\"og:url\" content=\"https:\/\/www.webdo.tn\/fr\/actualite\/international\/seisme-en-turquie-et-en-syrie-le-bilan-s-alourdit-a-pres-de-4000-morts\/202951\/\" \/>\n<meta property=\"og:site_name\" content=\"webdo\" \/>\n<meta property=\"article:publisher\" content=\"https:\/\/www.facebook.com\/webdotn\" \/>\n<meta property=\"article:published_time\" content=\"2023-02-15T09:38:00+00:00\" \/>\n<meta property=\"article:modified_time\" content=\"2025-05-20T22:02:29+00:00\" \/>\n<meta property=\"og:image\" content=\"https:\/\/www.webdo.tn\/fr\/wp-content\/uploads\/2023\/02\/ef3ed78aa603b9aaa78580d2a2dacd46.jpg\" \/>\n\t<meta property=\"og:image:width\" content=\"750\" \/>\n\t<meta property=\"og:image:height\" content=\"400\" \/>\n\t<meta property=\"og:image:type\" content=\"image\/jpeg\" \/>\n<meta name=\"author\" content=\"MC\" \/>\n<meta name=\"twitter:card\" content=\"summary_large_image\" \/>\n<meta name=\"twitter:creator\" content=\"@webdo_tn\" \/>\n<meta name=\"twitter:site\" content=\"@webdo_tn\" \/>\n<meta name=\"twitter:label1\" content=\"\u00c9crit par\" \/>\n\t<meta name=\"twitter:data1\" content=\"MC\" \/>\n\t<meta name=\"twitter:label2\" content=\"Dur\u00e9e de lecture estim\u00e9e\" \/>\n\t<meta name=\"twitter:data2\" content=\"1 minute\" \/>\n<script type=\"application\/ld+json\" class=\"yoast-schema-graph\">{\"@context\":\"https:\\\/\\\/schema.org\",\"@graph\":[{\"@type\":\"NewsArticle\",\"@id\":\"https:\\\/\\\/www.webdo.tn\\\/fr\\\/actualite\\\/international\\\/seisme-en-turquie-et-en-syrie-le-bilan-s-alourdit-a-pres-de-4000-morts\\\/202951\\\/#article\",\"isPartOf\":{\"@id\":\"https:\\\/\\\/www.webdo.tn\\\/fr\\\/actualite\\\/international\\\/seisme-en-turquie-et-en-syrie-le-bilan-s-alourdit-a-pres-de-4000-morts\\\/202951\\\/\"},\"author\":{\"name\":\"MC\",\"@id\":\"https:\\\/\\\/www.webdo.tn\\\/fr\\\/#\\\/schema\\\/person\\\/2c4929cbf5a809e3bd38617c6ce150f6\"},\"headline\":\"S\u00e9isme en Turquie et en Syrie : Le bilan s\u2019alourdit \u00e0 pr\u00e8s de 40.000 morts\",\"datePublished\":\"2023-02-15T09:38:00+00:00\",\"dateModified\":\"2025-05-20T22:02:29+00:00\",\"mainEntityOfPage\":{\"@id\":\"https:\\\/\\\/www.webdo.tn\\\/fr\\\/actualite\\\/international\\\/seisme-en-turquie-et-en-syrie-le-bilan-s-alourdit-a-pres-de-4000-morts\\\/202951\\\/\"},\"wordCount\":226,\"commentCount\":0,\"publisher\":{\"@id\":\"https:\\\/\\\/www.webdo.tn\\\/fr\\\/#organization\"},\"image\":{\"@id\":\"https:\\\/\\\/www.webdo.tn\\\/fr\\\/actualite\\\/international\\\/seisme-en-turquie-et-en-syrie-le-bilan-s-alourdit-a-pres-de-4000-morts\\\/202951\\\/#primaryimage\"},\"thumbnailUrl\":\"https:\\\/\\\/www.webdo.tn\\\/fr\\\/wp-content\\\/uploads\\\/2023\\\/02\\\/ef3ed78aa603b9aaa78580d2a2dacd46.jpg\",\"keywords\":[\"bilan\",\"s\u00e9isme\",\"syrie\",\"Turquie\"],\"articleSection\":[\"International\"],\"inLanguage\":\"fr-FR\"},{\"@type\":\"WebPage\",\"@id\":\"https:\\\/\\\/www.webdo.tn\\\/fr\\\/actualite\\\/international\\\/seisme-en-turquie-et-en-syrie-le-bilan-s-alourdit-a-pres-de-4000-morts\\\/202951\\\/\",\"url\":\"https:\\\/\\\/www.webdo.tn\\\/fr\\\/actualite\\\/international\\\/seisme-en-turquie-et-en-syrie-le-bilan-s-alourdit-a-pres-de-4000-morts\\\/202951\\\/\",\"name\":\"S\u00e9isme en Turquie et en Syrie : Le bilan s\u2019alourdit \u00e0 pr\u00e8s de 40.000 morts\",\"isPartOf\":{\"@id\":\"https:\\\/\\\/www.webdo.tn\\\/fr\\\/#website\"},\"primaryImageOfPage\":{\"@id\":\"https:\\\/\\\/www.webdo.tn\\\/fr\\\/actualite\\\/international\\\/seisme-en-turquie-et-en-syrie-le-bilan-s-alourdit-a-pres-de-4000-morts\\\/202951\\\/#primaryimage\"},\"image\":{\"@id\":\"https:\\\/\\\/www.webdo.tn\\\/fr\\\/actualite\\\/international\\\/seisme-en-turquie-et-en-syrie-le-bilan-s-alourdit-a-pres-de-4000-morts\\\/202951\\\/#primaryimage\"},\"thumbnailUrl\":\"https:\\\/\\\/www.webdo.tn\\\/fr\\\/wp-content\\\/uploads\\\/2023\\\/02\\\/ef3ed78aa603b9aaa78580d2a2dacd46.jpg\",\"datePublished\":\"2023-02-15T09:38:00+00:00\",\"dateModified\":\"2025-05-20T22:02:29+00:00\",\"description\":\"Dix jours apr\u00e8s le terrible s\u00e9isme qui a frapp\u00e9 le sud de la Turquie et le nord de la Syrie, le 6 f\u00e9vrier dernier, le bilan des victimes a fait pr\u00e8s de 40.000 m...\",\"breadcrumb\":{\"@id\":\"https:\\\/\\\/www.webdo.tn\\\/fr\\\/actualite\\\/international\\\/seisme-en-turquie-et-en-syrie-le-bilan-s-alourdit-a-pres-de-4000-morts\\\/202951\\\/#breadcrumb\"},\"inLanguage\":\"fr-FR\",\"potentialAction\":[{\"@type\":\"ReadAction\",\"target\":[\"https:\\\/\\\/www.webdo.tn\\\/fr\\\/actualite\\\/international\\\/seisme-en-turquie-et-en-syrie-le-bilan-s-alourdit-a-pres-de-4000-morts\\\/202951\\\/\"]}]},{\"@type\":\"ImageObject\",\"inLanguage\":\"fr-FR\",\"@id\":\"https:\\\/\\\/www.webdo.tn\\\/fr\\\/actualite\\\/international\\\/seisme-en-turquie-et-en-syrie-le-bilan-s-alourdit-a-pres-de-4000-morts\\\/202951\\\/#primaryimage\",\"url\":\"https:\\\/\\\/www.webdo.tn\\\/fr\\\/wp-content\\\/uploads\\\/2023\\\/02\\\/ef3ed78aa603b9aaa78580d2a2dacd46.jpg\",\"contentUrl\":\"https:\\\/\\\/www.webdo.tn\\\/fr\\\/wp-content\\\/uploads\\\/2023\\\/02\\\/ef3ed78aa603b9aaa78580d2a2dacd46.jpg\",\"width\":750,\"height\":400,\"caption\":\"S\u00e9isme en Turquie et en Syrie : Le bilan s\u2019alourdit \u00e0 pr\u00e8s de 40.000 morts\"},{\"@type\":\"BreadcrumbList\",\"@id\":\"https:\\\/\\\/www.webdo.tn\\\/fr\\\/actualite\\\/international\\\/seisme-en-turquie-et-en-syrie-le-bilan-s-alourdit-a-pres-de-4000-morts\\\/202951\\\/#breadcrumb\",\"itemListElement\":[{\"@type\":\"ListItem\",\"position\":1,\"name\":\"Accueil\",\"item\":\"https:\\\/\\\/www.webdo.tn\\\/fr\\\/\"},{\"@type\":\"ListItem\",\"position\":2,\"name\":\"S\u00e9isme en Turquie et en Syrie : Le bilan s\u2019alourdit \u00e0 pr\u00e8s de 40.000 morts\"}]},{\"@type\":\"WebSite\",\"@id\":\"https:\\\/\\\/www.webdo.tn\\\/fr\\\/#website\",\"url\":\"https:\\\/\\\/www.webdo.tn\\\/fr\\\/\",\"name\":\"webdo\",\"description\":\"Tunisie - News en Tunisie et \u00e0 l&#039;international sur Webdo.tn\",\"publisher\":{\"@id\":\"https:\\\/\\\/www.webdo.tn\\\/fr\\\/#organization\"},\"potentialAction\":[{\"@type\":\"SearchAction\",\"target\":{\"@type\":\"EntryPoint\",\"urlTemplate\":\"https:\\\/\\\/www.webdo.tn\\\/fr\\\/?s={search_term_string}\"},\"query-input\":{\"@type\":\"PropertyValueSpecification\",\"valueRequired\":true,\"valueName\":\"search_term_string\"}}],\"inLanguage\":\"fr-FR\"},{\"@type\":\"Organization\",\"@id\":\"https:\\\/\\\/www.webdo.tn\\\/fr\\\/#organization\",\"name\":\"Webdo\",\"alternateName\":\"Webdo.tn\",\"url\":\"https:\\\/\\\/www.webdo.tn\\\/fr\\\/\",\"logo\":{\"@type\":\"ImageObject\",\"inLanguage\":\"fr-FR\",\"@id\":\"https:\\\/\\\/www.webdo.tn\\\/fr\\\/#\\\/schema\\\/logo\\\/image\\\/\",\"url\":\"https:\\\/\\\/www.webdo.tn\\\/fr\\\/wp-content\\\/uploads\\\/2025\\\/06\\\/Webdo-Tunisie_168377.jpg\",\"contentUrl\":\"https:\\\/\\\/www.webdo.tn\\\/fr\\\/wp-content\\\/uploads\\\/2025\\\/06\\\/Webdo-Tunisie_168377.jpg\",\"width\":301,\"height\":301,\"caption\":\"Webdo\"},\"image\":{\"@id\":\"https:\\\/\\\/www.webdo.tn\\\/fr\\\/#\\\/schema\\\/logo\\\/image\\\/\"},\"sameAs\":[\"https:\\\/\\\/www.facebook.com\\\/webdotn\",\"https:\\\/\\\/x.com\\\/webdo_tn\"],\"description\":\"Webdo est un m\u00e9dia num\u00e9rique tunisien fond\u00e9 en 2010, sp\u00e9cialis\u00e9 dans l\u2019actualit\u00e9 nationale et internationale, l\u2019\u00e9conomie, la soci\u00e9t\u00e9 et les analyses politiques. Le site s\u2019adresse \u00e0 un large public francophone et couvre l\u2019information tunisienne en temps r\u00e9el.\",\"email\":\"redac@webdo.tn\",\"legalName\":\"YNJ SARL\",\"foundingDate\":\"2010-09-06\",\"numberOfEmployees\":{\"@type\":\"QuantitativeValue\",\"minValue\":\"11\",\"maxValue\":\"50\"}},{\"@type\":\"Person\",\"@id\":\"https:\\\/\\\/www.webdo.tn\\\/fr\\\/#\\\/schema\\\/person\\\/2c4929cbf5a809e3bd38617c6ce150f6\",\"name\":\"MC\",\"image\":{\"@type\":\"ImageObject\",\"inLanguage\":\"fr-FR\",\"@id\":\"https:\\\/\\\/secure.gravatar.com\\\/avatar\\\/a545bbb6f84efdd5553dbbc2895e3ca8f1d12c5215e00a041c9670b54aa9b18a?s=96&d=mm&r=g\",\"url\":\"https:\\\/\\\/secure.gravatar.com\\\/avatar\\\/a545bbb6f84efdd5553dbbc2895e3ca8f1d12c5215e00a041c9670b54aa9b18a?s=96&d=mm&r=g\",\"contentUrl\":\"https:\\\/\\\/secure.gravatar.com\\\/avatar\\\/a545bbb6f84efdd5553dbbc2895e3ca8f1d12c5215e00a041c9670b54aa9b18a?s=96&d=mm&r=g\",\"caption\":\"MC\"},\"url\":\"https:\\\/\\\/www.webdo.tn\\\/fr\\\/actualite\\\/author\\\/mc\\\/\"}]}<\/script>\n<!-- \/ Yoast SEO Premium plugin. -->","yoast_head_json":{"title":"S\u00e9isme en Turquie et en Syrie : Le bilan s\u2019alourdit \u00e0 pr\u00e8s de 40.000 morts","description":"Dix jours apr\u00e8s le terrible s\u00e9isme qui a frapp\u00e9 le sud de la Turquie et le nord de la Syrie, le 6 f\u00e9vrier dernier, le bilan des victimes a fait pr\u00e8s de 40.000 m...","canonical":"https:\/\/www.webdo.tn\/fr\/actualite\/international\/seisme-en-turquie-et-en-syrie-le-bilan-s-alourdit-a-pres-de-4000-morts\/202951\/","og_locale":"fr_FR","og_type":"article","og_title":"S\u00e9isme en Turquie et en Syrie : Le bilan s\u2019alourdit \u00e0 pr\u00e8s de 40.000 morts","og_description":"Dix jours apr\u00e8s le terrible s\u00e9isme qui a frapp\u00e9 le sud de la Turquie et le nord de la Syrie, le 6 f\u00e9vrier dernier, le bilan des victimes a fait pr\u00e8s de 40.000 m...","og_url":"https:\/\/www.webdo.tn\/fr\/actualite\/international\/seisme-en-turquie-et-en-syrie-le-bilan-s-alourdit-a-pres-de-4000-morts\/202951\/","og_site_name":"webdo","article_publisher":"https:\/\/www.facebook.com\/webdotn","article_published_time":"2023-02-15T09:38:00+00:00","article_modified_time":"2025-05-20T22:02:29+00:00","og_image":[{"width":750,"height":400,"url":"https:\/\/www.webdo.tn\/fr\/wp-content\/uploads\/2023\/02\/ef3ed78aa603b9aaa78580d2a2dacd46.jpg","type":"image\/jpeg"}],"author":"MC","twitter_card":"summary_large_image","twitter_creator":"@webdo_tn","twitter_site":"@webdo_tn","twitter_misc":{"\u00c9crit par":"MC","Dur\u00e9e de lecture estim\u00e9e":"1 minute"},"schema":{"@context":"https:\/\/schema.org","@graph":[{"@type":"NewsArticle","@id":"https:\/\/www.webdo.tn\/fr\/actualite\/international\/seisme-en-turquie-et-en-syrie-le-bilan-s-alourdit-a-pres-de-4000-morts\/202951\/#article","isPartOf":{"@id":"https:\/\/www.webdo.tn\/fr\/actualite\/international\/seisme-en-turquie-et-en-syrie-le-bilan-s-alourdit-a-pres-de-4000-morts\/202951\/"},"author":{"name":"MC","@id":"https:\/\/www.webdo.tn\/fr\/#\/schema\/person\/2c4929cbf5a809e3bd38617c6ce150f6"},"headline":"S\u00e9isme en Turquie et en Syrie : Le bilan s\u2019alourdit \u00e0 pr\u00e8s de 40.000 morts","datePublished":"2023-02-15T09:38:00+00:00","dateModified":"2025-05-20T22:02:29+00:00","mainEntityOfPage":{"@id":"https:\/\/www.webdo.tn\/fr\/actualite\/international\/seisme-en-turquie-et-en-syrie-le-bilan-s-alourdit-a-pres-de-4000-morts\/202951\/"},"wordCount":226,"commentCount":0,"publisher":{"@id":"https:\/\/www.webdo.tn\/fr\/#organization"},"image":{"@id":"https:\/\/www.webdo.tn\/fr\/actualite\/international\/seisme-en-turquie-et-en-syrie-le-bilan-s-alourdit-a-pres-de-4000-morts\/202951\/#primaryimage"},"thumbnailUrl":"https:\/\/www.webdo.tn\/fr\/wp-content\/uploads\/2023\/02\/ef3ed78aa603b9aaa78580d2a2dacd46.jpg","keywords":["bilan","s\u00e9isme","syrie","Turquie"],"articleSection":["International"],"inLanguage":"fr-FR"},{"@type":"WebPage","@id":"https:\/\/www.webdo.tn\/fr\/actualite\/international\/seisme-en-turquie-et-en-syrie-le-bilan-s-alourdit-a-pres-de-4000-morts\/202951\/","url":"https:\/\/www.webdo.tn\/fr\/actualite\/international\/seisme-en-turquie-et-en-syrie-le-bilan-s-alourdit-a-pres-de-4000-morts\/202951\/","name":"S\u00e9isme en Turquie et en Syrie : Le bilan s\u2019alourdit \u00e0 pr\u00e8s de 40.000 morts","isPartOf":{"@id":"https:\/\/www.webdo.tn\/fr\/#website"},"primaryImageOfPage":{"@id":"https:\/\/www.webdo.tn\/fr\/actualite\/international\/seisme-en-turquie-et-en-syrie-le-bilan-s-alourdit-a-pres-de-4000-morts\/202951\/#primaryimage"},"image":{"@id":"https:\/\/www.webdo.tn\/fr\/actualite\/international\/seisme-en-turquie-et-en-syrie-le-bilan-s-alourdit-a-pres-de-4000-morts\/202951\/#primaryimage"},"thumbnailUrl":"https:\/\/www.webdo.tn\/fr\/wp-content\/uploads\/2023\/02\/ef3ed78aa603b9aaa78580d2a2dacd46.jpg","datePublished":"2023-02-15T09:38:00+00:00","dateModified":"2025-05-20T22:02:29+00:00","description":"Dix jours apr\u00e8s le terrible s\u00e9isme qui a frapp\u00e9 le sud de la Turquie et le nord de la Syrie, le 6 f\u00e9vrier dernier, le bilan des victimes a fait pr\u00e8s de 40.000 m...","breadcrumb":{"@id":"https:\/\/www.webdo.tn\/fr\/actualite\/international\/seisme-en-turquie-et-en-syrie-le-bilan-s-alourdit-a-pres-de-4000-morts\/202951\/#breadcrumb"},"inLanguage":"fr-FR","potentialAction":[{"@type":"ReadAction","target":["https:\/\/www.webdo.tn\/fr\/actualite\/international\/seisme-en-turquie-et-en-syrie-le-bilan-s-alourdit-a-pres-de-4000-morts\/202951\/"]}]},{"@type":"ImageObject","inLanguage":"fr-FR","@id":"https:\/\/www.webdo.tn\/fr\/actualite\/international\/seisme-en-turquie-et-en-syrie-le-bilan-s-alourdit-a-pres-de-4000-morts\/202951\/#primaryimage","url":"https:\/\/www.webdo.tn\/fr\/wp-content\/uploads\/2023\/02\/ef3ed78aa603b9aaa78580d2a2dacd46.jpg","contentUrl":"https:\/\/www.webdo.tn\/fr\/wp-content\/uploads\/2023\/02\/ef3ed78aa603b9aaa78580d2a2dacd46.jpg","width":750,"height":400,"caption":"S\u00e9isme en Turquie et en Syrie : Le bilan s\u2019alourdit \u00e0 pr\u00e8s de 40.000 morts"},{"@type":"BreadcrumbList","@id":"https:\/\/www.webdo.tn\/fr\/actualite\/international\/seisme-en-turquie-et-en-syrie-le-bilan-s-alourdit-a-pres-de-4000-morts\/202951\/#breadcrumb","itemListElement":[{"@type":"ListItem","position":1,"name":"Accueil","item":"https:\/\/www.webdo.tn\/fr\/"},{"@type":"ListItem","position":2,"name":"S\u00e9isme en Turquie et en Syrie : Le bilan s\u2019alourdit \u00e0 pr\u00e8s de 40.000 morts"}]},{"@type":"WebSite","@id":"https:\/\/www.webdo.tn\/fr\/#website","url":"https:\/\/www.webdo.tn\/fr\/","name":"webdo","description":"Tunisie - News en Tunisie et \u00e0 l&#039;international sur Webdo.tn","publisher":{"@id":"https:\/\/www.webdo.tn\/fr\/#organization"},"potentialAction":[{"@type":"SearchAction","target":{"@type":"EntryPoint","urlTemplate":"https:\/\/www.webdo.tn\/fr\/?s={search_term_string}"},"query-input":{"@type":"PropertyValueSpecification","valueRequired":true,"valueName":"search_term_string"}}],"inLanguage":"fr-FR"},{"@type":"Organization","@id":"https:\/\/www.webdo.tn\/fr\/#organization","name":"Webdo","alternateName":"Webdo.tn","url":"https:\/\/www.webdo.tn\/fr\/","logo":{"@type":"ImageObject","inLanguage":"fr-FR","@id":"https:\/\/www.webdo.tn\/fr\/#\/schema\/logo\/image\/","url":"https:\/\/www.webdo.tn\/fr\/wp-content\/uploads\/2025\/06\/Webdo-Tunisie_168377.jpg","contentUrl":"https:\/\/www.webdo.tn\/fr\/wp-content\/uploads\/2025\/06\/Webdo-Tunisie_168377.jpg","width":301,"height":301,"caption":"Webdo"},"image":{"@id":"https:\/\/www.webdo.tn\/fr\/#\/schema\/logo\/image\/"},"sameAs":["https:\/\/www.facebook.com\/webdotn","https:\/\/x.com\/webdo_tn"],"description":"Webdo est un m\u00e9dia num\u00e9rique tunisien fond\u00e9 en 2010, sp\u00e9cialis\u00e9 dans l\u2019actualit\u00e9 nationale et internationale, l\u2019\u00e9conomie, la soci\u00e9t\u00e9 et les analyses politiques. Le site s\u2019adresse \u00e0 un large public francophone et couvre l\u2019information tunisienne en temps r\u00e9el.","email":"redac@webdo.tn","legalName":"YNJ SARL","foundingDate":"2010-09-06","numberOfEmployees":{"@type":"QuantitativeValue","minValue":"11","maxValue":"50"}},{"@type":"Person","@id":"https:\/\/www.webdo.tn\/fr\/#\/schema\/person\/2c4929cbf5a809e3bd38617c6ce150f6","name":"MC","image":{"@type":"ImageObject","inLanguage":"fr-FR","@id":"https:\/\/secure.gravatar.com\/avatar\/a545bbb6f84efdd5553dbbc2895e3ca8f1d12c5215e00a041c9670b54aa9b18a?s=96&d=mm&r=g","url":"https:\/\/secure.gravatar.com\/avatar\/a545bbb6f84efdd5553dbbc2895e3ca8f1d12c5215e00a041c9670b54aa9b18a?s=96&d=mm&r=g","contentUrl":"https:\/\/secure.gravatar.com\/avatar\/a545bbb6f84efdd5553dbbc2895e3ca8f1d12c5215e00a041c9670b54aa9b18a?s=96&d=mm&r=g","caption":"MC"},"url":"https:\/\/www.webdo.tn\/fr\/actualite\/author\/mc\/"}]}},"_links":{"self":[{"href":"https:\/\/www.webdo.tn\/fr\/wp-json\/wp\/v2\/posts\/202951","targetHints":{"allow":["GET"]}}],"collection":[{"href":"https:\/\/www.webdo.tn\/fr\/wp-json\/wp\/v2\/posts"}],"about":[{"href":"https:\/\/www.webdo.tn\/fr\/wp-json\/wp\/v2\/types\/post"}],"author":[{"embeddable":true,"href":"https:\/\/www.webdo.tn\/fr\/wp-json\/wp\/v2\/users\/3162"}],"replies":[{"embeddable":true,"href":"https:\/\/www.webdo.tn\/fr\/wp-json\/wp\/v2\/comments?post=202951"}],"version-history":[{"count":0,"href":"https:\/\/www.webdo.tn\/fr\/wp-json\/wp\/v2\/posts\/202951\/revisions"}],"wp:featuredmedia":[{"embeddable":true,"href":"https:\/\/www.webdo.tn\/fr\/wp-json\/wp\/v2\/media\/251984"}],"wp:attachment":[{"href":"https:\/\/www.webdo.tn\/fr\/wp-json\/wp\/v2\/media?parent=202951"}],"wp:term":[{"taxonomy":"category","embeddable":true,"href":"https:\/\/www.webdo.tn\/fr\/wp-json\/wp\/v2\/categories?post=202951"},{"taxonomy":"post_tag","embeddable":true,"href":"https:\/\/www.webdo.tn\/fr\/wp-json\/wp\/v2\/tags?post=202951"}],"curies":[{"name":"wp","href":"https:\/\/api.w.org\/{rel}","templated":true}]}}