{"id":202922,"date":"2023-02-14T13:20:00","date_gmt":"2023-02-14T13:20:00","guid":{"rendered":"https:\/\/www.webdo.tn\/fr\/actualite\/blog\/mosaique-fm-condamne-l-arrestation-de-son-directeur-general\/202922\/"},"modified":"2025-06-04T18:06:05","modified_gmt":"2025-06-04T18:06:05","slug":"mosaique-fm-condamne-l-arrestation-de-son-directeur-general","status":"publish","type":"post","link":"https:\/\/www.webdo.tn\/fr\/actualite\/national\/mosaique-fm-condamne-l-arrestation-de-son-directeur-general\/202922\/","title":{"rendered":"Mosa\u00efque FM condamne l\u2019arrestation de son directeur g\u00e9n\u00e9ral"},"content":{"rendered":"<p>Dans un communiqu\u00e9 rendu public ce mardi 14 f\u00e9vrier 2023, Mosa\u00efque FM a condamn\u00e9 l\u2019arrestation de son directeur g\u00e9n\u00e9ral Noureddine Boutar.<\/p>\n<p>La radio estime que son directeur g\u00e9n\u00e9ral est \u00ab victime d\u2019agissements terrorisants et d\u2019arrestations anarchiques \u00bb.\u00a0<\/p>\n<p>\u00ab Aussi la famille Mosa\u00efque FM, journalistes, correspondants, techniciens, collaborateurs, personnel administratif et ouvriers confondus, exprime-t-elle son soutien inconditionnel \u00e0 son confr\u00e8re et directeur g\u00e9n\u00e9ral et condamne les atteintes r\u00e9currentes port\u00e9es \u00e0 Mosa\u00efque FM, pour faire taire sa voix libre. Elle affirme aussi son attachement inali\u00e9nable \u00e0 l&rsquo;ind\u00e9pendance de sa ligne \u00e9ditoriale et \u00e0 sa mission journalistique, dans le respect de sa Charte r\u00e9dactionnelle \u00bb, a-t-on communiqu\u00e9.\u00a0<\/p>\n<p>Pour sa part, le pr\u00e9sident du Syndicat national des journalistes tunisiens (SNJT), Mohamed Yassine Jelassi a r\u00e9agi \u00e0 l\u2019arrestation et \u00e0 l\u2019interrogatoire du patron de radio Mosa\u00efque FM, Noureddine Boutar.<\/p>\n<p>Il a indiqu\u00e9, aujourd\u2019hui, sur les ondes de ladite radio que \u00ab\u00a0la garde \u00e0 vue de Noureddine Boutar, n\u2019avait aucun lien avec l\u2019affaire de complot contre la s\u00fbret\u00e9 de l\u2019Etat ni avec des d\u00e9passements financiers ou administratifs suppos\u00e9s au sein de la radio\u00a0\u00bb.<\/p>\n","protected":false},"excerpt":{"rendered":"<p>Dans un communiqu\u00e9 rendu public ce mardi 14 f\u00e9vrier 2023, Mosa\u00efque FM a condamn\u00e9 l\u2019arrestation de son directeur g\u00e9n\u00e9ral Noureddine Boutar.<\/p>\n","protected":false},"author":3162,"featured_media":348147,"comment_status":"open","ping_status":"closed","sticky":false,"template":"","format":"standard","meta":{"footnotes":""},"categories":[44],"tags":[2966,6980,2608],"class_list":["post-202922","post","type-post","status-publish","format-standard","has-post-thumbnail","hentry","category-national","tag-arrestation","tag-radio","tag-tunisie"],"yoast_head":"<!-- This site is optimized with the Yoast SEO Premium plugin v27.5 (Yoast SEO v27.5) - https:\/\/yoast.com\/product\/yoast-seo-premium-wordpress\/ -->\n<title>Mosa\u00efque FM condamne l\u2019arrestation de son directeur g\u00e9n\u00e9ral<\/title>\n<meta name=\"description\" content=\"Dans un communiqu\u00e9 rendu public ce mardi 14 f\u00e9vrier 2023, Mosa\u00efque FM a condamn\u00e9 l\u2019arrestation de son directeur g\u00e9n\u00e9ral Noureddine Boutar.\" \/>\n<link rel=\"canonical\" href=\"https:\/\/www.webdo.tn\/fr\/actualite\/national\/mosaique-fm-condamne-l-arrestation-de-son-directeur-general\/202922\/\" \/>\n<meta property=\"og:locale\" content=\"fr_FR\" \/>\n<meta property=\"og:type\" content=\"article\" \/>\n<meta property=\"og:title\" content=\"Mosa\u00efque FM condamne l\u2019arrestation de son directeur g\u00e9n\u00e9ral\" \/>\n<meta property=\"og:description\" content=\"Dans un communiqu\u00e9 rendu public ce mardi 14 f\u00e9vrier 2023, Mosa\u00efque FM a condamn\u00e9 l\u2019arrestation de son directeur g\u00e9n\u00e9ral Noureddine Boutar.\" \/>\n<meta property=\"og:url\" content=\"https:\/\/www.webdo.tn\/fr\/actualite\/national\/mosaique-fm-condamne-l-arrestation-de-son-directeur-general\/202922\/\" \/>\n<meta property=\"og:site_name\" content=\"webdo\" \/>\n<meta property=\"article:publisher\" content=\"https:\/\/www.facebook.com\/webdotn\" \/>\n<meta property=\"article:published_time\" content=\"2023-02-14T13:20:00+00:00\" \/>\n<meta property=\"article:modified_time\" content=\"2025-06-04T18:06:05+00:00\" \/>\n<meta property=\"og:image\" content=\"https:\/\/www.webdo.tn\/fr\/wp-content\/uploads\/2023\/02\/05249b845cc452d10cda81568c40863c.jpg\" \/>\n\t<meta property=\"og:image:width\" content=\"626\" \/>\n\t<meta property=\"og:image:height\" content=\"334\" \/>\n\t<meta property=\"og:image:type\" content=\"image\/jpeg\" \/>\n<meta name=\"author\" content=\"MC\" \/>\n<meta name=\"twitter:card\" content=\"summary_large_image\" \/>\n<meta name=\"twitter:creator\" content=\"@webdo_tn\" \/>\n<meta name=\"twitter:site\" content=\"@webdo_tn\" \/>\n<meta name=\"twitter:label1\" content=\"\u00c9crit par\" \/>\n\t<meta name=\"twitter:data1\" content=\"MC\" \/>\n\t<meta name=\"twitter:label2\" content=\"Dur\u00e9e de lecture estim\u00e9e\" \/>\n\t<meta name=\"twitter:data2\" content=\"1 minute\" \/>\n<script type=\"application\/ld+json\" class=\"yoast-schema-graph\">{\"@context\":\"https:\\\/\\\/schema.org\",\"@graph\":[{\"@type\":\"NewsArticle\",\"@id\":\"https:\\\/\\\/www.webdo.tn\\\/fr\\\/actualite\\\/national\\\/mosaique-fm-condamne-l-arrestation-de-son-directeur-general\\\/202922\\\/#article\",\"isPartOf\":{\"@id\":\"https:\\\/\\\/www.webdo.tn\\\/fr\\\/actualite\\\/national\\\/mosaique-fm-condamne-l-arrestation-de-son-directeur-general\\\/202922\\\/\"},\"author\":{\"name\":\"MC\",\"@id\":\"https:\\\/\\\/www.webdo.tn\\\/fr\\\/#\\\/schema\\\/person\\\/2c4929cbf5a809e3bd38617c6ce150f6\"},\"headline\":\"Mosa\u00efque FM condamne l\u2019arrestation de son directeur g\u00e9n\u00e9ral\",\"datePublished\":\"2023-02-14T13:20:00+00:00\",\"dateModified\":\"2025-06-04T18:06:05+00:00\",\"mainEntityOfPage\":{\"@id\":\"https:\\\/\\\/www.webdo.tn\\\/fr\\\/actualite\\\/national\\\/mosaique-fm-condamne-l-arrestation-de-son-directeur-general\\\/202922\\\/\"},\"wordCount\":208,\"commentCount\":0,\"publisher\":{\"@id\":\"https:\\\/\\\/www.webdo.tn\\\/fr\\\/#organization\"},\"image\":{\"@id\":\"https:\\\/\\\/www.webdo.tn\\\/fr\\\/actualite\\\/national\\\/mosaique-fm-condamne-l-arrestation-de-son-directeur-general\\\/202922\\\/#primaryimage\"},\"thumbnailUrl\":\"https:\\\/\\\/www.webdo.tn\\\/fr\\\/wp-content\\\/uploads\\\/2023\\\/02\\\/05249b845cc452d10cda81568c40863c.jpg\",\"keywords\":[\"arrestation\",\"radio\",\"Tunisie\"],\"articleSection\":[\"National\"],\"inLanguage\":\"fr-FR\"},{\"@type\":\"WebPage\",\"@id\":\"https:\\\/\\\/www.webdo.tn\\\/fr\\\/actualite\\\/national\\\/mosaique-fm-condamne-l-arrestation-de-son-directeur-general\\\/202922\\\/\",\"url\":\"https:\\\/\\\/www.webdo.tn\\\/fr\\\/actualite\\\/national\\\/mosaique-fm-condamne-l-arrestation-de-son-directeur-general\\\/202922\\\/\",\"name\":\"Mosa\u00efque FM condamne l\u2019arrestation de son directeur g\u00e9n\u00e9ral\",\"isPartOf\":{\"@id\":\"https:\\\/\\\/www.webdo.tn\\\/fr\\\/#website\"},\"primaryImageOfPage\":{\"@id\":\"https:\\\/\\\/www.webdo.tn\\\/fr\\\/actualite\\\/national\\\/mosaique-fm-condamne-l-arrestation-de-son-directeur-general\\\/202922\\\/#primaryimage\"},\"image\":{\"@id\":\"https:\\\/\\\/www.webdo.tn\\\/fr\\\/actualite\\\/national\\\/mosaique-fm-condamne-l-arrestation-de-son-directeur-general\\\/202922\\\/#primaryimage\"},\"thumbnailUrl\":\"https:\\\/\\\/www.webdo.tn\\\/fr\\\/wp-content\\\/uploads\\\/2023\\\/02\\\/05249b845cc452d10cda81568c40863c.jpg\",\"datePublished\":\"2023-02-14T13:20:00+00:00\",\"dateModified\":\"2025-06-04T18:06:05+00:00\",\"description\":\"Dans un communiqu\u00e9 rendu public ce mardi 14 f\u00e9vrier 2023, Mosa\u00efque FM a condamn\u00e9 l\u2019arrestation de son directeur g\u00e9n\u00e9ral Noureddine Boutar.\",\"breadcrumb\":{\"@id\":\"https:\\\/\\\/www.webdo.tn\\\/fr\\\/actualite\\\/national\\\/mosaique-fm-condamne-l-arrestation-de-son-directeur-general\\\/202922\\\/#breadcrumb\"},\"inLanguage\":\"fr-FR\",\"potentialAction\":[{\"@type\":\"ReadAction\",\"target\":[\"https:\\\/\\\/www.webdo.tn\\\/fr\\\/actualite\\\/national\\\/mosaique-fm-condamne-l-arrestation-de-son-directeur-general\\\/202922\\\/\"]}]},{\"@type\":\"ImageObject\",\"inLanguage\":\"fr-FR\",\"@id\":\"https:\\\/\\\/www.webdo.tn\\\/fr\\\/actualite\\\/national\\\/mosaique-fm-condamne-l-arrestation-de-son-directeur-general\\\/202922\\\/#primaryimage\",\"url\":\"https:\\\/\\\/www.webdo.tn\\\/fr\\\/wp-content\\\/uploads\\\/2023\\\/02\\\/05249b845cc452d10cda81568c40863c.jpg\",\"contentUrl\":\"https:\\\/\\\/www.webdo.tn\\\/fr\\\/wp-content\\\/uploads\\\/2023\\\/02\\\/05249b845cc452d10cda81568c40863c.jpg\",\"width\":626,\"height\":334,\"caption\":\"Mosa\u00efque FM\"},{\"@type\":\"BreadcrumbList\",\"@id\":\"https:\\\/\\\/www.webdo.tn\\\/fr\\\/actualite\\\/national\\\/mosaique-fm-condamne-l-arrestation-de-son-directeur-general\\\/202922\\\/#breadcrumb\",\"itemListElement\":[{\"@type\":\"ListItem\",\"position\":1,\"name\":\"Accueil\",\"item\":\"https:\\\/\\\/www.webdo.tn\\\/fr\\\/\"},{\"@type\":\"ListItem\",\"position\":2,\"name\":\"Mosa\u00efque FM condamne l\u2019arrestation de son directeur g\u00e9n\u00e9ral\"}]},{\"@type\":\"WebSite\",\"@id\":\"https:\\\/\\\/www.webdo.tn\\\/fr\\\/#website\",\"url\":\"https:\\\/\\\/www.webdo.tn\\\/fr\\\/\",\"name\":\"webdo\",\"description\":\"Tunisie - News en Tunisie et \u00e0 l&#039;international sur Webdo.tn\",\"publisher\":{\"@id\":\"https:\\\/\\\/www.webdo.tn\\\/fr\\\/#organization\"},\"potentialAction\":[{\"@type\":\"SearchAction\",\"target\":{\"@type\":\"EntryPoint\",\"urlTemplate\":\"https:\\\/\\\/www.webdo.tn\\\/fr\\\/?s={search_term_string}\"},\"query-input\":{\"@type\":\"PropertyValueSpecification\",\"valueRequired\":true,\"valueName\":\"search_term_string\"}}],\"inLanguage\":\"fr-FR\"},{\"@type\":\"Organization\",\"@id\":\"https:\\\/\\\/www.webdo.tn\\\/fr\\\/#organization\",\"name\":\"Webdo\",\"alternateName\":\"Webdo.tn\",\"url\":\"https:\\\/\\\/www.webdo.tn\\\/fr\\\/\",\"logo\":{\"@type\":\"ImageObject\",\"inLanguage\":\"fr-FR\",\"@id\":\"https:\\\/\\\/www.webdo.tn\\\/fr\\\/#\\\/schema\\\/logo\\\/image\\\/\",\"url\":\"https:\\\/\\\/www.webdo.tn\\\/fr\\\/wp-content\\\/uploads\\\/2025\\\/06\\\/Webdo-Tunisie_168377.jpg\",\"contentUrl\":\"https:\\\/\\\/www.webdo.tn\\\/fr\\\/wp-content\\\/uploads\\\/2025\\\/06\\\/Webdo-Tunisie_168377.jpg\",\"width\":301,\"height\":301,\"caption\":\"Webdo\"},\"image\":{\"@id\":\"https:\\\/\\\/www.webdo.tn\\\/fr\\\/#\\\/schema\\\/logo\\\/image\\\/\"},\"sameAs\":[\"https:\\\/\\\/www.facebook.com\\\/webdotn\",\"https:\\\/\\\/x.com\\\/webdo_tn\"],\"description\":\"Webdo est un m\u00e9dia num\u00e9rique tunisien fond\u00e9 en 2010, sp\u00e9cialis\u00e9 dans l\u2019actualit\u00e9 nationale et internationale, l\u2019\u00e9conomie, la soci\u00e9t\u00e9 et les analyses politiques. Le site s\u2019adresse \u00e0 un large public francophone et couvre l\u2019information tunisienne en temps r\u00e9el.\",\"email\":\"redac@webdo.tn\",\"legalName\":\"YNJ SARL\",\"foundingDate\":\"2010-09-06\",\"numberOfEmployees\":{\"@type\":\"QuantitativeValue\",\"minValue\":\"11\",\"maxValue\":\"50\"}},{\"@type\":\"Person\",\"@id\":\"https:\\\/\\\/www.webdo.tn\\\/fr\\\/#\\\/schema\\\/person\\\/2c4929cbf5a809e3bd38617c6ce150f6\",\"name\":\"MC\",\"image\":{\"@type\":\"ImageObject\",\"inLanguage\":\"fr-FR\",\"@id\":\"https:\\\/\\\/secure.gravatar.com\\\/avatar\\\/a545bbb6f84efdd5553dbbc2895e3ca8f1d12c5215e00a041c9670b54aa9b18a?s=96&d=mm&r=g\",\"url\":\"https:\\\/\\\/secure.gravatar.com\\\/avatar\\\/a545bbb6f84efdd5553dbbc2895e3ca8f1d12c5215e00a041c9670b54aa9b18a?s=96&d=mm&r=g\",\"contentUrl\":\"https:\\\/\\\/secure.gravatar.com\\\/avatar\\\/a545bbb6f84efdd5553dbbc2895e3ca8f1d12c5215e00a041c9670b54aa9b18a?s=96&d=mm&r=g\",\"caption\":\"MC\"},\"url\":\"https:\\\/\\\/www.webdo.tn\\\/fr\\\/actualite\\\/author\\\/mc\\\/\"}]}<\/script>\n<!-- \/ Yoast SEO Premium plugin. -->","yoast_head_json":{"title":"Mosa\u00efque FM condamne l\u2019arrestation de son directeur g\u00e9n\u00e9ral","description":"Dans un communiqu\u00e9 rendu public ce mardi 14 f\u00e9vrier 2023, Mosa\u00efque FM a condamn\u00e9 l\u2019arrestation de son directeur g\u00e9n\u00e9ral Noureddine Boutar.","canonical":"https:\/\/www.webdo.tn\/fr\/actualite\/national\/mosaique-fm-condamne-l-arrestation-de-son-directeur-general\/202922\/","og_locale":"fr_FR","og_type":"article","og_title":"Mosa\u00efque FM condamne l\u2019arrestation de son directeur g\u00e9n\u00e9ral","og_description":"Dans un communiqu\u00e9 rendu public ce mardi 14 f\u00e9vrier 2023, Mosa\u00efque FM a condamn\u00e9 l\u2019arrestation de son directeur g\u00e9n\u00e9ral Noureddine Boutar.","og_url":"https:\/\/www.webdo.tn\/fr\/actualite\/national\/mosaique-fm-condamne-l-arrestation-de-son-directeur-general\/202922\/","og_site_name":"webdo","article_publisher":"https:\/\/www.facebook.com\/webdotn","article_published_time":"2023-02-14T13:20:00+00:00","article_modified_time":"2025-06-04T18:06:05+00:00","og_image":[{"width":626,"height":334,"url":"https:\/\/www.webdo.tn\/fr\/wp-content\/uploads\/2023\/02\/05249b845cc452d10cda81568c40863c.jpg","type":"image\/jpeg"}],"author":"MC","twitter_card":"summary_large_image","twitter_creator":"@webdo_tn","twitter_site":"@webdo_tn","twitter_misc":{"\u00c9crit par":"MC","Dur\u00e9e de lecture estim\u00e9e":"1 minute"},"schema":{"@context":"https:\/\/schema.org","@graph":[{"@type":"NewsArticle","@id":"https:\/\/www.webdo.tn\/fr\/actualite\/national\/mosaique-fm-condamne-l-arrestation-de-son-directeur-general\/202922\/#article","isPartOf":{"@id":"https:\/\/www.webdo.tn\/fr\/actualite\/national\/mosaique-fm-condamne-l-arrestation-de-son-directeur-general\/202922\/"},"author":{"name":"MC","@id":"https:\/\/www.webdo.tn\/fr\/#\/schema\/person\/2c4929cbf5a809e3bd38617c6ce150f6"},"headline":"Mosa\u00efque FM condamne l\u2019arrestation de son directeur g\u00e9n\u00e9ral","datePublished":"2023-02-14T13:20:00+00:00","dateModified":"2025-06-04T18:06:05+00:00","mainEntityOfPage":{"@id":"https:\/\/www.webdo.tn\/fr\/actualite\/national\/mosaique-fm-condamne-l-arrestation-de-son-directeur-general\/202922\/"},"wordCount":208,"commentCount":0,"publisher":{"@id":"https:\/\/www.webdo.tn\/fr\/#organization"},"image":{"@id":"https:\/\/www.webdo.tn\/fr\/actualite\/national\/mosaique-fm-condamne-l-arrestation-de-son-directeur-general\/202922\/#primaryimage"},"thumbnailUrl":"https:\/\/www.webdo.tn\/fr\/wp-content\/uploads\/2023\/02\/05249b845cc452d10cda81568c40863c.jpg","keywords":["arrestation","radio","Tunisie"],"articleSection":["National"],"inLanguage":"fr-FR"},{"@type":"WebPage","@id":"https:\/\/www.webdo.tn\/fr\/actualite\/national\/mosaique-fm-condamne-l-arrestation-de-son-directeur-general\/202922\/","url":"https:\/\/www.webdo.tn\/fr\/actualite\/national\/mosaique-fm-condamne-l-arrestation-de-son-directeur-general\/202922\/","name":"Mosa\u00efque FM condamne l\u2019arrestation de son directeur g\u00e9n\u00e9ral","isPartOf":{"@id":"https:\/\/www.webdo.tn\/fr\/#website"},"primaryImageOfPage":{"@id":"https:\/\/www.webdo.tn\/fr\/actualite\/national\/mosaique-fm-condamne-l-arrestation-de-son-directeur-general\/202922\/#primaryimage"},"image":{"@id":"https:\/\/www.webdo.tn\/fr\/actualite\/national\/mosaique-fm-condamne-l-arrestation-de-son-directeur-general\/202922\/#primaryimage"},"thumbnailUrl":"https:\/\/www.webdo.tn\/fr\/wp-content\/uploads\/2023\/02\/05249b845cc452d10cda81568c40863c.jpg","datePublished":"2023-02-14T13:20:00+00:00","dateModified":"2025-06-04T18:06:05+00:00","description":"Dans un communiqu\u00e9 rendu public ce mardi 14 f\u00e9vrier 2023, Mosa\u00efque FM a condamn\u00e9 l\u2019arrestation de son directeur g\u00e9n\u00e9ral Noureddine Boutar.","breadcrumb":{"@id":"https:\/\/www.webdo.tn\/fr\/actualite\/national\/mosaique-fm-condamne-l-arrestation-de-son-directeur-general\/202922\/#breadcrumb"},"inLanguage":"fr-FR","potentialAction":[{"@type":"ReadAction","target":["https:\/\/www.webdo.tn\/fr\/actualite\/national\/mosaique-fm-condamne-l-arrestation-de-son-directeur-general\/202922\/"]}]},{"@type":"ImageObject","inLanguage":"fr-FR","@id":"https:\/\/www.webdo.tn\/fr\/actualite\/national\/mosaique-fm-condamne-l-arrestation-de-son-directeur-general\/202922\/#primaryimage","url":"https:\/\/www.webdo.tn\/fr\/wp-content\/uploads\/2023\/02\/05249b845cc452d10cda81568c40863c.jpg","contentUrl":"https:\/\/www.webdo.tn\/fr\/wp-content\/uploads\/2023\/02\/05249b845cc452d10cda81568c40863c.jpg","width":626,"height":334,"caption":"Mosa\u00efque FM"},{"@type":"BreadcrumbList","@id":"https:\/\/www.webdo.tn\/fr\/actualite\/national\/mosaique-fm-condamne-l-arrestation-de-son-directeur-general\/202922\/#breadcrumb","itemListElement":[{"@type":"ListItem","position":1,"name":"Accueil","item":"https:\/\/www.webdo.tn\/fr\/"},{"@type":"ListItem","position":2,"name":"Mosa\u00efque FM condamne l\u2019arrestation de son directeur g\u00e9n\u00e9ral"}]},{"@type":"WebSite","@id":"https:\/\/www.webdo.tn\/fr\/#website","url":"https:\/\/www.webdo.tn\/fr\/","name":"webdo","description":"Tunisie - News en Tunisie et \u00e0 l&#039;international sur Webdo.tn","publisher":{"@id":"https:\/\/www.webdo.tn\/fr\/#organization"},"potentialAction":[{"@type":"SearchAction","target":{"@type":"EntryPoint","urlTemplate":"https:\/\/www.webdo.tn\/fr\/?s={search_term_string}"},"query-input":{"@type":"PropertyValueSpecification","valueRequired":true,"valueName":"search_term_string"}}],"inLanguage":"fr-FR"},{"@type":"Organization","@id":"https:\/\/www.webdo.tn\/fr\/#organization","name":"Webdo","alternateName":"Webdo.tn","url":"https:\/\/www.webdo.tn\/fr\/","logo":{"@type":"ImageObject","inLanguage":"fr-FR","@id":"https:\/\/www.webdo.tn\/fr\/#\/schema\/logo\/image\/","url":"https:\/\/www.webdo.tn\/fr\/wp-content\/uploads\/2025\/06\/Webdo-Tunisie_168377.jpg","contentUrl":"https:\/\/www.webdo.tn\/fr\/wp-content\/uploads\/2025\/06\/Webdo-Tunisie_168377.jpg","width":301,"height":301,"caption":"Webdo"},"image":{"@id":"https:\/\/www.webdo.tn\/fr\/#\/schema\/logo\/image\/"},"sameAs":["https:\/\/www.facebook.com\/webdotn","https:\/\/x.com\/webdo_tn"],"description":"Webdo est un m\u00e9dia num\u00e9rique tunisien fond\u00e9 en 2010, sp\u00e9cialis\u00e9 dans l\u2019actualit\u00e9 nationale et internationale, l\u2019\u00e9conomie, la soci\u00e9t\u00e9 et les analyses politiques. Le site s\u2019adresse \u00e0 un large public francophone et couvre l\u2019information tunisienne en temps r\u00e9el.","email":"redac@webdo.tn","legalName":"YNJ SARL","foundingDate":"2010-09-06","numberOfEmployees":{"@type":"QuantitativeValue","minValue":"11","maxValue":"50"}},{"@type":"Person","@id":"https:\/\/www.webdo.tn\/fr\/#\/schema\/person\/2c4929cbf5a809e3bd38617c6ce150f6","name":"MC","image":{"@type":"ImageObject","inLanguage":"fr-FR","@id":"https:\/\/secure.gravatar.com\/avatar\/a545bbb6f84efdd5553dbbc2895e3ca8f1d12c5215e00a041c9670b54aa9b18a?s=96&d=mm&r=g","url":"https:\/\/secure.gravatar.com\/avatar\/a545bbb6f84efdd5553dbbc2895e3ca8f1d12c5215e00a041c9670b54aa9b18a?s=96&d=mm&r=g","contentUrl":"https:\/\/secure.gravatar.com\/avatar\/a545bbb6f84efdd5553dbbc2895e3ca8f1d12c5215e00a041c9670b54aa9b18a?s=96&d=mm&r=g","caption":"MC"},"url":"https:\/\/www.webdo.tn\/fr\/actualite\/author\/mc\/"}]}},"_links":{"self":[{"href":"https:\/\/www.webdo.tn\/fr\/wp-json\/wp\/v2\/posts\/202922","targetHints":{"allow":["GET"]}}],"collection":[{"href":"https:\/\/www.webdo.tn\/fr\/wp-json\/wp\/v2\/posts"}],"about":[{"href":"https:\/\/www.webdo.tn\/fr\/wp-json\/wp\/v2\/types\/post"}],"author":[{"embeddable":true,"href":"https:\/\/www.webdo.tn\/fr\/wp-json\/wp\/v2\/users\/3162"}],"replies":[{"embeddable":true,"href":"https:\/\/www.webdo.tn\/fr\/wp-json\/wp\/v2\/comments?post=202922"}],"version-history":[{"count":0,"href":"https:\/\/www.webdo.tn\/fr\/wp-json\/wp\/v2\/posts\/202922\/revisions"}],"wp:featuredmedia":[{"embeddable":true,"href":"https:\/\/www.webdo.tn\/fr\/wp-json\/wp\/v2\/media\/348147"}],"wp:attachment":[{"href":"https:\/\/www.webdo.tn\/fr\/wp-json\/wp\/v2\/media?parent=202922"}],"wp:term":[{"taxonomy":"category","embeddable":true,"href":"https:\/\/www.webdo.tn\/fr\/wp-json\/wp\/v2\/categories?post=202922"},{"taxonomy":"post_tag","embeddable":true,"href":"https:\/\/www.webdo.tn\/fr\/wp-json\/wp\/v2\/tags?post=202922"}],"curies":[{"name":"wp","href":"https:\/\/api.w.org\/{rel}","templated":true}]}}