{"id":202912,"date":"2023-02-14T11:47:00","date_gmt":"2023-02-14T11:47:00","guid":{"rendered":"https:\/\/www.webdo.tn\/fr\/blog\/tunisie-y-a-t-il-une-liste-des-arrestations-en-cours\/202912\/"},"modified":"2025-05-20T22:45:30","modified_gmt":"2025-05-20T22:45:30","slug":"tunisie-y-a-t-il-une-liste-des-arrestations-en-cours","status":"publish","type":"post","link":"https:\/\/www.webdo.tn\/fr\/actualite\/national\/tunisie-y-a-t-il-une-liste-des-arrestations-en-cours\/202912\/","title":{"rendered":"Tunisie : Y a-t-il une liste des arrestations en cours ?"},"content":{"rendered":"<p>La campagne d&rsquo;arrestations se poursuit en Tunisie, sauf qu\u2019une information claire et centralis\u00e9e fait d\u00e9faut. Que se passe-t-il ? Y a-t-il une liste des arrestations ? Qui sont les personnes cibl\u00e9es ? Et quelle est au juste l\u2019affaire ?<\/p>\n<p>\t\t\t\t\t\t\t\t\tTout a commenc\u00e9 avec l\u2019arrestation de Khayem Turki, un activiste politique d\u2019Ettakatol, et \u00e0 un certain moment pressenti pour le poste de chef du gouvernement.<\/p>\n<p>Quelques heures plus tard, c\u2019est au tour du mythe Kamel Letaief d\u2019\u00eatre arr\u00eat\u00e9. Hautement m\u00e9diatis\u00e9es, ces arrestations sont attribu\u00e9es au r\u00e9gime de Kais Saied et certains ont cri\u00e9 \u00e0 une campagne contre la corruption en Tunisie.<\/p>\n<p>Cependant, \u00e0 part quelques timides d\u00e9clarations, la justice tunisienne maintient le silence, bien qu\u2019on \u00e9voque une affaire d\u2019atteinte \u00e0 la s\u00fbret\u00e9 de l\u2019Etat.\u00a0<\/p>\n<p>Selon Mosa\u00efque FM, dont le directeur g\u00e9n\u00e9ral Noureddine Boutar a \u00e9t\u00e9 \u00e9galement arr\u00eat\u00e9, le p\u00f4le antiterroriste s\u2019est saisi des cas Noureddine Bhiri et Lazher Akremi, arr\u00eat\u00e9s hier lundi.<\/p>\n<p>Autant dire que le flou persiste toujours sur le dossier Noureddine Boutar, son avocate affirme que ce dernier aurait \u00e9t\u00e9 interrog\u00e9 au sujet de la ligne \u00e9ditoriale de Mosa\u00efque FM.\u00a0<\/p>\n<p>Faut-il croire \u00e0 l\u2019existence d\u2019une liste de personnes cibl\u00e9es ? L\u2019avocat de Noureddine Bhiri et Abdelhamid Jelassi, Samir Dilou r\u00e9pond.<\/p>\n<p>Selon ses dires, \u00a0ces arrestations seraient li\u00e9es \u00e0 une affaire qui a trait \u00e0 ce qui est commun\u00e9ment appel\u00e9 complot et changement de la nature de l\u2019Etat.\u00a0 Et de nier l\u2019existence d\u2019une liste, \u00ab ce sont juste des pr\u00e9somptions, celui qui parle de liste, ment \u00bb, a-t-il dit.\u00a0<\/p>\n<p>Rappelons que jusque-l\u00e0 Khayem Turki, Kamel Letaief, Abdelhamid Jelassi, Noureddine Bhiri, et Lazher Akermi ont \u00e9t\u00e9 arr\u00eat\u00e9s preque simultan\u00e9ment.<\/p>\n","protected":false},"excerpt":{"rendered":"<p>La campagne d&rsquo;arrestations se poursuit en Tunisie, sauf qu\u2019une information claire et centralis\u00e9e fait d\u00e9faut. Que se passe-t-il ? Y a-t-il une liste des arresta&#8230;<\/p>\n","protected":false},"author":3175,"featured_media":252210,"comment_status":"open","ping_status":"closed","sticky":false,"template":"","format":"standard","meta":{"footnotes":""},"categories":[44],"tags":[3673,2643,2608],"class_list":["post-202912","post","type-post","status-publish","format-standard","has-post-thumbnail","hentry","category-national","tag-arrestations","tag-police","tag-tunisie"],"yoast_head":"<!-- This site is optimized with the Yoast SEO Premium plugin v27.4 (Yoast SEO v27.4) - https:\/\/yoast.com\/product\/yoast-seo-premium-wordpress\/ -->\n<title>Tunisie : Y a-t-il une liste des arrestations en cours ?<\/title>\n<meta name=\"description\" content=\"La campagne d&#039;arrestations se poursuit en Tunisie, sauf qu\u2019une information claire et centralis\u00e9e fait d\u00e9faut. Que se passe-t-il ? Y a-t-il une liste des arresta...\" \/>\n<link rel=\"canonical\" href=\"https:\/\/www.webdo.tn\/fr\/actualite\/national\/tunisie-y-a-t-il-une-liste-des-arrestations-en-cours\/202912\/\" \/>\n<meta property=\"og:locale\" content=\"fr_FR\" \/>\n<meta property=\"og:type\" content=\"article\" \/>\n<meta property=\"og:title\" content=\"Tunisie : Y a-t-il une liste des arrestations en cours ?\" \/>\n<meta property=\"og:description\" content=\"La campagne d&#039;arrestations se poursuit en Tunisie, sauf qu\u2019une information claire et centralis\u00e9e fait d\u00e9faut. Que se passe-t-il ? Y a-t-il une liste des arresta...\" \/>\n<meta property=\"og:url\" content=\"https:\/\/www.webdo.tn\/fr\/actualite\/national\/tunisie-y-a-t-il-une-liste-des-arrestations-en-cours\/202912\/\" \/>\n<meta property=\"og:site_name\" content=\"webdo\" \/>\n<meta property=\"article:publisher\" content=\"https:\/\/www.facebook.com\/webdotn\" \/>\n<meta property=\"article:published_time\" content=\"2023-02-14T11:47:00+00:00\" \/>\n<meta property=\"article:modified_time\" content=\"2025-05-20T22:45:30+00:00\" \/>\n<meta property=\"og:image\" content=\"https:\/\/www.webdo.tn\/fr\/wp-content\/uploads\/2023\/02\/fed983c27ab6f54532d3eb8dcb74c3b0.jpg\" \/>\n\t<meta property=\"og:image:width\" content=\"750\" \/>\n\t<meta property=\"og:image:height\" content=\"400\" \/>\n\t<meta property=\"og:image:type\" content=\"image\/jpeg\" \/>\n<meta name=\"author\" content=\"CL\" \/>\n<meta name=\"twitter:card\" content=\"summary_large_image\" \/>\n<meta name=\"twitter:creator\" content=\"@webdo_tn\" \/>\n<meta name=\"twitter:site\" content=\"@webdo_tn\" \/>\n<meta name=\"twitter:label1\" content=\"\u00c9crit par\" \/>\n\t<meta name=\"twitter:data1\" content=\"CL\" \/>\n\t<meta name=\"twitter:label2\" content=\"Dur\u00e9e de lecture estim\u00e9e\" \/>\n\t<meta name=\"twitter:data2\" content=\"1 minute\" \/>\n<script type=\"application\/ld+json\" class=\"yoast-schema-graph\">{\"@context\":\"https:\\\/\\\/schema.org\",\"@graph\":[{\"@type\":\"NewsArticle\",\"@id\":\"https:\\\/\\\/www.webdo.tn\\\/fr\\\/actualite\\\/national\\\/tunisie-y-a-t-il-une-liste-des-arrestations-en-cours\\\/202912\\\/#article\",\"isPartOf\":{\"@id\":\"https:\\\/\\\/www.webdo.tn\\\/fr\\\/actualite\\\/national\\\/tunisie-y-a-t-il-une-liste-des-arrestations-en-cours\\\/202912\\\/\"},\"author\":{\"name\":\"CL\",\"@id\":\"https:\\\/\\\/www.webdo.tn\\\/fr\\\/#\\\/schema\\\/person\\\/f35b42a42c5e2511bbd282959d6385cc\"},\"headline\":\"Tunisie : Y a-t-il une liste des arrestations en cours ?\",\"datePublished\":\"2023-02-14T11:47:00+00:00\",\"dateModified\":\"2025-05-20T22:45:30+00:00\",\"mainEntityOfPage\":{\"@id\":\"https:\\\/\\\/www.webdo.tn\\\/fr\\\/actualite\\\/national\\\/tunisie-y-a-t-il-une-liste-des-arrestations-en-cours\\\/202912\\\/\"},\"wordCount\":306,\"commentCount\":0,\"publisher\":{\"@id\":\"https:\\\/\\\/www.webdo.tn\\\/fr\\\/#organization\"},\"image\":{\"@id\":\"https:\\\/\\\/www.webdo.tn\\\/fr\\\/actualite\\\/national\\\/tunisie-y-a-t-il-une-liste-des-arrestations-en-cours\\\/202912\\\/#primaryimage\"},\"thumbnailUrl\":\"https:\\\/\\\/www.webdo.tn\\\/fr\\\/wp-content\\\/uploads\\\/2023\\\/02\\\/fed983c27ab6f54532d3eb8dcb74c3b0.jpg\",\"keywords\":[\"arrestations\",\"police\",\"Tunisie\"],\"articleSection\":[\"National\"],\"inLanguage\":\"fr-FR\"},{\"@type\":\"WebPage\",\"@id\":\"https:\\\/\\\/www.webdo.tn\\\/fr\\\/actualite\\\/national\\\/tunisie-y-a-t-il-une-liste-des-arrestations-en-cours\\\/202912\\\/\",\"url\":\"https:\\\/\\\/www.webdo.tn\\\/fr\\\/actualite\\\/national\\\/tunisie-y-a-t-il-une-liste-des-arrestations-en-cours\\\/202912\\\/\",\"name\":\"Tunisie : Y a-t-il une liste des arrestations en cours ?\",\"isPartOf\":{\"@id\":\"https:\\\/\\\/www.webdo.tn\\\/fr\\\/#website\"},\"primaryImageOfPage\":{\"@id\":\"https:\\\/\\\/www.webdo.tn\\\/fr\\\/actualite\\\/national\\\/tunisie-y-a-t-il-une-liste-des-arrestations-en-cours\\\/202912\\\/#primaryimage\"},\"image\":{\"@id\":\"https:\\\/\\\/www.webdo.tn\\\/fr\\\/actualite\\\/national\\\/tunisie-y-a-t-il-une-liste-des-arrestations-en-cours\\\/202912\\\/#primaryimage\"},\"thumbnailUrl\":\"https:\\\/\\\/www.webdo.tn\\\/fr\\\/wp-content\\\/uploads\\\/2023\\\/02\\\/fed983c27ab6f54532d3eb8dcb74c3b0.jpg\",\"datePublished\":\"2023-02-14T11:47:00+00:00\",\"dateModified\":\"2025-05-20T22:45:30+00:00\",\"description\":\"La campagne d'arrestations se poursuit en Tunisie, sauf qu\u2019une information claire et centralis\u00e9e fait d\u00e9faut. Que se passe-t-il ? Y a-t-il une liste des arresta...\",\"breadcrumb\":{\"@id\":\"https:\\\/\\\/www.webdo.tn\\\/fr\\\/actualite\\\/national\\\/tunisie-y-a-t-il-une-liste-des-arrestations-en-cours\\\/202912\\\/#breadcrumb\"},\"inLanguage\":\"fr-FR\",\"potentialAction\":[{\"@type\":\"ReadAction\",\"target\":[\"https:\\\/\\\/www.webdo.tn\\\/fr\\\/actualite\\\/national\\\/tunisie-y-a-t-il-une-liste-des-arrestations-en-cours\\\/202912\\\/\"]}]},{\"@type\":\"ImageObject\",\"inLanguage\":\"fr-FR\",\"@id\":\"https:\\\/\\\/www.webdo.tn\\\/fr\\\/actualite\\\/national\\\/tunisie-y-a-t-il-une-liste-des-arrestations-en-cours\\\/202912\\\/#primaryimage\",\"url\":\"https:\\\/\\\/www.webdo.tn\\\/fr\\\/wp-content\\\/uploads\\\/2023\\\/02\\\/fed983c27ab6f54532d3eb8dcb74c3b0.jpg\",\"contentUrl\":\"https:\\\/\\\/www.webdo.tn\\\/fr\\\/wp-content\\\/uploads\\\/2023\\\/02\\\/fed983c27ab6f54532d3eb8dcb74c3b0.jpg\",\"width\":750,\"height\":400,\"caption\":\"Police\"},{\"@type\":\"BreadcrumbList\",\"@id\":\"https:\\\/\\\/www.webdo.tn\\\/fr\\\/actualite\\\/national\\\/tunisie-y-a-t-il-une-liste-des-arrestations-en-cours\\\/202912\\\/#breadcrumb\",\"itemListElement\":[{\"@type\":\"ListItem\",\"position\":1,\"name\":\"Accueil\",\"item\":\"https:\\\/\\\/www.webdo.tn\\\/fr\\\/\"},{\"@type\":\"ListItem\",\"position\":2,\"name\":\"Tunisie : Y a-t-il une liste des arrestations en cours ?\"}]},{\"@type\":\"WebSite\",\"@id\":\"https:\\\/\\\/www.webdo.tn\\\/fr\\\/#website\",\"url\":\"https:\\\/\\\/www.webdo.tn\\\/fr\\\/\",\"name\":\"webdo\",\"description\":\"Tunisie - News en Tunisie et \u00e0 l&#039;international sur Webdo.tn\",\"publisher\":{\"@id\":\"https:\\\/\\\/www.webdo.tn\\\/fr\\\/#organization\"},\"potentialAction\":[{\"@type\":\"SearchAction\",\"target\":{\"@type\":\"EntryPoint\",\"urlTemplate\":\"https:\\\/\\\/www.webdo.tn\\\/fr\\\/?s={search_term_string}\"},\"query-input\":{\"@type\":\"PropertyValueSpecification\",\"valueRequired\":true,\"valueName\":\"search_term_string\"}}],\"inLanguage\":\"fr-FR\"},{\"@type\":\"Organization\",\"@id\":\"https:\\\/\\\/www.webdo.tn\\\/fr\\\/#organization\",\"name\":\"Webdo\",\"alternateName\":\"Webdo.tn\",\"url\":\"https:\\\/\\\/www.webdo.tn\\\/fr\\\/\",\"logo\":{\"@type\":\"ImageObject\",\"inLanguage\":\"fr-FR\",\"@id\":\"https:\\\/\\\/www.webdo.tn\\\/fr\\\/#\\\/schema\\\/logo\\\/image\\\/\",\"url\":\"https:\\\/\\\/www.webdo.tn\\\/fr\\\/wp-content\\\/uploads\\\/2025\\\/06\\\/Webdo-Tunisie_168377.jpg\",\"contentUrl\":\"https:\\\/\\\/www.webdo.tn\\\/fr\\\/wp-content\\\/uploads\\\/2025\\\/06\\\/Webdo-Tunisie_168377.jpg\",\"width\":301,\"height\":301,\"caption\":\"Webdo\"},\"image\":{\"@id\":\"https:\\\/\\\/www.webdo.tn\\\/fr\\\/#\\\/schema\\\/logo\\\/image\\\/\"},\"sameAs\":[\"https:\\\/\\\/www.facebook.com\\\/webdotn\",\"https:\\\/\\\/x.com\\\/webdo_tn\"],\"description\":\"Webdo est un m\u00e9dia num\u00e9rique tunisien fond\u00e9 en 2010, sp\u00e9cialis\u00e9 dans l\u2019actualit\u00e9 nationale et internationale, l\u2019\u00e9conomie, la soci\u00e9t\u00e9 et les analyses politiques. Le site s\u2019adresse \u00e0 un large public francophone et couvre l\u2019information tunisienne en temps r\u00e9el.\",\"email\":\"redac@webdo.tn\",\"legalName\":\"YNJ SARL\",\"foundingDate\":\"2010-09-06\",\"numberOfEmployees\":{\"@type\":\"QuantitativeValue\",\"minValue\":\"11\",\"maxValue\":\"50\"}},{\"@type\":\"Person\",\"@id\":\"https:\\\/\\\/www.webdo.tn\\\/fr\\\/#\\\/schema\\\/person\\\/f35b42a42c5e2511bbd282959d6385cc\",\"name\":\"CL\",\"image\":{\"@type\":\"ImageObject\",\"inLanguage\":\"fr-FR\",\"@id\":\"https:\\\/\\\/secure.gravatar.com\\\/avatar\\\/1447a49909b67aa657c488aec6512e1dd6143a480c1ecfee9b5b5cd74eb3b59e?s=96&d=mm&r=g\",\"url\":\"https:\\\/\\\/secure.gravatar.com\\\/avatar\\\/1447a49909b67aa657c488aec6512e1dd6143a480c1ecfee9b5b5cd74eb3b59e?s=96&d=mm&r=g\",\"contentUrl\":\"https:\\\/\\\/secure.gravatar.com\\\/avatar\\\/1447a49909b67aa657c488aec6512e1dd6143a480c1ecfee9b5b5cd74eb3b59e?s=96&d=mm&r=g\",\"caption\":\"CL\"},\"url\":\"https:\\\/\\\/www.webdo.tn\\\/fr\\\/actualite\\\/author\\\/cl\\\/\"}]}<\/script>\n<!-- \/ Yoast SEO Premium plugin. -->","yoast_head_json":{"title":"Tunisie : Y a-t-il une liste des arrestations en cours ?","description":"La campagne d'arrestations se poursuit en Tunisie, sauf qu\u2019une information claire et centralis\u00e9e fait d\u00e9faut. Que se passe-t-il ? Y a-t-il une liste des arresta...","canonical":"https:\/\/www.webdo.tn\/fr\/actualite\/national\/tunisie-y-a-t-il-une-liste-des-arrestations-en-cours\/202912\/","og_locale":"fr_FR","og_type":"article","og_title":"Tunisie : Y a-t-il une liste des arrestations en cours ?","og_description":"La campagne d'arrestations se poursuit en Tunisie, sauf qu\u2019une information claire et centralis\u00e9e fait d\u00e9faut. Que se passe-t-il ? Y a-t-il une liste des arresta...","og_url":"https:\/\/www.webdo.tn\/fr\/actualite\/national\/tunisie-y-a-t-il-une-liste-des-arrestations-en-cours\/202912\/","og_site_name":"webdo","article_publisher":"https:\/\/www.facebook.com\/webdotn","article_published_time":"2023-02-14T11:47:00+00:00","article_modified_time":"2025-05-20T22:45:30+00:00","og_image":[{"width":750,"height":400,"url":"https:\/\/www.webdo.tn\/fr\/wp-content\/uploads\/2023\/02\/fed983c27ab6f54532d3eb8dcb74c3b0.jpg","type":"image\/jpeg"}],"author":"CL","twitter_card":"summary_large_image","twitter_creator":"@webdo_tn","twitter_site":"@webdo_tn","twitter_misc":{"\u00c9crit par":"CL","Dur\u00e9e de lecture estim\u00e9e":"1 minute"},"schema":{"@context":"https:\/\/schema.org","@graph":[{"@type":"NewsArticle","@id":"https:\/\/www.webdo.tn\/fr\/actualite\/national\/tunisie-y-a-t-il-une-liste-des-arrestations-en-cours\/202912\/#article","isPartOf":{"@id":"https:\/\/www.webdo.tn\/fr\/actualite\/national\/tunisie-y-a-t-il-une-liste-des-arrestations-en-cours\/202912\/"},"author":{"name":"CL","@id":"https:\/\/www.webdo.tn\/fr\/#\/schema\/person\/f35b42a42c5e2511bbd282959d6385cc"},"headline":"Tunisie : Y a-t-il une liste des arrestations en cours ?","datePublished":"2023-02-14T11:47:00+00:00","dateModified":"2025-05-20T22:45:30+00:00","mainEntityOfPage":{"@id":"https:\/\/www.webdo.tn\/fr\/actualite\/national\/tunisie-y-a-t-il-une-liste-des-arrestations-en-cours\/202912\/"},"wordCount":306,"commentCount":0,"publisher":{"@id":"https:\/\/www.webdo.tn\/fr\/#organization"},"image":{"@id":"https:\/\/www.webdo.tn\/fr\/actualite\/national\/tunisie-y-a-t-il-une-liste-des-arrestations-en-cours\/202912\/#primaryimage"},"thumbnailUrl":"https:\/\/www.webdo.tn\/fr\/wp-content\/uploads\/2023\/02\/fed983c27ab6f54532d3eb8dcb74c3b0.jpg","keywords":["arrestations","police","Tunisie"],"articleSection":["National"],"inLanguage":"fr-FR"},{"@type":"WebPage","@id":"https:\/\/www.webdo.tn\/fr\/actualite\/national\/tunisie-y-a-t-il-une-liste-des-arrestations-en-cours\/202912\/","url":"https:\/\/www.webdo.tn\/fr\/actualite\/national\/tunisie-y-a-t-il-une-liste-des-arrestations-en-cours\/202912\/","name":"Tunisie : Y a-t-il une liste des arrestations en cours ?","isPartOf":{"@id":"https:\/\/www.webdo.tn\/fr\/#website"},"primaryImageOfPage":{"@id":"https:\/\/www.webdo.tn\/fr\/actualite\/national\/tunisie-y-a-t-il-une-liste-des-arrestations-en-cours\/202912\/#primaryimage"},"image":{"@id":"https:\/\/www.webdo.tn\/fr\/actualite\/national\/tunisie-y-a-t-il-une-liste-des-arrestations-en-cours\/202912\/#primaryimage"},"thumbnailUrl":"https:\/\/www.webdo.tn\/fr\/wp-content\/uploads\/2023\/02\/fed983c27ab6f54532d3eb8dcb74c3b0.jpg","datePublished":"2023-02-14T11:47:00+00:00","dateModified":"2025-05-20T22:45:30+00:00","description":"La campagne d'arrestations se poursuit en Tunisie, sauf qu\u2019une information claire et centralis\u00e9e fait d\u00e9faut. Que se passe-t-il ? Y a-t-il une liste des arresta...","breadcrumb":{"@id":"https:\/\/www.webdo.tn\/fr\/actualite\/national\/tunisie-y-a-t-il-une-liste-des-arrestations-en-cours\/202912\/#breadcrumb"},"inLanguage":"fr-FR","potentialAction":[{"@type":"ReadAction","target":["https:\/\/www.webdo.tn\/fr\/actualite\/national\/tunisie-y-a-t-il-une-liste-des-arrestations-en-cours\/202912\/"]}]},{"@type":"ImageObject","inLanguage":"fr-FR","@id":"https:\/\/www.webdo.tn\/fr\/actualite\/national\/tunisie-y-a-t-il-une-liste-des-arrestations-en-cours\/202912\/#primaryimage","url":"https:\/\/www.webdo.tn\/fr\/wp-content\/uploads\/2023\/02\/fed983c27ab6f54532d3eb8dcb74c3b0.jpg","contentUrl":"https:\/\/www.webdo.tn\/fr\/wp-content\/uploads\/2023\/02\/fed983c27ab6f54532d3eb8dcb74c3b0.jpg","width":750,"height":400,"caption":"Police"},{"@type":"BreadcrumbList","@id":"https:\/\/www.webdo.tn\/fr\/actualite\/national\/tunisie-y-a-t-il-une-liste-des-arrestations-en-cours\/202912\/#breadcrumb","itemListElement":[{"@type":"ListItem","position":1,"name":"Accueil","item":"https:\/\/www.webdo.tn\/fr\/"},{"@type":"ListItem","position":2,"name":"Tunisie : Y a-t-il une liste des arrestations en cours ?"}]},{"@type":"WebSite","@id":"https:\/\/www.webdo.tn\/fr\/#website","url":"https:\/\/www.webdo.tn\/fr\/","name":"webdo","description":"Tunisie - News en Tunisie et \u00e0 l&#039;international sur Webdo.tn","publisher":{"@id":"https:\/\/www.webdo.tn\/fr\/#organization"},"potentialAction":[{"@type":"SearchAction","target":{"@type":"EntryPoint","urlTemplate":"https:\/\/www.webdo.tn\/fr\/?s={search_term_string}"},"query-input":{"@type":"PropertyValueSpecification","valueRequired":true,"valueName":"search_term_string"}}],"inLanguage":"fr-FR"},{"@type":"Organization","@id":"https:\/\/www.webdo.tn\/fr\/#organization","name":"Webdo","alternateName":"Webdo.tn","url":"https:\/\/www.webdo.tn\/fr\/","logo":{"@type":"ImageObject","inLanguage":"fr-FR","@id":"https:\/\/www.webdo.tn\/fr\/#\/schema\/logo\/image\/","url":"https:\/\/www.webdo.tn\/fr\/wp-content\/uploads\/2025\/06\/Webdo-Tunisie_168377.jpg","contentUrl":"https:\/\/www.webdo.tn\/fr\/wp-content\/uploads\/2025\/06\/Webdo-Tunisie_168377.jpg","width":301,"height":301,"caption":"Webdo"},"image":{"@id":"https:\/\/www.webdo.tn\/fr\/#\/schema\/logo\/image\/"},"sameAs":["https:\/\/www.facebook.com\/webdotn","https:\/\/x.com\/webdo_tn"],"description":"Webdo est un m\u00e9dia num\u00e9rique tunisien fond\u00e9 en 2010, sp\u00e9cialis\u00e9 dans l\u2019actualit\u00e9 nationale et internationale, l\u2019\u00e9conomie, la soci\u00e9t\u00e9 et les analyses politiques. Le site s\u2019adresse \u00e0 un large public francophone et couvre l\u2019information tunisienne en temps r\u00e9el.","email":"redac@webdo.tn","legalName":"YNJ SARL","foundingDate":"2010-09-06","numberOfEmployees":{"@type":"QuantitativeValue","minValue":"11","maxValue":"50"}},{"@type":"Person","@id":"https:\/\/www.webdo.tn\/fr\/#\/schema\/person\/f35b42a42c5e2511bbd282959d6385cc","name":"CL","image":{"@type":"ImageObject","inLanguage":"fr-FR","@id":"https:\/\/secure.gravatar.com\/avatar\/1447a49909b67aa657c488aec6512e1dd6143a480c1ecfee9b5b5cd74eb3b59e?s=96&d=mm&r=g","url":"https:\/\/secure.gravatar.com\/avatar\/1447a49909b67aa657c488aec6512e1dd6143a480c1ecfee9b5b5cd74eb3b59e?s=96&d=mm&r=g","contentUrl":"https:\/\/secure.gravatar.com\/avatar\/1447a49909b67aa657c488aec6512e1dd6143a480c1ecfee9b5b5cd74eb3b59e?s=96&d=mm&r=g","caption":"CL"},"url":"https:\/\/www.webdo.tn\/fr\/actualite\/author\/cl\/"}]}},"_links":{"self":[{"href":"https:\/\/www.webdo.tn\/fr\/wp-json\/wp\/v2\/posts\/202912","targetHints":{"allow":["GET"]}}],"collection":[{"href":"https:\/\/www.webdo.tn\/fr\/wp-json\/wp\/v2\/posts"}],"about":[{"href":"https:\/\/www.webdo.tn\/fr\/wp-json\/wp\/v2\/types\/post"}],"author":[{"embeddable":true,"href":"https:\/\/www.webdo.tn\/fr\/wp-json\/wp\/v2\/users\/3175"}],"replies":[{"embeddable":true,"href":"https:\/\/www.webdo.tn\/fr\/wp-json\/wp\/v2\/comments?post=202912"}],"version-history":[{"count":0,"href":"https:\/\/www.webdo.tn\/fr\/wp-json\/wp\/v2\/posts\/202912\/revisions"}],"wp:featuredmedia":[{"embeddable":true,"href":"https:\/\/www.webdo.tn\/fr\/wp-json\/wp\/v2\/media\/252210"}],"wp:attachment":[{"href":"https:\/\/www.webdo.tn\/fr\/wp-json\/wp\/v2\/media?parent=202912"}],"wp:term":[{"taxonomy":"category","embeddable":true,"href":"https:\/\/www.webdo.tn\/fr\/wp-json\/wp\/v2\/categories?post=202912"},{"taxonomy":"post_tag","embeddable":true,"href":"https:\/\/www.webdo.tn\/fr\/wp-json\/wp\/v2\/tags?post=202912"}],"curies":[{"name":"wp","href":"https:\/\/api.w.org\/{rel}","templated":true}]}}