{"id":202888,"date":"2023-02-13T20:19:00","date_gmt":"2023-02-13T20:19:00","guid":{"rendered":"https:\/\/www.webdo.tn\/fr\/blog\/tunisie-baisse-du-deficit-de-la-balance-commerciale\/202888\/"},"modified":"2025-05-20T22:49:04","modified_gmt":"2025-05-20T22:49:04","slug":"tunisie-baisse-du-deficit-de-la-balance-commerciale","status":"publish","type":"post","link":"https:\/\/www.webdo.tn\/fr\/actualite\/national\/tunisie-baisse-du-deficit-de-la-balance-commerciale\/202888\/","title":{"rendered":"Tunisie : Baisse du d\u00e9ficit de la balance commerciale"},"content":{"rendered":"<p>En janvier 2023, le d\u00e9ficit de la balance commerciale s&rsquo;est r\u00e9duit pour se situer \u00e0 1095,4MD contre un d\u00e9ficit de 1432,2 MD, au cours du mois de janvier 2022, a fait savoir lundi, l&rsquo;Institut national de la statistique (INS), dans sa publication mensuelle sur le \u00a0\u00bb Commerce Ext\u00e9rieur aux prix courants, Janvier 2023 \u00ab\u00a0.<\/p>\n<p>\t\t\t\t\t\t\t\t\tLe taux de couverture a gagn\u00e9 7,7 points par rapport \u00e0 janvier 2022 pour s&rsquo;\u00e9tablir \u00e0 82,2%.<\/p>\n<p>L&rsquo;INS a expliqu\u00e9 que le d\u00e9ficit provient principalement du d\u00e9ficit enregistr\u00e9 avec certains pays, tels que la Chine (-586,8 MD), la Turquie (-247,6 MD), l&rsquo;Alg\u00e9rie (-215,3 MD), la Russie (-190,3 MD).<\/p>\n<p>En revanche, le solde de la balance commerciale des biens a enregistr\u00e9 un exc\u00e9dent avec d&rsquo;autres pays, principalement la France (494,9 MD), l&rsquo;Allemagne (326,3 MD), l&rsquo;Italie (119,8 MD) et la Libye (182,6 MD).<\/p>\n<p>D&rsquo;autre part, les r\u00e9sultats montrent que le d\u00e9ficit de la balance commerciale hors \u00e9nergie se r\u00e9duit \u00e0 -455,8 MD et que le d\u00e9ficit de la balance \u00e9nerg\u00e9tique s&rsquo;\u00e9tablit \u00e0 -639,6 MD (58% du d\u00e9ficit total) contre -702,2 MD en janvier 2022.<\/p>\n","protected":false},"excerpt":{"rendered":"<p>En janvier 2023, le d\u00e9ficit de la balance commerciale s&rsquo;est r\u00e9duit pour se situer \u00e0 1095,4MD contre un d\u00e9ficit de 1432,2 MD, au cours du mois de janvier 2022, a&#8230;<\/p>\n","protected":false},"author":3175,"featured_media":277748,"comment_status":"open","ping_status":"closed","sticky":false,"template":"","format":"standard","meta":{"footnotes":""},"categories":[44],"tags":[4006,2608],"class_list":["post-202888","post","type-post","status-publish","format-standard","has-post-thumbnail","hentry","category-national","tag-balance-commerciale","tag-tunisie"],"yoast_head":"<!-- This site is optimized with the Yoast SEO Premium plugin v27.4 (Yoast SEO v27.4) - https:\/\/yoast.com\/product\/yoast-seo-premium-wordpress\/ -->\n<title>Tunisie : Baisse du d\u00e9ficit de la balance commerciale<\/title>\n<meta name=\"description\" content=\"En janvier 2023, le d\u00e9ficit de la balance commerciale s&#039;est r\u00e9duit pour se situer \u00e0 1095,4MD contre un d\u00e9ficit de 1432,2 MD, au cours du mois de janvier 2022, a...\" \/>\n<link rel=\"canonical\" href=\"https:\/\/www.webdo.tn\/fr\/actualite\/national\/tunisie-baisse-du-deficit-de-la-balance-commerciale\/202888\/\" \/>\n<meta property=\"og:locale\" content=\"fr_FR\" \/>\n<meta property=\"og:type\" content=\"article\" \/>\n<meta property=\"og:title\" content=\"Tunisie : Baisse du d\u00e9ficit de la balance commerciale\" \/>\n<meta property=\"og:description\" content=\"En janvier 2023, le d\u00e9ficit de la balance commerciale s&#039;est r\u00e9duit pour se situer \u00e0 1095,4MD contre un d\u00e9ficit de 1432,2 MD, au cours du mois de janvier 2022, a...\" \/>\n<meta property=\"og:url\" content=\"https:\/\/www.webdo.tn\/fr\/actualite\/national\/tunisie-baisse-du-deficit-de-la-balance-commerciale\/202888\/\" \/>\n<meta property=\"og:site_name\" content=\"webdo\" \/>\n<meta property=\"article:publisher\" content=\"https:\/\/www.facebook.com\/webdotn\" \/>\n<meta property=\"article:published_time\" content=\"2023-02-13T20:19:00+00:00\" \/>\n<meta property=\"article:modified_time\" content=\"2025-05-20T22:49:04+00:00\" \/>\n<meta property=\"og:image\" content=\"https:\/\/www.webdo.tn\/fr\/wp-content\/uploads\/2023\/02\/4e9700700fc50a425bdf13ee2a9effab.png\" \/>\n\t<meta property=\"og:image:width\" content=\"750\" \/>\n\t<meta property=\"og:image:height\" content=\"400\" \/>\n\t<meta property=\"og:image:type\" content=\"image\/png\" \/>\n<meta name=\"author\" content=\"CL\" \/>\n<meta name=\"twitter:card\" content=\"summary_large_image\" \/>\n<meta name=\"twitter:creator\" content=\"@webdo_tn\" \/>\n<meta name=\"twitter:site\" content=\"@webdo_tn\" \/>\n<meta name=\"twitter:label1\" content=\"\u00c9crit par\" \/>\n\t<meta name=\"twitter:data1\" content=\"CL\" \/>\n\t<meta name=\"twitter:label2\" content=\"Dur\u00e9e de lecture estim\u00e9e\" \/>\n\t<meta name=\"twitter:data2\" content=\"1 minute\" \/>\n<script type=\"application\/ld+json\" class=\"yoast-schema-graph\">{\"@context\":\"https:\\\/\\\/schema.org\",\"@graph\":[{\"@type\":\"NewsArticle\",\"@id\":\"https:\\\/\\\/www.webdo.tn\\\/fr\\\/actualite\\\/national\\\/tunisie-baisse-du-deficit-de-la-balance-commerciale\\\/202888\\\/#article\",\"isPartOf\":{\"@id\":\"https:\\\/\\\/www.webdo.tn\\\/fr\\\/actualite\\\/national\\\/tunisie-baisse-du-deficit-de-la-balance-commerciale\\\/202888\\\/\"},\"author\":{\"name\":\"CL\",\"@id\":\"https:\\\/\\\/www.webdo.tn\\\/fr\\\/#\\\/schema\\\/person\\\/f35b42a42c5e2511bbd282959d6385cc\"},\"headline\":\"Tunisie : Baisse du d\u00e9ficit de la balance commerciale\",\"datePublished\":\"2023-02-13T20:19:00+00:00\",\"dateModified\":\"2025-05-20T22:49:04+00:00\",\"mainEntityOfPage\":{\"@id\":\"https:\\\/\\\/www.webdo.tn\\\/fr\\\/actualite\\\/national\\\/tunisie-baisse-du-deficit-de-la-balance-commerciale\\\/202888\\\/\"},\"wordCount\":189,\"commentCount\":0,\"publisher\":{\"@id\":\"https:\\\/\\\/www.webdo.tn\\\/fr\\\/#organization\"},\"image\":{\"@id\":\"https:\\\/\\\/www.webdo.tn\\\/fr\\\/actualite\\\/national\\\/tunisie-baisse-du-deficit-de-la-balance-commerciale\\\/202888\\\/#primaryimage\"},\"thumbnailUrl\":\"https:\\\/\\\/www.webdo.tn\\\/fr\\\/wp-content\\\/uploads\\\/2023\\\/02\\\/4e9700700fc50a425bdf13ee2a9effab.png\",\"keywords\":[\"balance commerciale\",\"Tunisie\"],\"articleSection\":[\"National\"],\"inLanguage\":\"fr-FR\"},{\"@type\":\"WebPage\",\"@id\":\"https:\\\/\\\/www.webdo.tn\\\/fr\\\/actualite\\\/national\\\/tunisie-baisse-du-deficit-de-la-balance-commerciale\\\/202888\\\/\",\"url\":\"https:\\\/\\\/www.webdo.tn\\\/fr\\\/actualite\\\/national\\\/tunisie-baisse-du-deficit-de-la-balance-commerciale\\\/202888\\\/\",\"name\":\"Tunisie : Baisse du d\u00e9ficit de la balance commerciale\",\"isPartOf\":{\"@id\":\"https:\\\/\\\/www.webdo.tn\\\/fr\\\/#website\"},\"primaryImageOfPage\":{\"@id\":\"https:\\\/\\\/www.webdo.tn\\\/fr\\\/actualite\\\/national\\\/tunisie-baisse-du-deficit-de-la-balance-commerciale\\\/202888\\\/#primaryimage\"},\"image\":{\"@id\":\"https:\\\/\\\/www.webdo.tn\\\/fr\\\/actualite\\\/national\\\/tunisie-baisse-du-deficit-de-la-balance-commerciale\\\/202888\\\/#primaryimage\"},\"thumbnailUrl\":\"https:\\\/\\\/www.webdo.tn\\\/fr\\\/wp-content\\\/uploads\\\/2023\\\/02\\\/4e9700700fc50a425bdf13ee2a9effab.png\",\"datePublished\":\"2023-02-13T20:19:00+00:00\",\"dateModified\":\"2025-05-20T22:49:04+00:00\",\"description\":\"En janvier 2023, le d\u00e9ficit de la balance commerciale s'est r\u00e9duit pour se situer \u00e0 1095,4MD contre un d\u00e9ficit de 1432,2 MD, au cours du mois de janvier 2022, a...\",\"breadcrumb\":{\"@id\":\"https:\\\/\\\/www.webdo.tn\\\/fr\\\/actualite\\\/national\\\/tunisie-baisse-du-deficit-de-la-balance-commerciale\\\/202888\\\/#breadcrumb\"},\"inLanguage\":\"fr-FR\",\"potentialAction\":[{\"@type\":\"ReadAction\",\"target\":[\"https:\\\/\\\/www.webdo.tn\\\/fr\\\/actualite\\\/national\\\/tunisie-baisse-du-deficit-de-la-balance-commerciale\\\/202888\\\/\"]}]},{\"@type\":\"ImageObject\",\"inLanguage\":\"fr-FR\",\"@id\":\"https:\\\/\\\/www.webdo.tn\\\/fr\\\/actualite\\\/national\\\/tunisie-baisse-du-deficit-de-la-balance-commerciale\\\/202888\\\/#primaryimage\",\"url\":\"https:\\\/\\\/www.webdo.tn\\\/fr\\\/wp-content\\\/uploads\\\/2023\\\/02\\\/4e9700700fc50a425bdf13ee2a9effab.png\",\"contentUrl\":\"https:\\\/\\\/www.webdo.tn\\\/fr\\\/wp-content\\\/uploads\\\/2023\\\/02\\\/4e9700700fc50a425bdf13ee2a9effab.png\",\"width\":750,\"height\":400,\"caption\":\"balance commerciale\"},{\"@type\":\"BreadcrumbList\",\"@id\":\"https:\\\/\\\/www.webdo.tn\\\/fr\\\/actualite\\\/national\\\/tunisie-baisse-du-deficit-de-la-balance-commerciale\\\/202888\\\/#breadcrumb\",\"itemListElement\":[{\"@type\":\"ListItem\",\"position\":1,\"name\":\"Accueil\",\"item\":\"https:\\\/\\\/www.webdo.tn\\\/fr\\\/\"},{\"@type\":\"ListItem\",\"position\":2,\"name\":\"Tunisie : Baisse du d\u00e9ficit de la balance commerciale\"}]},{\"@type\":\"WebSite\",\"@id\":\"https:\\\/\\\/www.webdo.tn\\\/fr\\\/#website\",\"url\":\"https:\\\/\\\/www.webdo.tn\\\/fr\\\/\",\"name\":\"webdo\",\"description\":\"Tunisie - News en Tunisie et \u00e0 l&#039;international sur Webdo.tn\",\"publisher\":{\"@id\":\"https:\\\/\\\/www.webdo.tn\\\/fr\\\/#organization\"},\"potentialAction\":[{\"@type\":\"SearchAction\",\"target\":{\"@type\":\"EntryPoint\",\"urlTemplate\":\"https:\\\/\\\/www.webdo.tn\\\/fr\\\/?s={search_term_string}\"},\"query-input\":{\"@type\":\"PropertyValueSpecification\",\"valueRequired\":true,\"valueName\":\"search_term_string\"}}],\"inLanguage\":\"fr-FR\"},{\"@type\":\"Organization\",\"@id\":\"https:\\\/\\\/www.webdo.tn\\\/fr\\\/#organization\",\"name\":\"Webdo\",\"alternateName\":\"Webdo.tn\",\"url\":\"https:\\\/\\\/www.webdo.tn\\\/fr\\\/\",\"logo\":{\"@type\":\"ImageObject\",\"inLanguage\":\"fr-FR\",\"@id\":\"https:\\\/\\\/www.webdo.tn\\\/fr\\\/#\\\/schema\\\/logo\\\/image\\\/\",\"url\":\"https:\\\/\\\/www.webdo.tn\\\/fr\\\/wp-content\\\/uploads\\\/2025\\\/06\\\/Webdo-Tunisie_168377.jpg\",\"contentUrl\":\"https:\\\/\\\/www.webdo.tn\\\/fr\\\/wp-content\\\/uploads\\\/2025\\\/06\\\/Webdo-Tunisie_168377.jpg\",\"width\":301,\"height\":301,\"caption\":\"Webdo\"},\"image\":{\"@id\":\"https:\\\/\\\/www.webdo.tn\\\/fr\\\/#\\\/schema\\\/logo\\\/image\\\/\"},\"sameAs\":[\"https:\\\/\\\/www.facebook.com\\\/webdotn\",\"https:\\\/\\\/x.com\\\/webdo_tn\"],\"description\":\"Webdo est un m\u00e9dia num\u00e9rique tunisien fond\u00e9 en 2010, sp\u00e9cialis\u00e9 dans l\u2019actualit\u00e9 nationale et internationale, l\u2019\u00e9conomie, la soci\u00e9t\u00e9 et les analyses politiques. Le site s\u2019adresse \u00e0 un large public francophone et couvre l\u2019information tunisienne en temps r\u00e9el.\",\"email\":\"redac@webdo.tn\",\"legalName\":\"YNJ SARL\",\"foundingDate\":\"2010-09-06\",\"numberOfEmployees\":{\"@type\":\"QuantitativeValue\",\"minValue\":\"11\",\"maxValue\":\"50\"}},{\"@type\":\"Person\",\"@id\":\"https:\\\/\\\/www.webdo.tn\\\/fr\\\/#\\\/schema\\\/person\\\/f35b42a42c5e2511bbd282959d6385cc\",\"name\":\"CL\",\"image\":{\"@type\":\"ImageObject\",\"inLanguage\":\"fr-FR\",\"@id\":\"https:\\\/\\\/secure.gravatar.com\\\/avatar\\\/1447a49909b67aa657c488aec6512e1dd6143a480c1ecfee9b5b5cd74eb3b59e?s=96&d=mm&r=g\",\"url\":\"https:\\\/\\\/secure.gravatar.com\\\/avatar\\\/1447a49909b67aa657c488aec6512e1dd6143a480c1ecfee9b5b5cd74eb3b59e?s=96&d=mm&r=g\",\"contentUrl\":\"https:\\\/\\\/secure.gravatar.com\\\/avatar\\\/1447a49909b67aa657c488aec6512e1dd6143a480c1ecfee9b5b5cd74eb3b59e?s=96&d=mm&r=g\",\"caption\":\"CL\"},\"url\":\"https:\\\/\\\/www.webdo.tn\\\/fr\\\/actualite\\\/author\\\/cl\\\/\"}]}<\/script>\n<!-- \/ Yoast SEO Premium plugin. -->","yoast_head_json":{"title":"Tunisie : Baisse du d\u00e9ficit de la balance commerciale","description":"En janvier 2023, le d\u00e9ficit de la balance commerciale s'est r\u00e9duit pour se situer \u00e0 1095,4MD contre un d\u00e9ficit de 1432,2 MD, au cours du mois de janvier 2022, a...","canonical":"https:\/\/www.webdo.tn\/fr\/actualite\/national\/tunisie-baisse-du-deficit-de-la-balance-commerciale\/202888\/","og_locale":"fr_FR","og_type":"article","og_title":"Tunisie : Baisse du d\u00e9ficit de la balance commerciale","og_description":"En janvier 2023, le d\u00e9ficit de la balance commerciale s'est r\u00e9duit pour se situer \u00e0 1095,4MD contre un d\u00e9ficit de 1432,2 MD, au cours du mois de janvier 2022, a...","og_url":"https:\/\/www.webdo.tn\/fr\/actualite\/national\/tunisie-baisse-du-deficit-de-la-balance-commerciale\/202888\/","og_site_name":"webdo","article_publisher":"https:\/\/www.facebook.com\/webdotn","article_published_time":"2023-02-13T20:19:00+00:00","article_modified_time":"2025-05-20T22:49:04+00:00","og_image":[{"width":750,"height":400,"url":"https:\/\/www.webdo.tn\/fr\/wp-content\/uploads\/2023\/02\/4e9700700fc50a425bdf13ee2a9effab.png","type":"image\/png"}],"author":"CL","twitter_card":"summary_large_image","twitter_creator":"@webdo_tn","twitter_site":"@webdo_tn","twitter_misc":{"\u00c9crit par":"CL","Dur\u00e9e de lecture estim\u00e9e":"1 minute"},"schema":{"@context":"https:\/\/schema.org","@graph":[{"@type":"NewsArticle","@id":"https:\/\/www.webdo.tn\/fr\/actualite\/national\/tunisie-baisse-du-deficit-de-la-balance-commerciale\/202888\/#article","isPartOf":{"@id":"https:\/\/www.webdo.tn\/fr\/actualite\/national\/tunisie-baisse-du-deficit-de-la-balance-commerciale\/202888\/"},"author":{"name":"CL","@id":"https:\/\/www.webdo.tn\/fr\/#\/schema\/person\/f35b42a42c5e2511bbd282959d6385cc"},"headline":"Tunisie : Baisse du d\u00e9ficit de la balance commerciale","datePublished":"2023-02-13T20:19:00+00:00","dateModified":"2025-05-20T22:49:04+00:00","mainEntityOfPage":{"@id":"https:\/\/www.webdo.tn\/fr\/actualite\/national\/tunisie-baisse-du-deficit-de-la-balance-commerciale\/202888\/"},"wordCount":189,"commentCount":0,"publisher":{"@id":"https:\/\/www.webdo.tn\/fr\/#organization"},"image":{"@id":"https:\/\/www.webdo.tn\/fr\/actualite\/national\/tunisie-baisse-du-deficit-de-la-balance-commerciale\/202888\/#primaryimage"},"thumbnailUrl":"https:\/\/www.webdo.tn\/fr\/wp-content\/uploads\/2023\/02\/4e9700700fc50a425bdf13ee2a9effab.png","keywords":["balance commerciale","Tunisie"],"articleSection":["National"],"inLanguage":"fr-FR"},{"@type":"WebPage","@id":"https:\/\/www.webdo.tn\/fr\/actualite\/national\/tunisie-baisse-du-deficit-de-la-balance-commerciale\/202888\/","url":"https:\/\/www.webdo.tn\/fr\/actualite\/national\/tunisie-baisse-du-deficit-de-la-balance-commerciale\/202888\/","name":"Tunisie : Baisse du d\u00e9ficit de la balance commerciale","isPartOf":{"@id":"https:\/\/www.webdo.tn\/fr\/#website"},"primaryImageOfPage":{"@id":"https:\/\/www.webdo.tn\/fr\/actualite\/national\/tunisie-baisse-du-deficit-de-la-balance-commerciale\/202888\/#primaryimage"},"image":{"@id":"https:\/\/www.webdo.tn\/fr\/actualite\/national\/tunisie-baisse-du-deficit-de-la-balance-commerciale\/202888\/#primaryimage"},"thumbnailUrl":"https:\/\/www.webdo.tn\/fr\/wp-content\/uploads\/2023\/02\/4e9700700fc50a425bdf13ee2a9effab.png","datePublished":"2023-02-13T20:19:00+00:00","dateModified":"2025-05-20T22:49:04+00:00","description":"En janvier 2023, le d\u00e9ficit de la balance commerciale s'est r\u00e9duit pour se situer \u00e0 1095,4MD contre un d\u00e9ficit de 1432,2 MD, au cours du mois de janvier 2022, a...","breadcrumb":{"@id":"https:\/\/www.webdo.tn\/fr\/actualite\/national\/tunisie-baisse-du-deficit-de-la-balance-commerciale\/202888\/#breadcrumb"},"inLanguage":"fr-FR","potentialAction":[{"@type":"ReadAction","target":["https:\/\/www.webdo.tn\/fr\/actualite\/national\/tunisie-baisse-du-deficit-de-la-balance-commerciale\/202888\/"]}]},{"@type":"ImageObject","inLanguage":"fr-FR","@id":"https:\/\/www.webdo.tn\/fr\/actualite\/national\/tunisie-baisse-du-deficit-de-la-balance-commerciale\/202888\/#primaryimage","url":"https:\/\/www.webdo.tn\/fr\/wp-content\/uploads\/2023\/02\/4e9700700fc50a425bdf13ee2a9effab.png","contentUrl":"https:\/\/www.webdo.tn\/fr\/wp-content\/uploads\/2023\/02\/4e9700700fc50a425bdf13ee2a9effab.png","width":750,"height":400,"caption":"balance commerciale"},{"@type":"BreadcrumbList","@id":"https:\/\/www.webdo.tn\/fr\/actualite\/national\/tunisie-baisse-du-deficit-de-la-balance-commerciale\/202888\/#breadcrumb","itemListElement":[{"@type":"ListItem","position":1,"name":"Accueil","item":"https:\/\/www.webdo.tn\/fr\/"},{"@type":"ListItem","position":2,"name":"Tunisie : Baisse du d\u00e9ficit de la balance commerciale"}]},{"@type":"WebSite","@id":"https:\/\/www.webdo.tn\/fr\/#website","url":"https:\/\/www.webdo.tn\/fr\/","name":"webdo","description":"Tunisie - News en Tunisie et \u00e0 l&#039;international sur Webdo.tn","publisher":{"@id":"https:\/\/www.webdo.tn\/fr\/#organization"},"potentialAction":[{"@type":"SearchAction","target":{"@type":"EntryPoint","urlTemplate":"https:\/\/www.webdo.tn\/fr\/?s={search_term_string}"},"query-input":{"@type":"PropertyValueSpecification","valueRequired":true,"valueName":"search_term_string"}}],"inLanguage":"fr-FR"},{"@type":"Organization","@id":"https:\/\/www.webdo.tn\/fr\/#organization","name":"Webdo","alternateName":"Webdo.tn","url":"https:\/\/www.webdo.tn\/fr\/","logo":{"@type":"ImageObject","inLanguage":"fr-FR","@id":"https:\/\/www.webdo.tn\/fr\/#\/schema\/logo\/image\/","url":"https:\/\/www.webdo.tn\/fr\/wp-content\/uploads\/2025\/06\/Webdo-Tunisie_168377.jpg","contentUrl":"https:\/\/www.webdo.tn\/fr\/wp-content\/uploads\/2025\/06\/Webdo-Tunisie_168377.jpg","width":301,"height":301,"caption":"Webdo"},"image":{"@id":"https:\/\/www.webdo.tn\/fr\/#\/schema\/logo\/image\/"},"sameAs":["https:\/\/www.facebook.com\/webdotn","https:\/\/x.com\/webdo_tn"],"description":"Webdo est un m\u00e9dia num\u00e9rique tunisien fond\u00e9 en 2010, sp\u00e9cialis\u00e9 dans l\u2019actualit\u00e9 nationale et internationale, l\u2019\u00e9conomie, la soci\u00e9t\u00e9 et les analyses politiques. Le site s\u2019adresse \u00e0 un large public francophone et couvre l\u2019information tunisienne en temps r\u00e9el.","email":"redac@webdo.tn","legalName":"YNJ SARL","foundingDate":"2010-09-06","numberOfEmployees":{"@type":"QuantitativeValue","minValue":"11","maxValue":"50"}},{"@type":"Person","@id":"https:\/\/www.webdo.tn\/fr\/#\/schema\/person\/f35b42a42c5e2511bbd282959d6385cc","name":"CL","image":{"@type":"ImageObject","inLanguage":"fr-FR","@id":"https:\/\/secure.gravatar.com\/avatar\/1447a49909b67aa657c488aec6512e1dd6143a480c1ecfee9b5b5cd74eb3b59e?s=96&d=mm&r=g","url":"https:\/\/secure.gravatar.com\/avatar\/1447a49909b67aa657c488aec6512e1dd6143a480c1ecfee9b5b5cd74eb3b59e?s=96&d=mm&r=g","contentUrl":"https:\/\/secure.gravatar.com\/avatar\/1447a49909b67aa657c488aec6512e1dd6143a480c1ecfee9b5b5cd74eb3b59e?s=96&d=mm&r=g","caption":"CL"},"url":"https:\/\/www.webdo.tn\/fr\/actualite\/author\/cl\/"}]}},"_links":{"self":[{"href":"https:\/\/www.webdo.tn\/fr\/wp-json\/wp\/v2\/posts\/202888","targetHints":{"allow":["GET"]}}],"collection":[{"href":"https:\/\/www.webdo.tn\/fr\/wp-json\/wp\/v2\/posts"}],"about":[{"href":"https:\/\/www.webdo.tn\/fr\/wp-json\/wp\/v2\/types\/post"}],"author":[{"embeddable":true,"href":"https:\/\/www.webdo.tn\/fr\/wp-json\/wp\/v2\/users\/3175"}],"replies":[{"embeddable":true,"href":"https:\/\/www.webdo.tn\/fr\/wp-json\/wp\/v2\/comments?post=202888"}],"version-history":[{"count":0,"href":"https:\/\/www.webdo.tn\/fr\/wp-json\/wp\/v2\/posts\/202888\/revisions"}],"wp:featuredmedia":[{"embeddable":true,"href":"https:\/\/www.webdo.tn\/fr\/wp-json\/wp\/v2\/media\/277748"}],"wp:attachment":[{"href":"https:\/\/www.webdo.tn\/fr\/wp-json\/wp\/v2\/media?parent=202888"}],"wp:term":[{"taxonomy":"category","embeddable":true,"href":"https:\/\/www.webdo.tn\/fr\/wp-json\/wp\/v2\/categories?post=202888"},{"taxonomy":"post_tag","embeddable":true,"href":"https:\/\/www.webdo.tn\/fr\/wp-json\/wp\/v2\/tags?post=202888"}],"curies":[{"name":"wp","href":"https:\/\/api.w.org\/{rel}","templated":true}]}}