{"id":202878,"date":"2023-02-13T15:53:00","date_gmt":"2023-02-13T15:53:00","guid":{"rendered":"https:\/\/www.webdo.tn\/fr\/blog\/une-agence-pour-reguler-le-secteur-de-l-electricite-et-les-tarifs\/202878\/"},"modified":"2025-05-20T22:07:30","modified_gmt":"2025-05-20T22:07:30","slug":"une-agence-pour-reguler-le-secteur-de-l-electricite-et-les-tarifs","status":"publish","type":"post","link":"https:\/\/www.webdo.tn\/fr\/actualite\/national\/une-agence-pour-reguler-le-secteur-de-l-electricite-et-les-tarifs\/202878\/","title":{"rendered":"Une agence pour r\u00e9guler le secteur de l\u2019\u00e9lectricit\u00e9 et les tarifs"},"content":{"rendered":"<p>Le minist\u00e8re de l\u2019industrie, de l\u2019\u00e9nergie et des mines compte prochainement cr\u00e9er une agence ind\u00e9pendante qui aura pour r\u00f4le de r\u00e9guler le secteur de l\u2019\u00e9nergie, de fixer et ajuster les tarifs de vente de l\u2019\u00e9lectricit\u00e9 de la part de la STEG, et de statuer sur les plans d\u2019investissement relatifs au secteur de l\u2019\u00e9lectricit\u00e9 dont la production et le transfert.<\/p>\n<p>\t\t\t\t\t\t\t\t\tSelon un projet de d\u00e9cret portant cr\u00e9ation de cette agence r\u00e9gulatrice du secteur de l\u2019\u00e9lectricit\u00e9, l\u2019objectif principal reste le d\u00e9veloppement de la gouvernance du secteur, la transparence et la neutralit\u00e9 entre les diff\u00e9rents intervenants. Sa cr\u00e9ation devient n\u00e9cessaire \u00e0 partir du moment o\u00f9 le secteur priv\u00e9 intervient de plus en plus dans la production de l\u2019\u00e9lectricit\u00e9, \u00e0 partir des \u00e9nergies renouvelables.<\/p>\n<p>L\u2019Agence en question sera charg\u00e9e, selon le projet de d\u00e9cret dont une copie est parvenue \u00e0 l\u2019Agence TAP, de veiller \u00e0 organiser et r\u00e9guler les diff\u00e9rentes activit\u00e9s relatives au secteur de l\u2019\u00e9nergie, afin de garantir les conditions de concurrence et de transparence n\u00e9cessaires et l\u2019efficacit\u00e9 \u00e9conomique requise et le confort du consommateur.<\/p>\n<p>En d\u2019autres termes, sa mission sera de contr\u00f4ler et surveiller les diff\u00e9rentes activit\u00e9s du secteur de l\u2019\u00e9lectricit\u00e9 et de la connexion des unit\u00e9s de production de l\u2019\u00e9lectricit\u00e9 \u00e0 partir des \u00e9nergies renouvelables, au r\u00e9seau national de l\u2019\u00e9lectricit\u00e9 ainsi que de la gestion de l\u2019\u00e9nergie \u00e9lectrique produite par ces unit\u00e9s.<\/p>\n<p>Elle pourra \u00e9galement demander une r\u00e9vision des tarifs relatifs aux projets de vente exclusive de l\u2019\u00e9lectricit\u00e9 aux structures publiques : \u00e9mettre un avis sur les modalit\u00e9s de calcul, de fixation et de r\u00e9gulation des tarifs de vente de l\u2019\u00e9lectricit\u00e9 de la part de la STEG.<\/p>\n","protected":false},"excerpt":{"rendered":"<p>Le minist\u00e8re de l\u2019industrie, de l\u2019\u00e9nergie et des mines compte prochainement cr\u00e9er une agence ind\u00e9pendante qui aura pour r\u00f4le de r\u00e9guler le secteur de l\u2019\u00e9nergie,&#8230;<\/p>\n","protected":false},"author":3162,"featured_media":277754,"comment_status":"open","ping_status":"closed","sticky":false,"template":"","format":"standard","meta":{"footnotes":""},"categories":[44],"tags":[9332,3765,2742,4464],"class_list":["post-202878","post","type-post","status-publish","format-standard","has-post-thumbnail","hentry","category-national","tag-agence","tag-electricite","tag-steg","tag-tarifs"],"yoast_head":"<!-- This site is optimized with the Yoast SEO Premium plugin v27.4 (Yoast SEO v27.5) - https:\/\/yoast.com\/product\/yoast-seo-premium-wordpress\/ -->\n<title>Une agence pour r\u00e9guler le secteur de l\u2019\u00e9lectricit\u00e9 et les tarifs<\/title>\n<meta name=\"description\" content=\"Le minist\u00e8re de l\u2019industrie, de l\u2019\u00e9nergie et des mines compte prochainement cr\u00e9er une agence ind\u00e9pendante qui aura pour r\u00f4le de r\u00e9guler le secteur de l\u2019\u00e9nergie,...\" \/>\n<link rel=\"canonical\" href=\"https:\/\/www.webdo.tn\/fr\/actualite\/national\/une-agence-pour-reguler-le-secteur-de-l-electricite-et-les-tarifs\/202878\/\" \/>\n<meta property=\"og:locale\" content=\"fr_FR\" \/>\n<meta property=\"og:type\" content=\"article\" \/>\n<meta property=\"og:title\" content=\"Une agence pour r\u00e9guler le secteur de l\u2019\u00e9lectricit\u00e9 et les tarifs\" \/>\n<meta property=\"og:description\" content=\"Le minist\u00e8re de l\u2019industrie, de l\u2019\u00e9nergie et des mines compte prochainement cr\u00e9er une agence ind\u00e9pendante qui aura pour r\u00f4le de r\u00e9guler le secteur de l\u2019\u00e9nergie,...\" \/>\n<meta property=\"og:url\" content=\"https:\/\/www.webdo.tn\/fr\/actualite\/national\/une-agence-pour-reguler-le-secteur-de-l-electricite-et-les-tarifs\/202878\/\" \/>\n<meta property=\"og:site_name\" content=\"webdo\" \/>\n<meta property=\"article:publisher\" content=\"https:\/\/www.facebook.com\/webdotn\" \/>\n<meta property=\"article:published_time\" content=\"2023-02-13T15:53:00+00:00\" \/>\n<meta property=\"article:modified_time\" content=\"2025-05-20T22:07:30+00:00\" \/>\n<meta property=\"og:image\" content=\"https:\/\/www.webdo.tn\/fr\/wp-content\/uploads\/2023\/02\/39e210a8e81725c35d1ab6b242a9eaa0.jpg\" \/>\n\t<meta property=\"og:image:width\" content=\"722\" \/>\n\t<meta property=\"og:image:height\" content=\"385\" \/>\n\t<meta property=\"og:image:type\" content=\"image\/jpeg\" \/>\n<meta name=\"author\" content=\"MC\" \/>\n<meta name=\"twitter:card\" content=\"summary_large_image\" \/>\n<meta name=\"twitter:creator\" content=\"@webdo_tn\" \/>\n<meta name=\"twitter:site\" content=\"@webdo_tn\" \/>\n<meta name=\"twitter:label1\" content=\"\u00c9crit par\" \/>\n\t<meta name=\"twitter:data1\" content=\"MC\" \/>\n\t<meta name=\"twitter:label2\" content=\"Dur\u00e9e de lecture estim\u00e9e\" \/>\n\t<meta name=\"twitter:data2\" content=\"2 minutes\" \/>\n<script type=\"application\/ld+json\" class=\"yoast-schema-graph\">{\"@context\":\"https:\\\/\\\/schema.org\",\"@graph\":[{\"@type\":\"NewsArticle\",\"@id\":\"https:\\\/\\\/www.webdo.tn\\\/fr\\\/actualite\\\/national\\\/une-agence-pour-reguler-le-secteur-de-l-electricite-et-les-tarifs\\\/202878\\\/#article\",\"isPartOf\":{\"@id\":\"https:\\\/\\\/www.webdo.tn\\\/fr\\\/actualite\\\/national\\\/une-agence-pour-reguler-le-secteur-de-l-electricite-et-les-tarifs\\\/202878\\\/\"},\"author\":{\"name\":\"MC\",\"@id\":\"https:\\\/\\\/www.webdo.tn\\\/fr\\\/#\\\/schema\\\/person\\\/2c4929cbf5a809e3bd38617c6ce150f6\"},\"headline\":\"Une agence pour r\u00e9guler le secteur de l\u2019\u00e9lectricit\u00e9 et les tarifs\",\"datePublished\":\"2023-02-13T15:53:00+00:00\",\"dateModified\":\"2025-05-20T22:07:30+00:00\",\"mainEntityOfPage\":{\"@id\":\"https:\\\/\\\/www.webdo.tn\\\/fr\\\/actualite\\\/national\\\/une-agence-pour-reguler-le-secteur-de-l-electricite-et-les-tarifs\\\/202878\\\/\"},\"wordCount\":320,\"commentCount\":0,\"publisher\":{\"@id\":\"https:\\\/\\\/www.webdo.tn\\\/fr\\\/#organization\"},\"image\":{\"@id\":\"https:\\\/\\\/www.webdo.tn\\\/fr\\\/actualite\\\/national\\\/une-agence-pour-reguler-le-secteur-de-l-electricite-et-les-tarifs\\\/202878\\\/#primaryimage\"},\"thumbnailUrl\":\"https:\\\/\\\/www.webdo.tn\\\/fr\\\/wp-content\\\/uploads\\\/2023\\\/02\\\/39e210a8e81725c35d1ab6b242a9eaa0.jpg\",\"keywords\":[\"agence\",\"\u00e9lectricit\u00e9\",\"steg\",\"tarifs\"],\"articleSection\":[\"National\"],\"inLanguage\":\"fr-FR\"},{\"@type\":\"WebPage\",\"@id\":\"https:\\\/\\\/www.webdo.tn\\\/fr\\\/actualite\\\/national\\\/une-agence-pour-reguler-le-secteur-de-l-electricite-et-les-tarifs\\\/202878\\\/\",\"url\":\"https:\\\/\\\/www.webdo.tn\\\/fr\\\/actualite\\\/national\\\/une-agence-pour-reguler-le-secteur-de-l-electricite-et-les-tarifs\\\/202878\\\/\",\"name\":\"Une agence pour r\u00e9guler le secteur de l\u2019\u00e9lectricit\u00e9 et les tarifs\",\"isPartOf\":{\"@id\":\"https:\\\/\\\/www.webdo.tn\\\/fr\\\/#website\"},\"primaryImageOfPage\":{\"@id\":\"https:\\\/\\\/www.webdo.tn\\\/fr\\\/actualite\\\/national\\\/une-agence-pour-reguler-le-secteur-de-l-electricite-et-les-tarifs\\\/202878\\\/#primaryimage\"},\"image\":{\"@id\":\"https:\\\/\\\/www.webdo.tn\\\/fr\\\/actualite\\\/national\\\/une-agence-pour-reguler-le-secteur-de-l-electricite-et-les-tarifs\\\/202878\\\/#primaryimage\"},\"thumbnailUrl\":\"https:\\\/\\\/www.webdo.tn\\\/fr\\\/wp-content\\\/uploads\\\/2023\\\/02\\\/39e210a8e81725c35d1ab6b242a9eaa0.jpg\",\"datePublished\":\"2023-02-13T15:53:00+00:00\",\"dateModified\":\"2025-05-20T22:07:30+00:00\",\"description\":\"Le minist\u00e8re de l\u2019industrie, de l\u2019\u00e9nergie et des mines compte prochainement cr\u00e9er une agence ind\u00e9pendante qui aura pour r\u00f4le de r\u00e9guler le secteur de l\u2019\u00e9nergie,...\",\"breadcrumb\":{\"@id\":\"https:\\\/\\\/www.webdo.tn\\\/fr\\\/actualite\\\/national\\\/une-agence-pour-reguler-le-secteur-de-l-electricite-et-les-tarifs\\\/202878\\\/#breadcrumb\"},\"inLanguage\":\"fr-FR\",\"potentialAction\":[{\"@type\":\"ReadAction\",\"target\":[\"https:\\\/\\\/www.webdo.tn\\\/fr\\\/actualite\\\/national\\\/une-agence-pour-reguler-le-secteur-de-l-electricite-et-les-tarifs\\\/202878\\\/\"]}]},{\"@type\":\"ImageObject\",\"inLanguage\":\"fr-FR\",\"@id\":\"https:\\\/\\\/www.webdo.tn\\\/fr\\\/actualite\\\/national\\\/une-agence-pour-reguler-le-secteur-de-l-electricite-et-les-tarifs\\\/202878\\\/#primaryimage\",\"url\":\"https:\\\/\\\/www.webdo.tn\\\/fr\\\/wp-content\\\/uploads\\\/2023\\\/02\\\/39e210a8e81725c35d1ab6b242a9eaa0.jpg\",\"contentUrl\":\"https:\\\/\\\/www.webdo.tn\\\/fr\\\/wp-content\\\/uploads\\\/2023\\\/02\\\/39e210a8e81725c35d1ab6b242a9eaa0.jpg\",\"width\":722,\"height\":385,\"caption\":\"Une agence pour r\u00e9guler le secteur de l\u2019\u00e9lectricit\u00e9 et les tarifs\"},{\"@type\":\"BreadcrumbList\",\"@id\":\"https:\\\/\\\/www.webdo.tn\\\/fr\\\/actualite\\\/national\\\/une-agence-pour-reguler-le-secteur-de-l-electricite-et-les-tarifs\\\/202878\\\/#breadcrumb\",\"itemListElement\":[{\"@type\":\"ListItem\",\"position\":1,\"name\":\"Accueil\",\"item\":\"https:\\\/\\\/www.webdo.tn\\\/fr\\\/\"},{\"@type\":\"ListItem\",\"position\":2,\"name\":\"Une agence pour r\u00e9guler le secteur de l\u2019\u00e9lectricit\u00e9 et les tarifs\"}]},{\"@type\":\"WebSite\",\"@id\":\"https:\\\/\\\/www.webdo.tn\\\/fr\\\/#website\",\"url\":\"https:\\\/\\\/www.webdo.tn\\\/fr\\\/\",\"name\":\"webdo\",\"description\":\"Tunisie - News en Tunisie et \u00e0 l&#039;international sur Webdo.tn\",\"publisher\":{\"@id\":\"https:\\\/\\\/www.webdo.tn\\\/fr\\\/#organization\"},\"potentialAction\":[{\"@type\":\"SearchAction\",\"target\":{\"@type\":\"EntryPoint\",\"urlTemplate\":\"https:\\\/\\\/www.webdo.tn\\\/fr\\\/?s={search_term_string}\"},\"query-input\":{\"@type\":\"PropertyValueSpecification\",\"valueRequired\":true,\"valueName\":\"search_term_string\"}}],\"inLanguage\":\"fr-FR\"},{\"@type\":\"Organization\",\"@id\":\"https:\\\/\\\/www.webdo.tn\\\/fr\\\/#organization\",\"name\":\"Webdo\",\"alternateName\":\"Webdo.tn\",\"url\":\"https:\\\/\\\/www.webdo.tn\\\/fr\\\/\",\"logo\":{\"@type\":\"ImageObject\",\"inLanguage\":\"fr-FR\",\"@id\":\"https:\\\/\\\/www.webdo.tn\\\/fr\\\/#\\\/schema\\\/logo\\\/image\\\/\",\"url\":\"https:\\\/\\\/www.webdo.tn\\\/fr\\\/wp-content\\\/uploads\\\/2025\\\/06\\\/Webdo-Tunisie_168377.jpg\",\"contentUrl\":\"https:\\\/\\\/www.webdo.tn\\\/fr\\\/wp-content\\\/uploads\\\/2025\\\/06\\\/Webdo-Tunisie_168377.jpg\",\"width\":301,\"height\":301,\"caption\":\"Webdo\"},\"image\":{\"@id\":\"https:\\\/\\\/www.webdo.tn\\\/fr\\\/#\\\/schema\\\/logo\\\/image\\\/\"},\"sameAs\":[\"https:\\\/\\\/www.facebook.com\\\/webdotn\",\"https:\\\/\\\/x.com\\\/webdo_tn\"],\"description\":\"Webdo est un m\u00e9dia num\u00e9rique tunisien fond\u00e9 en 2010, sp\u00e9cialis\u00e9 dans l\u2019actualit\u00e9 nationale et internationale, l\u2019\u00e9conomie, la soci\u00e9t\u00e9 et les analyses politiques. Le site s\u2019adresse \u00e0 un large public francophone et couvre l\u2019information tunisienne en temps r\u00e9el.\",\"email\":\"redac@webdo.tn\",\"legalName\":\"YNJ SARL\",\"foundingDate\":\"2010-09-06\",\"numberOfEmployees\":{\"@type\":\"QuantitativeValue\",\"minValue\":\"11\",\"maxValue\":\"50\"}},{\"@type\":\"Person\",\"@id\":\"https:\\\/\\\/www.webdo.tn\\\/fr\\\/#\\\/schema\\\/person\\\/2c4929cbf5a809e3bd38617c6ce150f6\",\"name\":\"MC\",\"image\":{\"@type\":\"ImageObject\",\"inLanguage\":\"fr-FR\",\"@id\":\"https:\\\/\\\/secure.gravatar.com\\\/avatar\\\/a545bbb6f84efdd5553dbbc2895e3ca8f1d12c5215e00a041c9670b54aa9b18a?s=96&d=mm&r=g\",\"url\":\"https:\\\/\\\/secure.gravatar.com\\\/avatar\\\/a545bbb6f84efdd5553dbbc2895e3ca8f1d12c5215e00a041c9670b54aa9b18a?s=96&d=mm&r=g\",\"contentUrl\":\"https:\\\/\\\/secure.gravatar.com\\\/avatar\\\/a545bbb6f84efdd5553dbbc2895e3ca8f1d12c5215e00a041c9670b54aa9b18a?s=96&d=mm&r=g\",\"caption\":\"MC\"},\"url\":\"https:\\\/\\\/www.webdo.tn\\\/fr\\\/actualite\\\/author\\\/mc\\\/\"}]}<\/script>\n<!-- \/ Yoast SEO Premium plugin. -->","yoast_head_json":{"title":"Une agence pour r\u00e9guler le secteur de l\u2019\u00e9lectricit\u00e9 et les tarifs","description":"Le minist\u00e8re de l\u2019industrie, de l\u2019\u00e9nergie et des mines compte prochainement cr\u00e9er une agence ind\u00e9pendante qui aura pour r\u00f4le de r\u00e9guler le secteur de l\u2019\u00e9nergie,...","canonical":"https:\/\/www.webdo.tn\/fr\/actualite\/national\/une-agence-pour-reguler-le-secteur-de-l-electricite-et-les-tarifs\/202878\/","og_locale":"fr_FR","og_type":"article","og_title":"Une agence pour r\u00e9guler le secteur de l\u2019\u00e9lectricit\u00e9 et les tarifs","og_description":"Le minist\u00e8re de l\u2019industrie, de l\u2019\u00e9nergie et des mines compte prochainement cr\u00e9er une agence ind\u00e9pendante qui aura pour r\u00f4le de r\u00e9guler le secteur de l\u2019\u00e9nergie,...","og_url":"https:\/\/www.webdo.tn\/fr\/actualite\/national\/une-agence-pour-reguler-le-secteur-de-l-electricite-et-les-tarifs\/202878\/","og_site_name":"webdo","article_publisher":"https:\/\/www.facebook.com\/webdotn","article_published_time":"2023-02-13T15:53:00+00:00","article_modified_time":"2025-05-20T22:07:30+00:00","og_image":[{"width":722,"height":385,"url":"https:\/\/www.webdo.tn\/fr\/wp-content\/uploads\/2023\/02\/39e210a8e81725c35d1ab6b242a9eaa0.jpg","type":"image\/jpeg"}],"author":"MC","twitter_card":"summary_large_image","twitter_creator":"@webdo_tn","twitter_site":"@webdo_tn","twitter_misc":{"\u00c9crit par":"MC","Dur\u00e9e de lecture estim\u00e9e":"2 minutes"},"schema":{"@context":"https:\/\/schema.org","@graph":[{"@type":"NewsArticle","@id":"https:\/\/www.webdo.tn\/fr\/actualite\/national\/une-agence-pour-reguler-le-secteur-de-l-electricite-et-les-tarifs\/202878\/#article","isPartOf":{"@id":"https:\/\/www.webdo.tn\/fr\/actualite\/national\/une-agence-pour-reguler-le-secteur-de-l-electricite-et-les-tarifs\/202878\/"},"author":{"name":"MC","@id":"https:\/\/www.webdo.tn\/fr\/#\/schema\/person\/2c4929cbf5a809e3bd38617c6ce150f6"},"headline":"Une agence pour r\u00e9guler le secteur de l\u2019\u00e9lectricit\u00e9 et les tarifs","datePublished":"2023-02-13T15:53:00+00:00","dateModified":"2025-05-20T22:07:30+00:00","mainEntityOfPage":{"@id":"https:\/\/www.webdo.tn\/fr\/actualite\/national\/une-agence-pour-reguler-le-secteur-de-l-electricite-et-les-tarifs\/202878\/"},"wordCount":320,"commentCount":0,"publisher":{"@id":"https:\/\/www.webdo.tn\/fr\/#organization"},"image":{"@id":"https:\/\/www.webdo.tn\/fr\/actualite\/national\/une-agence-pour-reguler-le-secteur-de-l-electricite-et-les-tarifs\/202878\/#primaryimage"},"thumbnailUrl":"https:\/\/www.webdo.tn\/fr\/wp-content\/uploads\/2023\/02\/39e210a8e81725c35d1ab6b242a9eaa0.jpg","keywords":["agence","\u00e9lectricit\u00e9","steg","tarifs"],"articleSection":["National"],"inLanguage":"fr-FR"},{"@type":"WebPage","@id":"https:\/\/www.webdo.tn\/fr\/actualite\/national\/une-agence-pour-reguler-le-secteur-de-l-electricite-et-les-tarifs\/202878\/","url":"https:\/\/www.webdo.tn\/fr\/actualite\/national\/une-agence-pour-reguler-le-secteur-de-l-electricite-et-les-tarifs\/202878\/","name":"Une agence pour r\u00e9guler le secteur de l\u2019\u00e9lectricit\u00e9 et les tarifs","isPartOf":{"@id":"https:\/\/www.webdo.tn\/fr\/#website"},"primaryImageOfPage":{"@id":"https:\/\/www.webdo.tn\/fr\/actualite\/national\/une-agence-pour-reguler-le-secteur-de-l-electricite-et-les-tarifs\/202878\/#primaryimage"},"image":{"@id":"https:\/\/www.webdo.tn\/fr\/actualite\/national\/une-agence-pour-reguler-le-secteur-de-l-electricite-et-les-tarifs\/202878\/#primaryimage"},"thumbnailUrl":"https:\/\/www.webdo.tn\/fr\/wp-content\/uploads\/2023\/02\/39e210a8e81725c35d1ab6b242a9eaa0.jpg","datePublished":"2023-02-13T15:53:00+00:00","dateModified":"2025-05-20T22:07:30+00:00","description":"Le minist\u00e8re de l\u2019industrie, de l\u2019\u00e9nergie et des mines compte prochainement cr\u00e9er une agence ind\u00e9pendante qui aura pour r\u00f4le de r\u00e9guler le secteur de l\u2019\u00e9nergie,...","breadcrumb":{"@id":"https:\/\/www.webdo.tn\/fr\/actualite\/national\/une-agence-pour-reguler-le-secteur-de-l-electricite-et-les-tarifs\/202878\/#breadcrumb"},"inLanguage":"fr-FR","potentialAction":[{"@type":"ReadAction","target":["https:\/\/www.webdo.tn\/fr\/actualite\/national\/une-agence-pour-reguler-le-secteur-de-l-electricite-et-les-tarifs\/202878\/"]}]},{"@type":"ImageObject","inLanguage":"fr-FR","@id":"https:\/\/www.webdo.tn\/fr\/actualite\/national\/une-agence-pour-reguler-le-secteur-de-l-electricite-et-les-tarifs\/202878\/#primaryimage","url":"https:\/\/www.webdo.tn\/fr\/wp-content\/uploads\/2023\/02\/39e210a8e81725c35d1ab6b242a9eaa0.jpg","contentUrl":"https:\/\/www.webdo.tn\/fr\/wp-content\/uploads\/2023\/02\/39e210a8e81725c35d1ab6b242a9eaa0.jpg","width":722,"height":385,"caption":"Une agence pour r\u00e9guler le secteur de l\u2019\u00e9lectricit\u00e9 et les tarifs"},{"@type":"BreadcrumbList","@id":"https:\/\/www.webdo.tn\/fr\/actualite\/national\/une-agence-pour-reguler-le-secteur-de-l-electricite-et-les-tarifs\/202878\/#breadcrumb","itemListElement":[{"@type":"ListItem","position":1,"name":"Accueil","item":"https:\/\/www.webdo.tn\/fr\/"},{"@type":"ListItem","position":2,"name":"Une agence pour r\u00e9guler le secteur de l\u2019\u00e9lectricit\u00e9 et les tarifs"}]},{"@type":"WebSite","@id":"https:\/\/www.webdo.tn\/fr\/#website","url":"https:\/\/www.webdo.tn\/fr\/","name":"webdo","description":"Tunisie - News en Tunisie et \u00e0 l&#039;international sur Webdo.tn","publisher":{"@id":"https:\/\/www.webdo.tn\/fr\/#organization"},"potentialAction":[{"@type":"SearchAction","target":{"@type":"EntryPoint","urlTemplate":"https:\/\/www.webdo.tn\/fr\/?s={search_term_string}"},"query-input":{"@type":"PropertyValueSpecification","valueRequired":true,"valueName":"search_term_string"}}],"inLanguage":"fr-FR"},{"@type":"Organization","@id":"https:\/\/www.webdo.tn\/fr\/#organization","name":"Webdo","alternateName":"Webdo.tn","url":"https:\/\/www.webdo.tn\/fr\/","logo":{"@type":"ImageObject","inLanguage":"fr-FR","@id":"https:\/\/www.webdo.tn\/fr\/#\/schema\/logo\/image\/","url":"https:\/\/www.webdo.tn\/fr\/wp-content\/uploads\/2025\/06\/Webdo-Tunisie_168377.jpg","contentUrl":"https:\/\/www.webdo.tn\/fr\/wp-content\/uploads\/2025\/06\/Webdo-Tunisie_168377.jpg","width":301,"height":301,"caption":"Webdo"},"image":{"@id":"https:\/\/www.webdo.tn\/fr\/#\/schema\/logo\/image\/"},"sameAs":["https:\/\/www.facebook.com\/webdotn","https:\/\/x.com\/webdo_tn"],"description":"Webdo est un m\u00e9dia num\u00e9rique tunisien fond\u00e9 en 2010, sp\u00e9cialis\u00e9 dans l\u2019actualit\u00e9 nationale et internationale, l\u2019\u00e9conomie, la soci\u00e9t\u00e9 et les analyses politiques. Le site s\u2019adresse \u00e0 un large public francophone et couvre l\u2019information tunisienne en temps r\u00e9el.","email":"redac@webdo.tn","legalName":"YNJ SARL","foundingDate":"2010-09-06","numberOfEmployees":{"@type":"QuantitativeValue","minValue":"11","maxValue":"50"}},{"@type":"Person","@id":"https:\/\/www.webdo.tn\/fr\/#\/schema\/person\/2c4929cbf5a809e3bd38617c6ce150f6","name":"MC","image":{"@type":"ImageObject","inLanguage":"fr-FR","@id":"https:\/\/secure.gravatar.com\/avatar\/a545bbb6f84efdd5553dbbc2895e3ca8f1d12c5215e00a041c9670b54aa9b18a?s=96&d=mm&r=g","url":"https:\/\/secure.gravatar.com\/avatar\/a545bbb6f84efdd5553dbbc2895e3ca8f1d12c5215e00a041c9670b54aa9b18a?s=96&d=mm&r=g","contentUrl":"https:\/\/secure.gravatar.com\/avatar\/a545bbb6f84efdd5553dbbc2895e3ca8f1d12c5215e00a041c9670b54aa9b18a?s=96&d=mm&r=g","caption":"MC"},"url":"https:\/\/www.webdo.tn\/fr\/actualite\/author\/mc\/"}]}},"_links":{"self":[{"href":"https:\/\/www.webdo.tn\/fr\/wp-json\/wp\/v2\/posts\/202878","targetHints":{"allow":["GET"]}}],"collection":[{"href":"https:\/\/www.webdo.tn\/fr\/wp-json\/wp\/v2\/posts"}],"about":[{"href":"https:\/\/www.webdo.tn\/fr\/wp-json\/wp\/v2\/types\/post"}],"author":[{"embeddable":true,"href":"https:\/\/www.webdo.tn\/fr\/wp-json\/wp\/v2\/users\/3162"}],"replies":[{"embeddable":true,"href":"https:\/\/www.webdo.tn\/fr\/wp-json\/wp\/v2\/comments?post=202878"}],"version-history":[{"count":0,"href":"https:\/\/www.webdo.tn\/fr\/wp-json\/wp\/v2\/posts\/202878\/revisions"}],"wp:featuredmedia":[{"embeddable":true,"href":"https:\/\/www.webdo.tn\/fr\/wp-json\/wp\/v2\/media\/277754"}],"wp:attachment":[{"href":"https:\/\/www.webdo.tn\/fr\/wp-json\/wp\/v2\/media?parent=202878"}],"wp:term":[{"taxonomy":"category","embeddable":true,"href":"https:\/\/www.webdo.tn\/fr\/wp-json\/wp\/v2\/categories?post=202878"},{"taxonomy":"post_tag","embeddable":true,"href":"https:\/\/www.webdo.tn\/fr\/wp-json\/wp\/v2\/tags?post=202878"}],"curies":[{"name":"wp","href":"https:\/\/api.w.org\/{rel}","templated":true}]}}