{"id":202867,"date":"2023-02-13T11:00:00","date_gmt":"2023-02-13T11:00:00","guid":{"rendered":"https:\/\/www.webdo.tn\/fr\/blog\/seisme-en-turquie-35-tunisiens-en-attente-de-rapatriement\/202867\/"},"modified":"2025-05-20T22:02:34","modified_gmt":"2025-05-20T22:02:34","slug":"seisme-en-turquie-35-tunisiens-en-attente-de-rapatriement","status":"publish","type":"post","link":"https:\/\/www.webdo.tn\/fr\/actualite\/national\/seisme-en-turquie-35-tunisiens-en-attente-de-rapatriement\/202867\/","title":{"rendered":"S\u00e9isme en Turquie : 35 Tunisiens en attente de rapatriement"},"content":{"rendered":"<p>Trente-cinq Tunisiens sont en attente de rapatriement en Tunisie ? C\u2019est ce qu\u2019a confirm\u00e9, ce lundi 13 f\u00e9vrier, le charg\u00e9 d&rsquo;affaires par int\u00e9rim \u00e0 l&rsquo;ambassade de Tunisie \u00e0 Ankara.<\/p>\n<p>\t\t\t\t\t\t\t\t\tChaker Ammar a indiqu\u00e9, aujourd\u2019hui sur les ondes de Mosaique fm, que les Tunisiens venant des r\u00e9gions sinistr\u00e9es au Sud de la Turquie continuent d&rsquo;affluer vers Istanbul et Ankara en vue de leur rapatriement.<\/p>\n<p>Jusqu\u2019\u00e0 maintenant la Tunisie a rapatri\u00e9, samedi lors d\u2019un premier vol d&rsquo;\u00e9vacuation, 11 Tunisiens r\u00e9sidant dans les zones sinistr\u00e9es dont deux familles.<\/p>\n<p>Le Consulat g\u00e9n\u00e9ral de Tunisie \u00e0 Istanbul a, de son c\u00f4t\u00e9, assur\u00e9 l&rsquo;\u00e9vacuation vers Istanbul de 24 Tunisiens dont 14 enfants venant des r\u00e9gions sinistr\u00e9es par le s\u00e9isme en attendant leur rapatriement vers la Tunisie. Le nombre total de Tunisiens en attente de rapatriement est de 35, a assur\u00e9 Chaker Ammar.<\/p>\n<p>Les op\u00e9rations d&rsquo;\u00e9vacuation doivent se poursuivre dans les prochains jours pour les Tunisiens qui le souhaitent, m\u00eame s&rsquo;ils ne disposent pas de passeport.<\/p>\n<p>Jusqu&rsquo;\u00e0 pr\u00e9sent, aucun d\u00e9c\u00e8s n&rsquo;a \u00e9t\u00e9 enregistr\u00e9 parmi les ressortissants tunisiens, sachant que 500 Tunisiens, environ, r\u00e9sident dans les zones touch\u00e9es par le s\u00e9isme qui a ravag\u00e9 le sud de la Turquie.<\/p>\n","protected":false},"excerpt":{"rendered":"<p>Trente-cinq Tunisiens sont en attente de rapatriement en Tunisie ? C\u2019est ce qu\u2019a confirm\u00e9, ce lundi 13 f\u00e9vrier, le charg\u00e9 d&rsquo;affaires par int\u00e9rim \u00e0 l&rsquo;ambassade d&#8230;<\/p>\n","protected":false},"author":3162,"featured_media":252222,"comment_status":"open","ping_status":"closed","sticky":false,"template":"","format":"standard","meta":{"footnotes":""},"categories":[44],"tags":[4635,5538,7271,3317,3550],"class_list":["post-202867","post","type-post","status-publish","format-standard","has-post-thumbnail","hentry","category-national","tag-evacuation","tag-rapatriement","tag-seisme","tag-tunisiens","tag-turquie"],"yoast_head":"<!-- This site is optimized with the Yoast SEO Premium plugin v27.4 (Yoast SEO v27.5) - https:\/\/yoast.com\/product\/yoast-seo-premium-wordpress\/ -->\n<title>S\u00e9isme en Turquie : 35 Tunisiens en attente de rapatriement<\/title>\n<meta name=\"description\" content=\"Trente-cinq Tunisiens sont en attente de rapatriement en Tunisie ? C\u2019est ce qu\u2019a confirm\u00e9, ce lundi 13 f\u00e9vrier, le charg\u00e9 d&#039;affaires par int\u00e9rim \u00e0 l&#039;ambassade d...\" \/>\n<link rel=\"canonical\" href=\"https:\/\/www.webdo.tn\/fr\/actualite\/national\/seisme-en-turquie-35-tunisiens-en-attente-de-rapatriement\/202867\/\" \/>\n<meta property=\"og:locale\" content=\"fr_FR\" \/>\n<meta property=\"og:type\" content=\"article\" \/>\n<meta property=\"og:title\" content=\"S\u00e9isme en Turquie : 35 Tunisiens en attente de rapatriement\" \/>\n<meta property=\"og:description\" content=\"Trente-cinq Tunisiens sont en attente de rapatriement en Tunisie ? C\u2019est ce qu\u2019a confirm\u00e9, ce lundi 13 f\u00e9vrier, le charg\u00e9 d&#039;affaires par int\u00e9rim \u00e0 l&#039;ambassade d...\" \/>\n<meta property=\"og:url\" content=\"https:\/\/www.webdo.tn\/fr\/actualite\/national\/seisme-en-turquie-35-tunisiens-en-attente-de-rapatriement\/202867\/\" \/>\n<meta property=\"og:site_name\" content=\"webdo\" \/>\n<meta property=\"article:publisher\" content=\"https:\/\/www.facebook.com\/webdotn\" \/>\n<meta property=\"article:published_time\" content=\"2023-02-13T11:00:00+00:00\" \/>\n<meta property=\"article:modified_time\" content=\"2025-05-20T22:02:34+00:00\" \/>\n<meta property=\"og:image\" content=\"https:\/\/www.webdo.tn\/fr\/wp-content\/uploads\/2023\/02\/ff26cc1c1eb97f0e9e330ff9973334c2.jpg\" \/>\n\t<meta property=\"og:image:width\" content=\"574\" \/>\n\t<meta property=\"og:image:height\" content=\"306\" \/>\n\t<meta property=\"og:image:type\" content=\"image\/jpeg\" \/>\n<meta name=\"author\" content=\"MC\" \/>\n<meta name=\"twitter:card\" content=\"summary_large_image\" \/>\n<meta name=\"twitter:creator\" content=\"@webdo_tn\" \/>\n<meta name=\"twitter:site\" content=\"@webdo_tn\" \/>\n<meta name=\"twitter:label1\" content=\"\u00c9crit par\" \/>\n\t<meta name=\"twitter:data1\" content=\"MC\" \/>\n\t<meta name=\"twitter:label2\" content=\"Dur\u00e9e de lecture estim\u00e9e\" \/>\n\t<meta name=\"twitter:data2\" content=\"1 minute\" \/>\n<script type=\"application\/ld+json\" class=\"yoast-schema-graph\">{\"@context\":\"https:\\\/\\\/schema.org\",\"@graph\":[{\"@type\":\"NewsArticle\",\"@id\":\"https:\\\/\\\/www.webdo.tn\\\/fr\\\/actualite\\\/national\\\/seisme-en-turquie-35-tunisiens-en-attente-de-rapatriement\\\/202867\\\/#article\",\"isPartOf\":{\"@id\":\"https:\\\/\\\/www.webdo.tn\\\/fr\\\/actualite\\\/national\\\/seisme-en-turquie-35-tunisiens-en-attente-de-rapatriement\\\/202867\\\/\"},\"author\":{\"name\":\"MC\",\"@id\":\"https:\\\/\\\/www.webdo.tn\\\/fr\\\/#\\\/schema\\\/person\\\/2c4929cbf5a809e3bd38617c6ce150f6\"},\"headline\":\"S\u00e9isme en Turquie : 35 Tunisiens en attente de rapatriement\",\"datePublished\":\"2023-02-13T11:00:00+00:00\",\"dateModified\":\"2025-05-20T22:02:34+00:00\",\"mainEntityOfPage\":{\"@id\":\"https:\\\/\\\/www.webdo.tn\\\/fr\\\/actualite\\\/national\\\/seisme-en-turquie-35-tunisiens-en-attente-de-rapatriement\\\/202867\\\/\"},\"wordCount\":222,\"commentCount\":0,\"publisher\":{\"@id\":\"https:\\\/\\\/www.webdo.tn\\\/fr\\\/#organization\"},\"image\":{\"@id\":\"https:\\\/\\\/www.webdo.tn\\\/fr\\\/actualite\\\/national\\\/seisme-en-turquie-35-tunisiens-en-attente-de-rapatriement\\\/202867\\\/#primaryimage\"},\"thumbnailUrl\":\"https:\\\/\\\/www.webdo.tn\\\/fr\\\/wp-content\\\/uploads\\\/2023\\\/02\\\/ff26cc1c1eb97f0e9e330ff9973334c2.jpg\",\"keywords\":[\"\u00e9vacuation\",\"rapatriement\",\"s\u00e9isme\",\"Tunisiens\",\"Turquie\"],\"articleSection\":[\"National\"],\"inLanguage\":\"fr-FR\"},{\"@type\":\"WebPage\",\"@id\":\"https:\\\/\\\/www.webdo.tn\\\/fr\\\/actualite\\\/national\\\/seisme-en-turquie-35-tunisiens-en-attente-de-rapatriement\\\/202867\\\/\",\"url\":\"https:\\\/\\\/www.webdo.tn\\\/fr\\\/actualite\\\/national\\\/seisme-en-turquie-35-tunisiens-en-attente-de-rapatriement\\\/202867\\\/\",\"name\":\"S\u00e9isme en Turquie : 35 Tunisiens en attente de rapatriement\",\"isPartOf\":{\"@id\":\"https:\\\/\\\/www.webdo.tn\\\/fr\\\/#website\"},\"primaryImageOfPage\":{\"@id\":\"https:\\\/\\\/www.webdo.tn\\\/fr\\\/actualite\\\/national\\\/seisme-en-turquie-35-tunisiens-en-attente-de-rapatriement\\\/202867\\\/#primaryimage\"},\"image\":{\"@id\":\"https:\\\/\\\/www.webdo.tn\\\/fr\\\/actualite\\\/national\\\/seisme-en-turquie-35-tunisiens-en-attente-de-rapatriement\\\/202867\\\/#primaryimage\"},\"thumbnailUrl\":\"https:\\\/\\\/www.webdo.tn\\\/fr\\\/wp-content\\\/uploads\\\/2023\\\/02\\\/ff26cc1c1eb97f0e9e330ff9973334c2.jpg\",\"datePublished\":\"2023-02-13T11:00:00+00:00\",\"dateModified\":\"2025-05-20T22:02:34+00:00\",\"description\":\"Trente-cinq Tunisiens sont en attente de rapatriement en Tunisie ? C\u2019est ce qu\u2019a confirm\u00e9, ce lundi 13 f\u00e9vrier, le charg\u00e9 d'affaires par int\u00e9rim \u00e0 l'ambassade d...\",\"breadcrumb\":{\"@id\":\"https:\\\/\\\/www.webdo.tn\\\/fr\\\/actualite\\\/national\\\/seisme-en-turquie-35-tunisiens-en-attente-de-rapatriement\\\/202867\\\/#breadcrumb\"},\"inLanguage\":\"fr-FR\",\"potentialAction\":[{\"@type\":\"ReadAction\",\"target\":[\"https:\\\/\\\/www.webdo.tn\\\/fr\\\/actualite\\\/national\\\/seisme-en-turquie-35-tunisiens-en-attente-de-rapatriement\\\/202867\\\/\"]}]},{\"@type\":\"ImageObject\",\"inLanguage\":\"fr-FR\",\"@id\":\"https:\\\/\\\/www.webdo.tn\\\/fr\\\/actualite\\\/national\\\/seisme-en-turquie-35-tunisiens-en-attente-de-rapatriement\\\/202867\\\/#primaryimage\",\"url\":\"https:\\\/\\\/www.webdo.tn\\\/fr\\\/wp-content\\\/uploads\\\/2023\\\/02\\\/ff26cc1c1eb97f0e9e330ff9973334c2.jpg\",\"contentUrl\":\"https:\\\/\\\/www.webdo.tn\\\/fr\\\/wp-content\\\/uploads\\\/2023\\\/02\\\/ff26cc1c1eb97f0e9e330ff9973334c2.jpg\",\"width\":574,\"height\":306,\"caption\":\"S\u00e9isme en Turquie : 35 Tunisiens en attente de rapatriement\"},{\"@type\":\"BreadcrumbList\",\"@id\":\"https:\\\/\\\/www.webdo.tn\\\/fr\\\/actualite\\\/national\\\/seisme-en-turquie-35-tunisiens-en-attente-de-rapatriement\\\/202867\\\/#breadcrumb\",\"itemListElement\":[{\"@type\":\"ListItem\",\"position\":1,\"name\":\"Accueil\",\"item\":\"https:\\\/\\\/www.webdo.tn\\\/fr\\\/\"},{\"@type\":\"ListItem\",\"position\":2,\"name\":\"S\u00e9isme en Turquie : 35 Tunisiens en attente de rapatriement\"}]},{\"@type\":\"WebSite\",\"@id\":\"https:\\\/\\\/www.webdo.tn\\\/fr\\\/#website\",\"url\":\"https:\\\/\\\/www.webdo.tn\\\/fr\\\/\",\"name\":\"webdo\",\"description\":\"Tunisie - News en Tunisie et \u00e0 l&#039;international sur Webdo.tn\",\"publisher\":{\"@id\":\"https:\\\/\\\/www.webdo.tn\\\/fr\\\/#organization\"},\"potentialAction\":[{\"@type\":\"SearchAction\",\"target\":{\"@type\":\"EntryPoint\",\"urlTemplate\":\"https:\\\/\\\/www.webdo.tn\\\/fr\\\/?s={search_term_string}\"},\"query-input\":{\"@type\":\"PropertyValueSpecification\",\"valueRequired\":true,\"valueName\":\"search_term_string\"}}],\"inLanguage\":\"fr-FR\"},{\"@type\":\"Organization\",\"@id\":\"https:\\\/\\\/www.webdo.tn\\\/fr\\\/#organization\",\"name\":\"Webdo\",\"alternateName\":\"Webdo.tn\",\"url\":\"https:\\\/\\\/www.webdo.tn\\\/fr\\\/\",\"logo\":{\"@type\":\"ImageObject\",\"inLanguage\":\"fr-FR\",\"@id\":\"https:\\\/\\\/www.webdo.tn\\\/fr\\\/#\\\/schema\\\/logo\\\/image\\\/\",\"url\":\"https:\\\/\\\/www.webdo.tn\\\/fr\\\/wp-content\\\/uploads\\\/2025\\\/06\\\/Webdo-Tunisie_168377.jpg\",\"contentUrl\":\"https:\\\/\\\/www.webdo.tn\\\/fr\\\/wp-content\\\/uploads\\\/2025\\\/06\\\/Webdo-Tunisie_168377.jpg\",\"width\":301,\"height\":301,\"caption\":\"Webdo\"},\"image\":{\"@id\":\"https:\\\/\\\/www.webdo.tn\\\/fr\\\/#\\\/schema\\\/logo\\\/image\\\/\"},\"sameAs\":[\"https:\\\/\\\/www.facebook.com\\\/webdotn\",\"https:\\\/\\\/x.com\\\/webdo_tn\"],\"description\":\"Webdo est un m\u00e9dia num\u00e9rique tunisien fond\u00e9 en 2010, sp\u00e9cialis\u00e9 dans l\u2019actualit\u00e9 nationale et internationale, l\u2019\u00e9conomie, la soci\u00e9t\u00e9 et les analyses politiques. Le site s\u2019adresse \u00e0 un large public francophone et couvre l\u2019information tunisienne en temps r\u00e9el.\",\"email\":\"redac@webdo.tn\",\"legalName\":\"YNJ SARL\",\"foundingDate\":\"2010-09-06\",\"numberOfEmployees\":{\"@type\":\"QuantitativeValue\",\"minValue\":\"11\",\"maxValue\":\"50\"}},{\"@type\":\"Person\",\"@id\":\"https:\\\/\\\/www.webdo.tn\\\/fr\\\/#\\\/schema\\\/person\\\/2c4929cbf5a809e3bd38617c6ce150f6\",\"name\":\"MC\",\"image\":{\"@type\":\"ImageObject\",\"inLanguage\":\"fr-FR\",\"@id\":\"https:\\\/\\\/secure.gravatar.com\\\/avatar\\\/a545bbb6f84efdd5553dbbc2895e3ca8f1d12c5215e00a041c9670b54aa9b18a?s=96&d=mm&r=g\",\"url\":\"https:\\\/\\\/secure.gravatar.com\\\/avatar\\\/a545bbb6f84efdd5553dbbc2895e3ca8f1d12c5215e00a041c9670b54aa9b18a?s=96&d=mm&r=g\",\"contentUrl\":\"https:\\\/\\\/secure.gravatar.com\\\/avatar\\\/a545bbb6f84efdd5553dbbc2895e3ca8f1d12c5215e00a041c9670b54aa9b18a?s=96&d=mm&r=g\",\"caption\":\"MC\"},\"url\":\"https:\\\/\\\/www.webdo.tn\\\/fr\\\/actualite\\\/author\\\/mc\\\/\"}]}<\/script>\n<!-- \/ Yoast SEO Premium plugin. -->","yoast_head_json":{"title":"S\u00e9isme en Turquie : 35 Tunisiens en attente de rapatriement","description":"Trente-cinq Tunisiens sont en attente de rapatriement en Tunisie ? C\u2019est ce qu\u2019a confirm\u00e9, ce lundi 13 f\u00e9vrier, le charg\u00e9 d'affaires par int\u00e9rim \u00e0 l'ambassade d...","canonical":"https:\/\/www.webdo.tn\/fr\/actualite\/national\/seisme-en-turquie-35-tunisiens-en-attente-de-rapatriement\/202867\/","og_locale":"fr_FR","og_type":"article","og_title":"S\u00e9isme en Turquie : 35 Tunisiens en attente de rapatriement","og_description":"Trente-cinq Tunisiens sont en attente de rapatriement en Tunisie ? C\u2019est ce qu\u2019a confirm\u00e9, ce lundi 13 f\u00e9vrier, le charg\u00e9 d'affaires par int\u00e9rim \u00e0 l'ambassade d...","og_url":"https:\/\/www.webdo.tn\/fr\/actualite\/national\/seisme-en-turquie-35-tunisiens-en-attente-de-rapatriement\/202867\/","og_site_name":"webdo","article_publisher":"https:\/\/www.facebook.com\/webdotn","article_published_time":"2023-02-13T11:00:00+00:00","article_modified_time":"2025-05-20T22:02:34+00:00","og_image":[{"width":574,"height":306,"url":"https:\/\/www.webdo.tn\/fr\/wp-content\/uploads\/2023\/02\/ff26cc1c1eb97f0e9e330ff9973334c2.jpg","type":"image\/jpeg"}],"author":"MC","twitter_card":"summary_large_image","twitter_creator":"@webdo_tn","twitter_site":"@webdo_tn","twitter_misc":{"\u00c9crit par":"MC","Dur\u00e9e de lecture estim\u00e9e":"1 minute"},"schema":{"@context":"https:\/\/schema.org","@graph":[{"@type":"NewsArticle","@id":"https:\/\/www.webdo.tn\/fr\/actualite\/national\/seisme-en-turquie-35-tunisiens-en-attente-de-rapatriement\/202867\/#article","isPartOf":{"@id":"https:\/\/www.webdo.tn\/fr\/actualite\/national\/seisme-en-turquie-35-tunisiens-en-attente-de-rapatriement\/202867\/"},"author":{"name":"MC","@id":"https:\/\/www.webdo.tn\/fr\/#\/schema\/person\/2c4929cbf5a809e3bd38617c6ce150f6"},"headline":"S\u00e9isme en Turquie : 35 Tunisiens en attente de rapatriement","datePublished":"2023-02-13T11:00:00+00:00","dateModified":"2025-05-20T22:02:34+00:00","mainEntityOfPage":{"@id":"https:\/\/www.webdo.tn\/fr\/actualite\/national\/seisme-en-turquie-35-tunisiens-en-attente-de-rapatriement\/202867\/"},"wordCount":222,"commentCount":0,"publisher":{"@id":"https:\/\/www.webdo.tn\/fr\/#organization"},"image":{"@id":"https:\/\/www.webdo.tn\/fr\/actualite\/national\/seisme-en-turquie-35-tunisiens-en-attente-de-rapatriement\/202867\/#primaryimage"},"thumbnailUrl":"https:\/\/www.webdo.tn\/fr\/wp-content\/uploads\/2023\/02\/ff26cc1c1eb97f0e9e330ff9973334c2.jpg","keywords":["\u00e9vacuation","rapatriement","s\u00e9isme","Tunisiens","Turquie"],"articleSection":["National"],"inLanguage":"fr-FR"},{"@type":"WebPage","@id":"https:\/\/www.webdo.tn\/fr\/actualite\/national\/seisme-en-turquie-35-tunisiens-en-attente-de-rapatriement\/202867\/","url":"https:\/\/www.webdo.tn\/fr\/actualite\/national\/seisme-en-turquie-35-tunisiens-en-attente-de-rapatriement\/202867\/","name":"S\u00e9isme en Turquie : 35 Tunisiens en attente de rapatriement","isPartOf":{"@id":"https:\/\/www.webdo.tn\/fr\/#website"},"primaryImageOfPage":{"@id":"https:\/\/www.webdo.tn\/fr\/actualite\/national\/seisme-en-turquie-35-tunisiens-en-attente-de-rapatriement\/202867\/#primaryimage"},"image":{"@id":"https:\/\/www.webdo.tn\/fr\/actualite\/national\/seisme-en-turquie-35-tunisiens-en-attente-de-rapatriement\/202867\/#primaryimage"},"thumbnailUrl":"https:\/\/www.webdo.tn\/fr\/wp-content\/uploads\/2023\/02\/ff26cc1c1eb97f0e9e330ff9973334c2.jpg","datePublished":"2023-02-13T11:00:00+00:00","dateModified":"2025-05-20T22:02:34+00:00","description":"Trente-cinq Tunisiens sont en attente de rapatriement en Tunisie ? C\u2019est ce qu\u2019a confirm\u00e9, ce lundi 13 f\u00e9vrier, le charg\u00e9 d'affaires par int\u00e9rim \u00e0 l'ambassade d...","breadcrumb":{"@id":"https:\/\/www.webdo.tn\/fr\/actualite\/national\/seisme-en-turquie-35-tunisiens-en-attente-de-rapatriement\/202867\/#breadcrumb"},"inLanguage":"fr-FR","potentialAction":[{"@type":"ReadAction","target":["https:\/\/www.webdo.tn\/fr\/actualite\/national\/seisme-en-turquie-35-tunisiens-en-attente-de-rapatriement\/202867\/"]}]},{"@type":"ImageObject","inLanguage":"fr-FR","@id":"https:\/\/www.webdo.tn\/fr\/actualite\/national\/seisme-en-turquie-35-tunisiens-en-attente-de-rapatriement\/202867\/#primaryimage","url":"https:\/\/www.webdo.tn\/fr\/wp-content\/uploads\/2023\/02\/ff26cc1c1eb97f0e9e330ff9973334c2.jpg","contentUrl":"https:\/\/www.webdo.tn\/fr\/wp-content\/uploads\/2023\/02\/ff26cc1c1eb97f0e9e330ff9973334c2.jpg","width":574,"height":306,"caption":"S\u00e9isme en Turquie : 35 Tunisiens en attente de rapatriement"},{"@type":"BreadcrumbList","@id":"https:\/\/www.webdo.tn\/fr\/actualite\/national\/seisme-en-turquie-35-tunisiens-en-attente-de-rapatriement\/202867\/#breadcrumb","itemListElement":[{"@type":"ListItem","position":1,"name":"Accueil","item":"https:\/\/www.webdo.tn\/fr\/"},{"@type":"ListItem","position":2,"name":"S\u00e9isme en Turquie : 35 Tunisiens en attente de rapatriement"}]},{"@type":"WebSite","@id":"https:\/\/www.webdo.tn\/fr\/#website","url":"https:\/\/www.webdo.tn\/fr\/","name":"webdo","description":"Tunisie - News en Tunisie et \u00e0 l&#039;international sur Webdo.tn","publisher":{"@id":"https:\/\/www.webdo.tn\/fr\/#organization"},"potentialAction":[{"@type":"SearchAction","target":{"@type":"EntryPoint","urlTemplate":"https:\/\/www.webdo.tn\/fr\/?s={search_term_string}"},"query-input":{"@type":"PropertyValueSpecification","valueRequired":true,"valueName":"search_term_string"}}],"inLanguage":"fr-FR"},{"@type":"Organization","@id":"https:\/\/www.webdo.tn\/fr\/#organization","name":"Webdo","alternateName":"Webdo.tn","url":"https:\/\/www.webdo.tn\/fr\/","logo":{"@type":"ImageObject","inLanguage":"fr-FR","@id":"https:\/\/www.webdo.tn\/fr\/#\/schema\/logo\/image\/","url":"https:\/\/www.webdo.tn\/fr\/wp-content\/uploads\/2025\/06\/Webdo-Tunisie_168377.jpg","contentUrl":"https:\/\/www.webdo.tn\/fr\/wp-content\/uploads\/2025\/06\/Webdo-Tunisie_168377.jpg","width":301,"height":301,"caption":"Webdo"},"image":{"@id":"https:\/\/www.webdo.tn\/fr\/#\/schema\/logo\/image\/"},"sameAs":["https:\/\/www.facebook.com\/webdotn","https:\/\/x.com\/webdo_tn"],"description":"Webdo est un m\u00e9dia num\u00e9rique tunisien fond\u00e9 en 2010, sp\u00e9cialis\u00e9 dans l\u2019actualit\u00e9 nationale et internationale, l\u2019\u00e9conomie, la soci\u00e9t\u00e9 et les analyses politiques. Le site s\u2019adresse \u00e0 un large public francophone et couvre l\u2019information tunisienne en temps r\u00e9el.","email":"redac@webdo.tn","legalName":"YNJ SARL","foundingDate":"2010-09-06","numberOfEmployees":{"@type":"QuantitativeValue","minValue":"11","maxValue":"50"}},{"@type":"Person","@id":"https:\/\/www.webdo.tn\/fr\/#\/schema\/person\/2c4929cbf5a809e3bd38617c6ce150f6","name":"MC","image":{"@type":"ImageObject","inLanguage":"fr-FR","@id":"https:\/\/secure.gravatar.com\/avatar\/a545bbb6f84efdd5553dbbc2895e3ca8f1d12c5215e00a041c9670b54aa9b18a?s=96&d=mm&r=g","url":"https:\/\/secure.gravatar.com\/avatar\/a545bbb6f84efdd5553dbbc2895e3ca8f1d12c5215e00a041c9670b54aa9b18a?s=96&d=mm&r=g","contentUrl":"https:\/\/secure.gravatar.com\/avatar\/a545bbb6f84efdd5553dbbc2895e3ca8f1d12c5215e00a041c9670b54aa9b18a?s=96&d=mm&r=g","caption":"MC"},"url":"https:\/\/www.webdo.tn\/fr\/actualite\/author\/mc\/"}]}},"_links":{"self":[{"href":"https:\/\/www.webdo.tn\/fr\/wp-json\/wp\/v2\/posts\/202867","targetHints":{"allow":["GET"]}}],"collection":[{"href":"https:\/\/www.webdo.tn\/fr\/wp-json\/wp\/v2\/posts"}],"about":[{"href":"https:\/\/www.webdo.tn\/fr\/wp-json\/wp\/v2\/types\/post"}],"author":[{"embeddable":true,"href":"https:\/\/www.webdo.tn\/fr\/wp-json\/wp\/v2\/users\/3162"}],"replies":[{"embeddable":true,"href":"https:\/\/www.webdo.tn\/fr\/wp-json\/wp\/v2\/comments?post=202867"}],"version-history":[{"count":0,"href":"https:\/\/www.webdo.tn\/fr\/wp-json\/wp\/v2\/posts\/202867\/revisions"}],"wp:featuredmedia":[{"embeddable":true,"href":"https:\/\/www.webdo.tn\/fr\/wp-json\/wp\/v2\/media\/252222"}],"wp:attachment":[{"href":"https:\/\/www.webdo.tn\/fr\/wp-json\/wp\/v2\/media?parent=202867"}],"wp:term":[{"taxonomy":"category","embeddable":true,"href":"https:\/\/www.webdo.tn\/fr\/wp-json\/wp\/v2\/categories?post=202867"},{"taxonomy":"post_tag","embeddable":true,"href":"https:\/\/www.webdo.tn\/fr\/wp-json\/wp\/v2\/tags?post=202867"}],"curies":[{"name":"wp","href":"https:\/\/api.w.org\/{rel}","templated":true}]}}