{"id":202863,"date":"2023-02-13T10:26:00","date_gmt":"2023-02-13T10:26:00","guid":{"rendered":"https:\/\/www.webdo.tn\/fr\/blog\/un-bebe-sauve-apres-128-heures-reste-bloque-sous-les-decombres\/202863\/"},"modified":"2025-05-20T22:02:34","modified_gmt":"2025-05-20T22:02:34","slug":"un-bebe-sauve-apres-128-heures-reste-bloque-sous-les-decombres","status":"publish","type":"post","link":"https:\/\/www.webdo.tn\/fr\/actualite\/international\/un-bebe-sauve-apres-128-heures-reste-bloque-sous-les-decombres\/202863\/","title":{"rendered":"Un b\u00e9b\u00e9 sauv\u00e9 apr\u00e8s 128 heures rest\u00e9 bloqu\u00e9 sous les d\u00e9combres"},"content":{"rendered":"<p>Au moins 33.179 personnes ont trouv\u00e9 la mort dans le s\u00e9isme de magnitude 7,8 qui a frapp\u00e9 la Turquie et la Syrie le 6 f\u00e9vrier dernier. Mais ce nouveau bilan, annonc\u00e9 hier, pourrait encore \u00abdoubler\u00bb selon l&rsquo;ONU.<\/p>\n<p>\t\t\t\t\t\t\t\t\tSept jours apr\u00e8s le drame, les secours continuent de s\u2019activer afin de retrouver d\u2019\u00e9ventuels survivants au terrible s\u00e9isme du 6 f\u00e9vrier dernier.<\/p>\n<p>Une semaine apr\u00e8s la catastrophe, des survivants ont \u00e9t\u00e9 retir\u00e9s des d\u00e9combres, comme le petit Halit Ali Talha, \u00e2g\u00e9 de deux mois, rest\u00e9 bloqu\u00e9 128 heures et retrouv\u00e9 dans les bras de sa m\u00e8re d\u00e9c\u00e9d\u00e9e, selon les m\u00e9dias locaux.<\/p>\n<p>Par ailleurs, les Nations unies ont averti qu&rsquo;au moins 870.000 personnes avaient besoin en urgence de repas chauds en Turquie et en Syrie. Jusqu&rsquo;\u00e0 5,3 millions seraient actuellement sans toit rien qu&rsquo;en Syrie.<\/p>\n<p>Le d\u00e9compte des morts va \u00abdoubler ou plus\u00bb, a alert\u00e9 samedi le chef de l&rsquo;agence humanitaire de l&rsquo;ONU, Martin Griffiths. Ce dernier s&rsquo;est rendu samedi en Turquie dans la ville de Kahramanmaras, \u00e9picentre du tremblement de terre.<\/p>\n<p>\u00abJe pense qu&rsquo;il est difficile d&rsquo;estimer (le bilan) pr\u00e9cis\u00e9ment car nous devons passer sous les d\u00e9combres (&#8230;). On n&rsquo;a pas encore r\u00e9ellement commenc\u00e9 \u00e0 compter le nombre de morts\u00bb, a-t-il d\u00e9clar\u00e9 \u00e0 Sky News.<\/p>\n","protected":false},"excerpt":{"rendered":"<p>Au moins 33.179 personnes ont trouv\u00e9 la mort dans le s\u00e9isme de magnitude 7,8 qui a frapp\u00e9 la Turquie et la Syrie le 6 f\u00e9vrier dernier. Mais ce nouveau bilan, an&#8230;<\/p>\n","protected":false},"author":3162,"featured_media":252216,"comment_status":"open","ping_status":"closed","sticky":false,"template":"","format":"standard","meta":{"footnotes":""},"categories":[2598],"tags":[5941,7271,8796,3504,3550],"class_list":["post-202863","post","type-post","status-publish","format-standard","has-post-thumbnail","hentry","category-international","tag-bilan","tag-seisme","tag-survivant","tag-syrie","tag-turquie"],"yoast_head":"<!-- This site is optimized with the Yoast SEO Premium plugin v27.4 (Yoast SEO v27.5) - https:\/\/yoast.com\/product\/yoast-seo-premium-wordpress\/ -->\n<title>Un b\u00e9b\u00e9 sauv\u00e9 apr\u00e8s 128 heures rest\u00e9 bloqu\u00e9 sous les d\u00e9combres<\/title>\n<meta name=\"description\" content=\"Au moins 33.179 personnes ont trouv\u00e9 la mort dans le s\u00e9isme de magnitude 7,8 qui a frapp\u00e9 la Turquie et la Syrie le 6 f\u00e9vrier dernier. Mais ce nouveau bilan, an...\" \/>\n<link rel=\"canonical\" href=\"https:\/\/www.webdo.tn\/fr\/actualite\/international\/un-bebe-sauve-apres-128-heures-reste-bloque-sous-les-decombres\/202863\/\" \/>\n<meta property=\"og:locale\" content=\"fr_FR\" \/>\n<meta property=\"og:type\" content=\"article\" \/>\n<meta property=\"og:title\" content=\"Un b\u00e9b\u00e9 sauv\u00e9 apr\u00e8s 128 heures rest\u00e9 bloqu\u00e9 sous les d\u00e9combres\" \/>\n<meta property=\"og:description\" content=\"Au moins 33.179 personnes ont trouv\u00e9 la mort dans le s\u00e9isme de magnitude 7,8 qui a frapp\u00e9 la Turquie et la Syrie le 6 f\u00e9vrier dernier. Mais ce nouveau bilan, an...\" \/>\n<meta property=\"og:url\" content=\"https:\/\/www.webdo.tn\/fr\/actualite\/international\/un-bebe-sauve-apres-128-heures-reste-bloque-sous-les-decombres\/202863\/\" \/>\n<meta property=\"og:site_name\" content=\"webdo\" \/>\n<meta property=\"article:publisher\" content=\"https:\/\/www.facebook.com\/webdotn\" \/>\n<meta property=\"article:published_time\" content=\"2023-02-13T10:26:00+00:00\" \/>\n<meta property=\"article:modified_time\" content=\"2025-05-20T22:02:34+00:00\" \/>\n<meta property=\"og:image\" content=\"https:\/\/www.webdo.tn\/fr\/wp-content\/uploads\/2023\/02\/fd2d601cd11e9b196547a5781c2d0a5f.jpg\" \/>\n\t<meta property=\"og:image:width\" content=\"750\" \/>\n\t<meta property=\"og:image:height\" content=\"400\" \/>\n\t<meta property=\"og:image:type\" content=\"image\/jpeg\" \/>\n<meta name=\"author\" content=\"MC\" \/>\n<meta name=\"twitter:card\" content=\"summary_large_image\" \/>\n<meta name=\"twitter:creator\" content=\"@webdo_tn\" \/>\n<meta name=\"twitter:site\" content=\"@webdo_tn\" \/>\n<meta name=\"twitter:label1\" content=\"\u00c9crit par\" \/>\n\t<meta name=\"twitter:data1\" content=\"MC\" \/>\n\t<meta name=\"twitter:label2\" content=\"Dur\u00e9e de lecture estim\u00e9e\" \/>\n\t<meta name=\"twitter:data2\" content=\"1 minute\" \/>\n<script type=\"application\/ld+json\" class=\"yoast-schema-graph\">{\"@context\":\"https:\\\/\\\/schema.org\",\"@graph\":[{\"@type\":\"NewsArticle\",\"@id\":\"https:\\\/\\\/www.webdo.tn\\\/fr\\\/actualite\\\/international\\\/un-bebe-sauve-apres-128-heures-reste-bloque-sous-les-decombres\\\/202863\\\/#article\",\"isPartOf\":{\"@id\":\"https:\\\/\\\/www.webdo.tn\\\/fr\\\/actualite\\\/international\\\/un-bebe-sauve-apres-128-heures-reste-bloque-sous-les-decombres\\\/202863\\\/\"},\"author\":{\"name\":\"MC\",\"@id\":\"https:\\\/\\\/www.webdo.tn\\\/fr\\\/#\\\/schema\\\/person\\\/2c4929cbf5a809e3bd38617c6ce150f6\"},\"headline\":\"Un b\u00e9b\u00e9 sauv\u00e9 apr\u00e8s 128 heures rest\u00e9 bloqu\u00e9 sous les d\u00e9combres\",\"datePublished\":\"2023-02-13T10:26:00+00:00\",\"dateModified\":\"2025-05-20T22:02:34+00:00\",\"mainEntityOfPage\":{\"@id\":\"https:\\\/\\\/www.webdo.tn\\\/fr\\\/actualite\\\/international\\\/un-bebe-sauve-apres-128-heures-reste-bloque-sous-les-decombres\\\/202863\\\/\"},\"wordCount\":235,\"commentCount\":0,\"publisher\":{\"@id\":\"https:\\\/\\\/www.webdo.tn\\\/fr\\\/#organization\"},\"image\":{\"@id\":\"https:\\\/\\\/www.webdo.tn\\\/fr\\\/actualite\\\/international\\\/un-bebe-sauve-apres-128-heures-reste-bloque-sous-les-decombres\\\/202863\\\/#primaryimage\"},\"thumbnailUrl\":\"https:\\\/\\\/www.webdo.tn\\\/fr\\\/wp-content\\\/uploads\\\/2023\\\/02\\\/fd2d601cd11e9b196547a5781c2d0a5f.jpg\",\"keywords\":[\"bilan\",\"s\u00e9isme\",\"survivant\",\"syrie\",\"Turquie\"],\"articleSection\":[\"International\"],\"inLanguage\":\"fr-FR\"},{\"@type\":\"WebPage\",\"@id\":\"https:\\\/\\\/www.webdo.tn\\\/fr\\\/actualite\\\/international\\\/un-bebe-sauve-apres-128-heures-reste-bloque-sous-les-decombres\\\/202863\\\/\",\"url\":\"https:\\\/\\\/www.webdo.tn\\\/fr\\\/actualite\\\/international\\\/un-bebe-sauve-apres-128-heures-reste-bloque-sous-les-decombres\\\/202863\\\/\",\"name\":\"Un b\u00e9b\u00e9 sauv\u00e9 apr\u00e8s 128 heures rest\u00e9 bloqu\u00e9 sous les d\u00e9combres\",\"isPartOf\":{\"@id\":\"https:\\\/\\\/www.webdo.tn\\\/fr\\\/#website\"},\"primaryImageOfPage\":{\"@id\":\"https:\\\/\\\/www.webdo.tn\\\/fr\\\/actualite\\\/international\\\/un-bebe-sauve-apres-128-heures-reste-bloque-sous-les-decombres\\\/202863\\\/#primaryimage\"},\"image\":{\"@id\":\"https:\\\/\\\/www.webdo.tn\\\/fr\\\/actualite\\\/international\\\/un-bebe-sauve-apres-128-heures-reste-bloque-sous-les-decombres\\\/202863\\\/#primaryimage\"},\"thumbnailUrl\":\"https:\\\/\\\/www.webdo.tn\\\/fr\\\/wp-content\\\/uploads\\\/2023\\\/02\\\/fd2d601cd11e9b196547a5781c2d0a5f.jpg\",\"datePublished\":\"2023-02-13T10:26:00+00:00\",\"dateModified\":\"2025-05-20T22:02:34+00:00\",\"description\":\"Au moins 33.179 personnes ont trouv\u00e9 la mort dans le s\u00e9isme de magnitude 7,8 qui a frapp\u00e9 la Turquie et la Syrie le 6 f\u00e9vrier dernier. Mais ce nouveau bilan, an...\",\"breadcrumb\":{\"@id\":\"https:\\\/\\\/www.webdo.tn\\\/fr\\\/actualite\\\/international\\\/un-bebe-sauve-apres-128-heures-reste-bloque-sous-les-decombres\\\/202863\\\/#breadcrumb\"},\"inLanguage\":\"fr-FR\",\"potentialAction\":[{\"@type\":\"ReadAction\",\"target\":[\"https:\\\/\\\/www.webdo.tn\\\/fr\\\/actualite\\\/international\\\/un-bebe-sauve-apres-128-heures-reste-bloque-sous-les-decombres\\\/202863\\\/\"]}]},{\"@type\":\"ImageObject\",\"inLanguage\":\"fr-FR\",\"@id\":\"https:\\\/\\\/www.webdo.tn\\\/fr\\\/actualite\\\/international\\\/un-bebe-sauve-apres-128-heures-reste-bloque-sous-les-decombres\\\/202863\\\/#primaryimage\",\"url\":\"https:\\\/\\\/www.webdo.tn\\\/fr\\\/wp-content\\\/uploads\\\/2023\\\/02\\\/fd2d601cd11e9b196547a5781c2d0a5f.jpg\",\"contentUrl\":\"https:\\\/\\\/www.webdo.tn\\\/fr\\\/wp-content\\\/uploads\\\/2023\\\/02\\\/fd2d601cd11e9b196547a5781c2d0a5f.jpg\",\"width\":750,\"height\":400,\"caption\":\"Un b\u00e9b\u00e9 sauv\u00e9 apr\u00e8s 128 heures rest\u00e9 bloqu\u00e9 sous les d\u00e9combres\"},{\"@type\":\"BreadcrumbList\",\"@id\":\"https:\\\/\\\/www.webdo.tn\\\/fr\\\/actualite\\\/international\\\/un-bebe-sauve-apres-128-heures-reste-bloque-sous-les-decombres\\\/202863\\\/#breadcrumb\",\"itemListElement\":[{\"@type\":\"ListItem\",\"position\":1,\"name\":\"Accueil\",\"item\":\"https:\\\/\\\/www.webdo.tn\\\/fr\\\/\"},{\"@type\":\"ListItem\",\"position\":2,\"name\":\"Un b\u00e9b\u00e9 sauv\u00e9 apr\u00e8s 128 heures rest\u00e9 bloqu\u00e9 sous les d\u00e9combres\"}]},{\"@type\":\"WebSite\",\"@id\":\"https:\\\/\\\/www.webdo.tn\\\/fr\\\/#website\",\"url\":\"https:\\\/\\\/www.webdo.tn\\\/fr\\\/\",\"name\":\"webdo\",\"description\":\"Tunisie - News en Tunisie et \u00e0 l&#039;international sur Webdo.tn\",\"publisher\":{\"@id\":\"https:\\\/\\\/www.webdo.tn\\\/fr\\\/#organization\"},\"potentialAction\":[{\"@type\":\"SearchAction\",\"target\":{\"@type\":\"EntryPoint\",\"urlTemplate\":\"https:\\\/\\\/www.webdo.tn\\\/fr\\\/?s={search_term_string}\"},\"query-input\":{\"@type\":\"PropertyValueSpecification\",\"valueRequired\":true,\"valueName\":\"search_term_string\"}}],\"inLanguage\":\"fr-FR\"},{\"@type\":\"Organization\",\"@id\":\"https:\\\/\\\/www.webdo.tn\\\/fr\\\/#organization\",\"name\":\"Webdo\",\"alternateName\":\"Webdo.tn\",\"url\":\"https:\\\/\\\/www.webdo.tn\\\/fr\\\/\",\"logo\":{\"@type\":\"ImageObject\",\"inLanguage\":\"fr-FR\",\"@id\":\"https:\\\/\\\/www.webdo.tn\\\/fr\\\/#\\\/schema\\\/logo\\\/image\\\/\",\"url\":\"https:\\\/\\\/www.webdo.tn\\\/fr\\\/wp-content\\\/uploads\\\/2025\\\/06\\\/Webdo-Tunisie_168377.jpg\",\"contentUrl\":\"https:\\\/\\\/www.webdo.tn\\\/fr\\\/wp-content\\\/uploads\\\/2025\\\/06\\\/Webdo-Tunisie_168377.jpg\",\"width\":301,\"height\":301,\"caption\":\"Webdo\"},\"image\":{\"@id\":\"https:\\\/\\\/www.webdo.tn\\\/fr\\\/#\\\/schema\\\/logo\\\/image\\\/\"},\"sameAs\":[\"https:\\\/\\\/www.facebook.com\\\/webdotn\",\"https:\\\/\\\/x.com\\\/webdo_tn\"],\"description\":\"Webdo est un m\u00e9dia num\u00e9rique tunisien fond\u00e9 en 2010, sp\u00e9cialis\u00e9 dans l\u2019actualit\u00e9 nationale et internationale, l\u2019\u00e9conomie, la soci\u00e9t\u00e9 et les analyses politiques. Le site s\u2019adresse \u00e0 un large public francophone et couvre l\u2019information tunisienne en temps r\u00e9el.\",\"email\":\"redac@webdo.tn\",\"legalName\":\"YNJ SARL\",\"foundingDate\":\"2010-09-06\",\"numberOfEmployees\":{\"@type\":\"QuantitativeValue\",\"minValue\":\"11\",\"maxValue\":\"50\"}},{\"@type\":\"Person\",\"@id\":\"https:\\\/\\\/www.webdo.tn\\\/fr\\\/#\\\/schema\\\/person\\\/2c4929cbf5a809e3bd38617c6ce150f6\",\"name\":\"MC\",\"image\":{\"@type\":\"ImageObject\",\"inLanguage\":\"fr-FR\",\"@id\":\"https:\\\/\\\/secure.gravatar.com\\\/avatar\\\/a545bbb6f84efdd5553dbbc2895e3ca8f1d12c5215e00a041c9670b54aa9b18a?s=96&d=mm&r=g\",\"url\":\"https:\\\/\\\/secure.gravatar.com\\\/avatar\\\/a545bbb6f84efdd5553dbbc2895e3ca8f1d12c5215e00a041c9670b54aa9b18a?s=96&d=mm&r=g\",\"contentUrl\":\"https:\\\/\\\/secure.gravatar.com\\\/avatar\\\/a545bbb6f84efdd5553dbbc2895e3ca8f1d12c5215e00a041c9670b54aa9b18a?s=96&d=mm&r=g\",\"caption\":\"MC\"},\"url\":\"https:\\\/\\\/www.webdo.tn\\\/fr\\\/actualite\\\/author\\\/mc\\\/\"}]}<\/script>\n<!-- \/ Yoast SEO Premium plugin. -->","yoast_head_json":{"title":"Un b\u00e9b\u00e9 sauv\u00e9 apr\u00e8s 128 heures rest\u00e9 bloqu\u00e9 sous les d\u00e9combres","description":"Au moins 33.179 personnes ont trouv\u00e9 la mort dans le s\u00e9isme de magnitude 7,8 qui a frapp\u00e9 la Turquie et la Syrie le 6 f\u00e9vrier dernier. Mais ce nouveau bilan, an...","canonical":"https:\/\/www.webdo.tn\/fr\/actualite\/international\/un-bebe-sauve-apres-128-heures-reste-bloque-sous-les-decombres\/202863\/","og_locale":"fr_FR","og_type":"article","og_title":"Un b\u00e9b\u00e9 sauv\u00e9 apr\u00e8s 128 heures rest\u00e9 bloqu\u00e9 sous les d\u00e9combres","og_description":"Au moins 33.179 personnes ont trouv\u00e9 la mort dans le s\u00e9isme de magnitude 7,8 qui a frapp\u00e9 la Turquie et la Syrie le 6 f\u00e9vrier dernier. Mais ce nouveau bilan, an...","og_url":"https:\/\/www.webdo.tn\/fr\/actualite\/international\/un-bebe-sauve-apres-128-heures-reste-bloque-sous-les-decombres\/202863\/","og_site_name":"webdo","article_publisher":"https:\/\/www.facebook.com\/webdotn","article_published_time":"2023-02-13T10:26:00+00:00","article_modified_time":"2025-05-20T22:02:34+00:00","og_image":[{"width":750,"height":400,"url":"https:\/\/www.webdo.tn\/fr\/wp-content\/uploads\/2023\/02\/fd2d601cd11e9b196547a5781c2d0a5f.jpg","type":"image\/jpeg"}],"author":"MC","twitter_card":"summary_large_image","twitter_creator":"@webdo_tn","twitter_site":"@webdo_tn","twitter_misc":{"\u00c9crit par":"MC","Dur\u00e9e de lecture estim\u00e9e":"1 minute"},"schema":{"@context":"https:\/\/schema.org","@graph":[{"@type":"NewsArticle","@id":"https:\/\/www.webdo.tn\/fr\/actualite\/international\/un-bebe-sauve-apres-128-heures-reste-bloque-sous-les-decombres\/202863\/#article","isPartOf":{"@id":"https:\/\/www.webdo.tn\/fr\/actualite\/international\/un-bebe-sauve-apres-128-heures-reste-bloque-sous-les-decombres\/202863\/"},"author":{"name":"MC","@id":"https:\/\/www.webdo.tn\/fr\/#\/schema\/person\/2c4929cbf5a809e3bd38617c6ce150f6"},"headline":"Un b\u00e9b\u00e9 sauv\u00e9 apr\u00e8s 128 heures rest\u00e9 bloqu\u00e9 sous les d\u00e9combres","datePublished":"2023-02-13T10:26:00+00:00","dateModified":"2025-05-20T22:02:34+00:00","mainEntityOfPage":{"@id":"https:\/\/www.webdo.tn\/fr\/actualite\/international\/un-bebe-sauve-apres-128-heures-reste-bloque-sous-les-decombres\/202863\/"},"wordCount":235,"commentCount":0,"publisher":{"@id":"https:\/\/www.webdo.tn\/fr\/#organization"},"image":{"@id":"https:\/\/www.webdo.tn\/fr\/actualite\/international\/un-bebe-sauve-apres-128-heures-reste-bloque-sous-les-decombres\/202863\/#primaryimage"},"thumbnailUrl":"https:\/\/www.webdo.tn\/fr\/wp-content\/uploads\/2023\/02\/fd2d601cd11e9b196547a5781c2d0a5f.jpg","keywords":["bilan","s\u00e9isme","survivant","syrie","Turquie"],"articleSection":["International"],"inLanguage":"fr-FR"},{"@type":"WebPage","@id":"https:\/\/www.webdo.tn\/fr\/actualite\/international\/un-bebe-sauve-apres-128-heures-reste-bloque-sous-les-decombres\/202863\/","url":"https:\/\/www.webdo.tn\/fr\/actualite\/international\/un-bebe-sauve-apres-128-heures-reste-bloque-sous-les-decombres\/202863\/","name":"Un b\u00e9b\u00e9 sauv\u00e9 apr\u00e8s 128 heures rest\u00e9 bloqu\u00e9 sous les d\u00e9combres","isPartOf":{"@id":"https:\/\/www.webdo.tn\/fr\/#website"},"primaryImageOfPage":{"@id":"https:\/\/www.webdo.tn\/fr\/actualite\/international\/un-bebe-sauve-apres-128-heures-reste-bloque-sous-les-decombres\/202863\/#primaryimage"},"image":{"@id":"https:\/\/www.webdo.tn\/fr\/actualite\/international\/un-bebe-sauve-apres-128-heures-reste-bloque-sous-les-decombres\/202863\/#primaryimage"},"thumbnailUrl":"https:\/\/www.webdo.tn\/fr\/wp-content\/uploads\/2023\/02\/fd2d601cd11e9b196547a5781c2d0a5f.jpg","datePublished":"2023-02-13T10:26:00+00:00","dateModified":"2025-05-20T22:02:34+00:00","description":"Au moins 33.179 personnes ont trouv\u00e9 la mort dans le s\u00e9isme de magnitude 7,8 qui a frapp\u00e9 la Turquie et la Syrie le 6 f\u00e9vrier dernier. Mais ce nouveau bilan, an...","breadcrumb":{"@id":"https:\/\/www.webdo.tn\/fr\/actualite\/international\/un-bebe-sauve-apres-128-heures-reste-bloque-sous-les-decombres\/202863\/#breadcrumb"},"inLanguage":"fr-FR","potentialAction":[{"@type":"ReadAction","target":["https:\/\/www.webdo.tn\/fr\/actualite\/international\/un-bebe-sauve-apres-128-heures-reste-bloque-sous-les-decombres\/202863\/"]}]},{"@type":"ImageObject","inLanguage":"fr-FR","@id":"https:\/\/www.webdo.tn\/fr\/actualite\/international\/un-bebe-sauve-apres-128-heures-reste-bloque-sous-les-decombres\/202863\/#primaryimage","url":"https:\/\/www.webdo.tn\/fr\/wp-content\/uploads\/2023\/02\/fd2d601cd11e9b196547a5781c2d0a5f.jpg","contentUrl":"https:\/\/www.webdo.tn\/fr\/wp-content\/uploads\/2023\/02\/fd2d601cd11e9b196547a5781c2d0a5f.jpg","width":750,"height":400,"caption":"Un b\u00e9b\u00e9 sauv\u00e9 apr\u00e8s 128 heures rest\u00e9 bloqu\u00e9 sous les d\u00e9combres"},{"@type":"BreadcrumbList","@id":"https:\/\/www.webdo.tn\/fr\/actualite\/international\/un-bebe-sauve-apres-128-heures-reste-bloque-sous-les-decombres\/202863\/#breadcrumb","itemListElement":[{"@type":"ListItem","position":1,"name":"Accueil","item":"https:\/\/www.webdo.tn\/fr\/"},{"@type":"ListItem","position":2,"name":"Un b\u00e9b\u00e9 sauv\u00e9 apr\u00e8s 128 heures rest\u00e9 bloqu\u00e9 sous les d\u00e9combres"}]},{"@type":"WebSite","@id":"https:\/\/www.webdo.tn\/fr\/#website","url":"https:\/\/www.webdo.tn\/fr\/","name":"webdo","description":"Tunisie - News en Tunisie et \u00e0 l&#039;international sur Webdo.tn","publisher":{"@id":"https:\/\/www.webdo.tn\/fr\/#organization"},"potentialAction":[{"@type":"SearchAction","target":{"@type":"EntryPoint","urlTemplate":"https:\/\/www.webdo.tn\/fr\/?s={search_term_string}"},"query-input":{"@type":"PropertyValueSpecification","valueRequired":true,"valueName":"search_term_string"}}],"inLanguage":"fr-FR"},{"@type":"Organization","@id":"https:\/\/www.webdo.tn\/fr\/#organization","name":"Webdo","alternateName":"Webdo.tn","url":"https:\/\/www.webdo.tn\/fr\/","logo":{"@type":"ImageObject","inLanguage":"fr-FR","@id":"https:\/\/www.webdo.tn\/fr\/#\/schema\/logo\/image\/","url":"https:\/\/www.webdo.tn\/fr\/wp-content\/uploads\/2025\/06\/Webdo-Tunisie_168377.jpg","contentUrl":"https:\/\/www.webdo.tn\/fr\/wp-content\/uploads\/2025\/06\/Webdo-Tunisie_168377.jpg","width":301,"height":301,"caption":"Webdo"},"image":{"@id":"https:\/\/www.webdo.tn\/fr\/#\/schema\/logo\/image\/"},"sameAs":["https:\/\/www.facebook.com\/webdotn","https:\/\/x.com\/webdo_tn"],"description":"Webdo est un m\u00e9dia num\u00e9rique tunisien fond\u00e9 en 2010, sp\u00e9cialis\u00e9 dans l\u2019actualit\u00e9 nationale et internationale, l\u2019\u00e9conomie, la soci\u00e9t\u00e9 et les analyses politiques. Le site s\u2019adresse \u00e0 un large public francophone et couvre l\u2019information tunisienne en temps r\u00e9el.","email":"redac@webdo.tn","legalName":"YNJ SARL","foundingDate":"2010-09-06","numberOfEmployees":{"@type":"QuantitativeValue","minValue":"11","maxValue":"50"}},{"@type":"Person","@id":"https:\/\/www.webdo.tn\/fr\/#\/schema\/person\/2c4929cbf5a809e3bd38617c6ce150f6","name":"MC","image":{"@type":"ImageObject","inLanguage":"fr-FR","@id":"https:\/\/secure.gravatar.com\/avatar\/a545bbb6f84efdd5553dbbc2895e3ca8f1d12c5215e00a041c9670b54aa9b18a?s=96&d=mm&r=g","url":"https:\/\/secure.gravatar.com\/avatar\/a545bbb6f84efdd5553dbbc2895e3ca8f1d12c5215e00a041c9670b54aa9b18a?s=96&d=mm&r=g","contentUrl":"https:\/\/secure.gravatar.com\/avatar\/a545bbb6f84efdd5553dbbc2895e3ca8f1d12c5215e00a041c9670b54aa9b18a?s=96&d=mm&r=g","caption":"MC"},"url":"https:\/\/www.webdo.tn\/fr\/actualite\/author\/mc\/"}]}},"_links":{"self":[{"href":"https:\/\/www.webdo.tn\/fr\/wp-json\/wp\/v2\/posts\/202863","targetHints":{"allow":["GET"]}}],"collection":[{"href":"https:\/\/www.webdo.tn\/fr\/wp-json\/wp\/v2\/posts"}],"about":[{"href":"https:\/\/www.webdo.tn\/fr\/wp-json\/wp\/v2\/types\/post"}],"author":[{"embeddable":true,"href":"https:\/\/www.webdo.tn\/fr\/wp-json\/wp\/v2\/users\/3162"}],"replies":[{"embeddable":true,"href":"https:\/\/www.webdo.tn\/fr\/wp-json\/wp\/v2\/comments?post=202863"}],"version-history":[{"count":0,"href":"https:\/\/www.webdo.tn\/fr\/wp-json\/wp\/v2\/posts\/202863\/revisions"}],"wp:featuredmedia":[{"embeddable":true,"href":"https:\/\/www.webdo.tn\/fr\/wp-json\/wp\/v2\/media\/252216"}],"wp:attachment":[{"href":"https:\/\/www.webdo.tn\/fr\/wp-json\/wp\/v2\/media?parent=202863"}],"wp:term":[{"taxonomy":"category","embeddable":true,"href":"https:\/\/www.webdo.tn\/fr\/wp-json\/wp\/v2\/categories?post=202863"},{"taxonomy":"post_tag","embeddable":true,"href":"https:\/\/www.webdo.tn\/fr\/wp-json\/wp\/v2\/tags?post=202863"}],"curies":[{"name":"wp","href":"https:\/\/api.w.org\/{rel}","templated":true}]}}