{"id":202856,"date":"2023-02-13T08:47:00","date_gmt":"2023-02-13T08:47:00","guid":{"rendered":"https:\/\/www.webdo.tn\/fr\/actualite\/blog\/es-sahel-mohamed-mkacher-annonce-sa-demission\/202856\/"},"modified":"2025-06-04T18:06:08","modified_gmt":"2025-06-04T18:06:08","slug":"es-sahel-mohamed-mkacher-annonce-sa-demission","status":"publish","type":"post","link":"https:\/\/www.webdo.tn\/fr\/actualite\/sport\/es-sahel-mohamed-mkacher-annonce-sa-demission\/202856\/","title":{"rendered":"ES Sahel : Mohamed Mkacher annonce sa d\u00e9mission"},"content":{"rendered":"<p>L&rsquo;entra\u00eeneur de l&rsquo;Etoile Sportive du Sahel, Mohamed Mkacher, a annonc\u00e9 hier, \u00e0 la surprise g\u00e9n\u00e9rale sa d\u00e9mission, juste apr\u00e8s la victoire de l\u2019\u00e9quipe \u00e9toil\u00e9e face \u00e0 l&rsquo;AS Soliman (2-0), en seizi\u00e8mes de finale de la Coupe de Tunisie de football.<\/p>\n<p> Mohamed Mkacher a annonc\u00e9 sa d\u00e9cision au cours de la conf\u00e9rence de presse d&rsquo;apr\u00e8s-match, \u00e9voquant des raisons personnelles.<\/p>\n<p>L&rsquo;ancien joueur du club avait \u00e9t\u00e9 d\u00e9sign\u00e9 \u00e0 la barre technique de l\u2019ESS en ao\u00fbt dernier. Depuis, il a permis \u00e0 son \u00e9quipe d\u2019assurer sa qualification au play-off apr\u00e8s avoir termin\u00e9 \u00e0 la 2e place de la poule A.<\/p>\n","protected":false},"excerpt":{"rendered":"<p>L&rsquo;entra\u00eeneur de l&rsquo;Etoile Sportive du Sahel, Mohamed Mkacher, a annonc\u00e9 hier, \u00e0 la surprise g\u00e9n\u00e9rale sa d\u00e9mission, juste apr\u00e8s la victoire de l\u2019\u00e9quipe \u00e9toil\u00e9e fa&#8230;<\/p>\n","protected":false},"author":3162,"featured_media":348148,"comment_status":"open","ping_status":"closed","sticky":false,"template":"","format":"standard","meta":{"footnotes":""},"categories":[2593],"tags":[6379,3892,4505,6914,11381],"class_list":["post-202856","post","type-post","status-publish","format-standard","has-post-thumbnail","hentry","category-sport","tag-demission","tag-es-sahel","tag-ess","tag-etoile-du-sahel","tag-mohamed-mkacher"],"yoast_head":"<!-- This site is optimized with the Yoast SEO Premium plugin v27.5 (Yoast SEO v27.5) - https:\/\/yoast.com\/product\/yoast-seo-premium-wordpress\/ -->\n<title>ES Sahel : Mohamed Mkacher annonce sa d\u00e9mission<\/title>\n<meta name=\"description\" content=\"L&#039;entra\u00eeneur de l&#039;Etoile Sportive du Sahel, Mohamed Mkacher, a annonc\u00e9 hier, \u00e0 la surprise g\u00e9n\u00e9rale sa d\u00e9mission, juste apr\u00e8s la victoire de l\u2019\u00e9quipe \u00e9toil\u00e9e fa...\" \/>\n<link rel=\"canonical\" href=\"https:\/\/www.webdo.tn\/fr\/actualite\/sport\/es-sahel-mohamed-mkacher-annonce-sa-demission\/202856\/\" \/>\n<meta property=\"og:locale\" content=\"fr_FR\" \/>\n<meta property=\"og:type\" content=\"article\" \/>\n<meta property=\"og:title\" content=\"ES Sahel : Mohamed Mkacher annonce sa d\u00e9mission\" \/>\n<meta property=\"og:description\" content=\"L&#039;entra\u00eeneur de l&#039;Etoile Sportive du Sahel, Mohamed Mkacher, a annonc\u00e9 hier, \u00e0 la surprise g\u00e9n\u00e9rale sa d\u00e9mission, juste apr\u00e8s la victoire de l\u2019\u00e9quipe \u00e9toil\u00e9e fa...\" \/>\n<meta property=\"og:url\" content=\"https:\/\/www.webdo.tn\/fr\/actualite\/sport\/es-sahel-mohamed-mkacher-annonce-sa-demission\/202856\/\" \/>\n<meta property=\"og:site_name\" content=\"webdo\" \/>\n<meta property=\"article:publisher\" content=\"https:\/\/www.facebook.com\/webdotn\" \/>\n<meta property=\"article:published_time\" content=\"2023-02-13T08:47:00+00:00\" \/>\n<meta property=\"article:modified_time\" content=\"2025-06-04T18:06:08+00:00\" \/>\n<meta property=\"og:image\" content=\"https:\/\/www.webdo.tn\/fr\/wp-content\/uploads\/2023\/02\/f235e561dbe78a4651a7ac6a4a96bd96.jpg\" \/>\n\t<meta property=\"og:image:width\" content=\"750\" \/>\n\t<meta property=\"og:image:height\" content=\"400\" \/>\n\t<meta property=\"og:image:type\" content=\"image\/jpeg\" \/>\n<meta name=\"author\" content=\"MC\" \/>\n<meta name=\"twitter:card\" content=\"summary_large_image\" \/>\n<meta name=\"twitter:creator\" content=\"@webdo_tn\" \/>\n<meta name=\"twitter:site\" content=\"@webdo_tn\" \/>\n<meta name=\"twitter:label1\" content=\"\u00c9crit par\" \/>\n\t<meta name=\"twitter:data1\" content=\"MC\" \/>\n\t<meta name=\"twitter:label2\" content=\"Dur\u00e9e de lecture estim\u00e9e\" \/>\n\t<meta name=\"twitter:data2\" content=\"1 minute\" \/>\n<script type=\"application\/ld+json\" class=\"yoast-schema-graph\">{\"@context\":\"https:\\\/\\\/schema.org\",\"@graph\":[{\"@type\":\"NewsArticle\",\"@id\":\"https:\\\/\\\/www.webdo.tn\\\/fr\\\/actualite\\\/sport\\\/es-sahel-mohamed-mkacher-annonce-sa-demission\\\/202856\\\/#article\",\"isPartOf\":{\"@id\":\"https:\\\/\\\/www.webdo.tn\\\/fr\\\/actualite\\\/sport\\\/es-sahel-mohamed-mkacher-annonce-sa-demission\\\/202856\\\/\"},\"author\":{\"name\":\"MC\",\"@id\":\"https:\\\/\\\/www.webdo.tn\\\/fr\\\/#\\\/schema\\\/person\\\/2c4929cbf5a809e3bd38617c6ce150f6\"},\"headline\":\"ES Sahel : Mohamed Mkacher annonce sa d\u00e9mission\",\"datePublished\":\"2023-02-13T08:47:00+00:00\",\"dateModified\":\"2025-06-04T18:06:08+00:00\",\"mainEntityOfPage\":{\"@id\":\"https:\\\/\\\/www.webdo.tn\\\/fr\\\/actualite\\\/sport\\\/es-sahel-mohamed-mkacher-annonce-sa-demission\\\/202856\\\/\"},\"wordCount\":121,\"commentCount\":0,\"publisher\":{\"@id\":\"https:\\\/\\\/www.webdo.tn\\\/fr\\\/#organization\"},\"image\":{\"@id\":\"https:\\\/\\\/www.webdo.tn\\\/fr\\\/actualite\\\/sport\\\/es-sahel-mohamed-mkacher-annonce-sa-demission\\\/202856\\\/#primaryimage\"},\"thumbnailUrl\":\"https:\\\/\\\/www.webdo.tn\\\/fr\\\/wp-content\\\/uploads\\\/2023\\\/02\\\/f235e561dbe78a4651a7ac6a4a96bd96.jpg\",\"keywords\":[\"D\u00e9mission\",\"ES Sahel\",\"ESS\",\"\u00e9toile du sahel\",\"mohamed mkacher\"],\"articleSection\":[\"Sport\"],\"inLanguage\":\"fr-FR\"},{\"@type\":\"WebPage\",\"@id\":\"https:\\\/\\\/www.webdo.tn\\\/fr\\\/actualite\\\/sport\\\/es-sahel-mohamed-mkacher-annonce-sa-demission\\\/202856\\\/\",\"url\":\"https:\\\/\\\/www.webdo.tn\\\/fr\\\/actualite\\\/sport\\\/es-sahel-mohamed-mkacher-annonce-sa-demission\\\/202856\\\/\",\"name\":\"ES Sahel : Mohamed Mkacher annonce sa d\u00e9mission\",\"isPartOf\":{\"@id\":\"https:\\\/\\\/www.webdo.tn\\\/fr\\\/#website\"},\"primaryImageOfPage\":{\"@id\":\"https:\\\/\\\/www.webdo.tn\\\/fr\\\/actualite\\\/sport\\\/es-sahel-mohamed-mkacher-annonce-sa-demission\\\/202856\\\/#primaryimage\"},\"image\":{\"@id\":\"https:\\\/\\\/www.webdo.tn\\\/fr\\\/actualite\\\/sport\\\/es-sahel-mohamed-mkacher-annonce-sa-demission\\\/202856\\\/#primaryimage\"},\"thumbnailUrl\":\"https:\\\/\\\/www.webdo.tn\\\/fr\\\/wp-content\\\/uploads\\\/2023\\\/02\\\/f235e561dbe78a4651a7ac6a4a96bd96.jpg\",\"datePublished\":\"2023-02-13T08:47:00+00:00\",\"dateModified\":\"2025-06-04T18:06:08+00:00\",\"description\":\"L'entra\u00eeneur de l'Etoile Sportive du Sahel, Mohamed Mkacher, a annonc\u00e9 hier, \u00e0 la surprise g\u00e9n\u00e9rale sa d\u00e9mission, juste apr\u00e8s la victoire de l\u2019\u00e9quipe \u00e9toil\u00e9e fa...\",\"breadcrumb\":{\"@id\":\"https:\\\/\\\/www.webdo.tn\\\/fr\\\/actualite\\\/sport\\\/es-sahel-mohamed-mkacher-annonce-sa-demission\\\/202856\\\/#breadcrumb\"},\"inLanguage\":\"fr-FR\",\"potentialAction\":[{\"@type\":\"ReadAction\",\"target\":[\"https:\\\/\\\/www.webdo.tn\\\/fr\\\/actualite\\\/sport\\\/es-sahel-mohamed-mkacher-annonce-sa-demission\\\/202856\\\/\"]}]},{\"@type\":\"ImageObject\",\"inLanguage\":\"fr-FR\",\"@id\":\"https:\\\/\\\/www.webdo.tn\\\/fr\\\/actualite\\\/sport\\\/es-sahel-mohamed-mkacher-annonce-sa-demission\\\/202856\\\/#primaryimage\",\"url\":\"https:\\\/\\\/www.webdo.tn\\\/fr\\\/wp-content\\\/uploads\\\/2023\\\/02\\\/f235e561dbe78a4651a7ac6a4a96bd96.jpg\",\"contentUrl\":\"https:\\\/\\\/www.webdo.tn\\\/fr\\\/wp-content\\\/uploads\\\/2023\\\/02\\\/f235e561dbe78a4651a7ac6a4a96bd96.jpg\",\"width\":750,\"height\":400,\"caption\":\"ES Sahel : Mohamed Mkacher annonce sa d\u00e9mission\"},{\"@type\":\"BreadcrumbList\",\"@id\":\"https:\\\/\\\/www.webdo.tn\\\/fr\\\/actualite\\\/sport\\\/es-sahel-mohamed-mkacher-annonce-sa-demission\\\/202856\\\/#breadcrumb\",\"itemListElement\":[{\"@type\":\"ListItem\",\"position\":1,\"name\":\"Accueil\",\"item\":\"https:\\\/\\\/www.webdo.tn\\\/fr\\\/\"},{\"@type\":\"ListItem\",\"position\":2,\"name\":\"ES Sahel : Mohamed Mkacher annonce sa d\u00e9mission\"}]},{\"@type\":\"WebSite\",\"@id\":\"https:\\\/\\\/www.webdo.tn\\\/fr\\\/#website\",\"url\":\"https:\\\/\\\/www.webdo.tn\\\/fr\\\/\",\"name\":\"webdo\",\"description\":\"Tunisie - News en Tunisie et \u00e0 l&#039;international sur Webdo.tn\",\"publisher\":{\"@id\":\"https:\\\/\\\/www.webdo.tn\\\/fr\\\/#organization\"},\"potentialAction\":[{\"@type\":\"SearchAction\",\"target\":{\"@type\":\"EntryPoint\",\"urlTemplate\":\"https:\\\/\\\/www.webdo.tn\\\/fr\\\/?s={search_term_string}\"},\"query-input\":{\"@type\":\"PropertyValueSpecification\",\"valueRequired\":true,\"valueName\":\"search_term_string\"}}],\"inLanguage\":\"fr-FR\"},{\"@type\":\"Organization\",\"@id\":\"https:\\\/\\\/www.webdo.tn\\\/fr\\\/#organization\",\"name\":\"Webdo\",\"alternateName\":\"Webdo.tn\",\"url\":\"https:\\\/\\\/www.webdo.tn\\\/fr\\\/\",\"logo\":{\"@type\":\"ImageObject\",\"inLanguage\":\"fr-FR\",\"@id\":\"https:\\\/\\\/www.webdo.tn\\\/fr\\\/#\\\/schema\\\/logo\\\/image\\\/\",\"url\":\"https:\\\/\\\/www.webdo.tn\\\/fr\\\/wp-content\\\/uploads\\\/2025\\\/06\\\/Webdo-Tunisie_168377.jpg\",\"contentUrl\":\"https:\\\/\\\/www.webdo.tn\\\/fr\\\/wp-content\\\/uploads\\\/2025\\\/06\\\/Webdo-Tunisie_168377.jpg\",\"width\":301,\"height\":301,\"caption\":\"Webdo\"},\"image\":{\"@id\":\"https:\\\/\\\/www.webdo.tn\\\/fr\\\/#\\\/schema\\\/logo\\\/image\\\/\"},\"sameAs\":[\"https:\\\/\\\/www.facebook.com\\\/webdotn\",\"https:\\\/\\\/x.com\\\/webdo_tn\"],\"description\":\"Webdo est un m\u00e9dia num\u00e9rique tunisien fond\u00e9 en 2010, sp\u00e9cialis\u00e9 dans l\u2019actualit\u00e9 nationale et internationale, l\u2019\u00e9conomie, la soci\u00e9t\u00e9 et les analyses politiques. Le site s\u2019adresse \u00e0 un large public francophone et couvre l\u2019information tunisienne en temps r\u00e9el.\",\"email\":\"redac@webdo.tn\",\"legalName\":\"YNJ SARL\",\"foundingDate\":\"2010-09-06\",\"numberOfEmployees\":{\"@type\":\"QuantitativeValue\",\"minValue\":\"11\",\"maxValue\":\"50\"}},{\"@type\":\"Person\",\"@id\":\"https:\\\/\\\/www.webdo.tn\\\/fr\\\/#\\\/schema\\\/person\\\/2c4929cbf5a809e3bd38617c6ce150f6\",\"name\":\"MC\",\"image\":{\"@type\":\"ImageObject\",\"inLanguage\":\"fr-FR\",\"@id\":\"https:\\\/\\\/secure.gravatar.com\\\/avatar\\\/a545bbb6f84efdd5553dbbc2895e3ca8f1d12c5215e00a041c9670b54aa9b18a?s=96&d=mm&r=g\",\"url\":\"https:\\\/\\\/secure.gravatar.com\\\/avatar\\\/a545bbb6f84efdd5553dbbc2895e3ca8f1d12c5215e00a041c9670b54aa9b18a?s=96&d=mm&r=g\",\"contentUrl\":\"https:\\\/\\\/secure.gravatar.com\\\/avatar\\\/a545bbb6f84efdd5553dbbc2895e3ca8f1d12c5215e00a041c9670b54aa9b18a?s=96&d=mm&r=g\",\"caption\":\"MC\"},\"url\":\"https:\\\/\\\/www.webdo.tn\\\/fr\\\/actualite\\\/author\\\/mc\\\/\"}]}<\/script>\n<!-- \/ Yoast SEO Premium plugin. -->","yoast_head_json":{"title":"ES Sahel : Mohamed Mkacher annonce sa d\u00e9mission","description":"L'entra\u00eeneur de l'Etoile Sportive du Sahel, Mohamed Mkacher, a annonc\u00e9 hier, \u00e0 la surprise g\u00e9n\u00e9rale sa d\u00e9mission, juste apr\u00e8s la victoire de l\u2019\u00e9quipe \u00e9toil\u00e9e fa...","canonical":"https:\/\/www.webdo.tn\/fr\/actualite\/sport\/es-sahel-mohamed-mkacher-annonce-sa-demission\/202856\/","og_locale":"fr_FR","og_type":"article","og_title":"ES Sahel : Mohamed Mkacher annonce sa d\u00e9mission","og_description":"L'entra\u00eeneur de l'Etoile Sportive du Sahel, Mohamed Mkacher, a annonc\u00e9 hier, \u00e0 la surprise g\u00e9n\u00e9rale sa d\u00e9mission, juste apr\u00e8s la victoire de l\u2019\u00e9quipe \u00e9toil\u00e9e fa...","og_url":"https:\/\/www.webdo.tn\/fr\/actualite\/sport\/es-sahel-mohamed-mkacher-annonce-sa-demission\/202856\/","og_site_name":"webdo","article_publisher":"https:\/\/www.facebook.com\/webdotn","article_published_time":"2023-02-13T08:47:00+00:00","article_modified_time":"2025-06-04T18:06:08+00:00","og_image":[{"width":750,"height":400,"url":"https:\/\/www.webdo.tn\/fr\/wp-content\/uploads\/2023\/02\/f235e561dbe78a4651a7ac6a4a96bd96.jpg","type":"image\/jpeg"}],"author":"MC","twitter_card":"summary_large_image","twitter_creator":"@webdo_tn","twitter_site":"@webdo_tn","twitter_misc":{"\u00c9crit par":"MC","Dur\u00e9e de lecture estim\u00e9e":"1 minute"},"schema":{"@context":"https:\/\/schema.org","@graph":[{"@type":"NewsArticle","@id":"https:\/\/www.webdo.tn\/fr\/actualite\/sport\/es-sahel-mohamed-mkacher-annonce-sa-demission\/202856\/#article","isPartOf":{"@id":"https:\/\/www.webdo.tn\/fr\/actualite\/sport\/es-sahel-mohamed-mkacher-annonce-sa-demission\/202856\/"},"author":{"name":"MC","@id":"https:\/\/www.webdo.tn\/fr\/#\/schema\/person\/2c4929cbf5a809e3bd38617c6ce150f6"},"headline":"ES Sahel : Mohamed Mkacher annonce sa d\u00e9mission","datePublished":"2023-02-13T08:47:00+00:00","dateModified":"2025-06-04T18:06:08+00:00","mainEntityOfPage":{"@id":"https:\/\/www.webdo.tn\/fr\/actualite\/sport\/es-sahel-mohamed-mkacher-annonce-sa-demission\/202856\/"},"wordCount":121,"commentCount":0,"publisher":{"@id":"https:\/\/www.webdo.tn\/fr\/#organization"},"image":{"@id":"https:\/\/www.webdo.tn\/fr\/actualite\/sport\/es-sahel-mohamed-mkacher-annonce-sa-demission\/202856\/#primaryimage"},"thumbnailUrl":"https:\/\/www.webdo.tn\/fr\/wp-content\/uploads\/2023\/02\/f235e561dbe78a4651a7ac6a4a96bd96.jpg","keywords":["D\u00e9mission","ES Sahel","ESS","\u00e9toile du sahel","mohamed mkacher"],"articleSection":["Sport"],"inLanguage":"fr-FR"},{"@type":"WebPage","@id":"https:\/\/www.webdo.tn\/fr\/actualite\/sport\/es-sahel-mohamed-mkacher-annonce-sa-demission\/202856\/","url":"https:\/\/www.webdo.tn\/fr\/actualite\/sport\/es-sahel-mohamed-mkacher-annonce-sa-demission\/202856\/","name":"ES Sahel : Mohamed Mkacher annonce sa d\u00e9mission","isPartOf":{"@id":"https:\/\/www.webdo.tn\/fr\/#website"},"primaryImageOfPage":{"@id":"https:\/\/www.webdo.tn\/fr\/actualite\/sport\/es-sahel-mohamed-mkacher-annonce-sa-demission\/202856\/#primaryimage"},"image":{"@id":"https:\/\/www.webdo.tn\/fr\/actualite\/sport\/es-sahel-mohamed-mkacher-annonce-sa-demission\/202856\/#primaryimage"},"thumbnailUrl":"https:\/\/www.webdo.tn\/fr\/wp-content\/uploads\/2023\/02\/f235e561dbe78a4651a7ac6a4a96bd96.jpg","datePublished":"2023-02-13T08:47:00+00:00","dateModified":"2025-06-04T18:06:08+00:00","description":"L'entra\u00eeneur de l'Etoile Sportive du Sahel, Mohamed Mkacher, a annonc\u00e9 hier, \u00e0 la surprise g\u00e9n\u00e9rale sa d\u00e9mission, juste apr\u00e8s la victoire de l\u2019\u00e9quipe \u00e9toil\u00e9e fa...","breadcrumb":{"@id":"https:\/\/www.webdo.tn\/fr\/actualite\/sport\/es-sahel-mohamed-mkacher-annonce-sa-demission\/202856\/#breadcrumb"},"inLanguage":"fr-FR","potentialAction":[{"@type":"ReadAction","target":["https:\/\/www.webdo.tn\/fr\/actualite\/sport\/es-sahel-mohamed-mkacher-annonce-sa-demission\/202856\/"]}]},{"@type":"ImageObject","inLanguage":"fr-FR","@id":"https:\/\/www.webdo.tn\/fr\/actualite\/sport\/es-sahel-mohamed-mkacher-annonce-sa-demission\/202856\/#primaryimage","url":"https:\/\/www.webdo.tn\/fr\/wp-content\/uploads\/2023\/02\/f235e561dbe78a4651a7ac6a4a96bd96.jpg","contentUrl":"https:\/\/www.webdo.tn\/fr\/wp-content\/uploads\/2023\/02\/f235e561dbe78a4651a7ac6a4a96bd96.jpg","width":750,"height":400,"caption":"ES Sahel : Mohamed Mkacher annonce sa d\u00e9mission"},{"@type":"BreadcrumbList","@id":"https:\/\/www.webdo.tn\/fr\/actualite\/sport\/es-sahel-mohamed-mkacher-annonce-sa-demission\/202856\/#breadcrumb","itemListElement":[{"@type":"ListItem","position":1,"name":"Accueil","item":"https:\/\/www.webdo.tn\/fr\/"},{"@type":"ListItem","position":2,"name":"ES Sahel : Mohamed Mkacher annonce sa d\u00e9mission"}]},{"@type":"WebSite","@id":"https:\/\/www.webdo.tn\/fr\/#website","url":"https:\/\/www.webdo.tn\/fr\/","name":"webdo","description":"Tunisie - News en Tunisie et \u00e0 l&#039;international sur Webdo.tn","publisher":{"@id":"https:\/\/www.webdo.tn\/fr\/#organization"},"potentialAction":[{"@type":"SearchAction","target":{"@type":"EntryPoint","urlTemplate":"https:\/\/www.webdo.tn\/fr\/?s={search_term_string}"},"query-input":{"@type":"PropertyValueSpecification","valueRequired":true,"valueName":"search_term_string"}}],"inLanguage":"fr-FR"},{"@type":"Organization","@id":"https:\/\/www.webdo.tn\/fr\/#organization","name":"Webdo","alternateName":"Webdo.tn","url":"https:\/\/www.webdo.tn\/fr\/","logo":{"@type":"ImageObject","inLanguage":"fr-FR","@id":"https:\/\/www.webdo.tn\/fr\/#\/schema\/logo\/image\/","url":"https:\/\/www.webdo.tn\/fr\/wp-content\/uploads\/2025\/06\/Webdo-Tunisie_168377.jpg","contentUrl":"https:\/\/www.webdo.tn\/fr\/wp-content\/uploads\/2025\/06\/Webdo-Tunisie_168377.jpg","width":301,"height":301,"caption":"Webdo"},"image":{"@id":"https:\/\/www.webdo.tn\/fr\/#\/schema\/logo\/image\/"},"sameAs":["https:\/\/www.facebook.com\/webdotn","https:\/\/x.com\/webdo_tn"],"description":"Webdo est un m\u00e9dia num\u00e9rique tunisien fond\u00e9 en 2010, sp\u00e9cialis\u00e9 dans l\u2019actualit\u00e9 nationale et internationale, l\u2019\u00e9conomie, la soci\u00e9t\u00e9 et les analyses politiques. Le site s\u2019adresse \u00e0 un large public francophone et couvre l\u2019information tunisienne en temps r\u00e9el.","email":"redac@webdo.tn","legalName":"YNJ SARL","foundingDate":"2010-09-06","numberOfEmployees":{"@type":"QuantitativeValue","minValue":"11","maxValue":"50"}},{"@type":"Person","@id":"https:\/\/www.webdo.tn\/fr\/#\/schema\/person\/2c4929cbf5a809e3bd38617c6ce150f6","name":"MC","image":{"@type":"ImageObject","inLanguage":"fr-FR","@id":"https:\/\/secure.gravatar.com\/avatar\/a545bbb6f84efdd5553dbbc2895e3ca8f1d12c5215e00a041c9670b54aa9b18a?s=96&d=mm&r=g","url":"https:\/\/secure.gravatar.com\/avatar\/a545bbb6f84efdd5553dbbc2895e3ca8f1d12c5215e00a041c9670b54aa9b18a?s=96&d=mm&r=g","contentUrl":"https:\/\/secure.gravatar.com\/avatar\/a545bbb6f84efdd5553dbbc2895e3ca8f1d12c5215e00a041c9670b54aa9b18a?s=96&d=mm&r=g","caption":"MC"},"url":"https:\/\/www.webdo.tn\/fr\/actualite\/author\/mc\/"}]}},"_links":{"self":[{"href":"https:\/\/www.webdo.tn\/fr\/wp-json\/wp\/v2\/posts\/202856","targetHints":{"allow":["GET"]}}],"collection":[{"href":"https:\/\/www.webdo.tn\/fr\/wp-json\/wp\/v2\/posts"}],"about":[{"href":"https:\/\/www.webdo.tn\/fr\/wp-json\/wp\/v2\/types\/post"}],"author":[{"embeddable":true,"href":"https:\/\/www.webdo.tn\/fr\/wp-json\/wp\/v2\/users\/3162"}],"replies":[{"embeddable":true,"href":"https:\/\/www.webdo.tn\/fr\/wp-json\/wp\/v2\/comments?post=202856"}],"version-history":[{"count":0,"href":"https:\/\/www.webdo.tn\/fr\/wp-json\/wp\/v2\/posts\/202856\/revisions"}],"wp:featuredmedia":[{"embeddable":true,"href":"https:\/\/www.webdo.tn\/fr\/wp-json\/wp\/v2\/media\/348148"}],"wp:attachment":[{"href":"https:\/\/www.webdo.tn\/fr\/wp-json\/wp\/v2\/media?parent=202856"}],"wp:term":[{"taxonomy":"category","embeddable":true,"href":"https:\/\/www.webdo.tn\/fr\/wp-json\/wp\/v2\/categories?post=202856"},{"taxonomy":"post_tag","embeddable":true,"href":"https:\/\/www.webdo.tn\/fr\/wp-json\/wp\/v2\/tags?post=202856"}],"curies":[{"name":"wp","href":"https:\/\/api.w.org\/{rel}","templated":true}]}}