{"id":202853,"date":"2023-02-12T20:20:00","date_gmt":"2023-02-12T20:20:00","guid":{"rendered":"https:\/\/www.webdo.tn\/fr\/blog\/bechir-akremi-et-taieb-rached-arretes\/202853\/"},"modified":"2025-05-20T22:49:04","modified_gmt":"2025-05-20T22:49:04","slug":"bechir-akremi-et-taieb-rached-arretes","status":"publish","type":"post","link":"https:\/\/www.webdo.tn\/fr\/actualite\/national\/bechir-akremi-et-taieb-rached-arretes\/202853\/","title":{"rendered":"B\u00e9chir Akremi et Ta\u00efeb Rached arr\u00eat\u00e9s"},"content":{"rendered":"<p>L\u2019ancien procureur de la R\u00e9publique du Tribunal de premi\u00e8re instance de Tunis et magistrat r\u00e9voqu\u00e9, B\u00e9chir Akremi a \u00e9t\u00e9 arr\u00eat\u00e9, ce dimanche 12 f\u00e9vrier 2023.<\/p>\n<p>\t\t\t\t\t\t\t\t\tDe m\u00eame, l&rsquo;ancien premier pr\u00e9sident de la Cour de Cassation et comptant parmi les juges r\u00e9voqu\u00e9s, Ta\u00efeb Rached, a \u00e9t\u00e9 arr\u00eat\u00e9. \u00a0<\/p>\n<p>Selon les informations de Mosa\u00efque FM, ces arrestations seraient en lien lien avec l&rsquo;affaire de l&rsquo;assassinat du martyr Chokri Bela\u00efd pour le cas de Akermi, alors que Rached serait li\u00e9 \u00e0 une affaire li\u00e9e \u00e0 des pr\u00e9somptions de corruption financi\u00e8re.<\/p>\n<p>Le comit\u00e9 de d\u00e9fense des martyrs Chokri Belaid et Mohamed Brahmi avait r\u00e9v\u00e9l\u00e9 que selon le rapport de l\u2019Inspection G\u00e9n\u00e9rale du minist\u00e8re de la Justice, l\u2019ancien procureur g\u00e9n\u00e9ral de la R\u00e9publique pr\u00e8s du tribunal de 1\u00e8re instance de Tunis, Bechir Akremi aurait commis d&rsquo;importants d\u00e9passements. Imen Gzaza, membre du comit\u00e9 de d\u00e9fense a assur\u00e9\u00a0l\u2019enqu\u00eate men\u00e9e par l\u2019inspection g\u00e9n\u00e9rale relevant du minist\u00e8re de la Justice sur l\u2019affaire Bechir Akremi a fait l&rsquo;objet d&rsquo;un rapport.<\/p>\n<p>Dans ce rapport, on apprend que Bechir Akremi aurait enterr\u00e9 6268 affaires terroristes, et proc\u00e8s-verbaux au p\u00e9nal concernant des crimes terroristes, et que 1361 affaires de droit commun relatives \u00e0 des dossiers terroristes ont ind\u00e9finiment \u00e9t\u00e9 ajourn\u00e9es.<\/p>\n","protected":false},"excerpt":{"rendered":"<p>L\u2019ancien procureur de la R\u00e9publique du Tribunal de premi\u00e8re instance de Tunis et magistrat r\u00e9voqu\u00e9, B\u00e9chir Akremi a \u00e9t\u00e9 arr\u00eat\u00e9, ce dimanche 12 f\u00e9vrier 2023.<\/p>\n","protected":false},"author":3175,"featured_media":277746,"comment_status":"open","ping_status":"closed","sticky":false,"template":"","format":"standard","meta":{"footnotes":""},"categories":[44],"tags":[3673,2619,2608],"class_list":["post-202853","post","type-post","status-publish","format-standard","has-post-thumbnail","hentry","category-national","tag-arrestations","tag-justice","tag-tunisie"],"yoast_head":"<!-- This site is optimized with the Yoast SEO Premium plugin v27.4 (Yoast SEO v27.5) - https:\/\/yoast.com\/product\/yoast-seo-premium-wordpress\/ -->\n<title>B\u00e9chir Akremi et Ta\u00efeb Rached arr\u00eat\u00e9s<\/title>\n<meta name=\"description\" content=\"L\u2019ancien procureur de la R\u00e9publique du Tribunal de premi\u00e8re instance de Tunis et magistrat r\u00e9voqu\u00e9, B\u00e9chir Akremi a \u00e9t\u00e9 arr\u00eat\u00e9, ce dimanche 12 f\u00e9vrier 2023.\" \/>\n<link rel=\"canonical\" href=\"https:\/\/www.webdo.tn\/fr\/actualite\/national\/bechir-akremi-et-taieb-rached-arretes\/202853\/\" \/>\n<meta property=\"og:locale\" content=\"fr_FR\" \/>\n<meta property=\"og:type\" content=\"article\" \/>\n<meta property=\"og:title\" content=\"B\u00e9chir Akremi et Ta\u00efeb Rached arr\u00eat\u00e9s\" \/>\n<meta property=\"og:description\" content=\"L\u2019ancien procureur de la R\u00e9publique du Tribunal de premi\u00e8re instance de Tunis et magistrat r\u00e9voqu\u00e9, B\u00e9chir Akremi a \u00e9t\u00e9 arr\u00eat\u00e9, ce dimanche 12 f\u00e9vrier 2023.\" \/>\n<meta property=\"og:url\" content=\"https:\/\/www.webdo.tn\/fr\/actualite\/national\/bechir-akremi-et-taieb-rached-arretes\/202853\/\" \/>\n<meta property=\"og:site_name\" content=\"webdo\" \/>\n<meta property=\"article:publisher\" content=\"https:\/\/www.facebook.com\/webdotn\" \/>\n<meta property=\"article:published_time\" content=\"2023-02-12T20:20:00+00:00\" \/>\n<meta property=\"article:modified_time\" content=\"2025-05-20T22:49:04+00:00\" \/>\n<meta property=\"og:image\" content=\"https:\/\/www.webdo.tn\/fr\/wp-content\/uploads\/2023\/02\/6b804cd82915958e5130456c6f13c059.jpg\" \/>\n\t<meta property=\"og:image:width\" content=\"750\" \/>\n\t<meta property=\"og:image:height\" content=\"400\" \/>\n\t<meta property=\"og:image:type\" content=\"image\/jpeg\" \/>\n<meta name=\"author\" content=\"CL\" \/>\n<meta name=\"twitter:card\" content=\"summary_large_image\" \/>\n<meta name=\"twitter:creator\" content=\"@webdo_tn\" \/>\n<meta name=\"twitter:site\" content=\"@webdo_tn\" \/>\n<meta name=\"twitter:label1\" content=\"\u00c9crit par\" \/>\n\t<meta name=\"twitter:data1\" content=\"CL\" \/>\n\t<meta name=\"twitter:label2\" content=\"Dur\u00e9e de lecture estim\u00e9e\" \/>\n\t<meta name=\"twitter:data2\" content=\"1 minute\" \/>\n<script type=\"application\/ld+json\" class=\"yoast-schema-graph\">{\"@context\":\"https:\\\/\\\/schema.org\",\"@graph\":[{\"@type\":\"NewsArticle\",\"@id\":\"https:\\\/\\\/www.webdo.tn\\\/fr\\\/actualite\\\/national\\\/bechir-akremi-et-taieb-rached-arretes\\\/202853\\\/#article\",\"isPartOf\":{\"@id\":\"https:\\\/\\\/www.webdo.tn\\\/fr\\\/actualite\\\/national\\\/bechir-akremi-et-taieb-rached-arretes\\\/202853\\\/\"},\"author\":{\"name\":\"CL\",\"@id\":\"https:\\\/\\\/www.webdo.tn\\\/fr\\\/#\\\/schema\\\/person\\\/f35b42a42c5e2511bbd282959d6385cc\"},\"headline\":\"B\u00e9chir Akremi et Ta\u00efeb Rached arr\u00eat\u00e9s\",\"datePublished\":\"2023-02-12T20:20:00+00:00\",\"dateModified\":\"2025-05-20T22:49:04+00:00\",\"mainEntityOfPage\":{\"@id\":\"https:\\\/\\\/www.webdo.tn\\\/fr\\\/actualite\\\/national\\\/bechir-akremi-et-taieb-rached-arretes\\\/202853\\\/\"},\"wordCount\":250,\"commentCount\":0,\"publisher\":{\"@id\":\"https:\\\/\\\/www.webdo.tn\\\/fr\\\/#organization\"},\"image\":{\"@id\":\"https:\\\/\\\/www.webdo.tn\\\/fr\\\/actualite\\\/national\\\/bechir-akremi-et-taieb-rached-arretes\\\/202853\\\/#primaryimage\"},\"thumbnailUrl\":\"https:\\\/\\\/www.webdo.tn\\\/fr\\\/wp-content\\\/uploads\\\/2023\\\/02\\\/6b804cd82915958e5130456c6f13c059.jpg\",\"keywords\":[\"arrestations\",\"justice\",\"Tunisie\"],\"articleSection\":[\"National\"],\"inLanguage\":\"fr-FR\"},{\"@type\":\"WebPage\",\"@id\":\"https:\\\/\\\/www.webdo.tn\\\/fr\\\/actualite\\\/national\\\/bechir-akremi-et-taieb-rached-arretes\\\/202853\\\/\",\"url\":\"https:\\\/\\\/www.webdo.tn\\\/fr\\\/actualite\\\/national\\\/bechir-akremi-et-taieb-rached-arretes\\\/202853\\\/\",\"name\":\"B\u00e9chir Akremi et Ta\u00efeb Rached arr\u00eat\u00e9s\",\"isPartOf\":{\"@id\":\"https:\\\/\\\/www.webdo.tn\\\/fr\\\/#website\"},\"primaryImageOfPage\":{\"@id\":\"https:\\\/\\\/www.webdo.tn\\\/fr\\\/actualite\\\/national\\\/bechir-akremi-et-taieb-rached-arretes\\\/202853\\\/#primaryimage\"},\"image\":{\"@id\":\"https:\\\/\\\/www.webdo.tn\\\/fr\\\/actualite\\\/national\\\/bechir-akremi-et-taieb-rached-arretes\\\/202853\\\/#primaryimage\"},\"thumbnailUrl\":\"https:\\\/\\\/www.webdo.tn\\\/fr\\\/wp-content\\\/uploads\\\/2023\\\/02\\\/6b804cd82915958e5130456c6f13c059.jpg\",\"datePublished\":\"2023-02-12T20:20:00+00:00\",\"dateModified\":\"2025-05-20T22:49:04+00:00\",\"description\":\"L\u2019ancien procureur de la R\u00e9publique du Tribunal de premi\u00e8re instance de Tunis et magistrat r\u00e9voqu\u00e9, B\u00e9chir Akremi a \u00e9t\u00e9 arr\u00eat\u00e9, ce dimanche 12 f\u00e9vrier 2023.\",\"breadcrumb\":{\"@id\":\"https:\\\/\\\/www.webdo.tn\\\/fr\\\/actualite\\\/national\\\/bechir-akremi-et-taieb-rached-arretes\\\/202853\\\/#breadcrumb\"},\"inLanguage\":\"fr-FR\",\"potentialAction\":[{\"@type\":\"ReadAction\",\"target\":[\"https:\\\/\\\/www.webdo.tn\\\/fr\\\/actualite\\\/national\\\/bechir-akremi-et-taieb-rached-arretes\\\/202853\\\/\"]}]},{\"@type\":\"ImageObject\",\"inLanguage\":\"fr-FR\",\"@id\":\"https:\\\/\\\/www.webdo.tn\\\/fr\\\/actualite\\\/national\\\/bechir-akremi-et-taieb-rached-arretes\\\/202853\\\/#primaryimage\",\"url\":\"https:\\\/\\\/www.webdo.tn\\\/fr\\\/wp-content\\\/uploads\\\/2023\\\/02\\\/6b804cd82915958e5130456c6f13c059.jpg\",\"contentUrl\":\"https:\\\/\\\/www.webdo.tn\\\/fr\\\/wp-content\\\/uploads\\\/2023\\\/02\\\/6b804cd82915958e5130456c6f13c059.jpg\",\"width\":750,\"height\":400,\"caption\":\"Akermi Rached\"},{\"@type\":\"BreadcrumbList\",\"@id\":\"https:\\\/\\\/www.webdo.tn\\\/fr\\\/actualite\\\/national\\\/bechir-akremi-et-taieb-rached-arretes\\\/202853\\\/#breadcrumb\",\"itemListElement\":[{\"@type\":\"ListItem\",\"position\":1,\"name\":\"Accueil\",\"item\":\"https:\\\/\\\/www.webdo.tn\\\/fr\\\/\"},{\"@type\":\"ListItem\",\"position\":2,\"name\":\"B\u00e9chir Akremi et Ta\u00efeb Rached arr\u00eat\u00e9s\"}]},{\"@type\":\"WebSite\",\"@id\":\"https:\\\/\\\/www.webdo.tn\\\/fr\\\/#website\",\"url\":\"https:\\\/\\\/www.webdo.tn\\\/fr\\\/\",\"name\":\"webdo\",\"description\":\"Tunisie - News en Tunisie et \u00e0 l&#039;international sur Webdo.tn\",\"publisher\":{\"@id\":\"https:\\\/\\\/www.webdo.tn\\\/fr\\\/#organization\"},\"potentialAction\":[{\"@type\":\"SearchAction\",\"target\":{\"@type\":\"EntryPoint\",\"urlTemplate\":\"https:\\\/\\\/www.webdo.tn\\\/fr\\\/?s={search_term_string}\"},\"query-input\":{\"@type\":\"PropertyValueSpecification\",\"valueRequired\":true,\"valueName\":\"search_term_string\"}}],\"inLanguage\":\"fr-FR\"},{\"@type\":\"Organization\",\"@id\":\"https:\\\/\\\/www.webdo.tn\\\/fr\\\/#organization\",\"name\":\"Webdo\",\"alternateName\":\"Webdo.tn\",\"url\":\"https:\\\/\\\/www.webdo.tn\\\/fr\\\/\",\"logo\":{\"@type\":\"ImageObject\",\"inLanguage\":\"fr-FR\",\"@id\":\"https:\\\/\\\/www.webdo.tn\\\/fr\\\/#\\\/schema\\\/logo\\\/image\\\/\",\"url\":\"https:\\\/\\\/www.webdo.tn\\\/fr\\\/wp-content\\\/uploads\\\/2025\\\/06\\\/Webdo-Tunisie_168377.jpg\",\"contentUrl\":\"https:\\\/\\\/www.webdo.tn\\\/fr\\\/wp-content\\\/uploads\\\/2025\\\/06\\\/Webdo-Tunisie_168377.jpg\",\"width\":301,\"height\":301,\"caption\":\"Webdo\"},\"image\":{\"@id\":\"https:\\\/\\\/www.webdo.tn\\\/fr\\\/#\\\/schema\\\/logo\\\/image\\\/\"},\"sameAs\":[\"https:\\\/\\\/www.facebook.com\\\/webdotn\",\"https:\\\/\\\/x.com\\\/webdo_tn\"],\"description\":\"Webdo est un m\u00e9dia num\u00e9rique tunisien fond\u00e9 en 2010, sp\u00e9cialis\u00e9 dans l\u2019actualit\u00e9 nationale et internationale, l\u2019\u00e9conomie, la soci\u00e9t\u00e9 et les analyses politiques. Le site s\u2019adresse \u00e0 un large public francophone et couvre l\u2019information tunisienne en temps r\u00e9el.\",\"email\":\"redac@webdo.tn\",\"legalName\":\"YNJ SARL\",\"foundingDate\":\"2010-09-06\",\"numberOfEmployees\":{\"@type\":\"QuantitativeValue\",\"minValue\":\"11\",\"maxValue\":\"50\"}},{\"@type\":\"Person\",\"@id\":\"https:\\\/\\\/www.webdo.tn\\\/fr\\\/#\\\/schema\\\/person\\\/f35b42a42c5e2511bbd282959d6385cc\",\"name\":\"CL\",\"image\":{\"@type\":\"ImageObject\",\"inLanguage\":\"fr-FR\",\"@id\":\"https:\\\/\\\/secure.gravatar.com\\\/avatar\\\/1447a49909b67aa657c488aec6512e1dd6143a480c1ecfee9b5b5cd74eb3b59e?s=96&d=mm&r=g\",\"url\":\"https:\\\/\\\/secure.gravatar.com\\\/avatar\\\/1447a49909b67aa657c488aec6512e1dd6143a480c1ecfee9b5b5cd74eb3b59e?s=96&d=mm&r=g\",\"contentUrl\":\"https:\\\/\\\/secure.gravatar.com\\\/avatar\\\/1447a49909b67aa657c488aec6512e1dd6143a480c1ecfee9b5b5cd74eb3b59e?s=96&d=mm&r=g\",\"caption\":\"CL\"},\"url\":\"https:\\\/\\\/www.webdo.tn\\\/fr\\\/actualite\\\/author\\\/cl\\\/\"}]}<\/script>\n<!-- \/ Yoast SEO Premium plugin. -->","yoast_head_json":{"title":"B\u00e9chir Akremi et Ta\u00efeb Rached arr\u00eat\u00e9s","description":"L\u2019ancien procureur de la R\u00e9publique du Tribunal de premi\u00e8re instance de Tunis et magistrat r\u00e9voqu\u00e9, B\u00e9chir Akremi a \u00e9t\u00e9 arr\u00eat\u00e9, ce dimanche 12 f\u00e9vrier 2023.","canonical":"https:\/\/www.webdo.tn\/fr\/actualite\/national\/bechir-akremi-et-taieb-rached-arretes\/202853\/","og_locale":"fr_FR","og_type":"article","og_title":"B\u00e9chir Akremi et Ta\u00efeb Rached arr\u00eat\u00e9s","og_description":"L\u2019ancien procureur de la R\u00e9publique du Tribunal de premi\u00e8re instance de Tunis et magistrat r\u00e9voqu\u00e9, B\u00e9chir Akremi a \u00e9t\u00e9 arr\u00eat\u00e9, ce dimanche 12 f\u00e9vrier 2023.","og_url":"https:\/\/www.webdo.tn\/fr\/actualite\/national\/bechir-akremi-et-taieb-rached-arretes\/202853\/","og_site_name":"webdo","article_publisher":"https:\/\/www.facebook.com\/webdotn","article_published_time":"2023-02-12T20:20:00+00:00","article_modified_time":"2025-05-20T22:49:04+00:00","og_image":[{"width":750,"height":400,"url":"https:\/\/www.webdo.tn\/fr\/wp-content\/uploads\/2023\/02\/6b804cd82915958e5130456c6f13c059.jpg","type":"image\/jpeg"}],"author":"CL","twitter_card":"summary_large_image","twitter_creator":"@webdo_tn","twitter_site":"@webdo_tn","twitter_misc":{"\u00c9crit par":"CL","Dur\u00e9e de lecture estim\u00e9e":"1 minute"},"schema":{"@context":"https:\/\/schema.org","@graph":[{"@type":"NewsArticle","@id":"https:\/\/www.webdo.tn\/fr\/actualite\/national\/bechir-akremi-et-taieb-rached-arretes\/202853\/#article","isPartOf":{"@id":"https:\/\/www.webdo.tn\/fr\/actualite\/national\/bechir-akremi-et-taieb-rached-arretes\/202853\/"},"author":{"name":"CL","@id":"https:\/\/www.webdo.tn\/fr\/#\/schema\/person\/f35b42a42c5e2511bbd282959d6385cc"},"headline":"B\u00e9chir Akremi et Ta\u00efeb Rached arr\u00eat\u00e9s","datePublished":"2023-02-12T20:20:00+00:00","dateModified":"2025-05-20T22:49:04+00:00","mainEntityOfPage":{"@id":"https:\/\/www.webdo.tn\/fr\/actualite\/national\/bechir-akremi-et-taieb-rached-arretes\/202853\/"},"wordCount":250,"commentCount":0,"publisher":{"@id":"https:\/\/www.webdo.tn\/fr\/#organization"},"image":{"@id":"https:\/\/www.webdo.tn\/fr\/actualite\/national\/bechir-akremi-et-taieb-rached-arretes\/202853\/#primaryimage"},"thumbnailUrl":"https:\/\/www.webdo.tn\/fr\/wp-content\/uploads\/2023\/02\/6b804cd82915958e5130456c6f13c059.jpg","keywords":["arrestations","justice","Tunisie"],"articleSection":["National"],"inLanguage":"fr-FR"},{"@type":"WebPage","@id":"https:\/\/www.webdo.tn\/fr\/actualite\/national\/bechir-akremi-et-taieb-rached-arretes\/202853\/","url":"https:\/\/www.webdo.tn\/fr\/actualite\/national\/bechir-akremi-et-taieb-rached-arretes\/202853\/","name":"B\u00e9chir Akremi et Ta\u00efeb Rached arr\u00eat\u00e9s","isPartOf":{"@id":"https:\/\/www.webdo.tn\/fr\/#website"},"primaryImageOfPage":{"@id":"https:\/\/www.webdo.tn\/fr\/actualite\/national\/bechir-akremi-et-taieb-rached-arretes\/202853\/#primaryimage"},"image":{"@id":"https:\/\/www.webdo.tn\/fr\/actualite\/national\/bechir-akremi-et-taieb-rached-arretes\/202853\/#primaryimage"},"thumbnailUrl":"https:\/\/www.webdo.tn\/fr\/wp-content\/uploads\/2023\/02\/6b804cd82915958e5130456c6f13c059.jpg","datePublished":"2023-02-12T20:20:00+00:00","dateModified":"2025-05-20T22:49:04+00:00","description":"L\u2019ancien procureur de la R\u00e9publique du Tribunal de premi\u00e8re instance de Tunis et magistrat r\u00e9voqu\u00e9, B\u00e9chir Akremi a \u00e9t\u00e9 arr\u00eat\u00e9, ce dimanche 12 f\u00e9vrier 2023.","breadcrumb":{"@id":"https:\/\/www.webdo.tn\/fr\/actualite\/national\/bechir-akremi-et-taieb-rached-arretes\/202853\/#breadcrumb"},"inLanguage":"fr-FR","potentialAction":[{"@type":"ReadAction","target":["https:\/\/www.webdo.tn\/fr\/actualite\/national\/bechir-akremi-et-taieb-rached-arretes\/202853\/"]}]},{"@type":"ImageObject","inLanguage":"fr-FR","@id":"https:\/\/www.webdo.tn\/fr\/actualite\/national\/bechir-akremi-et-taieb-rached-arretes\/202853\/#primaryimage","url":"https:\/\/www.webdo.tn\/fr\/wp-content\/uploads\/2023\/02\/6b804cd82915958e5130456c6f13c059.jpg","contentUrl":"https:\/\/www.webdo.tn\/fr\/wp-content\/uploads\/2023\/02\/6b804cd82915958e5130456c6f13c059.jpg","width":750,"height":400,"caption":"Akermi Rached"},{"@type":"BreadcrumbList","@id":"https:\/\/www.webdo.tn\/fr\/actualite\/national\/bechir-akremi-et-taieb-rached-arretes\/202853\/#breadcrumb","itemListElement":[{"@type":"ListItem","position":1,"name":"Accueil","item":"https:\/\/www.webdo.tn\/fr\/"},{"@type":"ListItem","position":2,"name":"B\u00e9chir Akremi et Ta\u00efeb Rached arr\u00eat\u00e9s"}]},{"@type":"WebSite","@id":"https:\/\/www.webdo.tn\/fr\/#website","url":"https:\/\/www.webdo.tn\/fr\/","name":"webdo","description":"Tunisie - News en Tunisie et \u00e0 l&#039;international sur Webdo.tn","publisher":{"@id":"https:\/\/www.webdo.tn\/fr\/#organization"},"potentialAction":[{"@type":"SearchAction","target":{"@type":"EntryPoint","urlTemplate":"https:\/\/www.webdo.tn\/fr\/?s={search_term_string}"},"query-input":{"@type":"PropertyValueSpecification","valueRequired":true,"valueName":"search_term_string"}}],"inLanguage":"fr-FR"},{"@type":"Organization","@id":"https:\/\/www.webdo.tn\/fr\/#organization","name":"Webdo","alternateName":"Webdo.tn","url":"https:\/\/www.webdo.tn\/fr\/","logo":{"@type":"ImageObject","inLanguage":"fr-FR","@id":"https:\/\/www.webdo.tn\/fr\/#\/schema\/logo\/image\/","url":"https:\/\/www.webdo.tn\/fr\/wp-content\/uploads\/2025\/06\/Webdo-Tunisie_168377.jpg","contentUrl":"https:\/\/www.webdo.tn\/fr\/wp-content\/uploads\/2025\/06\/Webdo-Tunisie_168377.jpg","width":301,"height":301,"caption":"Webdo"},"image":{"@id":"https:\/\/www.webdo.tn\/fr\/#\/schema\/logo\/image\/"},"sameAs":["https:\/\/www.facebook.com\/webdotn","https:\/\/x.com\/webdo_tn"],"description":"Webdo est un m\u00e9dia num\u00e9rique tunisien fond\u00e9 en 2010, sp\u00e9cialis\u00e9 dans l\u2019actualit\u00e9 nationale et internationale, l\u2019\u00e9conomie, la soci\u00e9t\u00e9 et les analyses politiques. Le site s\u2019adresse \u00e0 un large public francophone et couvre l\u2019information tunisienne en temps r\u00e9el.","email":"redac@webdo.tn","legalName":"YNJ SARL","foundingDate":"2010-09-06","numberOfEmployees":{"@type":"QuantitativeValue","minValue":"11","maxValue":"50"}},{"@type":"Person","@id":"https:\/\/www.webdo.tn\/fr\/#\/schema\/person\/f35b42a42c5e2511bbd282959d6385cc","name":"CL","image":{"@type":"ImageObject","inLanguage":"fr-FR","@id":"https:\/\/secure.gravatar.com\/avatar\/1447a49909b67aa657c488aec6512e1dd6143a480c1ecfee9b5b5cd74eb3b59e?s=96&d=mm&r=g","url":"https:\/\/secure.gravatar.com\/avatar\/1447a49909b67aa657c488aec6512e1dd6143a480c1ecfee9b5b5cd74eb3b59e?s=96&d=mm&r=g","contentUrl":"https:\/\/secure.gravatar.com\/avatar\/1447a49909b67aa657c488aec6512e1dd6143a480c1ecfee9b5b5cd74eb3b59e?s=96&d=mm&r=g","caption":"CL"},"url":"https:\/\/www.webdo.tn\/fr\/actualite\/author\/cl\/"}]}},"_links":{"self":[{"href":"https:\/\/www.webdo.tn\/fr\/wp-json\/wp\/v2\/posts\/202853","targetHints":{"allow":["GET"]}}],"collection":[{"href":"https:\/\/www.webdo.tn\/fr\/wp-json\/wp\/v2\/posts"}],"about":[{"href":"https:\/\/www.webdo.tn\/fr\/wp-json\/wp\/v2\/types\/post"}],"author":[{"embeddable":true,"href":"https:\/\/www.webdo.tn\/fr\/wp-json\/wp\/v2\/users\/3175"}],"replies":[{"embeddable":true,"href":"https:\/\/www.webdo.tn\/fr\/wp-json\/wp\/v2\/comments?post=202853"}],"version-history":[{"count":0,"href":"https:\/\/www.webdo.tn\/fr\/wp-json\/wp\/v2\/posts\/202853\/revisions"}],"wp:featuredmedia":[{"embeddable":true,"href":"https:\/\/www.webdo.tn\/fr\/wp-json\/wp\/v2\/media\/277746"}],"wp:attachment":[{"href":"https:\/\/www.webdo.tn\/fr\/wp-json\/wp\/v2\/media?parent=202853"}],"wp:term":[{"taxonomy":"category","embeddable":true,"href":"https:\/\/www.webdo.tn\/fr\/wp-json\/wp\/v2\/categories?post=202853"},{"taxonomy":"post_tag","embeddable":true,"href":"https:\/\/www.webdo.tn\/fr\/wp-json\/wp\/v2\/tags?post=202853"}],"curies":[{"name":"wp","href":"https:\/\/api.w.org\/{rel}","templated":true}]}}