{"id":202826,"date":"2023-02-11T15:03:00","date_gmt":"2023-02-11T15:03:00","guid":{"rendered":"https:\/\/www.webdo.tn\/fr\/blog\/tunisie-arrestation-de-l-homme-d-affaires-kamel-letaief\/202826\/"},"modified":"2025-05-20T22:45:31","modified_gmt":"2025-05-20T22:45:31","slug":"tunisie-arrestation-de-l-homme-d-affaires-kamel-letaief","status":"publish","type":"post","link":"https:\/\/www.webdo.tn\/fr\/actualite\/national\/tunisie-arrestation-de-l-homme-d-affaires-kamel-letaief\/202826\/","title":{"rendered":"Tunisie : Arrestation de l\u2019homme d\u2019affaires Kamel Letaief"},"content":{"rendered":"<p>L\u2019homme d\u2019affaire Kamel Letaief a \u00e9t\u00e9 arr\u00eat\u00e9 ce samedi 11 f\u00e9vrier dans son domicile.<\/p>\n<p>\t\t\t\t\t\t\t\t\tSa famille indique que des policiers en tenue civile ont conduit cet homme d&rsquo;affaires vers un endroit inconnu alors qu&rsquo;il \u00e9tait dans sa maison dans la banlieu nord de Tunis.\u00a0<\/p>\n<p>Connu comme l\u2019homme de l\u2019ombre, Kamel Letaief est un homme d\u2019affaires tr\u00e8s discret et dont le pouvoir serait assez important m\u00eame sur le plan politique.\u00a0<\/p>\n<p>Apr\u00e8s avoir quitt\u00e9 le pouvoir par la petite porte, l&rsquo;ancien chef du gouvernement d\u00e9missionnaire Elyes Fakhfakh a d\u00e9cid\u00e9 de briser le silence en s\u2019exprimant sur le pouvoir de ce dernier. En effet, il a \u00e9voqu\u00e9 le cas de Letaief, consid\u00e9rant qu\u2019il exerce une grande influence sur la situation en Tunisie, d&rsquo;autant plus qu&rsquo;il \u0153uvre dans les coulisses.\u00ab Cet homme manipule certains journalistes, quelques agents dans l\u2019administration et quelques s\u00e9curitaires. Il veut exercer un certain pouvoir et maitriser la sc\u00e8ne nationale\u00a0\u00bb, a-t-il dit.<\/p>\n","protected":false},"excerpt":{"rendered":"<p>L\u2019homme d\u2019affaire Kamel Letaief a \u00e9t\u00e9 arr\u00eat\u00e9 ce samedi 11 f\u00e9vrier dans son domicile.<\/p>\n","protected":false},"author":3175,"featured_media":252233,"comment_status":"open","ping_status":"closed","sticky":false,"template":"","format":"standard","meta":{"footnotes":""},"categories":[44],"tags":[2966,2683,2608],"class_list":["post-202826","post","type-post","status-publish","format-standard","has-post-thumbnail","hentry","category-national","tag-arrestation","tag-homme-daffaires","tag-tunisie"],"yoast_head":"<!-- This site is optimized with the Yoast SEO Premium plugin v27.5 (Yoast SEO v27.5) - https:\/\/yoast.com\/product\/yoast-seo-premium-wordpress\/ -->\n<title>Tunisie : Arrestation de l\u2019homme d\u2019affaires Kamel Letaief<\/title>\n<meta name=\"description\" content=\"L\u2019homme d\u2019affaire Kamel Letaief a \u00e9t\u00e9 arr\u00eat\u00e9 ce samedi 11 f\u00e9vrier dans son domicile.\" \/>\n<link rel=\"canonical\" href=\"https:\/\/www.webdo.tn\/fr\/actualite\/national\/tunisie-arrestation-de-l-homme-d-affaires-kamel-letaief\/202826\/\" \/>\n<meta property=\"og:locale\" content=\"fr_FR\" \/>\n<meta property=\"og:type\" content=\"article\" \/>\n<meta property=\"og:title\" content=\"Tunisie : Arrestation de l\u2019homme d\u2019affaires Kamel Letaief\" \/>\n<meta property=\"og:description\" content=\"L\u2019homme d\u2019affaire Kamel Letaief a \u00e9t\u00e9 arr\u00eat\u00e9 ce samedi 11 f\u00e9vrier dans son domicile.\" \/>\n<meta property=\"og:url\" content=\"https:\/\/www.webdo.tn\/fr\/actualite\/national\/tunisie-arrestation-de-l-homme-d-affaires-kamel-letaief\/202826\/\" \/>\n<meta property=\"og:site_name\" content=\"webdo\" \/>\n<meta property=\"article:publisher\" content=\"https:\/\/www.facebook.com\/webdotn\" \/>\n<meta property=\"article:published_time\" content=\"2023-02-11T15:03:00+00:00\" \/>\n<meta property=\"article:modified_time\" content=\"2025-05-20T22:45:31+00:00\" \/>\n<meta property=\"og:image\" content=\"https:\/\/www.webdo.tn\/fr\/wp-content\/uploads\/2023\/02\/88cbb1e9055e7473fa33155ccf87b432.png\" \/>\n\t<meta property=\"og:image:width\" content=\"750\" \/>\n\t<meta property=\"og:image:height\" content=\"400\" \/>\n\t<meta property=\"og:image:type\" content=\"image\/png\" \/>\n<meta name=\"author\" content=\"CL\" \/>\n<meta name=\"twitter:card\" content=\"summary_large_image\" \/>\n<meta name=\"twitter:creator\" content=\"@webdo_tn\" \/>\n<meta name=\"twitter:site\" content=\"@webdo_tn\" \/>\n<meta name=\"twitter:label1\" content=\"\u00c9crit par\" \/>\n\t<meta name=\"twitter:data1\" content=\"CL\" \/>\n\t<meta name=\"twitter:label2\" content=\"Dur\u00e9e de lecture estim\u00e9e\" \/>\n\t<meta name=\"twitter:data2\" content=\"1 minute\" \/>\n<script type=\"application\/ld+json\" class=\"yoast-schema-graph\">{\"@context\":\"https:\\\/\\\/schema.org\",\"@graph\":[{\"@type\":\"NewsArticle\",\"@id\":\"https:\\\/\\\/www.webdo.tn\\\/fr\\\/actualite\\\/national\\\/tunisie-arrestation-de-l-homme-d-affaires-kamel-letaief\\\/202826\\\/#article\",\"isPartOf\":{\"@id\":\"https:\\\/\\\/www.webdo.tn\\\/fr\\\/actualite\\\/national\\\/tunisie-arrestation-de-l-homme-d-affaires-kamel-letaief\\\/202826\\\/\"},\"author\":{\"name\":\"CL\",\"@id\":\"https:\\\/\\\/www.webdo.tn\\\/fr\\\/#\\\/schema\\\/person\\\/f35b42a42c5e2511bbd282959d6385cc\"},\"headline\":\"Tunisie : Arrestation de l\u2019homme d\u2019affaires Kamel Letaief\",\"datePublished\":\"2023-02-11T15:03:00+00:00\",\"dateModified\":\"2025-05-20T22:45:31+00:00\",\"mainEntityOfPage\":{\"@id\":\"https:\\\/\\\/www.webdo.tn\\\/fr\\\/actualite\\\/national\\\/tunisie-arrestation-de-l-homme-d-affaires-kamel-letaief\\\/202826\\\/\"},\"wordCount\":182,\"commentCount\":0,\"publisher\":{\"@id\":\"https:\\\/\\\/www.webdo.tn\\\/fr\\\/#organization\"},\"image\":{\"@id\":\"https:\\\/\\\/www.webdo.tn\\\/fr\\\/actualite\\\/national\\\/tunisie-arrestation-de-l-homme-d-affaires-kamel-letaief\\\/202826\\\/#primaryimage\"},\"thumbnailUrl\":\"https:\\\/\\\/www.webdo.tn\\\/fr\\\/wp-content\\\/uploads\\\/2023\\\/02\\\/88cbb1e9055e7473fa33155ccf87b432.png\",\"keywords\":[\"arrestation\",\"Homme d'affaires\",\"Tunisie\"],\"articleSection\":[\"National\"],\"inLanguage\":\"fr-FR\"},{\"@type\":\"WebPage\",\"@id\":\"https:\\\/\\\/www.webdo.tn\\\/fr\\\/actualite\\\/national\\\/tunisie-arrestation-de-l-homme-d-affaires-kamel-letaief\\\/202826\\\/\",\"url\":\"https:\\\/\\\/www.webdo.tn\\\/fr\\\/actualite\\\/national\\\/tunisie-arrestation-de-l-homme-d-affaires-kamel-letaief\\\/202826\\\/\",\"name\":\"Tunisie : Arrestation de l\u2019homme d\u2019affaires Kamel Letaief\",\"isPartOf\":{\"@id\":\"https:\\\/\\\/www.webdo.tn\\\/fr\\\/#website\"},\"primaryImageOfPage\":{\"@id\":\"https:\\\/\\\/www.webdo.tn\\\/fr\\\/actualite\\\/national\\\/tunisie-arrestation-de-l-homme-d-affaires-kamel-letaief\\\/202826\\\/#primaryimage\"},\"image\":{\"@id\":\"https:\\\/\\\/www.webdo.tn\\\/fr\\\/actualite\\\/national\\\/tunisie-arrestation-de-l-homme-d-affaires-kamel-letaief\\\/202826\\\/#primaryimage\"},\"thumbnailUrl\":\"https:\\\/\\\/www.webdo.tn\\\/fr\\\/wp-content\\\/uploads\\\/2023\\\/02\\\/88cbb1e9055e7473fa33155ccf87b432.png\",\"datePublished\":\"2023-02-11T15:03:00+00:00\",\"dateModified\":\"2025-05-20T22:45:31+00:00\",\"description\":\"L\u2019homme d\u2019affaire Kamel Letaief a \u00e9t\u00e9 arr\u00eat\u00e9 ce samedi 11 f\u00e9vrier dans son domicile.\",\"breadcrumb\":{\"@id\":\"https:\\\/\\\/www.webdo.tn\\\/fr\\\/actualite\\\/national\\\/tunisie-arrestation-de-l-homme-d-affaires-kamel-letaief\\\/202826\\\/#breadcrumb\"},\"inLanguage\":\"fr-FR\",\"potentialAction\":[{\"@type\":\"ReadAction\",\"target\":[\"https:\\\/\\\/www.webdo.tn\\\/fr\\\/actualite\\\/national\\\/tunisie-arrestation-de-l-homme-d-affaires-kamel-letaief\\\/202826\\\/\"]}]},{\"@type\":\"ImageObject\",\"inLanguage\":\"fr-FR\",\"@id\":\"https:\\\/\\\/www.webdo.tn\\\/fr\\\/actualite\\\/national\\\/tunisie-arrestation-de-l-homme-d-affaires-kamel-letaief\\\/202826\\\/#primaryimage\",\"url\":\"https:\\\/\\\/www.webdo.tn\\\/fr\\\/wp-content\\\/uploads\\\/2023\\\/02\\\/88cbb1e9055e7473fa33155ccf87b432.png\",\"contentUrl\":\"https:\\\/\\\/www.webdo.tn\\\/fr\\\/wp-content\\\/uploads\\\/2023\\\/02\\\/88cbb1e9055e7473fa33155ccf87b432.png\",\"width\":750,\"height\":400,\"caption\":\"Kamel Letaief\"},{\"@type\":\"BreadcrumbList\",\"@id\":\"https:\\\/\\\/www.webdo.tn\\\/fr\\\/actualite\\\/national\\\/tunisie-arrestation-de-l-homme-d-affaires-kamel-letaief\\\/202826\\\/#breadcrumb\",\"itemListElement\":[{\"@type\":\"ListItem\",\"position\":1,\"name\":\"Accueil\",\"item\":\"https:\\\/\\\/www.webdo.tn\\\/fr\\\/\"},{\"@type\":\"ListItem\",\"position\":2,\"name\":\"Tunisie : Arrestation de l\u2019homme d\u2019affaires Kamel Letaief\"}]},{\"@type\":\"WebSite\",\"@id\":\"https:\\\/\\\/www.webdo.tn\\\/fr\\\/#website\",\"url\":\"https:\\\/\\\/www.webdo.tn\\\/fr\\\/\",\"name\":\"webdo\",\"description\":\"Tunisie - News en Tunisie et \u00e0 l&#039;international sur Webdo.tn\",\"publisher\":{\"@id\":\"https:\\\/\\\/www.webdo.tn\\\/fr\\\/#organization\"},\"potentialAction\":[{\"@type\":\"SearchAction\",\"target\":{\"@type\":\"EntryPoint\",\"urlTemplate\":\"https:\\\/\\\/www.webdo.tn\\\/fr\\\/?s={search_term_string}\"},\"query-input\":{\"@type\":\"PropertyValueSpecification\",\"valueRequired\":true,\"valueName\":\"search_term_string\"}}],\"inLanguage\":\"fr-FR\"},{\"@type\":\"Organization\",\"@id\":\"https:\\\/\\\/www.webdo.tn\\\/fr\\\/#organization\",\"name\":\"Webdo\",\"alternateName\":\"Webdo.tn\",\"url\":\"https:\\\/\\\/www.webdo.tn\\\/fr\\\/\",\"logo\":{\"@type\":\"ImageObject\",\"inLanguage\":\"fr-FR\",\"@id\":\"https:\\\/\\\/www.webdo.tn\\\/fr\\\/#\\\/schema\\\/logo\\\/image\\\/\",\"url\":\"https:\\\/\\\/www.webdo.tn\\\/fr\\\/wp-content\\\/uploads\\\/2025\\\/06\\\/Webdo-Tunisie_168377.jpg\",\"contentUrl\":\"https:\\\/\\\/www.webdo.tn\\\/fr\\\/wp-content\\\/uploads\\\/2025\\\/06\\\/Webdo-Tunisie_168377.jpg\",\"width\":301,\"height\":301,\"caption\":\"Webdo\"},\"image\":{\"@id\":\"https:\\\/\\\/www.webdo.tn\\\/fr\\\/#\\\/schema\\\/logo\\\/image\\\/\"},\"sameAs\":[\"https:\\\/\\\/www.facebook.com\\\/webdotn\",\"https:\\\/\\\/x.com\\\/webdo_tn\"],\"description\":\"Webdo est un m\u00e9dia num\u00e9rique tunisien fond\u00e9 en 2010, sp\u00e9cialis\u00e9 dans l\u2019actualit\u00e9 nationale et internationale, l\u2019\u00e9conomie, la soci\u00e9t\u00e9 et les analyses politiques. Le site s\u2019adresse \u00e0 un large public francophone et couvre l\u2019information tunisienne en temps r\u00e9el.\",\"email\":\"redac@webdo.tn\",\"legalName\":\"YNJ SARL\",\"foundingDate\":\"2010-09-06\",\"numberOfEmployees\":{\"@type\":\"QuantitativeValue\",\"minValue\":\"11\",\"maxValue\":\"50\"}},{\"@type\":\"Person\",\"@id\":\"https:\\\/\\\/www.webdo.tn\\\/fr\\\/#\\\/schema\\\/person\\\/f35b42a42c5e2511bbd282959d6385cc\",\"name\":\"CL\",\"image\":{\"@type\":\"ImageObject\",\"inLanguage\":\"fr-FR\",\"@id\":\"https:\\\/\\\/secure.gravatar.com\\\/avatar\\\/1447a49909b67aa657c488aec6512e1dd6143a480c1ecfee9b5b5cd74eb3b59e?s=96&d=mm&r=g\",\"url\":\"https:\\\/\\\/secure.gravatar.com\\\/avatar\\\/1447a49909b67aa657c488aec6512e1dd6143a480c1ecfee9b5b5cd74eb3b59e?s=96&d=mm&r=g\",\"contentUrl\":\"https:\\\/\\\/secure.gravatar.com\\\/avatar\\\/1447a49909b67aa657c488aec6512e1dd6143a480c1ecfee9b5b5cd74eb3b59e?s=96&d=mm&r=g\",\"caption\":\"CL\"},\"url\":\"https:\\\/\\\/www.webdo.tn\\\/fr\\\/actualite\\\/author\\\/cl\\\/\"}]}<\/script>\n<!-- \/ Yoast SEO Premium plugin. -->","yoast_head_json":{"title":"Tunisie : Arrestation de l\u2019homme d\u2019affaires Kamel Letaief","description":"L\u2019homme d\u2019affaire Kamel Letaief a \u00e9t\u00e9 arr\u00eat\u00e9 ce samedi 11 f\u00e9vrier dans son domicile.","canonical":"https:\/\/www.webdo.tn\/fr\/actualite\/national\/tunisie-arrestation-de-l-homme-d-affaires-kamel-letaief\/202826\/","og_locale":"fr_FR","og_type":"article","og_title":"Tunisie : Arrestation de l\u2019homme d\u2019affaires Kamel Letaief","og_description":"L\u2019homme d\u2019affaire Kamel Letaief a \u00e9t\u00e9 arr\u00eat\u00e9 ce samedi 11 f\u00e9vrier dans son domicile.","og_url":"https:\/\/www.webdo.tn\/fr\/actualite\/national\/tunisie-arrestation-de-l-homme-d-affaires-kamel-letaief\/202826\/","og_site_name":"webdo","article_publisher":"https:\/\/www.facebook.com\/webdotn","article_published_time":"2023-02-11T15:03:00+00:00","article_modified_time":"2025-05-20T22:45:31+00:00","og_image":[{"width":750,"height":400,"url":"https:\/\/www.webdo.tn\/fr\/wp-content\/uploads\/2023\/02\/88cbb1e9055e7473fa33155ccf87b432.png","type":"image\/png"}],"author":"CL","twitter_card":"summary_large_image","twitter_creator":"@webdo_tn","twitter_site":"@webdo_tn","twitter_misc":{"\u00c9crit par":"CL","Dur\u00e9e de lecture estim\u00e9e":"1 minute"},"schema":{"@context":"https:\/\/schema.org","@graph":[{"@type":"NewsArticle","@id":"https:\/\/www.webdo.tn\/fr\/actualite\/national\/tunisie-arrestation-de-l-homme-d-affaires-kamel-letaief\/202826\/#article","isPartOf":{"@id":"https:\/\/www.webdo.tn\/fr\/actualite\/national\/tunisie-arrestation-de-l-homme-d-affaires-kamel-letaief\/202826\/"},"author":{"name":"CL","@id":"https:\/\/www.webdo.tn\/fr\/#\/schema\/person\/f35b42a42c5e2511bbd282959d6385cc"},"headline":"Tunisie : Arrestation de l\u2019homme d\u2019affaires Kamel Letaief","datePublished":"2023-02-11T15:03:00+00:00","dateModified":"2025-05-20T22:45:31+00:00","mainEntityOfPage":{"@id":"https:\/\/www.webdo.tn\/fr\/actualite\/national\/tunisie-arrestation-de-l-homme-d-affaires-kamel-letaief\/202826\/"},"wordCount":182,"commentCount":0,"publisher":{"@id":"https:\/\/www.webdo.tn\/fr\/#organization"},"image":{"@id":"https:\/\/www.webdo.tn\/fr\/actualite\/national\/tunisie-arrestation-de-l-homme-d-affaires-kamel-letaief\/202826\/#primaryimage"},"thumbnailUrl":"https:\/\/www.webdo.tn\/fr\/wp-content\/uploads\/2023\/02\/88cbb1e9055e7473fa33155ccf87b432.png","keywords":["arrestation","Homme d'affaires","Tunisie"],"articleSection":["National"],"inLanguage":"fr-FR"},{"@type":"WebPage","@id":"https:\/\/www.webdo.tn\/fr\/actualite\/national\/tunisie-arrestation-de-l-homme-d-affaires-kamel-letaief\/202826\/","url":"https:\/\/www.webdo.tn\/fr\/actualite\/national\/tunisie-arrestation-de-l-homme-d-affaires-kamel-letaief\/202826\/","name":"Tunisie : Arrestation de l\u2019homme d\u2019affaires Kamel Letaief","isPartOf":{"@id":"https:\/\/www.webdo.tn\/fr\/#website"},"primaryImageOfPage":{"@id":"https:\/\/www.webdo.tn\/fr\/actualite\/national\/tunisie-arrestation-de-l-homme-d-affaires-kamel-letaief\/202826\/#primaryimage"},"image":{"@id":"https:\/\/www.webdo.tn\/fr\/actualite\/national\/tunisie-arrestation-de-l-homme-d-affaires-kamel-letaief\/202826\/#primaryimage"},"thumbnailUrl":"https:\/\/www.webdo.tn\/fr\/wp-content\/uploads\/2023\/02\/88cbb1e9055e7473fa33155ccf87b432.png","datePublished":"2023-02-11T15:03:00+00:00","dateModified":"2025-05-20T22:45:31+00:00","description":"L\u2019homme d\u2019affaire Kamel Letaief a \u00e9t\u00e9 arr\u00eat\u00e9 ce samedi 11 f\u00e9vrier dans son domicile.","breadcrumb":{"@id":"https:\/\/www.webdo.tn\/fr\/actualite\/national\/tunisie-arrestation-de-l-homme-d-affaires-kamel-letaief\/202826\/#breadcrumb"},"inLanguage":"fr-FR","potentialAction":[{"@type":"ReadAction","target":["https:\/\/www.webdo.tn\/fr\/actualite\/national\/tunisie-arrestation-de-l-homme-d-affaires-kamel-letaief\/202826\/"]}]},{"@type":"ImageObject","inLanguage":"fr-FR","@id":"https:\/\/www.webdo.tn\/fr\/actualite\/national\/tunisie-arrestation-de-l-homme-d-affaires-kamel-letaief\/202826\/#primaryimage","url":"https:\/\/www.webdo.tn\/fr\/wp-content\/uploads\/2023\/02\/88cbb1e9055e7473fa33155ccf87b432.png","contentUrl":"https:\/\/www.webdo.tn\/fr\/wp-content\/uploads\/2023\/02\/88cbb1e9055e7473fa33155ccf87b432.png","width":750,"height":400,"caption":"Kamel Letaief"},{"@type":"BreadcrumbList","@id":"https:\/\/www.webdo.tn\/fr\/actualite\/national\/tunisie-arrestation-de-l-homme-d-affaires-kamel-letaief\/202826\/#breadcrumb","itemListElement":[{"@type":"ListItem","position":1,"name":"Accueil","item":"https:\/\/www.webdo.tn\/fr\/"},{"@type":"ListItem","position":2,"name":"Tunisie : Arrestation de l\u2019homme d\u2019affaires Kamel Letaief"}]},{"@type":"WebSite","@id":"https:\/\/www.webdo.tn\/fr\/#website","url":"https:\/\/www.webdo.tn\/fr\/","name":"webdo","description":"Tunisie - News en Tunisie et \u00e0 l&#039;international sur Webdo.tn","publisher":{"@id":"https:\/\/www.webdo.tn\/fr\/#organization"},"potentialAction":[{"@type":"SearchAction","target":{"@type":"EntryPoint","urlTemplate":"https:\/\/www.webdo.tn\/fr\/?s={search_term_string}"},"query-input":{"@type":"PropertyValueSpecification","valueRequired":true,"valueName":"search_term_string"}}],"inLanguage":"fr-FR"},{"@type":"Organization","@id":"https:\/\/www.webdo.tn\/fr\/#organization","name":"Webdo","alternateName":"Webdo.tn","url":"https:\/\/www.webdo.tn\/fr\/","logo":{"@type":"ImageObject","inLanguage":"fr-FR","@id":"https:\/\/www.webdo.tn\/fr\/#\/schema\/logo\/image\/","url":"https:\/\/www.webdo.tn\/fr\/wp-content\/uploads\/2025\/06\/Webdo-Tunisie_168377.jpg","contentUrl":"https:\/\/www.webdo.tn\/fr\/wp-content\/uploads\/2025\/06\/Webdo-Tunisie_168377.jpg","width":301,"height":301,"caption":"Webdo"},"image":{"@id":"https:\/\/www.webdo.tn\/fr\/#\/schema\/logo\/image\/"},"sameAs":["https:\/\/www.facebook.com\/webdotn","https:\/\/x.com\/webdo_tn"],"description":"Webdo est un m\u00e9dia num\u00e9rique tunisien fond\u00e9 en 2010, sp\u00e9cialis\u00e9 dans l\u2019actualit\u00e9 nationale et internationale, l\u2019\u00e9conomie, la soci\u00e9t\u00e9 et les analyses politiques. Le site s\u2019adresse \u00e0 un large public francophone et couvre l\u2019information tunisienne en temps r\u00e9el.","email":"redac@webdo.tn","legalName":"YNJ SARL","foundingDate":"2010-09-06","numberOfEmployees":{"@type":"QuantitativeValue","minValue":"11","maxValue":"50"}},{"@type":"Person","@id":"https:\/\/www.webdo.tn\/fr\/#\/schema\/person\/f35b42a42c5e2511bbd282959d6385cc","name":"CL","image":{"@type":"ImageObject","inLanguage":"fr-FR","@id":"https:\/\/secure.gravatar.com\/avatar\/1447a49909b67aa657c488aec6512e1dd6143a480c1ecfee9b5b5cd74eb3b59e?s=96&d=mm&r=g","url":"https:\/\/secure.gravatar.com\/avatar\/1447a49909b67aa657c488aec6512e1dd6143a480c1ecfee9b5b5cd74eb3b59e?s=96&d=mm&r=g","contentUrl":"https:\/\/secure.gravatar.com\/avatar\/1447a49909b67aa657c488aec6512e1dd6143a480c1ecfee9b5b5cd74eb3b59e?s=96&d=mm&r=g","caption":"CL"},"url":"https:\/\/www.webdo.tn\/fr\/actualite\/author\/cl\/"}]}},"_links":{"self":[{"href":"https:\/\/www.webdo.tn\/fr\/wp-json\/wp\/v2\/posts\/202826","targetHints":{"allow":["GET"]}}],"collection":[{"href":"https:\/\/www.webdo.tn\/fr\/wp-json\/wp\/v2\/posts"}],"about":[{"href":"https:\/\/www.webdo.tn\/fr\/wp-json\/wp\/v2\/types\/post"}],"author":[{"embeddable":true,"href":"https:\/\/www.webdo.tn\/fr\/wp-json\/wp\/v2\/users\/3175"}],"replies":[{"embeddable":true,"href":"https:\/\/www.webdo.tn\/fr\/wp-json\/wp\/v2\/comments?post=202826"}],"version-history":[{"count":0,"href":"https:\/\/www.webdo.tn\/fr\/wp-json\/wp\/v2\/posts\/202826\/revisions"}],"wp:featuredmedia":[{"embeddable":true,"href":"https:\/\/www.webdo.tn\/fr\/wp-json\/wp\/v2\/media\/252233"}],"wp:attachment":[{"href":"https:\/\/www.webdo.tn\/fr\/wp-json\/wp\/v2\/media?parent=202826"}],"wp:term":[{"taxonomy":"category","embeddable":true,"href":"https:\/\/www.webdo.tn\/fr\/wp-json\/wp\/v2\/categories?post=202826"},{"taxonomy":"post_tag","embeddable":true,"href":"https:\/\/www.webdo.tn\/fr\/wp-json\/wp\/v2\/tags?post=202826"}],"curies":[{"name":"wp","href":"https:\/\/api.w.org\/{rel}","templated":true}]}}