{"id":202806,"date":"2023-02-11T09:14:00","date_gmt":"2023-02-11T09:14:00","guid":{"rendered":"https:\/\/www.webdo.tn\/fr\/blog\/seisme-arrivee-du-premier-vol-d-evacuation-de-rescapes-tunisiens\/202806\/"},"modified":"2025-05-20T22:02:36","modified_gmt":"2025-05-20T22:02:36","slug":"seisme-arrivee-du-premier-vol-d-evacuation-de-rescapes-tunisiens","status":"publish","type":"post","link":"https:\/\/www.webdo.tn\/fr\/actualite\/national\/seisme-arrivee-du-premier-vol-d-evacuation-de-rescapes-tunisiens\/202806\/","title":{"rendered":"S\u00e9isme : Arriv\u00e9e du premier vol d&rsquo;\u00e9vacuation de rescap\u00e9s tunisiens"},"content":{"rendered":"<p>Un premier vol transportant 11 rescap\u00e9s tunisiens en provenance du sud de la Turquie secou\u00e9 par le s\u00e9isme de lundi dernier, est arriv\u00e9, ce samedi 11 f\u00e9vrier \u00e0 l&rsquo;aube \u00e0 l&rsquo;a\u00e9roport international de Tunis-Carthage.<\/p>\n<p>\t\t\t\t\t\t\t\t\tLe directeur de la diplomatie publique et de l&rsquo;information au minist\u00e8re des affaires \u00e9trang\u00e8res, de la migration et des Tunisiens \u00e0 l&rsquo;\u00e9tranger, Mohamed Trabelsi, a d\u00e9clar\u00e9 \u00e0 la presse que la Tunisie a rapatri\u00e9, lors de ce premier vol d&rsquo;\u00e9vacuation, 11 Tunisiens r\u00e9sidant dans les zones sinistr\u00e9es dont deux familles.<\/p>\n<p>\u00a0Les op\u00e9rations d&rsquo;\u00e9vacuation doivent se poursuivre dans les prochains jours pour les Tunisiens qui le souhaitent, m\u00eame s&rsquo;ils ne disposent pas de passeports, a-t-il ajout\u00e9<\/p>\n<p>Trabelsi a ajout\u00e9 que le consulat g\u00e9n\u00e9ral \u00e0 Istanbul a envoy\u00e9, aujourd&rsquo;hui, un bus \u00e0 la province d&rsquo;Adana pour ramener 50 Tunisiens, affirmant que chaque Tunisien qui contacte le consulat g\u00e9n\u00e9ral sera pris en charge et \u00e9vacu\u00e9 le plus t\u00f4t possible.<\/p>\n<p>Il a rappel\u00e9 que, jusqu&rsquo;\u00e0 pr\u00e9sent, aucun d\u00e9c\u00e8s n&rsquo;a \u00e9t\u00e9 enregistr\u00e9 parmi les ressortissants tunisiens, faisant savoir que 500 Tunisiens, environ, r\u00e9sident dans les zones touch\u00e9es par le s\u00e9isme qui a ravag\u00e9 le sud de la Turquie.<\/p>\n<p>Rappelons que l&rsquo;ambassade de Tunisie a Ankara a entam\u00e9, hier les formalit\u00e9s d&rsquo;\u00e9vacuation des Tunisiens dans les r\u00e9gions sinistr\u00e9es.<\/p>\n","protected":false},"excerpt":{"rendered":"<p>Un premier vol transportant 11 rescap\u00e9s tunisiens en provenance du sud de la Turquie secou\u00e9 par le s\u00e9isme de lundi dernier, est arriv\u00e9, ce samedi 11 f\u00e9vrier \u00e0 l&#8230;<\/p>\n","protected":false},"author":3162,"featured_media":252219,"comment_status":"open","ping_status":"closed","sticky":false,"template":"","format":"standard","meta":{"footnotes":""},"categories":[44],"tags":[7271,2608,3550],"class_list":["post-202806","post","type-post","status-publish","format-standard","has-post-thumbnail","hentry","category-national","tag-seisme","tag-tunisie","tag-turquie"],"yoast_head":"<!-- This site is optimized with the Yoast SEO Premium plugin v27.4 (Yoast SEO v27.5) - https:\/\/yoast.com\/product\/yoast-seo-premium-wordpress\/ -->\n<title>S\u00e9isme : Arriv\u00e9e du premier vol d&#039;\u00e9vacuation de rescap\u00e9s tunisiens<\/title>\n<meta name=\"description\" content=\"Un premier vol transportant 11 rescap\u00e9s tunisiens en provenance du sud de la Turquie secou\u00e9 par le s\u00e9isme de lundi dernier, est arriv\u00e9, ce samedi 11 f\u00e9vrier \u00e0 l...\" \/>\n<link rel=\"canonical\" href=\"https:\/\/www.webdo.tn\/fr\/actualite\/national\/seisme-arrivee-du-premier-vol-d-evacuation-de-rescapes-tunisiens\/202806\/\" \/>\n<meta property=\"og:locale\" content=\"fr_FR\" \/>\n<meta property=\"og:type\" content=\"article\" \/>\n<meta property=\"og:title\" content=\"S\u00e9isme : Arriv\u00e9e du premier vol d&#039;\u00e9vacuation de rescap\u00e9s tunisiens\" \/>\n<meta property=\"og:description\" content=\"Un premier vol transportant 11 rescap\u00e9s tunisiens en provenance du sud de la Turquie secou\u00e9 par le s\u00e9isme de lundi dernier, est arriv\u00e9, ce samedi 11 f\u00e9vrier \u00e0 l...\" \/>\n<meta property=\"og:url\" content=\"https:\/\/www.webdo.tn\/fr\/actualite\/national\/seisme-arrivee-du-premier-vol-d-evacuation-de-rescapes-tunisiens\/202806\/\" \/>\n<meta property=\"og:site_name\" content=\"webdo\" \/>\n<meta property=\"article:publisher\" content=\"https:\/\/www.facebook.com\/webdotn\" \/>\n<meta property=\"article:published_time\" content=\"2023-02-11T09:14:00+00:00\" \/>\n<meta property=\"article:modified_time\" content=\"2025-05-20T22:02:36+00:00\" \/>\n<meta property=\"og:image\" content=\"https:\/\/www.webdo.tn\/fr\/wp-content\/uploads\/2023\/02\/27d9d0fd80a51c022331bb08da95f783.jpg\" \/>\n\t<meta property=\"og:image:width\" content=\"750\" \/>\n\t<meta property=\"og:image:height\" content=\"400\" \/>\n\t<meta property=\"og:image:type\" content=\"image\/jpeg\" \/>\n<meta name=\"author\" content=\"MC\" \/>\n<meta name=\"twitter:card\" content=\"summary_large_image\" \/>\n<meta name=\"twitter:creator\" content=\"@webdo_tn\" \/>\n<meta name=\"twitter:site\" content=\"@webdo_tn\" \/>\n<meta name=\"twitter:label1\" content=\"\u00c9crit par\" \/>\n\t<meta name=\"twitter:data1\" content=\"MC\" \/>\n\t<meta name=\"twitter:label2\" content=\"Dur\u00e9e de lecture estim\u00e9e\" \/>\n\t<meta name=\"twitter:data2\" content=\"1 minute\" \/>\n<script type=\"application\/ld+json\" class=\"yoast-schema-graph\">{\"@context\":\"https:\\\/\\\/schema.org\",\"@graph\":[{\"@type\":\"NewsArticle\",\"@id\":\"https:\\\/\\\/www.webdo.tn\\\/fr\\\/actualite\\\/national\\\/seisme-arrivee-du-premier-vol-d-evacuation-de-rescapes-tunisiens\\\/202806\\\/#article\",\"isPartOf\":{\"@id\":\"https:\\\/\\\/www.webdo.tn\\\/fr\\\/actualite\\\/national\\\/seisme-arrivee-du-premier-vol-d-evacuation-de-rescapes-tunisiens\\\/202806\\\/\"},\"author\":{\"name\":\"MC\",\"@id\":\"https:\\\/\\\/www.webdo.tn\\\/fr\\\/#\\\/schema\\\/person\\\/2c4929cbf5a809e3bd38617c6ce150f6\"},\"headline\":\"S\u00e9isme : Arriv\u00e9e du premier vol d&rsquo;\u00e9vacuation de rescap\u00e9s tunisiens\",\"datePublished\":\"2023-02-11T09:14:00+00:00\",\"dateModified\":\"2025-05-20T22:02:36+00:00\",\"mainEntityOfPage\":{\"@id\":\"https:\\\/\\\/www.webdo.tn\\\/fr\\\/actualite\\\/national\\\/seisme-arrivee-du-premier-vol-d-evacuation-de-rescapes-tunisiens\\\/202806\\\/\"},\"wordCount\":245,\"commentCount\":0,\"publisher\":{\"@id\":\"https:\\\/\\\/www.webdo.tn\\\/fr\\\/#organization\"},\"image\":{\"@id\":\"https:\\\/\\\/www.webdo.tn\\\/fr\\\/actualite\\\/national\\\/seisme-arrivee-du-premier-vol-d-evacuation-de-rescapes-tunisiens\\\/202806\\\/#primaryimage\"},\"thumbnailUrl\":\"https:\\\/\\\/www.webdo.tn\\\/fr\\\/wp-content\\\/uploads\\\/2023\\\/02\\\/27d9d0fd80a51c022331bb08da95f783.jpg\",\"keywords\":[\"s\u00e9isme\",\"Tunisie\",\"Turquie\"],\"articleSection\":[\"National\"],\"inLanguage\":\"fr-FR\"},{\"@type\":\"WebPage\",\"@id\":\"https:\\\/\\\/www.webdo.tn\\\/fr\\\/actualite\\\/national\\\/seisme-arrivee-du-premier-vol-d-evacuation-de-rescapes-tunisiens\\\/202806\\\/\",\"url\":\"https:\\\/\\\/www.webdo.tn\\\/fr\\\/actualite\\\/national\\\/seisme-arrivee-du-premier-vol-d-evacuation-de-rescapes-tunisiens\\\/202806\\\/\",\"name\":\"S\u00e9isme : Arriv\u00e9e du premier vol d'\u00e9vacuation de rescap\u00e9s tunisiens\",\"isPartOf\":{\"@id\":\"https:\\\/\\\/www.webdo.tn\\\/fr\\\/#website\"},\"primaryImageOfPage\":{\"@id\":\"https:\\\/\\\/www.webdo.tn\\\/fr\\\/actualite\\\/national\\\/seisme-arrivee-du-premier-vol-d-evacuation-de-rescapes-tunisiens\\\/202806\\\/#primaryimage\"},\"image\":{\"@id\":\"https:\\\/\\\/www.webdo.tn\\\/fr\\\/actualite\\\/national\\\/seisme-arrivee-du-premier-vol-d-evacuation-de-rescapes-tunisiens\\\/202806\\\/#primaryimage\"},\"thumbnailUrl\":\"https:\\\/\\\/www.webdo.tn\\\/fr\\\/wp-content\\\/uploads\\\/2023\\\/02\\\/27d9d0fd80a51c022331bb08da95f783.jpg\",\"datePublished\":\"2023-02-11T09:14:00+00:00\",\"dateModified\":\"2025-05-20T22:02:36+00:00\",\"description\":\"Un premier vol transportant 11 rescap\u00e9s tunisiens en provenance du sud de la Turquie secou\u00e9 par le s\u00e9isme de lundi dernier, est arriv\u00e9, ce samedi 11 f\u00e9vrier \u00e0 l...\",\"breadcrumb\":{\"@id\":\"https:\\\/\\\/www.webdo.tn\\\/fr\\\/actualite\\\/national\\\/seisme-arrivee-du-premier-vol-d-evacuation-de-rescapes-tunisiens\\\/202806\\\/#breadcrumb\"},\"inLanguage\":\"fr-FR\",\"potentialAction\":[{\"@type\":\"ReadAction\",\"target\":[\"https:\\\/\\\/www.webdo.tn\\\/fr\\\/actualite\\\/national\\\/seisme-arrivee-du-premier-vol-d-evacuation-de-rescapes-tunisiens\\\/202806\\\/\"]}]},{\"@type\":\"ImageObject\",\"inLanguage\":\"fr-FR\",\"@id\":\"https:\\\/\\\/www.webdo.tn\\\/fr\\\/actualite\\\/national\\\/seisme-arrivee-du-premier-vol-d-evacuation-de-rescapes-tunisiens\\\/202806\\\/#primaryimage\",\"url\":\"https:\\\/\\\/www.webdo.tn\\\/fr\\\/wp-content\\\/uploads\\\/2023\\\/02\\\/27d9d0fd80a51c022331bb08da95f783.jpg\",\"contentUrl\":\"https:\\\/\\\/www.webdo.tn\\\/fr\\\/wp-content\\\/uploads\\\/2023\\\/02\\\/27d9d0fd80a51c022331bb08da95f783.jpg\",\"width\":750,\"height\":400,\"caption\":\"S\u00e9isme : Arriv\u00e9e du premier vol d'\u00e9vacuation de rescap\u00e9s tunisiens\"},{\"@type\":\"BreadcrumbList\",\"@id\":\"https:\\\/\\\/www.webdo.tn\\\/fr\\\/actualite\\\/national\\\/seisme-arrivee-du-premier-vol-d-evacuation-de-rescapes-tunisiens\\\/202806\\\/#breadcrumb\",\"itemListElement\":[{\"@type\":\"ListItem\",\"position\":1,\"name\":\"Accueil\",\"item\":\"https:\\\/\\\/www.webdo.tn\\\/fr\\\/\"},{\"@type\":\"ListItem\",\"position\":2,\"name\":\"S\u00e9isme : Arriv\u00e9e du premier vol d&#8217;\u00e9vacuation de rescap\u00e9s tunisiens\"}]},{\"@type\":\"WebSite\",\"@id\":\"https:\\\/\\\/www.webdo.tn\\\/fr\\\/#website\",\"url\":\"https:\\\/\\\/www.webdo.tn\\\/fr\\\/\",\"name\":\"webdo\",\"description\":\"Tunisie - News en Tunisie et \u00e0 l&#039;international sur Webdo.tn\",\"publisher\":{\"@id\":\"https:\\\/\\\/www.webdo.tn\\\/fr\\\/#organization\"},\"potentialAction\":[{\"@type\":\"SearchAction\",\"target\":{\"@type\":\"EntryPoint\",\"urlTemplate\":\"https:\\\/\\\/www.webdo.tn\\\/fr\\\/?s={search_term_string}\"},\"query-input\":{\"@type\":\"PropertyValueSpecification\",\"valueRequired\":true,\"valueName\":\"search_term_string\"}}],\"inLanguage\":\"fr-FR\"},{\"@type\":\"Organization\",\"@id\":\"https:\\\/\\\/www.webdo.tn\\\/fr\\\/#organization\",\"name\":\"Webdo\",\"alternateName\":\"Webdo.tn\",\"url\":\"https:\\\/\\\/www.webdo.tn\\\/fr\\\/\",\"logo\":{\"@type\":\"ImageObject\",\"inLanguage\":\"fr-FR\",\"@id\":\"https:\\\/\\\/www.webdo.tn\\\/fr\\\/#\\\/schema\\\/logo\\\/image\\\/\",\"url\":\"https:\\\/\\\/www.webdo.tn\\\/fr\\\/wp-content\\\/uploads\\\/2025\\\/06\\\/Webdo-Tunisie_168377.jpg\",\"contentUrl\":\"https:\\\/\\\/www.webdo.tn\\\/fr\\\/wp-content\\\/uploads\\\/2025\\\/06\\\/Webdo-Tunisie_168377.jpg\",\"width\":301,\"height\":301,\"caption\":\"Webdo\"},\"image\":{\"@id\":\"https:\\\/\\\/www.webdo.tn\\\/fr\\\/#\\\/schema\\\/logo\\\/image\\\/\"},\"sameAs\":[\"https:\\\/\\\/www.facebook.com\\\/webdotn\",\"https:\\\/\\\/x.com\\\/webdo_tn\"],\"description\":\"Webdo est un m\u00e9dia num\u00e9rique tunisien fond\u00e9 en 2010, sp\u00e9cialis\u00e9 dans l\u2019actualit\u00e9 nationale et internationale, l\u2019\u00e9conomie, la soci\u00e9t\u00e9 et les analyses politiques. Le site s\u2019adresse \u00e0 un large public francophone et couvre l\u2019information tunisienne en temps r\u00e9el.\",\"email\":\"redac@webdo.tn\",\"legalName\":\"YNJ SARL\",\"foundingDate\":\"2010-09-06\",\"numberOfEmployees\":{\"@type\":\"QuantitativeValue\",\"minValue\":\"11\",\"maxValue\":\"50\"}},{\"@type\":\"Person\",\"@id\":\"https:\\\/\\\/www.webdo.tn\\\/fr\\\/#\\\/schema\\\/person\\\/2c4929cbf5a809e3bd38617c6ce150f6\",\"name\":\"MC\",\"image\":{\"@type\":\"ImageObject\",\"inLanguage\":\"fr-FR\",\"@id\":\"https:\\\/\\\/secure.gravatar.com\\\/avatar\\\/a545bbb6f84efdd5553dbbc2895e3ca8f1d12c5215e00a041c9670b54aa9b18a?s=96&d=mm&r=g\",\"url\":\"https:\\\/\\\/secure.gravatar.com\\\/avatar\\\/a545bbb6f84efdd5553dbbc2895e3ca8f1d12c5215e00a041c9670b54aa9b18a?s=96&d=mm&r=g\",\"contentUrl\":\"https:\\\/\\\/secure.gravatar.com\\\/avatar\\\/a545bbb6f84efdd5553dbbc2895e3ca8f1d12c5215e00a041c9670b54aa9b18a?s=96&d=mm&r=g\",\"caption\":\"MC\"},\"url\":\"https:\\\/\\\/www.webdo.tn\\\/fr\\\/actualite\\\/author\\\/mc\\\/\"}]}<\/script>\n<!-- \/ Yoast SEO Premium plugin. -->","yoast_head_json":{"title":"S\u00e9isme : Arriv\u00e9e du premier vol d'\u00e9vacuation de rescap\u00e9s tunisiens","description":"Un premier vol transportant 11 rescap\u00e9s tunisiens en provenance du sud de la Turquie secou\u00e9 par le s\u00e9isme de lundi dernier, est arriv\u00e9, ce samedi 11 f\u00e9vrier \u00e0 l...","canonical":"https:\/\/www.webdo.tn\/fr\/actualite\/national\/seisme-arrivee-du-premier-vol-d-evacuation-de-rescapes-tunisiens\/202806\/","og_locale":"fr_FR","og_type":"article","og_title":"S\u00e9isme : Arriv\u00e9e du premier vol d'\u00e9vacuation de rescap\u00e9s tunisiens","og_description":"Un premier vol transportant 11 rescap\u00e9s tunisiens en provenance du sud de la Turquie secou\u00e9 par le s\u00e9isme de lundi dernier, est arriv\u00e9, ce samedi 11 f\u00e9vrier \u00e0 l...","og_url":"https:\/\/www.webdo.tn\/fr\/actualite\/national\/seisme-arrivee-du-premier-vol-d-evacuation-de-rescapes-tunisiens\/202806\/","og_site_name":"webdo","article_publisher":"https:\/\/www.facebook.com\/webdotn","article_published_time":"2023-02-11T09:14:00+00:00","article_modified_time":"2025-05-20T22:02:36+00:00","og_image":[{"width":750,"height":400,"url":"https:\/\/www.webdo.tn\/fr\/wp-content\/uploads\/2023\/02\/27d9d0fd80a51c022331bb08da95f783.jpg","type":"image\/jpeg"}],"author":"MC","twitter_card":"summary_large_image","twitter_creator":"@webdo_tn","twitter_site":"@webdo_tn","twitter_misc":{"\u00c9crit par":"MC","Dur\u00e9e de lecture estim\u00e9e":"1 minute"},"schema":{"@context":"https:\/\/schema.org","@graph":[{"@type":"NewsArticle","@id":"https:\/\/www.webdo.tn\/fr\/actualite\/national\/seisme-arrivee-du-premier-vol-d-evacuation-de-rescapes-tunisiens\/202806\/#article","isPartOf":{"@id":"https:\/\/www.webdo.tn\/fr\/actualite\/national\/seisme-arrivee-du-premier-vol-d-evacuation-de-rescapes-tunisiens\/202806\/"},"author":{"name":"MC","@id":"https:\/\/www.webdo.tn\/fr\/#\/schema\/person\/2c4929cbf5a809e3bd38617c6ce150f6"},"headline":"S\u00e9isme : Arriv\u00e9e du premier vol d&rsquo;\u00e9vacuation de rescap\u00e9s tunisiens","datePublished":"2023-02-11T09:14:00+00:00","dateModified":"2025-05-20T22:02:36+00:00","mainEntityOfPage":{"@id":"https:\/\/www.webdo.tn\/fr\/actualite\/national\/seisme-arrivee-du-premier-vol-d-evacuation-de-rescapes-tunisiens\/202806\/"},"wordCount":245,"commentCount":0,"publisher":{"@id":"https:\/\/www.webdo.tn\/fr\/#organization"},"image":{"@id":"https:\/\/www.webdo.tn\/fr\/actualite\/national\/seisme-arrivee-du-premier-vol-d-evacuation-de-rescapes-tunisiens\/202806\/#primaryimage"},"thumbnailUrl":"https:\/\/www.webdo.tn\/fr\/wp-content\/uploads\/2023\/02\/27d9d0fd80a51c022331bb08da95f783.jpg","keywords":["s\u00e9isme","Tunisie","Turquie"],"articleSection":["National"],"inLanguage":"fr-FR"},{"@type":"WebPage","@id":"https:\/\/www.webdo.tn\/fr\/actualite\/national\/seisme-arrivee-du-premier-vol-d-evacuation-de-rescapes-tunisiens\/202806\/","url":"https:\/\/www.webdo.tn\/fr\/actualite\/national\/seisme-arrivee-du-premier-vol-d-evacuation-de-rescapes-tunisiens\/202806\/","name":"S\u00e9isme : Arriv\u00e9e du premier vol d'\u00e9vacuation de rescap\u00e9s tunisiens","isPartOf":{"@id":"https:\/\/www.webdo.tn\/fr\/#website"},"primaryImageOfPage":{"@id":"https:\/\/www.webdo.tn\/fr\/actualite\/national\/seisme-arrivee-du-premier-vol-d-evacuation-de-rescapes-tunisiens\/202806\/#primaryimage"},"image":{"@id":"https:\/\/www.webdo.tn\/fr\/actualite\/national\/seisme-arrivee-du-premier-vol-d-evacuation-de-rescapes-tunisiens\/202806\/#primaryimage"},"thumbnailUrl":"https:\/\/www.webdo.tn\/fr\/wp-content\/uploads\/2023\/02\/27d9d0fd80a51c022331bb08da95f783.jpg","datePublished":"2023-02-11T09:14:00+00:00","dateModified":"2025-05-20T22:02:36+00:00","description":"Un premier vol transportant 11 rescap\u00e9s tunisiens en provenance du sud de la Turquie secou\u00e9 par le s\u00e9isme de lundi dernier, est arriv\u00e9, ce samedi 11 f\u00e9vrier \u00e0 l...","breadcrumb":{"@id":"https:\/\/www.webdo.tn\/fr\/actualite\/national\/seisme-arrivee-du-premier-vol-d-evacuation-de-rescapes-tunisiens\/202806\/#breadcrumb"},"inLanguage":"fr-FR","potentialAction":[{"@type":"ReadAction","target":["https:\/\/www.webdo.tn\/fr\/actualite\/national\/seisme-arrivee-du-premier-vol-d-evacuation-de-rescapes-tunisiens\/202806\/"]}]},{"@type":"ImageObject","inLanguage":"fr-FR","@id":"https:\/\/www.webdo.tn\/fr\/actualite\/national\/seisme-arrivee-du-premier-vol-d-evacuation-de-rescapes-tunisiens\/202806\/#primaryimage","url":"https:\/\/www.webdo.tn\/fr\/wp-content\/uploads\/2023\/02\/27d9d0fd80a51c022331bb08da95f783.jpg","contentUrl":"https:\/\/www.webdo.tn\/fr\/wp-content\/uploads\/2023\/02\/27d9d0fd80a51c022331bb08da95f783.jpg","width":750,"height":400,"caption":"S\u00e9isme : Arriv\u00e9e du premier vol d'\u00e9vacuation de rescap\u00e9s tunisiens"},{"@type":"BreadcrumbList","@id":"https:\/\/www.webdo.tn\/fr\/actualite\/national\/seisme-arrivee-du-premier-vol-d-evacuation-de-rescapes-tunisiens\/202806\/#breadcrumb","itemListElement":[{"@type":"ListItem","position":1,"name":"Accueil","item":"https:\/\/www.webdo.tn\/fr\/"},{"@type":"ListItem","position":2,"name":"S\u00e9isme : Arriv\u00e9e du premier vol d&#8217;\u00e9vacuation de rescap\u00e9s tunisiens"}]},{"@type":"WebSite","@id":"https:\/\/www.webdo.tn\/fr\/#website","url":"https:\/\/www.webdo.tn\/fr\/","name":"webdo","description":"Tunisie - News en Tunisie et \u00e0 l&#039;international sur Webdo.tn","publisher":{"@id":"https:\/\/www.webdo.tn\/fr\/#organization"},"potentialAction":[{"@type":"SearchAction","target":{"@type":"EntryPoint","urlTemplate":"https:\/\/www.webdo.tn\/fr\/?s={search_term_string}"},"query-input":{"@type":"PropertyValueSpecification","valueRequired":true,"valueName":"search_term_string"}}],"inLanguage":"fr-FR"},{"@type":"Organization","@id":"https:\/\/www.webdo.tn\/fr\/#organization","name":"Webdo","alternateName":"Webdo.tn","url":"https:\/\/www.webdo.tn\/fr\/","logo":{"@type":"ImageObject","inLanguage":"fr-FR","@id":"https:\/\/www.webdo.tn\/fr\/#\/schema\/logo\/image\/","url":"https:\/\/www.webdo.tn\/fr\/wp-content\/uploads\/2025\/06\/Webdo-Tunisie_168377.jpg","contentUrl":"https:\/\/www.webdo.tn\/fr\/wp-content\/uploads\/2025\/06\/Webdo-Tunisie_168377.jpg","width":301,"height":301,"caption":"Webdo"},"image":{"@id":"https:\/\/www.webdo.tn\/fr\/#\/schema\/logo\/image\/"},"sameAs":["https:\/\/www.facebook.com\/webdotn","https:\/\/x.com\/webdo_tn"],"description":"Webdo est un m\u00e9dia num\u00e9rique tunisien fond\u00e9 en 2010, sp\u00e9cialis\u00e9 dans l\u2019actualit\u00e9 nationale et internationale, l\u2019\u00e9conomie, la soci\u00e9t\u00e9 et les analyses politiques. Le site s\u2019adresse \u00e0 un large public francophone et couvre l\u2019information tunisienne en temps r\u00e9el.","email":"redac@webdo.tn","legalName":"YNJ SARL","foundingDate":"2010-09-06","numberOfEmployees":{"@type":"QuantitativeValue","minValue":"11","maxValue":"50"}},{"@type":"Person","@id":"https:\/\/www.webdo.tn\/fr\/#\/schema\/person\/2c4929cbf5a809e3bd38617c6ce150f6","name":"MC","image":{"@type":"ImageObject","inLanguage":"fr-FR","@id":"https:\/\/secure.gravatar.com\/avatar\/a545bbb6f84efdd5553dbbc2895e3ca8f1d12c5215e00a041c9670b54aa9b18a?s=96&d=mm&r=g","url":"https:\/\/secure.gravatar.com\/avatar\/a545bbb6f84efdd5553dbbc2895e3ca8f1d12c5215e00a041c9670b54aa9b18a?s=96&d=mm&r=g","contentUrl":"https:\/\/secure.gravatar.com\/avatar\/a545bbb6f84efdd5553dbbc2895e3ca8f1d12c5215e00a041c9670b54aa9b18a?s=96&d=mm&r=g","caption":"MC"},"url":"https:\/\/www.webdo.tn\/fr\/actualite\/author\/mc\/"}]}},"_links":{"self":[{"href":"https:\/\/www.webdo.tn\/fr\/wp-json\/wp\/v2\/posts\/202806","targetHints":{"allow":["GET"]}}],"collection":[{"href":"https:\/\/www.webdo.tn\/fr\/wp-json\/wp\/v2\/posts"}],"about":[{"href":"https:\/\/www.webdo.tn\/fr\/wp-json\/wp\/v2\/types\/post"}],"author":[{"embeddable":true,"href":"https:\/\/www.webdo.tn\/fr\/wp-json\/wp\/v2\/users\/3162"}],"replies":[{"embeddable":true,"href":"https:\/\/www.webdo.tn\/fr\/wp-json\/wp\/v2\/comments?post=202806"}],"version-history":[{"count":0,"href":"https:\/\/www.webdo.tn\/fr\/wp-json\/wp\/v2\/posts\/202806\/revisions"}],"wp:featuredmedia":[{"embeddable":true,"href":"https:\/\/www.webdo.tn\/fr\/wp-json\/wp\/v2\/media\/252219"}],"wp:attachment":[{"href":"https:\/\/www.webdo.tn\/fr\/wp-json\/wp\/v2\/media?parent=202806"}],"wp:term":[{"taxonomy":"category","embeddable":true,"href":"https:\/\/www.webdo.tn\/fr\/wp-json\/wp\/v2\/categories?post=202806"},{"taxonomy":"post_tag","embeddable":true,"href":"https:\/\/www.webdo.tn\/fr\/wp-json\/wp\/v2\/tags?post=202806"}],"curies":[{"name":"wp","href":"https:\/\/api.w.org\/{rel}","templated":true}]}}