{"id":202793,"date":"2023-02-10T19:09:00","date_gmt":"2023-02-10T19:09:00","guid":{"rendered":"https:\/\/www.webdo.tn\/fr\/blog\/tunisie-un-troisieme-avion-d-aides-decolle-en-direction-d-alep\/202793\/"},"modified":"2025-05-20T22:45:30","modified_gmt":"2025-05-20T22:45:30","slug":"tunisie-un-troisieme-avion-d-aides-decolle-en-direction-d-alep","status":"publish","type":"post","link":"https:\/\/www.webdo.tn\/fr\/actualite\/national\/tunisie-un-troisieme-avion-d-aides-decolle-en-direction-d-alep\/202793\/","title":{"rendered":"Tunisie : Un troisi\u00e8me avion d&rsquo;aides d\u00e9colle en direction d&rsquo;Alep"},"content":{"rendered":"<p>Un troisi\u00e8me avion militaire charg\u00e9 d&rsquo;aides humanitaires a d\u00e9coll\u00e9 jeudi soir, en direction de l&rsquo;a\u00e9roport d&rsquo;Alep en Syrie, annonce le minist\u00e8re de la D\u00e9fense nationale dans un communiqu\u00e9 publi\u00e9 ce vendredi.<\/p>\n<p>\t\t\t\t\t\t\t\t\tLa Tunisie avait envoy\u00e9, ces derniers jours, un avion militaire vers la Turquie et deux autres avions en direction de la ville d&rsquo;Alep, pour apporter de l&rsquo;aide humanitaire \u00e0 la Turquie et \u00e0 la Syrie qui ont \u00e9t\u00e9 frapp\u00e9es lundi dernier, par un violent s\u00e9isme d&rsquo;une magnitude de 7.8 sur l&rsquo;\u00e9chelle de Richter.<\/p>\n<p>Les quatre avions transportaient une cargaison totale de 33 tonnes d&rsquo;aides alimentaires, de couvertures, de v\u00eatements, et de m\u00e9dicaments, lit-on dans le communiqu\u00e9.<\/p>\n<p>La Tunisie a \u00e9galement envoy\u00e9 78 agents de la Protection civile et du Croissant rouge, des \u00e9quipes m\u00e9dicales ainsi que 6 brigades canines, pour aider la Turquie et la Syrie, suite \u00e0 ce drame.<\/p>\n","protected":false},"excerpt":{"rendered":"<p>Un troisi\u00e8me avion militaire charg\u00e9 d&rsquo;aides humanitaires a d\u00e9coll\u00e9 jeudi soir, en direction de l&rsquo;a\u00e9roport d&rsquo;Alep en Syrie, annonce le minist\u00e8re de la D\u00e9fense na&#8230;<\/p>\n","protected":false},"author":3175,"featured_media":252230,"comment_status":"open","ping_status":"closed","sticky":false,"template":"","format":"standard","meta":{"footnotes":""},"categories":[44],"tags":[7198,3504,2608],"class_list":["post-202793","post","type-post","status-publish","format-standard","has-post-thumbnail","hentry","category-national","tag-aides","tag-syrie","tag-tunisie"],"yoast_head":"<!-- This site is optimized with the Yoast SEO Premium plugin v27.5 (Yoast SEO v27.5) - https:\/\/yoast.com\/product\/yoast-seo-premium-wordpress\/ -->\n<title>Tunisie : Un troisi\u00e8me avion d&#039;aides d\u00e9colle en direction d&#039;Alep<\/title>\n<meta name=\"description\" content=\"Un troisi\u00e8me avion militaire charg\u00e9 d&#039;aides humanitaires a d\u00e9coll\u00e9 jeudi soir, en direction de l&#039;a\u00e9roport d&#039;Alep en Syrie, annonce le minist\u00e8re de la D\u00e9fense na...\" \/>\n<link rel=\"canonical\" href=\"https:\/\/www.webdo.tn\/fr\/actualite\/national\/tunisie-un-troisieme-avion-d-aides-decolle-en-direction-d-alep\/202793\/\" \/>\n<meta property=\"og:locale\" content=\"fr_FR\" \/>\n<meta property=\"og:type\" content=\"article\" \/>\n<meta property=\"og:title\" content=\"Tunisie : Un troisi\u00e8me avion d&#039;aides d\u00e9colle en direction d&#039;Alep\" \/>\n<meta property=\"og:description\" content=\"Un troisi\u00e8me avion militaire charg\u00e9 d&#039;aides humanitaires a d\u00e9coll\u00e9 jeudi soir, en direction de l&#039;a\u00e9roport d&#039;Alep en Syrie, annonce le minist\u00e8re de la D\u00e9fense na...\" \/>\n<meta property=\"og:url\" content=\"https:\/\/www.webdo.tn\/fr\/actualite\/national\/tunisie-un-troisieme-avion-d-aides-decolle-en-direction-d-alep\/202793\/\" \/>\n<meta property=\"og:site_name\" content=\"webdo\" \/>\n<meta property=\"article:publisher\" content=\"https:\/\/www.facebook.com\/webdotn\" \/>\n<meta property=\"article:published_time\" content=\"2023-02-10T19:09:00+00:00\" \/>\n<meta property=\"article:modified_time\" content=\"2025-05-20T22:45:30+00:00\" \/>\n<meta property=\"og:image\" content=\"https:\/\/www.webdo.tn\/fr\/wp-content\/uploads\/2023\/02\/4e979d21d5152908e5edbed9ff0285fd.jpg\" \/>\n\t<meta property=\"og:image:width\" content=\"750\" \/>\n\t<meta property=\"og:image:height\" content=\"400\" \/>\n\t<meta property=\"og:image:type\" content=\"image\/jpeg\" \/>\n<meta name=\"author\" content=\"CL\" \/>\n<meta name=\"twitter:card\" content=\"summary_large_image\" \/>\n<meta name=\"twitter:creator\" content=\"@webdo_tn\" \/>\n<meta name=\"twitter:site\" content=\"@webdo_tn\" \/>\n<meta name=\"twitter:label1\" content=\"\u00c9crit par\" \/>\n\t<meta name=\"twitter:data1\" content=\"CL\" \/>\n\t<meta name=\"twitter:label2\" content=\"Dur\u00e9e de lecture estim\u00e9e\" \/>\n\t<meta name=\"twitter:data2\" content=\"1 minute\" \/>\n<script type=\"application\/ld+json\" class=\"yoast-schema-graph\">{\"@context\":\"https:\\\/\\\/schema.org\",\"@graph\":[{\"@type\":\"NewsArticle\",\"@id\":\"https:\\\/\\\/www.webdo.tn\\\/fr\\\/actualite\\\/national\\\/tunisie-un-troisieme-avion-d-aides-decolle-en-direction-d-alep\\\/202793\\\/#article\",\"isPartOf\":{\"@id\":\"https:\\\/\\\/www.webdo.tn\\\/fr\\\/actualite\\\/national\\\/tunisie-un-troisieme-avion-d-aides-decolle-en-direction-d-alep\\\/202793\\\/\"},\"author\":{\"name\":\"CL\",\"@id\":\"https:\\\/\\\/www.webdo.tn\\\/fr\\\/#\\\/schema\\\/person\\\/f35b42a42c5e2511bbd282959d6385cc\"},\"headline\":\"Tunisie : Un troisi\u00e8me avion d&rsquo;aides d\u00e9colle en direction d&rsquo;Alep\",\"datePublished\":\"2023-02-10T19:09:00+00:00\",\"dateModified\":\"2025-05-20T22:45:30+00:00\",\"mainEntityOfPage\":{\"@id\":\"https:\\\/\\\/www.webdo.tn\\\/fr\\\/actualite\\\/national\\\/tunisie-un-troisieme-avion-d-aides-decolle-en-direction-d-alep\\\/202793\\\/\"},\"wordCount\":165,\"commentCount\":0,\"publisher\":{\"@id\":\"https:\\\/\\\/www.webdo.tn\\\/fr\\\/#organization\"},\"image\":{\"@id\":\"https:\\\/\\\/www.webdo.tn\\\/fr\\\/actualite\\\/national\\\/tunisie-un-troisieme-avion-d-aides-decolle-en-direction-d-alep\\\/202793\\\/#primaryimage\"},\"thumbnailUrl\":\"https:\\\/\\\/www.webdo.tn\\\/fr\\\/wp-content\\\/uploads\\\/2023\\\/02\\\/4e979d21d5152908e5edbed9ff0285fd.jpg\",\"keywords\":[\"Aides\",\"syrie\",\"Tunisie\"],\"articleSection\":[\"National\"],\"inLanguage\":\"fr-FR\"},{\"@type\":\"WebPage\",\"@id\":\"https:\\\/\\\/www.webdo.tn\\\/fr\\\/actualite\\\/national\\\/tunisie-un-troisieme-avion-d-aides-decolle-en-direction-d-alep\\\/202793\\\/\",\"url\":\"https:\\\/\\\/www.webdo.tn\\\/fr\\\/actualite\\\/national\\\/tunisie-un-troisieme-avion-d-aides-decolle-en-direction-d-alep\\\/202793\\\/\",\"name\":\"Tunisie : Un troisi\u00e8me avion d'aides d\u00e9colle en direction d'Alep\",\"isPartOf\":{\"@id\":\"https:\\\/\\\/www.webdo.tn\\\/fr\\\/#website\"},\"primaryImageOfPage\":{\"@id\":\"https:\\\/\\\/www.webdo.tn\\\/fr\\\/actualite\\\/national\\\/tunisie-un-troisieme-avion-d-aides-decolle-en-direction-d-alep\\\/202793\\\/#primaryimage\"},\"image\":{\"@id\":\"https:\\\/\\\/www.webdo.tn\\\/fr\\\/actualite\\\/national\\\/tunisie-un-troisieme-avion-d-aides-decolle-en-direction-d-alep\\\/202793\\\/#primaryimage\"},\"thumbnailUrl\":\"https:\\\/\\\/www.webdo.tn\\\/fr\\\/wp-content\\\/uploads\\\/2023\\\/02\\\/4e979d21d5152908e5edbed9ff0285fd.jpg\",\"datePublished\":\"2023-02-10T19:09:00+00:00\",\"dateModified\":\"2025-05-20T22:45:30+00:00\",\"description\":\"Un troisi\u00e8me avion militaire charg\u00e9 d'aides humanitaires a d\u00e9coll\u00e9 jeudi soir, en direction de l'a\u00e9roport d'Alep en Syrie, annonce le minist\u00e8re de la D\u00e9fense na...\",\"breadcrumb\":{\"@id\":\"https:\\\/\\\/www.webdo.tn\\\/fr\\\/actualite\\\/national\\\/tunisie-un-troisieme-avion-d-aides-decolle-en-direction-d-alep\\\/202793\\\/#breadcrumb\"},\"inLanguage\":\"fr-FR\",\"potentialAction\":[{\"@type\":\"ReadAction\",\"target\":[\"https:\\\/\\\/www.webdo.tn\\\/fr\\\/actualite\\\/national\\\/tunisie-un-troisieme-avion-d-aides-decolle-en-direction-d-alep\\\/202793\\\/\"]}]},{\"@type\":\"ImageObject\",\"inLanguage\":\"fr-FR\",\"@id\":\"https:\\\/\\\/www.webdo.tn\\\/fr\\\/actualite\\\/national\\\/tunisie-un-troisieme-avion-d-aides-decolle-en-direction-d-alep\\\/202793\\\/#primaryimage\",\"url\":\"https:\\\/\\\/www.webdo.tn\\\/fr\\\/wp-content\\\/uploads\\\/2023\\\/02\\\/4e979d21d5152908e5edbed9ff0285fd.jpg\",\"contentUrl\":\"https:\\\/\\\/www.webdo.tn\\\/fr\\\/wp-content\\\/uploads\\\/2023\\\/02\\\/4e979d21d5152908e5edbed9ff0285fd.jpg\",\"width\":750,\"height\":400,\"caption\":\"Avion\"},{\"@type\":\"BreadcrumbList\",\"@id\":\"https:\\\/\\\/www.webdo.tn\\\/fr\\\/actualite\\\/national\\\/tunisie-un-troisieme-avion-d-aides-decolle-en-direction-d-alep\\\/202793\\\/#breadcrumb\",\"itemListElement\":[{\"@type\":\"ListItem\",\"position\":1,\"name\":\"Accueil\",\"item\":\"https:\\\/\\\/www.webdo.tn\\\/fr\\\/\"},{\"@type\":\"ListItem\",\"position\":2,\"name\":\"Tunisie : Un troisi\u00e8me avion d&#8217;aides d\u00e9colle en direction d&#8217;Alep\"}]},{\"@type\":\"WebSite\",\"@id\":\"https:\\\/\\\/www.webdo.tn\\\/fr\\\/#website\",\"url\":\"https:\\\/\\\/www.webdo.tn\\\/fr\\\/\",\"name\":\"webdo\",\"description\":\"Tunisie - News en Tunisie et \u00e0 l&#039;international sur Webdo.tn\",\"publisher\":{\"@id\":\"https:\\\/\\\/www.webdo.tn\\\/fr\\\/#organization\"},\"potentialAction\":[{\"@type\":\"SearchAction\",\"target\":{\"@type\":\"EntryPoint\",\"urlTemplate\":\"https:\\\/\\\/www.webdo.tn\\\/fr\\\/?s={search_term_string}\"},\"query-input\":{\"@type\":\"PropertyValueSpecification\",\"valueRequired\":true,\"valueName\":\"search_term_string\"}}],\"inLanguage\":\"fr-FR\"},{\"@type\":\"Organization\",\"@id\":\"https:\\\/\\\/www.webdo.tn\\\/fr\\\/#organization\",\"name\":\"Webdo\",\"alternateName\":\"Webdo.tn\",\"url\":\"https:\\\/\\\/www.webdo.tn\\\/fr\\\/\",\"logo\":{\"@type\":\"ImageObject\",\"inLanguage\":\"fr-FR\",\"@id\":\"https:\\\/\\\/www.webdo.tn\\\/fr\\\/#\\\/schema\\\/logo\\\/image\\\/\",\"url\":\"https:\\\/\\\/www.webdo.tn\\\/fr\\\/wp-content\\\/uploads\\\/2025\\\/06\\\/Webdo-Tunisie_168377.jpg\",\"contentUrl\":\"https:\\\/\\\/www.webdo.tn\\\/fr\\\/wp-content\\\/uploads\\\/2025\\\/06\\\/Webdo-Tunisie_168377.jpg\",\"width\":301,\"height\":301,\"caption\":\"Webdo\"},\"image\":{\"@id\":\"https:\\\/\\\/www.webdo.tn\\\/fr\\\/#\\\/schema\\\/logo\\\/image\\\/\"},\"sameAs\":[\"https:\\\/\\\/www.facebook.com\\\/webdotn\",\"https:\\\/\\\/x.com\\\/webdo_tn\"],\"description\":\"Webdo est un m\u00e9dia num\u00e9rique tunisien fond\u00e9 en 2010, sp\u00e9cialis\u00e9 dans l\u2019actualit\u00e9 nationale et internationale, l\u2019\u00e9conomie, la soci\u00e9t\u00e9 et les analyses politiques. Le site s\u2019adresse \u00e0 un large public francophone et couvre l\u2019information tunisienne en temps r\u00e9el.\",\"email\":\"redac@webdo.tn\",\"legalName\":\"YNJ SARL\",\"foundingDate\":\"2010-09-06\",\"numberOfEmployees\":{\"@type\":\"QuantitativeValue\",\"minValue\":\"11\",\"maxValue\":\"50\"}},{\"@type\":\"Person\",\"@id\":\"https:\\\/\\\/www.webdo.tn\\\/fr\\\/#\\\/schema\\\/person\\\/f35b42a42c5e2511bbd282959d6385cc\",\"name\":\"CL\",\"image\":{\"@type\":\"ImageObject\",\"inLanguage\":\"fr-FR\",\"@id\":\"https:\\\/\\\/secure.gravatar.com\\\/avatar\\\/1447a49909b67aa657c488aec6512e1dd6143a480c1ecfee9b5b5cd74eb3b59e?s=96&d=mm&r=g\",\"url\":\"https:\\\/\\\/secure.gravatar.com\\\/avatar\\\/1447a49909b67aa657c488aec6512e1dd6143a480c1ecfee9b5b5cd74eb3b59e?s=96&d=mm&r=g\",\"contentUrl\":\"https:\\\/\\\/secure.gravatar.com\\\/avatar\\\/1447a49909b67aa657c488aec6512e1dd6143a480c1ecfee9b5b5cd74eb3b59e?s=96&d=mm&r=g\",\"caption\":\"CL\"},\"url\":\"https:\\\/\\\/www.webdo.tn\\\/fr\\\/actualite\\\/author\\\/cl\\\/\"}]}<\/script>\n<!-- \/ Yoast SEO Premium plugin. -->","yoast_head_json":{"title":"Tunisie : Un troisi\u00e8me avion d'aides d\u00e9colle en direction d'Alep","description":"Un troisi\u00e8me avion militaire charg\u00e9 d'aides humanitaires a d\u00e9coll\u00e9 jeudi soir, en direction de l'a\u00e9roport d'Alep en Syrie, annonce le minist\u00e8re de la D\u00e9fense na...","canonical":"https:\/\/www.webdo.tn\/fr\/actualite\/national\/tunisie-un-troisieme-avion-d-aides-decolle-en-direction-d-alep\/202793\/","og_locale":"fr_FR","og_type":"article","og_title":"Tunisie : Un troisi\u00e8me avion d'aides d\u00e9colle en direction d'Alep","og_description":"Un troisi\u00e8me avion militaire charg\u00e9 d'aides humanitaires a d\u00e9coll\u00e9 jeudi soir, en direction de l'a\u00e9roport d'Alep en Syrie, annonce le minist\u00e8re de la D\u00e9fense na...","og_url":"https:\/\/www.webdo.tn\/fr\/actualite\/national\/tunisie-un-troisieme-avion-d-aides-decolle-en-direction-d-alep\/202793\/","og_site_name":"webdo","article_publisher":"https:\/\/www.facebook.com\/webdotn","article_published_time":"2023-02-10T19:09:00+00:00","article_modified_time":"2025-05-20T22:45:30+00:00","og_image":[{"width":750,"height":400,"url":"https:\/\/www.webdo.tn\/fr\/wp-content\/uploads\/2023\/02\/4e979d21d5152908e5edbed9ff0285fd.jpg","type":"image\/jpeg"}],"author":"CL","twitter_card":"summary_large_image","twitter_creator":"@webdo_tn","twitter_site":"@webdo_tn","twitter_misc":{"\u00c9crit par":"CL","Dur\u00e9e de lecture estim\u00e9e":"1 minute"},"schema":{"@context":"https:\/\/schema.org","@graph":[{"@type":"NewsArticle","@id":"https:\/\/www.webdo.tn\/fr\/actualite\/national\/tunisie-un-troisieme-avion-d-aides-decolle-en-direction-d-alep\/202793\/#article","isPartOf":{"@id":"https:\/\/www.webdo.tn\/fr\/actualite\/national\/tunisie-un-troisieme-avion-d-aides-decolle-en-direction-d-alep\/202793\/"},"author":{"name":"CL","@id":"https:\/\/www.webdo.tn\/fr\/#\/schema\/person\/f35b42a42c5e2511bbd282959d6385cc"},"headline":"Tunisie : Un troisi\u00e8me avion d&rsquo;aides d\u00e9colle en direction d&rsquo;Alep","datePublished":"2023-02-10T19:09:00+00:00","dateModified":"2025-05-20T22:45:30+00:00","mainEntityOfPage":{"@id":"https:\/\/www.webdo.tn\/fr\/actualite\/national\/tunisie-un-troisieme-avion-d-aides-decolle-en-direction-d-alep\/202793\/"},"wordCount":165,"commentCount":0,"publisher":{"@id":"https:\/\/www.webdo.tn\/fr\/#organization"},"image":{"@id":"https:\/\/www.webdo.tn\/fr\/actualite\/national\/tunisie-un-troisieme-avion-d-aides-decolle-en-direction-d-alep\/202793\/#primaryimage"},"thumbnailUrl":"https:\/\/www.webdo.tn\/fr\/wp-content\/uploads\/2023\/02\/4e979d21d5152908e5edbed9ff0285fd.jpg","keywords":["Aides","syrie","Tunisie"],"articleSection":["National"],"inLanguage":"fr-FR"},{"@type":"WebPage","@id":"https:\/\/www.webdo.tn\/fr\/actualite\/national\/tunisie-un-troisieme-avion-d-aides-decolle-en-direction-d-alep\/202793\/","url":"https:\/\/www.webdo.tn\/fr\/actualite\/national\/tunisie-un-troisieme-avion-d-aides-decolle-en-direction-d-alep\/202793\/","name":"Tunisie : Un troisi\u00e8me avion d'aides d\u00e9colle en direction d'Alep","isPartOf":{"@id":"https:\/\/www.webdo.tn\/fr\/#website"},"primaryImageOfPage":{"@id":"https:\/\/www.webdo.tn\/fr\/actualite\/national\/tunisie-un-troisieme-avion-d-aides-decolle-en-direction-d-alep\/202793\/#primaryimage"},"image":{"@id":"https:\/\/www.webdo.tn\/fr\/actualite\/national\/tunisie-un-troisieme-avion-d-aides-decolle-en-direction-d-alep\/202793\/#primaryimage"},"thumbnailUrl":"https:\/\/www.webdo.tn\/fr\/wp-content\/uploads\/2023\/02\/4e979d21d5152908e5edbed9ff0285fd.jpg","datePublished":"2023-02-10T19:09:00+00:00","dateModified":"2025-05-20T22:45:30+00:00","description":"Un troisi\u00e8me avion militaire charg\u00e9 d'aides humanitaires a d\u00e9coll\u00e9 jeudi soir, en direction de l'a\u00e9roport d'Alep en Syrie, annonce le minist\u00e8re de la D\u00e9fense na...","breadcrumb":{"@id":"https:\/\/www.webdo.tn\/fr\/actualite\/national\/tunisie-un-troisieme-avion-d-aides-decolle-en-direction-d-alep\/202793\/#breadcrumb"},"inLanguage":"fr-FR","potentialAction":[{"@type":"ReadAction","target":["https:\/\/www.webdo.tn\/fr\/actualite\/national\/tunisie-un-troisieme-avion-d-aides-decolle-en-direction-d-alep\/202793\/"]}]},{"@type":"ImageObject","inLanguage":"fr-FR","@id":"https:\/\/www.webdo.tn\/fr\/actualite\/national\/tunisie-un-troisieme-avion-d-aides-decolle-en-direction-d-alep\/202793\/#primaryimage","url":"https:\/\/www.webdo.tn\/fr\/wp-content\/uploads\/2023\/02\/4e979d21d5152908e5edbed9ff0285fd.jpg","contentUrl":"https:\/\/www.webdo.tn\/fr\/wp-content\/uploads\/2023\/02\/4e979d21d5152908e5edbed9ff0285fd.jpg","width":750,"height":400,"caption":"Avion"},{"@type":"BreadcrumbList","@id":"https:\/\/www.webdo.tn\/fr\/actualite\/national\/tunisie-un-troisieme-avion-d-aides-decolle-en-direction-d-alep\/202793\/#breadcrumb","itemListElement":[{"@type":"ListItem","position":1,"name":"Accueil","item":"https:\/\/www.webdo.tn\/fr\/"},{"@type":"ListItem","position":2,"name":"Tunisie : Un troisi\u00e8me avion d&#8217;aides d\u00e9colle en direction d&#8217;Alep"}]},{"@type":"WebSite","@id":"https:\/\/www.webdo.tn\/fr\/#website","url":"https:\/\/www.webdo.tn\/fr\/","name":"webdo","description":"Tunisie - News en Tunisie et \u00e0 l&#039;international sur Webdo.tn","publisher":{"@id":"https:\/\/www.webdo.tn\/fr\/#organization"},"potentialAction":[{"@type":"SearchAction","target":{"@type":"EntryPoint","urlTemplate":"https:\/\/www.webdo.tn\/fr\/?s={search_term_string}"},"query-input":{"@type":"PropertyValueSpecification","valueRequired":true,"valueName":"search_term_string"}}],"inLanguage":"fr-FR"},{"@type":"Organization","@id":"https:\/\/www.webdo.tn\/fr\/#organization","name":"Webdo","alternateName":"Webdo.tn","url":"https:\/\/www.webdo.tn\/fr\/","logo":{"@type":"ImageObject","inLanguage":"fr-FR","@id":"https:\/\/www.webdo.tn\/fr\/#\/schema\/logo\/image\/","url":"https:\/\/www.webdo.tn\/fr\/wp-content\/uploads\/2025\/06\/Webdo-Tunisie_168377.jpg","contentUrl":"https:\/\/www.webdo.tn\/fr\/wp-content\/uploads\/2025\/06\/Webdo-Tunisie_168377.jpg","width":301,"height":301,"caption":"Webdo"},"image":{"@id":"https:\/\/www.webdo.tn\/fr\/#\/schema\/logo\/image\/"},"sameAs":["https:\/\/www.facebook.com\/webdotn","https:\/\/x.com\/webdo_tn"],"description":"Webdo est un m\u00e9dia num\u00e9rique tunisien fond\u00e9 en 2010, sp\u00e9cialis\u00e9 dans l\u2019actualit\u00e9 nationale et internationale, l\u2019\u00e9conomie, la soci\u00e9t\u00e9 et les analyses politiques. Le site s\u2019adresse \u00e0 un large public francophone et couvre l\u2019information tunisienne en temps r\u00e9el.","email":"redac@webdo.tn","legalName":"YNJ SARL","foundingDate":"2010-09-06","numberOfEmployees":{"@type":"QuantitativeValue","minValue":"11","maxValue":"50"}},{"@type":"Person","@id":"https:\/\/www.webdo.tn\/fr\/#\/schema\/person\/f35b42a42c5e2511bbd282959d6385cc","name":"CL","image":{"@type":"ImageObject","inLanguage":"fr-FR","@id":"https:\/\/secure.gravatar.com\/avatar\/1447a49909b67aa657c488aec6512e1dd6143a480c1ecfee9b5b5cd74eb3b59e?s=96&d=mm&r=g","url":"https:\/\/secure.gravatar.com\/avatar\/1447a49909b67aa657c488aec6512e1dd6143a480c1ecfee9b5b5cd74eb3b59e?s=96&d=mm&r=g","contentUrl":"https:\/\/secure.gravatar.com\/avatar\/1447a49909b67aa657c488aec6512e1dd6143a480c1ecfee9b5b5cd74eb3b59e?s=96&d=mm&r=g","caption":"CL"},"url":"https:\/\/www.webdo.tn\/fr\/actualite\/author\/cl\/"}]}},"_links":{"self":[{"href":"https:\/\/www.webdo.tn\/fr\/wp-json\/wp\/v2\/posts\/202793","targetHints":{"allow":["GET"]}}],"collection":[{"href":"https:\/\/www.webdo.tn\/fr\/wp-json\/wp\/v2\/posts"}],"about":[{"href":"https:\/\/www.webdo.tn\/fr\/wp-json\/wp\/v2\/types\/post"}],"author":[{"embeddable":true,"href":"https:\/\/www.webdo.tn\/fr\/wp-json\/wp\/v2\/users\/3175"}],"replies":[{"embeddable":true,"href":"https:\/\/www.webdo.tn\/fr\/wp-json\/wp\/v2\/comments?post=202793"}],"version-history":[{"count":0,"href":"https:\/\/www.webdo.tn\/fr\/wp-json\/wp\/v2\/posts\/202793\/revisions"}],"wp:featuredmedia":[{"embeddable":true,"href":"https:\/\/www.webdo.tn\/fr\/wp-json\/wp\/v2\/media\/252230"}],"wp:attachment":[{"href":"https:\/\/www.webdo.tn\/fr\/wp-json\/wp\/v2\/media?parent=202793"}],"wp:term":[{"taxonomy":"category","embeddable":true,"href":"https:\/\/www.webdo.tn\/fr\/wp-json\/wp\/v2\/categories?post=202793"},{"taxonomy":"post_tag","embeddable":true,"href":"https:\/\/www.webdo.tn\/fr\/wp-json\/wp\/v2\/tags?post=202793"}],"curies":[{"name":"wp","href":"https:\/\/api.w.org\/{rel}","templated":true}]}}