{"id":202791,"date":"2023-02-10T18:45:00","date_gmt":"2023-02-10T18:45:00","guid":{"rendered":"https:\/\/www.webdo.tn\/fr\/blog\/tunisie-nouveau-rebondissement-dans-l-affaire-mohamed-zouari\/202791\/"},"modified":"2025-05-20T22:49:01","modified_gmt":"2025-05-20T22:49:01","slug":"tunisie-nouveau-rebondissement-dans-l-affaire-mohamed-zouari","status":"publish","type":"post","link":"https:\/\/www.webdo.tn\/fr\/actualite\/national\/tunisie-nouveau-rebondissement-dans-l-affaire-mohamed-zouari\/202791\/","title":{"rendered":"Tunisie : Nouveau rebondissement dans l\u2019affaire Mohamed Zouari"},"content":{"rendered":"<p>Nouveau rebondissement dans l\u2019affaire Mohamed Zouari, ce militant du Hamas assassin\u00e9 \u00e0 Sfax. La Chambre d&rsquo;accusation sp\u00e9cialis\u00e9e dans l&rsquo;examen des affaires de terrorisme aupr\u00e8s de la Cour d&rsquo;appel de Tunis a d\u00e9cid\u00e9 de d\u00e9f\u00e9rer l&rsquo;affaire de l&rsquo;assassinat du martyr Mohamed Zouari, devant la Chambre criminelle charg\u00e9e des affaires de terrorisme.<\/p>\n<p>\t\t\t\t\t\t\t\t\tL\u2019acte terroriste qui a cibl\u00e9 le 15 d\u00e9cembre 2016 Mohamed Zouari conserve toujours ses myst\u00e8res. S\u2019il porte les empreintes du Mossad, quelques \u00e9l\u00e9ments ne sont toujours pas clairs.\u00a0<\/p>\n<p>Selon l\u2019enqu\u00eate, les auteurs de ce crime terroriste seraient de nationalit\u00e9 bosniaque. Il s\u2019agirait de Elvir Sarac et Alem Camdzic, entr\u00e9s en Tunisie le 8 d\u00e9cembre 2016 via le port de la Goulette. Ils se sont ensuite rendus dans la ville de Monastir o\u00f9 ils ont r\u00e9sid\u00e9 \u00e0 l\u2019h\u00f4tel Cap Marina.\u00a0<\/p>\n<p>Les deux suspects ont \u00e9t\u00e9 contact\u00e9s par un guide touristique qui a assur\u00e9 la liaison avec un d\u00e9nomm\u00e9 Abdelkader Oueslati.\u00a0<\/p>\n<p>Ce dernier a \u00e9t\u00e9 charg\u00e9 de leur faciliter la visite de plusieurs usines pour d\u00e9tourner l\u2019attention des vraies raisons de leur pr\u00e9sence en Tunisie.<\/p>\n","protected":false},"excerpt":{"rendered":"<p>Nouveau rebondissement dans l\u2019affaire Mohamed Zouari, ce militant du Hamas assassin\u00e9 \u00e0 Sfax. La Chambre d&rsquo;accusation sp\u00e9cialis\u00e9e dans l&rsquo;examen des affaires de t&#8230;<\/p>\n","protected":false},"author":3175,"featured_media":277737,"comment_status":"open","ping_status":"closed","sticky":false,"template":"","format":"standard","meta":{"footnotes":""},"categories":[44],"tags":[2619,9330,2608],"class_list":["post-202791","post","type-post","status-publish","format-standard","has-post-thumbnail","hentry","category-national","tag-justice","tag-mohamed-zouari","tag-tunisie"],"yoast_head":"<!-- This site is optimized with the Yoast SEO Premium plugin v27.5 (Yoast SEO v27.5) - https:\/\/yoast.com\/product\/yoast-seo-premium-wordpress\/ -->\n<title>Tunisie : Nouveau rebondissement dans l\u2019affaire Mohamed Zouari<\/title>\n<meta name=\"description\" content=\"Nouveau rebondissement dans l\u2019affaire Mohamed Zouari, ce militant du Hamas assassin\u00e9 \u00e0 Sfax. La Chambre d&#039;accusation sp\u00e9cialis\u00e9e dans l&#039;examen des affaires de t...\" \/>\n<link rel=\"canonical\" href=\"https:\/\/www.webdo.tn\/fr\/actualite\/national\/tunisie-nouveau-rebondissement-dans-l-affaire-mohamed-zouari\/202791\/\" \/>\n<meta property=\"og:locale\" content=\"fr_FR\" \/>\n<meta property=\"og:type\" content=\"article\" \/>\n<meta property=\"og:title\" content=\"Tunisie : Nouveau rebondissement dans l\u2019affaire Mohamed Zouari\" \/>\n<meta property=\"og:description\" content=\"Nouveau rebondissement dans l\u2019affaire Mohamed Zouari, ce militant du Hamas assassin\u00e9 \u00e0 Sfax. La Chambre d&#039;accusation sp\u00e9cialis\u00e9e dans l&#039;examen des affaires de t...\" \/>\n<meta property=\"og:url\" content=\"https:\/\/www.webdo.tn\/fr\/actualite\/national\/tunisie-nouveau-rebondissement-dans-l-affaire-mohamed-zouari\/202791\/\" \/>\n<meta property=\"og:site_name\" content=\"webdo\" \/>\n<meta property=\"article:publisher\" content=\"https:\/\/www.facebook.com\/webdotn\" \/>\n<meta property=\"article:published_time\" content=\"2023-02-10T18:45:00+00:00\" \/>\n<meta property=\"article:modified_time\" content=\"2025-05-20T22:49:01+00:00\" \/>\n<meta property=\"og:image\" content=\"https:\/\/www.webdo.tn\/fr\/wp-content\/uploads\/2023\/02\/4789d9ac873b4f9a2d163e88526d269c.png\" \/>\n\t<meta property=\"og:image:width\" content=\"750\" \/>\n\t<meta property=\"og:image:height\" content=\"400\" \/>\n\t<meta property=\"og:image:type\" content=\"image\/png\" \/>\n<meta name=\"author\" content=\"CL\" \/>\n<meta name=\"twitter:card\" content=\"summary_large_image\" \/>\n<meta name=\"twitter:creator\" content=\"@webdo_tn\" \/>\n<meta name=\"twitter:site\" content=\"@webdo_tn\" \/>\n<meta name=\"twitter:label1\" content=\"\u00c9crit par\" \/>\n\t<meta name=\"twitter:data1\" content=\"CL\" \/>\n\t<meta name=\"twitter:label2\" content=\"Dur\u00e9e de lecture estim\u00e9e\" \/>\n\t<meta name=\"twitter:data2\" content=\"1 minute\" \/>\n<script type=\"application\/ld+json\" class=\"yoast-schema-graph\">{\"@context\":\"https:\\\/\\\/schema.org\",\"@graph\":[{\"@type\":\"NewsArticle\",\"@id\":\"https:\\\/\\\/www.webdo.tn\\\/fr\\\/actualite\\\/national\\\/tunisie-nouveau-rebondissement-dans-l-affaire-mohamed-zouari\\\/202791\\\/#article\",\"isPartOf\":{\"@id\":\"https:\\\/\\\/www.webdo.tn\\\/fr\\\/actualite\\\/national\\\/tunisie-nouveau-rebondissement-dans-l-affaire-mohamed-zouari\\\/202791\\\/\"},\"author\":{\"name\":\"CL\",\"@id\":\"https:\\\/\\\/www.webdo.tn\\\/fr\\\/#\\\/schema\\\/person\\\/f35b42a42c5e2511bbd282959d6385cc\"},\"headline\":\"Tunisie : Nouveau rebondissement dans l\u2019affaire Mohamed Zouari\",\"datePublished\":\"2023-02-10T18:45:00+00:00\",\"dateModified\":\"2025-05-20T22:49:01+00:00\",\"mainEntityOfPage\":{\"@id\":\"https:\\\/\\\/www.webdo.tn\\\/fr\\\/actualite\\\/national\\\/tunisie-nouveau-rebondissement-dans-l-affaire-mohamed-zouari\\\/202791\\\/\"},\"wordCount\":206,\"commentCount\":0,\"publisher\":{\"@id\":\"https:\\\/\\\/www.webdo.tn\\\/fr\\\/#organization\"},\"image\":{\"@id\":\"https:\\\/\\\/www.webdo.tn\\\/fr\\\/actualite\\\/national\\\/tunisie-nouveau-rebondissement-dans-l-affaire-mohamed-zouari\\\/202791\\\/#primaryimage\"},\"thumbnailUrl\":\"https:\\\/\\\/www.webdo.tn\\\/fr\\\/wp-content\\\/uploads\\\/2023\\\/02\\\/4789d9ac873b4f9a2d163e88526d269c.png\",\"keywords\":[\"justice\",\"Mohamed Zouari\",\"Tunisie\"],\"articleSection\":[\"National\"],\"inLanguage\":\"fr-FR\"},{\"@type\":\"WebPage\",\"@id\":\"https:\\\/\\\/www.webdo.tn\\\/fr\\\/actualite\\\/national\\\/tunisie-nouveau-rebondissement-dans-l-affaire-mohamed-zouari\\\/202791\\\/\",\"url\":\"https:\\\/\\\/www.webdo.tn\\\/fr\\\/actualite\\\/national\\\/tunisie-nouveau-rebondissement-dans-l-affaire-mohamed-zouari\\\/202791\\\/\",\"name\":\"Tunisie : Nouveau rebondissement dans l\u2019affaire Mohamed Zouari\",\"isPartOf\":{\"@id\":\"https:\\\/\\\/www.webdo.tn\\\/fr\\\/#website\"},\"primaryImageOfPage\":{\"@id\":\"https:\\\/\\\/www.webdo.tn\\\/fr\\\/actualite\\\/national\\\/tunisie-nouveau-rebondissement-dans-l-affaire-mohamed-zouari\\\/202791\\\/#primaryimage\"},\"image\":{\"@id\":\"https:\\\/\\\/www.webdo.tn\\\/fr\\\/actualite\\\/national\\\/tunisie-nouveau-rebondissement-dans-l-affaire-mohamed-zouari\\\/202791\\\/#primaryimage\"},\"thumbnailUrl\":\"https:\\\/\\\/www.webdo.tn\\\/fr\\\/wp-content\\\/uploads\\\/2023\\\/02\\\/4789d9ac873b4f9a2d163e88526d269c.png\",\"datePublished\":\"2023-02-10T18:45:00+00:00\",\"dateModified\":\"2025-05-20T22:49:01+00:00\",\"description\":\"Nouveau rebondissement dans l\u2019affaire Mohamed Zouari, ce militant du Hamas assassin\u00e9 \u00e0 Sfax. La Chambre d'accusation sp\u00e9cialis\u00e9e dans l'examen des affaires de t...\",\"breadcrumb\":{\"@id\":\"https:\\\/\\\/www.webdo.tn\\\/fr\\\/actualite\\\/national\\\/tunisie-nouveau-rebondissement-dans-l-affaire-mohamed-zouari\\\/202791\\\/#breadcrumb\"},\"inLanguage\":\"fr-FR\",\"potentialAction\":[{\"@type\":\"ReadAction\",\"target\":[\"https:\\\/\\\/www.webdo.tn\\\/fr\\\/actualite\\\/national\\\/tunisie-nouveau-rebondissement-dans-l-affaire-mohamed-zouari\\\/202791\\\/\"]}]},{\"@type\":\"ImageObject\",\"inLanguage\":\"fr-FR\",\"@id\":\"https:\\\/\\\/www.webdo.tn\\\/fr\\\/actualite\\\/national\\\/tunisie-nouveau-rebondissement-dans-l-affaire-mohamed-zouari\\\/202791\\\/#primaryimage\",\"url\":\"https:\\\/\\\/www.webdo.tn\\\/fr\\\/wp-content\\\/uploads\\\/2023\\\/02\\\/4789d9ac873b4f9a2d163e88526d269c.png\",\"contentUrl\":\"https:\\\/\\\/www.webdo.tn\\\/fr\\\/wp-content\\\/uploads\\\/2023\\\/02\\\/4789d9ac873b4f9a2d163e88526d269c.png\",\"width\":750,\"height\":400,\"caption\":\"Mohamed Zouari\"},{\"@type\":\"BreadcrumbList\",\"@id\":\"https:\\\/\\\/www.webdo.tn\\\/fr\\\/actualite\\\/national\\\/tunisie-nouveau-rebondissement-dans-l-affaire-mohamed-zouari\\\/202791\\\/#breadcrumb\",\"itemListElement\":[{\"@type\":\"ListItem\",\"position\":1,\"name\":\"Accueil\",\"item\":\"https:\\\/\\\/www.webdo.tn\\\/fr\\\/\"},{\"@type\":\"ListItem\",\"position\":2,\"name\":\"Tunisie : Nouveau rebondissement dans l\u2019affaire Mohamed Zouari\"}]},{\"@type\":\"WebSite\",\"@id\":\"https:\\\/\\\/www.webdo.tn\\\/fr\\\/#website\",\"url\":\"https:\\\/\\\/www.webdo.tn\\\/fr\\\/\",\"name\":\"webdo\",\"description\":\"Tunisie - News en Tunisie et \u00e0 l&#039;international sur Webdo.tn\",\"publisher\":{\"@id\":\"https:\\\/\\\/www.webdo.tn\\\/fr\\\/#organization\"},\"potentialAction\":[{\"@type\":\"SearchAction\",\"target\":{\"@type\":\"EntryPoint\",\"urlTemplate\":\"https:\\\/\\\/www.webdo.tn\\\/fr\\\/?s={search_term_string}\"},\"query-input\":{\"@type\":\"PropertyValueSpecification\",\"valueRequired\":true,\"valueName\":\"search_term_string\"}}],\"inLanguage\":\"fr-FR\"},{\"@type\":\"Organization\",\"@id\":\"https:\\\/\\\/www.webdo.tn\\\/fr\\\/#organization\",\"name\":\"Webdo\",\"alternateName\":\"Webdo.tn\",\"url\":\"https:\\\/\\\/www.webdo.tn\\\/fr\\\/\",\"logo\":{\"@type\":\"ImageObject\",\"inLanguage\":\"fr-FR\",\"@id\":\"https:\\\/\\\/www.webdo.tn\\\/fr\\\/#\\\/schema\\\/logo\\\/image\\\/\",\"url\":\"https:\\\/\\\/www.webdo.tn\\\/fr\\\/wp-content\\\/uploads\\\/2025\\\/06\\\/Webdo-Tunisie_168377.jpg\",\"contentUrl\":\"https:\\\/\\\/www.webdo.tn\\\/fr\\\/wp-content\\\/uploads\\\/2025\\\/06\\\/Webdo-Tunisie_168377.jpg\",\"width\":301,\"height\":301,\"caption\":\"Webdo\"},\"image\":{\"@id\":\"https:\\\/\\\/www.webdo.tn\\\/fr\\\/#\\\/schema\\\/logo\\\/image\\\/\"},\"sameAs\":[\"https:\\\/\\\/www.facebook.com\\\/webdotn\",\"https:\\\/\\\/x.com\\\/webdo_tn\"],\"description\":\"Webdo est un m\u00e9dia num\u00e9rique tunisien fond\u00e9 en 2010, sp\u00e9cialis\u00e9 dans l\u2019actualit\u00e9 nationale et internationale, l\u2019\u00e9conomie, la soci\u00e9t\u00e9 et les analyses politiques. Le site s\u2019adresse \u00e0 un large public francophone et couvre l\u2019information tunisienne en temps r\u00e9el.\",\"email\":\"redac@webdo.tn\",\"legalName\":\"YNJ SARL\",\"foundingDate\":\"2010-09-06\",\"numberOfEmployees\":{\"@type\":\"QuantitativeValue\",\"minValue\":\"11\",\"maxValue\":\"50\"}},{\"@type\":\"Person\",\"@id\":\"https:\\\/\\\/www.webdo.tn\\\/fr\\\/#\\\/schema\\\/person\\\/f35b42a42c5e2511bbd282959d6385cc\",\"name\":\"CL\",\"image\":{\"@type\":\"ImageObject\",\"inLanguage\":\"fr-FR\",\"@id\":\"https:\\\/\\\/secure.gravatar.com\\\/avatar\\\/1447a49909b67aa657c488aec6512e1dd6143a480c1ecfee9b5b5cd74eb3b59e?s=96&d=mm&r=g\",\"url\":\"https:\\\/\\\/secure.gravatar.com\\\/avatar\\\/1447a49909b67aa657c488aec6512e1dd6143a480c1ecfee9b5b5cd74eb3b59e?s=96&d=mm&r=g\",\"contentUrl\":\"https:\\\/\\\/secure.gravatar.com\\\/avatar\\\/1447a49909b67aa657c488aec6512e1dd6143a480c1ecfee9b5b5cd74eb3b59e?s=96&d=mm&r=g\",\"caption\":\"CL\"},\"url\":\"https:\\\/\\\/www.webdo.tn\\\/fr\\\/actualite\\\/author\\\/cl\\\/\"}]}<\/script>\n<!-- \/ Yoast SEO Premium plugin. -->","yoast_head_json":{"title":"Tunisie : Nouveau rebondissement dans l\u2019affaire Mohamed Zouari","description":"Nouveau rebondissement dans l\u2019affaire Mohamed Zouari, ce militant du Hamas assassin\u00e9 \u00e0 Sfax. La Chambre d'accusation sp\u00e9cialis\u00e9e dans l'examen des affaires de t...","canonical":"https:\/\/www.webdo.tn\/fr\/actualite\/national\/tunisie-nouveau-rebondissement-dans-l-affaire-mohamed-zouari\/202791\/","og_locale":"fr_FR","og_type":"article","og_title":"Tunisie : Nouveau rebondissement dans l\u2019affaire Mohamed Zouari","og_description":"Nouveau rebondissement dans l\u2019affaire Mohamed Zouari, ce militant du Hamas assassin\u00e9 \u00e0 Sfax. La Chambre d'accusation sp\u00e9cialis\u00e9e dans l'examen des affaires de t...","og_url":"https:\/\/www.webdo.tn\/fr\/actualite\/national\/tunisie-nouveau-rebondissement-dans-l-affaire-mohamed-zouari\/202791\/","og_site_name":"webdo","article_publisher":"https:\/\/www.facebook.com\/webdotn","article_published_time":"2023-02-10T18:45:00+00:00","article_modified_time":"2025-05-20T22:49:01+00:00","og_image":[{"width":750,"height":400,"url":"https:\/\/www.webdo.tn\/fr\/wp-content\/uploads\/2023\/02\/4789d9ac873b4f9a2d163e88526d269c.png","type":"image\/png"}],"author":"CL","twitter_card":"summary_large_image","twitter_creator":"@webdo_tn","twitter_site":"@webdo_tn","twitter_misc":{"\u00c9crit par":"CL","Dur\u00e9e de lecture estim\u00e9e":"1 minute"},"schema":{"@context":"https:\/\/schema.org","@graph":[{"@type":"NewsArticle","@id":"https:\/\/www.webdo.tn\/fr\/actualite\/national\/tunisie-nouveau-rebondissement-dans-l-affaire-mohamed-zouari\/202791\/#article","isPartOf":{"@id":"https:\/\/www.webdo.tn\/fr\/actualite\/national\/tunisie-nouveau-rebondissement-dans-l-affaire-mohamed-zouari\/202791\/"},"author":{"name":"CL","@id":"https:\/\/www.webdo.tn\/fr\/#\/schema\/person\/f35b42a42c5e2511bbd282959d6385cc"},"headline":"Tunisie : Nouveau rebondissement dans l\u2019affaire Mohamed Zouari","datePublished":"2023-02-10T18:45:00+00:00","dateModified":"2025-05-20T22:49:01+00:00","mainEntityOfPage":{"@id":"https:\/\/www.webdo.tn\/fr\/actualite\/national\/tunisie-nouveau-rebondissement-dans-l-affaire-mohamed-zouari\/202791\/"},"wordCount":206,"commentCount":0,"publisher":{"@id":"https:\/\/www.webdo.tn\/fr\/#organization"},"image":{"@id":"https:\/\/www.webdo.tn\/fr\/actualite\/national\/tunisie-nouveau-rebondissement-dans-l-affaire-mohamed-zouari\/202791\/#primaryimage"},"thumbnailUrl":"https:\/\/www.webdo.tn\/fr\/wp-content\/uploads\/2023\/02\/4789d9ac873b4f9a2d163e88526d269c.png","keywords":["justice","Mohamed Zouari","Tunisie"],"articleSection":["National"],"inLanguage":"fr-FR"},{"@type":"WebPage","@id":"https:\/\/www.webdo.tn\/fr\/actualite\/national\/tunisie-nouveau-rebondissement-dans-l-affaire-mohamed-zouari\/202791\/","url":"https:\/\/www.webdo.tn\/fr\/actualite\/national\/tunisie-nouveau-rebondissement-dans-l-affaire-mohamed-zouari\/202791\/","name":"Tunisie : Nouveau rebondissement dans l\u2019affaire Mohamed Zouari","isPartOf":{"@id":"https:\/\/www.webdo.tn\/fr\/#website"},"primaryImageOfPage":{"@id":"https:\/\/www.webdo.tn\/fr\/actualite\/national\/tunisie-nouveau-rebondissement-dans-l-affaire-mohamed-zouari\/202791\/#primaryimage"},"image":{"@id":"https:\/\/www.webdo.tn\/fr\/actualite\/national\/tunisie-nouveau-rebondissement-dans-l-affaire-mohamed-zouari\/202791\/#primaryimage"},"thumbnailUrl":"https:\/\/www.webdo.tn\/fr\/wp-content\/uploads\/2023\/02\/4789d9ac873b4f9a2d163e88526d269c.png","datePublished":"2023-02-10T18:45:00+00:00","dateModified":"2025-05-20T22:49:01+00:00","description":"Nouveau rebondissement dans l\u2019affaire Mohamed Zouari, ce militant du Hamas assassin\u00e9 \u00e0 Sfax. La Chambre d'accusation sp\u00e9cialis\u00e9e dans l'examen des affaires de t...","breadcrumb":{"@id":"https:\/\/www.webdo.tn\/fr\/actualite\/national\/tunisie-nouveau-rebondissement-dans-l-affaire-mohamed-zouari\/202791\/#breadcrumb"},"inLanguage":"fr-FR","potentialAction":[{"@type":"ReadAction","target":["https:\/\/www.webdo.tn\/fr\/actualite\/national\/tunisie-nouveau-rebondissement-dans-l-affaire-mohamed-zouari\/202791\/"]}]},{"@type":"ImageObject","inLanguage":"fr-FR","@id":"https:\/\/www.webdo.tn\/fr\/actualite\/national\/tunisie-nouveau-rebondissement-dans-l-affaire-mohamed-zouari\/202791\/#primaryimage","url":"https:\/\/www.webdo.tn\/fr\/wp-content\/uploads\/2023\/02\/4789d9ac873b4f9a2d163e88526d269c.png","contentUrl":"https:\/\/www.webdo.tn\/fr\/wp-content\/uploads\/2023\/02\/4789d9ac873b4f9a2d163e88526d269c.png","width":750,"height":400,"caption":"Mohamed Zouari"},{"@type":"BreadcrumbList","@id":"https:\/\/www.webdo.tn\/fr\/actualite\/national\/tunisie-nouveau-rebondissement-dans-l-affaire-mohamed-zouari\/202791\/#breadcrumb","itemListElement":[{"@type":"ListItem","position":1,"name":"Accueil","item":"https:\/\/www.webdo.tn\/fr\/"},{"@type":"ListItem","position":2,"name":"Tunisie : Nouveau rebondissement dans l\u2019affaire Mohamed Zouari"}]},{"@type":"WebSite","@id":"https:\/\/www.webdo.tn\/fr\/#website","url":"https:\/\/www.webdo.tn\/fr\/","name":"webdo","description":"Tunisie - News en Tunisie et \u00e0 l&#039;international sur Webdo.tn","publisher":{"@id":"https:\/\/www.webdo.tn\/fr\/#organization"},"potentialAction":[{"@type":"SearchAction","target":{"@type":"EntryPoint","urlTemplate":"https:\/\/www.webdo.tn\/fr\/?s={search_term_string}"},"query-input":{"@type":"PropertyValueSpecification","valueRequired":true,"valueName":"search_term_string"}}],"inLanguage":"fr-FR"},{"@type":"Organization","@id":"https:\/\/www.webdo.tn\/fr\/#organization","name":"Webdo","alternateName":"Webdo.tn","url":"https:\/\/www.webdo.tn\/fr\/","logo":{"@type":"ImageObject","inLanguage":"fr-FR","@id":"https:\/\/www.webdo.tn\/fr\/#\/schema\/logo\/image\/","url":"https:\/\/www.webdo.tn\/fr\/wp-content\/uploads\/2025\/06\/Webdo-Tunisie_168377.jpg","contentUrl":"https:\/\/www.webdo.tn\/fr\/wp-content\/uploads\/2025\/06\/Webdo-Tunisie_168377.jpg","width":301,"height":301,"caption":"Webdo"},"image":{"@id":"https:\/\/www.webdo.tn\/fr\/#\/schema\/logo\/image\/"},"sameAs":["https:\/\/www.facebook.com\/webdotn","https:\/\/x.com\/webdo_tn"],"description":"Webdo est un m\u00e9dia num\u00e9rique tunisien fond\u00e9 en 2010, sp\u00e9cialis\u00e9 dans l\u2019actualit\u00e9 nationale et internationale, l\u2019\u00e9conomie, la soci\u00e9t\u00e9 et les analyses politiques. Le site s\u2019adresse \u00e0 un large public francophone et couvre l\u2019information tunisienne en temps r\u00e9el.","email":"redac@webdo.tn","legalName":"YNJ SARL","foundingDate":"2010-09-06","numberOfEmployees":{"@type":"QuantitativeValue","minValue":"11","maxValue":"50"}},{"@type":"Person","@id":"https:\/\/www.webdo.tn\/fr\/#\/schema\/person\/f35b42a42c5e2511bbd282959d6385cc","name":"CL","image":{"@type":"ImageObject","inLanguage":"fr-FR","@id":"https:\/\/secure.gravatar.com\/avatar\/1447a49909b67aa657c488aec6512e1dd6143a480c1ecfee9b5b5cd74eb3b59e?s=96&d=mm&r=g","url":"https:\/\/secure.gravatar.com\/avatar\/1447a49909b67aa657c488aec6512e1dd6143a480c1ecfee9b5b5cd74eb3b59e?s=96&d=mm&r=g","contentUrl":"https:\/\/secure.gravatar.com\/avatar\/1447a49909b67aa657c488aec6512e1dd6143a480c1ecfee9b5b5cd74eb3b59e?s=96&d=mm&r=g","caption":"CL"},"url":"https:\/\/www.webdo.tn\/fr\/actualite\/author\/cl\/"}]}},"_links":{"self":[{"href":"https:\/\/www.webdo.tn\/fr\/wp-json\/wp\/v2\/posts\/202791","targetHints":{"allow":["GET"]}}],"collection":[{"href":"https:\/\/www.webdo.tn\/fr\/wp-json\/wp\/v2\/posts"}],"about":[{"href":"https:\/\/www.webdo.tn\/fr\/wp-json\/wp\/v2\/types\/post"}],"author":[{"embeddable":true,"href":"https:\/\/www.webdo.tn\/fr\/wp-json\/wp\/v2\/users\/3175"}],"replies":[{"embeddable":true,"href":"https:\/\/www.webdo.tn\/fr\/wp-json\/wp\/v2\/comments?post=202791"}],"version-history":[{"count":0,"href":"https:\/\/www.webdo.tn\/fr\/wp-json\/wp\/v2\/posts\/202791\/revisions"}],"wp:featuredmedia":[{"embeddable":true,"href":"https:\/\/www.webdo.tn\/fr\/wp-json\/wp\/v2\/media\/277737"}],"wp:attachment":[{"href":"https:\/\/www.webdo.tn\/fr\/wp-json\/wp\/v2\/media?parent=202791"}],"wp:term":[{"taxonomy":"category","embeddable":true,"href":"https:\/\/www.webdo.tn\/fr\/wp-json\/wp\/v2\/categories?post=202791"},{"taxonomy":"post_tag","embeddable":true,"href":"https:\/\/www.webdo.tn\/fr\/wp-json\/wp\/v2\/tags?post=202791"}],"curies":[{"name":"wp","href":"https:\/\/api.w.org\/{rel}","templated":true}]}}