{"id":202789,"date":"2023-02-10T15:51:00","date_gmt":"2023-02-10T15:51:00","guid":{"rendered":"https:\/\/www.webdo.tn\/fr\/blog\/affaire-de-l-aeroport-seifeddine-makhlouf-condamne-a-sept-mois-de-prison\/202789\/"},"modified":"2025-05-20T22:07:28","modified_gmt":"2025-05-20T22:07:28","slug":"affaire-de-l-aeroport-seifeddine-makhlouf-condamne-a-sept-mois-de-prison","status":"publish","type":"post","link":"https:\/\/www.webdo.tn\/fr\/actualite\/national\/affaire-de-l-aeroport-seifeddine-makhlouf-condamne-a-sept-mois-de-prison\/202789\/","title":{"rendered":"Affaire de l&rsquo;a\u00e9roport : Seifeddine Makhlouf condamn\u00e9 \u00e0 sept mois de prison"},"content":{"rendered":"<p>La Cour d\u2019appel militaire a condamn\u00e9 l\u2019avocat et pr\u00e9sident de la Coalition Al Karama, Seifeddine Makhlouf, \u00e0 sept mois de prison dans l\u2019affaire de l\u2019a\u00e9roport.<\/p>\n<p>\t\t\t\t\t\t\t\t\tSelon l\u2019avocate Ines Harrath, le verdict a \u00e9t\u00e9 prononc\u00e9 aujourd\u2019hui en appel par le tribunal militaire permanent de Tunis dans le cadre de l\u2019affaire de l\u2019a\u00e9roport.<\/p>\n<p>Seifeddine Makhlouf avait \u00e9t\u00e9 condamn\u00e9 \u00e0 un 14 mois de prison avec cinq ans d\u2019interdiction d\u2019exercer son m\u00e9tier d\u2019avocat dans cette affaire suite au verdict rendu, vendredi 20 janvier 2023 par la Chambre correctionnelle de la Cour d&rsquo;appel militaire.<\/p>\n<p>En juin 2022, le tribunal militaire de premi\u00e8re instance de Tunis avait reconnu le leader de la Coalition Al Karama, coupable dans une affaire d&rsquo;atteinte \u00e0 la justice. Il avait \u00e9t\u00e9 condamn\u00e9 \u00e0 un an de prison avec sursiset interdit d&rsquo;exercer pendant cinq ans.<\/p>\n<p>Rappelons que le 21 septembre 2021, Seifeddine Makhlouf s\u2019\u00e9tait pr\u00e9sent\u00e9 au Tribunal militaire pour d\u00e9fendre le d\u00e9put\u00e9 Nidhal Saoudi mais lors de l\u2019interrogatoire de ce dernier en lien avec l\u2019affaire de l\u2019a\u00e9roport, Makhlouf avait insult\u00e9 et menac\u00e9 l\u2019un des juges.<\/p>\n<p>Le juge d\u2019instruction militaire avait alors d\u00e9cid\u00e9 d\u2019\u00e9mettre, le 22 septembre 2021, un mandat de d\u00e9p\u00f4t contre Seifeddine Makhlouf pour outrage \u00e0 magistrat.<\/p>\n<p>L\u2019affaire de l\u2019a\u00e9roport date du15 mars 2021, lorsque Seifeddine Makhlouf avait sem\u00e9 le chaos \u00e0 l\u2019a\u00e9roport, sous pr\u00e9texte qu\u2019une femme fich\u00e9e S17 avait \u00e9t\u00e9 interdite de voyage. Il avait alors appel\u00e9 les d\u00e9put\u00e9s d\u2019Al-Karama en renfort.<\/p>\n","protected":false},"excerpt":{"rendered":"<p>La Cour d\u2019appel militaire a condamn\u00e9 l\u2019avocat et pr\u00e9sident de la Coalition Al Karama, Seifeddine Makhlouf, \u00e0 sept mois de prison dans l\u2019affaire de l\u2019a\u00e9roport.<\/p>\n","protected":false},"author":3162,"featured_media":277733,"comment_status":"open","ping_status":"closed","sticky":false,"template":"","format":"standard","meta":{"footnotes":""},"categories":[44],"tags":[8823,6166,3114],"class_list":["post-202789","post","type-post","status-publish","format-standard","has-post-thumbnail","hentry","category-national","tag-affaire-de-laeroport","tag-seifeddine-makhlouf","tag-verdict"],"yoast_head":"<!-- This site is optimized with the Yoast SEO Premium plugin v27.5 (Yoast SEO v27.5) - https:\/\/yoast.com\/product\/yoast-seo-premium-wordpress\/ -->\n<title>Affaire de l&#039;a\u00e9roport : Seifeddine Makhlouf condamn\u00e9 \u00e0 sept mois de prison<\/title>\n<meta name=\"description\" content=\"La Cour d\u2019appel militaire a condamn\u00e9 l\u2019avocat et pr\u00e9sident de la Coalition Al Karama, Seifeddine Makhlouf, \u00e0 sept mois de prison dans l\u2019affaire de l\u2019a\u00e9roport.\" \/>\n<link rel=\"canonical\" href=\"https:\/\/www.webdo.tn\/fr\/actualite\/national\/affaire-de-l-aeroport-seifeddine-makhlouf-condamne-a-sept-mois-de-prison\/202789\/\" \/>\n<meta property=\"og:locale\" content=\"fr_FR\" \/>\n<meta property=\"og:type\" content=\"article\" \/>\n<meta property=\"og:title\" content=\"Affaire de l&#039;a\u00e9roport : Seifeddine Makhlouf condamn\u00e9 \u00e0 sept mois de prison\" \/>\n<meta property=\"og:description\" content=\"La Cour d\u2019appel militaire a condamn\u00e9 l\u2019avocat et pr\u00e9sident de la Coalition Al Karama, Seifeddine Makhlouf, \u00e0 sept mois de prison dans l\u2019affaire de l\u2019a\u00e9roport.\" \/>\n<meta property=\"og:url\" content=\"https:\/\/www.webdo.tn\/fr\/actualite\/national\/affaire-de-l-aeroport-seifeddine-makhlouf-condamne-a-sept-mois-de-prison\/202789\/\" \/>\n<meta property=\"og:site_name\" content=\"webdo\" \/>\n<meta property=\"article:publisher\" content=\"https:\/\/www.facebook.com\/webdotn\" \/>\n<meta property=\"article:published_time\" content=\"2023-02-10T15:51:00+00:00\" \/>\n<meta property=\"article:modified_time\" content=\"2025-05-20T22:07:28+00:00\" \/>\n<meta property=\"og:image\" content=\"https:\/\/www.webdo.tn\/fr\/wp-content\/uploads\/2023\/02\/c5158d7776dadd458097fab1da8b5f1f.jpg\" \/>\n\t<meta property=\"og:image:width\" content=\"750\" \/>\n\t<meta property=\"og:image:height\" content=\"400\" \/>\n\t<meta property=\"og:image:type\" content=\"image\/jpeg\" \/>\n<meta name=\"author\" content=\"MC\" \/>\n<meta name=\"twitter:card\" content=\"summary_large_image\" \/>\n<meta name=\"twitter:creator\" content=\"@webdo_tn\" \/>\n<meta name=\"twitter:site\" content=\"@webdo_tn\" \/>\n<meta name=\"twitter:label1\" content=\"\u00c9crit par\" \/>\n\t<meta name=\"twitter:data1\" content=\"MC\" \/>\n\t<meta name=\"twitter:label2\" content=\"Dur\u00e9e de lecture estim\u00e9e\" \/>\n\t<meta name=\"twitter:data2\" content=\"1 minute\" \/>\n<script type=\"application\/ld+json\" class=\"yoast-schema-graph\">{\"@context\":\"https:\\\/\\\/schema.org\",\"@graph\":[{\"@type\":\"NewsArticle\",\"@id\":\"https:\\\/\\\/www.webdo.tn\\\/fr\\\/actualite\\\/national\\\/affaire-de-l-aeroport-seifeddine-makhlouf-condamne-a-sept-mois-de-prison\\\/202789\\\/#article\",\"isPartOf\":{\"@id\":\"https:\\\/\\\/www.webdo.tn\\\/fr\\\/actualite\\\/national\\\/affaire-de-l-aeroport-seifeddine-makhlouf-condamne-a-sept-mois-de-prison\\\/202789\\\/\"},\"author\":{\"name\":\"MC\",\"@id\":\"https:\\\/\\\/www.webdo.tn\\\/fr\\\/#\\\/schema\\\/person\\\/2c4929cbf5a809e3bd38617c6ce150f6\"},\"headline\":\"Affaire de l&rsquo;a\u00e9roport : Seifeddine Makhlouf condamn\u00e9 \u00e0 sept mois de prison\",\"datePublished\":\"2023-02-10T15:51:00+00:00\",\"dateModified\":\"2025-05-20T22:07:28+00:00\",\"mainEntityOfPage\":{\"@id\":\"https:\\\/\\\/www.webdo.tn\\\/fr\\\/actualite\\\/national\\\/affaire-de-l-aeroport-seifeddine-makhlouf-condamne-a-sept-mois-de-prison\\\/202789\\\/\"},\"wordCount\":274,\"commentCount\":0,\"publisher\":{\"@id\":\"https:\\\/\\\/www.webdo.tn\\\/fr\\\/#organization\"},\"image\":{\"@id\":\"https:\\\/\\\/www.webdo.tn\\\/fr\\\/actualite\\\/national\\\/affaire-de-l-aeroport-seifeddine-makhlouf-condamne-a-sept-mois-de-prison\\\/202789\\\/#primaryimage\"},\"thumbnailUrl\":\"https:\\\/\\\/www.webdo.tn\\\/fr\\\/wp-content\\\/uploads\\\/2023\\\/02\\\/c5158d7776dadd458097fab1da8b5f1f.jpg\",\"keywords\":[\"Affaire de l'aeroport\",\"Seifeddine Makhlouf\",\"verdict\"],\"articleSection\":[\"National\"],\"inLanguage\":\"fr-FR\"},{\"@type\":\"WebPage\",\"@id\":\"https:\\\/\\\/www.webdo.tn\\\/fr\\\/actualite\\\/national\\\/affaire-de-l-aeroport-seifeddine-makhlouf-condamne-a-sept-mois-de-prison\\\/202789\\\/\",\"url\":\"https:\\\/\\\/www.webdo.tn\\\/fr\\\/actualite\\\/national\\\/affaire-de-l-aeroport-seifeddine-makhlouf-condamne-a-sept-mois-de-prison\\\/202789\\\/\",\"name\":\"Affaire de l'a\u00e9roport : Seifeddine Makhlouf condamn\u00e9 \u00e0 sept mois de prison\",\"isPartOf\":{\"@id\":\"https:\\\/\\\/www.webdo.tn\\\/fr\\\/#website\"},\"primaryImageOfPage\":{\"@id\":\"https:\\\/\\\/www.webdo.tn\\\/fr\\\/actualite\\\/national\\\/affaire-de-l-aeroport-seifeddine-makhlouf-condamne-a-sept-mois-de-prison\\\/202789\\\/#primaryimage\"},\"image\":{\"@id\":\"https:\\\/\\\/www.webdo.tn\\\/fr\\\/actualite\\\/national\\\/affaire-de-l-aeroport-seifeddine-makhlouf-condamne-a-sept-mois-de-prison\\\/202789\\\/#primaryimage\"},\"thumbnailUrl\":\"https:\\\/\\\/www.webdo.tn\\\/fr\\\/wp-content\\\/uploads\\\/2023\\\/02\\\/c5158d7776dadd458097fab1da8b5f1f.jpg\",\"datePublished\":\"2023-02-10T15:51:00+00:00\",\"dateModified\":\"2025-05-20T22:07:28+00:00\",\"description\":\"La Cour d\u2019appel militaire a condamn\u00e9 l\u2019avocat et pr\u00e9sident de la Coalition Al Karama, Seifeddine Makhlouf, \u00e0 sept mois de prison dans l\u2019affaire de l\u2019a\u00e9roport.\",\"breadcrumb\":{\"@id\":\"https:\\\/\\\/www.webdo.tn\\\/fr\\\/actualite\\\/national\\\/affaire-de-l-aeroport-seifeddine-makhlouf-condamne-a-sept-mois-de-prison\\\/202789\\\/#breadcrumb\"},\"inLanguage\":\"fr-FR\",\"potentialAction\":[{\"@type\":\"ReadAction\",\"target\":[\"https:\\\/\\\/www.webdo.tn\\\/fr\\\/actualite\\\/national\\\/affaire-de-l-aeroport-seifeddine-makhlouf-condamne-a-sept-mois-de-prison\\\/202789\\\/\"]}]},{\"@type\":\"ImageObject\",\"inLanguage\":\"fr-FR\",\"@id\":\"https:\\\/\\\/www.webdo.tn\\\/fr\\\/actualite\\\/national\\\/affaire-de-l-aeroport-seifeddine-makhlouf-condamne-a-sept-mois-de-prison\\\/202789\\\/#primaryimage\",\"url\":\"https:\\\/\\\/www.webdo.tn\\\/fr\\\/wp-content\\\/uploads\\\/2023\\\/02\\\/c5158d7776dadd458097fab1da8b5f1f.jpg\",\"contentUrl\":\"https:\\\/\\\/www.webdo.tn\\\/fr\\\/wp-content\\\/uploads\\\/2023\\\/02\\\/c5158d7776dadd458097fab1da8b5f1f.jpg\",\"width\":750,\"height\":400,\"caption\":\"Affaire de l'a\u00e9roport : Seifeddine Makhlouf condamn\u00e9 \u00e0 sept mois de prison\"},{\"@type\":\"BreadcrumbList\",\"@id\":\"https:\\\/\\\/www.webdo.tn\\\/fr\\\/actualite\\\/national\\\/affaire-de-l-aeroport-seifeddine-makhlouf-condamne-a-sept-mois-de-prison\\\/202789\\\/#breadcrumb\",\"itemListElement\":[{\"@type\":\"ListItem\",\"position\":1,\"name\":\"Accueil\",\"item\":\"https:\\\/\\\/www.webdo.tn\\\/fr\\\/\"},{\"@type\":\"ListItem\",\"position\":2,\"name\":\"Affaire de l&rsquo;a\u00e9roport : Seifeddine Makhlouf condamn\u00e9 \u00e0 sept mois de prison\"}]},{\"@type\":\"WebSite\",\"@id\":\"https:\\\/\\\/www.webdo.tn\\\/fr\\\/#website\",\"url\":\"https:\\\/\\\/www.webdo.tn\\\/fr\\\/\",\"name\":\"webdo\",\"description\":\"Tunisie - News en Tunisie et \u00e0 l&#039;international sur Webdo.tn\",\"publisher\":{\"@id\":\"https:\\\/\\\/www.webdo.tn\\\/fr\\\/#organization\"},\"potentialAction\":[{\"@type\":\"SearchAction\",\"target\":{\"@type\":\"EntryPoint\",\"urlTemplate\":\"https:\\\/\\\/www.webdo.tn\\\/fr\\\/?s={search_term_string}\"},\"query-input\":{\"@type\":\"PropertyValueSpecification\",\"valueRequired\":true,\"valueName\":\"search_term_string\"}}],\"inLanguage\":\"fr-FR\"},{\"@type\":\"Organization\",\"@id\":\"https:\\\/\\\/www.webdo.tn\\\/fr\\\/#organization\",\"name\":\"Webdo\",\"alternateName\":\"Webdo.tn\",\"url\":\"https:\\\/\\\/www.webdo.tn\\\/fr\\\/\",\"logo\":{\"@type\":\"ImageObject\",\"inLanguage\":\"fr-FR\",\"@id\":\"https:\\\/\\\/www.webdo.tn\\\/fr\\\/#\\\/schema\\\/logo\\\/image\\\/\",\"url\":\"https:\\\/\\\/www.webdo.tn\\\/fr\\\/wp-content\\\/uploads\\\/2025\\\/06\\\/Webdo-Tunisie_168377.jpg\",\"contentUrl\":\"https:\\\/\\\/www.webdo.tn\\\/fr\\\/wp-content\\\/uploads\\\/2025\\\/06\\\/Webdo-Tunisie_168377.jpg\",\"width\":301,\"height\":301,\"caption\":\"Webdo\"},\"image\":{\"@id\":\"https:\\\/\\\/www.webdo.tn\\\/fr\\\/#\\\/schema\\\/logo\\\/image\\\/\"},\"sameAs\":[\"https:\\\/\\\/www.facebook.com\\\/webdotn\",\"https:\\\/\\\/x.com\\\/webdo_tn\"],\"description\":\"Webdo est un m\u00e9dia num\u00e9rique tunisien fond\u00e9 en 2010, sp\u00e9cialis\u00e9 dans l\u2019actualit\u00e9 nationale et internationale, l\u2019\u00e9conomie, la soci\u00e9t\u00e9 et les analyses politiques. Le site s\u2019adresse \u00e0 un large public francophone et couvre l\u2019information tunisienne en temps r\u00e9el.\",\"email\":\"redac@webdo.tn\",\"legalName\":\"YNJ SARL\",\"foundingDate\":\"2010-09-06\",\"numberOfEmployees\":{\"@type\":\"QuantitativeValue\",\"minValue\":\"11\",\"maxValue\":\"50\"}},{\"@type\":\"Person\",\"@id\":\"https:\\\/\\\/www.webdo.tn\\\/fr\\\/#\\\/schema\\\/person\\\/2c4929cbf5a809e3bd38617c6ce150f6\",\"name\":\"MC\",\"image\":{\"@type\":\"ImageObject\",\"inLanguage\":\"fr-FR\",\"@id\":\"https:\\\/\\\/secure.gravatar.com\\\/avatar\\\/a545bbb6f84efdd5553dbbc2895e3ca8f1d12c5215e00a041c9670b54aa9b18a?s=96&d=mm&r=g\",\"url\":\"https:\\\/\\\/secure.gravatar.com\\\/avatar\\\/a545bbb6f84efdd5553dbbc2895e3ca8f1d12c5215e00a041c9670b54aa9b18a?s=96&d=mm&r=g\",\"contentUrl\":\"https:\\\/\\\/secure.gravatar.com\\\/avatar\\\/a545bbb6f84efdd5553dbbc2895e3ca8f1d12c5215e00a041c9670b54aa9b18a?s=96&d=mm&r=g\",\"caption\":\"MC\"},\"url\":\"https:\\\/\\\/www.webdo.tn\\\/fr\\\/actualite\\\/author\\\/mc\\\/\"}]}<\/script>\n<!-- \/ Yoast SEO Premium plugin. -->","yoast_head_json":{"title":"Affaire de l'a\u00e9roport : Seifeddine Makhlouf condamn\u00e9 \u00e0 sept mois de prison","description":"La Cour d\u2019appel militaire a condamn\u00e9 l\u2019avocat et pr\u00e9sident de la Coalition Al Karama, Seifeddine Makhlouf, \u00e0 sept mois de prison dans l\u2019affaire de l\u2019a\u00e9roport.","canonical":"https:\/\/www.webdo.tn\/fr\/actualite\/national\/affaire-de-l-aeroport-seifeddine-makhlouf-condamne-a-sept-mois-de-prison\/202789\/","og_locale":"fr_FR","og_type":"article","og_title":"Affaire de l'a\u00e9roport : Seifeddine Makhlouf condamn\u00e9 \u00e0 sept mois de prison","og_description":"La Cour d\u2019appel militaire a condamn\u00e9 l\u2019avocat et pr\u00e9sident de la Coalition Al Karama, Seifeddine Makhlouf, \u00e0 sept mois de prison dans l\u2019affaire de l\u2019a\u00e9roport.","og_url":"https:\/\/www.webdo.tn\/fr\/actualite\/national\/affaire-de-l-aeroport-seifeddine-makhlouf-condamne-a-sept-mois-de-prison\/202789\/","og_site_name":"webdo","article_publisher":"https:\/\/www.facebook.com\/webdotn","article_published_time":"2023-02-10T15:51:00+00:00","article_modified_time":"2025-05-20T22:07:28+00:00","og_image":[{"width":750,"height":400,"url":"https:\/\/www.webdo.tn\/fr\/wp-content\/uploads\/2023\/02\/c5158d7776dadd458097fab1da8b5f1f.jpg","type":"image\/jpeg"}],"author":"MC","twitter_card":"summary_large_image","twitter_creator":"@webdo_tn","twitter_site":"@webdo_tn","twitter_misc":{"\u00c9crit par":"MC","Dur\u00e9e de lecture estim\u00e9e":"1 minute"},"schema":{"@context":"https:\/\/schema.org","@graph":[{"@type":"NewsArticle","@id":"https:\/\/www.webdo.tn\/fr\/actualite\/national\/affaire-de-l-aeroport-seifeddine-makhlouf-condamne-a-sept-mois-de-prison\/202789\/#article","isPartOf":{"@id":"https:\/\/www.webdo.tn\/fr\/actualite\/national\/affaire-de-l-aeroport-seifeddine-makhlouf-condamne-a-sept-mois-de-prison\/202789\/"},"author":{"name":"MC","@id":"https:\/\/www.webdo.tn\/fr\/#\/schema\/person\/2c4929cbf5a809e3bd38617c6ce150f6"},"headline":"Affaire de l&rsquo;a\u00e9roport : Seifeddine Makhlouf condamn\u00e9 \u00e0 sept mois de prison","datePublished":"2023-02-10T15:51:00+00:00","dateModified":"2025-05-20T22:07:28+00:00","mainEntityOfPage":{"@id":"https:\/\/www.webdo.tn\/fr\/actualite\/national\/affaire-de-l-aeroport-seifeddine-makhlouf-condamne-a-sept-mois-de-prison\/202789\/"},"wordCount":274,"commentCount":0,"publisher":{"@id":"https:\/\/www.webdo.tn\/fr\/#organization"},"image":{"@id":"https:\/\/www.webdo.tn\/fr\/actualite\/national\/affaire-de-l-aeroport-seifeddine-makhlouf-condamne-a-sept-mois-de-prison\/202789\/#primaryimage"},"thumbnailUrl":"https:\/\/www.webdo.tn\/fr\/wp-content\/uploads\/2023\/02\/c5158d7776dadd458097fab1da8b5f1f.jpg","keywords":["Affaire de l'aeroport","Seifeddine Makhlouf","verdict"],"articleSection":["National"],"inLanguage":"fr-FR"},{"@type":"WebPage","@id":"https:\/\/www.webdo.tn\/fr\/actualite\/national\/affaire-de-l-aeroport-seifeddine-makhlouf-condamne-a-sept-mois-de-prison\/202789\/","url":"https:\/\/www.webdo.tn\/fr\/actualite\/national\/affaire-de-l-aeroport-seifeddine-makhlouf-condamne-a-sept-mois-de-prison\/202789\/","name":"Affaire de l'a\u00e9roport : Seifeddine Makhlouf condamn\u00e9 \u00e0 sept mois de prison","isPartOf":{"@id":"https:\/\/www.webdo.tn\/fr\/#website"},"primaryImageOfPage":{"@id":"https:\/\/www.webdo.tn\/fr\/actualite\/national\/affaire-de-l-aeroport-seifeddine-makhlouf-condamne-a-sept-mois-de-prison\/202789\/#primaryimage"},"image":{"@id":"https:\/\/www.webdo.tn\/fr\/actualite\/national\/affaire-de-l-aeroport-seifeddine-makhlouf-condamne-a-sept-mois-de-prison\/202789\/#primaryimage"},"thumbnailUrl":"https:\/\/www.webdo.tn\/fr\/wp-content\/uploads\/2023\/02\/c5158d7776dadd458097fab1da8b5f1f.jpg","datePublished":"2023-02-10T15:51:00+00:00","dateModified":"2025-05-20T22:07:28+00:00","description":"La Cour d\u2019appel militaire a condamn\u00e9 l\u2019avocat et pr\u00e9sident de la Coalition Al Karama, Seifeddine Makhlouf, \u00e0 sept mois de prison dans l\u2019affaire de l\u2019a\u00e9roport.","breadcrumb":{"@id":"https:\/\/www.webdo.tn\/fr\/actualite\/national\/affaire-de-l-aeroport-seifeddine-makhlouf-condamne-a-sept-mois-de-prison\/202789\/#breadcrumb"},"inLanguage":"fr-FR","potentialAction":[{"@type":"ReadAction","target":["https:\/\/www.webdo.tn\/fr\/actualite\/national\/affaire-de-l-aeroport-seifeddine-makhlouf-condamne-a-sept-mois-de-prison\/202789\/"]}]},{"@type":"ImageObject","inLanguage":"fr-FR","@id":"https:\/\/www.webdo.tn\/fr\/actualite\/national\/affaire-de-l-aeroport-seifeddine-makhlouf-condamne-a-sept-mois-de-prison\/202789\/#primaryimage","url":"https:\/\/www.webdo.tn\/fr\/wp-content\/uploads\/2023\/02\/c5158d7776dadd458097fab1da8b5f1f.jpg","contentUrl":"https:\/\/www.webdo.tn\/fr\/wp-content\/uploads\/2023\/02\/c5158d7776dadd458097fab1da8b5f1f.jpg","width":750,"height":400,"caption":"Affaire de l'a\u00e9roport : Seifeddine Makhlouf condamn\u00e9 \u00e0 sept mois de prison"},{"@type":"BreadcrumbList","@id":"https:\/\/www.webdo.tn\/fr\/actualite\/national\/affaire-de-l-aeroport-seifeddine-makhlouf-condamne-a-sept-mois-de-prison\/202789\/#breadcrumb","itemListElement":[{"@type":"ListItem","position":1,"name":"Accueil","item":"https:\/\/www.webdo.tn\/fr\/"},{"@type":"ListItem","position":2,"name":"Affaire de l&rsquo;a\u00e9roport : Seifeddine Makhlouf condamn\u00e9 \u00e0 sept mois de prison"}]},{"@type":"WebSite","@id":"https:\/\/www.webdo.tn\/fr\/#website","url":"https:\/\/www.webdo.tn\/fr\/","name":"webdo","description":"Tunisie - News en Tunisie et \u00e0 l&#039;international sur Webdo.tn","publisher":{"@id":"https:\/\/www.webdo.tn\/fr\/#organization"},"potentialAction":[{"@type":"SearchAction","target":{"@type":"EntryPoint","urlTemplate":"https:\/\/www.webdo.tn\/fr\/?s={search_term_string}"},"query-input":{"@type":"PropertyValueSpecification","valueRequired":true,"valueName":"search_term_string"}}],"inLanguage":"fr-FR"},{"@type":"Organization","@id":"https:\/\/www.webdo.tn\/fr\/#organization","name":"Webdo","alternateName":"Webdo.tn","url":"https:\/\/www.webdo.tn\/fr\/","logo":{"@type":"ImageObject","inLanguage":"fr-FR","@id":"https:\/\/www.webdo.tn\/fr\/#\/schema\/logo\/image\/","url":"https:\/\/www.webdo.tn\/fr\/wp-content\/uploads\/2025\/06\/Webdo-Tunisie_168377.jpg","contentUrl":"https:\/\/www.webdo.tn\/fr\/wp-content\/uploads\/2025\/06\/Webdo-Tunisie_168377.jpg","width":301,"height":301,"caption":"Webdo"},"image":{"@id":"https:\/\/www.webdo.tn\/fr\/#\/schema\/logo\/image\/"},"sameAs":["https:\/\/www.facebook.com\/webdotn","https:\/\/x.com\/webdo_tn"],"description":"Webdo est un m\u00e9dia num\u00e9rique tunisien fond\u00e9 en 2010, sp\u00e9cialis\u00e9 dans l\u2019actualit\u00e9 nationale et internationale, l\u2019\u00e9conomie, la soci\u00e9t\u00e9 et les analyses politiques. Le site s\u2019adresse \u00e0 un large public francophone et couvre l\u2019information tunisienne en temps r\u00e9el.","email":"redac@webdo.tn","legalName":"YNJ SARL","foundingDate":"2010-09-06","numberOfEmployees":{"@type":"QuantitativeValue","minValue":"11","maxValue":"50"}},{"@type":"Person","@id":"https:\/\/www.webdo.tn\/fr\/#\/schema\/person\/2c4929cbf5a809e3bd38617c6ce150f6","name":"MC","image":{"@type":"ImageObject","inLanguage":"fr-FR","@id":"https:\/\/secure.gravatar.com\/avatar\/a545bbb6f84efdd5553dbbc2895e3ca8f1d12c5215e00a041c9670b54aa9b18a?s=96&d=mm&r=g","url":"https:\/\/secure.gravatar.com\/avatar\/a545bbb6f84efdd5553dbbc2895e3ca8f1d12c5215e00a041c9670b54aa9b18a?s=96&d=mm&r=g","contentUrl":"https:\/\/secure.gravatar.com\/avatar\/a545bbb6f84efdd5553dbbc2895e3ca8f1d12c5215e00a041c9670b54aa9b18a?s=96&d=mm&r=g","caption":"MC"},"url":"https:\/\/www.webdo.tn\/fr\/actualite\/author\/mc\/"}]}},"_links":{"self":[{"href":"https:\/\/www.webdo.tn\/fr\/wp-json\/wp\/v2\/posts\/202789","targetHints":{"allow":["GET"]}}],"collection":[{"href":"https:\/\/www.webdo.tn\/fr\/wp-json\/wp\/v2\/posts"}],"about":[{"href":"https:\/\/www.webdo.tn\/fr\/wp-json\/wp\/v2\/types\/post"}],"author":[{"embeddable":true,"href":"https:\/\/www.webdo.tn\/fr\/wp-json\/wp\/v2\/users\/3162"}],"replies":[{"embeddable":true,"href":"https:\/\/www.webdo.tn\/fr\/wp-json\/wp\/v2\/comments?post=202789"}],"version-history":[{"count":0,"href":"https:\/\/www.webdo.tn\/fr\/wp-json\/wp\/v2\/posts\/202789\/revisions"}],"wp:featuredmedia":[{"embeddable":true,"href":"https:\/\/www.webdo.tn\/fr\/wp-json\/wp\/v2\/media\/277733"}],"wp:attachment":[{"href":"https:\/\/www.webdo.tn\/fr\/wp-json\/wp\/v2\/media?parent=202789"}],"wp:term":[{"taxonomy":"category","embeddable":true,"href":"https:\/\/www.webdo.tn\/fr\/wp-json\/wp\/v2\/categories?post=202789"},{"taxonomy":"post_tag","embeddable":true,"href":"https:\/\/www.webdo.tn\/fr\/wp-json\/wp\/v2\/tags?post=202789"}],"curies":[{"name":"wp","href":"https:\/\/api.w.org\/{rel}","templated":true}]}}