{"id":202787,"date":"2023-02-10T15:40:00","date_gmt":"2023-02-10T15:40:00","guid":{"rendered":"https:\/\/www.webdo.tn\/fr\/blog\/seisme-en-turquie-evacuation-des-tunisiens-des-regions-sinistrees\/202787\/"},"modified":"2025-05-20T22:07:29","modified_gmt":"2025-05-20T22:07:29","slug":"seisme-en-turquie-evacuation-des-tunisiens-des-regions-sinistrees","status":"publish","type":"post","link":"https:\/\/www.webdo.tn\/fr\/actualite\/national\/seisme-en-turquie-evacuation-des-tunisiens-des-regions-sinistrees\/202787\/","title":{"rendered":"S\u00e9isme en Turquie : Evacuation des Tunisiens des r\u00e9gions sinistr\u00e9es"},"content":{"rendered":"<p>L&rsquo;ambassade de Tunisie a Ankara a entam\u00e9 les formalit\u00e9s d&rsquo;\u00e9vacuation des Tunisiens dans les r\u00e9gions sinistr\u00e9es dans le sud de la Turquie, vers Istanbul puis la Tunisie.<\/p>\n<p>\t\t\t\t\t\t\t\t\tUn communiqu\u00e9 publi\u00e9 sur la page officielle de l&rsquo;ambassade de Tunisie en Turquie appelle en urgence les Tunisiens se trouvant dans les r\u00e9gions sinistr\u00e9es et souhaitant \u00eatre rapatri\u00e9s en Tunisie \u00e0 pr\u00e9senter un formulaire et \u00e0 l&rsquo;envoyer par WhatsApp sur le groupe SOS TUNISIE.<\/p>\n<p>Cette demande pourra \u00eatre remise \u00e0 l&rsquo;attach\u00e9 social aupr\u00e8s du consulat g\u00e9n\u00e9ral de Tunisie \u00e0 Istanbul \u00e0 partir de samedi 11 f\u00e9vrier 2023 au point de collecte \u00e0 Adena, pour permettre \u00e0 l&rsquo;ambassade de Tunisie \u00e0 Ankara d&rsquo;\u00e9tablir la liste nominative et accomplir les proc\u00e9dures de transfert des tunisiens d&rsquo;Adana vers Istanbul puis vers la Tunisie.<\/p>\n","protected":false},"excerpt":{"rendered":"<p>L&rsquo;ambassade de Tunisie a Ankara a entam\u00e9 les formalit\u00e9s d&rsquo;\u00e9vacuation des Tunisiens dans les r\u00e9gions sinistr\u00e9es dans le sud de la Turquie, vers Istanbul puis la&#8230;<\/p>\n","protected":false},"author":3162,"featured_media":277734,"comment_status":"open","ping_status":"closed","sticky":false,"template":"","format":"standard","meta":{"footnotes":""},"categories":[44],"tags":[4635,5538,7271,2608,3550],"class_list":["post-202787","post","type-post","status-publish","format-standard","has-post-thumbnail","hentry","category-national","tag-evacuation","tag-rapatriement","tag-seisme","tag-tunisie","tag-turquie"],"yoast_head":"<!-- This site is optimized with the Yoast SEO Premium plugin v27.4 (Yoast SEO v27.5) - https:\/\/yoast.com\/product\/yoast-seo-premium-wordpress\/ -->\n<title>S\u00e9isme en Turquie : Evacuation des Tunisiens des r\u00e9gions sinistr\u00e9es<\/title>\n<meta name=\"description\" content=\"L&#039;ambassade de Tunisie a Ankara a entam\u00e9 les formalit\u00e9s d&#039;\u00e9vacuation des Tunisiens dans les r\u00e9gions sinistr\u00e9es dans le sud de la Turquie, vers Istanbul puis la...\" \/>\n<link rel=\"canonical\" href=\"https:\/\/www.webdo.tn\/fr\/actualite\/national\/seisme-en-turquie-evacuation-des-tunisiens-des-regions-sinistrees\/202787\/\" \/>\n<meta property=\"og:locale\" content=\"fr_FR\" \/>\n<meta property=\"og:type\" content=\"article\" \/>\n<meta property=\"og:title\" content=\"S\u00e9isme en Turquie : Evacuation des Tunisiens des r\u00e9gions sinistr\u00e9es\" \/>\n<meta property=\"og:description\" content=\"L&#039;ambassade de Tunisie a Ankara a entam\u00e9 les formalit\u00e9s d&#039;\u00e9vacuation des Tunisiens dans les r\u00e9gions sinistr\u00e9es dans le sud de la Turquie, vers Istanbul puis la...\" \/>\n<meta property=\"og:url\" content=\"https:\/\/www.webdo.tn\/fr\/actualite\/national\/seisme-en-turquie-evacuation-des-tunisiens-des-regions-sinistrees\/202787\/\" \/>\n<meta property=\"og:site_name\" content=\"webdo\" \/>\n<meta property=\"article:publisher\" content=\"https:\/\/www.facebook.com\/webdotn\" \/>\n<meta property=\"article:published_time\" content=\"2023-02-10T15:40:00+00:00\" \/>\n<meta property=\"article:modified_time\" content=\"2025-05-20T22:07:29+00:00\" \/>\n<meta property=\"og:image\" content=\"https:\/\/www.webdo.tn\/fr\/wp-content\/uploads\/2023\/02\/8ce393ee3916bda5853663f0b2d5650a.jpg\" \/>\n\t<meta property=\"og:image:width\" content=\"750\" \/>\n\t<meta property=\"og:image:height\" content=\"400\" \/>\n\t<meta property=\"og:image:type\" content=\"image\/jpeg\" \/>\n<meta name=\"author\" content=\"MC\" \/>\n<meta name=\"twitter:card\" content=\"summary_large_image\" \/>\n<meta name=\"twitter:creator\" content=\"@webdo_tn\" \/>\n<meta name=\"twitter:site\" content=\"@webdo_tn\" \/>\n<meta name=\"twitter:label1\" content=\"\u00c9crit par\" \/>\n\t<meta name=\"twitter:data1\" content=\"MC\" \/>\n\t<meta name=\"twitter:label2\" content=\"Dur\u00e9e de lecture estim\u00e9e\" \/>\n\t<meta name=\"twitter:data2\" content=\"1 minute\" \/>\n<script type=\"application\/ld+json\" class=\"yoast-schema-graph\">{\"@context\":\"https:\\\/\\\/schema.org\",\"@graph\":[{\"@type\":\"NewsArticle\",\"@id\":\"https:\\\/\\\/www.webdo.tn\\\/fr\\\/actualite\\\/national\\\/seisme-en-turquie-evacuation-des-tunisiens-des-regions-sinistrees\\\/202787\\\/#article\",\"isPartOf\":{\"@id\":\"https:\\\/\\\/www.webdo.tn\\\/fr\\\/actualite\\\/national\\\/seisme-en-turquie-evacuation-des-tunisiens-des-regions-sinistrees\\\/202787\\\/\"},\"author\":{\"name\":\"MC\",\"@id\":\"https:\\\/\\\/www.webdo.tn\\\/fr\\\/#\\\/schema\\\/person\\\/2c4929cbf5a809e3bd38617c6ce150f6\"},\"headline\":\"S\u00e9isme en Turquie : Evacuation des Tunisiens des r\u00e9gions sinistr\u00e9es\",\"datePublished\":\"2023-02-10T15:40:00+00:00\",\"dateModified\":\"2025-05-20T22:07:29+00:00\",\"mainEntityOfPage\":{\"@id\":\"https:\\\/\\\/www.webdo.tn\\\/fr\\\/actualite\\\/national\\\/seisme-en-turquie-evacuation-des-tunisiens-des-regions-sinistrees\\\/202787\\\/\"},\"wordCount\":149,\"commentCount\":0,\"publisher\":{\"@id\":\"https:\\\/\\\/www.webdo.tn\\\/fr\\\/#organization\"},\"image\":{\"@id\":\"https:\\\/\\\/www.webdo.tn\\\/fr\\\/actualite\\\/national\\\/seisme-en-turquie-evacuation-des-tunisiens-des-regions-sinistrees\\\/202787\\\/#primaryimage\"},\"thumbnailUrl\":\"https:\\\/\\\/www.webdo.tn\\\/fr\\\/wp-content\\\/uploads\\\/2023\\\/02\\\/8ce393ee3916bda5853663f0b2d5650a.jpg\",\"keywords\":[\"\u00e9vacuation\",\"rapatriement\",\"s\u00e9isme\",\"Tunisie\",\"Turquie\"],\"articleSection\":[\"National\"],\"inLanguage\":\"fr-FR\"},{\"@type\":\"WebPage\",\"@id\":\"https:\\\/\\\/www.webdo.tn\\\/fr\\\/actualite\\\/national\\\/seisme-en-turquie-evacuation-des-tunisiens-des-regions-sinistrees\\\/202787\\\/\",\"url\":\"https:\\\/\\\/www.webdo.tn\\\/fr\\\/actualite\\\/national\\\/seisme-en-turquie-evacuation-des-tunisiens-des-regions-sinistrees\\\/202787\\\/\",\"name\":\"S\u00e9isme en Turquie : Evacuation des Tunisiens des r\u00e9gions sinistr\u00e9es\",\"isPartOf\":{\"@id\":\"https:\\\/\\\/www.webdo.tn\\\/fr\\\/#website\"},\"primaryImageOfPage\":{\"@id\":\"https:\\\/\\\/www.webdo.tn\\\/fr\\\/actualite\\\/national\\\/seisme-en-turquie-evacuation-des-tunisiens-des-regions-sinistrees\\\/202787\\\/#primaryimage\"},\"image\":{\"@id\":\"https:\\\/\\\/www.webdo.tn\\\/fr\\\/actualite\\\/national\\\/seisme-en-turquie-evacuation-des-tunisiens-des-regions-sinistrees\\\/202787\\\/#primaryimage\"},\"thumbnailUrl\":\"https:\\\/\\\/www.webdo.tn\\\/fr\\\/wp-content\\\/uploads\\\/2023\\\/02\\\/8ce393ee3916bda5853663f0b2d5650a.jpg\",\"datePublished\":\"2023-02-10T15:40:00+00:00\",\"dateModified\":\"2025-05-20T22:07:29+00:00\",\"description\":\"L'ambassade de Tunisie a Ankara a entam\u00e9 les formalit\u00e9s d'\u00e9vacuation des Tunisiens dans les r\u00e9gions sinistr\u00e9es dans le sud de la Turquie, vers Istanbul puis la...\",\"breadcrumb\":{\"@id\":\"https:\\\/\\\/www.webdo.tn\\\/fr\\\/actualite\\\/national\\\/seisme-en-turquie-evacuation-des-tunisiens-des-regions-sinistrees\\\/202787\\\/#breadcrumb\"},\"inLanguage\":\"fr-FR\",\"potentialAction\":[{\"@type\":\"ReadAction\",\"target\":[\"https:\\\/\\\/www.webdo.tn\\\/fr\\\/actualite\\\/national\\\/seisme-en-turquie-evacuation-des-tunisiens-des-regions-sinistrees\\\/202787\\\/\"]}]},{\"@type\":\"ImageObject\",\"inLanguage\":\"fr-FR\",\"@id\":\"https:\\\/\\\/www.webdo.tn\\\/fr\\\/actualite\\\/national\\\/seisme-en-turquie-evacuation-des-tunisiens-des-regions-sinistrees\\\/202787\\\/#primaryimage\",\"url\":\"https:\\\/\\\/www.webdo.tn\\\/fr\\\/wp-content\\\/uploads\\\/2023\\\/02\\\/8ce393ee3916bda5853663f0b2d5650a.jpg\",\"contentUrl\":\"https:\\\/\\\/www.webdo.tn\\\/fr\\\/wp-content\\\/uploads\\\/2023\\\/02\\\/8ce393ee3916bda5853663f0b2d5650a.jpg\",\"width\":750,\"height\":400,\"caption\":\"S\u00e9isme en Turquie : Evacuation des Tunisiens des r\u00e9gions sinistr\u00e9es\"},{\"@type\":\"BreadcrumbList\",\"@id\":\"https:\\\/\\\/www.webdo.tn\\\/fr\\\/actualite\\\/national\\\/seisme-en-turquie-evacuation-des-tunisiens-des-regions-sinistrees\\\/202787\\\/#breadcrumb\",\"itemListElement\":[{\"@type\":\"ListItem\",\"position\":1,\"name\":\"Accueil\",\"item\":\"https:\\\/\\\/www.webdo.tn\\\/fr\\\/\"},{\"@type\":\"ListItem\",\"position\":2,\"name\":\"S\u00e9isme en Turquie : Evacuation des Tunisiens des r\u00e9gions sinistr\u00e9es\"}]},{\"@type\":\"WebSite\",\"@id\":\"https:\\\/\\\/www.webdo.tn\\\/fr\\\/#website\",\"url\":\"https:\\\/\\\/www.webdo.tn\\\/fr\\\/\",\"name\":\"webdo\",\"description\":\"Tunisie - News en Tunisie et \u00e0 l&#039;international sur Webdo.tn\",\"publisher\":{\"@id\":\"https:\\\/\\\/www.webdo.tn\\\/fr\\\/#organization\"},\"potentialAction\":[{\"@type\":\"SearchAction\",\"target\":{\"@type\":\"EntryPoint\",\"urlTemplate\":\"https:\\\/\\\/www.webdo.tn\\\/fr\\\/?s={search_term_string}\"},\"query-input\":{\"@type\":\"PropertyValueSpecification\",\"valueRequired\":true,\"valueName\":\"search_term_string\"}}],\"inLanguage\":\"fr-FR\"},{\"@type\":\"Organization\",\"@id\":\"https:\\\/\\\/www.webdo.tn\\\/fr\\\/#organization\",\"name\":\"Webdo\",\"alternateName\":\"Webdo.tn\",\"url\":\"https:\\\/\\\/www.webdo.tn\\\/fr\\\/\",\"logo\":{\"@type\":\"ImageObject\",\"inLanguage\":\"fr-FR\",\"@id\":\"https:\\\/\\\/www.webdo.tn\\\/fr\\\/#\\\/schema\\\/logo\\\/image\\\/\",\"url\":\"https:\\\/\\\/www.webdo.tn\\\/fr\\\/wp-content\\\/uploads\\\/2025\\\/06\\\/Webdo-Tunisie_168377.jpg\",\"contentUrl\":\"https:\\\/\\\/www.webdo.tn\\\/fr\\\/wp-content\\\/uploads\\\/2025\\\/06\\\/Webdo-Tunisie_168377.jpg\",\"width\":301,\"height\":301,\"caption\":\"Webdo\"},\"image\":{\"@id\":\"https:\\\/\\\/www.webdo.tn\\\/fr\\\/#\\\/schema\\\/logo\\\/image\\\/\"},\"sameAs\":[\"https:\\\/\\\/www.facebook.com\\\/webdotn\",\"https:\\\/\\\/x.com\\\/webdo_tn\"],\"description\":\"Webdo est un m\u00e9dia num\u00e9rique tunisien fond\u00e9 en 2010, sp\u00e9cialis\u00e9 dans l\u2019actualit\u00e9 nationale et internationale, l\u2019\u00e9conomie, la soci\u00e9t\u00e9 et les analyses politiques. Le site s\u2019adresse \u00e0 un large public francophone et couvre l\u2019information tunisienne en temps r\u00e9el.\",\"email\":\"redac@webdo.tn\",\"legalName\":\"YNJ SARL\",\"foundingDate\":\"2010-09-06\",\"numberOfEmployees\":{\"@type\":\"QuantitativeValue\",\"minValue\":\"11\",\"maxValue\":\"50\"}},{\"@type\":\"Person\",\"@id\":\"https:\\\/\\\/www.webdo.tn\\\/fr\\\/#\\\/schema\\\/person\\\/2c4929cbf5a809e3bd38617c6ce150f6\",\"name\":\"MC\",\"image\":{\"@type\":\"ImageObject\",\"inLanguage\":\"fr-FR\",\"@id\":\"https:\\\/\\\/secure.gravatar.com\\\/avatar\\\/a545bbb6f84efdd5553dbbc2895e3ca8f1d12c5215e00a041c9670b54aa9b18a?s=96&d=mm&r=g\",\"url\":\"https:\\\/\\\/secure.gravatar.com\\\/avatar\\\/a545bbb6f84efdd5553dbbc2895e3ca8f1d12c5215e00a041c9670b54aa9b18a?s=96&d=mm&r=g\",\"contentUrl\":\"https:\\\/\\\/secure.gravatar.com\\\/avatar\\\/a545bbb6f84efdd5553dbbc2895e3ca8f1d12c5215e00a041c9670b54aa9b18a?s=96&d=mm&r=g\",\"caption\":\"MC\"},\"url\":\"https:\\\/\\\/www.webdo.tn\\\/fr\\\/actualite\\\/author\\\/mc\\\/\"}]}<\/script>\n<!-- \/ Yoast SEO Premium plugin. -->","yoast_head_json":{"title":"S\u00e9isme en Turquie : Evacuation des Tunisiens des r\u00e9gions sinistr\u00e9es","description":"L'ambassade de Tunisie a Ankara a entam\u00e9 les formalit\u00e9s d'\u00e9vacuation des Tunisiens dans les r\u00e9gions sinistr\u00e9es dans le sud de la Turquie, vers Istanbul puis la...","canonical":"https:\/\/www.webdo.tn\/fr\/actualite\/national\/seisme-en-turquie-evacuation-des-tunisiens-des-regions-sinistrees\/202787\/","og_locale":"fr_FR","og_type":"article","og_title":"S\u00e9isme en Turquie : Evacuation des Tunisiens des r\u00e9gions sinistr\u00e9es","og_description":"L'ambassade de Tunisie a Ankara a entam\u00e9 les formalit\u00e9s d'\u00e9vacuation des Tunisiens dans les r\u00e9gions sinistr\u00e9es dans le sud de la Turquie, vers Istanbul puis la...","og_url":"https:\/\/www.webdo.tn\/fr\/actualite\/national\/seisme-en-turquie-evacuation-des-tunisiens-des-regions-sinistrees\/202787\/","og_site_name":"webdo","article_publisher":"https:\/\/www.facebook.com\/webdotn","article_published_time":"2023-02-10T15:40:00+00:00","article_modified_time":"2025-05-20T22:07:29+00:00","og_image":[{"width":750,"height":400,"url":"https:\/\/www.webdo.tn\/fr\/wp-content\/uploads\/2023\/02\/8ce393ee3916bda5853663f0b2d5650a.jpg","type":"image\/jpeg"}],"author":"MC","twitter_card":"summary_large_image","twitter_creator":"@webdo_tn","twitter_site":"@webdo_tn","twitter_misc":{"\u00c9crit par":"MC","Dur\u00e9e de lecture estim\u00e9e":"1 minute"},"schema":{"@context":"https:\/\/schema.org","@graph":[{"@type":"NewsArticle","@id":"https:\/\/www.webdo.tn\/fr\/actualite\/national\/seisme-en-turquie-evacuation-des-tunisiens-des-regions-sinistrees\/202787\/#article","isPartOf":{"@id":"https:\/\/www.webdo.tn\/fr\/actualite\/national\/seisme-en-turquie-evacuation-des-tunisiens-des-regions-sinistrees\/202787\/"},"author":{"name":"MC","@id":"https:\/\/www.webdo.tn\/fr\/#\/schema\/person\/2c4929cbf5a809e3bd38617c6ce150f6"},"headline":"S\u00e9isme en Turquie : Evacuation des Tunisiens des r\u00e9gions sinistr\u00e9es","datePublished":"2023-02-10T15:40:00+00:00","dateModified":"2025-05-20T22:07:29+00:00","mainEntityOfPage":{"@id":"https:\/\/www.webdo.tn\/fr\/actualite\/national\/seisme-en-turquie-evacuation-des-tunisiens-des-regions-sinistrees\/202787\/"},"wordCount":149,"commentCount":0,"publisher":{"@id":"https:\/\/www.webdo.tn\/fr\/#organization"},"image":{"@id":"https:\/\/www.webdo.tn\/fr\/actualite\/national\/seisme-en-turquie-evacuation-des-tunisiens-des-regions-sinistrees\/202787\/#primaryimage"},"thumbnailUrl":"https:\/\/www.webdo.tn\/fr\/wp-content\/uploads\/2023\/02\/8ce393ee3916bda5853663f0b2d5650a.jpg","keywords":["\u00e9vacuation","rapatriement","s\u00e9isme","Tunisie","Turquie"],"articleSection":["National"],"inLanguage":"fr-FR"},{"@type":"WebPage","@id":"https:\/\/www.webdo.tn\/fr\/actualite\/national\/seisme-en-turquie-evacuation-des-tunisiens-des-regions-sinistrees\/202787\/","url":"https:\/\/www.webdo.tn\/fr\/actualite\/national\/seisme-en-turquie-evacuation-des-tunisiens-des-regions-sinistrees\/202787\/","name":"S\u00e9isme en Turquie : Evacuation des Tunisiens des r\u00e9gions sinistr\u00e9es","isPartOf":{"@id":"https:\/\/www.webdo.tn\/fr\/#website"},"primaryImageOfPage":{"@id":"https:\/\/www.webdo.tn\/fr\/actualite\/national\/seisme-en-turquie-evacuation-des-tunisiens-des-regions-sinistrees\/202787\/#primaryimage"},"image":{"@id":"https:\/\/www.webdo.tn\/fr\/actualite\/national\/seisme-en-turquie-evacuation-des-tunisiens-des-regions-sinistrees\/202787\/#primaryimage"},"thumbnailUrl":"https:\/\/www.webdo.tn\/fr\/wp-content\/uploads\/2023\/02\/8ce393ee3916bda5853663f0b2d5650a.jpg","datePublished":"2023-02-10T15:40:00+00:00","dateModified":"2025-05-20T22:07:29+00:00","description":"L'ambassade de Tunisie a Ankara a entam\u00e9 les formalit\u00e9s d'\u00e9vacuation des Tunisiens dans les r\u00e9gions sinistr\u00e9es dans le sud de la Turquie, vers Istanbul puis la...","breadcrumb":{"@id":"https:\/\/www.webdo.tn\/fr\/actualite\/national\/seisme-en-turquie-evacuation-des-tunisiens-des-regions-sinistrees\/202787\/#breadcrumb"},"inLanguage":"fr-FR","potentialAction":[{"@type":"ReadAction","target":["https:\/\/www.webdo.tn\/fr\/actualite\/national\/seisme-en-turquie-evacuation-des-tunisiens-des-regions-sinistrees\/202787\/"]}]},{"@type":"ImageObject","inLanguage":"fr-FR","@id":"https:\/\/www.webdo.tn\/fr\/actualite\/national\/seisme-en-turquie-evacuation-des-tunisiens-des-regions-sinistrees\/202787\/#primaryimage","url":"https:\/\/www.webdo.tn\/fr\/wp-content\/uploads\/2023\/02\/8ce393ee3916bda5853663f0b2d5650a.jpg","contentUrl":"https:\/\/www.webdo.tn\/fr\/wp-content\/uploads\/2023\/02\/8ce393ee3916bda5853663f0b2d5650a.jpg","width":750,"height":400,"caption":"S\u00e9isme en Turquie : Evacuation des Tunisiens des r\u00e9gions sinistr\u00e9es"},{"@type":"BreadcrumbList","@id":"https:\/\/www.webdo.tn\/fr\/actualite\/national\/seisme-en-turquie-evacuation-des-tunisiens-des-regions-sinistrees\/202787\/#breadcrumb","itemListElement":[{"@type":"ListItem","position":1,"name":"Accueil","item":"https:\/\/www.webdo.tn\/fr\/"},{"@type":"ListItem","position":2,"name":"S\u00e9isme en Turquie : Evacuation des Tunisiens des r\u00e9gions sinistr\u00e9es"}]},{"@type":"WebSite","@id":"https:\/\/www.webdo.tn\/fr\/#website","url":"https:\/\/www.webdo.tn\/fr\/","name":"webdo","description":"Tunisie - News en Tunisie et \u00e0 l&#039;international sur Webdo.tn","publisher":{"@id":"https:\/\/www.webdo.tn\/fr\/#organization"},"potentialAction":[{"@type":"SearchAction","target":{"@type":"EntryPoint","urlTemplate":"https:\/\/www.webdo.tn\/fr\/?s={search_term_string}"},"query-input":{"@type":"PropertyValueSpecification","valueRequired":true,"valueName":"search_term_string"}}],"inLanguage":"fr-FR"},{"@type":"Organization","@id":"https:\/\/www.webdo.tn\/fr\/#organization","name":"Webdo","alternateName":"Webdo.tn","url":"https:\/\/www.webdo.tn\/fr\/","logo":{"@type":"ImageObject","inLanguage":"fr-FR","@id":"https:\/\/www.webdo.tn\/fr\/#\/schema\/logo\/image\/","url":"https:\/\/www.webdo.tn\/fr\/wp-content\/uploads\/2025\/06\/Webdo-Tunisie_168377.jpg","contentUrl":"https:\/\/www.webdo.tn\/fr\/wp-content\/uploads\/2025\/06\/Webdo-Tunisie_168377.jpg","width":301,"height":301,"caption":"Webdo"},"image":{"@id":"https:\/\/www.webdo.tn\/fr\/#\/schema\/logo\/image\/"},"sameAs":["https:\/\/www.facebook.com\/webdotn","https:\/\/x.com\/webdo_tn"],"description":"Webdo est un m\u00e9dia num\u00e9rique tunisien fond\u00e9 en 2010, sp\u00e9cialis\u00e9 dans l\u2019actualit\u00e9 nationale et internationale, l\u2019\u00e9conomie, la soci\u00e9t\u00e9 et les analyses politiques. Le site s\u2019adresse \u00e0 un large public francophone et couvre l\u2019information tunisienne en temps r\u00e9el.","email":"redac@webdo.tn","legalName":"YNJ SARL","foundingDate":"2010-09-06","numberOfEmployees":{"@type":"QuantitativeValue","minValue":"11","maxValue":"50"}},{"@type":"Person","@id":"https:\/\/www.webdo.tn\/fr\/#\/schema\/person\/2c4929cbf5a809e3bd38617c6ce150f6","name":"MC","image":{"@type":"ImageObject","inLanguage":"fr-FR","@id":"https:\/\/secure.gravatar.com\/avatar\/a545bbb6f84efdd5553dbbc2895e3ca8f1d12c5215e00a041c9670b54aa9b18a?s=96&d=mm&r=g","url":"https:\/\/secure.gravatar.com\/avatar\/a545bbb6f84efdd5553dbbc2895e3ca8f1d12c5215e00a041c9670b54aa9b18a?s=96&d=mm&r=g","contentUrl":"https:\/\/secure.gravatar.com\/avatar\/a545bbb6f84efdd5553dbbc2895e3ca8f1d12c5215e00a041c9670b54aa9b18a?s=96&d=mm&r=g","caption":"MC"},"url":"https:\/\/www.webdo.tn\/fr\/actualite\/author\/mc\/"}]}},"_links":{"self":[{"href":"https:\/\/www.webdo.tn\/fr\/wp-json\/wp\/v2\/posts\/202787","targetHints":{"allow":["GET"]}}],"collection":[{"href":"https:\/\/www.webdo.tn\/fr\/wp-json\/wp\/v2\/posts"}],"about":[{"href":"https:\/\/www.webdo.tn\/fr\/wp-json\/wp\/v2\/types\/post"}],"author":[{"embeddable":true,"href":"https:\/\/www.webdo.tn\/fr\/wp-json\/wp\/v2\/users\/3162"}],"replies":[{"embeddable":true,"href":"https:\/\/www.webdo.tn\/fr\/wp-json\/wp\/v2\/comments?post=202787"}],"version-history":[{"count":0,"href":"https:\/\/www.webdo.tn\/fr\/wp-json\/wp\/v2\/posts\/202787\/revisions"}],"wp:featuredmedia":[{"embeddable":true,"href":"https:\/\/www.webdo.tn\/fr\/wp-json\/wp\/v2\/media\/277734"}],"wp:attachment":[{"href":"https:\/\/www.webdo.tn\/fr\/wp-json\/wp\/v2\/media?parent=202787"}],"wp:term":[{"taxonomy":"category","embeddable":true,"href":"https:\/\/www.webdo.tn\/fr\/wp-json\/wp\/v2\/categories?post=202787"},{"taxonomy":"post_tag","embeddable":true,"href":"https:\/\/www.webdo.tn\/fr\/wp-json\/wp\/v2\/tags?post=202787"}],"curies":[{"name":"wp","href":"https:\/\/api.w.org\/{rel}","templated":true}]}}