{"id":202770,"date":"2023-02-10T09:40:00","date_gmt":"2023-02-10T09:40:00","guid":{"rendered":"https:\/\/www.webdo.tn\/fr\/actualite\/blog\/le-syndicat-des-bouchers-veut-annuler-la-celebration-de-l-aid-al-idha\/202770\/"},"modified":"2025-06-04T18:06:18","modified_gmt":"2025-06-04T18:06:18","slug":"le-syndicat-des-bouchers-veut-annuler-la-celebration-de-l-aid-al-idha","status":"publish","type":"post","link":"https:\/\/www.webdo.tn\/fr\/actualite\/national\/le-syndicat-des-bouchers-veut-annuler-la-celebration-de-l-aid-al-idha\/202770\/","title":{"rendered":"Le syndicat des bouchers veut annuler la c\u00e9l\u00e9bration de l&rsquo;A\u00efd Al Idha"},"content":{"rendered":"<p>La Chambre syndicale nationale des bouchers a lanc\u00e9 un appel, aujourd\u2019hui, par la voix de son pr\u00e9sident Ahmed Laamiri revendiquant l\u2019annulation de la c\u00e9l\u00e9bration de l&rsquo;A\u00efd Al Idha.<\/p>\n<p> Ahmed Laamiri a appel\u00e9, ce vendredi 10 f\u00e9vrier 2023 \u00e0 annuler le sacrifice des moutons \u00e0 cause d\u2019une diminution du cheptel en Tunisie. Dans une d\u00e9claration faite sur les ondes de Mosaique fm, il a interpell\u00e9 le Mufti de la R\u00e9publique sur cette question.<\/p>\n<p>\u00ab\u00a0Nous appelons, de nouveau, le Mufti de la R\u00e9publique \u00e0 appeler les citoyens \u00e0 ne pas acheter de moutons car leur nombre insuffisant ne peut r\u00e9pondre aux besoins de tous. La raret\u00e9 des t\u00eates des moutons a caus\u00e9 l\u2019augmentation des prix de vente aux consommateurs\u00a0\u00bb, a-t-il dit.<\/p>\n<p>Et d\u2019ajouter que la Chambre syndicale nationale des bouchers a envoy\u00e9 deux correspondances \u00e0 la ministre du Commerce, le 17 janvier et le 2 f\u00e9vrier, allant dans ce sens et \u00e9voquant la situation du secteur.<\/p>\n<p>Il a ajout\u00e9 que la r\u00e9gularisation des march\u00e9s n\u2019a pas \u00e9t\u00e9 faite et que le prix d\u2019un mouton augmentera \u00e0 l\u2019occasion de l\u2019A\u00efd pour atteindre presque 47,5 dinars le kilo.<\/p>\n<p>Le d\u00e9bat est ouvert !<\/p>\n","protected":false},"excerpt":{"rendered":"<p>La Chambre syndicale nationale des bouchers a lanc\u00e9 un appel, aujourd\u2019hui, par la voix de son pr\u00e9sident Ahmed Laamiri revendiquant l\u2019annulation de la c\u00e9l\u00e9bratio&#8230;<\/p>\n","protected":false},"author":3162,"featured_media":348155,"comment_status":"open","ping_status":"closed","sticky":false,"template":"","format":"standard","meta":{"footnotes":""},"categories":[44],"tags":[6317,4477,2834],"class_list":["post-202770","post","type-post","status-publish","format-standard","has-post-thumbnail","hentry","category-national","tag-aid-el-idha","tag-celebration","tag-viande"],"yoast_head":"<!-- This site is optimized with the Yoast SEO Premium plugin v27.5 (Yoast SEO v27.5) - https:\/\/yoast.com\/product\/yoast-seo-premium-wordpress\/ -->\n<title>Le syndicat des bouchers veut annuler la c\u00e9l\u00e9bration de l&#039;A\u00efd Al Idha<\/title>\n<meta name=\"description\" content=\"La Chambre syndicale nationale des bouchers a lanc\u00e9 un appel, aujourd\u2019hui, par la voix de son pr\u00e9sident Ahmed Laamiri revendiquant l\u2019annulation de la c\u00e9l\u00e9bratio...\" \/>\n<link rel=\"canonical\" href=\"https:\/\/www.webdo.tn\/fr\/actualite\/national\/le-syndicat-des-bouchers-veut-annuler-la-celebration-de-l-aid-al-idha\/202770\/\" \/>\n<meta property=\"og:locale\" content=\"fr_FR\" \/>\n<meta property=\"og:type\" content=\"article\" \/>\n<meta property=\"og:title\" content=\"Le syndicat des bouchers veut annuler la c\u00e9l\u00e9bration de l&#039;A\u00efd Al Idha\" \/>\n<meta property=\"og:description\" content=\"La Chambre syndicale nationale des bouchers a lanc\u00e9 un appel, aujourd\u2019hui, par la voix de son pr\u00e9sident Ahmed Laamiri revendiquant l\u2019annulation de la c\u00e9l\u00e9bratio...\" \/>\n<meta property=\"og:url\" content=\"https:\/\/www.webdo.tn\/fr\/actualite\/national\/le-syndicat-des-bouchers-veut-annuler-la-celebration-de-l-aid-al-idha\/202770\/\" \/>\n<meta property=\"og:site_name\" content=\"webdo\" \/>\n<meta property=\"article:publisher\" content=\"https:\/\/www.facebook.com\/webdotn\" \/>\n<meta property=\"article:published_time\" content=\"2023-02-10T09:40:00+00:00\" \/>\n<meta property=\"article:modified_time\" content=\"2025-06-04T18:06:18+00:00\" \/>\n<meta property=\"og:image\" content=\"https:\/\/www.webdo.tn\/fr\/wp-content\/uploads\/2023\/02\/4d8e4be8eacf351cc83f9c3ba18d4e12.jpg\" \/>\n\t<meta property=\"og:image:width\" content=\"567\" \/>\n\t<meta property=\"og:image:height\" content=\"302\" \/>\n\t<meta property=\"og:image:type\" content=\"image\/jpeg\" \/>\n<meta name=\"author\" content=\"MC\" \/>\n<meta name=\"twitter:card\" content=\"summary_large_image\" \/>\n<meta name=\"twitter:creator\" content=\"@webdo_tn\" \/>\n<meta name=\"twitter:site\" content=\"@webdo_tn\" \/>\n<meta name=\"twitter:label1\" content=\"\u00c9crit par\" \/>\n\t<meta name=\"twitter:data1\" content=\"MC\" \/>\n\t<meta name=\"twitter:label2\" content=\"Dur\u00e9e de lecture estim\u00e9e\" \/>\n\t<meta name=\"twitter:data2\" content=\"1 minute\" \/>\n<script type=\"application\/ld+json\" class=\"yoast-schema-graph\">{\"@context\":\"https:\\\/\\\/schema.org\",\"@graph\":[{\"@type\":\"NewsArticle\",\"@id\":\"https:\\\/\\\/www.webdo.tn\\\/fr\\\/actualite\\\/national\\\/le-syndicat-des-bouchers-veut-annuler-la-celebration-de-l-aid-al-idha\\\/202770\\\/#article\",\"isPartOf\":{\"@id\":\"https:\\\/\\\/www.webdo.tn\\\/fr\\\/actualite\\\/national\\\/le-syndicat-des-bouchers-veut-annuler-la-celebration-de-l-aid-al-idha\\\/202770\\\/\"},\"author\":{\"name\":\"MC\",\"@id\":\"https:\\\/\\\/www.webdo.tn\\\/fr\\\/#\\\/schema\\\/person\\\/2c4929cbf5a809e3bd38617c6ce150f6\"},\"headline\":\"Le syndicat des bouchers veut annuler la c\u00e9l\u00e9bration de l&rsquo;A\u00efd Al Idha\",\"datePublished\":\"2023-02-10T09:40:00+00:00\",\"dateModified\":\"2025-06-04T18:06:18+00:00\",\"mainEntityOfPage\":{\"@id\":\"https:\\\/\\\/www.webdo.tn\\\/fr\\\/actualite\\\/national\\\/le-syndicat-des-bouchers-veut-annuler-la-celebration-de-l-aid-al-idha\\\/202770\\\/\"},\"wordCount\":218,\"commentCount\":0,\"publisher\":{\"@id\":\"https:\\\/\\\/www.webdo.tn\\\/fr\\\/#organization\"},\"image\":{\"@id\":\"https:\\\/\\\/www.webdo.tn\\\/fr\\\/actualite\\\/national\\\/le-syndicat-des-bouchers-veut-annuler-la-celebration-de-l-aid-al-idha\\\/202770\\\/#primaryimage\"},\"thumbnailUrl\":\"https:\\\/\\\/www.webdo.tn\\\/fr\\\/wp-content\\\/uploads\\\/2023\\\/02\\\/4d8e4be8eacf351cc83f9c3ba18d4e12.jpg\",\"keywords\":[\"aid el idha\",\"c\u00e9l\u00e9bration\",\"viande\"],\"articleSection\":[\"National\"],\"inLanguage\":\"fr-FR\"},{\"@type\":\"WebPage\",\"@id\":\"https:\\\/\\\/www.webdo.tn\\\/fr\\\/actualite\\\/national\\\/le-syndicat-des-bouchers-veut-annuler-la-celebration-de-l-aid-al-idha\\\/202770\\\/\",\"url\":\"https:\\\/\\\/www.webdo.tn\\\/fr\\\/actualite\\\/national\\\/le-syndicat-des-bouchers-veut-annuler-la-celebration-de-l-aid-al-idha\\\/202770\\\/\",\"name\":\"Le syndicat des bouchers veut annuler la c\u00e9l\u00e9bration de l'A\u00efd Al Idha\",\"isPartOf\":{\"@id\":\"https:\\\/\\\/www.webdo.tn\\\/fr\\\/#website\"},\"primaryImageOfPage\":{\"@id\":\"https:\\\/\\\/www.webdo.tn\\\/fr\\\/actualite\\\/national\\\/le-syndicat-des-bouchers-veut-annuler-la-celebration-de-l-aid-al-idha\\\/202770\\\/#primaryimage\"},\"image\":{\"@id\":\"https:\\\/\\\/www.webdo.tn\\\/fr\\\/actualite\\\/national\\\/le-syndicat-des-bouchers-veut-annuler-la-celebration-de-l-aid-al-idha\\\/202770\\\/#primaryimage\"},\"thumbnailUrl\":\"https:\\\/\\\/www.webdo.tn\\\/fr\\\/wp-content\\\/uploads\\\/2023\\\/02\\\/4d8e4be8eacf351cc83f9c3ba18d4e12.jpg\",\"datePublished\":\"2023-02-10T09:40:00+00:00\",\"dateModified\":\"2025-06-04T18:06:18+00:00\",\"description\":\"La Chambre syndicale nationale des bouchers a lanc\u00e9 un appel, aujourd\u2019hui, par la voix de son pr\u00e9sident Ahmed Laamiri revendiquant l\u2019annulation de la c\u00e9l\u00e9bratio...\",\"breadcrumb\":{\"@id\":\"https:\\\/\\\/www.webdo.tn\\\/fr\\\/actualite\\\/national\\\/le-syndicat-des-bouchers-veut-annuler-la-celebration-de-l-aid-al-idha\\\/202770\\\/#breadcrumb\"},\"inLanguage\":\"fr-FR\",\"potentialAction\":[{\"@type\":\"ReadAction\",\"target\":[\"https:\\\/\\\/www.webdo.tn\\\/fr\\\/actualite\\\/national\\\/le-syndicat-des-bouchers-veut-annuler-la-celebration-de-l-aid-al-idha\\\/202770\\\/\"]}]},{\"@type\":\"ImageObject\",\"inLanguage\":\"fr-FR\",\"@id\":\"https:\\\/\\\/www.webdo.tn\\\/fr\\\/actualite\\\/national\\\/le-syndicat-des-bouchers-veut-annuler-la-celebration-de-l-aid-al-idha\\\/202770\\\/#primaryimage\",\"url\":\"https:\\\/\\\/www.webdo.tn\\\/fr\\\/wp-content\\\/uploads\\\/2023\\\/02\\\/4d8e4be8eacf351cc83f9c3ba18d4e12.jpg\",\"contentUrl\":\"https:\\\/\\\/www.webdo.tn\\\/fr\\\/wp-content\\\/uploads\\\/2023\\\/02\\\/4d8e4be8eacf351cc83f9c3ba18d4e12.jpg\",\"width\":567,\"height\":302,\"caption\":\"Le syndicat des bouchers veut annuler la c\u00e9l\u00e9bration de l'A\u00efd Al Idha\"},{\"@type\":\"BreadcrumbList\",\"@id\":\"https:\\\/\\\/www.webdo.tn\\\/fr\\\/actualite\\\/national\\\/le-syndicat-des-bouchers-veut-annuler-la-celebration-de-l-aid-al-idha\\\/202770\\\/#breadcrumb\",\"itemListElement\":[{\"@type\":\"ListItem\",\"position\":1,\"name\":\"Accueil\",\"item\":\"https:\\\/\\\/www.webdo.tn\\\/fr\\\/\"},{\"@type\":\"ListItem\",\"position\":2,\"name\":\"Le syndicat des bouchers veut annuler la c\u00e9l\u00e9bration de l&rsquo;A\u00efd Al Idha\"}]},{\"@type\":\"WebSite\",\"@id\":\"https:\\\/\\\/www.webdo.tn\\\/fr\\\/#website\",\"url\":\"https:\\\/\\\/www.webdo.tn\\\/fr\\\/\",\"name\":\"webdo\",\"description\":\"Tunisie - News en Tunisie et \u00e0 l&#039;international sur Webdo.tn\",\"publisher\":{\"@id\":\"https:\\\/\\\/www.webdo.tn\\\/fr\\\/#organization\"},\"potentialAction\":[{\"@type\":\"SearchAction\",\"target\":{\"@type\":\"EntryPoint\",\"urlTemplate\":\"https:\\\/\\\/www.webdo.tn\\\/fr\\\/?s={search_term_string}\"},\"query-input\":{\"@type\":\"PropertyValueSpecification\",\"valueRequired\":true,\"valueName\":\"search_term_string\"}}],\"inLanguage\":\"fr-FR\"},{\"@type\":\"Organization\",\"@id\":\"https:\\\/\\\/www.webdo.tn\\\/fr\\\/#organization\",\"name\":\"Webdo\",\"alternateName\":\"Webdo.tn\",\"url\":\"https:\\\/\\\/www.webdo.tn\\\/fr\\\/\",\"logo\":{\"@type\":\"ImageObject\",\"inLanguage\":\"fr-FR\",\"@id\":\"https:\\\/\\\/www.webdo.tn\\\/fr\\\/#\\\/schema\\\/logo\\\/image\\\/\",\"url\":\"https:\\\/\\\/www.webdo.tn\\\/fr\\\/wp-content\\\/uploads\\\/2025\\\/06\\\/Webdo-Tunisie_168377.jpg\",\"contentUrl\":\"https:\\\/\\\/www.webdo.tn\\\/fr\\\/wp-content\\\/uploads\\\/2025\\\/06\\\/Webdo-Tunisie_168377.jpg\",\"width\":301,\"height\":301,\"caption\":\"Webdo\"},\"image\":{\"@id\":\"https:\\\/\\\/www.webdo.tn\\\/fr\\\/#\\\/schema\\\/logo\\\/image\\\/\"},\"sameAs\":[\"https:\\\/\\\/www.facebook.com\\\/webdotn\",\"https:\\\/\\\/x.com\\\/webdo_tn\"],\"description\":\"Webdo est un m\u00e9dia num\u00e9rique tunisien fond\u00e9 en 2010, sp\u00e9cialis\u00e9 dans l\u2019actualit\u00e9 nationale et internationale, l\u2019\u00e9conomie, la soci\u00e9t\u00e9 et les analyses politiques. Le site s\u2019adresse \u00e0 un large public francophone et couvre l\u2019information tunisienne en temps r\u00e9el.\",\"email\":\"redac@webdo.tn\",\"legalName\":\"YNJ SARL\",\"foundingDate\":\"2010-09-06\",\"numberOfEmployees\":{\"@type\":\"QuantitativeValue\",\"minValue\":\"11\",\"maxValue\":\"50\"}},{\"@type\":\"Person\",\"@id\":\"https:\\\/\\\/www.webdo.tn\\\/fr\\\/#\\\/schema\\\/person\\\/2c4929cbf5a809e3bd38617c6ce150f6\",\"name\":\"MC\",\"image\":{\"@type\":\"ImageObject\",\"inLanguage\":\"fr-FR\",\"@id\":\"https:\\\/\\\/secure.gravatar.com\\\/avatar\\\/a545bbb6f84efdd5553dbbc2895e3ca8f1d12c5215e00a041c9670b54aa9b18a?s=96&d=mm&r=g\",\"url\":\"https:\\\/\\\/secure.gravatar.com\\\/avatar\\\/a545bbb6f84efdd5553dbbc2895e3ca8f1d12c5215e00a041c9670b54aa9b18a?s=96&d=mm&r=g\",\"contentUrl\":\"https:\\\/\\\/secure.gravatar.com\\\/avatar\\\/a545bbb6f84efdd5553dbbc2895e3ca8f1d12c5215e00a041c9670b54aa9b18a?s=96&d=mm&r=g\",\"caption\":\"MC\"},\"url\":\"https:\\\/\\\/www.webdo.tn\\\/fr\\\/actualite\\\/author\\\/mc\\\/\"}]}<\/script>\n<!-- \/ Yoast SEO Premium plugin. -->","yoast_head_json":{"title":"Le syndicat des bouchers veut annuler la c\u00e9l\u00e9bration de l'A\u00efd Al Idha","description":"La Chambre syndicale nationale des bouchers a lanc\u00e9 un appel, aujourd\u2019hui, par la voix de son pr\u00e9sident Ahmed Laamiri revendiquant l\u2019annulation de la c\u00e9l\u00e9bratio...","canonical":"https:\/\/www.webdo.tn\/fr\/actualite\/national\/le-syndicat-des-bouchers-veut-annuler-la-celebration-de-l-aid-al-idha\/202770\/","og_locale":"fr_FR","og_type":"article","og_title":"Le syndicat des bouchers veut annuler la c\u00e9l\u00e9bration de l'A\u00efd Al Idha","og_description":"La Chambre syndicale nationale des bouchers a lanc\u00e9 un appel, aujourd\u2019hui, par la voix de son pr\u00e9sident Ahmed Laamiri revendiquant l\u2019annulation de la c\u00e9l\u00e9bratio...","og_url":"https:\/\/www.webdo.tn\/fr\/actualite\/national\/le-syndicat-des-bouchers-veut-annuler-la-celebration-de-l-aid-al-idha\/202770\/","og_site_name":"webdo","article_publisher":"https:\/\/www.facebook.com\/webdotn","article_published_time":"2023-02-10T09:40:00+00:00","article_modified_time":"2025-06-04T18:06:18+00:00","og_image":[{"width":567,"height":302,"url":"https:\/\/www.webdo.tn\/fr\/wp-content\/uploads\/2023\/02\/4d8e4be8eacf351cc83f9c3ba18d4e12.jpg","type":"image\/jpeg"}],"author":"MC","twitter_card":"summary_large_image","twitter_creator":"@webdo_tn","twitter_site":"@webdo_tn","twitter_misc":{"\u00c9crit par":"MC","Dur\u00e9e de lecture estim\u00e9e":"1 minute"},"schema":{"@context":"https:\/\/schema.org","@graph":[{"@type":"NewsArticle","@id":"https:\/\/www.webdo.tn\/fr\/actualite\/national\/le-syndicat-des-bouchers-veut-annuler-la-celebration-de-l-aid-al-idha\/202770\/#article","isPartOf":{"@id":"https:\/\/www.webdo.tn\/fr\/actualite\/national\/le-syndicat-des-bouchers-veut-annuler-la-celebration-de-l-aid-al-idha\/202770\/"},"author":{"name":"MC","@id":"https:\/\/www.webdo.tn\/fr\/#\/schema\/person\/2c4929cbf5a809e3bd38617c6ce150f6"},"headline":"Le syndicat des bouchers veut annuler la c\u00e9l\u00e9bration de l&rsquo;A\u00efd Al Idha","datePublished":"2023-02-10T09:40:00+00:00","dateModified":"2025-06-04T18:06:18+00:00","mainEntityOfPage":{"@id":"https:\/\/www.webdo.tn\/fr\/actualite\/national\/le-syndicat-des-bouchers-veut-annuler-la-celebration-de-l-aid-al-idha\/202770\/"},"wordCount":218,"commentCount":0,"publisher":{"@id":"https:\/\/www.webdo.tn\/fr\/#organization"},"image":{"@id":"https:\/\/www.webdo.tn\/fr\/actualite\/national\/le-syndicat-des-bouchers-veut-annuler-la-celebration-de-l-aid-al-idha\/202770\/#primaryimage"},"thumbnailUrl":"https:\/\/www.webdo.tn\/fr\/wp-content\/uploads\/2023\/02\/4d8e4be8eacf351cc83f9c3ba18d4e12.jpg","keywords":["aid el idha","c\u00e9l\u00e9bration","viande"],"articleSection":["National"],"inLanguage":"fr-FR"},{"@type":"WebPage","@id":"https:\/\/www.webdo.tn\/fr\/actualite\/national\/le-syndicat-des-bouchers-veut-annuler-la-celebration-de-l-aid-al-idha\/202770\/","url":"https:\/\/www.webdo.tn\/fr\/actualite\/national\/le-syndicat-des-bouchers-veut-annuler-la-celebration-de-l-aid-al-idha\/202770\/","name":"Le syndicat des bouchers veut annuler la c\u00e9l\u00e9bration de l'A\u00efd Al Idha","isPartOf":{"@id":"https:\/\/www.webdo.tn\/fr\/#website"},"primaryImageOfPage":{"@id":"https:\/\/www.webdo.tn\/fr\/actualite\/national\/le-syndicat-des-bouchers-veut-annuler-la-celebration-de-l-aid-al-idha\/202770\/#primaryimage"},"image":{"@id":"https:\/\/www.webdo.tn\/fr\/actualite\/national\/le-syndicat-des-bouchers-veut-annuler-la-celebration-de-l-aid-al-idha\/202770\/#primaryimage"},"thumbnailUrl":"https:\/\/www.webdo.tn\/fr\/wp-content\/uploads\/2023\/02\/4d8e4be8eacf351cc83f9c3ba18d4e12.jpg","datePublished":"2023-02-10T09:40:00+00:00","dateModified":"2025-06-04T18:06:18+00:00","description":"La Chambre syndicale nationale des bouchers a lanc\u00e9 un appel, aujourd\u2019hui, par la voix de son pr\u00e9sident Ahmed Laamiri revendiquant l\u2019annulation de la c\u00e9l\u00e9bratio...","breadcrumb":{"@id":"https:\/\/www.webdo.tn\/fr\/actualite\/national\/le-syndicat-des-bouchers-veut-annuler-la-celebration-de-l-aid-al-idha\/202770\/#breadcrumb"},"inLanguage":"fr-FR","potentialAction":[{"@type":"ReadAction","target":["https:\/\/www.webdo.tn\/fr\/actualite\/national\/le-syndicat-des-bouchers-veut-annuler-la-celebration-de-l-aid-al-idha\/202770\/"]}]},{"@type":"ImageObject","inLanguage":"fr-FR","@id":"https:\/\/www.webdo.tn\/fr\/actualite\/national\/le-syndicat-des-bouchers-veut-annuler-la-celebration-de-l-aid-al-idha\/202770\/#primaryimage","url":"https:\/\/www.webdo.tn\/fr\/wp-content\/uploads\/2023\/02\/4d8e4be8eacf351cc83f9c3ba18d4e12.jpg","contentUrl":"https:\/\/www.webdo.tn\/fr\/wp-content\/uploads\/2023\/02\/4d8e4be8eacf351cc83f9c3ba18d4e12.jpg","width":567,"height":302,"caption":"Le syndicat des bouchers veut annuler la c\u00e9l\u00e9bration de l'A\u00efd Al Idha"},{"@type":"BreadcrumbList","@id":"https:\/\/www.webdo.tn\/fr\/actualite\/national\/le-syndicat-des-bouchers-veut-annuler-la-celebration-de-l-aid-al-idha\/202770\/#breadcrumb","itemListElement":[{"@type":"ListItem","position":1,"name":"Accueil","item":"https:\/\/www.webdo.tn\/fr\/"},{"@type":"ListItem","position":2,"name":"Le syndicat des bouchers veut annuler la c\u00e9l\u00e9bration de l&rsquo;A\u00efd Al Idha"}]},{"@type":"WebSite","@id":"https:\/\/www.webdo.tn\/fr\/#website","url":"https:\/\/www.webdo.tn\/fr\/","name":"webdo","description":"Tunisie - News en Tunisie et \u00e0 l&#039;international sur Webdo.tn","publisher":{"@id":"https:\/\/www.webdo.tn\/fr\/#organization"},"potentialAction":[{"@type":"SearchAction","target":{"@type":"EntryPoint","urlTemplate":"https:\/\/www.webdo.tn\/fr\/?s={search_term_string}"},"query-input":{"@type":"PropertyValueSpecification","valueRequired":true,"valueName":"search_term_string"}}],"inLanguage":"fr-FR"},{"@type":"Organization","@id":"https:\/\/www.webdo.tn\/fr\/#organization","name":"Webdo","alternateName":"Webdo.tn","url":"https:\/\/www.webdo.tn\/fr\/","logo":{"@type":"ImageObject","inLanguage":"fr-FR","@id":"https:\/\/www.webdo.tn\/fr\/#\/schema\/logo\/image\/","url":"https:\/\/www.webdo.tn\/fr\/wp-content\/uploads\/2025\/06\/Webdo-Tunisie_168377.jpg","contentUrl":"https:\/\/www.webdo.tn\/fr\/wp-content\/uploads\/2025\/06\/Webdo-Tunisie_168377.jpg","width":301,"height":301,"caption":"Webdo"},"image":{"@id":"https:\/\/www.webdo.tn\/fr\/#\/schema\/logo\/image\/"},"sameAs":["https:\/\/www.facebook.com\/webdotn","https:\/\/x.com\/webdo_tn"],"description":"Webdo est un m\u00e9dia num\u00e9rique tunisien fond\u00e9 en 2010, sp\u00e9cialis\u00e9 dans l\u2019actualit\u00e9 nationale et internationale, l\u2019\u00e9conomie, la soci\u00e9t\u00e9 et les analyses politiques. Le site s\u2019adresse \u00e0 un large public francophone et couvre l\u2019information tunisienne en temps r\u00e9el.","email":"redac@webdo.tn","legalName":"YNJ SARL","foundingDate":"2010-09-06","numberOfEmployees":{"@type":"QuantitativeValue","minValue":"11","maxValue":"50"}},{"@type":"Person","@id":"https:\/\/www.webdo.tn\/fr\/#\/schema\/person\/2c4929cbf5a809e3bd38617c6ce150f6","name":"MC","image":{"@type":"ImageObject","inLanguage":"fr-FR","@id":"https:\/\/secure.gravatar.com\/avatar\/a545bbb6f84efdd5553dbbc2895e3ca8f1d12c5215e00a041c9670b54aa9b18a?s=96&d=mm&r=g","url":"https:\/\/secure.gravatar.com\/avatar\/a545bbb6f84efdd5553dbbc2895e3ca8f1d12c5215e00a041c9670b54aa9b18a?s=96&d=mm&r=g","contentUrl":"https:\/\/secure.gravatar.com\/avatar\/a545bbb6f84efdd5553dbbc2895e3ca8f1d12c5215e00a041c9670b54aa9b18a?s=96&d=mm&r=g","caption":"MC"},"url":"https:\/\/www.webdo.tn\/fr\/actualite\/author\/mc\/"}]}},"_links":{"self":[{"href":"https:\/\/www.webdo.tn\/fr\/wp-json\/wp\/v2\/posts\/202770","targetHints":{"allow":["GET"]}}],"collection":[{"href":"https:\/\/www.webdo.tn\/fr\/wp-json\/wp\/v2\/posts"}],"about":[{"href":"https:\/\/www.webdo.tn\/fr\/wp-json\/wp\/v2\/types\/post"}],"author":[{"embeddable":true,"href":"https:\/\/www.webdo.tn\/fr\/wp-json\/wp\/v2\/users\/3162"}],"replies":[{"embeddable":true,"href":"https:\/\/www.webdo.tn\/fr\/wp-json\/wp\/v2\/comments?post=202770"}],"version-history":[{"count":0,"href":"https:\/\/www.webdo.tn\/fr\/wp-json\/wp\/v2\/posts\/202770\/revisions"}],"wp:featuredmedia":[{"embeddable":true,"href":"https:\/\/www.webdo.tn\/fr\/wp-json\/wp\/v2\/media\/348155"}],"wp:attachment":[{"href":"https:\/\/www.webdo.tn\/fr\/wp-json\/wp\/v2\/media?parent=202770"}],"wp:term":[{"taxonomy":"category","embeddable":true,"href":"https:\/\/www.webdo.tn\/fr\/wp-json\/wp\/v2\/categories?post=202770"},{"taxonomy":"post_tag","embeddable":true,"href":"https:\/\/www.webdo.tn\/fr\/wp-json\/wp\/v2\/tags?post=202770"}],"curies":[{"name":"wp","href":"https:\/\/api.w.org\/{rel}","templated":true}]}}