{"id":202764,"date":"2023-02-10T08:44:00","date_gmt":"2023-02-10T08:44:00","guid":{"rendered":"https:\/\/www.webdo.tn\/fr\/blog\/seisme-en-turquie-et-en-syrie-plus-de-21-700-morts\/202764\/"},"modified":"2025-05-20T22:02:39","modified_gmt":"2025-05-20T22:02:39","slug":"seisme-en-turquie-et-en-syrie-plus-de-21-700-morts","status":"publish","type":"post","link":"https:\/\/www.webdo.tn\/fr\/actualite\/international\/seisme-en-turquie-et-en-syrie-plus-de-21-700-morts\/202764\/","title":{"rendered":"S\u00e9isme en Turquie et en Syrie : Plus de 21.700 morts !"},"content":{"rendered":"<p>Le bilan des s\u00e9ismes qui ont frapp\u00e9 la Turquie et la Syrie ne cesse de s&rsquo;alourdir et d\u00e9passait vendredi, quatre jours apr\u00e8s la catastrophe plus de 21.700 morts.<\/p>\n<p>\t\t\t\t\t\t\t\t\tLe nouveau bilan toujours provisoire diffus\u00e9 officiellement fait d\u00e9sormais \u00e9tat de plus de 21.700 victimes mortes dans le s\u00e9isme et ses r\u00e9pliques qui ont touch\u00e9 la Turquie et la Syrie lundi matin.<\/p>\n<p>Selon ce nouveau bilan, quelque 17.134 personnes sont mortes en Turquie et 3162 en Syrie, selon les autorit\u00e9s et des sources m\u00e9dicales, portant, dans un premier temps, \u00e0 20.296 le nombre total de victimes, selon les d\u00e9comptes officiels.<\/p>\n<p>Une premi\u00e8re communication officielle \u00e9mise ce vendredi matin a actualis\u00e9 ce bilan faisant \u00e9tat de 21.000 morts. Le bilan humain a encore \u00e9t\u00e9 rehauss\u00e9 pour atteindre \u00e0 pr\u00e9sent plus de 21.700 victimes.<\/p>\n<p>Ce s\u00e9isme survenu lundi \u00e0 l&rsquo;aube est le pire s\u00e9isme en Turquie depuis celui du 17 ao\u00fbt 1999 qui avait tu\u00e9 17.000 personnes. Depuis pr\u00e8s de 48 heures, le bilan de ce drame ne cesse d&rsquo;augmenter.<\/p>\n<p>Vingt-trois millions de personnes sont \u00ab\u00a0potentiellement expos\u00e9es, dont environ cinq millions de personnes vuln\u00e9rables\u00a0\u00bb, a mis en garde l&rsquo;Organisation mondiale de la sant\u00e9. L&rsquo;OMS avait auparavant dit redouter \u00ab\u00a0des bilans huit fois plus \u00e9lev\u00e9s que les nombres initiaux\u00a0\u00bb.<\/p>\n","protected":false},"excerpt":{"rendered":"<p>Le bilan des s\u00e9ismes qui ont frapp\u00e9 la Turquie et la Syrie ne cesse de s&rsquo;alourdir et d\u00e9passait vendredi, quatre jours apr\u00e8s la catastrophe plus de 21.700 morts.<\/p>\n","protected":false},"author":3162,"featured_media":252258,"comment_status":"open","ping_status":"closed","sticky":false,"template":"","format":"standard","meta":{"footnotes":""},"categories":[2598],"tags":[5941,7271,3504,3550],"class_list":["post-202764","post","type-post","status-publish","format-standard","has-post-thumbnail","hentry","category-international","tag-bilan","tag-seisme","tag-syrie","tag-turquie"],"yoast_head":"<!-- This site is optimized with the Yoast SEO Premium plugin v27.4 (Yoast SEO v27.5) - https:\/\/yoast.com\/product\/yoast-seo-premium-wordpress\/ -->\n<title>S\u00e9isme en Turquie et en Syrie : Plus de 21.700 morts !<\/title>\n<meta name=\"description\" content=\"Le bilan des s\u00e9ismes qui ont frapp\u00e9 la Turquie et la Syrie ne cesse de s&#039;alourdir et d\u00e9passait vendredi, quatre jours apr\u00e8s la catastrophe plus de 21.700 morts.\" \/>\n<link rel=\"canonical\" href=\"https:\/\/www.webdo.tn\/fr\/actualite\/international\/seisme-en-turquie-et-en-syrie-plus-de-21-700-morts\/202764\/\" \/>\n<meta property=\"og:locale\" content=\"fr_FR\" \/>\n<meta property=\"og:type\" content=\"article\" \/>\n<meta property=\"og:title\" content=\"S\u00e9isme en Turquie et en Syrie : Plus de 21.700 morts !\" \/>\n<meta property=\"og:description\" content=\"Le bilan des s\u00e9ismes qui ont frapp\u00e9 la Turquie et la Syrie ne cesse de s&#039;alourdir et d\u00e9passait vendredi, quatre jours apr\u00e8s la catastrophe plus de 21.700 morts.\" \/>\n<meta property=\"og:url\" content=\"https:\/\/www.webdo.tn\/fr\/actualite\/international\/seisme-en-turquie-et-en-syrie-plus-de-21-700-morts\/202764\/\" \/>\n<meta property=\"og:site_name\" content=\"webdo\" \/>\n<meta property=\"article:publisher\" content=\"https:\/\/www.facebook.com\/webdotn\" \/>\n<meta property=\"article:published_time\" content=\"2023-02-10T08:44:00+00:00\" \/>\n<meta property=\"article:modified_time\" content=\"2025-05-20T22:02:39+00:00\" \/>\n<meta property=\"og:image\" content=\"https:\/\/www.webdo.tn\/fr\/wp-content\/uploads\/2023\/02\/6701667a355ec6bdcbb85762013f50c9.jpg\" \/>\n\t<meta property=\"og:image:width\" content=\"750\" \/>\n\t<meta property=\"og:image:height\" content=\"400\" \/>\n\t<meta property=\"og:image:type\" content=\"image\/jpeg\" \/>\n<meta name=\"author\" content=\"MC\" \/>\n<meta name=\"twitter:card\" content=\"summary_large_image\" \/>\n<meta name=\"twitter:creator\" content=\"@webdo_tn\" \/>\n<meta name=\"twitter:site\" content=\"@webdo_tn\" \/>\n<meta name=\"twitter:label1\" content=\"\u00c9crit par\" \/>\n\t<meta name=\"twitter:data1\" content=\"MC\" \/>\n\t<meta name=\"twitter:label2\" content=\"Dur\u00e9e de lecture estim\u00e9e\" \/>\n\t<meta name=\"twitter:data2\" content=\"1 minute\" \/>\n<script type=\"application\/ld+json\" class=\"yoast-schema-graph\">{\"@context\":\"https:\\\/\\\/schema.org\",\"@graph\":[{\"@type\":\"NewsArticle\",\"@id\":\"https:\\\/\\\/www.webdo.tn\\\/fr\\\/actualite\\\/international\\\/seisme-en-turquie-et-en-syrie-plus-de-21-700-morts\\\/202764\\\/#article\",\"isPartOf\":{\"@id\":\"https:\\\/\\\/www.webdo.tn\\\/fr\\\/actualite\\\/international\\\/seisme-en-turquie-et-en-syrie-plus-de-21-700-morts\\\/202764\\\/\"},\"author\":{\"name\":\"MC\",\"@id\":\"https:\\\/\\\/www.webdo.tn\\\/fr\\\/#\\\/schema\\\/person\\\/2c4929cbf5a809e3bd38617c6ce150f6\"},\"headline\":\"S\u00e9isme en Turquie et en Syrie : Plus de 21.700 morts !\",\"datePublished\":\"2023-02-10T08:44:00+00:00\",\"dateModified\":\"2025-05-20T22:02:39+00:00\",\"mainEntityOfPage\":{\"@id\":\"https:\\\/\\\/www.webdo.tn\\\/fr\\\/actualite\\\/international\\\/seisme-en-turquie-et-en-syrie-plus-de-21-700-morts\\\/202764\\\/\"},\"wordCount\":223,\"commentCount\":0,\"publisher\":{\"@id\":\"https:\\\/\\\/www.webdo.tn\\\/fr\\\/#organization\"},\"image\":{\"@id\":\"https:\\\/\\\/www.webdo.tn\\\/fr\\\/actualite\\\/international\\\/seisme-en-turquie-et-en-syrie-plus-de-21-700-morts\\\/202764\\\/#primaryimage\"},\"thumbnailUrl\":\"https:\\\/\\\/www.webdo.tn\\\/fr\\\/wp-content\\\/uploads\\\/2023\\\/02\\\/6701667a355ec6bdcbb85762013f50c9.jpg\",\"keywords\":[\"bilan\",\"s\u00e9isme\",\"syrie\",\"Turquie\"],\"articleSection\":[\"International\"],\"inLanguage\":\"fr-FR\"},{\"@type\":\"WebPage\",\"@id\":\"https:\\\/\\\/www.webdo.tn\\\/fr\\\/actualite\\\/international\\\/seisme-en-turquie-et-en-syrie-plus-de-21-700-morts\\\/202764\\\/\",\"url\":\"https:\\\/\\\/www.webdo.tn\\\/fr\\\/actualite\\\/international\\\/seisme-en-turquie-et-en-syrie-plus-de-21-700-morts\\\/202764\\\/\",\"name\":\"S\u00e9isme en Turquie et en Syrie : Plus de 21.700 morts !\",\"isPartOf\":{\"@id\":\"https:\\\/\\\/www.webdo.tn\\\/fr\\\/#website\"},\"primaryImageOfPage\":{\"@id\":\"https:\\\/\\\/www.webdo.tn\\\/fr\\\/actualite\\\/international\\\/seisme-en-turquie-et-en-syrie-plus-de-21-700-morts\\\/202764\\\/#primaryimage\"},\"image\":{\"@id\":\"https:\\\/\\\/www.webdo.tn\\\/fr\\\/actualite\\\/international\\\/seisme-en-turquie-et-en-syrie-plus-de-21-700-morts\\\/202764\\\/#primaryimage\"},\"thumbnailUrl\":\"https:\\\/\\\/www.webdo.tn\\\/fr\\\/wp-content\\\/uploads\\\/2023\\\/02\\\/6701667a355ec6bdcbb85762013f50c9.jpg\",\"datePublished\":\"2023-02-10T08:44:00+00:00\",\"dateModified\":\"2025-05-20T22:02:39+00:00\",\"description\":\"Le bilan des s\u00e9ismes qui ont frapp\u00e9 la Turquie et la Syrie ne cesse de s'alourdir et d\u00e9passait vendredi, quatre jours apr\u00e8s la catastrophe plus de 21.700 morts.\",\"breadcrumb\":{\"@id\":\"https:\\\/\\\/www.webdo.tn\\\/fr\\\/actualite\\\/international\\\/seisme-en-turquie-et-en-syrie-plus-de-21-700-morts\\\/202764\\\/#breadcrumb\"},\"inLanguage\":\"fr-FR\",\"potentialAction\":[{\"@type\":\"ReadAction\",\"target\":[\"https:\\\/\\\/www.webdo.tn\\\/fr\\\/actualite\\\/international\\\/seisme-en-turquie-et-en-syrie-plus-de-21-700-morts\\\/202764\\\/\"]}]},{\"@type\":\"ImageObject\",\"inLanguage\":\"fr-FR\",\"@id\":\"https:\\\/\\\/www.webdo.tn\\\/fr\\\/actualite\\\/international\\\/seisme-en-turquie-et-en-syrie-plus-de-21-700-morts\\\/202764\\\/#primaryimage\",\"url\":\"https:\\\/\\\/www.webdo.tn\\\/fr\\\/wp-content\\\/uploads\\\/2023\\\/02\\\/6701667a355ec6bdcbb85762013f50c9.jpg\",\"contentUrl\":\"https:\\\/\\\/www.webdo.tn\\\/fr\\\/wp-content\\\/uploads\\\/2023\\\/02\\\/6701667a355ec6bdcbb85762013f50c9.jpg\",\"width\":750,\"height\":400,\"caption\":\"S\u00e9isme en Turquie et en Syrie : Plus de 21.700 morts !\"},{\"@type\":\"BreadcrumbList\",\"@id\":\"https:\\\/\\\/www.webdo.tn\\\/fr\\\/actualite\\\/international\\\/seisme-en-turquie-et-en-syrie-plus-de-21-700-morts\\\/202764\\\/#breadcrumb\",\"itemListElement\":[{\"@type\":\"ListItem\",\"position\":1,\"name\":\"Accueil\",\"item\":\"https:\\\/\\\/www.webdo.tn\\\/fr\\\/\"},{\"@type\":\"ListItem\",\"position\":2,\"name\":\"S\u00e9isme en Turquie et en Syrie : Plus de 21.700 morts !\"}]},{\"@type\":\"WebSite\",\"@id\":\"https:\\\/\\\/www.webdo.tn\\\/fr\\\/#website\",\"url\":\"https:\\\/\\\/www.webdo.tn\\\/fr\\\/\",\"name\":\"webdo\",\"description\":\"Tunisie - News en Tunisie et \u00e0 l&#039;international sur Webdo.tn\",\"publisher\":{\"@id\":\"https:\\\/\\\/www.webdo.tn\\\/fr\\\/#organization\"},\"potentialAction\":[{\"@type\":\"SearchAction\",\"target\":{\"@type\":\"EntryPoint\",\"urlTemplate\":\"https:\\\/\\\/www.webdo.tn\\\/fr\\\/?s={search_term_string}\"},\"query-input\":{\"@type\":\"PropertyValueSpecification\",\"valueRequired\":true,\"valueName\":\"search_term_string\"}}],\"inLanguage\":\"fr-FR\"},{\"@type\":\"Organization\",\"@id\":\"https:\\\/\\\/www.webdo.tn\\\/fr\\\/#organization\",\"name\":\"Webdo\",\"alternateName\":\"Webdo.tn\",\"url\":\"https:\\\/\\\/www.webdo.tn\\\/fr\\\/\",\"logo\":{\"@type\":\"ImageObject\",\"inLanguage\":\"fr-FR\",\"@id\":\"https:\\\/\\\/www.webdo.tn\\\/fr\\\/#\\\/schema\\\/logo\\\/image\\\/\",\"url\":\"https:\\\/\\\/www.webdo.tn\\\/fr\\\/wp-content\\\/uploads\\\/2025\\\/06\\\/Webdo-Tunisie_168377.jpg\",\"contentUrl\":\"https:\\\/\\\/www.webdo.tn\\\/fr\\\/wp-content\\\/uploads\\\/2025\\\/06\\\/Webdo-Tunisie_168377.jpg\",\"width\":301,\"height\":301,\"caption\":\"Webdo\"},\"image\":{\"@id\":\"https:\\\/\\\/www.webdo.tn\\\/fr\\\/#\\\/schema\\\/logo\\\/image\\\/\"},\"sameAs\":[\"https:\\\/\\\/www.facebook.com\\\/webdotn\",\"https:\\\/\\\/x.com\\\/webdo_tn\"],\"description\":\"Webdo est un m\u00e9dia num\u00e9rique tunisien fond\u00e9 en 2010, sp\u00e9cialis\u00e9 dans l\u2019actualit\u00e9 nationale et internationale, l\u2019\u00e9conomie, la soci\u00e9t\u00e9 et les analyses politiques. Le site s\u2019adresse \u00e0 un large public francophone et couvre l\u2019information tunisienne en temps r\u00e9el.\",\"email\":\"redac@webdo.tn\",\"legalName\":\"YNJ SARL\",\"foundingDate\":\"2010-09-06\",\"numberOfEmployees\":{\"@type\":\"QuantitativeValue\",\"minValue\":\"11\",\"maxValue\":\"50\"}},{\"@type\":\"Person\",\"@id\":\"https:\\\/\\\/www.webdo.tn\\\/fr\\\/#\\\/schema\\\/person\\\/2c4929cbf5a809e3bd38617c6ce150f6\",\"name\":\"MC\",\"image\":{\"@type\":\"ImageObject\",\"inLanguage\":\"fr-FR\",\"@id\":\"https:\\\/\\\/secure.gravatar.com\\\/avatar\\\/a545bbb6f84efdd5553dbbc2895e3ca8f1d12c5215e00a041c9670b54aa9b18a?s=96&d=mm&r=g\",\"url\":\"https:\\\/\\\/secure.gravatar.com\\\/avatar\\\/a545bbb6f84efdd5553dbbc2895e3ca8f1d12c5215e00a041c9670b54aa9b18a?s=96&d=mm&r=g\",\"contentUrl\":\"https:\\\/\\\/secure.gravatar.com\\\/avatar\\\/a545bbb6f84efdd5553dbbc2895e3ca8f1d12c5215e00a041c9670b54aa9b18a?s=96&d=mm&r=g\",\"caption\":\"MC\"},\"url\":\"https:\\\/\\\/www.webdo.tn\\\/fr\\\/actualite\\\/author\\\/mc\\\/\"}]}<\/script>\n<!-- \/ Yoast SEO Premium plugin. -->","yoast_head_json":{"title":"S\u00e9isme en Turquie et en Syrie : Plus de 21.700 morts !","description":"Le bilan des s\u00e9ismes qui ont frapp\u00e9 la Turquie et la Syrie ne cesse de s'alourdir et d\u00e9passait vendredi, quatre jours apr\u00e8s la catastrophe plus de 21.700 morts.","canonical":"https:\/\/www.webdo.tn\/fr\/actualite\/international\/seisme-en-turquie-et-en-syrie-plus-de-21-700-morts\/202764\/","og_locale":"fr_FR","og_type":"article","og_title":"S\u00e9isme en Turquie et en Syrie : Plus de 21.700 morts !","og_description":"Le bilan des s\u00e9ismes qui ont frapp\u00e9 la Turquie et la Syrie ne cesse de s'alourdir et d\u00e9passait vendredi, quatre jours apr\u00e8s la catastrophe plus de 21.700 morts.","og_url":"https:\/\/www.webdo.tn\/fr\/actualite\/international\/seisme-en-turquie-et-en-syrie-plus-de-21-700-morts\/202764\/","og_site_name":"webdo","article_publisher":"https:\/\/www.facebook.com\/webdotn","article_published_time":"2023-02-10T08:44:00+00:00","article_modified_time":"2025-05-20T22:02:39+00:00","og_image":[{"width":750,"height":400,"url":"https:\/\/www.webdo.tn\/fr\/wp-content\/uploads\/2023\/02\/6701667a355ec6bdcbb85762013f50c9.jpg","type":"image\/jpeg"}],"author":"MC","twitter_card":"summary_large_image","twitter_creator":"@webdo_tn","twitter_site":"@webdo_tn","twitter_misc":{"\u00c9crit par":"MC","Dur\u00e9e de lecture estim\u00e9e":"1 minute"},"schema":{"@context":"https:\/\/schema.org","@graph":[{"@type":"NewsArticle","@id":"https:\/\/www.webdo.tn\/fr\/actualite\/international\/seisme-en-turquie-et-en-syrie-plus-de-21-700-morts\/202764\/#article","isPartOf":{"@id":"https:\/\/www.webdo.tn\/fr\/actualite\/international\/seisme-en-turquie-et-en-syrie-plus-de-21-700-morts\/202764\/"},"author":{"name":"MC","@id":"https:\/\/www.webdo.tn\/fr\/#\/schema\/person\/2c4929cbf5a809e3bd38617c6ce150f6"},"headline":"S\u00e9isme en Turquie et en Syrie : Plus de 21.700 morts !","datePublished":"2023-02-10T08:44:00+00:00","dateModified":"2025-05-20T22:02:39+00:00","mainEntityOfPage":{"@id":"https:\/\/www.webdo.tn\/fr\/actualite\/international\/seisme-en-turquie-et-en-syrie-plus-de-21-700-morts\/202764\/"},"wordCount":223,"commentCount":0,"publisher":{"@id":"https:\/\/www.webdo.tn\/fr\/#organization"},"image":{"@id":"https:\/\/www.webdo.tn\/fr\/actualite\/international\/seisme-en-turquie-et-en-syrie-plus-de-21-700-morts\/202764\/#primaryimage"},"thumbnailUrl":"https:\/\/www.webdo.tn\/fr\/wp-content\/uploads\/2023\/02\/6701667a355ec6bdcbb85762013f50c9.jpg","keywords":["bilan","s\u00e9isme","syrie","Turquie"],"articleSection":["International"],"inLanguage":"fr-FR"},{"@type":"WebPage","@id":"https:\/\/www.webdo.tn\/fr\/actualite\/international\/seisme-en-turquie-et-en-syrie-plus-de-21-700-morts\/202764\/","url":"https:\/\/www.webdo.tn\/fr\/actualite\/international\/seisme-en-turquie-et-en-syrie-plus-de-21-700-morts\/202764\/","name":"S\u00e9isme en Turquie et en Syrie : Plus de 21.700 morts !","isPartOf":{"@id":"https:\/\/www.webdo.tn\/fr\/#website"},"primaryImageOfPage":{"@id":"https:\/\/www.webdo.tn\/fr\/actualite\/international\/seisme-en-turquie-et-en-syrie-plus-de-21-700-morts\/202764\/#primaryimage"},"image":{"@id":"https:\/\/www.webdo.tn\/fr\/actualite\/international\/seisme-en-turquie-et-en-syrie-plus-de-21-700-morts\/202764\/#primaryimage"},"thumbnailUrl":"https:\/\/www.webdo.tn\/fr\/wp-content\/uploads\/2023\/02\/6701667a355ec6bdcbb85762013f50c9.jpg","datePublished":"2023-02-10T08:44:00+00:00","dateModified":"2025-05-20T22:02:39+00:00","description":"Le bilan des s\u00e9ismes qui ont frapp\u00e9 la Turquie et la Syrie ne cesse de s'alourdir et d\u00e9passait vendredi, quatre jours apr\u00e8s la catastrophe plus de 21.700 morts.","breadcrumb":{"@id":"https:\/\/www.webdo.tn\/fr\/actualite\/international\/seisme-en-turquie-et-en-syrie-plus-de-21-700-morts\/202764\/#breadcrumb"},"inLanguage":"fr-FR","potentialAction":[{"@type":"ReadAction","target":["https:\/\/www.webdo.tn\/fr\/actualite\/international\/seisme-en-turquie-et-en-syrie-plus-de-21-700-morts\/202764\/"]}]},{"@type":"ImageObject","inLanguage":"fr-FR","@id":"https:\/\/www.webdo.tn\/fr\/actualite\/international\/seisme-en-turquie-et-en-syrie-plus-de-21-700-morts\/202764\/#primaryimage","url":"https:\/\/www.webdo.tn\/fr\/wp-content\/uploads\/2023\/02\/6701667a355ec6bdcbb85762013f50c9.jpg","contentUrl":"https:\/\/www.webdo.tn\/fr\/wp-content\/uploads\/2023\/02\/6701667a355ec6bdcbb85762013f50c9.jpg","width":750,"height":400,"caption":"S\u00e9isme en Turquie et en Syrie : Plus de 21.700 morts !"},{"@type":"BreadcrumbList","@id":"https:\/\/www.webdo.tn\/fr\/actualite\/international\/seisme-en-turquie-et-en-syrie-plus-de-21-700-morts\/202764\/#breadcrumb","itemListElement":[{"@type":"ListItem","position":1,"name":"Accueil","item":"https:\/\/www.webdo.tn\/fr\/"},{"@type":"ListItem","position":2,"name":"S\u00e9isme en Turquie et en Syrie : Plus de 21.700 morts !"}]},{"@type":"WebSite","@id":"https:\/\/www.webdo.tn\/fr\/#website","url":"https:\/\/www.webdo.tn\/fr\/","name":"webdo","description":"Tunisie - News en Tunisie et \u00e0 l&#039;international sur Webdo.tn","publisher":{"@id":"https:\/\/www.webdo.tn\/fr\/#organization"},"potentialAction":[{"@type":"SearchAction","target":{"@type":"EntryPoint","urlTemplate":"https:\/\/www.webdo.tn\/fr\/?s={search_term_string}"},"query-input":{"@type":"PropertyValueSpecification","valueRequired":true,"valueName":"search_term_string"}}],"inLanguage":"fr-FR"},{"@type":"Organization","@id":"https:\/\/www.webdo.tn\/fr\/#organization","name":"Webdo","alternateName":"Webdo.tn","url":"https:\/\/www.webdo.tn\/fr\/","logo":{"@type":"ImageObject","inLanguage":"fr-FR","@id":"https:\/\/www.webdo.tn\/fr\/#\/schema\/logo\/image\/","url":"https:\/\/www.webdo.tn\/fr\/wp-content\/uploads\/2025\/06\/Webdo-Tunisie_168377.jpg","contentUrl":"https:\/\/www.webdo.tn\/fr\/wp-content\/uploads\/2025\/06\/Webdo-Tunisie_168377.jpg","width":301,"height":301,"caption":"Webdo"},"image":{"@id":"https:\/\/www.webdo.tn\/fr\/#\/schema\/logo\/image\/"},"sameAs":["https:\/\/www.facebook.com\/webdotn","https:\/\/x.com\/webdo_tn"],"description":"Webdo est un m\u00e9dia num\u00e9rique tunisien fond\u00e9 en 2010, sp\u00e9cialis\u00e9 dans l\u2019actualit\u00e9 nationale et internationale, l\u2019\u00e9conomie, la soci\u00e9t\u00e9 et les analyses politiques. Le site s\u2019adresse \u00e0 un large public francophone et couvre l\u2019information tunisienne en temps r\u00e9el.","email":"redac@webdo.tn","legalName":"YNJ SARL","foundingDate":"2010-09-06","numberOfEmployees":{"@type":"QuantitativeValue","minValue":"11","maxValue":"50"}},{"@type":"Person","@id":"https:\/\/www.webdo.tn\/fr\/#\/schema\/person\/2c4929cbf5a809e3bd38617c6ce150f6","name":"MC","image":{"@type":"ImageObject","inLanguage":"fr-FR","@id":"https:\/\/secure.gravatar.com\/avatar\/a545bbb6f84efdd5553dbbc2895e3ca8f1d12c5215e00a041c9670b54aa9b18a?s=96&d=mm&r=g","url":"https:\/\/secure.gravatar.com\/avatar\/a545bbb6f84efdd5553dbbc2895e3ca8f1d12c5215e00a041c9670b54aa9b18a?s=96&d=mm&r=g","contentUrl":"https:\/\/secure.gravatar.com\/avatar\/a545bbb6f84efdd5553dbbc2895e3ca8f1d12c5215e00a041c9670b54aa9b18a?s=96&d=mm&r=g","caption":"MC"},"url":"https:\/\/www.webdo.tn\/fr\/actualite\/author\/mc\/"}]}},"_links":{"self":[{"href":"https:\/\/www.webdo.tn\/fr\/wp-json\/wp\/v2\/posts\/202764","targetHints":{"allow":["GET"]}}],"collection":[{"href":"https:\/\/www.webdo.tn\/fr\/wp-json\/wp\/v2\/posts"}],"about":[{"href":"https:\/\/www.webdo.tn\/fr\/wp-json\/wp\/v2\/types\/post"}],"author":[{"embeddable":true,"href":"https:\/\/www.webdo.tn\/fr\/wp-json\/wp\/v2\/users\/3162"}],"replies":[{"embeddable":true,"href":"https:\/\/www.webdo.tn\/fr\/wp-json\/wp\/v2\/comments?post=202764"}],"version-history":[{"count":0,"href":"https:\/\/www.webdo.tn\/fr\/wp-json\/wp\/v2\/posts\/202764\/revisions"}],"wp:featuredmedia":[{"embeddable":true,"href":"https:\/\/www.webdo.tn\/fr\/wp-json\/wp\/v2\/media\/252258"}],"wp:attachment":[{"href":"https:\/\/www.webdo.tn\/fr\/wp-json\/wp\/v2\/media?parent=202764"}],"wp:term":[{"taxonomy":"category","embeddable":true,"href":"https:\/\/www.webdo.tn\/fr\/wp-json\/wp\/v2\/categories?post=202764"},{"taxonomy":"post_tag","embeddable":true,"href":"https:\/\/www.webdo.tn\/fr\/wp-json\/wp\/v2\/tags?post=202764"}],"curies":[{"name":"wp","href":"https:\/\/api.w.org\/{rel}","templated":true}]}}