{"id":202757,"date":"2023-02-09T19:45:00","date_gmt":"2023-02-09T19:45:00","guid":{"rendered":"https:\/\/www.webdo.tn\/fr\/blog\/affaire-amira-bouraoui-la-france-repond-a-l-algerie\/202757\/"},"modified":"2025-05-20T22:45:35","modified_gmt":"2025-05-20T22:45:35","slug":"affaire-amira-bouraoui-la-france-repond-a-l-algerie","status":"publish","type":"post","link":"https:\/\/www.webdo.tn\/fr\/actualite\/international\/affaire-amira-bouraoui-la-france-repond-a-l-algerie\/202757\/","title":{"rendered":"Affaire Amira Bouraoui : la France r\u00e9pond \u00e0 l&rsquo;Alg\u00e9rie"},"content":{"rendered":"<p>Arr\u00eat\u00e9e en Tunisie vendredi d&rsquo;o\u00f9 elle risquait d&rsquo;\u00eatre expuls\u00e9e vers l&rsquo;Alg\u00e9rie, la militante politique et journaliste Amira Bouraoui, a finalement pu embarquer lundi soir sur un vol \u00e0 destination de la France. Son cas provoque un \u00e9ni\u00e8me incident diplomatique entre Alger et Paris.<\/p>\n<p>\t\t\t\t\t\t\t\t\tInterrog\u00e9 sur le fait que cette affaire \u00e9tait susceptible de d\u00e9grader les relations bilat\u00e9rales, Fran\u00e7ois Delmas, porte-parole du minist\u00e8re des Affaires \u00e9trang\u00e8res a d\u00e9clar\u00e9: \u00ab\u00a0pour notre part, nous entendons continuer \u00e0 travailler \u00e0 l&rsquo;approfondissement de notre relation bilat\u00e9rale\u00a0\u00bb. Il s&rsquo;est en revanche refus\u00e9 \u00e0 tout commentaire sur le rappel de l&rsquo;ambassadeur alg\u00e9rien, \u00ab\u00a0une d\u00e9cision alg\u00e9rienne qu&rsquo;il ne m&rsquo;appartient pas de commenter\u00a0\u00bb.<\/p>\n<p>Retour sur l\u2019affaire ! Amira Bouraoui, militante franco-alg\u00e9rienne et opposante \u00e0 l\u2019ancien pr\u00e9sident alg\u00e9rien, Abdelaziz Bouteflika est arr\u00eat\u00e9e, vendredi 3 f\u00e9vrier 2023 \u00e0 Tunis et plac\u00e9e en garde \u00e0 vue \u00e0 la direction g\u00e9n\u00e9rale des fronti\u00e8res et des \u00e9trangers.<\/p>\n<p>Elle est accus\u00e9e d\u2019avoir franchi ill\u00e9galement la fronti\u00e8re tunisienne, et est entendue, lundi 6 f\u00e9vrier par la juge en charge de l\u2019affaire au tribunal cantonal de Tunis. Suite \u00e0 cette audition, la juge d\u00e9cide de la relaxer et de reporter l\u2019examen du dossier au 23 f\u00e9vrier.<\/p>\n<p>Apr\u00e8s son audition, Amira Bouraoui est de nouveau interpell\u00e9e par les agents de la police judiciaire et devait evait \u00eatre expuls\u00e9e vers l\u2019Alg\u00e9rie. Elle est lib\u00e9r\u00e9e quelques heures plus-tard et d\u00e9cide alors de prendre un vol pour la France.<\/p>\n","protected":false},"excerpt":{"rendered":"<p>Arr\u00eat\u00e9e en Tunisie vendredi d&rsquo;o\u00f9 elle risquait d&rsquo;\u00eatre expuls\u00e9e vers l&rsquo;Alg\u00e9rie, la militante politique et journaliste Amira Bouraoui, a finalement pu embarquer l&#8230;<\/p>\n","protected":false},"author":3175,"featured_media":252262,"comment_status":"open","ping_status":"closed","sticky":false,"template":"","format":"standard","meta":{"footnotes":""},"categories":[2598],"tags":[2907,8808,2998,2608],"class_list":["post-202757","post","type-post","status-publish","format-standard","has-post-thumbnail","hentry","category-international","tag-algerie","tag-amira-bouraoui","tag-france","tag-tunisie"],"yoast_head":"<!-- This site is optimized with the Yoast SEO Premium plugin v27.5 (Yoast SEO v27.5) - https:\/\/yoast.com\/product\/yoast-seo-premium-wordpress\/ -->\n<title>Affaire Amira Bouraoui : la France r\u00e9pond \u00e0 l&#039;Alg\u00e9rie<\/title>\n<meta name=\"description\" content=\"Arr\u00eat\u00e9e en Tunisie vendredi d&#039;o\u00f9 elle risquait d&#039;\u00eatre expuls\u00e9e vers l&#039;Alg\u00e9rie, la militante politique et journaliste Amira Bouraoui, a finalement pu embarquer l...\" \/>\n<link rel=\"canonical\" href=\"https:\/\/www.webdo.tn\/fr\/actualite\/international\/affaire-amira-bouraoui-la-france-repond-a-l-algerie\/202757\/\" \/>\n<meta property=\"og:locale\" content=\"fr_FR\" \/>\n<meta property=\"og:type\" content=\"article\" \/>\n<meta property=\"og:title\" content=\"Affaire Amira Bouraoui : la France r\u00e9pond \u00e0 l&#039;Alg\u00e9rie\" \/>\n<meta property=\"og:description\" content=\"Arr\u00eat\u00e9e en Tunisie vendredi d&#039;o\u00f9 elle risquait d&#039;\u00eatre expuls\u00e9e vers l&#039;Alg\u00e9rie, la militante politique et journaliste Amira Bouraoui, a finalement pu embarquer l...\" \/>\n<meta property=\"og:url\" content=\"https:\/\/www.webdo.tn\/fr\/actualite\/international\/affaire-amira-bouraoui-la-france-repond-a-l-algerie\/202757\/\" \/>\n<meta property=\"og:site_name\" content=\"webdo\" \/>\n<meta property=\"article:publisher\" content=\"https:\/\/www.facebook.com\/webdotn\" \/>\n<meta property=\"article:published_time\" content=\"2023-02-09T19:45:00+00:00\" \/>\n<meta property=\"article:modified_time\" content=\"2025-05-20T22:45:35+00:00\" \/>\n<meta property=\"og:image\" content=\"https:\/\/www.webdo.tn\/fr\/wp-content\/uploads\/2023\/02\/6ab9afc54de327a0735f9741b1cbb37b.jpg\" \/>\n\t<meta property=\"og:image:width\" content=\"750\" \/>\n\t<meta property=\"og:image:height\" content=\"400\" \/>\n\t<meta property=\"og:image:type\" content=\"image\/jpeg\" \/>\n<meta name=\"author\" content=\"CL\" \/>\n<meta name=\"twitter:card\" content=\"summary_large_image\" \/>\n<meta name=\"twitter:creator\" content=\"@webdo_tn\" \/>\n<meta name=\"twitter:site\" content=\"@webdo_tn\" \/>\n<meta name=\"twitter:label1\" content=\"\u00c9crit par\" \/>\n\t<meta name=\"twitter:data1\" content=\"CL\" \/>\n\t<meta name=\"twitter:label2\" content=\"Dur\u00e9e de lecture estim\u00e9e\" \/>\n\t<meta name=\"twitter:data2\" content=\"1 minute\" \/>\n<script type=\"application\/ld+json\" class=\"yoast-schema-graph\">{\"@context\":\"https:\\\/\\\/schema.org\",\"@graph\":[{\"@type\":\"NewsArticle\",\"@id\":\"https:\\\/\\\/www.webdo.tn\\\/fr\\\/actualite\\\/international\\\/affaire-amira-bouraoui-la-france-repond-a-l-algerie\\\/202757\\\/#article\",\"isPartOf\":{\"@id\":\"https:\\\/\\\/www.webdo.tn\\\/fr\\\/actualite\\\/international\\\/affaire-amira-bouraoui-la-france-repond-a-l-algerie\\\/202757\\\/\"},\"author\":{\"name\":\"CL\",\"@id\":\"https:\\\/\\\/www.webdo.tn\\\/fr\\\/#\\\/schema\\\/person\\\/f35b42a42c5e2511bbd282959d6385cc\"},\"headline\":\"Affaire Amira Bouraoui : la France r\u00e9pond \u00e0 l&rsquo;Alg\u00e9rie\",\"datePublished\":\"2023-02-09T19:45:00+00:00\",\"dateModified\":\"2025-05-20T22:45:35+00:00\",\"mainEntityOfPage\":{\"@id\":\"https:\\\/\\\/www.webdo.tn\\\/fr\\\/actualite\\\/international\\\/affaire-amira-bouraoui-la-france-repond-a-l-algerie\\\/202757\\\/\"},\"wordCount\":276,\"commentCount\":0,\"publisher\":{\"@id\":\"https:\\\/\\\/www.webdo.tn\\\/fr\\\/#organization\"},\"image\":{\"@id\":\"https:\\\/\\\/www.webdo.tn\\\/fr\\\/actualite\\\/international\\\/affaire-amira-bouraoui-la-france-repond-a-l-algerie\\\/202757\\\/#primaryimage\"},\"thumbnailUrl\":\"https:\\\/\\\/www.webdo.tn\\\/fr\\\/wp-content\\\/uploads\\\/2023\\\/02\\\/6ab9afc54de327a0735f9741b1cbb37b.jpg\",\"keywords\":[\"Alg\u00e9rie\",\"amira bouraoui\",\"france\",\"Tunisie\"],\"articleSection\":[\"International\"],\"inLanguage\":\"fr-FR\"},{\"@type\":\"WebPage\",\"@id\":\"https:\\\/\\\/www.webdo.tn\\\/fr\\\/actualite\\\/international\\\/affaire-amira-bouraoui-la-france-repond-a-l-algerie\\\/202757\\\/\",\"url\":\"https:\\\/\\\/www.webdo.tn\\\/fr\\\/actualite\\\/international\\\/affaire-amira-bouraoui-la-france-repond-a-l-algerie\\\/202757\\\/\",\"name\":\"Affaire Amira Bouraoui : la France r\u00e9pond \u00e0 l'Alg\u00e9rie\",\"isPartOf\":{\"@id\":\"https:\\\/\\\/www.webdo.tn\\\/fr\\\/#website\"},\"primaryImageOfPage\":{\"@id\":\"https:\\\/\\\/www.webdo.tn\\\/fr\\\/actualite\\\/international\\\/affaire-amira-bouraoui-la-france-repond-a-l-algerie\\\/202757\\\/#primaryimage\"},\"image\":{\"@id\":\"https:\\\/\\\/www.webdo.tn\\\/fr\\\/actualite\\\/international\\\/affaire-amira-bouraoui-la-france-repond-a-l-algerie\\\/202757\\\/#primaryimage\"},\"thumbnailUrl\":\"https:\\\/\\\/www.webdo.tn\\\/fr\\\/wp-content\\\/uploads\\\/2023\\\/02\\\/6ab9afc54de327a0735f9741b1cbb37b.jpg\",\"datePublished\":\"2023-02-09T19:45:00+00:00\",\"dateModified\":\"2025-05-20T22:45:35+00:00\",\"description\":\"Arr\u00eat\u00e9e en Tunisie vendredi d'o\u00f9 elle risquait d'\u00eatre expuls\u00e9e vers l'Alg\u00e9rie, la militante politique et journaliste Amira Bouraoui, a finalement pu embarquer l...\",\"breadcrumb\":{\"@id\":\"https:\\\/\\\/www.webdo.tn\\\/fr\\\/actualite\\\/international\\\/affaire-amira-bouraoui-la-france-repond-a-l-algerie\\\/202757\\\/#breadcrumb\"},\"inLanguage\":\"fr-FR\",\"potentialAction\":[{\"@type\":\"ReadAction\",\"target\":[\"https:\\\/\\\/www.webdo.tn\\\/fr\\\/actualite\\\/international\\\/affaire-amira-bouraoui-la-france-repond-a-l-algerie\\\/202757\\\/\"]}]},{\"@type\":\"ImageObject\",\"inLanguage\":\"fr-FR\",\"@id\":\"https:\\\/\\\/www.webdo.tn\\\/fr\\\/actualite\\\/international\\\/affaire-amira-bouraoui-la-france-repond-a-l-algerie\\\/202757\\\/#primaryimage\",\"url\":\"https:\\\/\\\/www.webdo.tn\\\/fr\\\/wp-content\\\/uploads\\\/2023\\\/02\\\/6ab9afc54de327a0735f9741b1cbb37b.jpg\",\"contentUrl\":\"https:\\\/\\\/www.webdo.tn\\\/fr\\\/wp-content\\\/uploads\\\/2023\\\/02\\\/6ab9afc54de327a0735f9741b1cbb37b.jpg\",\"width\":750,\"height\":400,\"caption\":\"France Alg\u00e9rie\"},{\"@type\":\"BreadcrumbList\",\"@id\":\"https:\\\/\\\/www.webdo.tn\\\/fr\\\/actualite\\\/international\\\/affaire-amira-bouraoui-la-france-repond-a-l-algerie\\\/202757\\\/#breadcrumb\",\"itemListElement\":[{\"@type\":\"ListItem\",\"position\":1,\"name\":\"Accueil\",\"item\":\"https:\\\/\\\/www.webdo.tn\\\/fr\\\/\"},{\"@type\":\"ListItem\",\"position\":2,\"name\":\"Affaire Amira Bouraoui : la France r\u00e9pond \u00e0 l&rsquo;Alg\u00e9rie\"}]},{\"@type\":\"WebSite\",\"@id\":\"https:\\\/\\\/www.webdo.tn\\\/fr\\\/#website\",\"url\":\"https:\\\/\\\/www.webdo.tn\\\/fr\\\/\",\"name\":\"webdo\",\"description\":\"Tunisie - News en Tunisie et \u00e0 l&#039;international sur Webdo.tn\",\"publisher\":{\"@id\":\"https:\\\/\\\/www.webdo.tn\\\/fr\\\/#organization\"},\"potentialAction\":[{\"@type\":\"SearchAction\",\"target\":{\"@type\":\"EntryPoint\",\"urlTemplate\":\"https:\\\/\\\/www.webdo.tn\\\/fr\\\/?s={search_term_string}\"},\"query-input\":{\"@type\":\"PropertyValueSpecification\",\"valueRequired\":true,\"valueName\":\"search_term_string\"}}],\"inLanguage\":\"fr-FR\"},{\"@type\":\"Organization\",\"@id\":\"https:\\\/\\\/www.webdo.tn\\\/fr\\\/#organization\",\"name\":\"Webdo\",\"alternateName\":\"Webdo.tn\",\"url\":\"https:\\\/\\\/www.webdo.tn\\\/fr\\\/\",\"logo\":{\"@type\":\"ImageObject\",\"inLanguage\":\"fr-FR\",\"@id\":\"https:\\\/\\\/www.webdo.tn\\\/fr\\\/#\\\/schema\\\/logo\\\/image\\\/\",\"url\":\"https:\\\/\\\/www.webdo.tn\\\/fr\\\/wp-content\\\/uploads\\\/2025\\\/06\\\/Webdo-Tunisie_168377.jpg\",\"contentUrl\":\"https:\\\/\\\/www.webdo.tn\\\/fr\\\/wp-content\\\/uploads\\\/2025\\\/06\\\/Webdo-Tunisie_168377.jpg\",\"width\":301,\"height\":301,\"caption\":\"Webdo\"},\"image\":{\"@id\":\"https:\\\/\\\/www.webdo.tn\\\/fr\\\/#\\\/schema\\\/logo\\\/image\\\/\"},\"sameAs\":[\"https:\\\/\\\/www.facebook.com\\\/webdotn\",\"https:\\\/\\\/x.com\\\/webdo_tn\"],\"description\":\"Webdo est un m\u00e9dia num\u00e9rique tunisien fond\u00e9 en 2010, sp\u00e9cialis\u00e9 dans l\u2019actualit\u00e9 nationale et internationale, l\u2019\u00e9conomie, la soci\u00e9t\u00e9 et les analyses politiques. Le site s\u2019adresse \u00e0 un large public francophone et couvre l\u2019information tunisienne en temps r\u00e9el.\",\"email\":\"redac@webdo.tn\",\"legalName\":\"YNJ SARL\",\"foundingDate\":\"2010-09-06\",\"numberOfEmployees\":{\"@type\":\"QuantitativeValue\",\"minValue\":\"11\",\"maxValue\":\"50\"}},{\"@type\":\"Person\",\"@id\":\"https:\\\/\\\/www.webdo.tn\\\/fr\\\/#\\\/schema\\\/person\\\/f35b42a42c5e2511bbd282959d6385cc\",\"name\":\"CL\",\"image\":{\"@type\":\"ImageObject\",\"inLanguage\":\"fr-FR\",\"@id\":\"https:\\\/\\\/secure.gravatar.com\\\/avatar\\\/1447a49909b67aa657c488aec6512e1dd6143a480c1ecfee9b5b5cd74eb3b59e?s=96&d=mm&r=g\",\"url\":\"https:\\\/\\\/secure.gravatar.com\\\/avatar\\\/1447a49909b67aa657c488aec6512e1dd6143a480c1ecfee9b5b5cd74eb3b59e?s=96&d=mm&r=g\",\"contentUrl\":\"https:\\\/\\\/secure.gravatar.com\\\/avatar\\\/1447a49909b67aa657c488aec6512e1dd6143a480c1ecfee9b5b5cd74eb3b59e?s=96&d=mm&r=g\",\"caption\":\"CL\"},\"url\":\"https:\\\/\\\/www.webdo.tn\\\/fr\\\/actualite\\\/author\\\/cl\\\/\"}]}<\/script>\n<!-- \/ Yoast SEO Premium plugin. -->","yoast_head_json":{"title":"Affaire Amira Bouraoui : la France r\u00e9pond \u00e0 l'Alg\u00e9rie","description":"Arr\u00eat\u00e9e en Tunisie vendredi d'o\u00f9 elle risquait d'\u00eatre expuls\u00e9e vers l'Alg\u00e9rie, la militante politique et journaliste Amira Bouraoui, a finalement pu embarquer l...","canonical":"https:\/\/www.webdo.tn\/fr\/actualite\/international\/affaire-amira-bouraoui-la-france-repond-a-l-algerie\/202757\/","og_locale":"fr_FR","og_type":"article","og_title":"Affaire Amira Bouraoui : la France r\u00e9pond \u00e0 l'Alg\u00e9rie","og_description":"Arr\u00eat\u00e9e en Tunisie vendredi d'o\u00f9 elle risquait d'\u00eatre expuls\u00e9e vers l'Alg\u00e9rie, la militante politique et journaliste Amira Bouraoui, a finalement pu embarquer l...","og_url":"https:\/\/www.webdo.tn\/fr\/actualite\/international\/affaire-amira-bouraoui-la-france-repond-a-l-algerie\/202757\/","og_site_name":"webdo","article_publisher":"https:\/\/www.facebook.com\/webdotn","article_published_time":"2023-02-09T19:45:00+00:00","article_modified_time":"2025-05-20T22:45:35+00:00","og_image":[{"width":750,"height":400,"url":"https:\/\/www.webdo.tn\/fr\/wp-content\/uploads\/2023\/02\/6ab9afc54de327a0735f9741b1cbb37b.jpg","type":"image\/jpeg"}],"author":"CL","twitter_card":"summary_large_image","twitter_creator":"@webdo_tn","twitter_site":"@webdo_tn","twitter_misc":{"\u00c9crit par":"CL","Dur\u00e9e de lecture estim\u00e9e":"1 minute"},"schema":{"@context":"https:\/\/schema.org","@graph":[{"@type":"NewsArticle","@id":"https:\/\/www.webdo.tn\/fr\/actualite\/international\/affaire-amira-bouraoui-la-france-repond-a-l-algerie\/202757\/#article","isPartOf":{"@id":"https:\/\/www.webdo.tn\/fr\/actualite\/international\/affaire-amira-bouraoui-la-france-repond-a-l-algerie\/202757\/"},"author":{"name":"CL","@id":"https:\/\/www.webdo.tn\/fr\/#\/schema\/person\/f35b42a42c5e2511bbd282959d6385cc"},"headline":"Affaire Amira Bouraoui : la France r\u00e9pond \u00e0 l&rsquo;Alg\u00e9rie","datePublished":"2023-02-09T19:45:00+00:00","dateModified":"2025-05-20T22:45:35+00:00","mainEntityOfPage":{"@id":"https:\/\/www.webdo.tn\/fr\/actualite\/international\/affaire-amira-bouraoui-la-france-repond-a-l-algerie\/202757\/"},"wordCount":276,"commentCount":0,"publisher":{"@id":"https:\/\/www.webdo.tn\/fr\/#organization"},"image":{"@id":"https:\/\/www.webdo.tn\/fr\/actualite\/international\/affaire-amira-bouraoui-la-france-repond-a-l-algerie\/202757\/#primaryimage"},"thumbnailUrl":"https:\/\/www.webdo.tn\/fr\/wp-content\/uploads\/2023\/02\/6ab9afc54de327a0735f9741b1cbb37b.jpg","keywords":["Alg\u00e9rie","amira bouraoui","france","Tunisie"],"articleSection":["International"],"inLanguage":"fr-FR"},{"@type":"WebPage","@id":"https:\/\/www.webdo.tn\/fr\/actualite\/international\/affaire-amira-bouraoui-la-france-repond-a-l-algerie\/202757\/","url":"https:\/\/www.webdo.tn\/fr\/actualite\/international\/affaire-amira-bouraoui-la-france-repond-a-l-algerie\/202757\/","name":"Affaire Amira Bouraoui : la France r\u00e9pond \u00e0 l'Alg\u00e9rie","isPartOf":{"@id":"https:\/\/www.webdo.tn\/fr\/#website"},"primaryImageOfPage":{"@id":"https:\/\/www.webdo.tn\/fr\/actualite\/international\/affaire-amira-bouraoui-la-france-repond-a-l-algerie\/202757\/#primaryimage"},"image":{"@id":"https:\/\/www.webdo.tn\/fr\/actualite\/international\/affaire-amira-bouraoui-la-france-repond-a-l-algerie\/202757\/#primaryimage"},"thumbnailUrl":"https:\/\/www.webdo.tn\/fr\/wp-content\/uploads\/2023\/02\/6ab9afc54de327a0735f9741b1cbb37b.jpg","datePublished":"2023-02-09T19:45:00+00:00","dateModified":"2025-05-20T22:45:35+00:00","description":"Arr\u00eat\u00e9e en Tunisie vendredi d'o\u00f9 elle risquait d'\u00eatre expuls\u00e9e vers l'Alg\u00e9rie, la militante politique et journaliste Amira Bouraoui, a finalement pu embarquer l...","breadcrumb":{"@id":"https:\/\/www.webdo.tn\/fr\/actualite\/international\/affaire-amira-bouraoui-la-france-repond-a-l-algerie\/202757\/#breadcrumb"},"inLanguage":"fr-FR","potentialAction":[{"@type":"ReadAction","target":["https:\/\/www.webdo.tn\/fr\/actualite\/international\/affaire-amira-bouraoui-la-france-repond-a-l-algerie\/202757\/"]}]},{"@type":"ImageObject","inLanguage":"fr-FR","@id":"https:\/\/www.webdo.tn\/fr\/actualite\/international\/affaire-amira-bouraoui-la-france-repond-a-l-algerie\/202757\/#primaryimage","url":"https:\/\/www.webdo.tn\/fr\/wp-content\/uploads\/2023\/02\/6ab9afc54de327a0735f9741b1cbb37b.jpg","contentUrl":"https:\/\/www.webdo.tn\/fr\/wp-content\/uploads\/2023\/02\/6ab9afc54de327a0735f9741b1cbb37b.jpg","width":750,"height":400,"caption":"France Alg\u00e9rie"},{"@type":"BreadcrumbList","@id":"https:\/\/www.webdo.tn\/fr\/actualite\/international\/affaire-amira-bouraoui-la-france-repond-a-l-algerie\/202757\/#breadcrumb","itemListElement":[{"@type":"ListItem","position":1,"name":"Accueil","item":"https:\/\/www.webdo.tn\/fr\/"},{"@type":"ListItem","position":2,"name":"Affaire Amira Bouraoui : la France r\u00e9pond \u00e0 l&rsquo;Alg\u00e9rie"}]},{"@type":"WebSite","@id":"https:\/\/www.webdo.tn\/fr\/#website","url":"https:\/\/www.webdo.tn\/fr\/","name":"webdo","description":"Tunisie - News en Tunisie et \u00e0 l&#039;international sur Webdo.tn","publisher":{"@id":"https:\/\/www.webdo.tn\/fr\/#organization"},"potentialAction":[{"@type":"SearchAction","target":{"@type":"EntryPoint","urlTemplate":"https:\/\/www.webdo.tn\/fr\/?s={search_term_string}"},"query-input":{"@type":"PropertyValueSpecification","valueRequired":true,"valueName":"search_term_string"}}],"inLanguage":"fr-FR"},{"@type":"Organization","@id":"https:\/\/www.webdo.tn\/fr\/#organization","name":"Webdo","alternateName":"Webdo.tn","url":"https:\/\/www.webdo.tn\/fr\/","logo":{"@type":"ImageObject","inLanguage":"fr-FR","@id":"https:\/\/www.webdo.tn\/fr\/#\/schema\/logo\/image\/","url":"https:\/\/www.webdo.tn\/fr\/wp-content\/uploads\/2025\/06\/Webdo-Tunisie_168377.jpg","contentUrl":"https:\/\/www.webdo.tn\/fr\/wp-content\/uploads\/2025\/06\/Webdo-Tunisie_168377.jpg","width":301,"height":301,"caption":"Webdo"},"image":{"@id":"https:\/\/www.webdo.tn\/fr\/#\/schema\/logo\/image\/"},"sameAs":["https:\/\/www.facebook.com\/webdotn","https:\/\/x.com\/webdo_tn"],"description":"Webdo est un m\u00e9dia num\u00e9rique tunisien fond\u00e9 en 2010, sp\u00e9cialis\u00e9 dans l\u2019actualit\u00e9 nationale et internationale, l\u2019\u00e9conomie, la soci\u00e9t\u00e9 et les analyses politiques. Le site s\u2019adresse \u00e0 un large public francophone et couvre l\u2019information tunisienne en temps r\u00e9el.","email":"redac@webdo.tn","legalName":"YNJ SARL","foundingDate":"2010-09-06","numberOfEmployees":{"@type":"QuantitativeValue","minValue":"11","maxValue":"50"}},{"@type":"Person","@id":"https:\/\/www.webdo.tn\/fr\/#\/schema\/person\/f35b42a42c5e2511bbd282959d6385cc","name":"CL","image":{"@type":"ImageObject","inLanguage":"fr-FR","@id":"https:\/\/secure.gravatar.com\/avatar\/1447a49909b67aa657c488aec6512e1dd6143a480c1ecfee9b5b5cd74eb3b59e?s=96&d=mm&r=g","url":"https:\/\/secure.gravatar.com\/avatar\/1447a49909b67aa657c488aec6512e1dd6143a480c1ecfee9b5b5cd74eb3b59e?s=96&d=mm&r=g","contentUrl":"https:\/\/secure.gravatar.com\/avatar\/1447a49909b67aa657c488aec6512e1dd6143a480c1ecfee9b5b5cd74eb3b59e?s=96&d=mm&r=g","caption":"CL"},"url":"https:\/\/www.webdo.tn\/fr\/actualite\/author\/cl\/"}]}},"_links":{"self":[{"href":"https:\/\/www.webdo.tn\/fr\/wp-json\/wp\/v2\/posts\/202757","targetHints":{"allow":["GET"]}}],"collection":[{"href":"https:\/\/www.webdo.tn\/fr\/wp-json\/wp\/v2\/posts"}],"about":[{"href":"https:\/\/www.webdo.tn\/fr\/wp-json\/wp\/v2\/types\/post"}],"author":[{"embeddable":true,"href":"https:\/\/www.webdo.tn\/fr\/wp-json\/wp\/v2\/users\/3175"}],"replies":[{"embeddable":true,"href":"https:\/\/www.webdo.tn\/fr\/wp-json\/wp\/v2\/comments?post=202757"}],"version-history":[{"count":0,"href":"https:\/\/www.webdo.tn\/fr\/wp-json\/wp\/v2\/posts\/202757\/revisions"}],"wp:featuredmedia":[{"embeddable":true,"href":"https:\/\/www.webdo.tn\/fr\/wp-json\/wp\/v2\/media\/252262"}],"wp:attachment":[{"href":"https:\/\/www.webdo.tn\/fr\/wp-json\/wp\/v2\/media?parent=202757"}],"wp:term":[{"taxonomy":"category","embeddable":true,"href":"https:\/\/www.webdo.tn\/fr\/wp-json\/wp\/v2\/categories?post=202757"},{"taxonomy":"post_tag","embeddable":true,"href":"https:\/\/www.webdo.tn\/fr\/wp-json\/wp\/v2\/tags?post=202757"}],"curies":[{"name":"wp","href":"https:\/\/api.w.org\/{rel}","templated":true}]}}