{"id":202754,"date":"2023-02-09T18:26:00","date_gmt":"2023-02-09T18:26:00","guid":{"rendered":"https:\/\/www.webdo.tn\/fr\/blog\/tunisie-le-personnel-de-l-inlucc-entame-un-sit-in-ouvert\/202754\/"},"modified":"2025-05-20T22:45:35","modified_gmt":"2025-05-20T22:45:35","slug":"tunisie-le-personnel-de-l-inlucc-entame-un-sit-in-ouvert","status":"publish","type":"post","link":"https:\/\/www.webdo.tn\/fr\/actualite\/national\/tunisie-le-personnel-de-l-inlucc-entame-un-sit-in-ouvert\/202754\/","title":{"rendered":"Tunisie : Le personnel de l\u2019INLUCC entame un sit-in ouvert"},"content":{"rendered":"<p>Le personnel de l&rsquo;Instance nationale de lutte contre la corruption (INLUCC), dont les activit\u00e9s sont gel\u00e9es depuis le mois d&rsquo;ao\u00fbt 2021, a entam\u00e9 un sit-in illimit\u00e9, mena\u00e7ant d&rsquo;observer une gr\u00e8ve de la faim au si\u00e8ge de la Ligue tunisienne des droits de l&rsquo;Homme.<\/p>\n<p>\t\t\t\t\t\t\t\t\tLe personnel r\u00e9clame la lev\u00e9e du gel sur les activit\u00e9s de l&rsquo;instance et obtenir ce qui lui revient de droit.<br \/>\nLors d&rsquo;une conf\u00e9rence de presse, jeudi, Hanen Maddai, conseill\u00e8re \u00e0 l&rsquo;INLUCC et porte-parole des protestataires, a d\u00e9clar\u00e9 que le gel des activit\u00e9s de l&rsquo;instance a port\u00e9 pr\u00e9judice aux int\u00e9r\u00eats du personne.<\/p>\n<p>\u00ab\u00a0En effet, les agents de l&rsquo;Inlucc n&rsquo;ont pas obtenu leurs salaires, les cotisations \u00e0 la Caisse nationale de s\u00e9curit\u00e9 sociale et la Caisse nationale de retraite et de pr\u00e9voyance sociale ont \u00e9t\u00e9 suspendues et les loyers des si\u00e8ges de l&rsquo;INLUCC n&rsquo;ont pas \u00e9t\u00e9 honor\u00e9s\u00a0\u00bb, a-t-elle dit.<\/p>\n<p>Elle a fait part de sa crainte quant au sort des donn\u00e9es personnelles jointes aux dossiers, \u00e9voquant les projets de bonne gouvernance entam\u00e9s par l&rsquo;instance en partenariat avec les minist\u00e8res, des projets qui sont aussi suspendus.<\/p>\n<p>Pour sa part, Rahma Zouaghi, chef du bureau r\u00e9gional de l&rsquo;INLUCC \u00e0 Sfax, a indiqu\u00e9 que les bureaux r\u00e9gionaux de l&rsquo;instance install\u00e9s dans 17 gouvernorats font face \u00e0 plusieurs probl\u00e8mes, notamment le non paiement des loyers, les demandes d&rsquo;\u00e9vacuation des lieux et la rupture des contrats de travail des agents employ\u00e9s par l&rsquo;INLUCC.<\/p>\n","protected":false},"excerpt":{"rendered":"<p>Le personnel de l&rsquo;Instance nationale de lutte contre la corruption (INLUCC), dont les activit\u00e9s sont gel\u00e9es depuis le mois d&rsquo;ao\u00fbt 2021, a entam\u00e9 un sit-in illim&#8230;<\/p>\n","protected":false},"author":3175,"featured_media":252266,"comment_status":"open","ping_status":"closed","sticky":false,"template":"","format":"standard","meta":{"footnotes":""},"categories":[44],"tags":[8423,3190,2608],"class_list":["post-202754","post","type-post","status-publish","format-standard","has-post-thumbnail","hentry","category-national","tag-inlucc","tag-sit-in","tag-tunisie"],"yoast_head":"<!-- This site is optimized with the Yoast SEO Premium plugin v27.4 (Yoast SEO v27.5) - https:\/\/yoast.com\/product\/yoast-seo-premium-wordpress\/ -->\n<title>Tunisie : Le personnel de l\u2019INLUCC entame un sit-in ouvert<\/title>\n<meta name=\"description\" content=\"Le personnel de l&#039;Instance nationale de lutte contre la corruption (INLUCC), dont les activit\u00e9s sont gel\u00e9es depuis le mois d&#039;ao\u00fbt 2021, a entam\u00e9 un sit-in illim...\" \/>\n<link rel=\"canonical\" href=\"https:\/\/www.webdo.tn\/fr\/actualite\/national\/tunisie-le-personnel-de-l-inlucc-entame-un-sit-in-ouvert\/202754\/\" \/>\n<meta property=\"og:locale\" content=\"fr_FR\" \/>\n<meta property=\"og:type\" content=\"article\" \/>\n<meta property=\"og:title\" content=\"Tunisie : Le personnel de l\u2019INLUCC entame un sit-in ouvert\" \/>\n<meta property=\"og:description\" content=\"Le personnel de l&#039;Instance nationale de lutte contre la corruption (INLUCC), dont les activit\u00e9s sont gel\u00e9es depuis le mois d&#039;ao\u00fbt 2021, a entam\u00e9 un sit-in illim...\" \/>\n<meta property=\"og:url\" content=\"https:\/\/www.webdo.tn\/fr\/actualite\/national\/tunisie-le-personnel-de-l-inlucc-entame-un-sit-in-ouvert\/202754\/\" \/>\n<meta property=\"og:site_name\" content=\"webdo\" \/>\n<meta property=\"article:publisher\" content=\"https:\/\/www.facebook.com\/webdotn\" \/>\n<meta property=\"article:published_time\" content=\"2023-02-09T18:26:00+00:00\" \/>\n<meta property=\"article:modified_time\" content=\"2025-05-20T22:45:35+00:00\" \/>\n<meta property=\"og:image\" content=\"https:\/\/www.webdo.tn\/fr\/wp-content\/uploads\/2023\/02\/93c76c2921c9cb82125b38933256e84a-1.jpg\" \/>\n\t<meta property=\"og:image:width\" content=\"750\" \/>\n\t<meta property=\"og:image:height\" content=\"400\" \/>\n\t<meta property=\"og:image:type\" content=\"image\/jpeg\" \/>\n<meta name=\"author\" content=\"CL\" \/>\n<meta name=\"twitter:card\" content=\"summary_large_image\" \/>\n<meta name=\"twitter:creator\" content=\"@webdo_tn\" \/>\n<meta name=\"twitter:site\" content=\"@webdo_tn\" \/>\n<meta name=\"twitter:label1\" content=\"\u00c9crit par\" \/>\n\t<meta name=\"twitter:data1\" content=\"CL\" \/>\n\t<meta name=\"twitter:label2\" content=\"Dur\u00e9e de lecture estim\u00e9e\" \/>\n\t<meta name=\"twitter:data2\" content=\"1 minute\" \/>\n<script type=\"application\/ld+json\" class=\"yoast-schema-graph\">{\"@context\":\"https:\\\/\\\/schema.org\",\"@graph\":[{\"@type\":\"NewsArticle\",\"@id\":\"https:\\\/\\\/www.webdo.tn\\\/fr\\\/actualite\\\/national\\\/tunisie-le-personnel-de-l-inlucc-entame-un-sit-in-ouvert\\\/202754\\\/#article\",\"isPartOf\":{\"@id\":\"https:\\\/\\\/www.webdo.tn\\\/fr\\\/actualite\\\/national\\\/tunisie-le-personnel-de-l-inlucc-entame-un-sit-in-ouvert\\\/202754\\\/\"},\"author\":{\"name\":\"CL\",\"@id\":\"https:\\\/\\\/www.webdo.tn\\\/fr\\\/#\\\/schema\\\/person\\\/f35b42a42c5e2511bbd282959d6385cc\"},\"headline\":\"Tunisie : Le personnel de l\u2019INLUCC entame un sit-in ouvert\",\"datePublished\":\"2023-02-09T18:26:00+00:00\",\"dateModified\":\"2025-05-20T22:45:35+00:00\",\"mainEntityOfPage\":{\"@id\":\"https:\\\/\\\/www.webdo.tn\\\/fr\\\/actualite\\\/national\\\/tunisie-le-personnel-de-l-inlucc-entame-un-sit-in-ouvert\\\/202754\\\/\"},\"wordCount\":278,\"commentCount\":0,\"publisher\":{\"@id\":\"https:\\\/\\\/www.webdo.tn\\\/fr\\\/#organization\"},\"image\":{\"@id\":\"https:\\\/\\\/www.webdo.tn\\\/fr\\\/actualite\\\/national\\\/tunisie-le-personnel-de-l-inlucc-entame-un-sit-in-ouvert\\\/202754\\\/#primaryimage\"},\"thumbnailUrl\":\"https:\\\/\\\/www.webdo.tn\\\/fr\\\/wp-content\\\/uploads\\\/2023\\\/02\\\/93c76c2921c9cb82125b38933256e84a-1.jpg\",\"keywords\":[\"INLUCC\",\"sit-in\",\"Tunisie\"],\"articleSection\":[\"National\"],\"inLanguage\":\"fr-FR\"},{\"@type\":\"WebPage\",\"@id\":\"https:\\\/\\\/www.webdo.tn\\\/fr\\\/actualite\\\/national\\\/tunisie-le-personnel-de-l-inlucc-entame-un-sit-in-ouvert\\\/202754\\\/\",\"url\":\"https:\\\/\\\/www.webdo.tn\\\/fr\\\/actualite\\\/national\\\/tunisie-le-personnel-de-l-inlucc-entame-un-sit-in-ouvert\\\/202754\\\/\",\"name\":\"Tunisie : Le personnel de l\u2019INLUCC entame un sit-in ouvert\",\"isPartOf\":{\"@id\":\"https:\\\/\\\/www.webdo.tn\\\/fr\\\/#website\"},\"primaryImageOfPage\":{\"@id\":\"https:\\\/\\\/www.webdo.tn\\\/fr\\\/actualite\\\/national\\\/tunisie-le-personnel-de-l-inlucc-entame-un-sit-in-ouvert\\\/202754\\\/#primaryimage\"},\"image\":{\"@id\":\"https:\\\/\\\/www.webdo.tn\\\/fr\\\/actualite\\\/national\\\/tunisie-le-personnel-de-l-inlucc-entame-un-sit-in-ouvert\\\/202754\\\/#primaryimage\"},\"thumbnailUrl\":\"https:\\\/\\\/www.webdo.tn\\\/fr\\\/wp-content\\\/uploads\\\/2023\\\/02\\\/93c76c2921c9cb82125b38933256e84a-1.jpg\",\"datePublished\":\"2023-02-09T18:26:00+00:00\",\"dateModified\":\"2025-05-20T22:45:35+00:00\",\"description\":\"Le personnel de l'Instance nationale de lutte contre la corruption (INLUCC), dont les activit\u00e9s sont gel\u00e9es depuis le mois d'ao\u00fbt 2021, a entam\u00e9 un sit-in illim...\",\"breadcrumb\":{\"@id\":\"https:\\\/\\\/www.webdo.tn\\\/fr\\\/actualite\\\/national\\\/tunisie-le-personnel-de-l-inlucc-entame-un-sit-in-ouvert\\\/202754\\\/#breadcrumb\"},\"inLanguage\":\"fr-FR\",\"potentialAction\":[{\"@type\":\"ReadAction\",\"target\":[\"https:\\\/\\\/www.webdo.tn\\\/fr\\\/actualite\\\/national\\\/tunisie-le-personnel-de-l-inlucc-entame-un-sit-in-ouvert\\\/202754\\\/\"]}]},{\"@type\":\"ImageObject\",\"inLanguage\":\"fr-FR\",\"@id\":\"https:\\\/\\\/www.webdo.tn\\\/fr\\\/actualite\\\/national\\\/tunisie-le-personnel-de-l-inlucc-entame-un-sit-in-ouvert\\\/202754\\\/#primaryimage\",\"url\":\"https:\\\/\\\/www.webdo.tn\\\/fr\\\/wp-content\\\/uploads\\\/2023\\\/02\\\/93c76c2921c9cb82125b38933256e84a-1.jpg\",\"contentUrl\":\"https:\\\/\\\/www.webdo.tn\\\/fr\\\/wp-content\\\/uploads\\\/2023\\\/02\\\/93c76c2921c9cb82125b38933256e84a-1.jpg\",\"width\":750,\"height\":400,\"caption\":\"INLUCC\"},{\"@type\":\"BreadcrumbList\",\"@id\":\"https:\\\/\\\/www.webdo.tn\\\/fr\\\/actualite\\\/national\\\/tunisie-le-personnel-de-l-inlucc-entame-un-sit-in-ouvert\\\/202754\\\/#breadcrumb\",\"itemListElement\":[{\"@type\":\"ListItem\",\"position\":1,\"name\":\"Accueil\",\"item\":\"https:\\\/\\\/www.webdo.tn\\\/fr\\\/\"},{\"@type\":\"ListItem\",\"position\":2,\"name\":\"Tunisie : Le personnel de l\u2019INLUCC entame un sit-in ouvert\"}]},{\"@type\":\"WebSite\",\"@id\":\"https:\\\/\\\/www.webdo.tn\\\/fr\\\/#website\",\"url\":\"https:\\\/\\\/www.webdo.tn\\\/fr\\\/\",\"name\":\"webdo\",\"description\":\"Tunisie - News en Tunisie et \u00e0 l&#039;international sur Webdo.tn\",\"publisher\":{\"@id\":\"https:\\\/\\\/www.webdo.tn\\\/fr\\\/#organization\"},\"potentialAction\":[{\"@type\":\"SearchAction\",\"target\":{\"@type\":\"EntryPoint\",\"urlTemplate\":\"https:\\\/\\\/www.webdo.tn\\\/fr\\\/?s={search_term_string}\"},\"query-input\":{\"@type\":\"PropertyValueSpecification\",\"valueRequired\":true,\"valueName\":\"search_term_string\"}}],\"inLanguage\":\"fr-FR\"},{\"@type\":\"Organization\",\"@id\":\"https:\\\/\\\/www.webdo.tn\\\/fr\\\/#organization\",\"name\":\"Webdo\",\"alternateName\":\"Webdo.tn\",\"url\":\"https:\\\/\\\/www.webdo.tn\\\/fr\\\/\",\"logo\":{\"@type\":\"ImageObject\",\"inLanguage\":\"fr-FR\",\"@id\":\"https:\\\/\\\/www.webdo.tn\\\/fr\\\/#\\\/schema\\\/logo\\\/image\\\/\",\"url\":\"https:\\\/\\\/www.webdo.tn\\\/fr\\\/wp-content\\\/uploads\\\/2025\\\/06\\\/Webdo-Tunisie_168377.jpg\",\"contentUrl\":\"https:\\\/\\\/www.webdo.tn\\\/fr\\\/wp-content\\\/uploads\\\/2025\\\/06\\\/Webdo-Tunisie_168377.jpg\",\"width\":301,\"height\":301,\"caption\":\"Webdo\"},\"image\":{\"@id\":\"https:\\\/\\\/www.webdo.tn\\\/fr\\\/#\\\/schema\\\/logo\\\/image\\\/\"},\"sameAs\":[\"https:\\\/\\\/www.facebook.com\\\/webdotn\",\"https:\\\/\\\/x.com\\\/webdo_tn\"],\"description\":\"Webdo est un m\u00e9dia num\u00e9rique tunisien fond\u00e9 en 2010, sp\u00e9cialis\u00e9 dans l\u2019actualit\u00e9 nationale et internationale, l\u2019\u00e9conomie, la soci\u00e9t\u00e9 et les analyses politiques. Le site s\u2019adresse \u00e0 un large public francophone et couvre l\u2019information tunisienne en temps r\u00e9el.\",\"email\":\"redac@webdo.tn\",\"legalName\":\"YNJ SARL\",\"foundingDate\":\"2010-09-06\",\"numberOfEmployees\":{\"@type\":\"QuantitativeValue\",\"minValue\":\"11\",\"maxValue\":\"50\"}},{\"@type\":\"Person\",\"@id\":\"https:\\\/\\\/www.webdo.tn\\\/fr\\\/#\\\/schema\\\/person\\\/f35b42a42c5e2511bbd282959d6385cc\",\"name\":\"CL\",\"image\":{\"@type\":\"ImageObject\",\"inLanguage\":\"fr-FR\",\"@id\":\"https:\\\/\\\/secure.gravatar.com\\\/avatar\\\/1447a49909b67aa657c488aec6512e1dd6143a480c1ecfee9b5b5cd74eb3b59e?s=96&d=mm&r=g\",\"url\":\"https:\\\/\\\/secure.gravatar.com\\\/avatar\\\/1447a49909b67aa657c488aec6512e1dd6143a480c1ecfee9b5b5cd74eb3b59e?s=96&d=mm&r=g\",\"contentUrl\":\"https:\\\/\\\/secure.gravatar.com\\\/avatar\\\/1447a49909b67aa657c488aec6512e1dd6143a480c1ecfee9b5b5cd74eb3b59e?s=96&d=mm&r=g\",\"caption\":\"CL\"},\"url\":\"https:\\\/\\\/www.webdo.tn\\\/fr\\\/actualite\\\/author\\\/cl\\\/\"}]}<\/script>\n<!-- \/ Yoast SEO Premium plugin. -->","yoast_head_json":{"title":"Tunisie : Le personnel de l\u2019INLUCC entame un sit-in ouvert","description":"Le personnel de l'Instance nationale de lutte contre la corruption (INLUCC), dont les activit\u00e9s sont gel\u00e9es depuis le mois d'ao\u00fbt 2021, a entam\u00e9 un sit-in illim...","canonical":"https:\/\/www.webdo.tn\/fr\/actualite\/national\/tunisie-le-personnel-de-l-inlucc-entame-un-sit-in-ouvert\/202754\/","og_locale":"fr_FR","og_type":"article","og_title":"Tunisie : Le personnel de l\u2019INLUCC entame un sit-in ouvert","og_description":"Le personnel de l'Instance nationale de lutte contre la corruption (INLUCC), dont les activit\u00e9s sont gel\u00e9es depuis le mois d'ao\u00fbt 2021, a entam\u00e9 un sit-in illim...","og_url":"https:\/\/www.webdo.tn\/fr\/actualite\/national\/tunisie-le-personnel-de-l-inlucc-entame-un-sit-in-ouvert\/202754\/","og_site_name":"webdo","article_publisher":"https:\/\/www.facebook.com\/webdotn","article_published_time":"2023-02-09T18:26:00+00:00","article_modified_time":"2025-05-20T22:45:35+00:00","og_image":[{"width":750,"height":400,"url":"https:\/\/www.webdo.tn\/fr\/wp-content\/uploads\/2023\/02\/93c76c2921c9cb82125b38933256e84a-1.jpg","type":"image\/jpeg"}],"author":"CL","twitter_card":"summary_large_image","twitter_creator":"@webdo_tn","twitter_site":"@webdo_tn","twitter_misc":{"\u00c9crit par":"CL","Dur\u00e9e de lecture estim\u00e9e":"1 minute"},"schema":{"@context":"https:\/\/schema.org","@graph":[{"@type":"NewsArticle","@id":"https:\/\/www.webdo.tn\/fr\/actualite\/national\/tunisie-le-personnel-de-l-inlucc-entame-un-sit-in-ouvert\/202754\/#article","isPartOf":{"@id":"https:\/\/www.webdo.tn\/fr\/actualite\/national\/tunisie-le-personnel-de-l-inlucc-entame-un-sit-in-ouvert\/202754\/"},"author":{"name":"CL","@id":"https:\/\/www.webdo.tn\/fr\/#\/schema\/person\/f35b42a42c5e2511bbd282959d6385cc"},"headline":"Tunisie : Le personnel de l\u2019INLUCC entame un sit-in ouvert","datePublished":"2023-02-09T18:26:00+00:00","dateModified":"2025-05-20T22:45:35+00:00","mainEntityOfPage":{"@id":"https:\/\/www.webdo.tn\/fr\/actualite\/national\/tunisie-le-personnel-de-l-inlucc-entame-un-sit-in-ouvert\/202754\/"},"wordCount":278,"commentCount":0,"publisher":{"@id":"https:\/\/www.webdo.tn\/fr\/#organization"},"image":{"@id":"https:\/\/www.webdo.tn\/fr\/actualite\/national\/tunisie-le-personnel-de-l-inlucc-entame-un-sit-in-ouvert\/202754\/#primaryimage"},"thumbnailUrl":"https:\/\/www.webdo.tn\/fr\/wp-content\/uploads\/2023\/02\/93c76c2921c9cb82125b38933256e84a-1.jpg","keywords":["INLUCC","sit-in","Tunisie"],"articleSection":["National"],"inLanguage":"fr-FR"},{"@type":"WebPage","@id":"https:\/\/www.webdo.tn\/fr\/actualite\/national\/tunisie-le-personnel-de-l-inlucc-entame-un-sit-in-ouvert\/202754\/","url":"https:\/\/www.webdo.tn\/fr\/actualite\/national\/tunisie-le-personnel-de-l-inlucc-entame-un-sit-in-ouvert\/202754\/","name":"Tunisie : Le personnel de l\u2019INLUCC entame un sit-in ouvert","isPartOf":{"@id":"https:\/\/www.webdo.tn\/fr\/#website"},"primaryImageOfPage":{"@id":"https:\/\/www.webdo.tn\/fr\/actualite\/national\/tunisie-le-personnel-de-l-inlucc-entame-un-sit-in-ouvert\/202754\/#primaryimage"},"image":{"@id":"https:\/\/www.webdo.tn\/fr\/actualite\/national\/tunisie-le-personnel-de-l-inlucc-entame-un-sit-in-ouvert\/202754\/#primaryimage"},"thumbnailUrl":"https:\/\/www.webdo.tn\/fr\/wp-content\/uploads\/2023\/02\/93c76c2921c9cb82125b38933256e84a-1.jpg","datePublished":"2023-02-09T18:26:00+00:00","dateModified":"2025-05-20T22:45:35+00:00","description":"Le personnel de l'Instance nationale de lutte contre la corruption (INLUCC), dont les activit\u00e9s sont gel\u00e9es depuis le mois d'ao\u00fbt 2021, a entam\u00e9 un sit-in illim...","breadcrumb":{"@id":"https:\/\/www.webdo.tn\/fr\/actualite\/national\/tunisie-le-personnel-de-l-inlucc-entame-un-sit-in-ouvert\/202754\/#breadcrumb"},"inLanguage":"fr-FR","potentialAction":[{"@type":"ReadAction","target":["https:\/\/www.webdo.tn\/fr\/actualite\/national\/tunisie-le-personnel-de-l-inlucc-entame-un-sit-in-ouvert\/202754\/"]}]},{"@type":"ImageObject","inLanguage":"fr-FR","@id":"https:\/\/www.webdo.tn\/fr\/actualite\/national\/tunisie-le-personnel-de-l-inlucc-entame-un-sit-in-ouvert\/202754\/#primaryimage","url":"https:\/\/www.webdo.tn\/fr\/wp-content\/uploads\/2023\/02\/93c76c2921c9cb82125b38933256e84a-1.jpg","contentUrl":"https:\/\/www.webdo.tn\/fr\/wp-content\/uploads\/2023\/02\/93c76c2921c9cb82125b38933256e84a-1.jpg","width":750,"height":400,"caption":"INLUCC"},{"@type":"BreadcrumbList","@id":"https:\/\/www.webdo.tn\/fr\/actualite\/national\/tunisie-le-personnel-de-l-inlucc-entame-un-sit-in-ouvert\/202754\/#breadcrumb","itemListElement":[{"@type":"ListItem","position":1,"name":"Accueil","item":"https:\/\/www.webdo.tn\/fr\/"},{"@type":"ListItem","position":2,"name":"Tunisie : Le personnel de l\u2019INLUCC entame un sit-in ouvert"}]},{"@type":"WebSite","@id":"https:\/\/www.webdo.tn\/fr\/#website","url":"https:\/\/www.webdo.tn\/fr\/","name":"webdo","description":"Tunisie - News en Tunisie et \u00e0 l&#039;international sur Webdo.tn","publisher":{"@id":"https:\/\/www.webdo.tn\/fr\/#organization"},"potentialAction":[{"@type":"SearchAction","target":{"@type":"EntryPoint","urlTemplate":"https:\/\/www.webdo.tn\/fr\/?s={search_term_string}"},"query-input":{"@type":"PropertyValueSpecification","valueRequired":true,"valueName":"search_term_string"}}],"inLanguage":"fr-FR"},{"@type":"Organization","@id":"https:\/\/www.webdo.tn\/fr\/#organization","name":"Webdo","alternateName":"Webdo.tn","url":"https:\/\/www.webdo.tn\/fr\/","logo":{"@type":"ImageObject","inLanguage":"fr-FR","@id":"https:\/\/www.webdo.tn\/fr\/#\/schema\/logo\/image\/","url":"https:\/\/www.webdo.tn\/fr\/wp-content\/uploads\/2025\/06\/Webdo-Tunisie_168377.jpg","contentUrl":"https:\/\/www.webdo.tn\/fr\/wp-content\/uploads\/2025\/06\/Webdo-Tunisie_168377.jpg","width":301,"height":301,"caption":"Webdo"},"image":{"@id":"https:\/\/www.webdo.tn\/fr\/#\/schema\/logo\/image\/"},"sameAs":["https:\/\/www.facebook.com\/webdotn","https:\/\/x.com\/webdo_tn"],"description":"Webdo est un m\u00e9dia num\u00e9rique tunisien fond\u00e9 en 2010, sp\u00e9cialis\u00e9 dans l\u2019actualit\u00e9 nationale et internationale, l\u2019\u00e9conomie, la soci\u00e9t\u00e9 et les analyses politiques. Le site s\u2019adresse \u00e0 un large public francophone et couvre l\u2019information tunisienne en temps r\u00e9el.","email":"redac@webdo.tn","legalName":"YNJ SARL","foundingDate":"2010-09-06","numberOfEmployees":{"@type":"QuantitativeValue","minValue":"11","maxValue":"50"}},{"@type":"Person","@id":"https:\/\/www.webdo.tn\/fr\/#\/schema\/person\/f35b42a42c5e2511bbd282959d6385cc","name":"CL","image":{"@type":"ImageObject","inLanguage":"fr-FR","@id":"https:\/\/secure.gravatar.com\/avatar\/1447a49909b67aa657c488aec6512e1dd6143a480c1ecfee9b5b5cd74eb3b59e?s=96&d=mm&r=g","url":"https:\/\/secure.gravatar.com\/avatar\/1447a49909b67aa657c488aec6512e1dd6143a480c1ecfee9b5b5cd74eb3b59e?s=96&d=mm&r=g","contentUrl":"https:\/\/secure.gravatar.com\/avatar\/1447a49909b67aa657c488aec6512e1dd6143a480c1ecfee9b5b5cd74eb3b59e?s=96&d=mm&r=g","caption":"CL"},"url":"https:\/\/www.webdo.tn\/fr\/actualite\/author\/cl\/"}]}},"_links":{"self":[{"href":"https:\/\/www.webdo.tn\/fr\/wp-json\/wp\/v2\/posts\/202754","targetHints":{"allow":["GET"]}}],"collection":[{"href":"https:\/\/www.webdo.tn\/fr\/wp-json\/wp\/v2\/posts"}],"about":[{"href":"https:\/\/www.webdo.tn\/fr\/wp-json\/wp\/v2\/types\/post"}],"author":[{"embeddable":true,"href":"https:\/\/www.webdo.tn\/fr\/wp-json\/wp\/v2\/users\/3175"}],"replies":[{"embeddable":true,"href":"https:\/\/www.webdo.tn\/fr\/wp-json\/wp\/v2\/comments?post=202754"}],"version-history":[{"count":0,"href":"https:\/\/www.webdo.tn\/fr\/wp-json\/wp\/v2\/posts\/202754\/revisions"}],"wp:featuredmedia":[{"embeddable":true,"href":"https:\/\/www.webdo.tn\/fr\/wp-json\/wp\/v2\/media\/252266"}],"wp:attachment":[{"href":"https:\/\/www.webdo.tn\/fr\/wp-json\/wp\/v2\/media?parent=202754"}],"wp:term":[{"taxonomy":"category","embeddable":true,"href":"https:\/\/www.webdo.tn\/fr\/wp-json\/wp\/v2\/categories?post=202754"},{"taxonomy":"post_tag","embeddable":true,"href":"https:\/\/www.webdo.tn\/fr\/wp-json\/wp\/v2\/tags?post=202754"}],"curies":[{"name":"wp","href":"https:\/\/api.w.org\/{rel}","templated":true}]}}