{"id":202753,"date":"2023-02-09T17:56:00","date_gmt":"2023-02-09T17:56:00","guid":{"rendered":"https:\/\/www.webdo.tn\/fr\/blog\/tunisie-premier-centre-africain-specialise-dans-la-cicatrisation-des-plaies\/202753\/"},"modified":"2025-05-20T22:45:34","modified_gmt":"2025-05-20T22:45:34","slug":"tunisie-premier-centre-africain-specialise-dans-la-cicatrisation-des-plaies","status":"publish","type":"post","link":"https:\/\/www.webdo.tn\/fr\/actualite\/national\/tunisie-premier-centre-africain-specialise-dans-la-cicatrisation-des-plaies\/202753\/","title":{"rendered":"Tunisie : Premier centre Africain sp\u00e9cialis\u00e9 dans la cicatrisation des plaies"},"content":{"rendered":"<p>L&rsquo;association tunisienne des plaies et cicatrisation (ATPC) a lanc\u00e9 le premier centre Africain sp\u00e9cialis\u00e9 dans la cicatrisation des plaies et des soins th\u00e9rapeutiques dispens\u00e9s aux personnes atteintes de diab\u00e8te et souffrant d&rsquo;escarres et de brulures, a indiqu\u00e9 le pr\u00e9sident de l&rsquo;association Rami Ben Salah.<\/p>\n<p>\t\t\t\t\t\t\t\t\tIl a affirm\u00e9 dans une d\u00e9claration \u00e0 la TAP, que ce centre d\u00e9livre une formation gratuite au personnel m\u00e9dical et param\u00e9dical et aux pharmaciens de Tunisie et de l&rsquo;\u00e9tranger.<\/p>\n<p>Ben Salah a annonc\u00e9 que ce centre sera inaugur\u00e9 vendredi 10 f\u00e9vrier 2023, en pr\u00e9sence de plusieurs ministres Africains de la sant\u00e9 et de cadres m\u00e9dicaux et param\u00e9dicaux de 14 pays Africains.<\/p>\n","protected":false},"excerpt":{"rendered":"<p>L&rsquo;association tunisienne des plaies et cicatrisation (ATPC) a lanc\u00e9 le premier centre Africain sp\u00e9cialis\u00e9 dans la cicatrisation des plaies et des soins th\u00e9rapeu&#8230;<\/p>\n","protected":false},"author":3175,"featured_media":252257,"comment_status":"open","ping_status":"closed","sticky":false,"template":"","format":"standard","meta":{"footnotes":""},"categories":[44],"tags":[2700,8807,2608],"class_list":["post-202753","post","type-post","status-publish","format-standard","has-post-thumbnail","hentry","category-national","tag-medecine","tag-plaie","tag-tunisie"],"yoast_head":"<!-- This site is optimized with the Yoast SEO Premium plugin v27.5 (Yoast SEO v27.5) - https:\/\/yoast.com\/product\/yoast-seo-premium-wordpress\/ -->\n<title>Tunisie : Premier centre Africain sp\u00e9cialis\u00e9 dans la cicatrisation des plaies<\/title>\n<meta name=\"description\" content=\"L&#039;association tunisienne des plaies et cicatrisation (ATPC) a lanc\u00e9 le premier centre Africain sp\u00e9cialis\u00e9 dans la cicatrisation des plaies et des soins th\u00e9rapeu...\" \/>\n<link rel=\"canonical\" href=\"https:\/\/www.webdo.tn\/fr\/actualite\/national\/tunisie-premier-centre-africain-specialise-dans-la-cicatrisation-des-plaies\/202753\/\" \/>\n<meta property=\"og:locale\" content=\"fr_FR\" \/>\n<meta property=\"og:type\" content=\"article\" \/>\n<meta property=\"og:title\" content=\"Tunisie : Premier centre Africain sp\u00e9cialis\u00e9 dans la cicatrisation des plaies\" \/>\n<meta property=\"og:description\" content=\"L&#039;association tunisienne des plaies et cicatrisation (ATPC) a lanc\u00e9 le premier centre Africain sp\u00e9cialis\u00e9 dans la cicatrisation des plaies et des soins th\u00e9rapeu...\" \/>\n<meta property=\"og:url\" content=\"https:\/\/www.webdo.tn\/fr\/actualite\/national\/tunisie-premier-centre-africain-specialise-dans-la-cicatrisation-des-plaies\/202753\/\" \/>\n<meta property=\"og:site_name\" content=\"webdo\" \/>\n<meta property=\"article:publisher\" content=\"https:\/\/www.facebook.com\/webdotn\" \/>\n<meta property=\"article:published_time\" content=\"2023-02-09T17:56:00+00:00\" \/>\n<meta property=\"article:modified_time\" content=\"2025-05-20T22:45:34+00:00\" \/>\n<meta property=\"og:image\" content=\"https:\/\/www.webdo.tn\/fr\/wp-content\/uploads\/2023\/02\/f13568de9408f7355d21fdb41da46f04.png\" \/>\n\t<meta property=\"og:image:width\" content=\"750\" \/>\n\t<meta property=\"og:image:height\" content=\"400\" \/>\n\t<meta property=\"og:image:type\" content=\"image\/png\" \/>\n<meta name=\"author\" content=\"CL\" \/>\n<meta name=\"twitter:card\" content=\"summary_large_image\" \/>\n<meta name=\"twitter:creator\" content=\"@webdo_tn\" \/>\n<meta name=\"twitter:site\" content=\"@webdo_tn\" \/>\n<meta name=\"twitter:label1\" content=\"\u00c9crit par\" \/>\n\t<meta name=\"twitter:data1\" content=\"CL\" \/>\n\t<meta name=\"twitter:label2\" content=\"Dur\u00e9e de lecture estim\u00e9e\" \/>\n\t<meta name=\"twitter:data2\" content=\"1 minute\" \/>\n<script type=\"application\/ld+json\" class=\"yoast-schema-graph\">{\"@context\":\"https:\\\/\\\/schema.org\",\"@graph\":[{\"@type\":\"NewsArticle\",\"@id\":\"https:\\\/\\\/www.webdo.tn\\\/fr\\\/actualite\\\/national\\\/tunisie-premier-centre-africain-specialise-dans-la-cicatrisation-des-plaies\\\/202753\\\/#article\",\"isPartOf\":{\"@id\":\"https:\\\/\\\/www.webdo.tn\\\/fr\\\/actualite\\\/national\\\/tunisie-premier-centre-africain-specialise-dans-la-cicatrisation-des-plaies\\\/202753\\\/\"},\"author\":{\"name\":\"CL\",\"@id\":\"https:\\\/\\\/www.webdo.tn\\\/fr\\\/#\\\/schema\\\/person\\\/f35b42a42c5e2511bbd282959d6385cc\"},\"headline\":\"Tunisie : Premier centre Africain sp\u00e9cialis\u00e9 dans la cicatrisation des plaies\",\"datePublished\":\"2023-02-09T17:56:00+00:00\",\"dateModified\":\"2025-05-20T22:45:34+00:00\",\"mainEntityOfPage\":{\"@id\":\"https:\\\/\\\/www.webdo.tn\\\/fr\\\/actualite\\\/national\\\/tunisie-premier-centre-africain-specialise-dans-la-cicatrisation-des-plaies\\\/202753\\\/\"},\"wordCount\":129,\"commentCount\":0,\"publisher\":{\"@id\":\"https:\\\/\\\/www.webdo.tn\\\/fr\\\/#organization\"},\"image\":{\"@id\":\"https:\\\/\\\/www.webdo.tn\\\/fr\\\/actualite\\\/national\\\/tunisie-premier-centre-africain-specialise-dans-la-cicatrisation-des-plaies\\\/202753\\\/#primaryimage\"},\"thumbnailUrl\":\"https:\\\/\\\/www.webdo.tn\\\/fr\\\/wp-content\\\/uploads\\\/2023\\\/02\\\/f13568de9408f7355d21fdb41da46f04.png\",\"keywords\":[\"m\u00e9decine\",\"Plaie\",\"Tunisie\"],\"articleSection\":[\"National\"],\"inLanguage\":\"fr-FR\"},{\"@type\":\"WebPage\",\"@id\":\"https:\\\/\\\/www.webdo.tn\\\/fr\\\/actualite\\\/national\\\/tunisie-premier-centre-africain-specialise-dans-la-cicatrisation-des-plaies\\\/202753\\\/\",\"url\":\"https:\\\/\\\/www.webdo.tn\\\/fr\\\/actualite\\\/national\\\/tunisie-premier-centre-africain-specialise-dans-la-cicatrisation-des-plaies\\\/202753\\\/\",\"name\":\"Tunisie : Premier centre Africain sp\u00e9cialis\u00e9 dans la cicatrisation des plaies\",\"isPartOf\":{\"@id\":\"https:\\\/\\\/www.webdo.tn\\\/fr\\\/#website\"},\"primaryImageOfPage\":{\"@id\":\"https:\\\/\\\/www.webdo.tn\\\/fr\\\/actualite\\\/national\\\/tunisie-premier-centre-africain-specialise-dans-la-cicatrisation-des-plaies\\\/202753\\\/#primaryimage\"},\"image\":{\"@id\":\"https:\\\/\\\/www.webdo.tn\\\/fr\\\/actualite\\\/national\\\/tunisie-premier-centre-africain-specialise-dans-la-cicatrisation-des-plaies\\\/202753\\\/#primaryimage\"},\"thumbnailUrl\":\"https:\\\/\\\/www.webdo.tn\\\/fr\\\/wp-content\\\/uploads\\\/2023\\\/02\\\/f13568de9408f7355d21fdb41da46f04.png\",\"datePublished\":\"2023-02-09T17:56:00+00:00\",\"dateModified\":\"2025-05-20T22:45:34+00:00\",\"description\":\"L'association tunisienne des plaies et cicatrisation (ATPC) a lanc\u00e9 le premier centre Africain sp\u00e9cialis\u00e9 dans la cicatrisation des plaies et des soins th\u00e9rapeu...\",\"breadcrumb\":{\"@id\":\"https:\\\/\\\/www.webdo.tn\\\/fr\\\/actualite\\\/national\\\/tunisie-premier-centre-africain-specialise-dans-la-cicatrisation-des-plaies\\\/202753\\\/#breadcrumb\"},\"inLanguage\":\"fr-FR\",\"potentialAction\":[{\"@type\":\"ReadAction\",\"target\":[\"https:\\\/\\\/www.webdo.tn\\\/fr\\\/actualite\\\/national\\\/tunisie-premier-centre-africain-specialise-dans-la-cicatrisation-des-plaies\\\/202753\\\/\"]}]},{\"@type\":\"ImageObject\",\"inLanguage\":\"fr-FR\",\"@id\":\"https:\\\/\\\/www.webdo.tn\\\/fr\\\/actualite\\\/national\\\/tunisie-premier-centre-africain-specialise-dans-la-cicatrisation-des-plaies\\\/202753\\\/#primaryimage\",\"url\":\"https:\\\/\\\/www.webdo.tn\\\/fr\\\/wp-content\\\/uploads\\\/2023\\\/02\\\/f13568de9408f7355d21fdb41da46f04.png\",\"contentUrl\":\"https:\\\/\\\/www.webdo.tn\\\/fr\\\/wp-content\\\/uploads\\\/2023\\\/02\\\/f13568de9408f7355d21fdb41da46f04.png\",\"width\":750,\"height\":400,\"caption\":\"plaie\"},{\"@type\":\"BreadcrumbList\",\"@id\":\"https:\\\/\\\/www.webdo.tn\\\/fr\\\/actualite\\\/national\\\/tunisie-premier-centre-africain-specialise-dans-la-cicatrisation-des-plaies\\\/202753\\\/#breadcrumb\",\"itemListElement\":[{\"@type\":\"ListItem\",\"position\":1,\"name\":\"Accueil\",\"item\":\"https:\\\/\\\/www.webdo.tn\\\/fr\\\/\"},{\"@type\":\"ListItem\",\"position\":2,\"name\":\"Tunisie : Premier centre Africain sp\u00e9cialis\u00e9 dans la cicatrisation des plaies\"}]},{\"@type\":\"WebSite\",\"@id\":\"https:\\\/\\\/www.webdo.tn\\\/fr\\\/#website\",\"url\":\"https:\\\/\\\/www.webdo.tn\\\/fr\\\/\",\"name\":\"webdo\",\"description\":\"Tunisie - News en Tunisie et \u00e0 l&#039;international sur Webdo.tn\",\"publisher\":{\"@id\":\"https:\\\/\\\/www.webdo.tn\\\/fr\\\/#organization\"},\"potentialAction\":[{\"@type\":\"SearchAction\",\"target\":{\"@type\":\"EntryPoint\",\"urlTemplate\":\"https:\\\/\\\/www.webdo.tn\\\/fr\\\/?s={search_term_string}\"},\"query-input\":{\"@type\":\"PropertyValueSpecification\",\"valueRequired\":true,\"valueName\":\"search_term_string\"}}],\"inLanguage\":\"fr-FR\"},{\"@type\":\"Organization\",\"@id\":\"https:\\\/\\\/www.webdo.tn\\\/fr\\\/#organization\",\"name\":\"Webdo\",\"alternateName\":\"Webdo.tn\",\"url\":\"https:\\\/\\\/www.webdo.tn\\\/fr\\\/\",\"logo\":{\"@type\":\"ImageObject\",\"inLanguage\":\"fr-FR\",\"@id\":\"https:\\\/\\\/www.webdo.tn\\\/fr\\\/#\\\/schema\\\/logo\\\/image\\\/\",\"url\":\"https:\\\/\\\/www.webdo.tn\\\/fr\\\/wp-content\\\/uploads\\\/2025\\\/06\\\/Webdo-Tunisie_168377.jpg\",\"contentUrl\":\"https:\\\/\\\/www.webdo.tn\\\/fr\\\/wp-content\\\/uploads\\\/2025\\\/06\\\/Webdo-Tunisie_168377.jpg\",\"width\":301,\"height\":301,\"caption\":\"Webdo\"},\"image\":{\"@id\":\"https:\\\/\\\/www.webdo.tn\\\/fr\\\/#\\\/schema\\\/logo\\\/image\\\/\"},\"sameAs\":[\"https:\\\/\\\/www.facebook.com\\\/webdotn\",\"https:\\\/\\\/x.com\\\/webdo_tn\"],\"description\":\"Webdo est un m\u00e9dia num\u00e9rique tunisien fond\u00e9 en 2010, sp\u00e9cialis\u00e9 dans l\u2019actualit\u00e9 nationale et internationale, l\u2019\u00e9conomie, la soci\u00e9t\u00e9 et les analyses politiques. Le site s\u2019adresse \u00e0 un large public francophone et couvre l\u2019information tunisienne en temps r\u00e9el.\",\"email\":\"redac@webdo.tn\",\"legalName\":\"YNJ SARL\",\"foundingDate\":\"2010-09-06\",\"numberOfEmployees\":{\"@type\":\"QuantitativeValue\",\"minValue\":\"11\",\"maxValue\":\"50\"}},{\"@type\":\"Person\",\"@id\":\"https:\\\/\\\/www.webdo.tn\\\/fr\\\/#\\\/schema\\\/person\\\/f35b42a42c5e2511bbd282959d6385cc\",\"name\":\"CL\",\"image\":{\"@type\":\"ImageObject\",\"inLanguage\":\"fr-FR\",\"@id\":\"https:\\\/\\\/secure.gravatar.com\\\/avatar\\\/1447a49909b67aa657c488aec6512e1dd6143a480c1ecfee9b5b5cd74eb3b59e?s=96&d=mm&r=g\",\"url\":\"https:\\\/\\\/secure.gravatar.com\\\/avatar\\\/1447a49909b67aa657c488aec6512e1dd6143a480c1ecfee9b5b5cd74eb3b59e?s=96&d=mm&r=g\",\"contentUrl\":\"https:\\\/\\\/secure.gravatar.com\\\/avatar\\\/1447a49909b67aa657c488aec6512e1dd6143a480c1ecfee9b5b5cd74eb3b59e?s=96&d=mm&r=g\",\"caption\":\"CL\"},\"url\":\"https:\\\/\\\/www.webdo.tn\\\/fr\\\/actualite\\\/author\\\/cl\\\/\"}]}<\/script>\n<!-- \/ Yoast SEO Premium plugin. -->","yoast_head_json":{"title":"Tunisie : Premier centre Africain sp\u00e9cialis\u00e9 dans la cicatrisation des plaies","description":"L'association tunisienne des plaies et cicatrisation (ATPC) a lanc\u00e9 le premier centre Africain sp\u00e9cialis\u00e9 dans la cicatrisation des plaies et des soins th\u00e9rapeu...","canonical":"https:\/\/www.webdo.tn\/fr\/actualite\/national\/tunisie-premier-centre-africain-specialise-dans-la-cicatrisation-des-plaies\/202753\/","og_locale":"fr_FR","og_type":"article","og_title":"Tunisie : Premier centre Africain sp\u00e9cialis\u00e9 dans la cicatrisation des plaies","og_description":"L'association tunisienne des plaies et cicatrisation (ATPC) a lanc\u00e9 le premier centre Africain sp\u00e9cialis\u00e9 dans la cicatrisation des plaies et des soins th\u00e9rapeu...","og_url":"https:\/\/www.webdo.tn\/fr\/actualite\/national\/tunisie-premier-centre-africain-specialise-dans-la-cicatrisation-des-plaies\/202753\/","og_site_name":"webdo","article_publisher":"https:\/\/www.facebook.com\/webdotn","article_published_time":"2023-02-09T17:56:00+00:00","article_modified_time":"2025-05-20T22:45:34+00:00","og_image":[{"width":750,"height":400,"url":"https:\/\/www.webdo.tn\/fr\/wp-content\/uploads\/2023\/02\/f13568de9408f7355d21fdb41da46f04.png","type":"image\/png"}],"author":"CL","twitter_card":"summary_large_image","twitter_creator":"@webdo_tn","twitter_site":"@webdo_tn","twitter_misc":{"\u00c9crit par":"CL","Dur\u00e9e de lecture estim\u00e9e":"1 minute"},"schema":{"@context":"https:\/\/schema.org","@graph":[{"@type":"NewsArticle","@id":"https:\/\/www.webdo.tn\/fr\/actualite\/national\/tunisie-premier-centre-africain-specialise-dans-la-cicatrisation-des-plaies\/202753\/#article","isPartOf":{"@id":"https:\/\/www.webdo.tn\/fr\/actualite\/national\/tunisie-premier-centre-africain-specialise-dans-la-cicatrisation-des-plaies\/202753\/"},"author":{"name":"CL","@id":"https:\/\/www.webdo.tn\/fr\/#\/schema\/person\/f35b42a42c5e2511bbd282959d6385cc"},"headline":"Tunisie : Premier centre Africain sp\u00e9cialis\u00e9 dans la cicatrisation des plaies","datePublished":"2023-02-09T17:56:00+00:00","dateModified":"2025-05-20T22:45:34+00:00","mainEntityOfPage":{"@id":"https:\/\/www.webdo.tn\/fr\/actualite\/national\/tunisie-premier-centre-africain-specialise-dans-la-cicatrisation-des-plaies\/202753\/"},"wordCount":129,"commentCount":0,"publisher":{"@id":"https:\/\/www.webdo.tn\/fr\/#organization"},"image":{"@id":"https:\/\/www.webdo.tn\/fr\/actualite\/national\/tunisie-premier-centre-africain-specialise-dans-la-cicatrisation-des-plaies\/202753\/#primaryimage"},"thumbnailUrl":"https:\/\/www.webdo.tn\/fr\/wp-content\/uploads\/2023\/02\/f13568de9408f7355d21fdb41da46f04.png","keywords":["m\u00e9decine","Plaie","Tunisie"],"articleSection":["National"],"inLanguage":"fr-FR"},{"@type":"WebPage","@id":"https:\/\/www.webdo.tn\/fr\/actualite\/national\/tunisie-premier-centre-africain-specialise-dans-la-cicatrisation-des-plaies\/202753\/","url":"https:\/\/www.webdo.tn\/fr\/actualite\/national\/tunisie-premier-centre-africain-specialise-dans-la-cicatrisation-des-plaies\/202753\/","name":"Tunisie : Premier centre Africain sp\u00e9cialis\u00e9 dans la cicatrisation des plaies","isPartOf":{"@id":"https:\/\/www.webdo.tn\/fr\/#website"},"primaryImageOfPage":{"@id":"https:\/\/www.webdo.tn\/fr\/actualite\/national\/tunisie-premier-centre-africain-specialise-dans-la-cicatrisation-des-plaies\/202753\/#primaryimage"},"image":{"@id":"https:\/\/www.webdo.tn\/fr\/actualite\/national\/tunisie-premier-centre-africain-specialise-dans-la-cicatrisation-des-plaies\/202753\/#primaryimage"},"thumbnailUrl":"https:\/\/www.webdo.tn\/fr\/wp-content\/uploads\/2023\/02\/f13568de9408f7355d21fdb41da46f04.png","datePublished":"2023-02-09T17:56:00+00:00","dateModified":"2025-05-20T22:45:34+00:00","description":"L'association tunisienne des plaies et cicatrisation (ATPC) a lanc\u00e9 le premier centre Africain sp\u00e9cialis\u00e9 dans la cicatrisation des plaies et des soins th\u00e9rapeu...","breadcrumb":{"@id":"https:\/\/www.webdo.tn\/fr\/actualite\/national\/tunisie-premier-centre-africain-specialise-dans-la-cicatrisation-des-plaies\/202753\/#breadcrumb"},"inLanguage":"fr-FR","potentialAction":[{"@type":"ReadAction","target":["https:\/\/www.webdo.tn\/fr\/actualite\/national\/tunisie-premier-centre-africain-specialise-dans-la-cicatrisation-des-plaies\/202753\/"]}]},{"@type":"ImageObject","inLanguage":"fr-FR","@id":"https:\/\/www.webdo.tn\/fr\/actualite\/national\/tunisie-premier-centre-africain-specialise-dans-la-cicatrisation-des-plaies\/202753\/#primaryimage","url":"https:\/\/www.webdo.tn\/fr\/wp-content\/uploads\/2023\/02\/f13568de9408f7355d21fdb41da46f04.png","contentUrl":"https:\/\/www.webdo.tn\/fr\/wp-content\/uploads\/2023\/02\/f13568de9408f7355d21fdb41da46f04.png","width":750,"height":400,"caption":"plaie"},{"@type":"BreadcrumbList","@id":"https:\/\/www.webdo.tn\/fr\/actualite\/national\/tunisie-premier-centre-africain-specialise-dans-la-cicatrisation-des-plaies\/202753\/#breadcrumb","itemListElement":[{"@type":"ListItem","position":1,"name":"Accueil","item":"https:\/\/www.webdo.tn\/fr\/"},{"@type":"ListItem","position":2,"name":"Tunisie : Premier centre Africain sp\u00e9cialis\u00e9 dans la cicatrisation des plaies"}]},{"@type":"WebSite","@id":"https:\/\/www.webdo.tn\/fr\/#website","url":"https:\/\/www.webdo.tn\/fr\/","name":"webdo","description":"Tunisie - News en Tunisie et \u00e0 l&#039;international sur Webdo.tn","publisher":{"@id":"https:\/\/www.webdo.tn\/fr\/#organization"},"potentialAction":[{"@type":"SearchAction","target":{"@type":"EntryPoint","urlTemplate":"https:\/\/www.webdo.tn\/fr\/?s={search_term_string}"},"query-input":{"@type":"PropertyValueSpecification","valueRequired":true,"valueName":"search_term_string"}}],"inLanguage":"fr-FR"},{"@type":"Organization","@id":"https:\/\/www.webdo.tn\/fr\/#organization","name":"Webdo","alternateName":"Webdo.tn","url":"https:\/\/www.webdo.tn\/fr\/","logo":{"@type":"ImageObject","inLanguage":"fr-FR","@id":"https:\/\/www.webdo.tn\/fr\/#\/schema\/logo\/image\/","url":"https:\/\/www.webdo.tn\/fr\/wp-content\/uploads\/2025\/06\/Webdo-Tunisie_168377.jpg","contentUrl":"https:\/\/www.webdo.tn\/fr\/wp-content\/uploads\/2025\/06\/Webdo-Tunisie_168377.jpg","width":301,"height":301,"caption":"Webdo"},"image":{"@id":"https:\/\/www.webdo.tn\/fr\/#\/schema\/logo\/image\/"},"sameAs":["https:\/\/www.facebook.com\/webdotn","https:\/\/x.com\/webdo_tn"],"description":"Webdo est un m\u00e9dia num\u00e9rique tunisien fond\u00e9 en 2010, sp\u00e9cialis\u00e9 dans l\u2019actualit\u00e9 nationale et internationale, l\u2019\u00e9conomie, la soci\u00e9t\u00e9 et les analyses politiques. Le site s\u2019adresse \u00e0 un large public francophone et couvre l\u2019information tunisienne en temps r\u00e9el.","email":"redac@webdo.tn","legalName":"YNJ SARL","foundingDate":"2010-09-06","numberOfEmployees":{"@type":"QuantitativeValue","minValue":"11","maxValue":"50"}},{"@type":"Person","@id":"https:\/\/www.webdo.tn\/fr\/#\/schema\/person\/f35b42a42c5e2511bbd282959d6385cc","name":"CL","image":{"@type":"ImageObject","inLanguage":"fr-FR","@id":"https:\/\/secure.gravatar.com\/avatar\/1447a49909b67aa657c488aec6512e1dd6143a480c1ecfee9b5b5cd74eb3b59e?s=96&d=mm&r=g","url":"https:\/\/secure.gravatar.com\/avatar\/1447a49909b67aa657c488aec6512e1dd6143a480c1ecfee9b5b5cd74eb3b59e?s=96&d=mm&r=g","contentUrl":"https:\/\/secure.gravatar.com\/avatar\/1447a49909b67aa657c488aec6512e1dd6143a480c1ecfee9b5b5cd74eb3b59e?s=96&d=mm&r=g","caption":"CL"},"url":"https:\/\/www.webdo.tn\/fr\/actualite\/author\/cl\/"}]}},"_links":{"self":[{"href":"https:\/\/www.webdo.tn\/fr\/wp-json\/wp\/v2\/posts\/202753","targetHints":{"allow":["GET"]}}],"collection":[{"href":"https:\/\/www.webdo.tn\/fr\/wp-json\/wp\/v2\/posts"}],"about":[{"href":"https:\/\/www.webdo.tn\/fr\/wp-json\/wp\/v2\/types\/post"}],"author":[{"embeddable":true,"href":"https:\/\/www.webdo.tn\/fr\/wp-json\/wp\/v2\/users\/3175"}],"replies":[{"embeddable":true,"href":"https:\/\/www.webdo.tn\/fr\/wp-json\/wp\/v2\/comments?post=202753"}],"version-history":[{"count":0,"href":"https:\/\/www.webdo.tn\/fr\/wp-json\/wp\/v2\/posts\/202753\/revisions"}],"wp:featuredmedia":[{"embeddable":true,"href":"https:\/\/www.webdo.tn\/fr\/wp-json\/wp\/v2\/media\/252257"}],"wp:attachment":[{"href":"https:\/\/www.webdo.tn\/fr\/wp-json\/wp\/v2\/media?parent=202753"}],"wp:term":[{"taxonomy":"category","embeddable":true,"href":"https:\/\/www.webdo.tn\/fr\/wp-json\/wp\/v2\/categories?post=202753"},{"taxonomy":"post_tag","embeddable":true,"href":"https:\/\/www.webdo.tn\/fr\/wp-json\/wp\/v2\/tags?post=202753"}],"curies":[{"name":"wp","href":"https:\/\/api.w.org\/{rel}","templated":true}]}}