{"id":202748,"date":"2023-02-09T15:21:00","date_gmt":"2023-02-09T15:21:00","guid":{"rendered":"https:\/\/www.webdo.tn\/fr\/blog\/nos-ouvrieres-agricoles-meurent-sur-la-route-leurs-homologues-marocaines-decrochent-des-contrats-en-espagne\/202748\/"},"modified":"2025-05-20T22:58:50","modified_gmt":"2025-05-20T22:58:50","slug":"nos-ouvrieres-agricoles-meurent-sur-la-route-leurs-homologues-marocaines-decrochent-des-contrats-en-espagne","status":"publish","type":"post","link":"https:\/\/www.webdo.tn\/fr\/actualite\/national\/nos-ouvrieres-agricoles-meurent-sur-la-route-leurs-homologues-marocaines-decrochent-des-contrats-en-espagne\/202748\/","title":{"rendered":"Nos ouvri\u00e8res agricoles meurent sur la route, leurs homologues marocaines d\u00e9crochent des contrats en Espagne !"},"content":{"rendered":"<p>Au moment o\u00f9 3402 ouvri\u00e8res marocaines se sont dirig\u00e9es, mardi dernier, vers l\u2019Espagne pour pourvoir des postes dans les fermes de framboises et de fruits rouges dans la r\u00e9gion de Huelva, nos ouvri\u00e8res continuent \u00e0 \u00eatre victimes, dans l\u2019indiff\u00e9rence totale, des accidents de la route !<\/p>\n<p>\t\t\t\t\t\t\t\t\tNous sommes contraints \u00e0 nous pr\u00eater, malheureusement, \u00e0 ce jeu de comparaison, puisse cela nous servir d\u2019exemple pour nous ressusciter, cependant rien n\u2019est fait dans le sens de nous sortir de l\u2019orni\u00e8re.<\/p>\n<p>Les accidents de la route dont sont victimes nos vaillantes ouvri\u00e8res agricoles se suivent et se ressemblent et chaque jour apporte son lot d\u2019incidents, tout aussi identiques les uns que les autres.<\/p>\n<p>Ce matin, quatre ouvri\u00e8res, de la r\u00e9gion de Rouhiya du gouvernorat de Siliana, ont connu le triste sort, devenu malheureusement p\u00e9riodique, des infortun\u00e9es de la route. Un grave accident de la circulation dans la r\u00e9gion, ce matin, jeudi 9 f\u00e9vrier 2023, a n\u00e9cessit\u00e9 leur transfert \u00e0 l&rsquo;h\u00f4pital r\u00e9gional de Siliana.<\/p>\n<p>D\u2019apr\u00e8s les premiers \u00e9l\u00e9ments de l\u2019enqu\u00eate, une voiture de contrebande serait entr\u00e9e en collision avec la voiture qui transportait les ouvri\u00e8res agricoles.<\/p>\n<p>Du c\u00f4t\u00e9 du Maroc, les ouvri\u00e8res agricoles semblent mieux loties, du moins pour certaines d\u2019entre elles. Pas plus que mardi dernier, 3402 ouvri\u00e8res marocaines se sont dirig\u00e9es vers l\u2019Espagne pour pourvoir des postes dans les fermes de framboises et de fruits rouges dans la r\u00e9gion de Huelva.<\/p>\n<p>Une premi\u00e8re vague, compos\u00e9e de 3700 ouvri\u00e8res, est d\u00e9j\u00e0 sur place. Au total, elles seront quelque 15.000 pour le compte de cette saison agricole.<\/p>\n<p>Ce n\u2019est pas tout. L\u2019Union des coop\u00e9ratives agricoles de la r\u00e9gion de Huelva exige un rel\u00e8vement de ce nombre pour satisfaire les besoins locaux.<\/p>\n<p>Je vous laisse le soin de comparer l\u2019incomparable !<\/p>\n","protected":false},"excerpt":{"rendered":"<p>Au moment o\u00f9 3402 ouvri\u00e8res marocaines se sont dirig\u00e9es, mardi dernier, vers l\u2019Espagne pour pourvoir des postes dans les fermes de framboises et de fruits rouge&#8230;<\/p>\n","protected":false},"author":3188,"featured_media":252255,"comment_status":"open","ping_status":"closed","sticky":false,"template":"","format":"standard","meta":{"footnotes":""},"categories":[44],"tags":[3915,3464,3991,2608],"class_list":["post-202748","post","type-post","status-publish","format-standard","has-post-thumbnail","hentry","category-national","tag-accident","tag-maroc","tag-ouvrieres-agricoles","tag-tunisie"],"yoast_head":"<!-- This site is optimized with the Yoast SEO Premium plugin v27.5 (Yoast SEO v27.5) - https:\/\/yoast.com\/product\/yoast-seo-premium-wordpress\/ -->\n<title>Nos ouvri\u00e8res agricoles meurent sur la route, leurs homologues marocaines d\u00e9crochent des contrats en Espagne !<\/title>\n<meta name=\"description\" content=\"Au moment o\u00f9 3402 ouvri\u00e8res marocaines se sont dirig\u00e9es, mardi dernier, vers l\u2019Espagne pour pourvoir des postes dans les fermes de framboises et de fruits rouge...\" \/>\n<link rel=\"canonical\" href=\"https:\/\/www.webdo.tn\/fr\/actualite\/national\/nos-ouvrieres-agricoles-meurent-sur-la-route-leurs-homologues-marocaines-decrochent-des-contrats-en-espagne\/202748\/\" \/>\n<meta property=\"og:locale\" content=\"fr_FR\" \/>\n<meta property=\"og:type\" content=\"article\" \/>\n<meta property=\"og:title\" content=\"Nos ouvri\u00e8res agricoles meurent sur la route, leurs homologues marocaines d\u00e9crochent des contrats en Espagne !\" \/>\n<meta property=\"og:description\" content=\"Au moment o\u00f9 3402 ouvri\u00e8res marocaines se sont dirig\u00e9es, mardi dernier, vers l\u2019Espagne pour pourvoir des postes dans les fermes de framboises et de fruits rouge...\" \/>\n<meta property=\"og:url\" content=\"https:\/\/www.webdo.tn\/fr\/actualite\/national\/nos-ouvrieres-agricoles-meurent-sur-la-route-leurs-homologues-marocaines-decrochent-des-contrats-en-espagne\/202748\/\" \/>\n<meta property=\"og:site_name\" content=\"webdo\" \/>\n<meta property=\"article:publisher\" content=\"https:\/\/www.facebook.com\/webdotn\" \/>\n<meta property=\"article:published_time\" content=\"2023-02-09T15:21:00+00:00\" \/>\n<meta property=\"article:modified_time\" content=\"2025-05-20T22:58:50+00:00\" \/>\n<meta property=\"og:image\" content=\"https:\/\/www.webdo.tn\/fr\/wp-content\/uploads\/2023\/02\/8d9be2dc1cc60bcf7ac8e2e5fec75a4b.jpg\" \/>\n\t<meta property=\"og:image:width\" content=\"608\" \/>\n\t<meta property=\"og:image:height\" content=\"324\" \/>\n\t<meta property=\"og:image:type\" content=\"image\/jpeg\" \/>\n<meta name=\"author\" content=\"Ramzi\" \/>\n<meta name=\"twitter:card\" content=\"summary_large_image\" \/>\n<meta name=\"twitter:creator\" content=\"@webdo_tn\" \/>\n<meta name=\"twitter:site\" content=\"@webdo_tn\" \/>\n<meta name=\"twitter:label1\" content=\"\u00c9crit par\" \/>\n\t<meta name=\"twitter:data1\" content=\"Ramzi\" \/>\n\t<meta name=\"twitter:label2\" content=\"Dur\u00e9e de lecture estim\u00e9e\" \/>\n\t<meta name=\"twitter:data2\" content=\"2 minutes\" \/>\n<script type=\"application\/ld+json\" class=\"yoast-schema-graph\">{\"@context\":\"https:\\\/\\\/schema.org\",\"@graph\":[{\"@type\":\"NewsArticle\",\"@id\":\"https:\\\/\\\/www.webdo.tn\\\/fr\\\/actualite\\\/national\\\/nos-ouvrieres-agricoles-meurent-sur-la-route-leurs-homologues-marocaines-decrochent-des-contrats-en-espagne\\\/202748\\\/#article\",\"isPartOf\":{\"@id\":\"https:\\\/\\\/www.webdo.tn\\\/fr\\\/actualite\\\/national\\\/nos-ouvrieres-agricoles-meurent-sur-la-route-leurs-homologues-marocaines-decrochent-des-contrats-en-espagne\\\/202748\\\/\"},\"author\":{\"name\":\"Ramzi\",\"@id\":\"https:\\\/\\\/www.webdo.tn\\\/fr\\\/#\\\/schema\\\/person\\\/590cb5f81adcfde6385530fdbdf468e2\"},\"headline\":\"Nos ouvri\u00e8res agricoles meurent sur la route, leurs homologues marocaines d\u00e9crochent des contrats en Espagne !\",\"datePublished\":\"2023-02-09T15:21:00+00:00\",\"dateModified\":\"2025-05-20T22:58:50+00:00\",\"mainEntityOfPage\":{\"@id\":\"https:\\\/\\\/www.webdo.tn\\\/fr\\\/actualite\\\/national\\\/nos-ouvrieres-agricoles-meurent-sur-la-route-leurs-homologues-marocaines-decrochent-des-contrats-en-espagne\\\/202748\\\/\"},\"wordCount\":339,\"commentCount\":0,\"publisher\":{\"@id\":\"https:\\\/\\\/www.webdo.tn\\\/fr\\\/#organization\"},\"image\":{\"@id\":\"https:\\\/\\\/www.webdo.tn\\\/fr\\\/actualite\\\/national\\\/nos-ouvrieres-agricoles-meurent-sur-la-route-leurs-homologues-marocaines-decrochent-des-contrats-en-espagne\\\/202748\\\/#primaryimage\"},\"thumbnailUrl\":\"https:\\\/\\\/www.webdo.tn\\\/fr\\\/wp-content\\\/uploads\\\/2023\\\/02\\\/8d9be2dc1cc60bcf7ac8e2e5fec75a4b.jpg\",\"keywords\":[\"accident\",\"maroc\",\"ouvri\u00e8res agricoles\",\"Tunisie\"],\"articleSection\":[\"National\"],\"inLanguage\":\"fr-FR\"},{\"@type\":\"WebPage\",\"@id\":\"https:\\\/\\\/www.webdo.tn\\\/fr\\\/actualite\\\/national\\\/nos-ouvrieres-agricoles-meurent-sur-la-route-leurs-homologues-marocaines-decrochent-des-contrats-en-espagne\\\/202748\\\/\",\"url\":\"https:\\\/\\\/www.webdo.tn\\\/fr\\\/actualite\\\/national\\\/nos-ouvrieres-agricoles-meurent-sur-la-route-leurs-homologues-marocaines-decrochent-des-contrats-en-espagne\\\/202748\\\/\",\"name\":\"Nos ouvri\u00e8res agricoles meurent sur la route, leurs homologues marocaines d\u00e9crochent des contrats en Espagne !\",\"isPartOf\":{\"@id\":\"https:\\\/\\\/www.webdo.tn\\\/fr\\\/#website\"},\"primaryImageOfPage\":{\"@id\":\"https:\\\/\\\/www.webdo.tn\\\/fr\\\/actualite\\\/national\\\/nos-ouvrieres-agricoles-meurent-sur-la-route-leurs-homologues-marocaines-decrochent-des-contrats-en-espagne\\\/202748\\\/#primaryimage\"},\"image\":{\"@id\":\"https:\\\/\\\/www.webdo.tn\\\/fr\\\/actualite\\\/national\\\/nos-ouvrieres-agricoles-meurent-sur-la-route-leurs-homologues-marocaines-decrochent-des-contrats-en-espagne\\\/202748\\\/#primaryimage\"},\"thumbnailUrl\":\"https:\\\/\\\/www.webdo.tn\\\/fr\\\/wp-content\\\/uploads\\\/2023\\\/02\\\/8d9be2dc1cc60bcf7ac8e2e5fec75a4b.jpg\",\"datePublished\":\"2023-02-09T15:21:00+00:00\",\"dateModified\":\"2025-05-20T22:58:50+00:00\",\"description\":\"Au moment o\u00f9 3402 ouvri\u00e8res marocaines se sont dirig\u00e9es, mardi dernier, vers l\u2019Espagne pour pourvoir des postes dans les fermes de framboises et de fruits rouge...\",\"breadcrumb\":{\"@id\":\"https:\\\/\\\/www.webdo.tn\\\/fr\\\/actualite\\\/national\\\/nos-ouvrieres-agricoles-meurent-sur-la-route-leurs-homologues-marocaines-decrochent-des-contrats-en-espagne\\\/202748\\\/#breadcrumb\"},\"inLanguage\":\"fr-FR\",\"potentialAction\":[{\"@type\":\"ReadAction\",\"target\":[\"https:\\\/\\\/www.webdo.tn\\\/fr\\\/actualite\\\/national\\\/nos-ouvrieres-agricoles-meurent-sur-la-route-leurs-homologues-marocaines-decrochent-des-contrats-en-espagne\\\/202748\\\/\"]}]},{\"@type\":\"ImageObject\",\"inLanguage\":\"fr-FR\",\"@id\":\"https:\\\/\\\/www.webdo.tn\\\/fr\\\/actualite\\\/national\\\/nos-ouvrieres-agricoles-meurent-sur-la-route-leurs-homologues-marocaines-decrochent-des-contrats-en-espagne\\\/202748\\\/#primaryimage\",\"url\":\"https:\\\/\\\/www.webdo.tn\\\/fr\\\/wp-content\\\/uploads\\\/2023\\\/02\\\/8d9be2dc1cc60bcf7ac8e2e5fec75a4b.jpg\",\"contentUrl\":\"https:\\\/\\\/www.webdo.tn\\\/fr\\\/wp-content\\\/uploads\\\/2023\\\/02\\\/8d9be2dc1cc60bcf7ac8e2e5fec75a4b.jpg\",\"width\":608,\"height\":324,\"caption\":\"Nos ouvri\u00e8res agricoles meurent sur la route, leurs homologues marocaines d\u00e9crochent des contrats en Espagne !\"},{\"@type\":\"BreadcrumbList\",\"@id\":\"https:\\\/\\\/www.webdo.tn\\\/fr\\\/actualite\\\/national\\\/nos-ouvrieres-agricoles-meurent-sur-la-route-leurs-homologues-marocaines-decrochent-des-contrats-en-espagne\\\/202748\\\/#breadcrumb\",\"itemListElement\":[{\"@type\":\"ListItem\",\"position\":1,\"name\":\"Accueil\",\"item\":\"https:\\\/\\\/www.webdo.tn\\\/fr\\\/\"},{\"@type\":\"ListItem\",\"position\":2,\"name\":\"Nos ouvri\u00e8res agricoles meurent sur la route, leurs homologues marocaines d\u00e9crochent des contrats en Espagne !\"}]},{\"@type\":\"WebSite\",\"@id\":\"https:\\\/\\\/www.webdo.tn\\\/fr\\\/#website\",\"url\":\"https:\\\/\\\/www.webdo.tn\\\/fr\\\/\",\"name\":\"webdo\",\"description\":\"Tunisie - News en Tunisie et \u00e0 l&#039;international sur Webdo.tn\",\"publisher\":{\"@id\":\"https:\\\/\\\/www.webdo.tn\\\/fr\\\/#organization\"},\"potentialAction\":[{\"@type\":\"SearchAction\",\"target\":{\"@type\":\"EntryPoint\",\"urlTemplate\":\"https:\\\/\\\/www.webdo.tn\\\/fr\\\/?s={search_term_string}\"},\"query-input\":{\"@type\":\"PropertyValueSpecification\",\"valueRequired\":true,\"valueName\":\"search_term_string\"}}],\"inLanguage\":\"fr-FR\"},{\"@type\":\"Organization\",\"@id\":\"https:\\\/\\\/www.webdo.tn\\\/fr\\\/#organization\",\"name\":\"Webdo\",\"alternateName\":\"Webdo.tn\",\"url\":\"https:\\\/\\\/www.webdo.tn\\\/fr\\\/\",\"logo\":{\"@type\":\"ImageObject\",\"inLanguage\":\"fr-FR\",\"@id\":\"https:\\\/\\\/www.webdo.tn\\\/fr\\\/#\\\/schema\\\/logo\\\/image\\\/\",\"url\":\"https:\\\/\\\/www.webdo.tn\\\/fr\\\/wp-content\\\/uploads\\\/2025\\\/06\\\/Webdo-Tunisie_168377.jpg\",\"contentUrl\":\"https:\\\/\\\/www.webdo.tn\\\/fr\\\/wp-content\\\/uploads\\\/2025\\\/06\\\/Webdo-Tunisie_168377.jpg\",\"width\":301,\"height\":301,\"caption\":\"Webdo\"},\"image\":{\"@id\":\"https:\\\/\\\/www.webdo.tn\\\/fr\\\/#\\\/schema\\\/logo\\\/image\\\/\"},\"sameAs\":[\"https:\\\/\\\/www.facebook.com\\\/webdotn\",\"https:\\\/\\\/x.com\\\/webdo_tn\"],\"description\":\"Webdo est un m\u00e9dia num\u00e9rique tunisien fond\u00e9 en 2010, sp\u00e9cialis\u00e9 dans l\u2019actualit\u00e9 nationale et internationale, l\u2019\u00e9conomie, la soci\u00e9t\u00e9 et les analyses politiques. Le site s\u2019adresse \u00e0 un large public francophone et couvre l\u2019information tunisienne en temps r\u00e9el.\",\"email\":\"redac@webdo.tn\",\"legalName\":\"YNJ SARL\",\"foundingDate\":\"2010-09-06\",\"numberOfEmployees\":{\"@type\":\"QuantitativeValue\",\"minValue\":\"11\",\"maxValue\":\"50\"}},{\"@type\":\"Person\",\"@id\":\"https:\\\/\\\/www.webdo.tn\\\/fr\\\/#\\\/schema\\\/person\\\/590cb5f81adcfde6385530fdbdf468e2\",\"name\":\"Ramzi\",\"image\":{\"@type\":\"ImageObject\",\"inLanguage\":\"fr-FR\",\"@id\":\"https:\\\/\\\/secure.gravatar.com\\\/avatar\\\/48df7d18915e10cf866ba8e27604c81ff9243fd52704a1d210c3e387e1cb8d87?s=96&d=mm&r=g\",\"url\":\"https:\\\/\\\/secure.gravatar.com\\\/avatar\\\/48df7d18915e10cf866ba8e27604c81ff9243fd52704a1d210c3e387e1cb8d87?s=96&d=mm&r=g\",\"contentUrl\":\"https:\\\/\\\/secure.gravatar.com\\\/avatar\\\/48df7d18915e10cf866ba8e27604c81ff9243fd52704a1d210c3e387e1cb8d87?s=96&d=mm&r=g\",\"caption\":\"Ramzi\"},\"url\":\"https:\\\/\\\/www.webdo.tn\\\/fr\\\/actualite\\\/author\\\/ramzi\\\/\"}]}<\/script>\n<!-- \/ Yoast SEO Premium plugin. -->","yoast_head_json":{"title":"Nos ouvri\u00e8res agricoles meurent sur la route, leurs homologues marocaines d\u00e9crochent des contrats en Espagne !","description":"Au moment o\u00f9 3402 ouvri\u00e8res marocaines se sont dirig\u00e9es, mardi dernier, vers l\u2019Espagne pour pourvoir des postes dans les fermes de framboises et de fruits rouge...","canonical":"https:\/\/www.webdo.tn\/fr\/actualite\/national\/nos-ouvrieres-agricoles-meurent-sur-la-route-leurs-homologues-marocaines-decrochent-des-contrats-en-espagne\/202748\/","og_locale":"fr_FR","og_type":"article","og_title":"Nos ouvri\u00e8res agricoles meurent sur la route, leurs homologues marocaines d\u00e9crochent des contrats en Espagne !","og_description":"Au moment o\u00f9 3402 ouvri\u00e8res marocaines se sont dirig\u00e9es, mardi dernier, vers l\u2019Espagne pour pourvoir des postes dans les fermes de framboises et de fruits rouge...","og_url":"https:\/\/www.webdo.tn\/fr\/actualite\/national\/nos-ouvrieres-agricoles-meurent-sur-la-route-leurs-homologues-marocaines-decrochent-des-contrats-en-espagne\/202748\/","og_site_name":"webdo","article_publisher":"https:\/\/www.facebook.com\/webdotn","article_published_time":"2023-02-09T15:21:00+00:00","article_modified_time":"2025-05-20T22:58:50+00:00","og_image":[{"width":608,"height":324,"url":"https:\/\/www.webdo.tn\/fr\/wp-content\/uploads\/2023\/02\/8d9be2dc1cc60bcf7ac8e2e5fec75a4b.jpg","type":"image\/jpeg"}],"author":"Ramzi","twitter_card":"summary_large_image","twitter_creator":"@webdo_tn","twitter_site":"@webdo_tn","twitter_misc":{"\u00c9crit par":"Ramzi","Dur\u00e9e de lecture estim\u00e9e":"2 minutes"},"schema":{"@context":"https:\/\/schema.org","@graph":[{"@type":"NewsArticle","@id":"https:\/\/www.webdo.tn\/fr\/actualite\/national\/nos-ouvrieres-agricoles-meurent-sur-la-route-leurs-homologues-marocaines-decrochent-des-contrats-en-espagne\/202748\/#article","isPartOf":{"@id":"https:\/\/www.webdo.tn\/fr\/actualite\/national\/nos-ouvrieres-agricoles-meurent-sur-la-route-leurs-homologues-marocaines-decrochent-des-contrats-en-espagne\/202748\/"},"author":{"name":"Ramzi","@id":"https:\/\/www.webdo.tn\/fr\/#\/schema\/person\/590cb5f81adcfde6385530fdbdf468e2"},"headline":"Nos ouvri\u00e8res agricoles meurent sur la route, leurs homologues marocaines d\u00e9crochent des contrats en Espagne !","datePublished":"2023-02-09T15:21:00+00:00","dateModified":"2025-05-20T22:58:50+00:00","mainEntityOfPage":{"@id":"https:\/\/www.webdo.tn\/fr\/actualite\/national\/nos-ouvrieres-agricoles-meurent-sur-la-route-leurs-homologues-marocaines-decrochent-des-contrats-en-espagne\/202748\/"},"wordCount":339,"commentCount":0,"publisher":{"@id":"https:\/\/www.webdo.tn\/fr\/#organization"},"image":{"@id":"https:\/\/www.webdo.tn\/fr\/actualite\/national\/nos-ouvrieres-agricoles-meurent-sur-la-route-leurs-homologues-marocaines-decrochent-des-contrats-en-espagne\/202748\/#primaryimage"},"thumbnailUrl":"https:\/\/www.webdo.tn\/fr\/wp-content\/uploads\/2023\/02\/8d9be2dc1cc60bcf7ac8e2e5fec75a4b.jpg","keywords":["accident","maroc","ouvri\u00e8res agricoles","Tunisie"],"articleSection":["National"],"inLanguage":"fr-FR"},{"@type":"WebPage","@id":"https:\/\/www.webdo.tn\/fr\/actualite\/national\/nos-ouvrieres-agricoles-meurent-sur-la-route-leurs-homologues-marocaines-decrochent-des-contrats-en-espagne\/202748\/","url":"https:\/\/www.webdo.tn\/fr\/actualite\/national\/nos-ouvrieres-agricoles-meurent-sur-la-route-leurs-homologues-marocaines-decrochent-des-contrats-en-espagne\/202748\/","name":"Nos ouvri\u00e8res agricoles meurent sur la route, leurs homologues marocaines d\u00e9crochent des contrats en Espagne !","isPartOf":{"@id":"https:\/\/www.webdo.tn\/fr\/#website"},"primaryImageOfPage":{"@id":"https:\/\/www.webdo.tn\/fr\/actualite\/national\/nos-ouvrieres-agricoles-meurent-sur-la-route-leurs-homologues-marocaines-decrochent-des-contrats-en-espagne\/202748\/#primaryimage"},"image":{"@id":"https:\/\/www.webdo.tn\/fr\/actualite\/national\/nos-ouvrieres-agricoles-meurent-sur-la-route-leurs-homologues-marocaines-decrochent-des-contrats-en-espagne\/202748\/#primaryimage"},"thumbnailUrl":"https:\/\/www.webdo.tn\/fr\/wp-content\/uploads\/2023\/02\/8d9be2dc1cc60bcf7ac8e2e5fec75a4b.jpg","datePublished":"2023-02-09T15:21:00+00:00","dateModified":"2025-05-20T22:58:50+00:00","description":"Au moment o\u00f9 3402 ouvri\u00e8res marocaines se sont dirig\u00e9es, mardi dernier, vers l\u2019Espagne pour pourvoir des postes dans les fermes de framboises et de fruits rouge...","breadcrumb":{"@id":"https:\/\/www.webdo.tn\/fr\/actualite\/national\/nos-ouvrieres-agricoles-meurent-sur-la-route-leurs-homologues-marocaines-decrochent-des-contrats-en-espagne\/202748\/#breadcrumb"},"inLanguage":"fr-FR","potentialAction":[{"@type":"ReadAction","target":["https:\/\/www.webdo.tn\/fr\/actualite\/national\/nos-ouvrieres-agricoles-meurent-sur-la-route-leurs-homologues-marocaines-decrochent-des-contrats-en-espagne\/202748\/"]}]},{"@type":"ImageObject","inLanguage":"fr-FR","@id":"https:\/\/www.webdo.tn\/fr\/actualite\/national\/nos-ouvrieres-agricoles-meurent-sur-la-route-leurs-homologues-marocaines-decrochent-des-contrats-en-espagne\/202748\/#primaryimage","url":"https:\/\/www.webdo.tn\/fr\/wp-content\/uploads\/2023\/02\/8d9be2dc1cc60bcf7ac8e2e5fec75a4b.jpg","contentUrl":"https:\/\/www.webdo.tn\/fr\/wp-content\/uploads\/2023\/02\/8d9be2dc1cc60bcf7ac8e2e5fec75a4b.jpg","width":608,"height":324,"caption":"Nos ouvri\u00e8res agricoles meurent sur la route, leurs homologues marocaines d\u00e9crochent des contrats en Espagne !"},{"@type":"BreadcrumbList","@id":"https:\/\/www.webdo.tn\/fr\/actualite\/national\/nos-ouvrieres-agricoles-meurent-sur-la-route-leurs-homologues-marocaines-decrochent-des-contrats-en-espagne\/202748\/#breadcrumb","itemListElement":[{"@type":"ListItem","position":1,"name":"Accueil","item":"https:\/\/www.webdo.tn\/fr\/"},{"@type":"ListItem","position":2,"name":"Nos ouvri\u00e8res agricoles meurent sur la route, leurs homologues marocaines d\u00e9crochent des contrats en Espagne !"}]},{"@type":"WebSite","@id":"https:\/\/www.webdo.tn\/fr\/#website","url":"https:\/\/www.webdo.tn\/fr\/","name":"webdo","description":"Tunisie - News en Tunisie et \u00e0 l&#039;international sur Webdo.tn","publisher":{"@id":"https:\/\/www.webdo.tn\/fr\/#organization"},"potentialAction":[{"@type":"SearchAction","target":{"@type":"EntryPoint","urlTemplate":"https:\/\/www.webdo.tn\/fr\/?s={search_term_string}"},"query-input":{"@type":"PropertyValueSpecification","valueRequired":true,"valueName":"search_term_string"}}],"inLanguage":"fr-FR"},{"@type":"Organization","@id":"https:\/\/www.webdo.tn\/fr\/#organization","name":"Webdo","alternateName":"Webdo.tn","url":"https:\/\/www.webdo.tn\/fr\/","logo":{"@type":"ImageObject","inLanguage":"fr-FR","@id":"https:\/\/www.webdo.tn\/fr\/#\/schema\/logo\/image\/","url":"https:\/\/www.webdo.tn\/fr\/wp-content\/uploads\/2025\/06\/Webdo-Tunisie_168377.jpg","contentUrl":"https:\/\/www.webdo.tn\/fr\/wp-content\/uploads\/2025\/06\/Webdo-Tunisie_168377.jpg","width":301,"height":301,"caption":"Webdo"},"image":{"@id":"https:\/\/www.webdo.tn\/fr\/#\/schema\/logo\/image\/"},"sameAs":["https:\/\/www.facebook.com\/webdotn","https:\/\/x.com\/webdo_tn"],"description":"Webdo est un m\u00e9dia num\u00e9rique tunisien fond\u00e9 en 2010, sp\u00e9cialis\u00e9 dans l\u2019actualit\u00e9 nationale et internationale, l\u2019\u00e9conomie, la soci\u00e9t\u00e9 et les analyses politiques. Le site s\u2019adresse \u00e0 un large public francophone et couvre l\u2019information tunisienne en temps r\u00e9el.","email":"redac@webdo.tn","legalName":"YNJ SARL","foundingDate":"2010-09-06","numberOfEmployees":{"@type":"QuantitativeValue","minValue":"11","maxValue":"50"}},{"@type":"Person","@id":"https:\/\/www.webdo.tn\/fr\/#\/schema\/person\/590cb5f81adcfde6385530fdbdf468e2","name":"Ramzi","image":{"@type":"ImageObject","inLanguage":"fr-FR","@id":"https:\/\/secure.gravatar.com\/avatar\/48df7d18915e10cf866ba8e27604c81ff9243fd52704a1d210c3e387e1cb8d87?s=96&d=mm&r=g","url":"https:\/\/secure.gravatar.com\/avatar\/48df7d18915e10cf866ba8e27604c81ff9243fd52704a1d210c3e387e1cb8d87?s=96&d=mm&r=g","contentUrl":"https:\/\/secure.gravatar.com\/avatar\/48df7d18915e10cf866ba8e27604c81ff9243fd52704a1d210c3e387e1cb8d87?s=96&d=mm&r=g","caption":"Ramzi"},"url":"https:\/\/www.webdo.tn\/fr\/actualite\/author\/ramzi\/"}]}},"_links":{"self":[{"href":"https:\/\/www.webdo.tn\/fr\/wp-json\/wp\/v2\/posts\/202748","targetHints":{"allow":["GET"]}}],"collection":[{"href":"https:\/\/www.webdo.tn\/fr\/wp-json\/wp\/v2\/posts"}],"about":[{"href":"https:\/\/www.webdo.tn\/fr\/wp-json\/wp\/v2\/types\/post"}],"author":[{"embeddable":true,"href":"https:\/\/www.webdo.tn\/fr\/wp-json\/wp\/v2\/users\/3188"}],"replies":[{"embeddable":true,"href":"https:\/\/www.webdo.tn\/fr\/wp-json\/wp\/v2\/comments?post=202748"}],"version-history":[{"count":0,"href":"https:\/\/www.webdo.tn\/fr\/wp-json\/wp\/v2\/posts\/202748\/revisions"}],"wp:featuredmedia":[{"embeddable":true,"href":"https:\/\/www.webdo.tn\/fr\/wp-json\/wp\/v2\/media\/252255"}],"wp:attachment":[{"href":"https:\/\/www.webdo.tn\/fr\/wp-json\/wp\/v2\/media?parent=202748"}],"wp:term":[{"taxonomy":"category","embeddable":true,"href":"https:\/\/www.webdo.tn\/fr\/wp-json\/wp\/v2\/categories?post=202748"},{"taxonomy":"post_tag","embeddable":true,"href":"https:\/\/www.webdo.tn\/fr\/wp-json\/wp\/v2\/tags?post=202748"}],"curies":[{"name":"wp","href":"https:\/\/api.w.org\/{rel}","templated":true}]}}