{"id":202747,"date":"2023-02-09T15:05:00","date_gmt":"2023-02-09T15:05:00","guid":{"rendered":"https:\/\/www.webdo.tn\/fr\/blog\/seisme-des-degats-economiques-estimes-a-4-milliards-de-dollars-selon-fitch\/202747\/"},"modified":"2025-05-20T22:07:28","modified_gmt":"2025-05-20T22:07:28","slug":"seisme-des-degats-economiques-estimes-a-4-milliards-de-dollars-selon-fitch","status":"publish","type":"post","link":"https:\/\/www.webdo.tn\/fr\/actualite\/international\/seisme-des-degats-economiques-estimes-a-4-milliards-de-dollars-selon-fitch\/202747\/","title":{"rendered":"S\u00e9isme : Des d\u00e9g\u00e2ts \u00e9conomiques estim\u00e9s \u00e0 4 milliards de dollars, selon Fitch"},"content":{"rendered":"<p>Les d\u00e9g\u00e2ts \u00e9conomiques engendr\u00e9s par les puissants s\u00e9ismes qui ont d\u00e9vast\u00e9 une partie de la Turquie et de la Syrie pourraient atteindre 4 milliards de dollars, selon l&rsquo;agence Fitch.<\/p>\n<p>\t\t\t\t\t\t\t\t\t\u00ab\u00a0Les pertes \u00e9conomiques sont difficiles \u00e0 estimer car la situation \u00e9volue, mais elles semblent susceptibles de d\u00e9passer 2 milliards de dollars et pourraient atteindre 4 milliards de dollars ou plus\u00a0\u00bb, \u00e9crit l\u2019agence de notation financi\u00e8re.<\/p>\n<p>Le bilan des s\u00e9ismes qui ont frapp\u00e9 la Turquie et la Syrie ne cesse de s&rsquo;alourdir et d\u00e9passe d\u00e9sormais les 17.500 morts.<\/p>\n<p>Le nouveau bilan toujours provisoire diffus\u00e9 officiellement fait d\u00e9sormais \u00e9tat de plus de 17.500 victimes mortes dans le s\u00e9isme et ses r\u00e9pliques qui ont touch\u00e9 la Turquie et la Syrie lundi matin.<\/p>\n<p>L\u2019Afad, organisme officiel de secours turc, fait \u00e9tat de 5775 b\u00e2timents d\u00e9truits, mais plus de 11.000 pourraient \u00eatre durablement endommag\u00e9s.<\/p>\n","protected":false},"excerpt":{"rendered":"<p>Les d\u00e9g\u00e2ts \u00e9conomiques engendr\u00e9s par les puissants s\u00e9ismes qui ont d\u00e9vast\u00e9 une partie de la Turquie et de la Syrie pourraient atteindre 4 milliards de dollars,&#8230;<\/p>\n","protected":false},"author":3162,"featured_media":277731,"comment_status":"open","ping_status":"closed","sticky":false,"template":"","format":"standard","meta":{"footnotes":""},"categories":[2598],"tags":[9329,7271,3504,3550],"class_list":["post-202747","post","type-post","status-publish","format-standard","has-post-thumbnail","hentry","category-international","tag-degats","tag-seisme","tag-syrie","tag-turquie"],"yoast_head":"<!-- This site is optimized with the Yoast SEO Premium plugin v27.4 (Yoast SEO v27.5) - https:\/\/yoast.com\/product\/yoast-seo-premium-wordpress\/ -->\n<title>S\u00e9isme : Des d\u00e9g\u00e2ts \u00e9conomiques estim\u00e9s \u00e0 4 milliards de dollars, selon Fitch<\/title>\n<meta name=\"description\" content=\"Les d\u00e9g\u00e2ts \u00e9conomiques engendr\u00e9s par les puissants s\u00e9ismes qui ont d\u00e9vast\u00e9 une partie de la Turquie et de la Syrie pourraient atteindre 4 milliards de dollars,...\" \/>\n<link rel=\"canonical\" href=\"https:\/\/www.webdo.tn\/fr\/actualite\/international\/seisme-des-degats-economiques-estimes-a-4-milliards-de-dollars-selon-fitch\/202747\/\" \/>\n<meta property=\"og:locale\" content=\"fr_FR\" \/>\n<meta property=\"og:type\" content=\"article\" \/>\n<meta property=\"og:title\" content=\"S\u00e9isme : Des d\u00e9g\u00e2ts \u00e9conomiques estim\u00e9s \u00e0 4 milliards de dollars, selon Fitch\" \/>\n<meta property=\"og:description\" content=\"Les d\u00e9g\u00e2ts \u00e9conomiques engendr\u00e9s par les puissants s\u00e9ismes qui ont d\u00e9vast\u00e9 une partie de la Turquie et de la Syrie pourraient atteindre 4 milliards de dollars,...\" \/>\n<meta property=\"og:url\" content=\"https:\/\/www.webdo.tn\/fr\/actualite\/international\/seisme-des-degats-economiques-estimes-a-4-milliards-de-dollars-selon-fitch\/202747\/\" \/>\n<meta property=\"og:site_name\" content=\"webdo\" \/>\n<meta property=\"article:publisher\" content=\"https:\/\/www.facebook.com\/webdotn\" \/>\n<meta property=\"article:published_time\" content=\"2023-02-09T15:05:00+00:00\" \/>\n<meta property=\"article:modified_time\" content=\"2025-05-20T22:07:28+00:00\" \/>\n<meta property=\"og:image\" content=\"https:\/\/www.webdo.tn\/fr\/wp-content\/uploads\/2023\/02\/2b6e6beb8c0c83f44aafaa90e4cd3c9d.jpg\" \/>\n\t<meta property=\"og:image:width\" content=\"750\" \/>\n\t<meta property=\"og:image:height\" content=\"400\" \/>\n\t<meta property=\"og:image:type\" content=\"image\/jpeg\" \/>\n<meta name=\"author\" content=\"MC\" \/>\n<meta name=\"twitter:card\" content=\"summary_large_image\" \/>\n<meta name=\"twitter:creator\" content=\"@webdo_tn\" \/>\n<meta name=\"twitter:site\" content=\"@webdo_tn\" \/>\n<meta name=\"twitter:label1\" content=\"\u00c9crit par\" \/>\n\t<meta name=\"twitter:data1\" content=\"MC\" \/>\n\t<meta name=\"twitter:label2\" content=\"Dur\u00e9e de lecture estim\u00e9e\" \/>\n\t<meta name=\"twitter:data2\" content=\"1 minute\" \/>\n<script type=\"application\/ld+json\" class=\"yoast-schema-graph\">{\"@context\":\"https:\\\/\\\/schema.org\",\"@graph\":[{\"@type\":\"NewsArticle\",\"@id\":\"https:\\\/\\\/www.webdo.tn\\\/fr\\\/actualite\\\/international\\\/seisme-des-degats-economiques-estimes-a-4-milliards-de-dollars-selon-fitch\\\/202747\\\/#article\",\"isPartOf\":{\"@id\":\"https:\\\/\\\/www.webdo.tn\\\/fr\\\/actualite\\\/international\\\/seisme-des-degats-economiques-estimes-a-4-milliards-de-dollars-selon-fitch\\\/202747\\\/\"},\"author\":{\"name\":\"MC\",\"@id\":\"https:\\\/\\\/www.webdo.tn\\\/fr\\\/#\\\/schema\\\/person\\\/2c4929cbf5a809e3bd38617c6ce150f6\"},\"headline\":\"S\u00e9isme : Des d\u00e9g\u00e2ts \u00e9conomiques estim\u00e9s \u00e0 4 milliards de dollars, selon Fitch\",\"datePublished\":\"2023-02-09T15:05:00+00:00\",\"dateModified\":\"2025-05-20T22:07:28+00:00\",\"mainEntityOfPage\":{\"@id\":\"https:\\\/\\\/www.webdo.tn\\\/fr\\\/actualite\\\/international\\\/seisme-des-degats-economiques-estimes-a-4-milliards-de-dollars-selon-fitch\\\/202747\\\/\"},\"wordCount\":164,\"commentCount\":0,\"publisher\":{\"@id\":\"https:\\\/\\\/www.webdo.tn\\\/fr\\\/#organization\"},\"image\":{\"@id\":\"https:\\\/\\\/www.webdo.tn\\\/fr\\\/actualite\\\/international\\\/seisme-des-degats-economiques-estimes-a-4-milliards-de-dollars-selon-fitch\\\/202747\\\/#primaryimage\"},\"thumbnailUrl\":\"https:\\\/\\\/www.webdo.tn\\\/fr\\\/wp-content\\\/uploads\\\/2023\\\/02\\\/2b6e6beb8c0c83f44aafaa90e4cd3c9d.jpg\",\"keywords\":[\"d\u00e9g\u00e2ts\",\"s\u00e9isme\",\"syrie\",\"Turquie\"],\"articleSection\":[\"International\"],\"inLanguage\":\"fr-FR\"},{\"@type\":\"WebPage\",\"@id\":\"https:\\\/\\\/www.webdo.tn\\\/fr\\\/actualite\\\/international\\\/seisme-des-degats-economiques-estimes-a-4-milliards-de-dollars-selon-fitch\\\/202747\\\/\",\"url\":\"https:\\\/\\\/www.webdo.tn\\\/fr\\\/actualite\\\/international\\\/seisme-des-degats-economiques-estimes-a-4-milliards-de-dollars-selon-fitch\\\/202747\\\/\",\"name\":\"S\u00e9isme : Des d\u00e9g\u00e2ts \u00e9conomiques estim\u00e9s \u00e0 4 milliards de dollars, selon Fitch\",\"isPartOf\":{\"@id\":\"https:\\\/\\\/www.webdo.tn\\\/fr\\\/#website\"},\"primaryImageOfPage\":{\"@id\":\"https:\\\/\\\/www.webdo.tn\\\/fr\\\/actualite\\\/international\\\/seisme-des-degats-economiques-estimes-a-4-milliards-de-dollars-selon-fitch\\\/202747\\\/#primaryimage\"},\"image\":{\"@id\":\"https:\\\/\\\/www.webdo.tn\\\/fr\\\/actualite\\\/international\\\/seisme-des-degats-economiques-estimes-a-4-milliards-de-dollars-selon-fitch\\\/202747\\\/#primaryimage\"},\"thumbnailUrl\":\"https:\\\/\\\/www.webdo.tn\\\/fr\\\/wp-content\\\/uploads\\\/2023\\\/02\\\/2b6e6beb8c0c83f44aafaa90e4cd3c9d.jpg\",\"datePublished\":\"2023-02-09T15:05:00+00:00\",\"dateModified\":\"2025-05-20T22:07:28+00:00\",\"description\":\"Les d\u00e9g\u00e2ts \u00e9conomiques engendr\u00e9s par les puissants s\u00e9ismes qui ont d\u00e9vast\u00e9 une partie de la Turquie et de la Syrie pourraient atteindre 4 milliards de dollars,...\",\"breadcrumb\":{\"@id\":\"https:\\\/\\\/www.webdo.tn\\\/fr\\\/actualite\\\/international\\\/seisme-des-degats-economiques-estimes-a-4-milliards-de-dollars-selon-fitch\\\/202747\\\/#breadcrumb\"},\"inLanguage\":\"fr-FR\",\"potentialAction\":[{\"@type\":\"ReadAction\",\"target\":[\"https:\\\/\\\/www.webdo.tn\\\/fr\\\/actualite\\\/international\\\/seisme-des-degats-economiques-estimes-a-4-milliards-de-dollars-selon-fitch\\\/202747\\\/\"]}]},{\"@type\":\"ImageObject\",\"inLanguage\":\"fr-FR\",\"@id\":\"https:\\\/\\\/www.webdo.tn\\\/fr\\\/actualite\\\/international\\\/seisme-des-degats-economiques-estimes-a-4-milliards-de-dollars-selon-fitch\\\/202747\\\/#primaryimage\",\"url\":\"https:\\\/\\\/www.webdo.tn\\\/fr\\\/wp-content\\\/uploads\\\/2023\\\/02\\\/2b6e6beb8c0c83f44aafaa90e4cd3c9d.jpg\",\"contentUrl\":\"https:\\\/\\\/www.webdo.tn\\\/fr\\\/wp-content\\\/uploads\\\/2023\\\/02\\\/2b6e6beb8c0c83f44aafaa90e4cd3c9d.jpg\",\"width\":750,\"height\":400,\"caption\":\"S\u00e9isme : Des d\u00e9g\u00e2ts \u00e9conomiques estim\u00e9s \u00e0 4 milliards de dollars, selon Fitch\"},{\"@type\":\"BreadcrumbList\",\"@id\":\"https:\\\/\\\/www.webdo.tn\\\/fr\\\/actualite\\\/international\\\/seisme-des-degats-economiques-estimes-a-4-milliards-de-dollars-selon-fitch\\\/202747\\\/#breadcrumb\",\"itemListElement\":[{\"@type\":\"ListItem\",\"position\":1,\"name\":\"Accueil\",\"item\":\"https:\\\/\\\/www.webdo.tn\\\/fr\\\/\"},{\"@type\":\"ListItem\",\"position\":2,\"name\":\"S\u00e9isme : Des d\u00e9g\u00e2ts \u00e9conomiques estim\u00e9s \u00e0 4 milliards de dollars, selon Fitch\"}]},{\"@type\":\"WebSite\",\"@id\":\"https:\\\/\\\/www.webdo.tn\\\/fr\\\/#website\",\"url\":\"https:\\\/\\\/www.webdo.tn\\\/fr\\\/\",\"name\":\"webdo\",\"description\":\"Tunisie - News en Tunisie et \u00e0 l&#039;international sur Webdo.tn\",\"publisher\":{\"@id\":\"https:\\\/\\\/www.webdo.tn\\\/fr\\\/#organization\"},\"potentialAction\":[{\"@type\":\"SearchAction\",\"target\":{\"@type\":\"EntryPoint\",\"urlTemplate\":\"https:\\\/\\\/www.webdo.tn\\\/fr\\\/?s={search_term_string}\"},\"query-input\":{\"@type\":\"PropertyValueSpecification\",\"valueRequired\":true,\"valueName\":\"search_term_string\"}}],\"inLanguage\":\"fr-FR\"},{\"@type\":\"Organization\",\"@id\":\"https:\\\/\\\/www.webdo.tn\\\/fr\\\/#organization\",\"name\":\"Webdo\",\"alternateName\":\"Webdo.tn\",\"url\":\"https:\\\/\\\/www.webdo.tn\\\/fr\\\/\",\"logo\":{\"@type\":\"ImageObject\",\"inLanguage\":\"fr-FR\",\"@id\":\"https:\\\/\\\/www.webdo.tn\\\/fr\\\/#\\\/schema\\\/logo\\\/image\\\/\",\"url\":\"https:\\\/\\\/www.webdo.tn\\\/fr\\\/wp-content\\\/uploads\\\/2025\\\/06\\\/Webdo-Tunisie_168377.jpg\",\"contentUrl\":\"https:\\\/\\\/www.webdo.tn\\\/fr\\\/wp-content\\\/uploads\\\/2025\\\/06\\\/Webdo-Tunisie_168377.jpg\",\"width\":301,\"height\":301,\"caption\":\"Webdo\"},\"image\":{\"@id\":\"https:\\\/\\\/www.webdo.tn\\\/fr\\\/#\\\/schema\\\/logo\\\/image\\\/\"},\"sameAs\":[\"https:\\\/\\\/www.facebook.com\\\/webdotn\",\"https:\\\/\\\/x.com\\\/webdo_tn\"],\"description\":\"Webdo est un m\u00e9dia num\u00e9rique tunisien fond\u00e9 en 2010, sp\u00e9cialis\u00e9 dans l\u2019actualit\u00e9 nationale et internationale, l\u2019\u00e9conomie, la soci\u00e9t\u00e9 et les analyses politiques. Le site s\u2019adresse \u00e0 un large public francophone et couvre l\u2019information tunisienne en temps r\u00e9el.\",\"email\":\"redac@webdo.tn\",\"legalName\":\"YNJ SARL\",\"foundingDate\":\"2010-09-06\",\"numberOfEmployees\":{\"@type\":\"QuantitativeValue\",\"minValue\":\"11\",\"maxValue\":\"50\"}},{\"@type\":\"Person\",\"@id\":\"https:\\\/\\\/www.webdo.tn\\\/fr\\\/#\\\/schema\\\/person\\\/2c4929cbf5a809e3bd38617c6ce150f6\",\"name\":\"MC\",\"image\":{\"@type\":\"ImageObject\",\"inLanguage\":\"fr-FR\",\"@id\":\"https:\\\/\\\/secure.gravatar.com\\\/avatar\\\/a545bbb6f84efdd5553dbbc2895e3ca8f1d12c5215e00a041c9670b54aa9b18a?s=96&d=mm&r=g\",\"url\":\"https:\\\/\\\/secure.gravatar.com\\\/avatar\\\/a545bbb6f84efdd5553dbbc2895e3ca8f1d12c5215e00a041c9670b54aa9b18a?s=96&d=mm&r=g\",\"contentUrl\":\"https:\\\/\\\/secure.gravatar.com\\\/avatar\\\/a545bbb6f84efdd5553dbbc2895e3ca8f1d12c5215e00a041c9670b54aa9b18a?s=96&d=mm&r=g\",\"caption\":\"MC\"},\"url\":\"https:\\\/\\\/www.webdo.tn\\\/fr\\\/actualite\\\/author\\\/mc\\\/\"}]}<\/script>\n<!-- \/ Yoast SEO Premium plugin. -->","yoast_head_json":{"title":"S\u00e9isme : Des d\u00e9g\u00e2ts \u00e9conomiques estim\u00e9s \u00e0 4 milliards de dollars, selon Fitch","description":"Les d\u00e9g\u00e2ts \u00e9conomiques engendr\u00e9s par les puissants s\u00e9ismes qui ont d\u00e9vast\u00e9 une partie de la Turquie et de la Syrie pourraient atteindre 4 milliards de dollars,...","canonical":"https:\/\/www.webdo.tn\/fr\/actualite\/international\/seisme-des-degats-economiques-estimes-a-4-milliards-de-dollars-selon-fitch\/202747\/","og_locale":"fr_FR","og_type":"article","og_title":"S\u00e9isme : Des d\u00e9g\u00e2ts \u00e9conomiques estim\u00e9s \u00e0 4 milliards de dollars, selon Fitch","og_description":"Les d\u00e9g\u00e2ts \u00e9conomiques engendr\u00e9s par les puissants s\u00e9ismes qui ont d\u00e9vast\u00e9 une partie de la Turquie et de la Syrie pourraient atteindre 4 milliards de dollars,...","og_url":"https:\/\/www.webdo.tn\/fr\/actualite\/international\/seisme-des-degats-economiques-estimes-a-4-milliards-de-dollars-selon-fitch\/202747\/","og_site_name":"webdo","article_publisher":"https:\/\/www.facebook.com\/webdotn","article_published_time":"2023-02-09T15:05:00+00:00","article_modified_time":"2025-05-20T22:07:28+00:00","og_image":[{"width":750,"height":400,"url":"https:\/\/www.webdo.tn\/fr\/wp-content\/uploads\/2023\/02\/2b6e6beb8c0c83f44aafaa90e4cd3c9d.jpg","type":"image\/jpeg"}],"author":"MC","twitter_card":"summary_large_image","twitter_creator":"@webdo_tn","twitter_site":"@webdo_tn","twitter_misc":{"\u00c9crit par":"MC","Dur\u00e9e de lecture estim\u00e9e":"1 minute"},"schema":{"@context":"https:\/\/schema.org","@graph":[{"@type":"NewsArticle","@id":"https:\/\/www.webdo.tn\/fr\/actualite\/international\/seisme-des-degats-economiques-estimes-a-4-milliards-de-dollars-selon-fitch\/202747\/#article","isPartOf":{"@id":"https:\/\/www.webdo.tn\/fr\/actualite\/international\/seisme-des-degats-economiques-estimes-a-4-milliards-de-dollars-selon-fitch\/202747\/"},"author":{"name":"MC","@id":"https:\/\/www.webdo.tn\/fr\/#\/schema\/person\/2c4929cbf5a809e3bd38617c6ce150f6"},"headline":"S\u00e9isme : Des d\u00e9g\u00e2ts \u00e9conomiques estim\u00e9s \u00e0 4 milliards de dollars, selon Fitch","datePublished":"2023-02-09T15:05:00+00:00","dateModified":"2025-05-20T22:07:28+00:00","mainEntityOfPage":{"@id":"https:\/\/www.webdo.tn\/fr\/actualite\/international\/seisme-des-degats-economiques-estimes-a-4-milliards-de-dollars-selon-fitch\/202747\/"},"wordCount":164,"commentCount":0,"publisher":{"@id":"https:\/\/www.webdo.tn\/fr\/#organization"},"image":{"@id":"https:\/\/www.webdo.tn\/fr\/actualite\/international\/seisme-des-degats-economiques-estimes-a-4-milliards-de-dollars-selon-fitch\/202747\/#primaryimage"},"thumbnailUrl":"https:\/\/www.webdo.tn\/fr\/wp-content\/uploads\/2023\/02\/2b6e6beb8c0c83f44aafaa90e4cd3c9d.jpg","keywords":["d\u00e9g\u00e2ts","s\u00e9isme","syrie","Turquie"],"articleSection":["International"],"inLanguage":"fr-FR"},{"@type":"WebPage","@id":"https:\/\/www.webdo.tn\/fr\/actualite\/international\/seisme-des-degats-economiques-estimes-a-4-milliards-de-dollars-selon-fitch\/202747\/","url":"https:\/\/www.webdo.tn\/fr\/actualite\/international\/seisme-des-degats-economiques-estimes-a-4-milliards-de-dollars-selon-fitch\/202747\/","name":"S\u00e9isme : Des d\u00e9g\u00e2ts \u00e9conomiques estim\u00e9s \u00e0 4 milliards de dollars, selon Fitch","isPartOf":{"@id":"https:\/\/www.webdo.tn\/fr\/#website"},"primaryImageOfPage":{"@id":"https:\/\/www.webdo.tn\/fr\/actualite\/international\/seisme-des-degats-economiques-estimes-a-4-milliards-de-dollars-selon-fitch\/202747\/#primaryimage"},"image":{"@id":"https:\/\/www.webdo.tn\/fr\/actualite\/international\/seisme-des-degats-economiques-estimes-a-4-milliards-de-dollars-selon-fitch\/202747\/#primaryimage"},"thumbnailUrl":"https:\/\/www.webdo.tn\/fr\/wp-content\/uploads\/2023\/02\/2b6e6beb8c0c83f44aafaa90e4cd3c9d.jpg","datePublished":"2023-02-09T15:05:00+00:00","dateModified":"2025-05-20T22:07:28+00:00","description":"Les d\u00e9g\u00e2ts \u00e9conomiques engendr\u00e9s par les puissants s\u00e9ismes qui ont d\u00e9vast\u00e9 une partie de la Turquie et de la Syrie pourraient atteindre 4 milliards de dollars,...","breadcrumb":{"@id":"https:\/\/www.webdo.tn\/fr\/actualite\/international\/seisme-des-degats-economiques-estimes-a-4-milliards-de-dollars-selon-fitch\/202747\/#breadcrumb"},"inLanguage":"fr-FR","potentialAction":[{"@type":"ReadAction","target":["https:\/\/www.webdo.tn\/fr\/actualite\/international\/seisme-des-degats-economiques-estimes-a-4-milliards-de-dollars-selon-fitch\/202747\/"]}]},{"@type":"ImageObject","inLanguage":"fr-FR","@id":"https:\/\/www.webdo.tn\/fr\/actualite\/international\/seisme-des-degats-economiques-estimes-a-4-milliards-de-dollars-selon-fitch\/202747\/#primaryimage","url":"https:\/\/www.webdo.tn\/fr\/wp-content\/uploads\/2023\/02\/2b6e6beb8c0c83f44aafaa90e4cd3c9d.jpg","contentUrl":"https:\/\/www.webdo.tn\/fr\/wp-content\/uploads\/2023\/02\/2b6e6beb8c0c83f44aafaa90e4cd3c9d.jpg","width":750,"height":400,"caption":"S\u00e9isme : Des d\u00e9g\u00e2ts \u00e9conomiques estim\u00e9s \u00e0 4 milliards de dollars, selon Fitch"},{"@type":"BreadcrumbList","@id":"https:\/\/www.webdo.tn\/fr\/actualite\/international\/seisme-des-degats-economiques-estimes-a-4-milliards-de-dollars-selon-fitch\/202747\/#breadcrumb","itemListElement":[{"@type":"ListItem","position":1,"name":"Accueil","item":"https:\/\/www.webdo.tn\/fr\/"},{"@type":"ListItem","position":2,"name":"S\u00e9isme : Des d\u00e9g\u00e2ts \u00e9conomiques estim\u00e9s \u00e0 4 milliards de dollars, selon Fitch"}]},{"@type":"WebSite","@id":"https:\/\/www.webdo.tn\/fr\/#website","url":"https:\/\/www.webdo.tn\/fr\/","name":"webdo","description":"Tunisie - News en Tunisie et \u00e0 l&#039;international sur Webdo.tn","publisher":{"@id":"https:\/\/www.webdo.tn\/fr\/#organization"},"potentialAction":[{"@type":"SearchAction","target":{"@type":"EntryPoint","urlTemplate":"https:\/\/www.webdo.tn\/fr\/?s={search_term_string}"},"query-input":{"@type":"PropertyValueSpecification","valueRequired":true,"valueName":"search_term_string"}}],"inLanguage":"fr-FR"},{"@type":"Organization","@id":"https:\/\/www.webdo.tn\/fr\/#organization","name":"Webdo","alternateName":"Webdo.tn","url":"https:\/\/www.webdo.tn\/fr\/","logo":{"@type":"ImageObject","inLanguage":"fr-FR","@id":"https:\/\/www.webdo.tn\/fr\/#\/schema\/logo\/image\/","url":"https:\/\/www.webdo.tn\/fr\/wp-content\/uploads\/2025\/06\/Webdo-Tunisie_168377.jpg","contentUrl":"https:\/\/www.webdo.tn\/fr\/wp-content\/uploads\/2025\/06\/Webdo-Tunisie_168377.jpg","width":301,"height":301,"caption":"Webdo"},"image":{"@id":"https:\/\/www.webdo.tn\/fr\/#\/schema\/logo\/image\/"},"sameAs":["https:\/\/www.facebook.com\/webdotn","https:\/\/x.com\/webdo_tn"],"description":"Webdo est un m\u00e9dia num\u00e9rique tunisien fond\u00e9 en 2010, sp\u00e9cialis\u00e9 dans l\u2019actualit\u00e9 nationale et internationale, l\u2019\u00e9conomie, la soci\u00e9t\u00e9 et les analyses politiques. Le site s\u2019adresse \u00e0 un large public francophone et couvre l\u2019information tunisienne en temps r\u00e9el.","email":"redac@webdo.tn","legalName":"YNJ SARL","foundingDate":"2010-09-06","numberOfEmployees":{"@type":"QuantitativeValue","minValue":"11","maxValue":"50"}},{"@type":"Person","@id":"https:\/\/www.webdo.tn\/fr\/#\/schema\/person\/2c4929cbf5a809e3bd38617c6ce150f6","name":"MC","image":{"@type":"ImageObject","inLanguage":"fr-FR","@id":"https:\/\/secure.gravatar.com\/avatar\/a545bbb6f84efdd5553dbbc2895e3ca8f1d12c5215e00a041c9670b54aa9b18a?s=96&d=mm&r=g","url":"https:\/\/secure.gravatar.com\/avatar\/a545bbb6f84efdd5553dbbc2895e3ca8f1d12c5215e00a041c9670b54aa9b18a?s=96&d=mm&r=g","contentUrl":"https:\/\/secure.gravatar.com\/avatar\/a545bbb6f84efdd5553dbbc2895e3ca8f1d12c5215e00a041c9670b54aa9b18a?s=96&d=mm&r=g","caption":"MC"},"url":"https:\/\/www.webdo.tn\/fr\/actualite\/author\/mc\/"}]}},"_links":{"self":[{"href":"https:\/\/www.webdo.tn\/fr\/wp-json\/wp\/v2\/posts\/202747","targetHints":{"allow":["GET"]}}],"collection":[{"href":"https:\/\/www.webdo.tn\/fr\/wp-json\/wp\/v2\/posts"}],"about":[{"href":"https:\/\/www.webdo.tn\/fr\/wp-json\/wp\/v2\/types\/post"}],"author":[{"embeddable":true,"href":"https:\/\/www.webdo.tn\/fr\/wp-json\/wp\/v2\/users\/3162"}],"replies":[{"embeddable":true,"href":"https:\/\/www.webdo.tn\/fr\/wp-json\/wp\/v2\/comments?post=202747"}],"version-history":[{"count":0,"href":"https:\/\/www.webdo.tn\/fr\/wp-json\/wp\/v2\/posts\/202747\/revisions"}],"wp:featuredmedia":[{"embeddable":true,"href":"https:\/\/www.webdo.tn\/fr\/wp-json\/wp\/v2\/media\/277731"}],"wp:attachment":[{"href":"https:\/\/www.webdo.tn\/fr\/wp-json\/wp\/v2\/media?parent=202747"}],"wp:term":[{"taxonomy":"category","embeddable":true,"href":"https:\/\/www.webdo.tn\/fr\/wp-json\/wp\/v2\/categories?post=202747"},{"taxonomy":"post_tag","embeddable":true,"href":"https:\/\/www.webdo.tn\/fr\/wp-json\/wp\/v2\/tags?post=202747"}],"curies":[{"name":"wp","href":"https:\/\/api.w.org\/{rel}","templated":true}]}}