{"id":202745,"date":"2023-02-09T14:42:00","date_gmt":"2023-02-09T14:42:00","guid":{"rendered":"https:\/\/www.webdo.tn\/fr\/blog\/hommage-a-abdeljelil-mouakher-un-homme-d-exception-et-de-valeur\/202745\/"},"modified":"2025-05-20T22:33:11","modified_gmt":"2025-05-20T22:33:11","slug":"hommage-a-abdeljelil-mouakher-un-homme-d-exception-et-de-valeur","status":"publish","type":"post","link":"https:\/\/www.webdo.tn\/fr\/actualite\/le-courrier-des-lecteurs\/hommage-a-abdeljelil-mouakher-un-homme-d-exception-et-de-valeur\/202745\/","title":{"rendered":"Hommage \u00e0 Abdeljelil Mouakher, un homme d\u2019exception et de valeur"},"content":{"rendered":"<p>Abdeljelil Mouakher laisse le souvenir imp\u00e9rissable d\u2019un grand patriote qui a servi sa patrie avec d\u00e9vouement et loyaut\u00e9.<\/p>\n<p>\t\t\t\t\t\t\t\t\tL\u2019ind\u00e9pendance de la Tunisie, en 1956, a suscit\u00e9, outre la dignit\u00e9 recouvr\u00e9e, la volont\u00e9 de plusieurs g\u00e9n\u00e9rations \u00e0 s\u2019\u00e9manciper par le savoir. Il en a d\u00e9coul\u00e9 une ambition croissante dans l\u2019exploration des voies pouvant permettre \u00e0 chacun de se r\u00e9aliser.<\/p>\n<p>Et c\u2019est le cas de Abdeljelil Mouakher qui a d\u00e9croch\u00e9 son baccalaur\u00e9at en 1956 en compagnie de coll\u00e8gues Tunisiens et Fran\u00e7ais, ce s\u00e9same qui lui a ouvert les portes du sup\u00e9rieur pour accomplir, chemin faisant, un parcours d\u2019environ soixante ans de labeur.<\/p>\n<p>En 1946, le jeune Abdeljelil, accompagnant son p\u00e8re, rencontre Bourguiba et s&rsquo;impr\u00e8gne ainsi des vertus de la lutte pour la lib\u00e9ration. Cet \u00e9v\u00e9nement le marquera pour la vie, constituant l&rsquo;un des moteurs de son d\u00e9vouement pour son pays.<\/p>\n<p>Ce faisant, en 1962, il d\u00e9croche son dipl\u00f4me aux Hautes Etudes Commerciales (HEC) de Paris qui le pr\u00e9destine \u00e0 entrer de plain-pied dans des responsabilit\u00e9s \u00e0 grande \u00e9chelle.\u00a0 C&rsquo;est ainsi qu&rsquo;il s&rsquo;\u00e9vertue \u00e0 accomplir ses responsabilit\u00e9s successives avec un enthousiasme qui rivalise avec la rigueur selon des m\u00e9thodes qui varient en fonction du secteur d&rsquo;activit\u00e9.\u00a0<\/p>\n<p>Tour \u00e0 tour, \u00e0 la t\u00eate de la STEG, de la direction g\u00e9n\u00e9rale des entreprises publiques et d\u2019El Bouniane, il laisse ses empreintes pour cr\u00e9er des traditions largement respect\u00e9es. Mais l&rsquo;homme ne peut se satisfaire de demeurer \u00ab cantonn\u00e9 \u00bb dans le secteur public.<\/p>\n<p>Conscient du devoir d\u00e9j\u00e0 accompli, et du besoin de se tourner vers un domaine quelque peu en friche, \u00e0 cette \u00e9poque-l\u00e0, il revient aux fondamentaux de sa formation, et penche naturellement vers l\u2019expertise comptable, avec, en l\u2019\u00e9tat, l&rsquo;avantage d&rsquo;avoir longtemps exerc\u00e9 dans la gestion.<\/p>\n<p>\u00ab Une seconde vie \u00bb<\/p>\n<p>D\u00e8s lors, c&rsquo;est tout un savoir-faire qui se met au service des entreprises et de l&rsquo;\u00e9conomie avec des m\u00e9thodes sans cesse renouvel\u00e9es. Et l\u00e0, les performances de cet expert de l&rsquo;expertise comptable profitent surtout aux jeunes dipl\u00f4m\u00e9s d\u00e9sireux de se frayer un chemin dans ce domaine pointu qui exige rigueur et probit\u00e9.<\/p>\n<p>Formateur reconnu et appr\u00e9ci\u00e9, Abdeljelil Mouakher r\u00e9alise donc une seconde carri\u00e8re professionnelle, une sorte de \u00ab seconde vie \u00bb qui lui offre de nouvelles opportunit\u00e9s dans la gestion et le d\u00e9veloppement \u00e9conomique. Il faut comprendre par-l\u00e0 que Abdeljelil Mouakher s\u2019est ainsi attel\u00e9 \u00e0 la constitution de cabinets collectifs. Ce qui apporte un d\u00e9menti aux pr\u00e9jug\u00e9s que les partenariats sont vou\u00e9s \u00e0 l&rsquo;\u00e9chec.<\/p>\n<p>L\u2019incorruptible<\/p>\n<p>Rigoureux, intransigeant, peu flexible quand l\u2019\u00e9thique l\u2019exige, ce brave homme acquiert le surnom de l\u2019Incorruptible. Apr\u00e8s son d\u00e9c\u00e8s, sa famille d\u00e9terre un secret vieux de 37 ans : sollicit\u00e9 par Wassila Bourguiba pour \u00ab charger \u00bb Taoufik Torjmane, PDG de la banque UIB, et \u00ab coupable \u00bb d\u2019avoir divorc\u00e9 de sa fille, Abdeljelil Mouakher, commissaire aux comptes de ladite banque, refusa de servir de \u00ab bourreau \u00bb, d\u2019autant que la gestion de ladite banque est jug\u00e9e saine. Ne craignant nullement le courroux de \u00ab La Mejda \u00bb, Abdeljelil Mouakher fit honneur \u00e0 la profession et \u00e0 l\u2019\u00e9thique surtout.<\/p>\n<p>Lors de son enterrement, l&rsquo;oraison fun\u00e8bre prononc\u00e9e par son confr\u00e8re et n\u00e9anmoins disciple Rachid Tmar est un t\u00e9moignage de gratitude, m\u00eal\u00e9 d\u2019une fiert\u00e9 d&rsquo;avoir connu un homme aux multiples qualit\u00e9s humaines et professionnelles. Les amis et parents du d\u00e9funt pouvaient en la circonstance mesurer l&rsquo;\u00e9paisseur r\u00e9elle de cet homme, brillant mais discret, rayonnant mais humble, intransigeant mais humain.<\/p>\n<p>Voil\u00e0 comment a v\u00e9cu Abdej\u00e9lil Mouakher. L&rsquo;histoire retiendra son \u0153uvre en faveur de plusieurs entreprises, nombre de g\u00e9n\u00e9rations, et pour tout dire, pour ce pays qui l&rsquo;a enfant\u00e9, \u00e9lev\u00e9 et form\u00e9 avant de recueillir son g\u00e9nie, pour \u00eatre en d\u00e9finitive fier de lui.<\/p>\n<p>Abdeljelil Mouakher Digest<\/p>\n<p>\tN\u00e9 le 17 novembre 1935 \u00e0 Sfax<br \/>\n\tEtudes : HEC Paris Promotion 1962.<\/p>\n<p>Carri\u00e8re :<\/p>\n<p>\tDirecteur G\u00e9n\u00e9ral STEG (1962 \u00e0 1965)<br \/>\n\tDirecteur G\u00e9n\u00e9ral du contr\u00f4le des entreprises publiques au cabinet du ministre Ahmed Ben Salah (1965-1966)<br \/>\n\tPDG El Bouniane (1966-1969)<br \/>\n\tFondateur du Cabinet d\u2019expertise comptable FINOR (1970)<br \/>\n\tFondateur du Groupement SIGAL (1974) &#8211; Marsa Textiles-Tunis Carthage Textiles Hannibal Textiles &#8211; Salammb\u00f4 Textiles- FINOR Immobili\u00e8re S.A<\/p>\n<p>D\u00e9corations : \u00a0<\/p>\n<p>Grand Commandeur de la R\u00e9publique en 1965, d\u00e9cor\u00e9 par le Pr\u00e9sident Habib Bourguiba et M\u00e9daille d\u2019or international qualit\u00e9 textile &#8211; Paris (1990).<\/p>\n<p>Signature certifi\u00e9e par la Banque Mondiale.<\/p>\n<p>D\u00e9c\u00e9d\u00e9 le 24 janvier 2023, Abdeljelil Mouakher, laisse le souvenir d\u2019un grand patriote, un homme d\u2019exception et aussi un p\u00e8re aimant pour sa femme, ses cinq enfants et ses huit petits-enfants. Puisse Dieu Le Tout Puissant lui accorder sa sainte mis\u00e9ricorde et l&rsquo;accueillir dans son vaste paradis.<\/p>\n","protected":false},"excerpt":{"rendered":"<p>Abdeljelil Mouakher laisse le souvenir imp\u00e9rissable d\u2019un grand patriote qui a servi sa patrie avec d\u00e9vouement et loyaut\u00e9.<\/p>\n","protected":false},"author":3169,"featured_media":277728,"comment_status":"open","ping_status":"closed","sticky":false,"template":"","format":"standard","meta":{"footnotes":""},"categories":[7043],"tags":[7087],"class_list":["post-202745","post","type-post","status-publish","format-standard","has-post-thumbnail","hentry","category-le-courrier-des-lecteurs","tag-abdeljelil-mouakher"],"yoast_head":"<!-- This site is optimized with the Yoast SEO Premium plugin v27.5 (Yoast SEO v27.5) - https:\/\/yoast.com\/product\/yoast-seo-premium-wordpress\/ -->\n<title>Hommage \u00e0 Abdeljelil Mouakher, un homme d\u2019exception et de valeur<\/title>\n<meta name=\"description\" content=\"Abdeljelil Mouakher laisse le souvenir imp\u00e9rissable d\u2019un grand patriote qui a servi sa patrie avec d\u00e9vouement et loyaut\u00e9.\" \/>\n<link rel=\"canonical\" href=\"https:\/\/www.webdo.tn\/fr\/actualite\/le-courrier-des-lecteurs\/hommage-a-abdeljelil-mouakher-un-homme-d-exception-et-de-valeur\/202745\/\" \/>\n<meta property=\"og:locale\" content=\"fr_FR\" \/>\n<meta property=\"og:type\" content=\"article\" \/>\n<meta property=\"og:title\" content=\"Hommage \u00e0 Abdeljelil Mouakher, un homme d\u2019exception et de valeur\" \/>\n<meta property=\"og:description\" content=\"Abdeljelil Mouakher laisse le souvenir imp\u00e9rissable d\u2019un grand patriote qui a servi sa patrie avec d\u00e9vouement et loyaut\u00e9.\" \/>\n<meta property=\"og:url\" content=\"https:\/\/www.webdo.tn\/fr\/actualite\/le-courrier-des-lecteurs\/hommage-a-abdeljelil-mouakher-un-homme-d-exception-et-de-valeur\/202745\/\" \/>\n<meta property=\"og:site_name\" content=\"webdo\" \/>\n<meta property=\"article:publisher\" content=\"https:\/\/www.facebook.com\/webdotn\" \/>\n<meta property=\"article:published_time\" content=\"2023-02-09T14:42:00+00:00\" \/>\n<meta property=\"article:modified_time\" content=\"2025-05-20T22:33:11+00:00\" \/>\n<meta property=\"og:image\" content=\"https:\/\/www.webdo.tn\/fr\/wp-content\/uploads\/2023\/02\/4e0765b448359ecdacf26435ff4aee8a.jpg\" \/>\n\t<meta property=\"og:image:width\" content=\"750\" \/>\n\t<meta property=\"og:image:height\" content=\"400\" \/>\n\t<meta property=\"og:image:type\" content=\"image\/jpeg\" \/>\n<meta name=\"author\" content=\"Webdo\" \/>\n<meta name=\"twitter:card\" content=\"summary_large_image\" \/>\n<meta name=\"twitter:creator\" content=\"@webdo_tn\" \/>\n<meta name=\"twitter:site\" content=\"@webdo_tn\" \/>\n<meta name=\"twitter:label1\" content=\"\u00c9crit par\" \/>\n\t<meta name=\"twitter:data1\" content=\"Webdo\" \/>\n\t<meta name=\"twitter:label2\" content=\"Dur\u00e9e de lecture estim\u00e9e\" \/>\n\t<meta name=\"twitter:data2\" content=\"4 minutes\" \/>\n<script type=\"application\/ld+json\" class=\"yoast-schema-graph\">{\"@context\":\"https:\\\/\\\/schema.org\",\"@graph\":[{\"@type\":\"NewsArticle\",\"@id\":\"https:\\\/\\\/www.webdo.tn\\\/fr\\\/actualite\\\/le-courrier-des-lecteurs\\\/hommage-a-abdeljelil-mouakher-un-homme-d-exception-et-de-valeur\\\/202745\\\/#article\",\"isPartOf\":{\"@id\":\"https:\\\/\\\/www.webdo.tn\\\/fr\\\/actualite\\\/le-courrier-des-lecteurs\\\/hommage-a-abdeljelil-mouakher-un-homme-d-exception-et-de-valeur\\\/202745\\\/\"},\"author\":{\"name\":\"Webdo\",\"@id\":\"https:\\\/\\\/www.webdo.tn\\\/fr\\\/#\\\/schema\\\/person\\\/1f4e491e0907b413d61089e8eb573acc\"},\"headline\":\"Hommage \u00e0 Abdeljelil Mouakher, un homme d\u2019exception et de valeur\",\"datePublished\":\"2023-02-09T14:42:00+00:00\",\"dateModified\":\"2025-05-20T22:33:11+00:00\",\"mainEntityOfPage\":{\"@id\":\"https:\\\/\\\/www.webdo.tn\\\/fr\\\/actualite\\\/le-courrier-des-lecteurs\\\/hommage-a-abdeljelil-mouakher-un-homme-d-exception-et-de-valeur\\\/202745\\\/\"},\"wordCount\":832,\"commentCount\":0,\"publisher\":{\"@id\":\"https:\\\/\\\/www.webdo.tn\\\/fr\\\/#organization\"},\"image\":{\"@id\":\"https:\\\/\\\/www.webdo.tn\\\/fr\\\/actualite\\\/le-courrier-des-lecteurs\\\/hommage-a-abdeljelil-mouakher-un-homme-d-exception-et-de-valeur\\\/202745\\\/#primaryimage\"},\"thumbnailUrl\":\"https:\\\/\\\/www.webdo.tn\\\/fr\\\/wp-content\\\/uploads\\\/2023\\\/02\\\/4e0765b448359ecdacf26435ff4aee8a.jpg\",\"keywords\":[\"Abdeljelil Mouakher\"],\"articleSection\":[\"Le courrier des lecteurs\"],\"inLanguage\":\"fr-FR\"},{\"@type\":\"WebPage\",\"@id\":\"https:\\\/\\\/www.webdo.tn\\\/fr\\\/actualite\\\/le-courrier-des-lecteurs\\\/hommage-a-abdeljelil-mouakher-un-homme-d-exception-et-de-valeur\\\/202745\\\/\",\"url\":\"https:\\\/\\\/www.webdo.tn\\\/fr\\\/actualite\\\/le-courrier-des-lecteurs\\\/hommage-a-abdeljelil-mouakher-un-homme-d-exception-et-de-valeur\\\/202745\\\/\",\"name\":\"Hommage \u00e0 Abdeljelil Mouakher, un homme d\u2019exception et de valeur\",\"isPartOf\":{\"@id\":\"https:\\\/\\\/www.webdo.tn\\\/fr\\\/#website\"},\"primaryImageOfPage\":{\"@id\":\"https:\\\/\\\/www.webdo.tn\\\/fr\\\/actualite\\\/le-courrier-des-lecteurs\\\/hommage-a-abdeljelil-mouakher-un-homme-d-exception-et-de-valeur\\\/202745\\\/#primaryimage\"},\"image\":{\"@id\":\"https:\\\/\\\/www.webdo.tn\\\/fr\\\/actualite\\\/le-courrier-des-lecteurs\\\/hommage-a-abdeljelil-mouakher-un-homme-d-exception-et-de-valeur\\\/202745\\\/#primaryimage\"},\"thumbnailUrl\":\"https:\\\/\\\/www.webdo.tn\\\/fr\\\/wp-content\\\/uploads\\\/2023\\\/02\\\/4e0765b448359ecdacf26435ff4aee8a.jpg\",\"datePublished\":\"2023-02-09T14:42:00+00:00\",\"dateModified\":\"2025-05-20T22:33:11+00:00\",\"description\":\"Abdeljelil Mouakher laisse le souvenir imp\u00e9rissable d\u2019un grand patriote qui a servi sa patrie avec d\u00e9vouement et loyaut\u00e9.\",\"breadcrumb\":{\"@id\":\"https:\\\/\\\/www.webdo.tn\\\/fr\\\/actualite\\\/le-courrier-des-lecteurs\\\/hommage-a-abdeljelil-mouakher-un-homme-d-exception-et-de-valeur\\\/202745\\\/#breadcrumb\"},\"inLanguage\":\"fr-FR\",\"potentialAction\":[{\"@type\":\"ReadAction\",\"target\":[\"https:\\\/\\\/www.webdo.tn\\\/fr\\\/actualite\\\/le-courrier-des-lecteurs\\\/hommage-a-abdeljelil-mouakher-un-homme-d-exception-et-de-valeur\\\/202745\\\/\"]}]},{\"@type\":\"ImageObject\",\"inLanguage\":\"fr-FR\",\"@id\":\"https:\\\/\\\/www.webdo.tn\\\/fr\\\/actualite\\\/le-courrier-des-lecteurs\\\/hommage-a-abdeljelil-mouakher-un-homme-d-exception-et-de-valeur\\\/202745\\\/#primaryimage\",\"url\":\"https:\\\/\\\/www.webdo.tn\\\/fr\\\/wp-content\\\/uploads\\\/2023\\\/02\\\/4e0765b448359ecdacf26435ff4aee8a.jpg\",\"contentUrl\":\"https:\\\/\\\/www.webdo.tn\\\/fr\\\/wp-content\\\/uploads\\\/2023\\\/02\\\/4e0765b448359ecdacf26435ff4aee8a.jpg\",\"width\":750,\"height\":400,\"caption\":\"Hommage \u00e0 Abdeljelil Mouakher, un homme d\u2019exception et de valeur\"},{\"@type\":\"BreadcrumbList\",\"@id\":\"https:\\\/\\\/www.webdo.tn\\\/fr\\\/actualite\\\/le-courrier-des-lecteurs\\\/hommage-a-abdeljelil-mouakher-un-homme-d-exception-et-de-valeur\\\/202745\\\/#breadcrumb\",\"itemListElement\":[{\"@type\":\"ListItem\",\"position\":1,\"name\":\"Accueil\",\"item\":\"https:\\\/\\\/www.webdo.tn\\\/fr\\\/\"},{\"@type\":\"ListItem\",\"position\":2,\"name\":\"Hommage \u00e0 Abdeljelil Mouakher, un homme d\u2019exception et de valeur\"}]},{\"@type\":\"WebSite\",\"@id\":\"https:\\\/\\\/www.webdo.tn\\\/fr\\\/#website\",\"url\":\"https:\\\/\\\/www.webdo.tn\\\/fr\\\/\",\"name\":\"webdo\",\"description\":\"Tunisie - News en Tunisie et \u00e0 l&#039;international sur Webdo.tn\",\"publisher\":{\"@id\":\"https:\\\/\\\/www.webdo.tn\\\/fr\\\/#organization\"},\"potentialAction\":[{\"@type\":\"SearchAction\",\"target\":{\"@type\":\"EntryPoint\",\"urlTemplate\":\"https:\\\/\\\/www.webdo.tn\\\/fr\\\/?s={search_term_string}\"},\"query-input\":{\"@type\":\"PropertyValueSpecification\",\"valueRequired\":true,\"valueName\":\"search_term_string\"}}],\"inLanguage\":\"fr-FR\"},{\"@type\":\"Organization\",\"@id\":\"https:\\\/\\\/www.webdo.tn\\\/fr\\\/#organization\",\"name\":\"Webdo\",\"alternateName\":\"Webdo.tn\",\"url\":\"https:\\\/\\\/www.webdo.tn\\\/fr\\\/\",\"logo\":{\"@type\":\"ImageObject\",\"inLanguage\":\"fr-FR\",\"@id\":\"https:\\\/\\\/www.webdo.tn\\\/fr\\\/#\\\/schema\\\/logo\\\/image\\\/\",\"url\":\"https:\\\/\\\/www.webdo.tn\\\/fr\\\/wp-content\\\/uploads\\\/2025\\\/06\\\/Webdo-Tunisie_168377.jpg\",\"contentUrl\":\"https:\\\/\\\/www.webdo.tn\\\/fr\\\/wp-content\\\/uploads\\\/2025\\\/06\\\/Webdo-Tunisie_168377.jpg\",\"width\":301,\"height\":301,\"caption\":\"Webdo\"},\"image\":{\"@id\":\"https:\\\/\\\/www.webdo.tn\\\/fr\\\/#\\\/schema\\\/logo\\\/image\\\/\"},\"sameAs\":[\"https:\\\/\\\/www.facebook.com\\\/webdotn\",\"https:\\\/\\\/x.com\\\/webdo_tn\"],\"description\":\"Webdo est un m\u00e9dia num\u00e9rique tunisien fond\u00e9 en 2010, sp\u00e9cialis\u00e9 dans l\u2019actualit\u00e9 nationale et internationale, l\u2019\u00e9conomie, la soci\u00e9t\u00e9 et les analyses politiques. Le site s\u2019adresse \u00e0 un large public francophone et couvre l\u2019information tunisienne en temps r\u00e9el.\",\"email\":\"redac@webdo.tn\",\"legalName\":\"YNJ SARL\",\"foundingDate\":\"2010-09-06\",\"numberOfEmployees\":{\"@type\":\"QuantitativeValue\",\"minValue\":\"11\",\"maxValue\":\"50\"}},{\"@type\":\"Person\",\"@id\":\"https:\\\/\\\/www.webdo.tn\\\/fr\\\/#\\\/schema\\\/person\\\/1f4e491e0907b413d61089e8eb573acc\",\"name\":\"Webdo\",\"image\":{\"@type\":\"ImageObject\",\"inLanguage\":\"fr-FR\",\"@id\":\"https:\\\/\\\/secure.gravatar.com\\\/avatar\\\/de97aeec1bb80978a9dbb127e47dfc88aaacb2f3c29aac907d8d3222e3495d49?s=96&d=mm&r=g\",\"url\":\"https:\\\/\\\/secure.gravatar.com\\\/avatar\\\/de97aeec1bb80978a9dbb127e47dfc88aaacb2f3c29aac907d8d3222e3495d49?s=96&d=mm&r=g\",\"contentUrl\":\"https:\\\/\\\/secure.gravatar.com\\\/avatar\\\/de97aeec1bb80978a9dbb127e47dfc88aaacb2f3c29aac907d8d3222e3495d49?s=96&d=mm&r=g\",\"caption\":\"Webdo\"},\"url\":\"https:\\\/\\\/www.webdo.tn\\\/fr\\\/actualite\\\/author\\\/webdo\\\/\"}]}<\/script>\n<!-- \/ Yoast SEO Premium plugin. -->","yoast_head_json":{"title":"Hommage \u00e0 Abdeljelil Mouakher, un homme d\u2019exception et de valeur","description":"Abdeljelil Mouakher laisse le souvenir imp\u00e9rissable d\u2019un grand patriote qui a servi sa patrie avec d\u00e9vouement et loyaut\u00e9.","canonical":"https:\/\/www.webdo.tn\/fr\/actualite\/le-courrier-des-lecteurs\/hommage-a-abdeljelil-mouakher-un-homme-d-exception-et-de-valeur\/202745\/","og_locale":"fr_FR","og_type":"article","og_title":"Hommage \u00e0 Abdeljelil Mouakher, un homme d\u2019exception et de valeur","og_description":"Abdeljelil Mouakher laisse le souvenir imp\u00e9rissable d\u2019un grand patriote qui a servi sa patrie avec d\u00e9vouement et loyaut\u00e9.","og_url":"https:\/\/www.webdo.tn\/fr\/actualite\/le-courrier-des-lecteurs\/hommage-a-abdeljelil-mouakher-un-homme-d-exception-et-de-valeur\/202745\/","og_site_name":"webdo","article_publisher":"https:\/\/www.facebook.com\/webdotn","article_published_time":"2023-02-09T14:42:00+00:00","article_modified_time":"2025-05-20T22:33:11+00:00","og_image":[{"width":750,"height":400,"url":"https:\/\/www.webdo.tn\/fr\/wp-content\/uploads\/2023\/02\/4e0765b448359ecdacf26435ff4aee8a.jpg","type":"image\/jpeg"}],"author":"Webdo","twitter_card":"summary_large_image","twitter_creator":"@webdo_tn","twitter_site":"@webdo_tn","twitter_misc":{"\u00c9crit par":"Webdo","Dur\u00e9e de lecture estim\u00e9e":"4 minutes"},"schema":{"@context":"https:\/\/schema.org","@graph":[{"@type":"NewsArticle","@id":"https:\/\/www.webdo.tn\/fr\/actualite\/le-courrier-des-lecteurs\/hommage-a-abdeljelil-mouakher-un-homme-d-exception-et-de-valeur\/202745\/#article","isPartOf":{"@id":"https:\/\/www.webdo.tn\/fr\/actualite\/le-courrier-des-lecteurs\/hommage-a-abdeljelil-mouakher-un-homme-d-exception-et-de-valeur\/202745\/"},"author":{"name":"Webdo","@id":"https:\/\/www.webdo.tn\/fr\/#\/schema\/person\/1f4e491e0907b413d61089e8eb573acc"},"headline":"Hommage \u00e0 Abdeljelil Mouakher, un homme d\u2019exception et de valeur","datePublished":"2023-02-09T14:42:00+00:00","dateModified":"2025-05-20T22:33:11+00:00","mainEntityOfPage":{"@id":"https:\/\/www.webdo.tn\/fr\/actualite\/le-courrier-des-lecteurs\/hommage-a-abdeljelil-mouakher-un-homme-d-exception-et-de-valeur\/202745\/"},"wordCount":832,"commentCount":0,"publisher":{"@id":"https:\/\/www.webdo.tn\/fr\/#organization"},"image":{"@id":"https:\/\/www.webdo.tn\/fr\/actualite\/le-courrier-des-lecteurs\/hommage-a-abdeljelil-mouakher-un-homme-d-exception-et-de-valeur\/202745\/#primaryimage"},"thumbnailUrl":"https:\/\/www.webdo.tn\/fr\/wp-content\/uploads\/2023\/02\/4e0765b448359ecdacf26435ff4aee8a.jpg","keywords":["Abdeljelil Mouakher"],"articleSection":["Le courrier des lecteurs"],"inLanguage":"fr-FR"},{"@type":"WebPage","@id":"https:\/\/www.webdo.tn\/fr\/actualite\/le-courrier-des-lecteurs\/hommage-a-abdeljelil-mouakher-un-homme-d-exception-et-de-valeur\/202745\/","url":"https:\/\/www.webdo.tn\/fr\/actualite\/le-courrier-des-lecteurs\/hommage-a-abdeljelil-mouakher-un-homme-d-exception-et-de-valeur\/202745\/","name":"Hommage \u00e0 Abdeljelil Mouakher, un homme d\u2019exception et de valeur","isPartOf":{"@id":"https:\/\/www.webdo.tn\/fr\/#website"},"primaryImageOfPage":{"@id":"https:\/\/www.webdo.tn\/fr\/actualite\/le-courrier-des-lecteurs\/hommage-a-abdeljelil-mouakher-un-homme-d-exception-et-de-valeur\/202745\/#primaryimage"},"image":{"@id":"https:\/\/www.webdo.tn\/fr\/actualite\/le-courrier-des-lecteurs\/hommage-a-abdeljelil-mouakher-un-homme-d-exception-et-de-valeur\/202745\/#primaryimage"},"thumbnailUrl":"https:\/\/www.webdo.tn\/fr\/wp-content\/uploads\/2023\/02\/4e0765b448359ecdacf26435ff4aee8a.jpg","datePublished":"2023-02-09T14:42:00+00:00","dateModified":"2025-05-20T22:33:11+00:00","description":"Abdeljelil Mouakher laisse le souvenir imp\u00e9rissable d\u2019un grand patriote qui a servi sa patrie avec d\u00e9vouement et loyaut\u00e9.","breadcrumb":{"@id":"https:\/\/www.webdo.tn\/fr\/actualite\/le-courrier-des-lecteurs\/hommage-a-abdeljelil-mouakher-un-homme-d-exception-et-de-valeur\/202745\/#breadcrumb"},"inLanguage":"fr-FR","potentialAction":[{"@type":"ReadAction","target":["https:\/\/www.webdo.tn\/fr\/actualite\/le-courrier-des-lecteurs\/hommage-a-abdeljelil-mouakher-un-homme-d-exception-et-de-valeur\/202745\/"]}]},{"@type":"ImageObject","inLanguage":"fr-FR","@id":"https:\/\/www.webdo.tn\/fr\/actualite\/le-courrier-des-lecteurs\/hommage-a-abdeljelil-mouakher-un-homme-d-exception-et-de-valeur\/202745\/#primaryimage","url":"https:\/\/www.webdo.tn\/fr\/wp-content\/uploads\/2023\/02\/4e0765b448359ecdacf26435ff4aee8a.jpg","contentUrl":"https:\/\/www.webdo.tn\/fr\/wp-content\/uploads\/2023\/02\/4e0765b448359ecdacf26435ff4aee8a.jpg","width":750,"height":400,"caption":"Hommage \u00e0 Abdeljelil Mouakher, un homme d\u2019exception et de valeur"},{"@type":"BreadcrumbList","@id":"https:\/\/www.webdo.tn\/fr\/actualite\/le-courrier-des-lecteurs\/hommage-a-abdeljelil-mouakher-un-homme-d-exception-et-de-valeur\/202745\/#breadcrumb","itemListElement":[{"@type":"ListItem","position":1,"name":"Accueil","item":"https:\/\/www.webdo.tn\/fr\/"},{"@type":"ListItem","position":2,"name":"Hommage \u00e0 Abdeljelil Mouakher, un homme d\u2019exception et de valeur"}]},{"@type":"WebSite","@id":"https:\/\/www.webdo.tn\/fr\/#website","url":"https:\/\/www.webdo.tn\/fr\/","name":"webdo","description":"Tunisie - News en Tunisie et \u00e0 l&#039;international sur Webdo.tn","publisher":{"@id":"https:\/\/www.webdo.tn\/fr\/#organization"},"potentialAction":[{"@type":"SearchAction","target":{"@type":"EntryPoint","urlTemplate":"https:\/\/www.webdo.tn\/fr\/?s={search_term_string}"},"query-input":{"@type":"PropertyValueSpecification","valueRequired":true,"valueName":"search_term_string"}}],"inLanguage":"fr-FR"},{"@type":"Organization","@id":"https:\/\/www.webdo.tn\/fr\/#organization","name":"Webdo","alternateName":"Webdo.tn","url":"https:\/\/www.webdo.tn\/fr\/","logo":{"@type":"ImageObject","inLanguage":"fr-FR","@id":"https:\/\/www.webdo.tn\/fr\/#\/schema\/logo\/image\/","url":"https:\/\/www.webdo.tn\/fr\/wp-content\/uploads\/2025\/06\/Webdo-Tunisie_168377.jpg","contentUrl":"https:\/\/www.webdo.tn\/fr\/wp-content\/uploads\/2025\/06\/Webdo-Tunisie_168377.jpg","width":301,"height":301,"caption":"Webdo"},"image":{"@id":"https:\/\/www.webdo.tn\/fr\/#\/schema\/logo\/image\/"},"sameAs":["https:\/\/www.facebook.com\/webdotn","https:\/\/x.com\/webdo_tn"],"description":"Webdo est un m\u00e9dia num\u00e9rique tunisien fond\u00e9 en 2010, sp\u00e9cialis\u00e9 dans l\u2019actualit\u00e9 nationale et internationale, l\u2019\u00e9conomie, la soci\u00e9t\u00e9 et les analyses politiques. Le site s\u2019adresse \u00e0 un large public francophone et couvre l\u2019information tunisienne en temps r\u00e9el.","email":"redac@webdo.tn","legalName":"YNJ SARL","foundingDate":"2010-09-06","numberOfEmployees":{"@type":"QuantitativeValue","minValue":"11","maxValue":"50"}},{"@type":"Person","@id":"https:\/\/www.webdo.tn\/fr\/#\/schema\/person\/1f4e491e0907b413d61089e8eb573acc","name":"Webdo","image":{"@type":"ImageObject","inLanguage":"fr-FR","@id":"https:\/\/secure.gravatar.com\/avatar\/de97aeec1bb80978a9dbb127e47dfc88aaacb2f3c29aac907d8d3222e3495d49?s=96&d=mm&r=g","url":"https:\/\/secure.gravatar.com\/avatar\/de97aeec1bb80978a9dbb127e47dfc88aaacb2f3c29aac907d8d3222e3495d49?s=96&d=mm&r=g","contentUrl":"https:\/\/secure.gravatar.com\/avatar\/de97aeec1bb80978a9dbb127e47dfc88aaacb2f3c29aac907d8d3222e3495d49?s=96&d=mm&r=g","caption":"Webdo"},"url":"https:\/\/www.webdo.tn\/fr\/actualite\/author\/webdo\/"}]}},"_links":{"self":[{"href":"https:\/\/www.webdo.tn\/fr\/wp-json\/wp\/v2\/posts\/202745","targetHints":{"allow":["GET"]}}],"collection":[{"href":"https:\/\/www.webdo.tn\/fr\/wp-json\/wp\/v2\/posts"}],"about":[{"href":"https:\/\/www.webdo.tn\/fr\/wp-json\/wp\/v2\/types\/post"}],"author":[{"embeddable":true,"href":"https:\/\/www.webdo.tn\/fr\/wp-json\/wp\/v2\/users\/3169"}],"replies":[{"embeddable":true,"href":"https:\/\/www.webdo.tn\/fr\/wp-json\/wp\/v2\/comments?post=202745"}],"version-history":[{"count":0,"href":"https:\/\/www.webdo.tn\/fr\/wp-json\/wp\/v2\/posts\/202745\/revisions"}],"wp:featuredmedia":[{"embeddable":true,"href":"https:\/\/www.webdo.tn\/fr\/wp-json\/wp\/v2\/media\/277728"}],"wp:attachment":[{"href":"https:\/\/www.webdo.tn\/fr\/wp-json\/wp\/v2\/media?parent=202745"}],"wp:term":[{"taxonomy":"category","embeddable":true,"href":"https:\/\/www.webdo.tn\/fr\/wp-json\/wp\/v2\/categories?post=202745"},{"taxonomy":"post_tag","embeddable":true,"href":"https:\/\/www.webdo.tn\/fr\/wp-json\/wp\/v2\/tags?post=202745"}],"curies":[{"name":"wp","href":"https:\/\/api.w.org\/{rel}","templated":true}]}}